{"id":57481,"date":"2022-05-30T08:57:09","date_gmt":"2022-05-30T06:57:09","guid":{"rendered":"https:\/\/exaudi.org\/?p=57481"},"modified":"2022-05-30T09:27:05","modified_gmt":"2022-05-30T07:27:05","slug":"27-agosto-concistoro-per-la-creazione-di-nuovi-cardinali","status":"publish","type":"post","link":"https:\/\/exaudi.org\/it\/27-agosto-concistoro-per-la-creazione-di-nuovi-cardinali\/","title":{"rendered":"27 agosto, Concistoro per la creazione di nuovi Cardinali"},"content":{"rendered":"<p>Ieri, a Modena, \u00e8 stato beatificato Don Luigi Lenzini, martire della fede, ucciso nel 1945 perch\u00e9 colpevole di additare i valori cristiani come strada maestra della vita, in un clima di odio e di conflitto in quel tempo. Questo sacerdote, pastore secondo il cuore di Cristo e messaggero della verit\u00e0 e della giustizia, ci aiuti dal Cielo a testimoniare il Vangelo con carit\u00e0 e franchezza. Un applauso al nuovo Beato!<\/p>\n<p>Si celebra oggi la Giornata Mondiale delle Comunicazioni Sociali, sul tema\u00a0<i>Ascoltare con l\u2019orecchio del cuore<\/i>.\u00a0Saper ascoltare, oltre che il primo gesto di carit\u00e0, \u00e8 anche il primo indispensabile ingrediente del dialogo e della buona comunicazione. Saper ascoltare, lasciare che gli altri dicano tutto, non tagliare a met\u00e0, saper ascoltare con gli orecchi e con il cuore. Auguro a tutti di crescere in questa capacit\u00e0 di ascoltare con il cuore.<\/p>\n<p>Oggi in Italia ricorre la Giornata Nazionale del Sollievo. Ricordiamoci che \u00ab<i>il malato \u00e8 sempre pi\u00f9 importante della sua malattia<\/i>\u00bb e che \u00abanche quando non \u00e8 possibile guarire, sempre \u00e8 possibile curare, sempre \u00e8 possibile consolare, sempre \u00e8 possibile far sentire una vicinanza\u00bb (<i><a href=\"https:\/\/www.vatican.va\/content\/francesco\/it\/messages\/sick\/documents\/20211210_30-giornata-malato.html\">Messaggio per la Giornata Mondiale del Malato 2022<\/a><\/i>).<\/p>\n<p>Dopodomani, ultimo giorno del mese di maggio, festa liturgica della Visitazione di Maria Santissima, alle ore 18,\u00a0<a href=\"https:\/\/www.vatican.va\/content\/francesco\/it\/events\/event.dir.html\/content\/vaticanevents\/it\/2022\/5\/31\/rosario-perlapace.html\">nella Basilica di Santa Maria Maggiore pregheremo il\u00a0<i>Rosario per la pace<\/i><\/a>, in collegamento con numerosi Santuari di tanti Paesi. Invito i fedeli, le famiglie e le comunit\u00e0 ad unirsi a questa invocazione, per ottenere da Dio, con l\u2019intercessione della Regina della Pace, il dono che il mondo attende.<\/p>\n<p>Saluto tutti voi, romani e pellegrini. In particolare, saluto i fedeli venuti dall\u2019Olanda, dalla Spagna e dall\u2019Australia. Saluto la parrocchia di San Roberto Bellarmino in Roma, che conclude l\u2019anno giubilare per i 400 anni della morte di San Roberto Bellarmino. Saluto i polacchi \u2013 sempre tanti polacchi! \u2013 con una benedizione per quanti in patria partecipano al grande pellegrinaggio al Santuario mariano di Piekary \u015al\u0105skie. Saluto gli alunni della scuola San Vincenzo di Olbia e i ragazzi della Cresima di Luras.<\/p>\n<p>Luned\u00ec e marted\u00ec 29 e 30 agosto si terr\u00e0 una riunione di tutti i Cardinali per riflettere sulla nuova Costituzione apostolica\u00a0<i><a href=\"https:\/\/www.vatican.va\/content\/francesco\/it\/apost_constitutions\/documents\/20220319-costituzione-ap-praedicate-evangelium.html\">Praedicate Evangelium<\/a><\/i>; e sabato 27 agosto terr\u00f2 un Concistoro per la creazione di nuovi Cardinali. Ecco i nomi dei nuovi Cardinali:<\/p>\n<p>1.\u00a0 S.E.R. Mons. Arthur Roche &#8211; Prefetto della Congregazione per il Culto Divino e la Disciplina dei Sacramenti.<\/p>\n<p>2.\u00a0 S.E.R. Mons. Lazzaro You Heung-sik \u2013 Prefetto della Congregazione per il Clero.<\/p>\n<p>3.\u00a0 S.E.R. Mons. Fernando V\u00e9rgez Alzaga L.C. \u2013 Presidente della Pontificia Commissione per lo Stato della Citt\u00e0 del Vaticano e Presidente del Governatorato dello Stato della Citt\u00e0 del Vaticano.<\/p>\n<p>4.\u00a0 S.E.R. Mons. Jean-Marc Aveline &#8211; Arcivescovo Metropolita di Marseille (Francia).<\/p>\n<p>5.\u00a0 S.E.R. Mons. Peter Ebere Okpaleke &#8211; Vescovo di Ekwulobia (Nigeria).<\/p>\n<p>6.\u00a0 S.E.R. Mons. Leonardo Ulrich Steiner, O.F.M. &#8211; Arcivescovo Metropolita di Manaus\u00a0(Brasile).<\/p>\n<p>7.\u00a0 S.E.R. Mons. Filipe Neri Ant\u00f3nio Sebasti\u00e3o do Ros\u00e1rio Ferr\u00e3o &#8211; Arcivescovo di Goa e Dam\u00e3o\u00a0(India).<\/p>\n<p>8.\u00a0 S.E.R. Mons. Robert Walter McElroy \u2013 Vescovo di San Diego (U.S.A)<\/p>\n<p>9.\u00a0 S.E.R. Mons. Virgilio Do Carmo Da Silva, S.D.B. \u2013 Arcivescovo di Dili (Timor Orientale).<\/p>\n<p>10. S.E.R. Mons. Oscar Cantoni &#8211; Vescovo di Como (Italia).<\/p>\n<p>11. S.E.R. Mons. Anthony Poola &#8211; Arcivescovo di Hyderabad\u00a0(India).<\/p>\n<p>12. S.E.R. Mons. Paulo Cezar Costa &#8211; Arcivescovo Metropolita dell\u2019Arcidiocesi di Bras\u00edlia (Brasile).<\/p>\n<p>13. S.E.R. Mons. Richard Kuuia Baawobr M. Afr. &#8211; Vescovo di Wa\u00a0(Ghana).<\/p>\n<p>14. S.E.R. Mons. William Goh Seng Chye Goh &#8211; Arcivescovo di Singapore\u00a0(Singapore).<\/p>\n<p>15. S.E.R. Mons. Adalberto Mart\u00ednez Flores &#8211; Arcivescovo Metropolita di Asunci\u00f3n (Paraguay).<\/p>\n<p>16. S.E.R. Mons. Giorgio Marengo, I.M.C. \u2013 Prefetto Apostolico di Ulaanbaatar (Mongolia).<br \/>\nInsieme ad essi unir\u00f2 ai membri del Collegio Cardinalizio:<\/p>\n<p>1.\u00a0 S.E.R. Mons. Jorge Enrique Jim\u00e9nez Carvajal &#8211; Arcivescovo Emerito di Cartagena (Colombia).<\/p>\n<p>2.\u00a0 S.E.R. Mons. Lucas Van Looy S.D.B. &#8211; Arcivescovo Emerito di Gent (Belgio).<\/p>\n<p>3.\u00a0 S.E.R. Mons. Arrigo Miglio &#8211; Arcivescovo Emerito di Cagliari (Italia).<\/p>\n<p>4.\u00a0 Rev.do Padre Gianfranco Ghirlanda S.I. \u2013 Professore di Teologia.<\/p>\n<p>5.\u00a0 Rev.do Mons. Fortunato Frezza \u2013 Canonico di San Pietro.<br \/>\nPreghiamo per i nuovi Cardinali, affinch\u00e9, confermando la loro adesione a Cristo, mi aiutino nel mio ministero di Vescovo di Roma per il bene di tutto il Santo Popolo fedele di Dio.<\/p>\n<p>Vi auguro una buona domenica! Per favore, non dimenticatevi di pregare per me. Buon pranzo e arrivederci.<\/p>\n<p>&nbsp;<\/p>\n<p><strong>La composizione del Collegio cardinalizio<\/strong><\/p>\n<p>Il Collegio cardinalizio oggi \u00e8 composto da 208 porporati, di cui 117 elettori e 91 non elettori. Il 27 agosto salir\u00e0 a 229 cardinali di cui 132 elettori.\u00a0Secondo il pontificato di creazione, al 27 agosto il Collegio sar\u00e0 costituito da 52 cardinali creati da Giovanni Paolo II di cui 11 elettori; 64 creati da Benedetto XVI di cui 38 elettori; 113 creati da Francesco di cui 83 elettori. Da un punto di vista geografico<b>\u00a0<\/b>i cardinali dal 27\u00a0agosto\u00a0saranno cos\u00ec distribuiti: 107 cardinali in Europa, di cui 54 elettori; 60 cardinali nelle Americhe, di cui 38 elettori;\u00a030 cardinali in Asia, di cui 20 elettori;\u00a027 cardinali in Africa, di cui 17 elettori; 5 cardinali in Oceania,\u00a0di cui 3 elettori.<\/p>\n<p><strong><u>Brevi cenni biografici dei Cardinali che saranno creati<\/u><\/strong><\/p>\n<p><strong>\u00a01. <\/strong><strong>E.R. Mons. Arthur Roche &#8211; Prefetto della Congregazione per il Culto Divino e la Disciplina dei Sacramenti<\/strong>.<\/p>\n<p>\u00c8 nato a Batley Carr, nella diocesi di Leeds, il 6 marzo 1950. Ha compiuto gli studi a Christleton Lodge a Chester e, poi, al Collegio Inglese di Valladolid, Spagna. \u00c8 stato ordinato sacerdote il 19 luglio 1975 per la diocesi di Leeds.<\/p>\n<p>Dopo tre anni di ministero come vicario parrocchiale a Barnsley, \u00e8 diventato Segretario del Vescovo di Leeds, S.E. Mons. Gordon Wheeler. Allo stesso tempo \u00e8 stato anche cappellano della St. John Bosco School a Leeds e vice cancelliere della diocesi. Ha coordinato la visita del Santo Padre Giovanni Paolo II a York nel 1982. Per sei anni ha lavorato come vicario parrocchiale della cattedrale e, poi, \u00e8 diventato parroco della parrocchia St Wilfrid a Leeds.<\/p>\n<p>Nel 1991 \u00e8 stato inviato a Roma per proseguire gli studi alla Pontificia Universit\u00e0 Gregoriana, dove ha ottenuto la licenza in teologia spirituale. Per quattro anni ha svolto l\u2019incarico di Direttore Spirituale al Venerabile Collegio Inglese a Roma. Dal 1996 fino alla sua nomina episcopale \u00e8 stato Segretario Generale della Conferenza Episcopale d\u2019Inghilterra e Galles.<\/p>\n<p>Eletto Vescovo titolare di Rusticiana ed Ausiliare di Westminster il 12 aprile 2001, ha ricevuto la consacrazione episcopale il 10 maggio successivo. \u00c8 stato anche Presidente del <em>Department of Pastoral Affairs <\/em>di Westminster.<\/p>\n<p>Il 16 luglio 2002 il Beato Giovanni Paolo II lo ha nominato Vescovo Coadiutore di Leeds (Inghilterra), ed \u00e8 succeduto per coadiutura il 7 aprile 2004.<\/p>\n<p>Il 26 giugno 2012 il Papa Benedetto XVI lo ha designato come Segretario della Congregazione per il Culto Divino e la Disciplina dei Sacramenti elevandolo in pari tempo alla dignit\u00e0 di Arcivescovo.<\/p>\n<p>Il 27 maggio 2021 il Santo Padre Francesco lo ha nominato Prefetto della Congregazione per il Culto Divino e la Disciplina dei Sacramenti<\/p>\n<p>L\u2019 11 dicembre 2021 fu scelto come membro della Congregazione per l\u2019Evangelizzazione dei\u00a0Popoli<\/p>\n<p>&nbsp;<\/p>\n<p style=\"text-align: left\"><strong>2. S.E.R. Mons. Lazzaro You Heung-sik \u2013 Prefetto della Congregazione per il Clero.<\/strong><\/p>\n<p>\u00c8 nato nel 1951 e ordinato sacerdote per la diocesi di Daejeon, diventando coadiutore nella stessa diocesi nel 2003 e due anni dopo ne ha assunto la guida. \u00c8 stato a capo del Comitato per la Pace della Conferenza Episcopale coreana e si \u00e8 recato quattro volte nella Corea del Nord, tenendo ben presente nel cuore la preghiera e la speranza della pace e della riconciliazione nella penisola coreana.<\/p>\n<p>Nell\u2019agosto del 2014, S.E. Mons. Lazzaro You Heung-sik ha accolto il Santo Padre Francesco nella diocesi di Daejeon, in occasione della 6<sup>a<\/sup> Giornata dei Giovani dell\u2019Asia.<\/p>\n<p>Nell\u2019ottobre 2018, ha partecipato &#8211; chiamato dal Papa &#8211; all\u2019Assemblea Ordinaria del Sinodo dei Vescovi per i Giovani.<\/p>\n<p>Nominato l&#8217;11 giugno 2021 da Papa Francesco Prefetto della Congregazione per il Clero, nella Solennit\u00e0 del Sacro Cuore di Ges\u00f9, gli \u00e8 stato conferito in pari tempo il titolo di Arcivescovo-Vescovo emerito di Daejeon.<\/p>\n<p>L\u201911dicembre 2021 fu scelto come membro della Congregazione per l\u2019Evangelizzazione dei\u00a0Popoli.<\/p>\n<p>&nbsp;<\/p>\n<p><strong>3. S.E.R. Mons. Fernando V\u00e9rgez Alzaga L.C. \u2013 Presidente della Pontificia Commissione per lo Stato della Citt\u00e0 del Vaticano e Presidente del Governatorato dello Stato della Citt\u00e0 del Vaticano.<\/strong><\/p>\n<p>\u00c8 nato a Salamanca (Spagna), il 1\u00b0 marzo 1945. Il 25 dicembre 1965 ha emesso la professione perpetua nella Congregazione dei Legionari di Cristo ed \u00e8 stato ordinato sacerdote il 26 novembre 1969.<\/p>\n<p>Ha conseguito la licenza in Filosofia e Teologia presso la Pontificia Universit\u00e0 Gregoriana e il diploma della Scuola d\u2019Archivista presso l\u2019Archivio Segreto Vaticano.<\/p>\n<p>Il 1\u00b0 agosto 1972 ha iniziato il servizio presso la Santa Sede nella Congregazione per gli Istituti di vita consacrata e le Societ\u00e0 di vita apostolica; nell\u2019aprile 1984 \u00e8 stato trasferito al Pontificio Consiglio per i Laici; nel giugno 2004 \u00e8 stato nominato Capo Ufficio dell\u2019Ufficio Internet della Santa Sede; infine, il 10 gennaio 2008, \u00e8 stato nominato Direttore della Direzione delle Telecomunicazioni dello Stato della Citt\u00e0 del Vaticano.<\/p>\n<p>Il 30 agosto 2013 \u00e8 stato nominato Segretario Generale del Governatorato dello Stato della Citt\u00e0 del Vaticano e il 15 ottobre dello stesso anno \u00e8 stato elevato alla dignit\u00e0 episcopale, assegnandogli la sede titolare vescovile di Villamagna di Proconsolare.<\/p>\n<p>Il 29 settembre 2020 \u00e8 stato nominato Membro della Commissione di Materie Riservate.<\/p>\n<p>L\u20198 settembre 2021 il Santo Padre lo ha nominato Presidente della Pontificia Commissione per lo Stato della Citt\u00e0 del Vaticano e Presidente del Governatorato dello Stato della Citt\u00e0 del Vaticano, conferendogli in pari tempo il titolo personale di Arcivescovo.<\/p>\n<p>&nbsp;<\/p>\n<p><strong>4. S.E.R. Mons. Jean-Marc Aveline &#8211; Arcivescovo Metropolita di Marseille (Francia).<\/strong><\/p>\n<p>\u00c8 nato il 26 dicembre 1958 a Sidi Bel Abb\u00e8s (diocesi di Oran, in Algeria). Dopo gli studi secondari al <em>Lyc\u00e9e Thiers <\/em>di Marsiglia, nel 1977 \u00e8 entrato nel Seminario interdiocesano di Avignon dove ha seguito il primo ciclo di Teologia, e poi al <em>S\u00e9minaire des Carmes <\/em>di Parigi, svolgendo gli studi teologici presso l\u2019<em>Institut Catholique<\/em>, ottenendo nel 2000 il Dottorato in Teologia. Possiede anche una Licenza in Filosofia presso l\u2019<em>Universit\u00e9 Paris I et Paris IV Sorbonne<\/em>.<\/p>\n<p>\u00c8 stato ordinato sacerdote il 3 novembre 1984 per l\u2019Arcidiocesi di Marsiglia.<\/p>\n<p>Dopo l\u2019ordinazione, ha ricoperto i seguenti incarichi ministeriali: Professore di teologia e Direttore degli studi del Seminario interdiocesano a Marsiglia e Membro dell\u2019\u00e9quipe pastorale della parrocchia <em>Saint-Marcel <\/em>a Marsiglia (1986-1991); Vicario Episcopale per la formazione permanente e Membro dell\u2019\u00e9quipe pastorale della parrocchia <em>Saint-Pierre \u2013 Saint-Paul <\/em>a Marsiglia (1987-2007); Responsabile del <em>Service dioc\u00e9sain des vocations <\/em>e Delegato diocesano per i seminaristi (1991-1996); Fondatore e Direttore dell\u2019<em>Institut de sciences et de th\u00e9ologie des religions <\/em>di Marsiglia (ISTR) (1992- 2002);. Direttore dell\u2019<em>Institut Saint-Jean<\/em>, che diventer\u00e0 nel 1998 <em>Institut Catholique de la M\u00e9diterran\u00e9e<\/em>, polo associato alla Facolt\u00e0 di Teologia di Lyon (1995-2013); Insegnante alla Facolt\u00e0 di Teologia <em>dell\u2019Universit\u00e9 Catholique de <\/em>Lyon (1997-2007). Dal 2007 \u00e8 anche Vicario Generale di Marseille.<\/p>\n<p>Inoltre, dal 2008 al 2012 \u00e8 stato Consultore presso il Pontificio Consiglio per il Dialogo Interreligioso.<\/p>\n<p>Il 19 dicembre 2013 \u00e8 stato eletto alla Chiesa titolare di Simidicca e nominato Vescovo Ausiliare di Marsiglia. Ha ricevuto l\u2019ordinazione episcopale il 26 gennaio 2014.<\/p>\n<p>L\u20198 agosto 2019 il Santo Padre Francesco lo ha nominato Arcivescovo Metropolita di Marseille (Francia).<\/p>\n<p>&nbsp;<\/p>\n<p><strong>5. S.E.R. Mons. Peter Ebere Okpaleke &#8211; Vescovo di Ekwulobia (Nigeria).<\/strong><\/p>\n<p>\u00c8 nato il 1\u00b0 marzo 1963, ad Amesi, <em>&#8220;Aguata Local Government Area&#8221;, <\/em>nello Stato di Anambra. Dopo aver frequentato le scuole locali, nel 1983 \u00e8 entrato nel <em>Bigard Memorial Major Seminary, <\/em>a Ikot-Ekpene e Enugu, dove ha svolto i corsi di Filosofia e Teologia (1983-1992).<\/p>\n<p>\u00c8 stato ordinato sacerdote il 22 agosto 1992 ed incardinato nella Diocesi di Awka.<\/p>\n<p>Dopo l\u2019Ordinazione ha ricoperto i seguenti incarichi: 1992 \u2013 1995: Segretario aggiunto del Vescovo e procuratore della residenza vescovile; 1993 \u2013 1995: Membro, <em>Aguata Local Goverment Education<\/em>; 1995 \u2013 1997: Studi superiori presso il CIWA, Port Harcourt; 1997 \u2013 1999: Cappellano alla <em>Nnamdi Azikiwe University, <\/em>Awka, e Amministratore finanziario della Diocesi; 1999 \u2013 2002: Studi superiori in Diritto Canonico a Roma, all\u2019Universit\u00e0 della Santa Croce; 2002-2011: Cancelliere della Diocesi di Awka, Segretario del Consiglio Pastorale Diocesano, Segretario del Consiglio Presbiterale e del Collegio dei Decani, Esaminatore Diocesano; dal 1995: Membro del Canon Law Society of Nigeria; dal 2002: Membro del Collegio dei Consultori; dal 2005: Membro del Comitato per la Creazione delle Diocesi; dal 2007: Giudice al Tribunale Inter-diocesano di Onitsha; dal 2011; Parroco di <em>Sts. John and Paul Parish<\/em>, Umubele, Awka. Il 7 dicembre 2012 il Papa Benedetto XVI lo ha nominato vescovo di Ahiara.<\/p>\n<p>Il 5 marzo 2020, il Santo Padre Francesco lo ha nominato primo Vescovo della Diocesi di Ekwulobia.<\/p>\n<p>&nbsp;<\/p>\n<p><strong>6. S.E.R. Mons. Leonardo Ulrich Steiner, O.F.M. &#8211; Arcivescovo Metropolita di Manaus (Brasile).<\/strong><\/p>\n<p>\u00c8 nato il 6 novembre 1950 a Forquilhinha, Stato di Santa Catarina, nella diocesi di Crici\u00fama (Brasile).<\/p>\n<p>Ha emesso la professione religiosa nell\u2019Ordine dei Frati Minori il 2 agosto 1976 ed \u00e8 stato ordinato sacerdote il 21 gennaio 1978. Ha studiato Filosofia e Teologia presso i Francescani di Petr\u00f3polis; ha conseguito il Baccellierato in Filosofia e in Pedagogia presso la Facolt\u00e0 Salesiana di Lorena. Ha ottenuto, presso la Pontificia Universit\u00e0 <em>Antonianum <\/em>a Roma, la Licenza e il Dottorato in Filosofia. Dopo gli studi e un periodo come Viceparroco e Parroco, \u00e8 stato Formatore in Seminario fino al 1986 e Maestro dei novizi dal 1986 al 1995.<\/p>\n<p>Dal 1995 al 2003 \u00e8 stato Professore di Filosofia e Segretario dell\u2019<em>Antonianum<\/em>. Tornato in Brasile nel 2003, \u00e8 stato Viceparroco della Parrocchia <em>Bom Jesus <\/em>nell\u2019arcidiocesi di Curitiba, nonch\u00e9 Docente nella Facolt\u00e0 di Filosofia <em>Bom Jesus <\/em>della medesima.<\/p>\n<p>Il 2 febbraio 2005 \u00e8 stato nominato Vescovo Prelato di S\u00e3o F\u00e9lix ed ha ricevuto l\u2019ordinazione episcopale il 16 aprile successivo. Il 21 settembre 2011 \u00e8 stato nominato Vescovo titolare di <em>Tisiduo <\/em>e Ausiliare di Brasilia.<\/p>\n<p>Dal maggio 2011 a maggio 2019 ha svolto l\u2019incarico di Segretario Generale della Conferenza Episcopale Brasiliana.<\/p>\n<p>Il 27 novembre 2019 il Santo Padre Francesco lo ha nominato Arcivescovo Metropolita di Manaus (Brasile).<\/p>\n<p>&nbsp;<\/p>\n<p><strong>7. S.E.R. Mons. Filipe Neri Ant\u00f3nio Sebasti\u00e3o do Ros\u00e1rio Ferr\u00e3o &#8211; Arcivescovo di Goa e Dam\u00e3o (India).<\/strong><\/p>\n<p>\u00c8 nato il 20 gennaio 1953 ad Aldona, Goa. Ha compiuto gli studi di Filosofia e quelli di Teologia nel Seminario di Poona.<\/p>\n<p>Ha poi ottenuto la Licenza in Teologia Biblica nella Pontificia Universit\u00e0 Urbaniana (1988) e la Licenza in Catechetica e Teologia Pastorale nell\u2019Istituto Internazionale <em>Lumen Vitae <\/em>(Bruxelles &#8211; 1991).<\/p>\n<p>Ha ricevuto l\u2019ordinazione sacerdotale il 28 ottobre 1979.<\/p>\n<p>Nel corso del suo ministero sacerdotale ha svolto diversi incarichi: Vicario Parrocchiale a Salvador do Mundo (1979) a Chinchinim (1981-84); Prefetto e docente del Seminario Minore Nostra Signora a Saligao-Pilerne (1984-1986). Direttore diocesano del Centro per l\u2019apostolato dei laici (1991-1994); Consultore ecclesiastico del <em>St. Luke\u2019s Medical Guild <\/em>(1993-1994); Vicario Episcopale dell\u2019Arcidiocesi di Goa.<\/p>\n<p>Il 25 gennaio 1994 \u00e8 stato nominato Vescovo titolare di Vanariona e Vescovo Ausiliare di Goa e Dam\u00e3o.<\/p>\n<p>All&#8217;interno della Conferenza Episcopale ha svolto diversi incarichi: Presidente della Commissione di Giustizia, Pace e Sviluppo (1995); Presidente della Commissione dei Laici (1998- 2002).<\/p>\n<p>Il 16 gennaio 2004 Giovanni Paolo II lo ha nominato Arcivescovo di Goa e Dam\u00e3o con il titolo di <em>Patriarca ad honorem <\/em>delle Indie Orientali.<\/p>\n<p>&nbsp;<\/p>\n<p><strong>8. S.E.R. Mons. Robert Walter McElroy \u2013 Vescovo di San Diego (U.S.A).<\/strong><\/p>\n<p>\u00c8 nato a San Francisco, California, nell\u2019arcidiocesi omonima, il 5 febbraio 1954. Dopo aver frequentato il <em>Saint Joseph Minor Seminary<\/em>, ha ottenuto il Baccalaureato in Storia presso la <em>Harvard University <\/em>a Cambridge, Massachusetts (1975) e il <em>Master <\/em>in Storia presso la <em>Stanford University <\/em>a Palo Alto, California (1976). Ha compiuto gli studi ecclesiastici presso il <em>Saint Patrick Seminary <\/em>a Menlo Park, California. Poi ha ottenuto la Licenza in Teologia presso la <em>Jesuit School of Theology <\/em>a Berkeley, California (1985). Successivamente ha ottenuto il Dottorato in Teologia Morale presso l\u2019Universit\u00e0 Gregoriana a Roma (1986) e il Dottorato in Scienze Politiche presso la <em>Stanford University <\/em>(1989).<\/p>\n<p>\u00c8 stato ordinato sacerdote il 12 aprile 1980 per l\u2019arcidiocesi di San Francisco.<\/p>\n<p>Dopo l\u2019ordinazione sacerdotale, ha svolto i seguenti incarichi: Vicario parrocchiale della <em>Saint Cecilia Parish <\/em>a San Francisco (1980-1982); Segretario personale dell\u2019Arcivescovo John R. Quinn e Cerimoniere (1982-1985); Vicario Parrocchiale della <em>Saint Pius Parish <\/em>a Redwood City (1989-1995); Vicario Generale (1995-1997); Parroco della <em>Saint Gregory Parish <\/em>a San Mateo e Consultore arcidiocesano (1997-2010).<\/p>\n<p>Nel 1996 \u00e8 stato nominato Prelato d\u2019Onore di Sua Santit\u00e0.<\/p>\n<p>Nominato Vescovo titolare di Gemelle di Bizacena ed Ausiliare di San Francisco il 6 luglio 2010, ha ricevuto la consacrazione episcopale il 7 settembre successivo.<\/p>\n<p>Il 3 marzo 2015 il Santo Padre Francesco lo ha nominato Vescovo di San Diego (U.S.A.).<\/p>\n<p>&nbsp;<\/p>\n<p><strong>9. S.E.R. Mons. Virgilio do Carmo da Silva, S.D.B., \u2013 Arcivescovo di D\u00edli (Timor Orientale).<\/strong><\/p>\n<p>\u00c8 nato il 27 novembre 1967 a Venilale, nella diocesi di Baucau. Dopo le scuole primarie e secondarie dei Salesiani a Fatumaca, \u00e8 entrato nella Societ\u00e0 Salesiana di Don Bosco. Di seguito \u00e8 stato inviato per studiare Filosofia e Teologia a Manila. Ha emesso la prima professione con i Salesiani il 31 maggio 1990 e la professione perpetua il 19 marzo 1997. \u00c8 stato ordinato sacerdote il 18 dicembre 1998.<\/p>\n<p>Dopo l\u2019ordinazione sacerdotale ha ricoperto i seguenti incarichi: 1999-2004: Formatore dei Novizi; 2004-2005: Economo della Casa di Formazione a Venilale e Vicario parrocchiale; 2005- 2007: Studi a Roma per la Licenza in Spiritualit\u00e0 presso la Pontificia Universit\u00e0 Salesiana; 2007- 2014: Maestro dei Novizi; 2009-2014: Direttore della Casa dei Salesiani e della <em>Don Bosco Tecnnical High School <\/em>a Fatumaca. Nel 2015 \u00e8 stato scelto Provinciale dei Salesiani della sua provincia.<\/p>\n<p>Il 30 gennaio 2016 il Santo Padre Francesco lo ha nominato Vescovo della diocesi di D\u00edli (Timor Orientale).<\/p>\n<p>L\u201911 settembre 2019 Il Santo Padre lo ha nominato primo Arcivescovo Metropolita di D\u00edli.<\/p>\n<p>&nbsp;<\/p>\n<p><strong>10. S.E.R. Mons. Oscar Cantoni &#8211; Vescovo di Como (Italia).<\/strong><\/p>\n<p>\u00c8 nato a Lenno, in provincia e diocesi di Como, il 1\u00b0 settembre 1950. Dopo aver frequentato il Liceo Classico al Collegio Gallio di Como dei Padri Somaschi e conseguito la maturit\u00e0, \u00e8 entrato nel Seminario di Como per intraprendere i corsi di teologia. Oltre a collaborare con Riviste di spiritualit\u00e0, nelle quali ha pubblicato articoli su argomenti vocazionali, egli ha pubblicato diversi libri per i giovani.<\/p>\n<p>Il 28 giugno 1975 ha ricevuto l\u2019ordinazione sacerdotale a Como, sua diocesi di origine.<\/p>\n<p>Durante il suo ministero sacerdotale ha svolto i seguenti incarichi e ministeri: dal 1995 al 1986 \u00e8 stato Responsabile in Seminario dell\u2019animazione vocazionale; Collaboratore nella parrocchia S. Maria Regina a Como; Cappellano delle Suore presso il Collegio S. Chiara a Muggi\u00f2; dal 1986 al 1999 \u00e8 stato Direttore del Centro Diocesano Vocazioni e Insegnante di Religione nelle scuole secondarie di Como; dal 1990 al 2005 \u00e8 stato Direttore Spirituale dei Teologi nel Seminario diocesano; Predicatore di Esercizi Spirituali ai Sacerdoti e Fondatore in diocesi dell\u2019<em>Ordo Virginum<\/em>. L\u201911 luglio 2000 \u00e8 stato nominato Prelato d\u2019Onore di Sua Santit\u00e0. Dal 2003 al 2005 \u00e8 stato\u00a0Vicario Episcopale per il Clero di Como.<\/p>\n<p>Il 25 gennaio 2005 \u00e8 stato eletto alla sede vescovile di Crema e il 5 marzo dello stesso anno ha ricevuto la consacrazione episcopale.<\/p>\n<p>Il 4 ottobre 2016 il Santo Padre Francesco lo ha nominato Vescovo della diocesi di Como (Italia).<\/p>\n<p>&nbsp;<\/p>\n<p><strong>11. S.E.R. Mons. Anthony Poola &#8211; Arcivescovo di Hyderabad (India).<\/strong><\/p>\n<p>\u00c8 nato il 15 novembre 1961 a Poluru, nella Diocesi di Kurnool. Dopo aver frequentato il Seminario Minore a Nuzvid, ha studiato presso il <em>St. Peter\u2019s Pontifical Seminary <\/em>a Bangalore.<\/p>\n<p>Ha ricevuto l\u2019ordinazione sacerdotale il 20 febbraio 1992 ed \u00e8 stato incardinato nella Diocesi di Cuddapah.<\/p>\n<p>Dopo l\u2019ordinazione sacerdotale ha ricoperto i seguenti incarichi: 1992-1993: Vicario parrocchiale nella <em>St. Mary\u2019s Cathedral<\/em>; 1993-1994: Vicario parrocchiale ad Amagampalli; 1994- 2001: Parroco in diverse parrocchie: 1994-1995 a Tekurpet; 1995-2000 a Badvel; 2000-2001 a Veerapalli; 2001-2003: Studi per il conseguimento di un <em>Master <\/em>in Pastorale Sanitaria e corso in Teologia (<em>Loyola University, <\/em>Chicago) negli Stati Uniti; Servizio pastorale presso <em>St. Genevieve Church<\/em>, nell\u2019Arcidiocesi di Chicago, USA.<\/p>\n<p>Dal 2004 al 2008 \u00e8 stato Direttore della <em>Christian Foundation for Children and Aging<\/em>. Inoltre \u00e8 stato Consultore Diocesano, Segretario per l\u2019Educazione, Vice Amministratore delle<\/p>\n<p>Scuole della Diocesi di Cuddapah e Coordinatore dello <em>Sponsorship Program<\/em>.<\/p>\n<p>L\u20198 febbraio 2008 \u00e8 stato nominato Vescovo di Kurnool<\/p>\n<p>Il 19 novembre 2020 il Santo Padre Francesco lo ha nominato Arcivescovo Metropolita di Hyderabad (India).<\/p>\n<p>&nbsp;<\/p>\n<p><strong>12. S.E.R. Mons. Paulo Cezar Costa &#8211; Arcivescovo Metropolita dell\u2019Arcidiocesi di Bras\u00edlia (Brasile).<\/strong><\/p>\n<p>\u00c8 nato il 20 luglio 1967 a Valen\u00e7a, nell\u2019omonima Diocesi. Ha compiuto gli studi di Filosofia nel Seminario <em>Nossa Senhora do Amor Divino <\/em>a Petr\u00f3polis e quelli di Teologia nell\u2019Istituto Superiore di Teologia dell\u2019Arcidiocesi Metropolitana di S\u00e3o Sebasti\u00e3o do Rio de Janeiro. Ha poi ottenuto la Licenza e il Dottorato in Teologia Dogmatica presso la Pontificia Universit\u00e0 Gregoriana di Roma (1996-2001).<\/p>\n<p>Ha ricevuto l\u2019ordinazione sacerdotale il 5 dicembre 1992 ed \u00e8 stato incardinato nella Diocesi di Valen\u00e7a.<\/p>\n<p>Nel corso del suo ministero sacerdotale ha svolto i seguenti incarichi: Vicario Parrocchiale a Para\u00edba do Sul (1993); Parroco della Parrocchia <em>S\u00e3o Sebasti\u00e3o dos Ferreiros <\/em>a Vassouras (1994- 1996), Parroco della Parrocchia <em>Santa Rosa de Lima <\/em>a Valen\u00e7a (2001-2006); Direttore e Professore del Dipartimento di Teologia della Pontificia Universit\u00e0 Cattolica di Rio de Janeiro (2007-2010); Rettore del Seminario Interdiocesano <em>Paulo VI <\/em>e Direttore dell\u2019Istituto di Filosofia e Teologia <em>Paulo\u00a0<\/em><em>VI <\/em>a Nova Igua\u00e7u (2006-2010). Il 24 novembre 2010 \u00e8 stato nominato Vescovo titolare di Esco ed Ausiliare dell\u2019Arcidiocesi Metropolitana di S\u00e3o Sebasti\u00e3o do Rio de Janeiro. Ha ricevuto l\u2019ordinazione episcopale il 5 febbraio 2011. Il 22 giugno 2016 \u00e8 stato trasferito come Vescovo di S\u00e3o Carlos. In seno alla Conferenza Episcopale Brasiliana \u00e8 Membro del Consiglio Permanente e della Commissione Episcopale per la Cultura e per l\u2019Educazione. Dal 2020 \u00e8 Membro del Pontificio Consiglio per l\u2019Unit\u00e0 dei Cristiani e della Pontificia Commissione per l\u2019America Latina.<\/p>\n<p>Il 21 ottobre 2020 il Santo Padre Francesco lo ha nominato Arcivescovo Metropolita dell\u2019Arcidiocesi di Bras\u00edlia (Brasile).<\/p>\n<p>&nbsp;<\/p>\n<p><strong>13. S.E.R. Mons. Richard Kuuia Baawobr M. Afr., &#8211; Vescovo di Wa (Ghana).<\/strong><\/p>\n<p>\u00c8 nato il 21 giugno 1959 a Tom-Zendagangn, diocesi di Wa. Ha frequentato la scuola elementare del villaggio, ha continuato gli studi presso il <em>St. Francis Xavier Minor Seminary <\/em>e nella <em>Nandom Secondary School<\/em>. Entrato nel 1979 nel Seminario Maggiore diocesano <em>St. Victor <\/em>di Tamale, dopo gli studi filosofici, nel 1981 \u00e8 passato alla Societ\u00e0 dei Missionari d\u2019Africa, dove ha continuato la preparazione al sacerdozio. Dal 1981 al 1982 \u00e8 stato a Friburgo, in Svizzera, per il Noviziato. Successivamente, dal 1982 al 1987, ha completato gli studi teologici presso il <em>Missionary <\/em><em>Institute London <\/em>(MIL).<\/p>\n<p>Il 5 dicembre 1986 ha emesso i voti religiosi nel <em>St. Edward\u2019s College <\/em>di Londra ed \u00e8 stato ordinato presbitero il 18 luglio 1987.<\/p>\n<p>Dopo l\u2019ordinazione, ha svolto i seguenti uffici e ulteriori studi: 1987-1991: Vicario parrocchiale a Livulu, Arcidiocesi di Kinshasa, nella Repubblica Democratica del Congo; 1991-1996: Studente di Esegesi presso il Pontificio Istituto Biblico a Roma e di Spiritualit\u00e0 Ignaziana presso <em>Le Chatelard <\/em>a Lione, in Francia, dove ha ottenuto una Licenza in Sacra Scrittura e il Dottorato in Teologia Biblica; 1996-1999: Formatore dei Missionari d\u2019Africa a Kahangala, in Tanzania; 1999- 2004: Direttore della casa di formazione di Tolosa in Francia; 2004-2010: Primo Assistente Generale dei Missionari d\u2019Africa.<\/p>\n<p>Dal 2010 al 2016: Superiore Generale dei Missionari d\u2019Africa (primo Africano a ricoprire questo incarico), Vice Gran Cancelliere del PISAI (Pontificio Istituto di Studi Arabo-Islamici). \u00c8 stato scelto dall\u2019Unione dei Superiori Generali per partecipare all\u2019Assemblea Ordinaria del\u00a0Sinodo dei Vescovi sulla Famiglia, dal 4 al 25 ottobre 2015.<\/p>\n<p>Il 17 febbraio 2016 il Santo Padre Francesco lo ha nominato Vescovo della diocesi di Wa (Ghana) ed il 4 luglio 2020 \u00e8 stato nominato Membro e Consultore del Pontificio Consiglio per la Promozione dell\u2019Unit\u00e0 dei Cristiani.<\/p>\n<p>&nbsp;<\/p>\n<p><strong>14. S.E.R. Mons. William Seng Chye Goh &#8211; Arcivescovo di Singapore (Singapore).<\/strong><\/p>\n<p>\u00c8 nato il 25 giugno 1957 a Singapore. Ha frequentato la <em>Montfort Secondary School<\/em>, dove ha conseguito il diploma di scuola superiore. Ha completato gli studi filosofici al Seminario maggiore di Penang (<em>College General<\/em>), Malaysia, e quelli teologici al Seminario maggiore di Singapore.<\/p>\n<p>\u00c8 stato ordinato sacerdote il 1\u00b0 maggio 1985, per l\u2019arcidiocesi di Singapore.<\/p>\n<p>Ha svolto poi i seguenti incarichi: 1985-1990: Vicario parrocchiale di <em>Holy Cross <\/em>a Singapore; 1990-1992: Studi per la Licenza in Teologia presso l\u2019Universit\u00e0 Gregoriana a Roma; 1992-1993: Parroco di <em>St. Anne<\/em>, Singapore; 1992-2005: Professore e Formatore al Seminario maggiore di Singapore; dal 2005: Rettore del Seminario maggiore di Singapore.<\/p>\n<p>Ha ricoperto i seguenti incarichi: Membro del Senato presbiterale, Membro del Collegio dei Consultori, Membro del Consiglio diocesano per la promozione vocazionale e Direttore spirituale del Centro cattolico di spiritualit\u00e0 dell\u2019arcidiocesi.<\/p>\n<p>Il 29 dicembre 2012 \u00e8 stato nominato Arcivescovo Coadiutore di Singapore.<\/p>\n<p>Il 20 maggio 2013 il Santo Padre Francesco lo ha nominato Arcivescovo di Singapore.<\/p>\n<p>&nbsp;<\/p>\n<p><strong>15. S.E.R. Mons. Adalberto Mart\u00ednez Flores &#8211; Arcivescovo Metropolita di Asunci\u00f3n (Paraguay).<\/strong><\/p>\n<p>\u00c8 nato ad Asunci\u00f3n del Paraguay l\u20198 luglio 1951. Ha frequentato la Facolt\u00e0 di Economia dell\u2019<em>Universidad Nacional de Asunci\u00f3n <\/em>e dell\u2019<em>University of Washington<\/em>. (1970-1977). Ha poi compiuto gli studi filosofici e teologici presso la <em>Pontificia Universit\u00e0 Lateranense <\/em>di Roma (1977- 1981). \u00c8 stato ordinato sacerdote il 24 agosto 1985. Ha svolto il ministero sacerdotale nella Diocesi di Saint Thomas, Isole Vergini (U.S.A.) dal 1985 al 1994. Si \u00e8 incardinato ad Asunci\u00f3n nel 1994 ed \u00e8 stato Parroco di <em>Los Sagrados Corazones de Jes\u00fas y Mar\u00eda <\/em>dal 1994 al 1997.<\/p>\n<p>Il 14 agosto 1997 \u00e8 stato nominato Vescovo Ausiliare di Asunci\u00f3n ed ha ricevuto la consacrazione episcopale l\u20198 novembre successivo. Il 18 maggio 2000 \u00e8 stato nominato primo Vescovo della nuova Diocesi di San Lorenzo. Il 19 febbraio 2007 \u00e8 stato trasferito alla Diocesi di San Pedro e il 14 marzo 2012 \u00e8 stato nominato Ordinario Militare del Paraguay. Il 23 giugno 2018 \u00e8 stato trasferito a Villarrica del Esp\u00edritu Santo e nominato Amministratore Apostolico dell\u2019Ordinariato Militare del Paraguay. A novembre 2018 \u00e8 stato eletto Presidente della Conferenza Episcopale del Paraguay e rieletto a novembre 2021 per un altro triennio.<\/p>\n<p>Il 17 febbraio 2022 il Santo Padre Francesco lo ha nominato Arcivescovo Metropolita dell\u2019Arcidiocesi di Asunci\u00f3n.<\/p>\n<p>&nbsp;<\/p>\n<p><strong>16. S.E.R. Mons. Giorgio Marengo, I.M.C., \u2013 Prefetto Apostolico di Ulaanbaatar (Mongolia).<\/strong><\/p>\n<p>\u00c8 nato il 7 giugno 1974 a Cuneo, in Italia. Dal 1993 al 1995 ha studiato Filosofia presso la Facolt\u00e0 teologica dell\u2019Italia Settentrionale e dal 1995 al 1998 Teologia nella Pontificia Universit\u00e0 Gregoriana (Roma). Dal 2000 al 2006 ha compiuto ulteriori studi presso la Pontificia Universit\u00e0 Urbaniana, conseguendo la Licenza e il Dottorato in Missionologia. Ha emesso la Professione Perpetua il 24 giugno 2000 come membro dell\u2019I.M.C. ed \u00e8 stato ordinato sacerdote il 26 maggio 2001. Dopo l\u2019Ordinazione sacerdotale ha ricoperto i seguenti incarichi: Ministero pastorale in Mongolia ad Arvaiheer (2000-2003); dal 2003: Assegnato alla Missione in Mongolia (il primo missionario dell\u2019I.M.C. in\u00a0 Mongolia); dal\u00a0 2016:\u00a0 Consigliere Regionale Asia,\u00a0 Superiore per la\u00a0Mongolia e Parroco di <em>Maria Madre della Misericordia <\/em>ad Arvaiheer.<\/p>\n<p>Il 2 aprile 2020 il Santo Padre Francesco lo ha nominato Prefetto Apostolico di Ulaanbaatar (Mongolia), con carattere vescovile assegnandogli la sede titolare di Castra severiana.<\/p>\n<p>&nbsp;<\/p>\n<p><strong>17. S.E.R. Mons. Jorge Enrique Jim\u00e9nez Carvajal &#8211; Arcivescovo Emerito di Cartagena (Colombia).<\/strong><\/p>\n<p>\u00c8 nato a Bucaramanga il 29 marzo 1942. Ha fatto gli studi sacerdotali di Filosofia nella Pontificia Universit\u00e0 Javeriana di Bogot\u00e1 e quelli teologici nel Seminario Maggiore della Congregazione di Ges\u00f9 e Maria a Bogot\u00e1. Il 17 maggio 1964 ha professato solennemente i voti nella sua Congregazione ed \u00e8 stato poi ordinato sacerdote a Bucamaranga il 17 giugno 1967.<\/p>\n<p>Ha ottenuto la Licenza in Filosofia presso la Pontificia Universit\u00e0 Javeriana di Bogot\u00e1. Ha iniziato il suo ministero come Professore del Seminario Maggiore di Santa Rosa de Osos, \u00e8 stato formatore del Seminario Eudista di Valmar\u00eda a Bogot\u00e1, responsabile della sezione caritativa della Comunit\u00e0 Eudista di &#8220;<em>El minuto de Dios<\/em>&#8221; a Bogot\u00e1, direttore degli studi dell\u2019Istituto Teologico- Pastorale del CELAM a Medell\u00edn, Superiore Provinciale della sua Congregazione in Colombia e, dal 1989 al 1991, Segretario della Confederazione Latino-americana dei Religiosi.<\/p>\n<p>Il 9 novembre 1992 \u00e8 stato nominato Vescovo di Zipaquir\u00e1 ed ha ricevuto l\u2019ordinazione episcopale il 12 dicembre successivo. Dal 1995 al 1999 \u00e8 stato Segretario Generale del CELAM e dal 1999 al 2003 \u00e8 stato suo Presidente. S.E. Mons. Jorge Enrique Jim\u00e9nez Carvajal \u00e8 stato membro del Pontificio Consiglio per la Pastorale della Salute e della Pontificia Commissione per l\u2019America Latina.<\/p>\n<p>Il 6 febbraio 2004 \u00e8 stato nominato Arcivescovo Coadiutore di Cartagena.<\/p>\n<p>Il 24 ottobre 2005 \u00e8 stato nominato Arcivescovo di Cartagena fino al 25 marzo 2021.<\/p>\n<p>&nbsp;<\/p>\n<p><strong>18. S.E.R. Mons. Lucas Van Looy, S.D.B., &#8211; Arcivescovo Emerito di Gent (Belgio).<\/strong><\/p>\n<p>\u00c8 nato il 28 settembre 1941 a Tielen, nella diocesi di Antwerpen. Dopo gli studi secondari presso i padri Gesuiti a Turnhout, e poi al collegio Don Bosco di Hechtel, nel 1961 \u00e8 entrato nella Congregazione dei Salesiani di Don Bosco dove ha fatto il noviziato. Dal 1962 al 1964 ha compiuto gli studi di filosofia nello scolasticato dei Salesiani a Groot-Bijgaarden (Belgio). \u00c8 partito quindi per la Corea per un tirocinio come giovane salesiano. Al rientro in Belgio ha seguito gli studi di teologia presso l\u2019Universit\u00e0 Cattolica di Lovanio (1967-1970), ottenendo la Licenza in Missiologia. Ha emesso la professione perpetua il 6 marzo 1968 ed \u00e8 stato ordinato sacerdote a Oud-Heverlee (Belgio) il 12 settembre 1970.<\/p>\n<p>Dopo l\u2019ordinazione sacerdotale \u00e8 partito come missionario in Corea dove ha esercitato i compiti di educatore (1972-1974), cappellano degli studenti cattolici (1974-1978) e provinciale (1978-1984). Dal 1984 al 1996 \u00e8 stato Membro del Consiglio Generale dei Salesiani di Don Bosco come responsabile delle missioni (1984-1990) e responsabile per la Pastorale Giovanile Salesiana (1990-1996). Dal 1996 ad oggi \u00e8 stato Vicario generale del Rettore Maggiore dei Salesiani e nello stesso tempo &#8220;responsabile per la Famiglia Salesiana&#8221;.<\/p>\n<p>Il 19 dicembre 2003 \u00e8 stato nominato Vescovo di Gent (Belgio) fino al 27 novembre 2019 Parla il neerlandese, il francese, il tedesco, l\u2019inglese, l\u2019italiano, lo spagnolo, il portoghese e il\u00a0coreano.<\/p>\n<p>&nbsp;<\/p>\n<p><strong>19. S.E.R. Mons. Arrigo Miglio &#8211; Arcivescovo Emerito di Cagliari (Italia).<\/strong><\/p>\n<p>\u00c8 nato a San Giorgio Canavese (TO) il 18 luglio 1942. Dopo gli studi nel Seminario di Ivrea e l\u2019anno propedeutico nel Seminario di Torino, ha frequentato la Pontificia Universit\u00e0 Gregoriana ed il Pontificio Istituto Biblico in Roma, conseguendo la Licenza in Teologia e la Licenza in Sacra Scrittura.<\/p>\n<p>\u00c8 stato ordinato presbitero il 23 settembre 1967.<\/p>\n<p>Dapprima vicario parrocchiale, poi parroco in Ivrea, ha diretto la &#8220;Casa dell\u2019Ospitalit\u00e0&#8221; nel medesimo\u00a0\u00a0\u00a0\u00a0\u00a0 centro,\u00a0\u00a0\u00a0\u00a0 e\u00a0\u00a0\u00a0\u00a0 quella\u00a0\u00a0\u00a0\u00a0 alpina\u00a0\u00a0\u00a0\u00a0\u00a0 &#8220;Gino\u00a0\u00a0\u00a0\u00a0\u00a0 Pistoni&#8221;\u00a0\u00a0\u00a0\u00a0\u00a0 a\u00a0\u00a0\u00a0\u00a0 Gressoney\u00a0\u00a0\u00a0\u00a0\u00a0 &#8211;\u00a0\u00a0\u00a0\u00a0 St.\u00a0\u00a0\u00a0\u00a0 Jean. Nel 1980 ha ricoperto l\u2019incarico di Vicario per la pastorale e dal 1981 al 1992 quello di Vicario Generale di Ivrea, durante l\u2019Episcopato di S.E. Mons. Luigi Bettazzi. \u00c8 stato inoltre docente di Sacra Scrittura presso la Facolt\u00e0 Teologica dell\u2019Italia Settentrionale, Vice assistente nazionale degli Scout e Assistente Generale dell\u2019AGESCI, Assistente Ecclesiastico dell\u2019Istituto secolare delle Missionarie\u00a0dell\u2019Amore Infinito.<\/p>\n<p>Eletto alla sede vescovile di Iglesias il 25 marzo 1992, ha ricevuto la consacrazione episcopale il 25 aprile dello stesso anno.<\/p>\n<p>Il 20 febbraio 1999 \u00e8 stato trasferito alla sede vescovile di Ivrea. Periodo in cui \u00e8 stato Segretario della Conferenza Episcopale Piemontese e Presidente del Comitato scientifico e organizzatore delle Settimane Sociali dei Cattolici Italiani.<\/p>\n<p>Il 25 febbraio 2012 il Santo Padre Francesco lo ha nominato Arcivescovo Metropolita di Cagliari fino al 16 novembre 2019.<\/p>\n<p>&nbsp;<\/p>\n<p><strong>20. Rev.do Padre Gianfranco Ghirlanda, S.I., \u2013 gi\u00e0 Rettore della Pontificia Universit\u00e0 Gregoriana.<\/strong><\/p>\n<p>\u00c8 nato a Roma il 5 luglio 1942. Ha conseguito un dottorato in giurisprudenza all\u2019Universit\u00e0 degli Studi di Roma \u201cLa Sapienza\u201d nel 1966. Nello stesso anno \u00e8 entrato nella Compagnia di Ges\u00f9 e ha compiuto gli studi di Teologia preso la Pontificia Universit\u00e0 Gregoriana. \u00c8 stato ordinato sacerdote nel 1973. Successivamente ha ottenuto la laurea e il dottorato in Diritto Canonico presso la stessa Universit\u00e0.<\/p>\n<p>Dal 1975 ha insegnato Diritto Canonico all\u2019Istituto di Studi Religiosi, alla Facolt\u00e0 di Teologia e alla Facolt\u00e0 di Diritto Canonico della Pontificia Universit\u00e0 Gregoriana dove diventer\u00e0 poi professore ordinario; dal 1995 al 2004 Decano della Facolt\u00e0 di Diritto Canonico e dal 2004 al 2010 sar\u00e0 Rettore della Pontificia Universit\u00e0 Gregoriana.<\/p>\n<p>Il Rev.do P. Ghirlanda ha servito la Santa Sede come consultore di varie Congregazioni e Consigli: la Congregazione per gli Istituti di vita consacrata e le societ\u00e0 di vita apostolica; la Congregazione per il Clero; il Pontificio consiglio per l\u2019interpretazione dei testi legislativi; il Pontificio consiglio per i laici; la Congregazione per l\u2019evangelizzazione dei popoli; la Congregazione dei Vescovi; la Congregazione per la Dottrina della Fede; Membro del Dicastero per i laici, la famiglia e la vita; Prelato e avvocato presso il Supremo tribunale della Segnatura Apostolica; Giudice della Corte d\u2019appello dello Stato della Citt\u00e0 del Vaticano. Ha collaborato anche alla stesura di alcune Costituzioni Apostoliche.<\/p>\n<p>Ha pubblicato diversi libri e oltre 110 articoli specializzati principalmente in Diritto Canonico. Ha ricevuto il dottorato <em>honoris causa <\/em>presso la Facolt\u00e0 di Diritto Canonico della Pontificia\u00a0Universit\u00e0 di Salamanca.<\/p>\n<p>&nbsp;<\/p>\n<p><strong>21. Rev.do Mons. Fortunato Frezza \u2013 Canonico di S. Pietro \u2013.<\/strong><\/p>\n<p>\u00c8 nato a Roma il 6 febbraio 1942. Nel 1966 dopo gli studi nel Seminario minore di Bagnoregio e nel Seminario Maggiore di Viterbo \u00e8 stato ordinato Sacerdote.<\/p>\n<p>Nel 1967 ha conseguito la licenza in Teologia presso la Pontificia Universit\u00e0 Gregoriana e nel 1977 ha ottenuto la laurea in Sacra Scrittura presso il Pontificio Istituto Biblico di Roma con una tesi filologica sul libro del profeta Michea.<\/p>\n<p>Durante il suo ministero sacerdotale ha svolto i seguenti incarichi e ministeri: dal 1971 al 1984 \u00e8 stato Parroco di Spicciano e contemporaneamente docente di Sacra Scrittura in vari istituti teologici: Pontificia Universit\u00e0 Gregoriana (come Assistente), Seminario Regionale La Quercia Viterbo, diversi Istituti di scienze religiose (Albano, Civita Castellana, Viterbo), Studentato teologico internazionale dei Giuseppini del Murialdo a Viterbo e dei Salesiani in Terrasanta.<\/p>\n<p>Nel 1983 \u00e8 stato assunto nella Segreteria Generale del Sinodo dei Vescovi e dal 1997 al 2014 ne \u00e8 stato il Sotto-Segretario.<\/p>\n<p>Nel 1999 \u00e8 stato nominato Prelato d\u2019Onore di Sua Santit\u00e0.<\/p>\n<p>Nel 2013 \u00e8 stato nominato canonico della Basilica Papale di San Pietro in Vaticano e nel 2022 \u00e8 divenuto Camerlengo del Capitolo di San Pietro in Vaticano.<\/p>\n<p>Ha ricoperto anche l\u2019incarico di Assistente Spirituale del Personale nella Direzione di Sanit\u00e0 e Igiene in Vaticano; l\u2019assistenza spirituale a diversi monasteri di monache; cappellano della squadra di calcio A.S. Roma.<\/p>\n<p>Le sue pubblicazioni bibliografiche contano al momento 123 titoli in particolare nel campo biblico.<\/p>\n<p>&nbsp;<\/p>\n<p>Copyright \u00a9 Dicastero per la Comunicazione &#8211; Libreria Editrice Vaticana<\/p>\n","protected":false},"excerpt":{"rendered":"<p>Ecco i nomi dei nuovi Cardinali<\/p>\n","protected":false},"author":14,"featured_media":57477,"comment_status":"closed","ping_status":"closed","sticky":false,"template":"","format":"standard","meta":{"_acf_changed":false,"_crdt_document":"","inline_featured_image":false,"footnotes":""},"categories":[67,1386],"tags":[251,4952,266],"class_list":["post-57481","post","type-post","status-publish","format-standard","has-post-thumbnail","hentry","category-leone-xiv","category-regina-coeli-it","tag-papa-francesco","tag-trending-it","tag-vaticano"],"acf":[],"yoast_head":"<!-- This site is optimized with the Yoast SEO plugin v27.4 - https:\/\/yoast.com\/product\/yoast-seo-wordpress\/ -->\n<title>27 agosto, Concistoro per la creazione di nuovi Cardinali &#8211; Exaudi<\/title>\n<meta name=\"robots\" content=\"index, follow, max-snippet:-1, max-image-preview:large, max-video-preview:-1\" \/>\n<link rel=\"canonical\" href=\"https:\/\/exaudi.org\/it\/27-agosto-concistoro-per-la-creazione-di-nuovi-cardinali\/\" \/>\n<meta property=\"og:locale\" content=\"it_IT\" \/>\n<meta property=\"og:type\" content=\"article\" \/>\n<meta property=\"og:title\" content=\"27 agosto, Concistoro per la creazione di nuovi Cardinali &#8211; Exaudi\" \/>\n<meta property=\"og:description\" content=\"Ecco i nomi dei nuovi Cardinali\" \/>\n<meta property=\"og:url\" content=\"https:\/\/exaudi.org\/it\/27-agosto-concistoro-per-la-creazione-di-nuovi-cardinali\/\" \/>\n<meta property=\"og:site_name\" content=\"Exaudi\" \/>\n<meta property=\"article:publisher\" content=\"https:\/\/www.facebook.com\/ExaudiNews\" \/>\n<meta property=\"article:author\" content=\"https:\/\/www.facebook.com\/ExaudiNews\" \/>\n<meta property=\"article:published_time\" content=\"2022-05-30T06:57:09+00:00\" \/>\n<meta property=\"article:modified_time\" content=\"2022-05-30T07:27:05+00:00\" \/>\n<meta property=\"og:image\" content=\"https:\/\/exaudi.org\/wp-content\/uploads\/2022\/05\/mt29052022121454_00100-scaled.jpg\" \/>\n\t<meta property=\"og:image:width\" content=\"2560\" \/>\n\t<meta property=\"og:image:height\" content=\"1707\" \/>\n\t<meta property=\"og:image:type\" content=\"image\/jpeg\" \/>\n<meta name=\"author\" content=\"Exaudi Staff\" \/>\n<meta name=\"twitter:card\" content=\"summary_large_image\" \/>\n<meta name=\"twitter:creator\" content=\"@Exaudi_News\" \/>\n<meta name=\"twitter:site\" content=\"@Exaudi_News\" \/>\n<meta name=\"twitter:label1\" content=\"Scritto da\" \/>\n\t<meta name=\"twitter:data1\" content=\"Exaudi Staff\" \/>\n\t<meta name=\"twitter:label2\" content=\"Tempo di lettura stimato\" \/>\n\t<meta name=\"twitter:data2\" content=\"25 minuti\" \/>\n<script type=\"application\/ld+json\" class=\"yoast-schema-graph\">{\"@context\":\"https:\\\/\\\/schema.org\",\"@graph\":[{\"@type\":\"Article\",\"@id\":\"https:\\\/\\\/exaudi.org\\\/it\\\/27-agosto-concistoro-per-la-creazione-di-nuovi-cardinali\\\/#article\",\"isPartOf\":{\"@id\":\"https:\\\/\\\/exaudi.org\\\/it\\\/27-agosto-concistoro-per-la-creazione-di-nuovi-cardinali\\\/\"},\"author\":{\"name\":\"Exaudi Staff\",\"@id\":\"https:\\\/\\\/exaudi.org\\\/#\\\/schema\\\/person\\\/f8d6bbcd3b747b47feaa29603390ae1d\"},\"headline\":\"27 agosto, Concistoro per la creazione di nuovi Cardinali\",\"datePublished\":\"2022-05-30T06:57:09+00:00\",\"dateModified\":\"2022-05-30T07:27:05+00:00\",\"mainEntityOfPage\":{\"@id\":\"https:\\\/\\\/exaudi.org\\\/it\\\/27-agosto-concistoro-per-la-creazione-di-nuovi-cardinali\\\/\"},\"wordCount\":5456,\"image\":{\"@id\":\"https:\\\/\\\/exaudi.org\\\/it\\\/27-agosto-concistoro-per-la-creazione-di-nuovi-cardinali\\\/#primaryimage\"},\"thumbnailUrl\":\"https:\\\/\\\/exaudi.org\\\/wp-content\\\/uploads\\\/2022\\\/05\\\/mt29052022121454_00100-scaled.jpg\",\"keywords\":[\"Papa Francesco\",\"Trending\",\"Vaticano\"],\"articleSection\":[\"Leone XIV\",\"Regina Coeli\"],\"inLanguage\":\"it-IT\"},{\"@type\":\"WebPage\",\"@id\":\"https:\\\/\\\/exaudi.org\\\/it\\\/27-agosto-concistoro-per-la-creazione-di-nuovi-cardinali\\\/\",\"url\":\"https:\\\/\\\/exaudi.org\\\/it\\\/27-agosto-concistoro-per-la-creazione-di-nuovi-cardinali\\\/\",\"name\":\"27 agosto, Concistoro per la creazione di nuovi Cardinali &#8211; Exaudi\",\"isPartOf\":{\"@id\":\"https:\\\/\\\/exaudi.org\\\/#website\"},\"primaryImageOfPage\":{\"@id\":\"https:\\\/\\\/exaudi.org\\\/it\\\/27-agosto-concistoro-per-la-creazione-di-nuovi-cardinali\\\/#primaryimage\"},\"image\":{\"@id\":\"https:\\\/\\\/exaudi.org\\\/it\\\/27-agosto-concistoro-per-la-creazione-di-nuovi-cardinali\\\/#primaryimage\"},\"thumbnailUrl\":\"https:\\\/\\\/exaudi.org\\\/wp-content\\\/uploads\\\/2022\\\/05\\\/mt29052022121454_00100-scaled.jpg\",\"datePublished\":\"2022-05-30T06:57:09+00:00\",\"dateModified\":\"2022-05-30T07:27:05+00:00\",\"author\":{\"@id\":\"https:\\\/\\\/exaudi.org\\\/#\\\/schema\\\/person\\\/f8d6bbcd3b747b47feaa29603390ae1d\"},\"breadcrumb\":{\"@id\":\"https:\\\/\\\/exaudi.org\\\/it\\\/27-agosto-concistoro-per-la-creazione-di-nuovi-cardinali\\\/#breadcrumb\"},\"inLanguage\":\"it-IT\",\"potentialAction\":[{\"@type\":\"ReadAction\",\"target\":[\"https:\\\/\\\/exaudi.org\\\/it\\\/27-agosto-concistoro-per-la-creazione-di-nuovi-cardinali\\\/\"]}]},{\"@type\":\"ImageObject\",\"inLanguage\":\"it-IT\",\"@id\":\"https:\\\/\\\/exaudi.org\\\/it\\\/27-agosto-concistoro-per-la-creazione-di-nuovi-cardinali\\\/#primaryimage\",\"url\":\"https:\\\/\\\/exaudi.org\\\/wp-content\\\/uploads\\\/2022\\\/05\\\/mt29052022121454_00100-scaled.jpg\",\"contentUrl\":\"https:\\\/\\\/exaudi.org\\\/wp-content\\\/uploads\\\/2022\\\/05\\\/mt29052022121454_00100-scaled.jpg\",\"width\":2560,\"height\":1707,\"caption\":\"Copyright Vatican Media\"},{\"@type\":\"BreadcrumbList\",\"@id\":\"https:\\\/\\\/exaudi.org\\\/it\\\/27-agosto-concistoro-per-la-creazione-di-nuovi-cardinali\\\/#breadcrumb\",\"itemListElement\":[{\"@type\":\"ListItem\",\"position\":1,\"name\":\"Portada\",\"item\":\"https:\\\/\\\/exaudi.org\\\/it\\\/\"},{\"@type\":\"ListItem\",\"position\":2,\"name\":\"27 agosto, Concistoro per la creazione di nuovi Cardinali\"}]},{\"@type\":\"WebSite\",\"@id\":\"https:\\\/\\\/exaudi.org\\\/#website\",\"url\":\"https:\\\/\\\/exaudi.org\\\/\",\"name\":\"Exaudi\",\"description\":\"News\",\"potentialAction\":[{\"@type\":\"SearchAction\",\"target\":{\"@type\":\"EntryPoint\",\"urlTemplate\":\"https:\\\/\\\/exaudi.org\\\/?s={search_term_string}\"},\"query-input\":{\"@type\":\"PropertyValueSpecification\",\"valueRequired\":true,\"valueName\":\"search_term_string\"}}],\"inLanguage\":\"it-IT\"},{\"@type\":\"Person\",\"@id\":\"https:\\\/\\\/exaudi.org\\\/#\\\/schema\\\/person\\\/f8d6bbcd3b747b47feaa29603390ae1d\",\"name\":\"Exaudi Staff\",\"image\":{\"@type\":\"ImageObject\",\"inLanguage\":\"it-IT\",\"@id\":\"https:\\\/\\\/secure.gravatar.com\\\/avatar\\\/5fd0540d43941e8f0345d5213d0fbbce6078ed0d3ffdabf3d36ae6f6b299dbff?s=96&d=mm&r=g\",\"url\":\"https:\\\/\\\/secure.gravatar.com\\\/avatar\\\/5fd0540d43941e8f0345d5213d0fbbce6078ed0d3ffdabf3d36ae6f6b299dbff?s=96&d=mm&r=g\",\"contentUrl\":\"https:\\\/\\\/secure.gravatar.com\\\/avatar\\\/5fd0540d43941e8f0345d5213d0fbbce6078ed0d3ffdabf3d36ae6f6b299dbff?s=96&d=mm&r=g\",\"caption\":\"Exaudi Staff\"},\"description\":\"What is Exaudi News? Exaudi News is an international Catholic media outlet that informs, shapes, and transforms daily in Spanish, English, and Italian. Through news, analytical articles, and live broadcasts of the Pope's events, Exaudi seeks to strengthen Christian unity and contribute to the evangelization of the world, always guided by the Church's social doctrine. We work to bring Christian truth and values \u200b\u200bto every corner of the planet. Help us transform the world with Exaudi! At Exaudi, we believe that evangelization and quality information can change lives. To continue our mission and expand our reach, we need your help. In addition, we are looking for committed people to join our team. With your support, we will reach more people, spread the message of Christ, and strengthen Christian unity. Will you join our mission? For more information on how to collaborate, visit Exaudi.org or contact us directly: info@exaudi.org Exaudi: Informs, educates, and transforms.\",\"sameAs\":[\"https:\\\/\\\/www.facebook.com\\\/ExaudiNews\",\"https:\\\/\\\/www.instagram.com\\\/exaudi_news\",\"https:\\\/\\\/x.com\\\/Exaudi_News\",\"https:\\\/\\\/www.youtube.com\\\/@exaudicatholicnews\"],\"url\":\"https:\\\/\\\/exaudi.org\\\/it\\\/author\\\/dfe\\\/\"}]}<\/script>\n<!-- \/ Yoast SEO plugin. -->","yoast_head_json":{"title":"27 agosto, Concistoro per la creazione di nuovi Cardinali &#8211; Exaudi","robots":{"index":"index","follow":"follow","max-snippet":"max-snippet:-1","max-image-preview":"max-image-preview:large","max-video-preview":"max-video-preview:-1"},"canonical":"https:\/\/exaudi.org\/it\/27-agosto-concistoro-per-la-creazione-di-nuovi-cardinali\/","og_locale":"it_IT","og_type":"article","og_title":"27 agosto, Concistoro per la creazione di nuovi Cardinali &#8211; Exaudi","og_description":"Ecco i nomi dei nuovi Cardinali","og_url":"https:\/\/exaudi.org\/it\/27-agosto-concistoro-per-la-creazione-di-nuovi-cardinali\/","og_site_name":"Exaudi","article_publisher":"https:\/\/www.facebook.com\/ExaudiNews","article_author":"https:\/\/www.facebook.com\/ExaudiNews","article_published_time":"2022-05-30T06:57:09+00:00","article_modified_time":"2022-05-30T07:27:05+00:00","og_image":[{"width":2560,"height":1707,"url":"https:\/\/exaudi.org\/wp-content\/uploads\/2022\/05\/mt29052022121454_00100-scaled.jpg","type":"image\/jpeg"}],"author":"Exaudi Staff","twitter_card":"summary_large_image","twitter_creator":"@Exaudi_News","twitter_site":"@Exaudi_News","twitter_misc":{"Scritto da":"Exaudi Staff","Tempo di lettura stimato":"25 minuti"},"schema":{"@context":"https:\/\/schema.org","@graph":[{"@type":"Article","@id":"https:\/\/exaudi.org\/it\/27-agosto-concistoro-per-la-creazione-di-nuovi-cardinali\/#article","isPartOf":{"@id":"https:\/\/exaudi.org\/it\/27-agosto-concistoro-per-la-creazione-di-nuovi-cardinali\/"},"author":{"name":"Exaudi Staff","@id":"https:\/\/exaudi.org\/#\/schema\/person\/f8d6bbcd3b747b47feaa29603390ae1d"},"headline":"27 agosto, Concistoro per la creazione di nuovi Cardinali","datePublished":"2022-05-30T06:57:09+00:00","dateModified":"2022-05-30T07:27:05+00:00","mainEntityOfPage":{"@id":"https:\/\/exaudi.org\/it\/27-agosto-concistoro-per-la-creazione-di-nuovi-cardinali\/"},"wordCount":5456,"image":{"@id":"https:\/\/exaudi.org\/it\/27-agosto-concistoro-per-la-creazione-di-nuovi-cardinali\/#primaryimage"},"thumbnailUrl":"https:\/\/exaudi.org\/wp-content\/uploads\/2022\/05\/mt29052022121454_00100-scaled.jpg","keywords":["Papa Francesco","Trending","Vaticano"],"articleSection":["Leone XIV","Regina Coeli"],"inLanguage":"it-IT"},{"@type":"WebPage","@id":"https:\/\/exaudi.org\/it\/27-agosto-concistoro-per-la-creazione-di-nuovi-cardinali\/","url":"https:\/\/exaudi.org\/it\/27-agosto-concistoro-per-la-creazione-di-nuovi-cardinali\/","name":"27 agosto, Concistoro per la creazione di nuovi Cardinali &#8211; Exaudi","isPartOf":{"@id":"https:\/\/exaudi.org\/#website"},"primaryImageOfPage":{"@id":"https:\/\/exaudi.org\/it\/27-agosto-concistoro-per-la-creazione-di-nuovi-cardinali\/#primaryimage"},"image":{"@id":"https:\/\/exaudi.org\/it\/27-agosto-concistoro-per-la-creazione-di-nuovi-cardinali\/#primaryimage"},"thumbnailUrl":"https:\/\/exaudi.org\/wp-content\/uploads\/2022\/05\/mt29052022121454_00100-scaled.jpg","datePublished":"2022-05-30T06:57:09+00:00","dateModified":"2022-05-30T07:27:05+00:00","author":{"@id":"https:\/\/exaudi.org\/#\/schema\/person\/f8d6bbcd3b747b47feaa29603390ae1d"},"breadcrumb":{"@id":"https:\/\/exaudi.org\/it\/27-agosto-concistoro-per-la-creazione-di-nuovi-cardinali\/#breadcrumb"},"inLanguage":"it-IT","potentialAction":[{"@type":"ReadAction","target":["https:\/\/exaudi.org\/it\/27-agosto-concistoro-per-la-creazione-di-nuovi-cardinali\/"]}]},{"@type":"ImageObject","inLanguage":"it-IT","@id":"https:\/\/exaudi.org\/it\/27-agosto-concistoro-per-la-creazione-di-nuovi-cardinali\/#primaryimage","url":"https:\/\/exaudi.org\/wp-content\/uploads\/2022\/05\/mt29052022121454_00100-scaled.jpg","contentUrl":"https:\/\/exaudi.org\/wp-content\/uploads\/2022\/05\/mt29052022121454_00100-scaled.jpg","width":2560,"height":1707,"caption":"Copyright Vatican Media"},{"@type":"BreadcrumbList","@id":"https:\/\/exaudi.org\/it\/27-agosto-concistoro-per-la-creazione-di-nuovi-cardinali\/#breadcrumb","itemListElement":[{"@type":"ListItem","position":1,"name":"Portada","item":"https:\/\/exaudi.org\/it\/"},{"@type":"ListItem","position":2,"name":"27 agosto, Concistoro per la creazione di nuovi Cardinali"}]},{"@type":"WebSite","@id":"https:\/\/exaudi.org\/#website","url":"https:\/\/exaudi.org\/","name":"Exaudi","description":"News","potentialAction":[{"@type":"SearchAction","target":{"@type":"EntryPoint","urlTemplate":"https:\/\/exaudi.org\/?s={search_term_string}"},"query-input":{"@type":"PropertyValueSpecification","valueRequired":true,"valueName":"search_term_string"}}],"inLanguage":"it-IT"},{"@type":"Person","@id":"https:\/\/exaudi.org\/#\/schema\/person\/f8d6bbcd3b747b47feaa29603390ae1d","name":"Exaudi Staff","image":{"@type":"ImageObject","inLanguage":"it-IT","@id":"https:\/\/secure.gravatar.com\/avatar\/5fd0540d43941e8f0345d5213d0fbbce6078ed0d3ffdabf3d36ae6f6b299dbff?s=96&d=mm&r=g","url":"https:\/\/secure.gravatar.com\/avatar\/5fd0540d43941e8f0345d5213d0fbbce6078ed0d3ffdabf3d36ae6f6b299dbff?s=96&d=mm&r=g","contentUrl":"https:\/\/secure.gravatar.com\/avatar\/5fd0540d43941e8f0345d5213d0fbbce6078ed0d3ffdabf3d36ae6f6b299dbff?s=96&d=mm&r=g","caption":"Exaudi Staff"},"description":"What is Exaudi News? Exaudi News is an international Catholic media outlet that informs, shapes, and transforms daily in Spanish, English, and Italian. Through news, analytical articles, and live broadcasts of the Pope's events, Exaudi seeks to strengthen Christian unity and contribute to the evangelization of the world, always guided by the Church's social doctrine. We work to bring Christian truth and values \u200b\u200bto every corner of the planet. Help us transform the world with Exaudi! At Exaudi, we believe that evangelization and quality information can change lives. To continue our mission and expand our reach, we need your help. In addition, we are looking for committed people to join our team. With your support, we will reach more people, spread the message of Christ, and strengthen Christian unity. Will you join our mission? For more information on how to collaborate, visit Exaudi.org or contact us directly: info@exaudi.org Exaudi: Informs, educates, and transforms.","sameAs":["https:\/\/www.facebook.com\/ExaudiNews","https:\/\/www.instagram.com\/exaudi_news","https:\/\/x.com\/Exaudi_News","https:\/\/www.youtube.com\/@exaudicatholicnews"],"url":"https:\/\/exaudi.org\/it\/author\/dfe\/"}]}},"jetpack_featured_media_url":"https:\/\/exaudi.org\/wp-content\/uploads\/2022\/05\/mt29052022121454_00100-scaled.jpg","jetpack_shortlink":"https:\/\/wp.me\/pgKjF2-eX7","_links":{"self":[{"href":"https:\/\/exaudi.org\/it\/wp-json\/wp\/v2\/posts\/57481","targetHints":{"allow":["GET"]}}],"collection":[{"href":"https:\/\/exaudi.org\/it\/wp-json\/wp\/v2\/posts"}],"about":[{"href":"https:\/\/exaudi.org\/it\/wp-json\/wp\/v2\/types\/post"}],"author":[{"embeddable":true,"href":"https:\/\/exaudi.org\/it\/wp-json\/wp\/v2\/users\/14"}],"replies":[{"embeddable":true,"href":"https:\/\/exaudi.org\/it\/wp-json\/wp\/v2\/comments?post=57481"}],"version-history":[{"count":0,"href":"https:\/\/exaudi.org\/it\/wp-json\/wp\/v2\/posts\/57481\/revisions"}],"wp:featuredmedia":[{"embeddable":true,"href":"https:\/\/exaudi.org\/it\/wp-json\/wp\/v2\/media\/57477"}],"wp:attachment":[{"href":"https:\/\/exaudi.org\/it\/wp-json\/wp\/v2\/media?parent=57481"}],"wp:term":[{"taxonomy":"category","embeddable":true,"href":"https:\/\/exaudi.org\/it\/wp-json\/wp\/v2\/categories?post=57481"},{"taxonomy":"post_tag","embeddable":true,"href":"https:\/\/exaudi.org\/it\/wp-json\/wp\/v2\/tags?post=57481"}],"curies":[{"name":"wp","href":"https:\/\/api.w.org\/{rel}","templated":true}]}}