{"id":57134,"date":"2022-05-21T17:04:36","date_gmt":"2022-05-21T15:04:36","guid":{"rendered":"https:\/\/exaudi.org\/?p=57134"},"modified":"2022-05-22T05:05:20","modified_gmt":"2022-05-22T03:05:20","slug":"costruire-nuove-strade-per-trasformare-vite","status":"publish","type":"post","link":"https:\/\/exaudi.org\/it\/costruire-nuove-strade-per-trasformare-vite\/","title":{"rendered":"\u201cCostruire nuove strade per trasformare vite\u201d"},"content":{"rendered":"<p>Questa mattina, nel Palazzo Apostolico Vaticano, il Santo Padre Francesco ha ricevuto in Udienza i Partecipanti al 46\u00b0 Capitolo Generale dei Fratelli delle Scuole Cristiane e ha rivolto loro il discorso che pubblichiamo di seguito:<\/p>\n<p><strong>Discorso del Santo Padre<\/strong><\/p>\n<p>Cari fratelli, buongiorno e benvenuti!<\/p>\n<p>Ringrazio il Superiore Generale per le sue parole, anche per il \u201cLolo Kiko\u201d [saluto filippino: \u201cnonno Francesco\u201d], e formulo i migliori auguri a lui e al suo consiglio. Sono contento di incontrarvi in occasione del vostro 46\u00b0 Capitolo Generale, che ha per tema \u201cCostruire nuove strade per trasformare vite\u201d. \u00c8 bello intendere il Capitolo cos\u00ec, camminando, come un cantiere di nuove strade, che conducano incontro ai fratelli, specialmente ai pi\u00f9 poveri. Ma noi sappiamo che la \u201cVia\u201d, la strada veramente nuova, \u00e8 Ges\u00f9 Cristo: seguendo Lui, camminando con Lui, la nostra vita viene trasformata, e diventiamo a nostra volta lievito, sale, luce.<\/p>\n<p>Per voi, secondo il carisma di San Giovanni Battista de la Salle, queste \u201cnuove strade\u201d sono anzitutto <em>percorsi di educazione<\/em>, da realizzare nelle scuole, nei collegi, nelle universit\u00e0 che portate avanti in circa cento Paesi nei quali siete presenti. Una bella responsabilit\u00e0! Ne ringrazio con voi il Signore, perch\u00e9 il lavoro educativo \u00e8 un grande dono prima di tutto per chi lo compie: \u00e8 un lavoro che chiede molto, ma che d\u00e0 molto! La relazione costante con gli educatori, con i genitori, e specialmente con i ragazzi e i giovani \u00e8 una fonte sempre viva di umanit\u00e0, pur con tutte le fatiche e le problematiche che comporta.<\/p>\n<figure id=\"attachment_57155\" aria-describedby=\"caption-attachment-57155\" style=\"width: 300px\" class=\"wp-caption alignleft\"><img loading=\"lazy\" decoding=\"async\" class=\"size-medium wp-image-57155\" src=\"https:\/\/exaudi.org\/wp-content\/uploads\/2022\/05\/MTC9039-300x200.jpg\" alt=\"\u00a9 Vatican Media\" width=\"300\" height=\"200\" srcset=\"https:\/\/exaudi.org\/wp-content\/uploads\/2022\/05\/MTC9039-300x200.jpg 300w, https:\/\/exaudi.org\/wp-content\/uploads\/2022\/05\/MTC9039-1024x683.jpg 1024w, https:\/\/exaudi.org\/wp-content\/uploads\/2022\/05\/MTC9039-770x513.jpg 770w, https:\/\/exaudi.org\/wp-content\/uploads\/2022\/05\/MTC9039-1536x1024.jpg 1536w, https:\/\/exaudi.org\/wp-content\/uploads\/2022\/05\/MTC9039-2048x1365.jpg 2048w, https:\/\/exaudi.org\/wp-content\/uploads\/2022\/05\/MTC9039-360x240.jpg?crop=1 360w, https:\/\/exaudi.org\/wp-content\/uploads\/2022\/05\/MTC9039-500x333.jpg 500w, https:\/\/exaudi.org\/wp-content\/uploads\/2022\/05\/MTC9039-1155x770.jpg 1155w, https:\/\/exaudi.org\/wp-content\/uploads\/2022\/05\/MTC9039-370x247.jpg 370w, https:\/\/exaudi.org\/wp-content\/uploads\/2022\/05\/MTC9039-293x195.jpg 293w, https:\/\/exaudi.org\/wp-content\/uploads\/2022\/05\/MTC9039-1400x933.jpg 1400w, https:\/\/exaudi.org\/wp-content\/uploads\/2022\/05\/MTC9039-120x80.jpg 120w, https:\/\/exaudi.org\/wp-content\/uploads\/2022\/05\/MTC9039-240x160.jpg 240w, https:\/\/exaudi.org\/wp-content\/uploads\/2022\/05\/MTC9039-390x260.jpg 390w\" sizes=\"auto, (max-width: 300px) 100vw, 300px\" \/><figcaption id=\"caption-attachment-57155\" class=\"wp-caption-text\">\u00a9 Vatican Media<\/figcaption><\/figure>\n<p>In questa relazione, in questo cammino che fate con loro, voi offrite i valori della vostra ricca tradizione pedagogica: educate alla responsabilit\u00e0, alla creativit\u00e0, alla convivenza, alla giustizia, alla pace; educate alla vita interiore, ad essere aperti al trascendente, al senso dello stupore e della contemplazione di fronte al mistero della vita e del creato. Tutto questo voi lo vivete e lo interpretate in Cristo, e lo traducete in pienezza di umanit\u00e0. Mi viene in mente il motto di San Giovanni Paolo II nella <em>Redemptor hominis<\/em>: \u201cL\u2019uomo \u00e8 la via della Chiesa\u201d. Voi attuate questo motto nella missione educativa. \u00c8 il vostro modo di realizzare quello che scrive San Paolo: \u201cformare Cristo in voi\u201d (cfr <em>Gal<\/em> 4,19). \u00c8 il vostro apostolato, educare cos\u00ec, il vostro apporto specifico all\u2019evangelizzazione: far crescere l\u2019umano secondo Cristo. In questo senso le vostre scuole sono \u201ccristiane\u201d, non per un\u2019etichetta esteriore, ma perch\u00e9 vanno su questa strada.<\/p>\n<p>Siamo consapevoli che il mondo sta vivendo un\u2019emergenza educativa. Si \u00e8 rotto il patto educativo, \u00e8 rotto, e adesso lo Stato, gli educatori e la famiglia sono separati. Dobbiamo cercare un nuovo patto che sia comunicazione, lavorare insieme. Questa emergenza educativa \u00e8 resa pi\u00f9 acuta dalle conseguenze della pandemia. Le due grandi sfide del nostro tempo: la sfida della <em>fraternit\u00e0<\/em> e la sfida <em>della<\/em> cura della casa <em>comune<\/em>, non possono trovare risposta se non attraverso l\u2019educazione. Entrambe sono anzitutto <em>sfide educative<\/em>. E grazie a Dio la comunit\u00e0 cristiana non solo ne \u00e8 consapevole, ma \u00e8 impegnata in questo lavoro, da tempo sta cercando di \u201ccostruire nuove strade per trasformare\u201d lo stile di vita. E voi, fratelli, fate parte di questo cantiere, anzi, siete in prima linea, educando a passare da un mondo chiuso a un mondo aperto; da una cultura dell\u2019usa-e-getta a una cultura della cura; da una cultura dello scarto a una cultura dell\u2019integrazione; dalla ricerca degli interessi di parte alla ricerca del bene comune. Come educatori voi sapete bene che questa trasformazione deve partire dalle coscienze, oppure sar\u00e0 solo di facciata. E sapete anche che non potete fare questo lavoro da soli, ma cooperando in \u201calleanza educativa\u201d con le famiglie, con le comunit\u00e0 e le aggregazioni ecclesiali, con le realt\u00e0 formative presenti nel territorio.<\/p>\n<p>Questo, cari fratelli, \u00e8 il vostro campo di lavoro. Ma per essere buoni operai, non dovete trascurare voi stessi! Non potete dare ai giovani quello che non avete dentro di voi. L\u2019educatore cristiano, alla scuola di Cristo, \u00e8 anzitutto testimone, ed \u00e8 maestro nella misura in cui \u00e8 testimone. Non ho niente da insegnarvi in questo, ma solo, come fratello, voglio ricordarvelo: testimonianza. E soprattutto prego per voi, perch\u00e9 siate fratelli non solo di nome ma di fatto. E perch\u00e9 le vostre scuole siano cristiane non di nome, ma di fatto.<\/p>\n<p>Grazie per quello che siete e che fate! Andate avanti con la gioia di <em>evangelizzare<\/em> educando e di educare <em>evangelizzando<\/em>. Benedico voi e tutte le vostre comunit\u00e0. E voi, per favore, non dimenticatevi di pregare per me. Grazie!<\/p>\n","protected":false},"excerpt":{"rendered":"<p> La strada veramente nuova, \u00e8 Ges\u00f9 Cristo: seguendo Lui e camminando con Lui<\/p>\n","protected":false},"author":17,"featured_media":57135,"comment_status":"closed","ping_status":"closed","sticky":false,"template":"","format":"standard","meta":{"_acf_changed":false,"_crdt_document":"","inline_featured_image":false,"footnotes":""},"categories":[123,67],"tags":[251,1843],"class_list":["post-57134","post","type-post","status-publish","format-standard","has-post-thumbnail","hentry","category-discorsi","category-leone-xiv","tag-papa-francesco","tag-udienza"],"acf":[],"yoast_head":"<!-- This site is optimized with the Yoast SEO plugin v27.5 - https:\/\/yoast.com\/product\/yoast-seo-wordpress\/ -->\n<title>\u201cCostruire nuove strade per trasformare vite\u201d &#8211; Exaudi<\/title>\n<meta name=\"robots\" content=\"index, follow, max-snippet:-1, max-image-preview:large, max-video-preview:-1\" \/>\n<link rel=\"canonical\" href=\"https:\/\/exaudi.org\/it\/costruire-nuove-strade-per-trasformare-vite\/\" \/>\n<meta property=\"og:locale\" content=\"it_IT\" \/>\n<meta property=\"og:type\" content=\"article\" \/>\n<meta property=\"og:title\" content=\"\u201cCostruire nuove strade per trasformare vite\u201d &#8211; Exaudi\" \/>\n<meta property=\"og:description\" content=\"La strada veramente nuova, \u00e8 Ges\u00f9 Cristo: seguendo Lui e camminando con Lui\" \/>\n<meta property=\"og:url\" content=\"https:\/\/exaudi.org\/it\/costruire-nuove-strade-per-trasformare-vite\/\" \/>\n<meta property=\"og:site_name\" content=\"Exaudi\" \/>\n<meta property=\"article:publisher\" content=\"https:\/\/www.facebook.com\/ExaudiNews\" \/>\n<meta property=\"article:author\" content=\"https:\/\/www.facebook.com\/ExaudiNotizie\/\" \/>\n<meta property=\"article:published_time\" content=\"2022-05-21T15:04:36+00:00\" \/>\n<meta property=\"article:modified_time\" content=\"2022-05-22T03:05:20+00:00\" \/>\n<meta property=\"og:image\" content=\"https:\/\/exaudi.org\/wp-content\/uploads\/2022\/05\/Catequesis-del-Papa-1400x933-2.jpg\" \/>\n\t<meta property=\"og:image:width\" content=\"1280\" \/>\n\t<meta property=\"og:image:height\" content=\"853\" \/>\n\t<meta property=\"og:image:type\" content=\"image\/jpeg\" \/>\n<meta name=\"author\" content=\"Exaudi Redazione\" \/>\n<meta name=\"twitter:card\" content=\"summary_large_image\" \/>\n<meta name=\"twitter:creator\" content=\"@Exaudi_Notizie\" \/>\n<meta name=\"twitter:site\" content=\"@Exaudi_News\" \/>\n<meta name=\"twitter:label1\" content=\"Scritto da\" \/>\n\t<meta name=\"twitter:data1\" content=\"Exaudi Redazione\" \/>\n\t<meta name=\"twitter:label2\" content=\"Tempo di lettura stimato\" \/>\n\t<meta name=\"twitter:data2\" content=\"4 minuti\" \/>\n<script type=\"application\/ld+json\" class=\"yoast-schema-graph\">{\"@context\":\"https:\\\/\\\/schema.org\",\"@graph\":[{\"@type\":\"Article\",\"@id\":\"https:\\\/\\\/exaudi.org\\\/it\\\/costruire-nuove-strade-per-trasformare-vite\\\/#article\",\"isPartOf\":{\"@id\":\"https:\\\/\\\/exaudi.org\\\/it\\\/costruire-nuove-strade-per-trasformare-vite\\\/\"},\"author\":{\"name\":\"Exaudi Redazione\",\"@id\":\"https:\\\/\\\/exaudi.org\\\/#\\\/schema\\\/person\\\/e1ab6ed07c01774724dd96f925f3a5f0\"},\"headline\":\"\u201cCostruire nuove strade per trasformare vite\u201d\",\"datePublished\":\"2022-05-21T15:04:36+00:00\",\"dateModified\":\"2022-05-22T03:05:20+00:00\",\"mainEntityOfPage\":{\"@id\":\"https:\\\/\\\/exaudi.org\\\/it\\\/costruire-nuove-strade-per-trasformare-vite\\\/\"},\"wordCount\":753,\"image\":{\"@id\":\"https:\\\/\\\/exaudi.org\\\/it\\\/costruire-nuove-strade-per-trasformare-vite\\\/#primaryimage\"},\"thumbnailUrl\":\"https:\\\/\\\/exaudi.org\\\/wp-content\\\/uploads\\\/2022\\\/05\\\/Catequesis-del-Papa-1400x933-2.jpg\",\"keywords\":[\"Papa Francesco\",\"udienza\"],\"articleSection\":[\"Discorsi\",\"Leone XIV\"],\"inLanguage\":\"it-IT\"},{\"@type\":\"WebPage\",\"@id\":\"https:\\\/\\\/exaudi.org\\\/it\\\/costruire-nuove-strade-per-trasformare-vite\\\/\",\"url\":\"https:\\\/\\\/exaudi.org\\\/it\\\/costruire-nuove-strade-per-trasformare-vite\\\/\",\"name\":\"\u201cCostruire nuove strade per trasformare vite\u201d &#8211; Exaudi\",\"isPartOf\":{\"@id\":\"https:\\\/\\\/exaudi.org\\\/#website\"},\"primaryImageOfPage\":{\"@id\":\"https:\\\/\\\/exaudi.org\\\/it\\\/costruire-nuove-strade-per-trasformare-vite\\\/#primaryimage\"},\"image\":{\"@id\":\"https:\\\/\\\/exaudi.org\\\/it\\\/costruire-nuove-strade-per-trasformare-vite\\\/#primaryimage\"},\"thumbnailUrl\":\"https:\\\/\\\/exaudi.org\\\/wp-content\\\/uploads\\\/2022\\\/05\\\/Catequesis-del-Papa-1400x933-2.jpg\",\"datePublished\":\"2022-05-21T15:04:36+00:00\",\"dateModified\":\"2022-05-22T03:05:20+00:00\",\"author\":{\"@id\":\"https:\\\/\\\/exaudi.org\\\/#\\\/schema\\\/person\\\/e1ab6ed07c01774724dd96f925f3a5f0\"},\"breadcrumb\":{\"@id\":\"https:\\\/\\\/exaudi.org\\\/it\\\/costruire-nuove-strade-per-trasformare-vite\\\/#breadcrumb\"},\"inLanguage\":\"it-IT\",\"potentialAction\":[{\"@type\":\"ReadAction\",\"target\":[\"https:\\\/\\\/exaudi.org\\\/it\\\/costruire-nuove-strade-per-trasformare-vite\\\/\"]}]},{\"@type\":\"ImageObject\",\"inLanguage\":\"it-IT\",\"@id\":\"https:\\\/\\\/exaudi.org\\\/it\\\/costruire-nuove-strade-per-trasformare-vite\\\/#primaryimage\",\"url\":\"https:\\\/\\\/exaudi.org\\\/wp-content\\\/uploads\\\/2022\\\/05\\\/Catequesis-del-Papa-1400x933-2.jpg\",\"contentUrl\":\"https:\\\/\\\/exaudi.org\\\/wp-content\\\/uploads\\\/2022\\\/05\\\/Catequesis-del-Papa-1400x933-2.jpg\",\"width\":1280,\"height\":853,\"caption\":\"\u00a9 Vatican Media\"},{\"@type\":\"BreadcrumbList\",\"@id\":\"https:\\\/\\\/exaudi.org\\\/it\\\/costruire-nuove-strade-per-trasformare-vite\\\/#breadcrumb\",\"itemListElement\":[{\"@type\":\"ListItem\",\"position\":1,\"name\":\"Portada\",\"item\":\"https:\\\/\\\/exaudi.org\\\/it\\\/\"},{\"@type\":\"ListItem\",\"position\":2,\"name\":\"\u201cCostruire nuove strade per trasformare vite\u201d\"}]},{\"@type\":\"WebSite\",\"@id\":\"https:\\\/\\\/exaudi.org\\\/#website\",\"url\":\"https:\\\/\\\/exaudi.org\\\/\",\"name\":\"Exaudi\",\"description\":\"News\",\"potentialAction\":[{\"@type\":\"SearchAction\",\"target\":{\"@type\":\"EntryPoint\",\"urlTemplate\":\"https:\\\/\\\/exaudi.org\\\/?s={search_term_string}\"},\"query-input\":{\"@type\":\"PropertyValueSpecification\",\"valueRequired\":true,\"valueName\":\"search_term_string\"}}],\"inLanguage\":\"it-IT\"},{\"@type\":\"Person\",\"@id\":\"https:\\\/\\\/exaudi.org\\\/#\\\/schema\\\/person\\\/e1ab6ed07c01774724dd96f925f3a5f0\",\"name\":\"Exaudi Redazione\",\"image\":{\"@type\":\"ImageObject\",\"inLanguage\":\"it-IT\",\"@id\":\"https:\\\/\\\/secure.gravatar.com\\\/avatar\\\/ad6774b3ada023bf5b939d64f45c94b3adf91502dd883507d469b4308a943bb3?s=96&d=mm&r=g\",\"url\":\"https:\\\/\\\/secure.gravatar.com\\\/avatar\\\/ad6774b3ada023bf5b939d64f45c94b3adf91502dd883507d469b4308a943bb3?s=96&d=mm&r=g\",\"contentUrl\":\"https:\\\/\\\/secure.gravatar.com\\\/avatar\\\/ad6774b3ada023bf5b939d64f45c94b3adf91502dd883507d469b4308a943bb3?s=96&d=mm&r=g\",\"caption\":\"Exaudi Redazione\"},\"description\":\"Che cosa \u00e8 Exaudi News? Exaudi News \u00e8 un agenzia cattolica internazionale che informa, istruisce e trasforma quotidianamente in spagnolo, inglese e italiano. Attraverso notizie, articoli di analisi e trasmissioni in diretta degli eventi del Papa, Exaudi cerca di rafforzare l'unit\u00e0 dei cristiani e di contribuire all'evangelizzazione del mondo, sempre guidato dalla dottrina sociale della Chiesa. Lavoriamo per portare la verit\u00e0 e i valori cristiani in ogni angolo del pianeta. Aiutaci a trasformare il mondo con Exaudi! Noi di Exaudi crediamo che l'evangelizzazione e l'informazione di qualit\u00e0 possano cambiare la vita. Per continuare la nostra missione ed espandere la nostra portata, abbiamo bisogno del tuo aiuto. Stiamo anche cercando persone motivate che vogliano unirsi al nostro team. Grazie al vostro sostegno raggiungeremo pi\u00f9 persone, diffonderemo il messaggio di Cristo e rafforzeremo l'unit\u00e0 dei cristiani. Vuoi unirti alla nostra missione? Per maggiori informazioni su come contribuire, visita Exaudi.org\\\/it o contattaci direttamente: info@exaudi.org Exaudi: informa, forma e trasforma.\",\"sameAs\":[\"https:\\\/\\\/www.facebook.com\\\/ExaudiNotizie\\\/\",\"https:\\\/\\\/www.instagram.com\\\/Exaudi_notizie\\\/\",\"https:\\\/\\\/x.com\\\/Exaudi_Notizie\",\"https:\\\/\\\/www.youtube.com\\\/@exaudicatholicnews\"],\"url\":\"https:\\\/\\\/exaudi.org\\\/it\\\/author\\\/dlvedi-org\\\/\"}]}<\/script>\n<!-- \/ Yoast SEO plugin. -->","yoast_head_json":{"title":"\u201cCostruire nuove strade per trasformare vite\u201d &#8211; Exaudi","robots":{"index":"index","follow":"follow","max-snippet":"max-snippet:-1","max-image-preview":"max-image-preview:large","max-video-preview":"max-video-preview:-1"},"canonical":"https:\/\/exaudi.org\/it\/costruire-nuove-strade-per-trasformare-vite\/","og_locale":"it_IT","og_type":"article","og_title":"\u201cCostruire nuove strade per trasformare vite\u201d &#8211; Exaudi","og_description":"La strada veramente nuova, \u00e8 Ges\u00f9 Cristo: seguendo Lui e camminando con Lui","og_url":"https:\/\/exaudi.org\/it\/costruire-nuove-strade-per-trasformare-vite\/","og_site_name":"Exaudi","article_publisher":"https:\/\/www.facebook.com\/ExaudiNews","article_author":"https:\/\/www.facebook.com\/ExaudiNotizie\/","article_published_time":"2022-05-21T15:04:36+00:00","article_modified_time":"2022-05-22T03:05:20+00:00","og_image":[{"width":1280,"height":853,"url":"https:\/\/exaudi.org\/wp-content\/uploads\/2022\/05\/Catequesis-del-Papa-1400x933-2.jpg","type":"image\/jpeg"}],"author":"Exaudi Redazione","twitter_card":"summary_large_image","twitter_creator":"@Exaudi_Notizie","twitter_site":"@Exaudi_News","twitter_misc":{"Scritto da":"Exaudi Redazione","Tempo di lettura stimato":"4 minuti"},"schema":{"@context":"https:\/\/schema.org","@graph":[{"@type":"Article","@id":"https:\/\/exaudi.org\/it\/costruire-nuove-strade-per-trasformare-vite\/#article","isPartOf":{"@id":"https:\/\/exaudi.org\/it\/costruire-nuove-strade-per-trasformare-vite\/"},"author":{"name":"Exaudi Redazione","@id":"https:\/\/exaudi.org\/#\/schema\/person\/e1ab6ed07c01774724dd96f925f3a5f0"},"headline":"\u201cCostruire nuove strade per trasformare vite\u201d","datePublished":"2022-05-21T15:04:36+00:00","dateModified":"2022-05-22T03:05:20+00:00","mainEntityOfPage":{"@id":"https:\/\/exaudi.org\/it\/costruire-nuove-strade-per-trasformare-vite\/"},"wordCount":753,"image":{"@id":"https:\/\/exaudi.org\/it\/costruire-nuove-strade-per-trasformare-vite\/#primaryimage"},"thumbnailUrl":"https:\/\/exaudi.org\/wp-content\/uploads\/2022\/05\/Catequesis-del-Papa-1400x933-2.jpg","keywords":["Papa Francesco","udienza"],"articleSection":["Discorsi","Leone XIV"],"inLanguage":"it-IT"},{"@type":"WebPage","@id":"https:\/\/exaudi.org\/it\/costruire-nuove-strade-per-trasformare-vite\/","url":"https:\/\/exaudi.org\/it\/costruire-nuove-strade-per-trasformare-vite\/","name":"\u201cCostruire nuove strade per trasformare vite\u201d &#8211; Exaudi","isPartOf":{"@id":"https:\/\/exaudi.org\/#website"},"primaryImageOfPage":{"@id":"https:\/\/exaudi.org\/it\/costruire-nuove-strade-per-trasformare-vite\/#primaryimage"},"image":{"@id":"https:\/\/exaudi.org\/it\/costruire-nuove-strade-per-trasformare-vite\/#primaryimage"},"thumbnailUrl":"https:\/\/exaudi.org\/wp-content\/uploads\/2022\/05\/Catequesis-del-Papa-1400x933-2.jpg","datePublished":"2022-05-21T15:04:36+00:00","dateModified":"2022-05-22T03:05:20+00:00","author":{"@id":"https:\/\/exaudi.org\/#\/schema\/person\/e1ab6ed07c01774724dd96f925f3a5f0"},"breadcrumb":{"@id":"https:\/\/exaudi.org\/it\/costruire-nuove-strade-per-trasformare-vite\/#breadcrumb"},"inLanguage":"it-IT","potentialAction":[{"@type":"ReadAction","target":["https:\/\/exaudi.org\/it\/costruire-nuove-strade-per-trasformare-vite\/"]}]},{"@type":"ImageObject","inLanguage":"it-IT","@id":"https:\/\/exaudi.org\/it\/costruire-nuove-strade-per-trasformare-vite\/#primaryimage","url":"https:\/\/exaudi.org\/wp-content\/uploads\/2022\/05\/Catequesis-del-Papa-1400x933-2.jpg","contentUrl":"https:\/\/exaudi.org\/wp-content\/uploads\/2022\/05\/Catequesis-del-Papa-1400x933-2.jpg","width":1280,"height":853,"caption":"\u00a9 Vatican Media"},{"@type":"BreadcrumbList","@id":"https:\/\/exaudi.org\/it\/costruire-nuove-strade-per-trasformare-vite\/#breadcrumb","itemListElement":[{"@type":"ListItem","position":1,"name":"Portada","item":"https:\/\/exaudi.org\/it\/"},{"@type":"ListItem","position":2,"name":"\u201cCostruire nuove strade per trasformare vite\u201d"}]},{"@type":"WebSite","@id":"https:\/\/exaudi.org\/#website","url":"https:\/\/exaudi.org\/","name":"Exaudi","description":"News","potentialAction":[{"@type":"SearchAction","target":{"@type":"EntryPoint","urlTemplate":"https:\/\/exaudi.org\/?s={search_term_string}"},"query-input":{"@type":"PropertyValueSpecification","valueRequired":true,"valueName":"search_term_string"}}],"inLanguage":"it-IT"},{"@type":"Person","@id":"https:\/\/exaudi.org\/#\/schema\/person\/e1ab6ed07c01774724dd96f925f3a5f0","name":"Exaudi Redazione","image":{"@type":"ImageObject","inLanguage":"it-IT","@id":"https:\/\/secure.gravatar.com\/avatar\/ad6774b3ada023bf5b939d64f45c94b3adf91502dd883507d469b4308a943bb3?s=96&d=mm&r=g","url":"https:\/\/secure.gravatar.com\/avatar\/ad6774b3ada023bf5b939d64f45c94b3adf91502dd883507d469b4308a943bb3?s=96&d=mm&r=g","contentUrl":"https:\/\/secure.gravatar.com\/avatar\/ad6774b3ada023bf5b939d64f45c94b3adf91502dd883507d469b4308a943bb3?s=96&d=mm&r=g","caption":"Exaudi Redazione"},"description":"Che cosa \u00e8 Exaudi News? Exaudi News \u00e8 un agenzia cattolica internazionale che informa, istruisce e trasforma quotidianamente in spagnolo, inglese e italiano. Attraverso notizie, articoli di analisi e trasmissioni in diretta degli eventi del Papa, Exaudi cerca di rafforzare l'unit\u00e0 dei cristiani e di contribuire all'evangelizzazione del mondo, sempre guidato dalla dottrina sociale della Chiesa. Lavoriamo per portare la verit\u00e0 e i valori cristiani in ogni angolo del pianeta. Aiutaci a trasformare il mondo con Exaudi! Noi di Exaudi crediamo che l'evangelizzazione e l'informazione di qualit\u00e0 possano cambiare la vita. Per continuare la nostra missione ed espandere la nostra portata, abbiamo bisogno del tuo aiuto. Stiamo anche cercando persone motivate che vogliano unirsi al nostro team. Grazie al vostro sostegno raggiungeremo pi\u00f9 persone, diffonderemo il messaggio di Cristo e rafforzeremo l'unit\u00e0 dei cristiani. Vuoi unirti alla nostra missione? Per maggiori informazioni su come contribuire, visita Exaudi.org\/it o contattaci direttamente: info@exaudi.org Exaudi: informa, forma e trasforma.","sameAs":["https:\/\/www.facebook.com\/ExaudiNotizie\/","https:\/\/www.instagram.com\/Exaudi_notizie\/","https:\/\/x.com\/Exaudi_Notizie","https:\/\/www.youtube.com\/@exaudicatholicnews"],"url":"https:\/\/exaudi.org\/it\/author\/dlvedi-org\/"}]}},"jetpack_featured_media_url":"https:\/\/exaudi.org\/wp-content\/uploads\/2022\/05\/Catequesis-del-Papa-1400x933-2.jpg","jetpack_shortlink":"https:\/\/wp.me\/pgKjF2-eRw","_links":{"self":[{"href":"https:\/\/exaudi.org\/it\/wp-json\/wp\/v2\/posts\/57134","targetHints":{"allow":["GET"]}}],"collection":[{"href":"https:\/\/exaudi.org\/it\/wp-json\/wp\/v2\/posts"}],"about":[{"href":"https:\/\/exaudi.org\/it\/wp-json\/wp\/v2\/types\/post"}],"author":[{"embeddable":true,"href":"https:\/\/exaudi.org\/it\/wp-json\/wp\/v2\/users\/17"}],"replies":[{"embeddable":true,"href":"https:\/\/exaudi.org\/it\/wp-json\/wp\/v2\/comments?post=57134"}],"version-history":[{"count":0,"href":"https:\/\/exaudi.org\/it\/wp-json\/wp\/v2\/posts\/57134\/revisions"}],"wp:featuredmedia":[{"embeddable":true,"href":"https:\/\/exaudi.org\/it\/wp-json\/wp\/v2\/media\/57135"}],"wp:attachment":[{"href":"https:\/\/exaudi.org\/it\/wp-json\/wp\/v2\/media?parent=57134"}],"wp:term":[{"taxonomy":"category","embeddable":true,"href":"https:\/\/exaudi.org\/it\/wp-json\/wp\/v2\/categories?post=57134"},{"taxonomy":"post_tag","embeddable":true,"href":"https:\/\/exaudi.org\/it\/wp-json\/wp\/v2\/tags?post=57134"}],"curies":[{"name":"wp","href":"https:\/\/api.w.org\/{rel}","templated":true}]}}