{"id":56951,"date":"2022-05-17T16:43:02","date_gmt":"2022-05-17T14:43:02","guid":{"rendered":"https:\/\/exaudi.org\/?p=56951"},"modified":"2022-05-17T16:43:02","modified_gmt":"2022-05-17T14:43:02","slug":"congo-il-papa-incoraggera-la-riconciliazione","status":"publish","type":"post","link":"https:\/\/exaudi.org\/it\/congo-il-papa-incoraggera-la-riconciliazione\/","title":{"rendered":"Congo, il Papa incoragger\u00e0 la riconciliazione"},"content":{"rendered":"<p>Un messaggio di riconciliazione. \u00c8 quello che porter\u00e0 Papa Francesco nella Repubblica Democratica del Congo durante la sua visita dal 2 al 5 luglio prossimi.\u00a0Ne \u00e8 convinto mons. Timoth\u00e9e Bodika Mansiyai, vescovo di Kikwit, diocesi situata nella parte centro-occidentale del Paese africano, che in un colloquio con Aiuto alla Chiesa che Soffre racconta come i cattolici si stanno preparando alla visita del Pontefice.<\/p>\n<h2>37 anni fa la visita di Giovanni Paolo II<\/h2>\n<p>A trentasette anni dalla seconda visita di san Giovanni Paolo II, un Successore di Pietro metter\u00e0 piede nella Repubblica Democratica del Congo. \u00abQuando \u00e8 stata resa pubblica la notizia della visita del Papa, siamo rimasti entusiasti. Questo \u00e8 San Pietro che viene da noi. Viene come Pastore, per confermarci nella fede, e ci sentiamo molto benedetti dalla sua visita\u00bb, dice mons. Bodika.<\/p>\n<p>Per i cattolici questo \u00e8 un momento di grande gioia, e c&#8217;\u00e8 molta curiosit\u00e0, soprattutto per chi non conosce il Papa. In vista della visita, i Vescovi ne sottolineano la dimensione spirituale e vogliono che la popolazione comprenda il senso del viaggio apostolico. A questo scopo \u00abrecitiamo la preghiera di preparazione alla visita del Santo Padre al termine di ogni Messa\u00bb, spiega il vescovo, alla guida della diocesi di Kikwit dal 2016.<\/p>\n<h2>Riconciliazione<\/h2>\n<p>A causa dei molteplici e complessi conflitti e delle perduranti difficolt\u00e0 che hanno afflitto il secondo fra i pi\u00f9 grandi Paesi del continente, il messaggio principale di Papa Francesco dovrebbe essere quello della riconciliazione. \u00abIl Papa viene a dirci: &#8216;Congolesi, riconciliatevi!&#8217;. La Repubblica Democratica del Congo \u00e8 un Paese enorme e molto ricco, ma c&#8217;\u00e8 una sofferenza diffusa nella societ\u00e0. Il Papa viene da noi in un momento molto travagliato della vita del nostro Paese. Per esempio sar\u00e0 a Goma, dove c&#8217;\u00e8 molta tensione, ci sono gruppi armati che diffondono il terrore per motivi egoistici, anche se \u00e8 la parte pi\u00f9 ricca del Paese\u00bb, continua il vescovo.<\/p>\n<p>Nonostante tutti i problemi che affliggono la nazione, i congolesi hanno qualcosa da offrire anche alla Chiesa universale, afferma il vescovo Bodika. \u00abNella Repubblica Democratica del Congo, seguendo il Concilio Vaticano II, abbiamo lavorato molto per valorizzare i laici nella Chiesa. Direi al Papa: \u2018Santo Padre, sono il presidente della Commissione episcopale per i laici. Vede, ci sono i laici. Vede, i giovani!\u2019\u00bb, conclude entusiasta il vescovo.<\/p>\n<p>Dopo la visita in Congo, il S. Padre si recher\u00e0 in <a href=\"https:\/\/exaudi.org\/it\/il-papa-in-sud-sudan-per-radicare-la-pace-tra-la-gente\/\">Sud Sudan<\/a>.<\/p>\n","protected":false},"excerpt":{"rendered":"<p>Il vescovo di Kikwit sulla prossima visita del S. Padre<\/p>\n","protected":false},"author":17,"featured_media":56952,"comment_status":"closed","ping_status":"closed","sticky":false,"template":"","format":"standard","meta":{"_acf_changed":false,"_crdt_document":"","inline_featured_image":false,"footnotes":""},"categories":[67],"tags":[403,1003,251,4952],"class_list":["post-56951","post","type-post","status-publish","format-standard","has-post-thumbnail","hentry","category-leone-xiv","tag-acs","tag-congo","tag-papa-francesco","tag-trending-it"],"acf":[],"yoast_head":"<!-- This site is optimized with the Yoast SEO plugin v27.5 - https:\/\/yoast.com\/product\/yoast-seo-wordpress\/ -->\n<title>Congo, il Papa incoragger\u00e0 la riconciliazione &#8211; Exaudi<\/title>\n<meta name=\"description\" content=\"Il vescovo di Kikwit sulla prossima visita del Santo Padre in Congo: &quot;Papa Francesco incoragger\u00e0 la riconciliazione&quot;\" \/>\n<meta name=\"robots\" content=\"index, follow, max-snippet:-1, max-image-preview:large, max-video-preview:-1\" \/>\n<link rel=\"canonical\" href=\"https:\/\/exaudi.org\/it\/congo-il-papa-incoraggera-la-riconciliazione\/\" \/>\n<meta property=\"og:locale\" content=\"it_IT\" \/>\n<meta property=\"og:type\" content=\"article\" \/>\n<meta property=\"og:title\" content=\"Congo, il Papa incoragger\u00e0 la riconciliazione &#8211; Exaudi\" \/>\n<meta property=\"og:description\" content=\"Il vescovo di Kikwit sulla prossima visita del Santo Padre in Congo: &quot;Papa Francesco incoragger\u00e0 la riconciliazione&quot;\" \/>\n<meta property=\"og:url\" content=\"https:\/\/exaudi.org\/it\/congo-il-papa-incoraggera-la-riconciliazione\/\" \/>\n<meta property=\"og:site_name\" content=\"Exaudi\" \/>\n<meta property=\"article:publisher\" content=\"https:\/\/www.facebook.com\/ExaudiNews\" \/>\n<meta property=\"article:author\" content=\"https:\/\/www.facebook.com\/ExaudiNotizie\/\" \/>\n<meta property=\"article:published_time\" content=\"2022-05-17T14:43:02+00:00\" \/>\n<meta property=\"og:image\" content=\"https:\/\/exaudi.org\/wp-content\/uploads\/2022\/05\/vescovo-scaled.jpg\" \/>\n\t<meta property=\"og:image:width\" content=\"2560\" \/>\n\t<meta property=\"og:image:height\" content=\"1707\" \/>\n\t<meta property=\"og:image:type\" content=\"image\/jpeg\" \/>\n<meta name=\"author\" content=\"Exaudi Redazione\" \/>\n<meta name=\"twitter:card\" content=\"summary_large_image\" \/>\n<meta name=\"twitter:creator\" content=\"@Exaudi_Notizie\" \/>\n<meta name=\"twitter:site\" content=\"@Exaudi_News\" \/>\n<meta name=\"twitter:label1\" content=\"Scritto da\" \/>\n\t<meta name=\"twitter:data1\" content=\"Exaudi Redazione\" \/>\n\t<meta name=\"twitter:label2\" content=\"Tempo di lettura stimato\" \/>\n\t<meta name=\"twitter:data2\" content=\"3 minuti\" \/>\n<script type=\"application\/ld+json\" class=\"yoast-schema-graph\">{\"@context\":\"https:\\\/\\\/schema.org\",\"@graph\":[{\"@type\":\"Article\",\"@id\":\"https:\\\/\\\/exaudi.org\\\/it\\\/congo-il-papa-incoraggera-la-riconciliazione\\\/#article\",\"isPartOf\":{\"@id\":\"https:\\\/\\\/exaudi.org\\\/it\\\/congo-il-papa-incoraggera-la-riconciliazione\\\/\"},\"author\":{\"name\":\"Exaudi Redazione\",\"@id\":\"https:\\\/\\\/exaudi.org\\\/#\\\/schema\\\/person\\\/e1ab6ed07c01774724dd96f925f3a5f0\"},\"headline\":\"Congo, il Papa incoragger\u00e0 la riconciliazione\",\"datePublished\":\"2022-05-17T14:43:02+00:00\",\"mainEntityOfPage\":{\"@id\":\"https:\\\/\\\/exaudi.org\\\/it\\\/congo-il-papa-incoraggera-la-riconciliazione\\\/\"},\"wordCount\":391,\"image\":{\"@id\":\"https:\\\/\\\/exaudi.org\\\/it\\\/congo-il-papa-incoraggera-la-riconciliazione\\\/#primaryimage\"},\"thumbnailUrl\":\"https:\\\/\\\/exaudi.org\\\/wp-content\\\/uploads\\\/2022\\\/05\\\/vescovo-scaled.jpg\",\"keywords\":[\"Acs\",\"Congo\",\"Papa Francesco\",\"Trending\"],\"articleSection\":[\"Leone XIV\"],\"inLanguage\":\"it-IT\"},{\"@type\":\"WebPage\",\"@id\":\"https:\\\/\\\/exaudi.org\\\/it\\\/congo-il-papa-incoraggera-la-riconciliazione\\\/\",\"url\":\"https:\\\/\\\/exaudi.org\\\/it\\\/congo-il-papa-incoraggera-la-riconciliazione\\\/\",\"name\":\"Congo, il Papa incoragger\u00e0 la riconciliazione &#8211; Exaudi\",\"isPartOf\":{\"@id\":\"https:\\\/\\\/exaudi.org\\\/#website\"},\"primaryImageOfPage\":{\"@id\":\"https:\\\/\\\/exaudi.org\\\/it\\\/congo-il-papa-incoraggera-la-riconciliazione\\\/#primaryimage\"},\"image\":{\"@id\":\"https:\\\/\\\/exaudi.org\\\/it\\\/congo-il-papa-incoraggera-la-riconciliazione\\\/#primaryimage\"},\"thumbnailUrl\":\"https:\\\/\\\/exaudi.org\\\/wp-content\\\/uploads\\\/2022\\\/05\\\/vescovo-scaled.jpg\",\"datePublished\":\"2022-05-17T14:43:02+00:00\",\"author\":{\"@id\":\"https:\\\/\\\/exaudi.org\\\/#\\\/schema\\\/person\\\/e1ab6ed07c01774724dd96f925f3a5f0\"},\"description\":\"Il vescovo di Kikwit sulla prossima visita del Santo Padre in Congo: \\\"Papa Francesco incoragger\u00e0 la riconciliazione\\\"\",\"breadcrumb\":{\"@id\":\"https:\\\/\\\/exaudi.org\\\/it\\\/congo-il-papa-incoraggera-la-riconciliazione\\\/#breadcrumb\"},\"inLanguage\":\"it-IT\",\"potentialAction\":[{\"@type\":\"ReadAction\",\"target\":[\"https:\\\/\\\/exaudi.org\\\/it\\\/congo-il-papa-incoraggera-la-riconciliazione\\\/\"]}]},{\"@type\":\"ImageObject\",\"inLanguage\":\"it-IT\",\"@id\":\"https:\\\/\\\/exaudi.org\\\/it\\\/congo-il-papa-incoraggera-la-riconciliazione\\\/#primaryimage\",\"url\":\"https:\\\/\\\/exaudi.org\\\/wp-content\\\/uploads\\\/2022\\\/05\\\/vescovo-scaled.jpg\",\"contentUrl\":\"https:\\\/\\\/exaudi.org\\\/wp-content\\\/uploads\\\/2022\\\/05\\\/vescovo-scaled.jpg\",\"width\":2560,\"height\":1707,\"caption\":\"Mons. Timoth\u00e9e Bodika Mansiyai (C) ACN\"},{\"@type\":\"BreadcrumbList\",\"@id\":\"https:\\\/\\\/exaudi.org\\\/it\\\/congo-il-papa-incoraggera-la-riconciliazione\\\/#breadcrumb\",\"itemListElement\":[{\"@type\":\"ListItem\",\"position\":1,\"name\":\"Portada\",\"item\":\"https:\\\/\\\/exaudi.org\\\/it\\\/\"},{\"@type\":\"ListItem\",\"position\":2,\"name\":\"Congo, il Papa incoragger\u00e0 la riconciliazione\"}]},{\"@type\":\"WebSite\",\"@id\":\"https:\\\/\\\/exaudi.org\\\/#website\",\"url\":\"https:\\\/\\\/exaudi.org\\\/\",\"name\":\"Exaudi\",\"description\":\"News\",\"potentialAction\":[{\"@type\":\"SearchAction\",\"target\":{\"@type\":\"EntryPoint\",\"urlTemplate\":\"https:\\\/\\\/exaudi.org\\\/?s={search_term_string}\"},\"query-input\":{\"@type\":\"PropertyValueSpecification\",\"valueRequired\":true,\"valueName\":\"search_term_string\"}}],\"inLanguage\":\"it-IT\"},{\"@type\":\"Person\",\"@id\":\"https:\\\/\\\/exaudi.org\\\/#\\\/schema\\\/person\\\/e1ab6ed07c01774724dd96f925f3a5f0\",\"name\":\"Exaudi Redazione\",\"image\":{\"@type\":\"ImageObject\",\"inLanguage\":\"it-IT\",\"@id\":\"https:\\\/\\\/secure.gravatar.com\\\/avatar\\\/ad6774b3ada023bf5b939d64f45c94b3adf91502dd883507d469b4308a943bb3?s=96&d=mm&r=g\",\"url\":\"https:\\\/\\\/secure.gravatar.com\\\/avatar\\\/ad6774b3ada023bf5b939d64f45c94b3adf91502dd883507d469b4308a943bb3?s=96&d=mm&r=g\",\"contentUrl\":\"https:\\\/\\\/secure.gravatar.com\\\/avatar\\\/ad6774b3ada023bf5b939d64f45c94b3adf91502dd883507d469b4308a943bb3?s=96&d=mm&r=g\",\"caption\":\"Exaudi Redazione\"},\"description\":\"Che cosa \u00e8 Exaudi News? Exaudi News \u00e8 un agenzia cattolica internazionale che informa, istruisce e trasforma quotidianamente in spagnolo, inglese e italiano. Attraverso notizie, articoli di analisi e trasmissioni in diretta degli eventi del Papa, Exaudi cerca di rafforzare l'unit\u00e0 dei cristiani e di contribuire all'evangelizzazione del mondo, sempre guidato dalla dottrina sociale della Chiesa. Lavoriamo per portare la verit\u00e0 e i valori cristiani in ogni angolo del pianeta. Aiutaci a trasformare il mondo con Exaudi! Noi di Exaudi crediamo che l'evangelizzazione e l'informazione di qualit\u00e0 possano cambiare la vita. Per continuare la nostra missione ed espandere la nostra portata, abbiamo bisogno del tuo aiuto. Stiamo anche cercando persone motivate che vogliano unirsi al nostro team. Grazie al vostro sostegno raggiungeremo pi\u00f9 persone, diffonderemo il messaggio di Cristo e rafforzeremo l'unit\u00e0 dei cristiani. Vuoi unirti alla nostra missione? Per maggiori informazioni su come contribuire, visita Exaudi.org\\\/it o contattaci direttamente: info@exaudi.org Exaudi: informa, forma e trasforma.\",\"sameAs\":[\"https:\\\/\\\/www.facebook.com\\\/ExaudiNotizie\\\/\",\"https:\\\/\\\/www.instagram.com\\\/Exaudi_notizie\\\/\",\"https:\\\/\\\/x.com\\\/Exaudi_Notizie\",\"https:\\\/\\\/www.youtube.com\\\/@exaudicatholicnews\"],\"url\":\"https:\\\/\\\/exaudi.org\\\/it\\\/author\\\/dlvedi-org\\\/\"}]}<\/script>\n<!-- \/ Yoast SEO plugin. -->","yoast_head_json":{"title":"Congo, il Papa incoragger\u00e0 la riconciliazione &#8211; Exaudi","description":"Il vescovo di Kikwit sulla prossima visita del Santo Padre in Congo: \"Papa Francesco incoragger\u00e0 la riconciliazione\"","robots":{"index":"index","follow":"follow","max-snippet":"max-snippet:-1","max-image-preview":"max-image-preview:large","max-video-preview":"max-video-preview:-1"},"canonical":"https:\/\/exaudi.org\/it\/congo-il-papa-incoraggera-la-riconciliazione\/","og_locale":"it_IT","og_type":"article","og_title":"Congo, il Papa incoragger\u00e0 la riconciliazione &#8211; Exaudi","og_description":"Il vescovo di Kikwit sulla prossima visita del Santo Padre in Congo: \"Papa Francesco incoragger\u00e0 la riconciliazione\"","og_url":"https:\/\/exaudi.org\/it\/congo-il-papa-incoraggera-la-riconciliazione\/","og_site_name":"Exaudi","article_publisher":"https:\/\/www.facebook.com\/ExaudiNews","article_author":"https:\/\/www.facebook.com\/ExaudiNotizie\/","article_published_time":"2022-05-17T14:43:02+00:00","og_image":[{"width":2560,"height":1707,"url":"https:\/\/exaudi.org\/wp-content\/uploads\/2022\/05\/vescovo-scaled.jpg","type":"image\/jpeg"}],"author":"Exaudi Redazione","twitter_card":"summary_large_image","twitter_creator":"@Exaudi_Notizie","twitter_site":"@Exaudi_News","twitter_misc":{"Scritto da":"Exaudi Redazione","Tempo di lettura stimato":"3 minuti"},"schema":{"@context":"https:\/\/schema.org","@graph":[{"@type":"Article","@id":"https:\/\/exaudi.org\/it\/congo-il-papa-incoraggera-la-riconciliazione\/#article","isPartOf":{"@id":"https:\/\/exaudi.org\/it\/congo-il-papa-incoraggera-la-riconciliazione\/"},"author":{"name":"Exaudi Redazione","@id":"https:\/\/exaudi.org\/#\/schema\/person\/e1ab6ed07c01774724dd96f925f3a5f0"},"headline":"Congo, il Papa incoragger\u00e0 la riconciliazione","datePublished":"2022-05-17T14:43:02+00:00","mainEntityOfPage":{"@id":"https:\/\/exaudi.org\/it\/congo-il-papa-incoraggera-la-riconciliazione\/"},"wordCount":391,"image":{"@id":"https:\/\/exaudi.org\/it\/congo-il-papa-incoraggera-la-riconciliazione\/#primaryimage"},"thumbnailUrl":"https:\/\/exaudi.org\/wp-content\/uploads\/2022\/05\/vescovo-scaled.jpg","keywords":["Acs","Congo","Papa Francesco","Trending"],"articleSection":["Leone XIV"],"inLanguage":"it-IT"},{"@type":"WebPage","@id":"https:\/\/exaudi.org\/it\/congo-il-papa-incoraggera-la-riconciliazione\/","url":"https:\/\/exaudi.org\/it\/congo-il-papa-incoraggera-la-riconciliazione\/","name":"Congo, il Papa incoragger\u00e0 la riconciliazione &#8211; Exaudi","isPartOf":{"@id":"https:\/\/exaudi.org\/#website"},"primaryImageOfPage":{"@id":"https:\/\/exaudi.org\/it\/congo-il-papa-incoraggera-la-riconciliazione\/#primaryimage"},"image":{"@id":"https:\/\/exaudi.org\/it\/congo-il-papa-incoraggera-la-riconciliazione\/#primaryimage"},"thumbnailUrl":"https:\/\/exaudi.org\/wp-content\/uploads\/2022\/05\/vescovo-scaled.jpg","datePublished":"2022-05-17T14:43:02+00:00","author":{"@id":"https:\/\/exaudi.org\/#\/schema\/person\/e1ab6ed07c01774724dd96f925f3a5f0"},"description":"Il vescovo di Kikwit sulla prossima visita del Santo Padre in Congo: \"Papa Francesco incoragger\u00e0 la riconciliazione\"","breadcrumb":{"@id":"https:\/\/exaudi.org\/it\/congo-il-papa-incoraggera-la-riconciliazione\/#breadcrumb"},"inLanguage":"it-IT","potentialAction":[{"@type":"ReadAction","target":["https:\/\/exaudi.org\/it\/congo-il-papa-incoraggera-la-riconciliazione\/"]}]},{"@type":"ImageObject","inLanguage":"it-IT","@id":"https:\/\/exaudi.org\/it\/congo-il-papa-incoraggera-la-riconciliazione\/#primaryimage","url":"https:\/\/exaudi.org\/wp-content\/uploads\/2022\/05\/vescovo-scaled.jpg","contentUrl":"https:\/\/exaudi.org\/wp-content\/uploads\/2022\/05\/vescovo-scaled.jpg","width":2560,"height":1707,"caption":"Mons. Timoth\u00e9e Bodika Mansiyai (C) ACN"},{"@type":"BreadcrumbList","@id":"https:\/\/exaudi.org\/it\/congo-il-papa-incoraggera-la-riconciliazione\/#breadcrumb","itemListElement":[{"@type":"ListItem","position":1,"name":"Portada","item":"https:\/\/exaudi.org\/it\/"},{"@type":"ListItem","position":2,"name":"Congo, il Papa incoragger\u00e0 la riconciliazione"}]},{"@type":"WebSite","@id":"https:\/\/exaudi.org\/#website","url":"https:\/\/exaudi.org\/","name":"Exaudi","description":"News","potentialAction":[{"@type":"SearchAction","target":{"@type":"EntryPoint","urlTemplate":"https:\/\/exaudi.org\/?s={search_term_string}"},"query-input":{"@type":"PropertyValueSpecification","valueRequired":true,"valueName":"search_term_string"}}],"inLanguage":"it-IT"},{"@type":"Person","@id":"https:\/\/exaudi.org\/#\/schema\/person\/e1ab6ed07c01774724dd96f925f3a5f0","name":"Exaudi Redazione","image":{"@type":"ImageObject","inLanguage":"it-IT","@id":"https:\/\/secure.gravatar.com\/avatar\/ad6774b3ada023bf5b939d64f45c94b3adf91502dd883507d469b4308a943bb3?s=96&d=mm&r=g","url":"https:\/\/secure.gravatar.com\/avatar\/ad6774b3ada023bf5b939d64f45c94b3adf91502dd883507d469b4308a943bb3?s=96&d=mm&r=g","contentUrl":"https:\/\/secure.gravatar.com\/avatar\/ad6774b3ada023bf5b939d64f45c94b3adf91502dd883507d469b4308a943bb3?s=96&d=mm&r=g","caption":"Exaudi Redazione"},"description":"Che cosa \u00e8 Exaudi News? Exaudi News \u00e8 un agenzia cattolica internazionale che informa, istruisce e trasforma quotidianamente in spagnolo, inglese e italiano. Attraverso notizie, articoli di analisi e trasmissioni in diretta degli eventi del Papa, Exaudi cerca di rafforzare l'unit\u00e0 dei cristiani e di contribuire all'evangelizzazione del mondo, sempre guidato dalla dottrina sociale della Chiesa. Lavoriamo per portare la verit\u00e0 e i valori cristiani in ogni angolo del pianeta. Aiutaci a trasformare il mondo con Exaudi! Noi di Exaudi crediamo che l'evangelizzazione e l'informazione di qualit\u00e0 possano cambiare la vita. Per continuare la nostra missione ed espandere la nostra portata, abbiamo bisogno del tuo aiuto. Stiamo anche cercando persone motivate che vogliano unirsi al nostro team. Grazie al vostro sostegno raggiungeremo pi\u00f9 persone, diffonderemo il messaggio di Cristo e rafforzeremo l'unit\u00e0 dei cristiani. Vuoi unirti alla nostra missione? Per maggiori informazioni su come contribuire, visita Exaudi.org\/it o contattaci direttamente: info@exaudi.org Exaudi: informa, forma e trasforma.","sameAs":["https:\/\/www.facebook.com\/ExaudiNotizie\/","https:\/\/www.instagram.com\/Exaudi_notizie\/","https:\/\/x.com\/Exaudi_Notizie","https:\/\/www.youtube.com\/@exaudicatholicnews"],"url":"https:\/\/exaudi.org\/it\/author\/dlvedi-org\/"}]}},"jetpack_featured_media_url":"https:\/\/exaudi.org\/wp-content\/uploads\/2022\/05\/vescovo-scaled.jpg","jetpack_shortlink":"https:\/\/wp.me\/pgKjF2-eOz","_links":{"self":[{"href":"https:\/\/exaudi.org\/it\/wp-json\/wp\/v2\/posts\/56951","targetHints":{"allow":["GET"]}}],"collection":[{"href":"https:\/\/exaudi.org\/it\/wp-json\/wp\/v2\/posts"}],"about":[{"href":"https:\/\/exaudi.org\/it\/wp-json\/wp\/v2\/types\/post"}],"author":[{"embeddable":true,"href":"https:\/\/exaudi.org\/it\/wp-json\/wp\/v2\/users\/17"}],"replies":[{"embeddable":true,"href":"https:\/\/exaudi.org\/it\/wp-json\/wp\/v2\/comments?post=56951"}],"version-history":[{"count":0,"href":"https:\/\/exaudi.org\/it\/wp-json\/wp\/v2\/posts\/56951\/revisions"}],"wp:featuredmedia":[{"embeddable":true,"href":"https:\/\/exaudi.org\/it\/wp-json\/wp\/v2\/media\/56952"}],"wp:attachment":[{"href":"https:\/\/exaudi.org\/it\/wp-json\/wp\/v2\/media?parent=56951"}],"wp:term":[{"taxonomy":"category","embeddable":true,"href":"https:\/\/exaudi.org\/it\/wp-json\/wp\/v2\/categories?post=56951"},{"taxonomy":"post_tag","embeddable":true,"href":"https:\/\/exaudi.org\/it\/wp-json\/wp\/v2\/tags?post=56951"}],"curies":[{"name":"wp","href":"https:\/\/api.w.org\/{rel}","templated":true}]}}