{"id":56765,"date":"2022-05-12T10:24:08","date_gmt":"2022-05-12T08:24:08","guid":{"rendered":"https:\/\/exaudi.org\/?p=56765"},"modified":"2022-05-12T10:24:08","modified_gmt":"2022-05-12T08:24:08","slug":"risposte-reali-alle-famiglie-per-fermare-l-inverno-demografico","status":"publish","type":"post","link":"https:\/\/exaudi.org\/it\/risposte-reali-alle-famiglie-per-fermare-l-inverno-demografico\/","title":{"rendered":"\u201cRisposte reali alle famiglie per fermare l&#8217;inverno demografico\u201d"},"content":{"rendered":"<p>\u201c\u00c8 il momento di dare risposte reali alle famiglie e ai giovani: la speranza non pu\u00f2 e non deve morire di attesa. Faccio il tifo per voi, perch\u00e9 insieme si possa invertire la rotta di questo freddo inverno demografico. Grazie. Si pu\u00f2 fare!\u201d. \u00c8 la conclusione del messaggio che Papa Francesco ha inviato questa mattina all\u2019apertura degli Stati generali della natalit\u00e0, in corso all\u2019Auditorium della Conciliazione di Roma oggi e domani. I noti problemi di salute hanno impedito al Pontefice di aprire i lavori, come lo scorso anno. Pertanto, il S. Padre ha inviato un messaggio. Ecco il testo:<\/p>\n<p>Vi saluto con affetto, dispiaciuto di non poter essere tra di voi fisicamente quest\u2019anno. Ma seguir\u00f2 con attenzione i vostri lavori, perch\u00e9 il tema della natalit\u00e0 rappresenta una vera e propria emergenza sociale. Non \u00e8 immediatamente percepibile, come altri problemi che occupano la cronaca, ma \u00e8 molto urgente: nascono sempre meno bambini e questo significa impoverire il futuro di tutti; l\u2019Italia, l\u2019Europa e l\u2019Occidente si stanno impoverendo di avvenire.<\/p>\n<h2>Una periferia esistenziale<\/h2>\n<p>C\u2019\u00e8 una periferia esistenziale in Occidente, poco vistosa, che non si nota immediatamente. \u00c8 quella delle donne e degli uomini che hanno il desiderio di un figlio, ma non riescono a realizzarlo. Molti giovani faticano a concretizzare il loro sogno familiare. E allora si abbassa l\u2019asticella del desiderio e ci si accontenta di surrogati mediocri, come gli affari, la macchina, i viaggi, la custodia gelosa del tempo libero\u2026 La bellezza di una famiglia ricca di figli rischia di diventare un\u2019utopia, un sogno difficile da realizzare.<\/p>\n<h2>Una nuova povert\u00e0<\/h2>\n<p>Questa \u00e8 una nuova povert\u00e0 che mi spaventa. \u00c8 la povert\u00e0 generativa di chi fa lo sconto al desiderio di felicit\u00e0 che ha nel cuore, di chi si rassegna ad annacquare le aspirazioni pi\u00f9 grandi, di chi si accontenta di poco e smette di sperare in grande. S\u00ec, \u00e8 una povert\u00e0 tragica, perch\u00e9 colpisce gli esseri umani nella loro ricchezza pi\u00f9 grande: mettere al mondo vite per prendersene cura, trasmettere ad altri con amore l\u2019esistenza ricevuta. Non vedere il problema della denatalit\u00e0 \u00e8 un atteggiamento miope; \u00e8 rinunciare a vedere lontano, a guardare avanti. \u00c8 girarsi dall\u2019altra parte, pensando che i problemi siano sempre troppo complessi e che non si possa fare nulla. In una parola, \u00e8 arrendersi.<\/p>\n<p>Per questo mi piace il titolo del vostro evento, organizzato dalla Fondazione per la Natalit\u00e0 e promosso dal Forum delle Famiglie: \u00abSi pu\u00f2 fare\u00bb. \u00c8 il titolo di chi non si rassegna. \u00c8 il titolo di chi spera contro ogni speranza, contro numeri che inesorabilmente peggiorano di anno in anno. Si pu\u00f2 fare vuol dire non accettare passivamente che le cose non possano cambiare.<\/p>\n<h2>Politiche concrete per la natalit\u00e0<\/h2>\n<p>Cari amici, le cose possono cambiare se senza paura, andando oltre gli interessi di parte e gli steccati ideologici, ci si impegna insieme. Perci\u00f2 auspico che a tutti i livelli \u2013 istituzionale, mediatico, culturale, economico e sociale \u2013 si favoriscano, migliorino e mettano in atto politiche concrete, volte a rilanciare la natalit\u00e0 e la famiglia. Penso a voi e mi piace vedere come il tema della natalit\u00e0 sia in grado di unire, non di dividere. Imprese, banche, associazioni, sindacati, sportivi, attori, scrittori, politici, tutti insieme per riflettere su come ricominciare a sperare nella vita.<\/p>\n<h2>Fermare il freddo inverno demografico<\/h2>\n<p>I dati, le previsioni, i numeri sono ormai noti a tutti: serve concretezza. \u00c8 il momento di dare risposte reali alle famiglie e ai giovani: la speranza non pu\u00f2 e non deve morire di attesa. Chiedo a Dio di benedire il vostro impegno. Vi sono vicino e faccio il tifo per voi, perch\u00e9 insieme si possa invertire la rotta di questo freddo inverno demografico. Grazie. Si pu\u00f2 fare!<\/p>\n<h2>Il programma<\/h2>\n<p>I <a href=\"https:\/\/www.statigeneralidellanatalita.it\/\">lavori<\/a> sono stati introdotti dal presidente del Forum delle associazioni familiari e della Fondazione per la natalit\u00e0 Gigi De Palo. Tra\u00a0 gli interventi previsti oggi, quelli dei ministri della Famiglia, Bonetti, e dell\u2019Istruzione, Bianchi, mentre domani \u00e8 in programma una tavola rotonda con i leader dei principali partiti politici.<\/p>\n","protected":false},"excerpt":{"rendered":"<p>Il messaggio del Papa all&#8217;apertura degli Stati generali della natalit\u00e0<\/p>\n","protected":false},"author":17,"featured_media":56766,"comment_status":"closed","ping_status":"closed","sticky":false,"template":"","format":"standard","meta":{"_acf_changed":false,"_crdt_document":"","inline_featured_image":false,"footnotes":""},"categories":[67],"tags":[758,2487,1586,6277,251],"class_list":["post-56765","post","type-post","status-publish","format-standard","has-post-thumbnail","hentry","category-leone-xiv","tag-famiglia","tag-featured-3","tag-inverno-demografico","tag-natalita","tag-papa-francesco"],"acf":[],"yoast_head":"<!-- This site is optimized with the Yoast SEO plugin v27.5 - https:\/\/yoast.com\/product\/yoast-seo-wordpress\/ -->\n<title>\u201cRisposte reali alle famiglie per fermare l&#039;inverno demografico\u201d &#8211; Exaudi<\/title>\n<meta name=\"description\" content=\"Il messaggio del Papa all&#039;apertura degli Stati generali della natalit\u00e0: \u201cRisposte reali alle famiglie per fermare l&#039;inverno demografico\u201d\" \/>\n<meta name=\"robots\" content=\"index, follow, max-snippet:-1, max-image-preview:large, max-video-preview:-1\" \/>\n<link rel=\"canonical\" href=\"https:\/\/exaudi.org\/it\/risposte-reali-alle-famiglie-per-fermare-l-inverno-demografico\/\" \/>\n<meta property=\"og:locale\" content=\"it_IT\" \/>\n<meta property=\"og:type\" content=\"article\" \/>\n<meta property=\"og:title\" content=\"\u201cRisposte reali alle famiglie per fermare l&#039;inverno demografico\u201d &#8211; Exaudi\" \/>\n<meta property=\"og:description\" content=\"Il messaggio del Papa all&#039;apertura degli Stati generali della natalit\u00e0: \u201cRisposte reali alle famiglie per fermare l&#039;inverno demografico\u201d\" \/>\n<meta property=\"og:url\" content=\"https:\/\/exaudi.org\/it\/risposte-reali-alle-famiglie-per-fermare-l-inverno-demografico\/\" \/>\n<meta property=\"og:site_name\" content=\"Exaudi\" \/>\n<meta property=\"article:publisher\" content=\"https:\/\/www.facebook.com\/ExaudiNews\" \/>\n<meta property=\"article:author\" content=\"https:\/\/www.facebook.com\/ExaudiNotizie\/\" \/>\n<meta property=\"article:published_time\" content=\"2022-05-12T08:24:08+00:00\" \/>\n<meta property=\"og:image\" content=\"https:\/\/exaudi.org\/wp-content\/uploads\/2022\/05\/stati-generali.jpg\" \/>\n\t<meta property=\"og:image:width\" content=\"1162\" \/>\n\t<meta property=\"og:image:height\" content=\"747\" \/>\n\t<meta property=\"og:image:type\" content=\"image\/jpeg\" \/>\n<meta name=\"author\" content=\"Exaudi Redazione\" \/>\n<meta name=\"twitter:card\" content=\"summary_large_image\" \/>\n<meta name=\"twitter:creator\" content=\"@Exaudi_Notizie\" \/>\n<meta name=\"twitter:site\" content=\"@Exaudi_News\" \/>\n<meta name=\"twitter:label1\" content=\"Scritto da\" \/>\n\t<meta name=\"twitter:data1\" content=\"Exaudi Redazione\" \/>\n\t<meta name=\"twitter:label2\" content=\"Tempo di lettura stimato\" \/>\n\t<meta name=\"twitter:data2\" content=\"4 minuti\" \/>\n<script type=\"application\/ld+json\" class=\"yoast-schema-graph\">{\"@context\":\"https:\\\/\\\/schema.org\",\"@graph\":[{\"@type\":\"Article\",\"@id\":\"https:\\\/\\\/exaudi.org\\\/it\\\/risposte-reali-alle-famiglie-per-fermare-l-inverno-demografico\\\/#article\",\"isPartOf\":{\"@id\":\"https:\\\/\\\/exaudi.org\\\/it\\\/risposte-reali-alle-famiglie-per-fermare-l-inverno-demografico\\\/\"},\"author\":{\"name\":\"Exaudi Redazione\",\"@id\":\"https:\\\/\\\/exaudi.org\\\/#\\\/schema\\\/person\\\/e1ab6ed07c01774724dd96f925f3a5f0\"},\"headline\":\"\u201cRisposte reali alle famiglie per fermare l&#8217;inverno demografico\u201d\",\"datePublished\":\"2022-05-12T08:24:08+00:00\",\"mainEntityOfPage\":{\"@id\":\"https:\\\/\\\/exaudi.org\\\/it\\\/risposte-reali-alle-famiglie-per-fermare-l-inverno-demografico\\\/\"},\"wordCount\":667,\"image\":{\"@id\":\"https:\\\/\\\/exaudi.org\\\/it\\\/risposte-reali-alle-famiglie-per-fermare-l-inverno-demografico\\\/#primaryimage\"},\"thumbnailUrl\":\"https:\\\/\\\/exaudi.org\\\/wp-content\\\/uploads\\\/2022\\\/05\\\/stati-generali.jpg\",\"keywords\":[\"famiglia\",\"Featured\",\"inverno demografico\",\"natalit\u00e0\",\"Papa Francesco\"],\"articleSection\":[\"Leone XIV\"],\"inLanguage\":\"it-IT\"},{\"@type\":\"WebPage\",\"@id\":\"https:\\\/\\\/exaudi.org\\\/it\\\/risposte-reali-alle-famiglie-per-fermare-l-inverno-demografico\\\/\",\"url\":\"https:\\\/\\\/exaudi.org\\\/it\\\/risposte-reali-alle-famiglie-per-fermare-l-inverno-demografico\\\/\",\"name\":\"\u201cRisposte reali alle famiglie per fermare l'inverno demografico\u201d &#8211; Exaudi\",\"isPartOf\":{\"@id\":\"https:\\\/\\\/exaudi.org\\\/#website\"},\"primaryImageOfPage\":{\"@id\":\"https:\\\/\\\/exaudi.org\\\/it\\\/risposte-reali-alle-famiglie-per-fermare-l-inverno-demografico\\\/#primaryimage\"},\"image\":{\"@id\":\"https:\\\/\\\/exaudi.org\\\/it\\\/risposte-reali-alle-famiglie-per-fermare-l-inverno-demografico\\\/#primaryimage\"},\"thumbnailUrl\":\"https:\\\/\\\/exaudi.org\\\/wp-content\\\/uploads\\\/2022\\\/05\\\/stati-generali.jpg\",\"datePublished\":\"2022-05-12T08:24:08+00:00\",\"author\":{\"@id\":\"https:\\\/\\\/exaudi.org\\\/#\\\/schema\\\/person\\\/e1ab6ed07c01774724dd96f925f3a5f0\"},\"description\":\"Il messaggio del Papa all'apertura degli Stati generali della natalit\u00e0: \u201cRisposte reali alle famiglie per fermare l'inverno demografico\u201d\",\"breadcrumb\":{\"@id\":\"https:\\\/\\\/exaudi.org\\\/it\\\/risposte-reali-alle-famiglie-per-fermare-l-inverno-demografico\\\/#breadcrumb\"},\"inLanguage\":\"it-IT\",\"potentialAction\":[{\"@type\":\"ReadAction\",\"target\":[\"https:\\\/\\\/exaudi.org\\\/it\\\/risposte-reali-alle-famiglie-per-fermare-l-inverno-demografico\\\/\"]}]},{\"@type\":\"ImageObject\",\"inLanguage\":\"it-IT\",\"@id\":\"https:\\\/\\\/exaudi.org\\\/it\\\/risposte-reali-alle-famiglie-per-fermare-l-inverno-demografico\\\/#primaryimage\",\"url\":\"https:\\\/\\\/exaudi.org\\\/wp-content\\\/uploads\\\/2022\\\/05\\\/stati-generali.jpg\",\"contentUrl\":\"https:\\\/\\\/exaudi.org\\\/wp-content\\\/uploads\\\/2022\\\/05\\\/stati-generali.jpg\",\"width\":1162,\"height\":747,\"caption\":\"Il Papa con il premier Draghi e De Palo all'apertura degli Stati generali dello scorso anno\"},{\"@type\":\"BreadcrumbList\",\"@id\":\"https:\\\/\\\/exaudi.org\\\/it\\\/risposte-reali-alle-famiglie-per-fermare-l-inverno-demografico\\\/#breadcrumb\",\"itemListElement\":[{\"@type\":\"ListItem\",\"position\":1,\"name\":\"Portada\",\"item\":\"https:\\\/\\\/exaudi.org\\\/it\\\/\"},{\"@type\":\"ListItem\",\"position\":2,\"name\":\"\u201cRisposte reali alle famiglie per fermare l&#8217;inverno demografico\u201d\"}]},{\"@type\":\"WebSite\",\"@id\":\"https:\\\/\\\/exaudi.org\\\/#website\",\"url\":\"https:\\\/\\\/exaudi.org\\\/\",\"name\":\"Exaudi\",\"description\":\"News\",\"potentialAction\":[{\"@type\":\"SearchAction\",\"target\":{\"@type\":\"EntryPoint\",\"urlTemplate\":\"https:\\\/\\\/exaudi.org\\\/?s={search_term_string}\"},\"query-input\":{\"@type\":\"PropertyValueSpecification\",\"valueRequired\":true,\"valueName\":\"search_term_string\"}}],\"inLanguage\":\"it-IT\"},{\"@type\":\"Person\",\"@id\":\"https:\\\/\\\/exaudi.org\\\/#\\\/schema\\\/person\\\/e1ab6ed07c01774724dd96f925f3a5f0\",\"name\":\"Exaudi Redazione\",\"image\":{\"@type\":\"ImageObject\",\"inLanguage\":\"it-IT\",\"@id\":\"https:\\\/\\\/secure.gravatar.com\\\/avatar\\\/ad6774b3ada023bf5b939d64f45c94b3adf91502dd883507d469b4308a943bb3?s=96&d=mm&r=g\",\"url\":\"https:\\\/\\\/secure.gravatar.com\\\/avatar\\\/ad6774b3ada023bf5b939d64f45c94b3adf91502dd883507d469b4308a943bb3?s=96&d=mm&r=g\",\"contentUrl\":\"https:\\\/\\\/secure.gravatar.com\\\/avatar\\\/ad6774b3ada023bf5b939d64f45c94b3adf91502dd883507d469b4308a943bb3?s=96&d=mm&r=g\",\"caption\":\"Exaudi Redazione\"},\"description\":\"Che cosa \u00e8 Exaudi News? Exaudi News \u00e8 un agenzia cattolica internazionale che informa, istruisce e trasforma quotidianamente in spagnolo, inglese e italiano. Attraverso notizie, articoli di analisi e trasmissioni in diretta degli eventi del Papa, Exaudi cerca di rafforzare l'unit\u00e0 dei cristiani e di contribuire all'evangelizzazione del mondo, sempre guidato dalla dottrina sociale della Chiesa. Lavoriamo per portare la verit\u00e0 e i valori cristiani in ogni angolo del pianeta. Aiutaci a trasformare il mondo con Exaudi! Noi di Exaudi crediamo che l'evangelizzazione e l'informazione di qualit\u00e0 possano cambiare la vita. Per continuare la nostra missione ed espandere la nostra portata, abbiamo bisogno del tuo aiuto. Stiamo anche cercando persone motivate che vogliano unirsi al nostro team. Grazie al vostro sostegno raggiungeremo pi\u00f9 persone, diffonderemo il messaggio di Cristo e rafforzeremo l'unit\u00e0 dei cristiani. Vuoi unirti alla nostra missione? Per maggiori informazioni su come contribuire, visita Exaudi.org\\\/it o contattaci direttamente: info@exaudi.org Exaudi: informa, forma e trasforma.\",\"sameAs\":[\"https:\\\/\\\/www.facebook.com\\\/ExaudiNotizie\\\/\",\"https:\\\/\\\/www.instagram.com\\\/Exaudi_notizie\\\/\",\"https:\\\/\\\/x.com\\\/Exaudi_Notizie\",\"https:\\\/\\\/www.youtube.com\\\/@exaudicatholicnews\"],\"url\":\"https:\\\/\\\/exaudi.org\\\/it\\\/author\\\/dlvedi-org\\\/\"}]}<\/script>\n<!-- \/ Yoast SEO plugin. -->","yoast_head_json":{"title":"\u201cRisposte reali alle famiglie per fermare l'inverno demografico\u201d &#8211; Exaudi","description":"Il messaggio del Papa all'apertura degli Stati generali della natalit\u00e0: \u201cRisposte reali alle famiglie per fermare l'inverno demografico\u201d","robots":{"index":"index","follow":"follow","max-snippet":"max-snippet:-1","max-image-preview":"max-image-preview:large","max-video-preview":"max-video-preview:-1"},"canonical":"https:\/\/exaudi.org\/it\/risposte-reali-alle-famiglie-per-fermare-l-inverno-demografico\/","og_locale":"it_IT","og_type":"article","og_title":"\u201cRisposte reali alle famiglie per fermare l'inverno demografico\u201d &#8211; Exaudi","og_description":"Il messaggio del Papa all'apertura degli Stati generali della natalit\u00e0: \u201cRisposte reali alle famiglie per fermare l'inverno demografico\u201d","og_url":"https:\/\/exaudi.org\/it\/risposte-reali-alle-famiglie-per-fermare-l-inverno-demografico\/","og_site_name":"Exaudi","article_publisher":"https:\/\/www.facebook.com\/ExaudiNews","article_author":"https:\/\/www.facebook.com\/ExaudiNotizie\/","article_published_time":"2022-05-12T08:24:08+00:00","og_image":[{"width":1162,"height":747,"url":"https:\/\/exaudi.org\/wp-content\/uploads\/2022\/05\/stati-generali.jpg","type":"image\/jpeg"}],"author":"Exaudi Redazione","twitter_card":"summary_large_image","twitter_creator":"@Exaudi_Notizie","twitter_site":"@Exaudi_News","twitter_misc":{"Scritto da":"Exaudi Redazione","Tempo di lettura stimato":"4 minuti"},"schema":{"@context":"https:\/\/schema.org","@graph":[{"@type":"Article","@id":"https:\/\/exaudi.org\/it\/risposte-reali-alle-famiglie-per-fermare-l-inverno-demografico\/#article","isPartOf":{"@id":"https:\/\/exaudi.org\/it\/risposte-reali-alle-famiglie-per-fermare-l-inverno-demografico\/"},"author":{"name":"Exaudi Redazione","@id":"https:\/\/exaudi.org\/#\/schema\/person\/e1ab6ed07c01774724dd96f925f3a5f0"},"headline":"\u201cRisposte reali alle famiglie per fermare l&#8217;inverno demografico\u201d","datePublished":"2022-05-12T08:24:08+00:00","mainEntityOfPage":{"@id":"https:\/\/exaudi.org\/it\/risposte-reali-alle-famiglie-per-fermare-l-inverno-demografico\/"},"wordCount":667,"image":{"@id":"https:\/\/exaudi.org\/it\/risposte-reali-alle-famiglie-per-fermare-l-inverno-demografico\/#primaryimage"},"thumbnailUrl":"https:\/\/exaudi.org\/wp-content\/uploads\/2022\/05\/stati-generali.jpg","keywords":["famiglia","Featured","inverno demografico","natalit\u00e0","Papa Francesco"],"articleSection":["Leone XIV"],"inLanguage":"it-IT"},{"@type":"WebPage","@id":"https:\/\/exaudi.org\/it\/risposte-reali-alle-famiglie-per-fermare-l-inverno-demografico\/","url":"https:\/\/exaudi.org\/it\/risposte-reali-alle-famiglie-per-fermare-l-inverno-demografico\/","name":"\u201cRisposte reali alle famiglie per fermare l'inverno demografico\u201d &#8211; Exaudi","isPartOf":{"@id":"https:\/\/exaudi.org\/#website"},"primaryImageOfPage":{"@id":"https:\/\/exaudi.org\/it\/risposte-reali-alle-famiglie-per-fermare-l-inverno-demografico\/#primaryimage"},"image":{"@id":"https:\/\/exaudi.org\/it\/risposte-reali-alle-famiglie-per-fermare-l-inverno-demografico\/#primaryimage"},"thumbnailUrl":"https:\/\/exaudi.org\/wp-content\/uploads\/2022\/05\/stati-generali.jpg","datePublished":"2022-05-12T08:24:08+00:00","author":{"@id":"https:\/\/exaudi.org\/#\/schema\/person\/e1ab6ed07c01774724dd96f925f3a5f0"},"description":"Il messaggio del Papa all'apertura degli Stati generali della natalit\u00e0: \u201cRisposte reali alle famiglie per fermare l'inverno demografico\u201d","breadcrumb":{"@id":"https:\/\/exaudi.org\/it\/risposte-reali-alle-famiglie-per-fermare-l-inverno-demografico\/#breadcrumb"},"inLanguage":"it-IT","potentialAction":[{"@type":"ReadAction","target":["https:\/\/exaudi.org\/it\/risposte-reali-alle-famiglie-per-fermare-l-inverno-demografico\/"]}]},{"@type":"ImageObject","inLanguage":"it-IT","@id":"https:\/\/exaudi.org\/it\/risposte-reali-alle-famiglie-per-fermare-l-inverno-demografico\/#primaryimage","url":"https:\/\/exaudi.org\/wp-content\/uploads\/2022\/05\/stati-generali.jpg","contentUrl":"https:\/\/exaudi.org\/wp-content\/uploads\/2022\/05\/stati-generali.jpg","width":1162,"height":747,"caption":"Il Papa con il premier Draghi e De Palo all'apertura degli Stati generali dello scorso anno"},{"@type":"BreadcrumbList","@id":"https:\/\/exaudi.org\/it\/risposte-reali-alle-famiglie-per-fermare-l-inverno-demografico\/#breadcrumb","itemListElement":[{"@type":"ListItem","position":1,"name":"Portada","item":"https:\/\/exaudi.org\/it\/"},{"@type":"ListItem","position":2,"name":"\u201cRisposte reali alle famiglie per fermare l&#8217;inverno demografico\u201d"}]},{"@type":"WebSite","@id":"https:\/\/exaudi.org\/#website","url":"https:\/\/exaudi.org\/","name":"Exaudi","description":"News","potentialAction":[{"@type":"SearchAction","target":{"@type":"EntryPoint","urlTemplate":"https:\/\/exaudi.org\/?s={search_term_string}"},"query-input":{"@type":"PropertyValueSpecification","valueRequired":true,"valueName":"search_term_string"}}],"inLanguage":"it-IT"},{"@type":"Person","@id":"https:\/\/exaudi.org\/#\/schema\/person\/e1ab6ed07c01774724dd96f925f3a5f0","name":"Exaudi Redazione","image":{"@type":"ImageObject","inLanguage":"it-IT","@id":"https:\/\/secure.gravatar.com\/avatar\/ad6774b3ada023bf5b939d64f45c94b3adf91502dd883507d469b4308a943bb3?s=96&d=mm&r=g","url":"https:\/\/secure.gravatar.com\/avatar\/ad6774b3ada023bf5b939d64f45c94b3adf91502dd883507d469b4308a943bb3?s=96&d=mm&r=g","contentUrl":"https:\/\/secure.gravatar.com\/avatar\/ad6774b3ada023bf5b939d64f45c94b3adf91502dd883507d469b4308a943bb3?s=96&d=mm&r=g","caption":"Exaudi Redazione"},"description":"Che cosa \u00e8 Exaudi News? Exaudi News \u00e8 un agenzia cattolica internazionale che informa, istruisce e trasforma quotidianamente in spagnolo, inglese e italiano. Attraverso notizie, articoli di analisi e trasmissioni in diretta degli eventi del Papa, Exaudi cerca di rafforzare l'unit\u00e0 dei cristiani e di contribuire all'evangelizzazione del mondo, sempre guidato dalla dottrina sociale della Chiesa. Lavoriamo per portare la verit\u00e0 e i valori cristiani in ogni angolo del pianeta. Aiutaci a trasformare il mondo con Exaudi! Noi di Exaudi crediamo che l'evangelizzazione e l'informazione di qualit\u00e0 possano cambiare la vita. Per continuare la nostra missione ed espandere la nostra portata, abbiamo bisogno del tuo aiuto. Stiamo anche cercando persone motivate che vogliano unirsi al nostro team. Grazie al vostro sostegno raggiungeremo pi\u00f9 persone, diffonderemo il messaggio di Cristo e rafforzeremo l'unit\u00e0 dei cristiani. Vuoi unirti alla nostra missione? Per maggiori informazioni su come contribuire, visita Exaudi.org\/it o contattaci direttamente: info@exaudi.org Exaudi: informa, forma e trasforma.","sameAs":["https:\/\/www.facebook.com\/ExaudiNotizie\/","https:\/\/www.instagram.com\/Exaudi_notizie\/","https:\/\/x.com\/Exaudi_Notizie","https:\/\/www.youtube.com\/@exaudicatholicnews"],"url":"https:\/\/exaudi.org\/it\/author\/dlvedi-org\/"}]}},"jetpack_featured_media_url":"https:\/\/exaudi.org\/wp-content\/uploads\/2022\/05\/stati-generali.jpg","jetpack_shortlink":"https:\/\/wp.me\/pgKjF2-eLz","_links":{"self":[{"href":"https:\/\/exaudi.org\/it\/wp-json\/wp\/v2\/posts\/56765","targetHints":{"allow":["GET"]}}],"collection":[{"href":"https:\/\/exaudi.org\/it\/wp-json\/wp\/v2\/posts"}],"about":[{"href":"https:\/\/exaudi.org\/it\/wp-json\/wp\/v2\/types\/post"}],"author":[{"embeddable":true,"href":"https:\/\/exaudi.org\/it\/wp-json\/wp\/v2\/users\/17"}],"replies":[{"embeddable":true,"href":"https:\/\/exaudi.org\/it\/wp-json\/wp\/v2\/comments?post=56765"}],"version-history":[{"count":0,"href":"https:\/\/exaudi.org\/it\/wp-json\/wp\/v2\/posts\/56765\/revisions"}],"wp:featuredmedia":[{"embeddable":true,"href":"https:\/\/exaudi.org\/it\/wp-json\/wp\/v2\/media\/56766"}],"wp:attachment":[{"href":"https:\/\/exaudi.org\/it\/wp-json\/wp\/v2\/media?parent=56765"}],"wp:term":[{"taxonomy":"category","embeddable":true,"href":"https:\/\/exaudi.org\/it\/wp-json\/wp\/v2\/categories?post=56765"},{"taxonomy":"post_tag","embeddable":true,"href":"https:\/\/exaudi.org\/it\/wp-json\/wp\/v2\/tags?post=56765"}],"curies":[{"name":"wp","href":"https:\/\/api.w.org\/{rel}","templated":true}]}}