{"id":56615,"date":"2022-05-07T20:05:21","date_gmt":"2022-05-07T18:05:21","guid":{"rendered":"https:\/\/exaudi.org\/?p=56615"},"modified":"2022-05-07T20:05:21","modified_gmt":"2022-05-07T18:05:21","slug":"non-e-possibile-rendere-culto-a-dio-e-allo-stesso-tempo-fare-della-liturgia-un-campo-di-battaglia","status":"publish","type":"post","link":"https:\/\/exaudi.org\/it\/non-e-possibile-rendere-culto-a-dio-e-allo-stesso-tempo-fare-della-liturgia-un-campo-di-battaglia\/","title":{"rendered":"&#8220;Non \u00e8 possibile rendere culto a Dio e allo stesso tempo fare della liturgia un campo di battaglia&#8221;"},"content":{"rendered":"<p>Oggi, nel Palazzo Apostolico Vaticano, Papa Francesco ha ricevuto in Udienza i Docenti e Studenti del Pontificio Istituto Liturgico, in occasione del 60\u00b0 anniversario della sua fondazione.<\/p>\n<p>Pubblichiamo di seguito il discorso che il Santo Padre ha rivolto loro nel corso dell\u2019udienza:<\/p>\n<p><strong>Discorso del Santo Padre<\/strong><\/p>\n<p>Cari fratelli e sorelle, buongiorno e benvenuti!<\/p>\n<p>Grazie, Padre Abate Primate, per la sua introduzione. \u00c8 migliorato l\u2019italiano! Va bene. Saluto il Padre Rettore, il Padre Preside, i Professori, e tutti voi, cari studenti ed ex-studenti del Pontificio Istituto Liturgico.<\/p>\n<p>Sono contento di ricevervi in occasione del 60\u00b0 anniversario della sua fondazione. Essa avvenne come risposta alla crescente necessit\u00e0 del Popolo di Dio di vivere e partecipare pi\u00f9 intensamente alla vita liturgica della Chiesa; esigenza che trov\u00f2 nel Concilio Vaticano II la verifica illuminante con la Costituzione Sacrosanctum Concilium. Ormai, la dedizione della vostra istituzione allo studio della liturgia \u00e8 ben riconosciuta. Esperti formati nelle vostre aule promuovono la vita liturgica di molte diocesi, in contesti culturali assai diversi.<\/p>\n<p>Tre dimensioni emergono chiaramente dalla spinta conciliare al rinnovamento della vita liturgica. La prima \u00e8 la partecipazione attiva e fruttuosa alla liturgia; la seconda \u00e8 la comunione ecclesiale animata dalla celebrazione dell\u2019Eucaristia e dei Sacramenti della Chiesa; e la terza \u00e8 l\u2019impulso alla missione evangelizzatrice a partire dalla vita liturgica che coinvolge tutti i battezzati. Il Pontificio Istituto Liturgico \u00e8 al servizio di questa triplice esigenza.<\/p>\n<p>Anzitutto la formazione a vivere e promuovere la partecipazione attiva nella vita liturgica. Lo studio approfondito e scientifico della Liturgia vi deve spingere a favorire, come voleva il Concilio, questa dimensione fondamentale della vita cristiana. La chiave, qui, \u00e8 educare le persone a entrare nello spirito della liturgia. E per saperlo fare \u00e8 necessario essere impregnati di questo spirito. Al Sant\u2019Anselmo, vorrei dire, dovrebbe succedere questo: impregnarsi dello spirito della liturgia, sentirne il mistero, con stupore sempre nuovo. La liturgia non si possiede, no, non \u00e8 un mestiere: la liturgia si impara, la liturgia si celebra. Arrivare a questo atteggiamento di celebrare la liturgia. E si partecipa attivamente solo nella misura in cui si entra in questo spirito di celebrazione. Non \u00e8 questione di riti, \u00e8 il mistero di Cristo, che una volta per sempre ha rivelato e compiuto il sacro, il sacrificio e il sacerdozio. Il culto in spirito e verit\u00e0. Tutto questo, nel vostro Istituto, va meditato, assimilato, direi \u201crespirato\u201d. Alla scuola delle Scritture, dei Padri, della Tradizione, dei Santi. Solo cos\u00ec la partecipazione pu\u00f2 tradursi in un pi\u00f9 grande senso della Chiesa, che faccia vivere evangelicamente in ogni tempo e in ogni circostanza. E anche questo atteggiamento di celebrare subisce delle tentazioni. Su questo vorrei sottolineare il pericolo, la tentazione del formalismo liturgico: andare dietro a forme, alle formalit\u00e0 pi\u00f9 che alla realt\u00e0, come oggi vediamo in quei movimenti che cercano un po\u2019 di andare indietro e negano proprio il Concilio Vaticano II. Allora la celebrazione \u00e8 recitazione, \u00e8 una cosa senza vita, senza gioia.<\/p>\n<p>La vostra dedizione allo studio liturgico, da parte sia dei professori sia degli studenti, vi fa crescere inoltre nella comunione ecclesiale. La vita liturgica, infatti, ci apre all\u2019altro, al pi\u00f9 vicino e al pi\u00f9 lontano dalla Chiesa, nella comune appartenenza a Cristo. Rendere gloria a Dio nella liturgia trova il suo riscontro nell\u2019amore verso il prossimo, nell\u2019impegno di vivere da fratelli nelle situazioni quotidiane, nella comunit\u00e0 in cui mi trovo, con i suoi pregi e i suoi limiti. \u00c8 questa la strada della vera santificazione. Perci\u00f2, la formazione del Popolo di Dio \u00e8 un compito fondamentale per vivere una vita liturgica pienamente ecclesiale.<\/p>\n<p>E il terzo aspetto. Ogni celebrazione liturgica si conclude sempre con la missione. Ci\u00f2 che viviamo e celebriamo ci porta a uscire incontro agli altri, incontro al mondo che ci circonda, incontro alle gioie e alle necessit\u00e0 di tanti che forse vivono senza conoscere il dono di Dio. La genuina vita liturgica, specialmente l\u2019Eucaristia, ci spinge sempre alla carit\u00e0, che \u00e8 anzitutto apertura e attenzione all\u2019altro. Tale atteggiamento sempre comincia e si fonda nella preghiera, in particolare nella preghiera liturgica. E questa dimensione ci apre anche al dialogo, all\u2019incontro, allo spirito ecumenico, all\u2019accoglienza.<\/p>\n<figure id=\"attachment_56613\" aria-describedby=\"caption-attachment-56613\" style=\"width: 300px\" class=\"wp-caption alignleft\"><img loading=\"lazy\" decoding=\"async\" class=\"size-medium wp-image-56613\" src=\"https:\/\/exaudi.org\/wp-content\/uploads\/2022\/05\/PapaFrancescoRRSS-300x200.jpeg\" alt=\"\" width=\"300\" height=\"200\" srcset=\"https:\/\/exaudi.org\/wp-content\/uploads\/2022\/05\/PapaFrancescoRRSS-300x200.jpeg 300w, https:\/\/exaudi.org\/wp-content\/uploads\/2022\/05\/PapaFrancescoRRSS-770x513.jpeg 770w, https:\/\/exaudi.org\/wp-content\/uploads\/2022\/05\/PapaFrancescoRRSS-360x240.jpeg?crop=1 360w, https:\/\/exaudi.org\/wp-content\/uploads\/2022\/05\/PapaFrancescoRRSS-500x333.jpeg 500w, https:\/\/exaudi.org\/wp-content\/uploads\/2022\/05\/PapaFrancescoRRSS-370x247.jpeg 370w, https:\/\/exaudi.org\/wp-content\/uploads\/2022\/05\/PapaFrancescoRRSS-293x195.jpeg 293w, https:\/\/exaudi.org\/wp-content\/uploads\/2022\/05\/PapaFrancescoRRSS-120x80.jpeg 120w, https:\/\/exaudi.org\/wp-content\/uploads\/2022\/05\/PapaFrancescoRRSS-240x160.jpeg 240w, https:\/\/exaudi.org\/wp-content\/uploads\/2022\/05\/PapaFrancescoRRSS-390x260.jpeg 390w, https:\/\/exaudi.org\/wp-content\/uploads\/2022\/05\/PapaFrancescoRRSS.jpeg 800w\" sizes=\"auto, (max-width: 300px) 100vw, 300px\" \/><figcaption id=\"caption-attachment-56613\" class=\"wp-caption-text\">\u00a9 Vatican Media<\/figcaption><\/figure>\n<p>Mi sono soffermato brevemente su queste tre dimensioni fondamentali. Sottolineo ancora che la vita liturgica, e lo studio di essa, deve condurre a una maggiore unit\u00e0 ecclesiale, non alla divisione. Quando la vita liturgica \u00e8 un po\u2019 bandiera di divisione, c\u2019\u00e8 l\u2019odore del diavolo l\u00ec dentro, l\u2019ingannatore. Non \u00e8 possibile rendere culto a Dio e allo stesso tempo fare della liturgia un campo di battaglia per questioni che non sono essenziali, anzi, per questioni superate e per prendere posizione, a partire dalla liturgia, con ideologie che dividono la Chiesa. Il Vangelo e la Tradizione della Chiesa ci chiamano ad essere saldamente uniti sull\u2019essenziale, e a condividere le legittime differenze nell\u2019armonia dello Spirito. Perci\u00f2 il Concilio ha voluto preparare con abbondanza la mensa della Parola di Dio e dell\u2019Eucaristia, per rendere possibile la presenza di Dio in mezzo al suo Popolo. Cos\u00ec la Chiesa, mediante la preghiera liturgica, prolunga l\u2019opera di Cristo in mezzo agli uomini e alle donne di ogni tempo, e anche in mezzo al creato, dispensando la grazia della sua presenza sacramentale. La liturgia si deve studiare restando fedeli a questo mistero della Chiesa.<\/p>\n<p>\u00c8 vero che ogni riforma crea delle resistenze. Io mi ricordo, ero ragazzo, quando Pio XII cominci\u00f2 con la prima riforma liturgica, la prima: si pu\u00f2 bere acqua prima della comunione, digiuno di un\u2019ora\u2026 \u201cMa questo \u00e8 contro la santit\u00e0 dell\u2019Eucaristia!\u201d, si stracciavano le vesti. Poi, la Messa vespertina: \u201cMa, come mai, la Messa \u00e8 al mattino!\u201d. Poi, la riforma del Triduo pasquale: \u201cMa come, il sabato deve risorgere il Signore, adesso lo rimandano alla domenica, al sabato sera, la domenica non suonano le campane\u2026 E le dodici profezie dove vanno?\u201d. Tutte queste cose scandalizzavano le mentalit\u00e0 chiuse. Succede anche oggi. Anzi, queste mentalit\u00e0 chiuse usano schemi liturgici per difendere il proprio punto di vista. Usare la liturgia: questo \u00e8 il dramma che stiamo vivendo in gruppi ecclesiali che si allontanano dalla Chiesa, mettono in questione il Concilio, l\u2019autorit\u00e0 dei vescovi\u2026, per conservare la tradizione. E si usa la liturgia, per questo.<\/p>\n<p>Le sfide del nostro mondo e del momento presente sono molto forti. La Chiesa ha bisogno oggi come sempre di vivere della liturgia. I Padri Conciliari hanno fatto un grande lavoro perch\u00e9 cos\u00ec fosse. Noi dobbiamo continuare questo compito di formare alla liturgia per essere formati dalla liturgia. La Santa Vergine Maria insieme agli Apostoli pregavano, spezzavano il Pane e vivevano la carit\u00e0 con tutti. Per loro intercessione, la liturgia della Chiesa renda presente oggi e sempre questo modello di vita cristiana.<\/p>\n<p>Vi ringrazio del servizio che rendete alla Chiesa e vi incoraggio a portarlo avanti nella letizia dello Spirito. Vi benedico di cuore.<\/p>\n<p>E vi chiedo per favore di pregare per me.<\/p>\n<p>Grazie.<\/p>\n","protected":false},"excerpt":{"rendered":"<p>Discorso del Santo Padre Francesco ai docenti e agli studenti del Pontificio I Istituto Liturgico<\/p>\n","protected":false},"author":17,"featured_media":56610,"comment_status":"closed","ping_status":"closed","sticky":false,"template":"","format":"standard","meta":{"_acf_changed":false,"_crdt_document":"","inline_featured_image":false,"footnotes":""},"categories":[123,58,67],"tags":[2487,401,4952],"class_list":["post-56615","post","type-post","status-publish","format-standard","has-post-thumbnail","hentry","category-discorsi","category-featured-news","category-leone-xiv","tag-featured-3","tag-papa-francisco-it","tag-trending-it"],"acf":[],"yoast_head":"<!-- This site is optimized with the Yoast SEO plugin v27.5 - https:\/\/yoast.com\/product\/yoast-seo-wordpress\/ -->\n<title>&quot;Non \u00e8 possibile rendere culto a Dio e allo stesso tempo fare della liturgia un campo di battaglia&quot; &#8211; Exaudi<\/title>\n<meta name=\"robots\" content=\"index, follow, max-snippet:-1, max-image-preview:large, max-video-preview:-1\" \/>\n<link rel=\"canonical\" href=\"https:\/\/exaudi.org\/it\/non-e-possibile-rendere-culto-a-dio-e-allo-stesso-tempo-fare-della-liturgia-un-campo-di-battaglia\/\" \/>\n<meta property=\"og:locale\" content=\"it_IT\" \/>\n<meta property=\"og:type\" content=\"article\" \/>\n<meta property=\"og:title\" content=\"&quot;Non \u00e8 possibile rendere culto a Dio e allo stesso tempo fare della liturgia un campo di battaglia&quot; &#8211; Exaudi\" \/>\n<meta property=\"og:description\" content=\"Discorso del Santo Padre Francesco ai docenti e agli studenti del Pontificio I Istituto Liturgico\" \/>\n<meta property=\"og:url\" content=\"https:\/\/exaudi.org\/it\/non-e-possibile-rendere-culto-a-dio-e-allo-stesso-tempo-fare-della-liturgia-un-campo-di-battaglia\/\" \/>\n<meta property=\"og:site_name\" content=\"Exaudi\" \/>\n<meta property=\"article:publisher\" content=\"https:\/\/www.facebook.com\/ExaudiNews\" \/>\n<meta property=\"article:author\" content=\"https:\/\/www.facebook.com\/ExaudiNotizie\/\" \/>\n<meta property=\"article:published_time\" content=\"2022-05-07T18:05:21+00:00\" \/>\n<meta property=\"og:image\" content=\"https:\/\/exaudi.org\/wp-content\/uploads\/2022\/05\/PapaFrancesco.jpeg\" \/>\n\t<meta property=\"og:image:width\" content=\"800\" \/>\n\t<meta property=\"og:image:height\" content=\"533\" \/>\n\t<meta property=\"og:image:type\" content=\"image\/jpeg\" \/>\n<meta name=\"author\" content=\"Exaudi Redazione\" \/>\n<meta name=\"twitter:card\" content=\"summary_large_image\" \/>\n<meta name=\"twitter:creator\" content=\"@Exaudi_Notizie\" \/>\n<meta name=\"twitter:site\" content=\"@Exaudi_News\" \/>\n<meta name=\"twitter:label1\" content=\"Scritto da\" \/>\n\t<meta name=\"twitter:data1\" content=\"Exaudi Redazione\" \/>\n\t<meta name=\"twitter:label2\" content=\"Tempo di lettura stimato\" \/>\n\t<meta name=\"twitter:data2\" content=\"6 minuti\" \/>\n<script type=\"application\/ld+json\" class=\"yoast-schema-graph\">{\"@context\":\"https:\\\/\\\/schema.org\",\"@graph\":[{\"@type\":\"Article\",\"@id\":\"https:\\\/\\\/exaudi.org\\\/it\\\/non-e-possibile-rendere-culto-a-dio-e-allo-stesso-tempo-fare-della-liturgia-un-campo-di-battaglia\\\/#article\",\"isPartOf\":{\"@id\":\"https:\\\/\\\/exaudi.org\\\/it\\\/non-e-possibile-rendere-culto-a-dio-e-allo-stesso-tempo-fare-della-liturgia-un-campo-di-battaglia\\\/\"},\"author\":{\"name\":\"Exaudi Redazione\",\"@id\":\"https:\\\/\\\/exaudi.org\\\/#\\\/schema\\\/person\\\/e1ab6ed07c01774724dd96f925f3a5f0\"},\"headline\":\"&#8220;Non \u00e8 possibile rendere culto a Dio e allo stesso tempo fare della liturgia un campo di battaglia&#8221;\",\"datePublished\":\"2022-05-07T18:05:21+00:00\",\"mainEntityOfPage\":{\"@id\":\"https:\\\/\\\/exaudi.org\\\/it\\\/non-e-possibile-rendere-culto-a-dio-e-allo-stesso-tempo-fare-della-liturgia-un-campo-di-battaglia\\\/\"},\"wordCount\":1160,\"image\":{\"@id\":\"https:\\\/\\\/exaudi.org\\\/it\\\/non-e-possibile-rendere-culto-a-dio-e-allo-stesso-tempo-fare-della-liturgia-un-campo-di-battaglia\\\/#primaryimage\"},\"thumbnailUrl\":\"https:\\\/\\\/exaudi.org\\\/wp-content\\\/uploads\\\/2022\\\/05\\\/PapaFrancesco.jpeg\",\"keywords\":[\"Featured\",\"papa francisco\",\"Trending\"],\"articleSection\":[\"Discorsi\",\"Featured News\",\"Leone XIV\"],\"inLanguage\":\"it-IT\"},{\"@type\":\"WebPage\",\"@id\":\"https:\\\/\\\/exaudi.org\\\/it\\\/non-e-possibile-rendere-culto-a-dio-e-allo-stesso-tempo-fare-della-liturgia-un-campo-di-battaglia\\\/\",\"url\":\"https:\\\/\\\/exaudi.org\\\/it\\\/non-e-possibile-rendere-culto-a-dio-e-allo-stesso-tempo-fare-della-liturgia-un-campo-di-battaglia\\\/\",\"name\":\"\\\"Non \u00e8 possibile rendere culto a Dio e allo stesso tempo fare della liturgia un campo di battaglia\\\" &#8211; Exaudi\",\"isPartOf\":{\"@id\":\"https:\\\/\\\/exaudi.org\\\/#website\"},\"primaryImageOfPage\":{\"@id\":\"https:\\\/\\\/exaudi.org\\\/it\\\/non-e-possibile-rendere-culto-a-dio-e-allo-stesso-tempo-fare-della-liturgia-un-campo-di-battaglia\\\/#primaryimage\"},\"image\":{\"@id\":\"https:\\\/\\\/exaudi.org\\\/it\\\/non-e-possibile-rendere-culto-a-dio-e-allo-stesso-tempo-fare-della-liturgia-un-campo-di-battaglia\\\/#primaryimage\"},\"thumbnailUrl\":\"https:\\\/\\\/exaudi.org\\\/wp-content\\\/uploads\\\/2022\\\/05\\\/PapaFrancesco.jpeg\",\"datePublished\":\"2022-05-07T18:05:21+00:00\",\"author\":{\"@id\":\"https:\\\/\\\/exaudi.org\\\/#\\\/schema\\\/person\\\/e1ab6ed07c01774724dd96f925f3a5f0\"},\"breadcrumb\":{\"@id\":\"https:\\\/\\\/exaudi.org\\\/it\\\/non-e-possibile-rendere-culto-a-dio-e-allo-stesso-tempo-fare-della-liturgia-un-campo-di-battaglia\\\/#breadcrumb\"},\"inLanguage\":\"it-IT\",\"potentialAction\":[{\"@type\":\"ReadAction\",\"target\":[\"https:\\\/\\\/exaudi.org\\\/it\\\/non-e-possibile-rendere-culto-a-dio-e-allo-stesso-tempo-fare-della-liturgia-un-campo-di-battaglia\\\/\"]}]},{\"@type\":\"ImageObject\",\"inLanguage\":\"it-IT\",\"@id\":\"https:\\\/\\\/exaudi.org\\\/it\\\/non-e-possibile-rendere-culto-a-dio-e-allo-stesso-tempo-fare-della-liturgia-un-campo-di-battaglia\\\/#primaryimage\",\"url\":\"https:\\\/\\\/exaudi.org\\\/wp-content\\\/uploads\\\/2022\\\/05\\\/PapaFrancesco.jpeg\",\"contentUrl\":\"https:\\\/\\\/exaudi.org\\\/wp-content\\\/uploads\\\/2022\\\/05\\\/PapaFrancesco.jpeg\",\"width\":800,\"height\":533,\"caption\":\"\u00a9 Vatican Media\"},{\"@type\":\"BreadcrumbList\",\"@id\":\"https:\\\/\\\/exaudi.org\\\/it\\\/non-e-possibile-rendere-culto-a-dio-e-allo-stesso-tempo-fare-della-liturgia-un-campo-di-battaglia\\\/#breadcrumb\",\"itemListElement\":[{\"@type\":\"ListItem\",\"position\":1,\"name\":\"Portada\",\"item\":\"https:\\\/\\\/exaudi.org\\\/it\\\/\"},{\"@type\":\"ListItem\",\"position\":2,\"name\":\"&#8220;Non \u00e8 possibile rendere culto a Dio e allo stesso tempo fare della liturgia un campo di battaglia&#8221;\"}]},{\"@type\":\"WebSite\",\"@id\":\"https:\\\/\\\/exaudi.org\\\/#website\",\"url\":\"https:\\\/\\\/exaudi.org\\\/\",\"name\":\"Exaudi\",\"description\":\"News\",\"potentialAction\":[{\"@type\":\"SearchAction\",\"target\":{\"@type\":\"EntryPoint\",\"urlTemplate\":\"https:\\\/\\\/exaudi.org\\\/?s={search_term_string}\"},\"query-input\":{\"@type\":\"PropertyValueSpecification\",\"valueRequired\":true,\"valueName\":\"search_term_string\"}}],\"inLanguage\":\"it-IT\"},{\"@type\":\"Person\",\"@id\":\"https:\\\/\\\/exaudi.org\\\/#\\\/schema\\\/person\\\/e1ab6ed07c01774724dd96f925f3a5f0\",\"name\":\"Exaudi Redazione\",\"image\":{\"@type\":\"ImageObject\",\"inLanguage\":\"it-IT\",\"@id\":\"https:\\\/\\\/secure.gravatar.com\\\/avatar\\\/ad6774b3ada023bf5b939d64f45c94b3adf91502dd883507d469b4308a943bb3?s=96&d=mm&r=g\",\"url\":\"https:\\\/\\\/secure.gravatar.com\\\/avatar\\\/ad6774b3ada023bf5b939d64f45c94b3adf91502dd883507d469b4308a943bb3?s=96&d=mm&r=g\",\"contentUrl\":\"https:\\\/\\\/secure.gravatar.com\\\/avatar\\\/ad6774b3ada023bf5b939d64f45c94b3adf91502dd883507d469b4308a943bb3?s=96&d=mm&r=g\",\"caption\":\"Exaudi Redazione\"},\"description\":\"Che cosa \u00e8 Exaudi News? Exaudi News \u00e8 un agenzia cattolica internazionale che informa, istruisce e trasforma quotidianamente in spagnolo, inglese e italiano. Attraverso notizie, articoli di analisi e trasmissioni in diretta degli eventi del Papa, Exaudi cerca di rafforzare l'unit\u00e0 dei cristiani e di contribuire all'evangelizzazione del mondo, sempre guidato dalla dottrina sociale della Chiesa. Lavoriamo per portare la verit\u00e0 e i valori cristiani in ogni angolo del pianeta. Aiutaci a trasformare il mondo con Exaudi! Noi di Exaudi crediamo che l'evangelizzazione e l'informazione di qualit\u00e0 possano cambiare la vita. Per continuare la nostra missione ed espandere la nostra portata, abbiamo bisogno del tuo aiuto. Stiamo anche cercando persone motivate che vogliano unirsi al nostro team. Grazie al vostro sostegno raggiungeremo pi\u00f9 persone, diffonderemo il messaggio di Cristo e rafforzeremo l'unit\u00e0 dei cristiani. Vuoi unirti alla nostra missione? Per maggiori informazioni su come contribuire, visita Exaudi.org\\\/it o contattaci direttamente: info@exaudi.org Exaudi: informa, forma e trasforma.\",\"sameAs\":[\"https:\\\/\\\/www.facebook.com\\\/ExaudiNotizie\\\/\",\"https:\\\/\\\/www.instagram.com\\\/Exaudi_notizie\\\/\",\"https:\\\/\\\/x.com\\\/Exaudi_Notizie\",\"https:\\\/\\\/www.youtube.com\\\/@exaudicatholicnews\"],\"url\":\"https:\\\/\\\/exaudi.org\\\/it\\\/author\\\/dlvedi-org\\\/\"}]}<\/script>\n<!-- \/ Yoast SEO plugin. -->","yoast_head_json":{"title":"\"Non \u00e8 possibile rendere culto a Dio e allo stesso tempo fare della liturgia un campo di battaglia\" &#8211; Exaudi","robots":{"index":"index","follow":"follow","max-snippet":"max-snippet:-1","max-image-preview":"max-image-preview:large","max-video-preview":"max-video-preview:-1"},"canonical":"https:\/\/exaudi.org\/it\/non-e-possibile-rendere-culto-a-dio-e-allo-stesso-tempo-fare-della-liturgia-un-campo-di-battaglia\/","og_locale":"it_IT","og_type":"article","og_title":"\"Non \u00e8 possibile rendere culto a Dio e allo stesso tempo fare della liturgia un campo di battaglia\" &#8211; Exaudi","og_description":"Discorso del Santo Padre Francesco ai docenti e agli studenti del Pontificio I Istituto Liturgico","og_url":"https:\/\/exaudi.org\/it\/non-e-possibile-rendere-culto-a-dio-e-allo-stesso-tempo-fare-della-liturgia-un-campo-di-battaglia\/","og_site_name":"Exaudi","article_publisher":"https:\/\/www.facebook.com\/ExaudiNews","article_author":"https:\/\/www.facebook.com\/ExaudiNotizie\/","article_published_time":"2022-05-07T18:05:21+00:00","og_image":[{"width":800,"height":533,"url":"https:\/\/exaudi.org\/wp-content\/uploads\/2022\/05\/PapaFrancesco.jpeg","type":"image\/jpeg"}],"author":"Exaudi Redazione","twitter_card":"summary_large_image","twitter_creator":"@Exaudi_Notizie","twitter_site":"@Exaudi_News","twitter_misc":{"Scritto da":"Exaudi Redazione","Tempo di lettura stimato":"6 minuti"},"schema":{"@context":"https:\/\/schema.org","@graph":[{"@type":"Article","@id":"https:\/\/exaudi.org\/it\/non-e-possibile-rendere-culto-a-dio-e-allo-stesso-tempo-fare-della-liturgia-un-campo-di-battaglia\/#article","isPartOf":{"@id":"https:\/\/exaudi.org\/it\/non-e-possibile-rendere-culto-a-dio-e-allo-stesso-tempo-fare-della-liturgia-un-campo-di-battaglia\/"},"author":{"name":"Exaudi Redazione","@id":"https:\/\/exaudi.org\/#\/schema\/person\/e1ab6ed07c01774724dd96f925f3a5f0"},"headline":"&#8220;Non \u00e8 possibile rendere culto a Dio e allo stesso tempo fare della liturgia un campo di battaglia&#8221;","datePublished":"2022-05-07T18:05:21+00:00","mainEntityOfPage":{"@id":"https:\/\/exaudi.org\/it\/non-e-possibile-rendere-culto-a-dio-e-allo-stesso-tempo-fare-della-liturgia-un-campo-di-battaglia\/"},"wordCount":1160,"image":{"@id":"https:\/\/exaudi.org\/it\/non-e-possibile-rendere-culto-a-dio-e-allo-stesso-tempo-fare-della-liturgia-un-campo-di-battaglia\/#primaryimage"},"thumbnailUrl":"https:\/\/exaudi.org\/wp-content\/uploads\/2022\/05\/PapaFrancesco.jpeg","keywords":["Featured","papa francisco","Trending"],"articleSection":["Discorsi","Featured News","Leone XIV"],"inLanguage":"it-IT"},{"@type":"WebPage","@id":"https:\/\/exaudi.org\/it\/non-e-possibile-rendere-culto-a-dio-e-allo-stesso-tempo-fare-della-liturgia-un-campo-di-battaglia\/","url":"https:\/\/exaudi.org\/it\/non-e-possibile-rendere-culto-a-dio-e-allo-stesso-tempo-fare-della-liturgia-un-campo-di-battaglia\/","name":"\"Non \u00e8 possibile rendere culto a Dio e allo stesso tempo fare della liturgia un campo di battaglia\" &#8211; Exaudi","isPartOf":{"@id":"https:\/\/exaudi.org\/#website"},"primaryImageOfPage":{"@id":"https:\/\/exaudi.org\/it\/non-e-possibile-rendere-culto-a-dio-e-allo-stesso-tempo-fare-della-liturgia-un-campo-di-battaglia\/#primaryimage"},"image":{"@id":"https:\/\/exaudi.org\/it\/non-e-possibile-rendere-culto-a-dio-e-allo-stesso-tempo-fare-della-liturgia-un-campo-di-battaglia\/#primaryimage"},"thumbnailUrl":"https:\/\/exaudi.org\/wp-content\/uploads\/2022\/05\/PapaFrancesco.jpeg","datePublished":"2022-05-07T18:05:21+00:00","author":{"@id":"https:\/\/exaudi.org\/#\/schema\/person\/e1ab6ed07c01774724dd96f925f3a5f0"},"breadcrumb":{"@id":"https:\/\/exaudi.org\/it\/non-e-possibile-rendere-culto-a-dio-e-allo-stesso-tempo-fare-della-liturgia-un-campo-di-battaglia\/#breadcrumb"},"inLanguage":"it-IT","potentialAction":[{"@type":"ReadAction","target":["https:\/\/exaudi.org\/it\/non-e-possibile-rendere-culto-a-dio-e-allo-stesso-tempo-fare-della-liturgia-un-campo-di-battaglia\/"]}]},{"@type":"ImageObject","inLanguage":"it-IT","@id":"https:\/\/exaudi.org\/it\/non-e-possibile-rendere-culto-a-dio-e-allo-stesso-tempo-fare-della-liturgia-un-campo-di-battaglia\/#primaryimage","url":"https:\/\/exaudi.org\/wp-content\/uploads\/2022\/05\/PapaFrancesco.jpeg","contentUrl":"https:\/\/exaudi.org\/wp-content\/uploads\/2022\/05\/PapaFrancesco.jpeg","width":800,"height":533,"caption":"\u00a9 Vatican Media"},{"@type":"BreadcrumbList","@id":"https:\/\/exaudi.org\/it\/non-e-possibile-rendere-culto-a-dio-e-allo-stesso-tempo-fare-della-liturgia-un-campo-di-battaglia\/#breadcrumb","itemListElement":[{"@type":"ListItem","position":1,"name":"Portada","item":"https:\/\/exaudi.org\/it\/"},{"@type":"ListItem","position":2,"name":"&#8220;Non \u00e8 possibile rendere culto a Dio e allo stesso tempo fare della liturgia un campo di battaglia&#8221;"}]},{"@type":"WebSite","@id":"https:\/\/exaudi.org\/#website","url":"https:\/\/exaudi.org\/","name":"Exaudi","description":"News","potentialAction":[{"@type":"SearchAction","target":{"@type":"EntryPoint","urlTemplate":"https:\/\/exaudi.org\/?s={search_term_string}"},"query-input":{"@type":"PropertyValueSpecification","valueRequired":true,"valueName":"search_term_string"}}],"inLanguage":"it-IT"},{"@type":"Person","@id":"https:\/\/exaudi.org\/#\/schema\/person\/e1ab6ed07c01774724dd96f925f3a5f0","name":"Exaudi Redazione","image":{"@type":"ImageObject","inLanguage":"it-IT","@id":"https:\/\/secure.gravatar.com\/avatar\/ad6774b3ada023bf5b939d64f45c94b3adf91502dd883507d469b4308a943bb3?s=96&d=mm&r=g","url":"https:\/\/secure.gravatar.com\/avatar\/ad6774b3ada023bf5b939d64f45c94b3adf91502dd883507d469b4308a943bb3?s=96&d=mm&r=g","contentUrl":"https:\/\/secure.gravatar.com\/avatar\/ad6774b3ada023bf5b939d64f45c94b3adf91502dd883507d469b4308a943bb3?s=96&d=mm&r=g","caption":"Exaudi Redazione"},"description":"Che cosa \u00e8 Exaudi News? Exaudi News \u00e8 un agenzia cattolica internazionale che informa, istruisce e trasforma quotidianamente in spagnolo, inglese e italiano. Attraverso notizie, articoli di analisi e trasmissioni in diretta degli eventi del Papa, Exaudi cerca di rafforzare l'unit\u00e0 dei cristiani e di contribuire all'evangelizzazione del mondo, sempre guidato dalla dottrina sociale della Chiesa. Lavoriamo per portare la verit\u00e0 e i valori cristiani in ogni angolo del pianeta. Aiutaci a trasformare il mondo con Exaudi! Noi di Exaudi crediamo che l'evangelizzazione e l'informazione di qualit\u00e0 possano cambiare la vita. Per continuare la nostra missione ed espandere la nostra portata, abbiamo bisogno del tuo aiuto. Stiamo anche cercando persone motivate che vogliano unirsi al nostro team. Grazie al vostro sostegno raggiungeremo pi\u00f9 persone, diffonderemo il messaggio di Cristo e rafforzeremo l'unit\u00e0 dei cristiani. Vuoi unirti alla nostra missione? Per maggiori informazioni su come contribuire, visita Exaudi.org\/it o contattaci direttamente: info@exaudi.org Exaudi: informa, forma e trasforma.","sameAs":["https:\/\/www.facebook.com\/ExaudiNotizie\/","https:\/\/www.instagram.com\/Exaudi_notizie\/","https:\/\/x.com\/Exaudi_Notizie","https:\/\/www.youtube.com\/@exaudicatholicnews"],"url":"https:\/\/exaudi.org\/it\/author\/dlvedi-org\/"}]}},"jetpack_featured_media_url":"https:\/\/exaudi.org\/wp-content\/uploads\/2022\/05\/PapaFrancesco.jpeg","jetpack_shortlink":"https:\/\/wp.me\/pgKjF2-eJ9","_links":{"self":[{"href":"https:\/\/exaudi.org\/it\/wp-json\/wp\/v2\/posts\/56615","targetHints":{"allow":["GET"]}}],"collection":[{"href":"https:\/\/exaudi.org\/it\/wp-json\/wp\/v2\/posts"}],"about":[{"href":"https:\/\/exaudi.org\/it\/wp-json\/wp\/v2\/types\/post"}],"author":[{"embeddable":true,"href":"https:\/\/exaudi.org\/it\/wp-json\/wp\/v2\/users\/17"}],"replies":[{"embeddable":true,"href":"https:\/\/exaudi.org\/it\/wp-json\/wp\/v2\/comments?post=56615"}],"version-history":[{"count":0,"href":"https:\/\/exaudi.org\/it\/wp-json\/wp\/v2\/posts\/56615\/revisions"}],"wp:featuredmedia":[{"embeddable":true,"href":"https:\/\/exaudi.org\/it\/wp-json\/wp\/v2\/media\/56610"}],"wp:attachment":[{"href":"https:\/\/exaudi.org\/it\/wp-json\/wp\/v2\/media?parent=56615"}],"wp:term":[{"taxonomy":"category","embeddable":true,"href":"https:\/\/exaudi.org\/it\/wp-json\/wp\/v2\/categories?post=56615"},{"taxonomy":"post_tag","embeddable":true,"href":"https:\/\/exaudi.org\/it\/wp-json\/wp\/v2\/tags?post=56615"}],"curies":[{"name":"wp","href":"https:\/\/api.w.org\/{rel}","templated":true}]}}