{"id":56178,"date":"2022-04-21T17:37:24","date_gmt":"2022-04-21T15:37:24","guid":{"rendered":"https:\/\/exaudi.org\/?p=56178"},"modified":"2022-04-21T17:37:24","modified_gmt":"2022-04-21T15:37:24","slug":"tregua-in-ucraina-il-papa-sostiene-lappello-dellonu","status":"publish","type":"post","link":"https:\/\/exaudi.org\/it\/tregua-in-ucraina-il-papa-sostiene-lappello-dellonu\/","title":{"rendered":"Tregua in Ucraina, il Papa sostiene l&#8217;appello dell&#8217;Onu"},"content":{"rendered":"<p>La richiesta di Papa Francesco di una tregua in occasione della Pasqua cattolica nel conflitto in Ucraina era rimasta senza risposta. Ora, con l\u2019approssimarsi della celebrazione secondo il calendario giuliano, seguito dagli ortodossi, l\u2019appello si rinnova. Il Papa, infatti, si \u00e8 unito alla richiesta del segretario generale dell\u2019Onu e del capo della Chiesa Greco-Cattolica.<\/p>\n<p>Lo rende noto un comunicato diffuso dalla sala stampa della S. Sede: \u201cNella scorsa Domenica delle Palme Papa Francesco aveva <a href=\"https:\/\/exaudi.org\/it\/il-papa-una-tregua-pasquale-per-arrivare-alla-pace-in-ucraina\/\">chiesto<\/a> una tregua pasquale, per arrivare alla pace. La Santa Sede ed il Santo Padre si uniscono all\u2019appello che il Sig. Antonio Guterres, Segretario Generale dell\u2019ONU, d\u2019accordo con Sua Beatitudine Sviatoslav Shevchuk, Capo della Chiesa Greco-Cattolica Ucraina, ha lanciato il 19 aprile scorso, per una tregua in occasione della celebrazione della Pasqua secondo il calendario giuliano, il 24 aprile prossimo.<\/p>\n<h2>Nulla \u00e8 impossibile a Dio<\/h2>\n<p>Nella consapevolezza che nulla \u00e8 impossibile a Dio, invocano il Signore perch\u00e9 la popolazione intrappolata in zone di guerra sia evacuata e sia presto ristabilita la pace, e chiedono a chi ha la responsabilit\u00e0 delle Nazioni di ascoltare il grido di pace della gente\u201d.<\/p>\n<h2>L&#8217;incontro con Orb\u00e1n: grazie per i profughi<\/h2>\n<p>Questa mattina il S. Padre ha ricevuto in udienza il primo ministro dell&#8217;Ungheria Viktor Orb\u00e1n, da poco rieletto per la quarta volta. Il premier magiaro \u00e8 giunto in visita privata, insieme alla moglie. Il colloquio \u00e8 durato circa 40 minuti e il Papa ha riconosciuto e ringraziato l&#8217;azione dell&#8217;Ungheria in favore dei rifugiati ucraini in fuga dalla guerra. Si tratta del primo viaggio all&#8217;estero del leader ungherese dopo la rielezione. Orb\u00e1n ha invitato il Papa in Ungheria. L&#8217;ultimo incontro era avvenuto tra i due era avvenuto il 12 settembre scorso, in occasione della tappa a Budapest del Pontefice per la conclusione del Congresso Eucaristico internazionale.<\/p>\n","protected":false},"excerpt":{"rendered":"<p>L&#8217;iniziativa concordata con la Chiesa Greco-cattolica per la Pasqua ortodossa<\/p>\n","protected":false},"author":17,"featured_media":56184,"comment_status":"closed","ping_status":"closed","sticky":false,"template":"","format":"standard","meta":{"_acf_changed":false,"_crdt_document":"","inline_featured_image":false,"footnotes":""},"categories":[67],"tags":[2487,251,1278,6246,1773],"class_list":["post-56178","post","type-post","status-publish","format-standard","has-post-thumbnail","hentry","category-leone-xiv","tag-featured-3","tag-papa-francesco","tag-pasqua","tag-tregua","tag-ucraina"],"acf":[],"yoast_head":"<!-- This site is optimized with the Yoast SEO plugin v27.5 - https:\/\/yoast.com\/product\/yoast-seo-wordpress\/ -->\n<title>Tregua in Ucraina, il Papa sostiene l&#039;appello dell&#039;Onu &#8211; Exaudi<\/title>\n<meta name=\"description\" content=\"Il Papa sostiene l&#039;appello dell&#039;Onu per la tregua in Ucraina in occasione della Pasqua ortodossa. Al premier ungherese: grazie per i profughi\" \/>\n<meta name=\"robots\" content=\"index, follow, max-snippet:-1, max-image-preview:large, max-video-preview:-1\" \/>\n<link rel=\"canonical\" href=\"https:\/\/exaudi.org\/it\/tregua-in-ucraina-il-papa-sostiene-lappello-dellonu\/\" \/>\n<meta property=\"og:locale\" content=\"it_IT\" \/>\n<meta property=\"og:type\" content=\"article\" \/>\n<meta property=\"og:title\" content=\"Tregua in Ucraina, il Papa sostiene l&#039;appello dell&#039;Onu &#8211; Exaudi\" \/>\n<meta property=\"og:description\" content=\"Il Papa sostiene l&#039;appello dell&#039;Onu per la tregua in Ucraina in occasione della Pasqua ortodossa. Al premier ungherese: grazie per i profughi\" \/>\n<meta property=\"og:url\" content=\"https:\/\/exaudi.org\/it\/tregua-in-ucraina-il-papa-sostiene-lappello-dellonu\/\" \/>\n<meta property=\"og:site_name\" content=\"Exaudi\" \/>\n<meta property=\"article:publisher\" content=\"https:\/\/www.facebook.com\/ExaudiNews\" \/>\n<meta property=\"article:author\" content=\"https:\/\/www.facebook.com\/ExaudiNotizie\/\" \/>\n<meta property=\"article:published_time\" content=\"2022-04-21T15:37:24+00:00\" \/>\n<meta property=\"og:image\" content=\"https:\/\/exaudi.org\/wp-content\/uploads\/2022\/04\/Orban-scaled.jpg\" \/>\n\t<meta property=\"og:image:width\" content=\"2560\" \/>\n\t<meta property=\"og:image:height\" content=\"1707\" \/>\n\t<meta property=\"og:image:type\" content=\"image\/jpeg\" \/>\n<meta name=\"author\" content=\"Exaudi Redazione\" \/>\n<meta name=\"twitter:card\" content=\"summary_large_image\" \/>\n<meta name=\"twitter:creator\" content=\"@Exaudi_Notizie\" \/>\n<meta name=\"twitter:site\" content=\"@Exaudi_News\" \/>\n<meta name=\"twitter:label1\" content=\"Scritto da\" \/>\n\t<meta name=\"twitter:data1\" content=\"Exaudi Redazione\" \/>\n\t<meta name=\"twitter:label2\" content=\"Tempo di lettura stimato\" \/>\n\t<meta name=\"twitter:data2\" content=\"2 minuti\" \/>\n<script type=\"application\/ld+json\" class=\"yoast-schema-graph\">{\"@context\":\"https:\\\/\\\/schema.org\",\"@graph\":[{\"@type\":\"Article\",\"@id\":\"https:\\\/\\\/exaudi.org\\\/it\\\/tregua-in-ucraina-il-papa-sostiene-lappello-dellonu\\\/#article\",\"isPartOf\":{\"@id\":\"https:\\\/\\\/exaudi.org\\\/it\\\/tregua-in-ucraina-il-papa-sostiene-lappello-dellonu\\\/\"},\"author\":{\"name\":\"Exaudi Redazione\",\"@id\":\"https:\\\/\\\/exaudi.org\\\/#\\\/schema\\\/person\\\/e1ab6ed07c01774724dd96f925f3a5f0\"},\"headline\":\"Tregua in Ucraina, il Papa sostiene l&#8217;appello dell&#8217;Onu\",\"datePublished\":\"2022-04-21T15:37:24+00:00\",\"mainEntityOfPage\":{\"@id\":\"https:\\\/\\\/exaudi.org\\\/it\\\/tregua-in-ucraina-il-papa-sostiene-lappello-dellonu\\\/\"},\"wordCount\":311,\"image\":{\"@id\":\"https:\\\/\\\/exaudi.org\\\/it\\\/tregua-in-ucraina-il-papa-sostiene-lappello-dellonu\\\/#primaryimage\"},\"thumbnailUrl\":\"https:\\\/\\\/exaudi.org\\\/wp-content\\\/uploads\\\/2022\\\/04\\\/Orban-scaled.jpg\",\"keywords\":[\"Featured\",\"Papa Francesco\",\"Pasqua\",\"tregua\",\"Ucraina\"],\"articleSection\":[\"Leone XIV\"],\"inLanguage\":\"it-IT\"},{\"@type\":\"WebPage\",\"@id\":\"https:\\\/\\\/exaudi.org\\\/it\\\/tregua-in-ucraina-il-papa-sostiene-lappello-dellonu\\\/\",\"url\":\"https:\\\/\\\/exaudi.org\\\/it\\\/tregua-in-ucraina-il-papa-sostiene-lappello-dellonu\\\/\",\"name\":\"Tregua in Ucraina, il Papa sostiene l'appello dell'Onu &#8211; Exaudi\",\"isPartOf\":{\"@id\":\"https:\\\/\\\/exaudi.org\\\/#website\"},\"primaryImageOfPage\":{\"@id\":\"https:\\\/\\\/exaudi.org\\\/it\\\/tregua-in-ucraina-il-papa-sostiene-lappello-dellonu\\\/#primaryimage\"},\"image\":{\"@id\":\"https:\\\/\\\/exaudi.org\\\/it\\\/tregua-in-ucraina-il-papa-sostiene-lappello-dellonu\\\/#primaryimage\"},\"thumbnailUrl\":\"https:\\\/\\\/exaudi.org\\\/wp-content\\\/uploads\\\/2022\\\/04\\\/Orban-scaled.jpg\",\"datePublished\":\"2022-04-21T15:37:24+00:00\",\"author\":{\"@id\":\"https:\\\/\\\/exaudi.org\\\/#\\\/schema\\\/person\\\/e1ab6ed07c01774724dd96f925f3a5f0\"},\"description\":\"Il Papa sostiene l'appello dell'Onu per la tregua in Ucraina in occasione della Pasqua ortodossa. Al premier ungherese: grazie per i profughi\",\"breadcrumb\":{\"@id\":\"https:\\\/\\\/exaudi.org\\\/it\\\/tregua-in-ucraina-il-papa-sostiene-lappello-dellonu\\\/#breadcrumb\"},\"inLanguage\":\"it-IT\",\"potentialAction\":[{\"@type\":\"ReadAction\",\"target\":[\"https:\\\/\\\/exaudi.org\\\/it\\\/tregua-in-ucraina-il-papa-sostiene-lappello-dellonu\\\/\"]}]},{\"@type\":\"ImageObject\",\"inLanguage\":\"it-IT\",\"@id\":\"https:\\\/\\\/exaudi.org\\\/it\\\/tregua-in-ucraina-il-papa-sostiene-lappello-dellonu\\\/#primaryimage\",\"url\":\"https:\\\/\\\/exaudi.org\\\/wp-content\\\/uploads\\\/2022\\\/04\\\/Orban-scaled.jpg\",\"contentUrl\":\"https:\\\/\\\/exaudi.org\\\/wp-content\\\/uploads\\\/2022\\\/04\\\/Orban-scaled.jpg\",\"width\":2560,\"height\":1707,\"caption\":\"Il Papa con il premier ungherese Orban (C) Vatican Media\"},{\"@type\":\"BreadcrumbList\",\"@id\":\"https:\\\/\\\/exaudi.org\\\/it\\\/tregua-in-ucraina-il-papa-sostiene-lappello-dellonu\\\/#breadcrumb\",\"itemListElement\":[{\"@type\":\"ListItem\",\"position\":1,\"name\":\"Portada\",\"item\":\"https:\\\/\\\/exaudi.org\\\/it\\\/\"},{\"@type\":\"ListItem\",\"position\":2,\"name\":\"Tregua in Ucraina, il Papa sostiene l&#8217;appello dell&#8217;Onu\"}]},{\"@type\":\"WebSite\",\"@id\":\"https:\\\/\\\/exaudi.org\\\/#website\",\"url\":\"https:\\\/\\\/exaudi.org\\\/\",\"name\":\"Exaudi\",\"description\":\"News\",\"potentialAction\":[{\"@type\":\"SearchAction\",\"target\":{\"@type\":\"EntryPoint\",\"urlTemplate\":\"https:\\\/\\\/exaudi.org\\\/?s={search_term_string}\"},\"query-input\":{\"@type\":\"PropertyValueSpecification\",\"valueRequired\":true,\"valueName\":\"search_term_string\"}}],\"inLanguage\":\"it-IT\"},{\"@type\":\"Person\",\"@id\":\"https:\\\/\\\/exaudi.org\\\/#\\\/schema\\\/person\\\/e1ab6ed07c01774724dd96f925f3a5f0\",\"name\":\"Exaudi Redazione\",\"image\":{\"@type\":\"ImageObject\",\"inLanguage\":\"it-IT\",\"@id\":\"https:\\\/\\\/secure.gravatar.com\\\/avatar\\\/ad6774b3ada023bf5b939d64f45c94b3adf91502dd883507d469b4308a943bb3?s=96&d=mm&r=g\",\"url\":\"https:\\\/\\\/secure.gravatar.com\\\/avatar\\\/ad6774b3ada023bf5b939d64f45c94b3adf91502dd883507d469b4308a943bb3?s=96&d=mm&r=g\",\"contentUrl\":\"https:\\\/\\\/secure.gravatar.com\\\/avatar\\\/ad6774b3ada023bf5b939d64f45c94b3adf91502dd883507d469b4308a943bb3?s=96&d=mm&r=g\",\"caption\":\"Exaudi Redazione\"},\"description\":\"Che cosa \u00e8 Exaudi News? Exaudi News \u00e8 un agenzia cattolica internazionale che informa, istruisce e trasforma quotidianamente in spagnolo, inglese e italiano. Attraverso notizie, articoli di analisi e trasmissioni in diretta degli eventi del Papa, Exaudi cerca di rafforzare l'unit\u00e0 dei cristiani e di contribuire all'evangelizzazione del mondo, sempre guidato dalla dottrina sociale della Chiesa. Lavoriamo per portare la verit\u00e0 e i valori cristiani in ogni angolo del pianeta. Aiutaci a trasformare il mondo con Exaudi! Noi di Exaudi crediamo che l'evangelizzazione e l'informazione di qualit\u00e0 possano cambiare la vita. Per continuare la nostra missione ed espandere la nostra portata, abbiamo bisogno del tuo aiuto. Stiamo anche cercando persone motivate che vogliano unirsi al nostro team. Grazie al vostro sostegno raggiungeremo pi\u00f9 persone, diffonderemo il messaggio di Cristo e rafforzeremo l'unit\u00e0 dei cristiani. Vuoi unirti alla nostra missione? Per maggiori informazioni su come contribuire, visita Exaudi.org\\\/it o contattaci direttamente: info@exaudi.org Exaudi: informa, forma e trasforma.\",\"sameAs\":[\"https:\\\/\\\/www.facebook.com\\\/ExaudiNotizie\\\/\",\"https:\\\/\\\/www.instagram.com\\\/Exaudi_notizie\\\/\",\"https:\\\/\\\/x.com\\\/Exaudi_Notizie\",\"https:\\\/\\\/www.youtube.com\\\/@exaudicatholicnews\"],\"url\":\"https:\\\/\\\/exaudi.org\\\/it\\\/author\\\/dlvedi-org\\\/\"}]}<\/script>\n<!-- \/ Yoast SEO plugin. -->","yoast_head_json":{"title":"Tregua in Ucraina, il Papa sostiene l'appello dell'Onu &#8211; Exaudi","description":"Il Papa sostiene l'appello dell'Onu per la tregua in Ucraina in occasione della Pasqua ortodossa. Al premier ungherese: grazie per i profughi","robots":{"index":"index","follow":"follow","max-snippet":"max-snippet:-1","max-image-preview":"max-image-preview:large","max-video-preview":"max-video-preview:-1"},"canonical":"https:\/\/exaudi.org\/it\/tregua-in-ucraina-il-papa-sostiene-lappello-dellonu\/","og_locale":"it_IT","og_type":"article","og_title":"Tregua in Ucraina, il Papa sostiene l'appello dell'Onu &#8211; Exaudi","og_description":"Il Papa sostiene l'appello dell'Onu per la tregua in Ucraina in occasione della Pasqua ortodossa. Al premier ungherese: grazie per i profughi","og_url":"https:\/\/exaudi.org\/it\/tregua-in-ucraina-il-papa-sostiene-lappello-dellonu\/","og_site_name":"Exaudi","article_publisher":"https:\/\/www.facebook.com\/ExaudiNews","article_author":"https:\/\/www.facebook.com\/ExaudiNotizie\/","article_published_time":"2022-04-21T15:37:24+00:00","og_image":[{"width":2560,"height":1707,"url":"https:\/\/exaudi.org\/wp-content\/uploads\/2022\/04\/Orban-scaled.jpg","type":"image\/jpeg"}],"author":"Exaudi Redazione","twitter_card":"summary_large_image","twitter_creator":"@Exaudi_Notizie","twitter_site":"@Exaudi_News","twitter_misc":{"Scritto da":"Exaudi Redazione","Tempo di lettura stimato":"2 minuti"},"schema":{"@context":"https:\/\/schema.org","@graph":[{"@type":"Article","@id":"https:\/\/exaudi.org\/it\/tregua-in-ucraina-il-papa-sostiene-lappello-dellonu\/#article","isPartOf":{"@id":"https:\/\/exaudi.org\/it\/tregua-in-ucraina-il-papa-sostiene-lappello-dellonu\/"},"author":{"name":"Exaudi Redazione","@id":"https:\/\/exaudi.org\/#\/schema\/person\/e1ab6ed07c01774724dd96f925f3a5f0"},"headline":"Tregua in Ucraina, il Papa sostiene l&#8217;appello dell&#8217;Onu","datePublished":"2022-04-21T15:37:24+00:00","mainEntityOfPage":{"@id":"https:\/\/exaudi.org\/it\/tregua-in-ucraina-il-papa-sostiene-lappello-dellonu\/"},"wordCount":311,"image":{"@id":"https:\/\/exaudi.org\/it\/tregua-in-ucraina-il-papa-sostiene-lappello-dellonu\/#primaryimage"},"thumbnailUrl":"https:\/\/exaudi.org\/wp-content\/uploads\/2022\/04\/Orban-scaled.jpg","keywords":["Featured","Papa Francesco","Pasqua","tregua","Ucraina"],"articleSection":["Leone XIV"],"inLanguage":"it-IT"},{"@type":"WebPage","@id":"https:\/\/exaudi.org\/it\/tregua-in-ucraina-il-papa-sostiene-lappello-dellonu\/","url":"https:\/\/exaudi.org\/it\/tregua-in-ucraina-il-papa-sostiene-lappello-dellonu\/","name":"Tregua in Ucraina, il Papa sostiene l'appello dell'Onu &#8211; Exaudi","isPartOf":{"@id":"https:\/\/exaudi.org\/#website"},"primaryImageOfPage":{"@id":"https:\/\/exaudi.org\/it\/tregua-in-ucraina-il-papa-sostiene-lappello-dellonu\/#primaryimage"},"image":{"@id":"https:\/\/exaudi.org\/it\/tregua-in-ucraina-il-papa-sostiene-lappello-dellonu\/#primaryimage"},"thumbnailUrl":"https:\/\/exaudi.org\/wp-content\/uploads\/2022\/04\/Orban-scaled.jpg","datePublished":"2022-04-21T15:37:24+00:00","author":{"@id":"https:\/\/exaudi.org\/#\/schema\/person\/e1ab6ed07c01774724dd96f925f3a5f0"},"description":"Il Papa sostiene l'appello dell'Onu per la tregua in Ucraina in occasione della Pasqua ortodossa. Al premier ungherese: grazie per i profughi","breadcrumb":{"@id":"https:\/\/exaudi.org\/it\/tregua-in-ucraina-il-papa-sostiene-lappello-dellonu\/#breadcrumb"},"inLanguage":"it-IT","potentialAction":[{"@type":"ReadAction","target":["https:\/\/exaudi.org\/it\/tregua-in-ucraina-il-papa-sostiene-lappello-dellonu\/"]}]},{"@type":"ImageObject","inLanguage":"it-IT","@id":"https:\/\/exaudi.org\/it\/tregua-in-ucraina-il-papa-sostiene-lappello-dellonu\/#primaryimage","url":"https:\/\/exaudi.org\/wp-content\/uploads\/2022\/04\/Orban-scaled.jpg","contentUrl":"https:\/\/exaudi.org\/wp-content\/uploads\/2022\/04\/Orban-scaled.jpg","width":2560,"height":1707,"caption":"Il Papa con il premier ungherese Orban (C) Vatican Media"},{"@type":"BreadcrumbList","@id":"https:\/\/exaudi.org\/it\/tregua-in-ucraina-il-papa-sostiene-lappello-dellonu\/#breadcrumb","itemListElement":[{"@type":"ListItem","position":1,"name":"Portada","item":"https:\/\/exaudi.org\/it\/"},{"@type":"ListItem","position":2,"name":"Tregua in Ucraina, il Papa sostiene l&#8217;appello dell&#8217;Onu"}]},{"@type":"WebSite","@id":"https:\/\/exaudi.org\/#website","url":"https:\/\/exaudi.org\/","name":"Exaudi","description":"News","potentialAction":[{"@type":"SearchAction","target":{"@type":"EntryPoint","urlTemplate":"https:\/\/exaudi.org\/?s={search_term_string}"},"query-input":{"@type":"PropertyValueSpecification","valueRequired":true,"valueName":"search_term_string"}}],"inLanguage":"it-IT"},{"@type":"Person","@id":"https:\/\/exaudi.org\/#\/schema\/person\/e1ab6ed07c01774724dd96f925f3a5f0","name":"Exaudi Redazione","image":{"@type":"ImageObject","inLanguage":"it-IT","@id":"https:\/\/secure.gravatar.com\/avatar\/ad6774b3ada023bf5b939d64f45c94b3adf91502dd883507d469b4308a943bb3?s=96&d=mm&r=g","url":"https:\/\/secure.gravatar.com\/avatar\/ad6774b3ada023bf5b939d64f45c94b3adf91502dd883507d469b4308a943bb3?s=96&d=mm&r=g","contentUrl":"https:\/\/secure.gravatar.com\/avatar\/ad6774b3ada023bf5b939d64f45c94b3adf91502dd883507d469b4308a943bb3?s=96&d=mm&r=g","caption":"Exaudi Redazione"},"description":"Che cosa \u00e8 Exaudi News? Exaudi News \u00e8 un agenzia cattolica internazionale che informa, istruisce e trasforma quotidianamente in spagnolo, inglese e italiano. Attraverso notizie, articoli di analisi e trasmissioni in diretta degli eventi del Papa, Exaudi cerca di rafforzare l'unit\u00e0 dei cristiani e di contribuire all'evangelizzazione del mondo, sempre guidato dalla dottrina sociale della Chiesa. Lavoriamo per portare la verit\u00e0 e i valori cristiani in ogni angolo del pianeta. Aiutaci a trasformare il mondo con Exaudi! Noi di Exaudi crediamo che l'evangelizzazione e l'informazione di qualit\u00e0 possano cambiare la vita. Per continuare la nostra missione ed espandere la nostra portata, abbiamo bisogno del tuo aiuto. Stiamo anche cercando persone motivate che vogliano unirsi al nostro team. Grazie al vostro sostegno raggiungeremo pi\u00f9 persone, diffonderemo il messaggio di Cristo e rafforzeremo l'unit\u00e0 dei cristiani. Vuoi unirti alla nostra missione? Per maggiori informazioni su come contribuire, visita Exaudi.org\/it o contattaci direttamente: info@exaudi.org Exaudi: informa, forma e trasforma.","sameAs":["https:\/\/www.facebook.com\/ExaudiNotizie\/","https:\/\/www.instagram.com\/Exaudi_notizie\/","https:\/\/x.com\/Exaudi_Notizie","https:\/\/www.youtube.com\/@exaudicatholicnews"],"url":"https:\/\/exaudi.org\/it\/author\/dlvedi-org\/"}]}},"jetpack_featured_media_url":"https:\/\/exaudi.org\/wp-content\/uploads\/2022\/04\/Orban-scaled.jpg","jetpack_shortlink":"https:\/\/wp.me\/pgKjF2-eC6","_links":{"self":[{"href":"https:\/\/exaudi.org\/it\/wp-json\/wp\/v2\/posts\/56178","targetHints":{"allow":["GET"]}}],"collection":[{"href":"https:\/\/exaudi.org\/it\/wp-json\/wp\/v2\/posts"}],"about":[{"href":"https:\/\/exaudi.org\/it\/wp-json\/wp\/v2\/types\/post"}],"author":[{"embeddable":true,"href":"https:\/\/exaudi.org\/it\/wp-json\/wp\/v2\/users\/17"}],"replies":[{"embeddable":true,"href":"https:\/\/exaudi.org\/it\/wp-json\/wp\/v2\/comments?post=56178"}],"version-history":[{"count":0,"href":"https:\/\/exaudi.org\/it\/wp-json\/wp\/v2\/posts\/56178\/revisions"}],"wp:featuredmedia":[{"embeddable":true,"href":"https:\/\/exaudi.org\/it\/wp-json\/wp\/v2\/media\/56184"}],"wp:attachment":[{"href":"https:\/\/exaudi.org\/it\/wp-json\/wp\/v2\/media?parent=56178"}],"wp:term":[{"taxonomy":"category","embeddable":true,"href":"https:\/\/exaudi.org\/it\/wp-json\/wp\/v2\/categories?post=56178"},{"taxonomy":"post_tag","embeddable":true,"href":"https:\/\/exaudi.org\/it\/wp-json\/wp\/v2\/tags?post=56178"}],"curies":[{"name":"wp","href":"https:\/\/api.w.org\/{rel}","templated":true}]}}