{"id":56156,"date":"2022-04-14T21:01:04","date_gmt":"2022-04-14T19:01:04","guid":{"rendered":"https:\/\/exaudi.org\/?p=56156"},"modified":"2022-04-14T21:08:02","modified_gmt":"2022-04-14T19:08:02","slug":"il-papa-ai-detenuti-di-civitavecchia-lavatevi-i-piedi-lun-laltro","status":"publish","type":"post","link":"https:\/\/exaudi.org\/it\/il-papa-ai-detenuti-di-civitavecchia-lavatevi-i-piedi-lun-laltro\/","title":{"rendered":"Il Papa ai detenuti di Civitavecchia: \u201cLavatevi i piedi l\u2019un l\u2019altro\u201d"},"content":{"rendered":"<p>Dopo due anni in cui la pandemia glielo aveva impedito, Papa Francesco \u00e8 tornato a celebrare la Messa in Coena Domini del Gioved\u00ec Santo in un carcere. Questa volta ha scelto il penitenziario di Borgata Aurelia a Civitavecchia. Il Papa, che in mattinata aveva celebrato a S. Pietro la <a href=\"https:\/\/exaudi.org\/it\/gli-idoli-nascosti-che-mettono-a-rischio-la-fedelta-dei-sacerdoti\/\">Messa Crismale<\/a>, \u00e8 partito da Casa S. Marta alle 15 ed \u00e8 arrivato dopo circa un\u2019ora nel Nuovo Complesso Penitenziario. Come ha reso noto il direttore della Sala Stampa vaticana, Matteo Bruni, \u00e8 stato accolto dalle autorit\u00e0 del carcere. Poi il Papa si \u00e8 recato nella Cappella, dove ha presieduto la Messa. Insieme ad alcuni detenuti, erano presenti una rappresentanza degli agenti e del personale della Casa Circondariale e alcune autorit\u00e0, tra cui il Ministro della Giustizia italiano.<\/p>\n<h2>Servire<\/h2>\n<p>Durante la liturgia il Papa ha pronunciato a braccio la sua omelia, dopo le letture del giorno, parlando del segno della Lavanda dei piedi, \u201ccosa strana\u201d in questo mondo: \u201cGes\u00f9 che lava i piedi al traditore, quello che lo vende\u201d. Papa Francesco ha aggiunto \u201cGes\u00f9 ci insegna questo, semplicemente: fra voi dovete lavarvi i piedi [\u2026] \u00a0uno serve l\u2019altro, senza interesse: che bello sarebbe se questo fosse possibile farlo tutti i giorni e a tutta la gente\u201d.<\/p>\n<figure id=\"attachment_56160\" aria-describedby=\"caption-attachment-56160\" style=\"width: 300px\" class=\"wp-caption alignleft\"><img loading=\"lazy\" decoding=\"async\" class=\"size-medium wp-image-56160\" src=\"https:\/\/exaudi.org\/wp-content\/uploads\/2022\/04\/DSC7856-300x200.jpg\" alt=\"\" width=\"300\" height=\"200\" srcset=\"https:\/\/exaudi.org\/wp-content\/uploads\/2022\/04\/DSC7856-300x200.jpg 300w, https:\/\/exaudi.org\/wp-content\/uploads\/2022\/04\/DSC7856-1024x683.jpg 1024w, https:\/\/exaudi.org\/wp-content\/uploads\/2022\/04\/DSC7856-770x513.jpg 770w, https:\/\/exaudi.org\/wp-content\/uploads\/2022\/04\/DSC7856-1536x1024.jpg 1536w, https:\/\/exaudi.org\/wp-content\/uploads\/2022\/04\/DSC7856-2048x1365.jpg 2048w, https:\/\/exaudi.org\/wp-content\/uploads\/2022\/04\/DSC7856-360x240.jpg?crop=1 360w, https:\/\/exaudi.org\/wp-content\/uploads\/2022\/04\/DSC7856-500x333.jpg 500w, https:\/\/exaudi.org\/wp-content\/uploads\/2022\/04\/DSC7856-1155x770.jpg 1155w, https:\/\/exaudi.org\/wp-content\/uploads\/2022\/04\/DSC7856-370x247.jpg 370w, https:\/\/exaudi.org\/wp-content\/uploads\/2022\/04\/DSC7856-293x195.jpg 293w, https:\/\/exaudi.org\/wp-content\/uploads\/2022\/04\/DSC7856-1400x933.jpg 1400w, https:\/\/exaudi.org\/wp-content\/uploads\/2022\/04\/DSC7856-120x80.jpg 120w, https:\/\/exaudi.org\/wp-content\/uploads\/2022\/04\/DSC7856-240x160.jpg 240w, https:\/\/exaudi.org\/wp-content\/uploads\/2022\/04\/DSC7856-390x260.jpg 390w\" sizes=\"auto, (max-width: 300px) 100vw, 300px\" \/><figcaption id=\"caption-attachment-56160\" class=\"wp-caption-text\">(C) Vatican Media<\/figcaption><\/figure>\n<p>Servire \u2013 ha continuato il Papa \u2013 \u00e8 Ges\u00f9 che al traditore dice \u201camico\u201d, lo aspetta fino alla fine, perdona tutto: \u201cDio perdona tutto e Dio perdona sempre! Siamo noi che ci stanchiamo di chiedere perdono\u201d. Ognuno di noi \u2013 ha detto il Papa &#8211; ha qualche cosa che porta da tempo nel cuore, \u201cma, chiedete perdono a Ges\u00f9\u201d. E ha ricordato \u201cC\u2019\u00e8 un Signore che giudica, ma \u00e8 un giudizio strano: il Signore giudica e perdona\u201d. E ha concluso esortando a seguire, con \u201cla voglia di servire e perdonarci\u201d.<\/p>\n<p>Al termine dell\u2019omelia, come \u00e8 consueto, Papa Francesco ha ripetuto il gesto di Ges\u00f9 durante l\u2019Ultima Cena, quando il Signore lav\u00f2 i piedi ai suoi discepoli in segno di amore spinto fino al servizio e all\u2019umiliazione, nei confronti di 12 detenuti, uomini e donne, tra cui persone di et\u00e0 diversa e di diversa nazionalit\u00e0.<\/p>\n<h2>Il dono della Direttrice<\/h2>\n<p>Al termine della Messa, la Direttrice del Carcere ha rivolto alcune parole di ringraziamento al Santo Padre e offerto in dono una stampa del porto antico di Civitavecchia, alcuni prodotti dell\u2019orto coltivato dai detenuti e alcune opere fatte dal personale e dai detenuti.<\/p>\n<figure id=\"attachment_56163\" aria-describedby=\"caption-attachment-56163\" style=\"width: 300px\" class=\"wp-caption alignright\"><img loading=\"lazy\" decoding=\"async\" class=\"size-medium wp-image-56163\" src=\"https:\/\/exaudi.org\/wp-content\/uploads\/2022\/04\/dono-300x200.jpg\" alt=\"Civitavecchia\" width=\"300\" height=\"200\" srcset=\"https:\/\/exaudi.org\/wp-content\/uploads\/2022\/04\/dono-300x200.jpg 300w, https:\/\/exaudi.org\/wp-content\/uploads\/2022\/04\/dono-1024x683.jpg 1024w, https:\/\/exaudi.org\/wp-content\/uploads\/2022\/04\/dono-770x513.jpg 770w, https:\/\/exaudi.org\/wp-content\/uploads\/2022\/04\/dono-1536x1024.jpg 1536w, https:\/\/exaudi.org\/wp-content\/uploads\/2022\/04\/dono-2048x1365.jpg 2048w, https:\/\/exaudi.org\/wp-content\/uploads\/2022\/04\/dono-360x240.jpg?crop=1 360w, https:\/\/exaudi.org\/wp-content\/uploads\/2022\/04\/dono-500x333.jpg 500w, https:\/\/exaudi.org\/wp-content\/uploads\/2022\/04\/dono-1155x770.jpg 1155w, https:\/\/exaudi.org\/wp-content\/uploads\/2022\/04\/dono-370x247.jpg 370w, https:\/\/exaudi.org\/wp-content\/uploads\/2022\/04\/dono-293x195.jpg 293w, https:\/\/exaudi.org\/wp-content\/uploads\/2022\/04\/dono-1400x933.jpg 1400w, https:\/\/exaudi.org\/wp-content\/uploads\/2022\/04\/dono-120x80.jpg 120w, https:\/\/exaudi.org\/wp-content\/uploads\/2022\/04\/dono-240x160.jpg 240w, https:\/\/exaudi.org\/wp-content\/uploads\/2022\/04\/dono-390x260.jpg 390w\" sizes=\"auto, (max-width: 300px) 100vw, 300px\" \/><figcaption id=\"caption-attachment-56163\" class=\"wp-caption-text\">Il dono della direttrice del carcere (C) Vatican Media<\/figcaption><\/figure>\n<p>Dopo la celebrazione il Papa si \u00e8 recato nella Sala dei colloqui dove ha salutato brevemente una cinquantina di persone, in rappresentanza dei detenuti, degli agenti e del personale della Casa Circondariale. In serata \u00e8 rientrato a Casa Santa Marta.<\/p>\n<h2>L\u2019omelia<\/h2>\n<p>Questo il testo integrale dell\u2019omelia, diffusa dalla Sala Stampa:<\/p>\n<p>Tutti i Gioved\u00ec Santo leggiamo questo brano del Vangelo: \u00e8 una cosa semplice. Ges\u00f9, con i suoi amici, i suoi discepoli \u00e8 a cena, la cena della Pasqua; Ges\u00f9 che lava i piedi ai suoi discepoli \u2013 cosa strana quella che ha fatto: a quel tempo i piedi li lavavano gli schiavi all\u2019entrata della casa. E poi, Ges\u00f9 \u2013 con un gesto che anche tocca il cuore \u2013 lava i piedi al traditore, quello che lo vende. Cos\u00ec \u00e8 Ges\u00f9 e ci insegna questo, semplicemente: fra voi, dovete lavare i piedi. \u00c8 il simbolo: tra voi, dovete servirvi; uno serve l\u2019altro, senza interessi. Che bello sarebbe se questo fosse possibile farlo tutti i giorni e a tutta la gente: ma sempre c\u2019\u00e8 l\u2019interesse, che \u00e8 come una serpe che entra.<\/p>\n<p>E noi ci scandalizziamo quando diciamo: \u201cSono andato a quell\u2019ufficio pubblico, mi hanno fatto pagare una mancia\u201d. Questo fa male, perch\u00e9 non \u00e8 buono. E noi, tante volte, nella vita cerchiamo il nostro interesse, come se noi facessimo pagare una mancia tra noi. \u00c8 importante invece fare tutto senza interesse: uno serve l\u2019altro, uno \u00e8 fratello dell\u2019altro, uno fa crescere l\u2019altro, uno corregge l\u2019altro, e cos\u00ec bisogna fare andare avanti le cose. Servire!<\/p>\n<p>Chiedete perdono a Ges\u00f9<\/p>\n<p>E poi, il cuore di Ges\u00f9, che al traditore dice: \u201cAmico\u201d e anche lo aspetta, fino alla fine: perdona tutto. Questo vorrei metterlo oggi nel cuore di tutti noi, anche nel mio: Dio perdona tutto e Dio perdona sempre! Siamo noi che ci stanchiamo di chiedere perdono. E ognuno di noi, forse, ha qualche cosa l\u00ec al cuore, che porta da tempo, che gli fa \u201cron-ron\u201d, qualche scheletrino nascosto nell\u2019armadio. Ma, chiedete perdono a Ges\u00f9: Lui perdona tutto. Soltanto vuole la fiducia nostra di chiedere perdono. Tu lo puoi fare quando stai da solo, quando stai con altri compagni, quando stai con il sacerdote.<\/p>\n<p>Questa \u00e8 una bella preghiera per il giorno di oggi: \u201cMa, Signore, perdonami. Io cercher\u00f2 di servire gli altri, ma Tu servi me con il Tuo perdono\u201d. Lui ha pagato cos\u00ec con il perdono. Questo \u00e8 il pensiero che vorrei lasciarvi. Servire, aiutarci l\u2019un l\u2019altro ed essere sicuri che il Signore perdona. E quanto perdona? Tutto! E fino a dove? Sempre! Non si stanca di perdonare: siamo noi che ci stanchiamo di chiedere perdono.<\/p>\n<p>E adesso, io cercher\u00f2 di fare lo stesso gesto che ha fatto Ges\u00f9: lavare i piedi. Lo faccio di cuore perch\u00e9 noi sacerdoti dovremmo essere i primi a servire gli altri, non sfruttare gli altri. Il clericalismo alle volte ci porta su questa strada. Ma dobbiamo servire. Questo \u00e8 un segno, anche un segno di amore per questi fratelli e sorelle e per tutti voi, qui; un segno che vuol dire: \u201cIo non giudico nessuno. Io cerco di servire tutti\u201d. C\u2019\u00e8 Uno che giudica, ma \u00e8 un Giudice un po\u2019 strano, il Signore: giudica e perdona. Seguiamo questa cerimonia con la voglia di servire e perdonarci.<\/p>\n","protected":false},"excerpt":{"rendered":"<p>Ha celebrato la Messa in Coena Domini e a braccio ha parlato di servizio e perdono<\/p>\n","protected":false},"author":17,"featured_media":56157,"comment_status":"closed","ping_status":"closed","sticky":false,"template":"","format":"standard","meta":{"_acf_changed":false,"_crdt_document":"","inline_featured_image":false,"footnotes":""},"categories":[67],"tags":[6249,2487,1369,6250,251,880,2118],"class_list":["post-56156","post","type-post","status-publish","format-standard","has-post-thumbnail","hentry","category-leone-xiv","tag-civitavecchia","tag-featured-3","tag-giovedi-santo","tag-lavanda-dei-piedi","tag-papa-francesco","tag-perdono","tag-servizio"],"acf":[],"yoast_head":"<!-- This site is optimized with the Yoast SEO plugin v27.5 - https:\/\/yoast.com\/product\/yoast-seo-wordpress\/ -->\n<title>Il Papa ai detenuti di Civitavecchia: \u201cLavatevi i piedi l\u2019un l\u2019altro\u201d &#8211; Exaudi<\/title>\n<meta name=\"description\" content=\"Il Papa ha celebrato la Messa in Coena Domini nel carcere di Civitavecchia e a braccio ha parlato di servizio e perdono\" \/>\n<meta name=\"robots\" content=\"index, follow, max-snippet:-1, max-image-preview:large, max-video-preview:-1\" \/>\n<link rel=\"canonical\" href=\"https:\/\/exaudi.org\/it\/il-papa-ai-detenuti-di-civitavecchia-lavatevi-i-piedi-lun-laltro\/\" \/>\n<meta property=\"og:locale\" content=\"it_IT\" \/>\n<meta property=\"og:type\" content=\"article\" \/>\n<meta property=\"og:title\" content=\"Il Papa ai detenuti di Civitavecchia: \u201cLavatevi i piedi l\u2019un l\u2019altro\u201d &#8211; Exaudi\" \/>\n<meta property=\"og:description\" content=\"Il Papa ha celebrato la Messa in Coena Domini nel carcere di Civitavecchia e a braccio ha parlato di servizio e perdono\" \/>\n<meta property=\"og:url\" content=\"https:\/\/exaudi.org\/it\/il-papa-ai-detenuti-di-civitavecchia-lavatevi-i-piedi-lun-laltro\/\" \/>\n<meta property=\"og:site_name\" content=\"Exaudi\" \/>\n<meta property=\"article:publisher\" content=\"https:\/\/www.facebook.com\/ExaudiNews\" \/>\n<meta property=\"article:author\" content=\"https:\/\/www.facebook.com\/ExaudiNotizie\/\" \/>\n<meta property=\"article:published_time\" content=\"2022-04-14T19:01:04+00:00\" \/>\n<meta property=\"article:modified_time\" content=\"2022-04-14T19:08:02+00:00\" \/>\n<meta property=\"og:image\" content=\"https:\/\/exaudi.org\/wp-content\/uploads\/2022\/04\/SFO3024-scaled.jpg\" \/>\n\t<meta property=\"og:image:width\" content=\"2560\" \/>\n\t<meta property=\"og:image:height\" content=\"1707\" \/>\n\t<meta property=\"og:image:type\" content=\"image\/jpeg\" \/>\n<meta name=\"author\" content=\"Exaudi Redazione\" \/>\n<meta name=\"twitter:card\" content=\"summary_large_image\" \/>\n<meta name=\"twitter:creator\" content=\"@Exaudi_Notizie\" \/>\n<meta name=\"twitter:site\" content=\"@Exaudi_News\" \/>\n<meta name=\"twitter:label1\" content=\"Scritto da\" \/>\n\t<meta name=\"twitter:data1\" content=\"Exaudi Redazione\" \/>\n\t<meta name=\"twitter:label2\" content=\"Tempo di lettura stimato\" \/>\n\t<meta name=\"twitter:data2\" content=\"6 minuti\" \/>\n<script type=\"application\/ld+json\" class=\"yoast-schema-graph\">{\"@context\":\"https:\\\/\\\/schema.org\",\"@graph\":[{\"@type\":\"Article\",\"@id\":\"https:\\\/\\\/exaudi.org\\\/it\\\/il-papa-ai-detenuti-di-civitavecchia-lavatevi-i-piedi-lun-laltro\\\/#article\",\"isPartOf\":{\"@id\":\"https:\\\/\\\/exaudi.org\\\/it\\\/il-papa-ai-detenuti-di-civitavecchia-lavatevi-i-piedi-lun-laltro\\\/\"},\"author\":{\"name\":\"Exaudi Redazione\",\"@id\":\"https:\\\/\\\/exaudi.org\\\/#\\\/schema\\\/person\\\/e1ab6ed07c01774724dd96f925f3a5f0\"},\"headline\":\"Il Papa ai detenuti di Civitavecchia: \u201cLavatevi i piedi l\u2019un l\u2019altro\u201d\",\"datePublished\":\"2022-04-14T19:01:04+00:00\",\"dateModified\":\"2022-04-14T19:08:02+00:00\",\"mainEntityOfPage\":{\"@id\":\"https:\\\/\\\/exaudi.org\\\/it\\\/il-papa-ai-detenuti-di-civitavecchia-lavatevi-i-piedi-lun-laltro\\\/\"},\"wordCount\":964,\"image\":{\"@id\":\"https:\\\/\\\/exaudi.org\\\/it\\\/il-papa-ai-detenuti-di-civitavecchia-lavatevi-i-piedi-lun-laltro\\\/#primaryimage\"},\"thumbnailUrl\":\"https:\\\/\\\/exaudi.org\\\/wp-content\\\/uploads\\\/2022\\\/04\\\/SFO3024-scaled.jpg\",\"keywords\":[\"Civitavecchia\",\"Featured\",\"gioved\u00ec santo\",\"lavanda dei piedi\",\"Papa Francesco\",\"perdono\",\"servizio\"],\"articleSection\":[\"Leone XIV\"],\"inLanguage\":\"it-IT\"},{\"@type\":\"WebPage\",\"@id\":\"https:\\\/\\\/exaudi.org\\\/it\\\/il-papa-ai-detenuti-di-civitavecchia-lavatevi-i-piedi-lun-laltro\\\/\",\"url\":\"https:\\\/\\\/exaudi.org\\\/it\\\/il-papa-ai-detenuti-di-civitavecchia-lavatevi-i-piedi-lun-laltro\\\/\",\"name\":\"Il Papa ai detenuti di Civitavecchia: \u201cLavatevi i piedi l\u2019un l\u2019altro\u201d &#8211; Exaudi\",\"isPartOf\":{\"@id\":\"https:\\\/\\\/exaudi.org\\\/#website\"},\"primaryImageOfPage\":{\"@id\":\"https:\\\/\\\/exaudi.org\\\/it\\\/il-papa-ai-detenuti-di-civitavecchia-lavatevi-i-piedi-lun-laltro\\\/#primaryimage\"},\"image\":{\"@id\":\"https:\\\/\\\/exaudi.org\\\/it\\\/il-papa-ai-detenuti-di-civitavecchia-lavatevi-i-piedi-lun-laltro\\\/#primaryimage\"},\"thumbnailUrl\":\"https:\\\/\\\/exaudi.org\\\/wp-content\\\/uploads\\\/2022\\\/04\\\/SFO3024-scaled.jpg\",\"datePublished\":\"2022-04-14T19:01:04+00:00\",\"dateModified\":\"2022-04-14T19:08:02+00:00\",\"author\":{\"@id\":\"https:\\\/\\\/exaudi.org\\\/#\\\/schema\\\/person\\\/e1ab6ed07c01774724dd96f925f3a5f0\"},\"description\":\"Il Papa ha celebrato la Messa in Coena Domini nel carcere di Civitavecchia e a braccio ha parlato di servizio e perdono\",\"breadcrumb\":{\"@id\":\"https:\\\/\\\/exaudi.org\\\/it\\\/il-papa-ai-detenuti-di-civitavecchia-lavatevi-i-piedi-lun-laltro\\\/#breadcrumb\"},\"inLanguage\":\"it-IT\",\"potentialAction\":[{\"@type\":\"ReadAction\",\"target\":[\"https:\\\/\\\/exaudi.org\\\/it\\\/il-papa-ai-detenuti-di-civitavecchia-lavatevi-i-piedi-lun-laltro\\\/\"]}]},{\"@type\":\"ImageObject\",\"inLanguage\":\"it-IT\",\"@id\":\"https:\\\/\\\/exaudi.org\\\/it\\\/il-papa-ai-detenuti-di-civitavecchia-lavatevi-i-piedi-lun-laltro\\\/#primaryimage\",\"url\":\"https:\\\/\\\/exaudi.org\\\/wp-content\\\/uploads\\\/2022\\\/04\\\/SFO3024-scaled.jpg\",\"contentUrl\":\"https:\\\/\\\/exaudi.org\\\/wp-content\\\/uploads\\\/2022\\\/04\\\/SFO3024-scaled.jpg\",\"width\":2560,\"height\":1707,\"caption\":\"La lavanda dei piedi del Papa ad alcuni detenuti di Civitavecchia (C) Vatican Media\"},{\"@type\":\"BreadcrumbList\",\"@id\":\"https:\\\/\\\/exaudi.org\\\/it\\\/il-papa-ai-detenuti-di-civitavecchia-lavatevi-i-piedi-lun-laltro\\\/#breadcrumb\",\"itemListElement\":[{\"@type\":\"ListItem\",\"position\":1,\"name\":\"Portada\",\"item\":\"https:\\\/\\\/exaudi.org\\\/it\\\/\"},{\"@type\":\"ListItem\",\"position\":2,\"name\":\"Il Papa ai detenuti di Civitavecchia: \u201cLavatevi i piedi l\u2019un l\u2019altro\u201d\"}]},{\"@type\":\"WebSite\",\"@id\":\"https:\\\/\\\/exaudi.org\\\/#website\",\"url\":\"https:\\\/\\\/exaudi.org\\\/\",\"name\":\"Exaudi\",\"description\":\"News\",\"potentialAction\":[{\"@type\":\"SearchAction\",\"target\":{\"@type\":\"EntryPoint\",\"urlTemplate\":\"https:\\\/\\\/exaudi.org\\\/?s={search_term_string}\"},\"query-input\":{\"@type\":\"PropertyValueSpecification\",\"valueRequired\":true,\"valueName\":\"search_term_string\"}}],\"inLanguage\":\"it-IT\"},{\"@type\":\"Person\",\"@id\":\"https:\\\/\\\/exaudi.org\\\/#\\\/schema\\\/person\\\/e1ab6ed07c01774724dd96f925f3a5f0\",\"name\":\"Exaudi Redazione\",\"image\":{\"@type\":\"ImageObject\",\"inLanguage\":\"it-IT\",\"@id\":\"https:\\\/\\\/secure.gravatar.com\\\/avatar\\\/ad6774b3ada023bf5b939d64f45c94b3adf91502dd883507d469b4308a943bb3?s=96&d=mm&r=g\",\"url\":\"https:\\\/\\\/secure.gravatar.com\\\/avatar\\\/ad6774b3ada023bf5b939d64f45c94b3adf91502dd883507d469b4308a943bb3?s=96&d=mm&r=g\",\"contentUrl\":\"https:\\\/\\\/secure.gravatar.com\\\/avatar\\\/ad6774b3ada023bf5b939d64f45c94b3adf91502dd883507d469b4308a943bb3?s=96&d=mm&r=g\",\"caption\":\"Exaudi Redazione\"},\"description\":\"Che cosa \u00e8 Exaudi News? Exaudi News \u00e8 un agenzia cattolica internazionale che informa, istruisce e trasforma quotidianamente in spagnolo, inglese e italiano. Attraverso notizie, articoli di analisi e trasmissioni in diretta degli eventi del Papa, Exaudi cerca di rafforzare l'unit\u00e0 dei cristiani e di contribuire all'evangelizzazione del mondo, sempre guidato dalla dottrina sociale della Chiesa. Lavoriamo per portare la verit\u00e0 e i valori cristiani in ogni angolo del pianeta. Aiutaci a trasformare il mondo con Exaudi! Noi di Exaudi crediamo che l'evangelizzazione e l'informazione di qualit\u00e0 possano cambiare la vita. Per continuare la nostra missione ed espandere la nostra portata, abbiamo bisogno del tuo aiuto. Stiamo anche cercando persone motivate che vogliano unirsi al nostro team. Grazie al vostro sostegno raggiungeremo pi\u00f9 persone, diffonderemo il messaggio di Cristo e rafforzeremo l'unit\u00e0 dei cristiani. Vuoi unirti alla nostra missione? Per maggiori informazioni su come contribuire, visita Exaudi.org\\\/it o contattaci direttamente: info@exaudi.org Exaudi: informa, forma e trasforma.\",\"sameAs\":[\"https:\\\/\\\/www.facebook.com\\\/ExaudiNotizie\\\/\",\"https:\\\/\\\/www.instagram.com\\\/Exaudi_notizie\\\/\",\"https:\\\/\\\/x.com\\\/Exaudi_Notizie\",\"https:\\\/\\\/www.youtube.com\\\/@exaudicatholicnews\"],\"url\":\"https:\\\/\\\/exaudi.org\\\/it\\\/author\\\/dlvedi-org\\\/\"}]}<\/script>\n<!-- \/ Yoast SEO plugin. -->","yoast_head_json":{"title":"Il Papa ai detenuti di Civitavecchia: \u201cLavatevi i piedi l\u2019un l\u2019altro\u201d &#8211; Exaudi","description":"Il Papa ha celebrato la Messa in Coena Domini nel carcere di Civitavecchia e a braccio ha parlato di servizio e perdono","robots":{"index":"index","follow":"follow","max-snippet":"max-snippet:-1","max-image-preview":"max-image-preview:large","max-video-preview":"max-video-preview:-1"},"canonical":"https:\/\/exaudi.org\/it\/il-papa-ai-detenuti-di-civitavecchia-lavatevi-i-piedi-lun-laltro\/","og_locale":"it_IT","og_type":"article","og_title":"Il Papa ai detenuti di Civitavecchia: \u201cLavatevi i piedi l\u2019un l\u2019altro\u201d &#8211; Exaudi","og_description":"Il Papa ha celebrato la Messa in Coena Domini nel carcere di Civitavecchia e a braccio ha parlato di servizio e perdono","og_url":"https:\/\/exaudi.org\/it\/il-papa-ai-detenuti-di-civitavecchia-lavatevi-i-piedi-lun-laltro\/","og_site_name":"Exaudi","article_publisher":"https:\/\/www.facebook.com\/ExaudiNews","article_author":"https:\/\/www.facebook.com\/ExaudiNotizie\/","article_published_time":"2022-04-14T19:01:04+00:00","article_modified_time":"2022-04-14T19:08:02+00:00","og_image":[{"width":2560,"height":1707,"url":"https:\/\/exaudi.org\/wp-content\/uploads\/2022\/04\/SFO3024-scaled.jpg","type":"image\/jpeg"}],"author":"Exaudi Redazione","twitter_card":"summary_large_image","twitter_creator":"@Exaudi_Notizie","twitter_site":"@Exaudi_News","twitter_misc":{"Scritto da":"Exaudi Redazione","Tempo di lettura stimato":"6 minuti"},"schema":{"@context":"https:\/\/schema.org","@graph":[{"@type":"Article","@id":"https:\/\/exaudi.org\/it\/il-papa-ai-detenuti-di-civitavecchia-lavatevi-i-piedi-lun-laltro\/#article","isPartOf":{"@id":"https:\/\/exaudi.org\/it\/il-papa-ai-detenuti-di-civitavecchia-lavatevi-i-piedi-lun-laltro\/"},"author":{"name":"Exaudi Redazione","@id":"https:\/\/exaudi.org\/#\/schema\/person\/e1ab6ed07c01774724dd96f925f3a5f0"},"headline":"Il Papa ai detenuti di Civitavecchia: \u201cLavatevi i piedi l\u2019un l\u2019altro\u201d","datePublished":"2022-04-14T19:01:04+00:00","dateModified":"2022-04-14T19:08:02+00:00","mainEntityOfPage":{"@id":"https:\/\/exaudi.org\/it\/il-papa-ai-detenuti-di-civitavecchia-lavatevi-i-piedi-lun-laltro\/"},"wordCount":964,"image":{"@id":"https:\/\/exaudi.org\/it\/il-papa-ai-detenuti-di-civitavecchia-lavatevi-i-piedi-lun-laltro\/#primaryimage"},"thumbnailUrl":"https:\/\/exaudi.org\/wp-content\/uploads\/2022\/04\/SFO3024-scaled.jpg","keywords":["Civitavecchia","Featured","gioved\u00ec santo","lavanda dei piedi","Papa Francesco","perdono","servizio"],"articleSection":["Leone XIV"],"inLanguage":"it-IT"},{"@type":"WebPage","@id":"https:\/\/exaudi.org\/it\/il-papa-ai-detenuti-di-civitavecchia-lavatevi-i-piedi-lun-laltro\/","url":"https:\/\/exaudi.org\/it\/il-papa-ai-detenuti-di-civitavecchia-lavatevi-i-piedi-lun-laltro\/","name":"Il Papa ai detenuti di Civitavecchia: \u201cLavatevi i piedi l\u2019un l\u2019altro\u201d &#8211; Exaudi","isPartOf":{"@id":"https:\/\/exaudi.org\/#website"},"primaryImageOfPage":{"@id":"https:\/\/exaudi.org\/it\/il-papa-ai-detenuti-di-civitavecchia-lavatevi-i-piedi-lun-laltro\/#primaryimage"},"image":{"@id":"https:\/\/exaudi.org\/it\/il-papa-ai-detenuti-di-civitavecchia-lavatevi-i-piedi-lun-laltro\/#primaryimage"},"thumbnailUrl":"https:\/\/exaudi.org\/wp-content\/uploads\/2022\/04\/SFO3024-scaled.jpg","datePublished":"2022-04-14T19:01:04+00:00","dateModified":"2022-04-14T19:08:02+00:00","author":{"@id":"https:\/\/exaudi.org\/#\/schema\/person\/e1ab6ed07c01774724dd96f925f3a5f0"},"description":"Il Papa ha celebrato la Messa in Coena Domini nel carcere di Civitavecchia e a braccio ha parlato di servizio e perdono","breadcrumb":{"@id":"https:\/\/exaudi.org\/it\/il-papa-ai-detenuti-di-civitavecchia-lavatevi-i-piedi-lun-laltro\/#breadcrumb"},"inLanguage":"it-IT","potentialAction":[{"@type":"ReadAction","target":["https:\/\/exaudi.org\/it\/il-papa-ai-detenuti-di-civitavecchia-lavatevi-i-piedi-lun-laltro\/"]}]},{"@type":"ImageObject","inLanguage":"it-IT","@id":"https:\/\/exaudi.org\/it\/il-papa-ai-detenuti-di-civitavecchia-lavatevi-i-piedi-lun-laltro\/#primaryimage","url":"https:\/\/exaudi.org\/wp-content\/uploads\/2022\/04\/SFO3024-scaled.jpg","contentUrl":"https:\/\/exaudi.org\/wp-content\/uploads\/2022\/04\/SFO3024-scaled.jpg","width":2560,"height":1707,"caption":"La lavanda dei piedi del Papa ad alcuni detenuti di Civitavecchia (C) Vatican Media"},{"@type":"BreadcrumbList","@id":"https:\/\/exaudi.org\/it\/il-papa-ai-detenuti-di-civitavecchia-lavatevi-i-piedi-lun-laltro\/#breadcrumb","itemListElement":[{"@type":"ListItem","position":1,"name":"Portada","item":"https:\/\/exaudi.org\/it\/"},{"@type":"ListItem","position":2,"name":"Il Papa ai detenuti di Civitavecchia: \u201cLavatevi i piedi l\u2019un l\u2019altro\u201d"}]},{"@type":"WebSite","@id":"https:\/\/exaudi.org\/#website","url":"https:\/\/exaudi.org\/","name":"Exaudi","description":"News","potentialAction":[{"@type":"SearchAction","target":{"@type":"EntryPoint","urlTemplate":"https:\/\/exaudi.org\/?s={search_term_string}"},"query-input":{"@type":"PropertyValueSpecification","valueRequired":true,"valueName":"search_term_string"}}],"inLanguage":"it-IT"},{"@type":"Person","@id":"https:\/\/exaudi.org\/#\/schema\/person\/e1ab6ed07c01774724dd96f925f3a5f0","name":"Exaudi Redazione","image":{"@type":"ImageObject","inLanguage":"it-IT","@id":"https:\/\/secure.gravatar.com\/avatar\/ad6774b3ada023bf5b939d64f45c94b3adf91502dd883507d469b4308a943bb3?s=96&d=mm&r=g","url":"https:\/\/secure.gravatar.com\/avatar\/ad6774b3ada023bf5b939d64f45c94b3adf91502dd883507d469b4308a943bb3?s=96&d=mm&r=g","contentUrl":"https:\/\/secure.gravatar.com\/avatar\/ad6774b3ada023bf5b939d64f45c94b3adf91502dd883507d469b4308a943bb3?s=96&d=mm&r=g","caption":"Exaudi Redazione"},"description":"Che cosa \u00e8 Exaudi News? Exaudi News \u00e8 un agenzia cattolica internazionale che informa, istruisce e trasforma quotidianamente in spagnolo, inglese e italiano. Attraverso notizie, articoli di analisi e trasmissioni in diretta degli eventi del Papa, Exaudi cerca di rafforzare l'unit\u00e0 dei cristiani e di contribuire all'evangelizzazione del mondo, sempre guidato dalla dottrina sociale della Chiesa. Lavoriamo per portare la verit\u00e0 e i valori cristiani in ogni angolo del pianeta. Aiutaci a trasformare il mondo con Exaudi! Noi di Exaudi crediamo che l'evangelizzazione e l'informazione di qualit\u00e0 possano cambiare la vita. Per continuare la nostra missione ed espandere la nostra portata, abbiamo bisogno del tuo aiuto. Stiamo anche cercando persone motivate che vogliano unirsi al nostro team. Grazie al vostro sostegno raggiungeremo pi\u00f9 persone, diffonderemo il messaggio di Cristo e rafforzeremo l'unit\u00e0 dei cristiani. Vuoi unirti alla nostra missione? Per maggiori informazioni su come contribuire, visita Exaudi.org\/it o contattaci direttamente: info@exaudi.org Exaudi: informa, forma e trasforma.","sameAs":["https:\/\/www.facebook.com\/ExaudiNotizie\/","https:\/\/www.instagram.com\/Exaudi_notizie\/","https:\/\/x.com\/Exaudi_Notizie","https:\/\/www.youtube.com\/@exaudicatholicnews"],"url":"https:\/\/exaudi.org\/it\/author\/dlvedi-org\/"}]}},"jetpack_featured_media_url":"https:\/\/exaudi.org\/wp-content\/uploads\/2022\/04\/SFO3024-scaled.jpg","jetpack_shortlink":"https:\/\/wp.me\/pgKjF2-eBK","_links":{"self":[{"href":"https:\/\/exaudi.org\/it\/wp-json\/wp\/v2\/posts\/56156","targetHints":{"allow":["GET"]}}],"collection":[{"href":"https:\/\/exaudi.org\/it\/wp-json\/wp\/v2\/posts"}],"about":[{"href":"https:\/\/exaudi.org\/it\/wp-json\/wp\/v2\/types\/post"}],"author":[{"embeddable":true,"href":"https:\/\/exaudi.org\/it\/wp-json\/wp\/v2\/users\/17"}],"replies":[{"embeddable":true,"href":"https:\/\/exaudi.org\/it\/wp-json\/wp\/v2\/comments?post=56156"}],"version-history":[{"count":0,"href":"https:\/\/exaudi.org\/it\/wp-json\/wp\/v2\/posts\/56156\/revisions"}],"wp:featuredmedia":[{"embeddable":true,"href":"https:\/\/exaudi.org\/it\/wp-json\/wp\/v2\/media\/56157"}],"wp:attachment":[{"href":"https:\/\/exaudi.org\/it\/wp-json\/wp\/v2\/media?parent=56156"}],"wp:term":[{"taxonomy":"category","embeddable":true,"href":"https:\/\/exaudi.org\/it\/wp-json\/wp\/v2\/categories?post=56156"},{"taxonomy":"post_tag","embeddable":true,"href":"https:\/\/exaudi.org\/it\/wp-json\/wp\/v2\/tags?post=56156"}],"curies":[{"name":"wp","href":"https:\/\/api.w.org\/{rel}","templated":true}]}}