{"id":56108,"date":"2022-04-10T13:07:39","date_gmt":"2022-04-10T11:07:39","guid":{"rendered":"https:\/\/exaudi.org\/?p=56108"},"modified":"2022-04-10T13:07:39","modified_gmt":"2022-04-10T11:07:39","slug":"il-papa-una-tregua-pasquale-per-arrivare-alla-pace-in-ucraina","status":"publish","type":"post","link":"https:\/\/exaudi.org\/it\/il-papa-una-tregua-pasquale-per-arrivare-alla-pace-in-ucraina\/","title":{"rendered":"Il Papa: &#8220;Una tregua pasquale per arrivare alla pace in Ucraina&#8221;"},"content":{"rendered":"<p>Una tregua pasquale per arrivare alla pace. L\u2019ha chiesta Papa Francesco al termine della celebrazione della Domenica delle Palme e della Passione del Signore, introducendo l\u2019Angelus prima della Benedizione Apostolica. Queste le parole del Papa:<\/p>\n<p>Cari fratelli e sorelle! Prima di concludere questa Celebrazione, desidero salutare tutti voi, in particolare i pellegrini venuti da diversi Paesi, tra i quali numerosi giovani. A tutti, anche a quanti sono collegati tramite i media, auguro una buona Settimana Santa!<\/p>\n<h2>Vicinanza al Per\u00f9<\/h2>\n<p>Sono vicino al caro popolo del Per\u00f9, che sta attraversando un difficile momento di tensione sociale. Vi accompagno con la preghiera e incoraggio tutte le parti a trovare al pi\u00f9 presto una soluzione pacifica per il bene del Paese, specialmente dei pi\u00f9 poveri, nel rispetto dei diritti di tutti e delle istituzioni. Tra poco ci rivolgeremo alla Madonna nella preghiera dell\u2019Angelus. Fu proprio l\u2019Angelo del Signore che, nell\u2019Annunciazione, disse a Maria: \u00abNulla \u00e8 impossibile a Dio\u00bb. Nulla \u00e8 impossibile a Dio. Anche far cessare una guerra di cui non si vede la fine. Una guerra che ogni giorno ci pone davanti agli occhi stragi efferate e atroci crudelt\u00e0 compiute contro civili inermi. Preghiamo su questo.<\/p>\n<h2>Con la guerra si perde soltanto<\/h2>\n<p>Siamo nei giorni che precedono la Pasqua. Ci stiamo preparando a celebrare la vittoria del Signore Ges\u00f9 Cristo sul peccato e sulla morte. Sul peccato e sulla morte, non su qualcuno e contro qualcun altro. Ma oggi c\u2019\u00e8 la guerra. Perch\u00e9 si vuole vincere cos\u00ec, alla maniera del mondo? Cos\u00ec si perde soltanto. Perch\u00e9 non lasciare che vinca Lui? Cristo ha portato la croce per liberarci dal dominio del male. \u00c8 morto perch\u00e9 regnino la vita, l\u2019amore, la pace.<\/p>\n<h2>Una tregua pasquale<\/h2>\n<p>Si depongano le armi! Si inizi una tregua pasquale; ma non per ricaricare le armi e riprendere a combattere, no!, una tregua per arrivare alla pace, attraverso un vero negoziato, disposti anche a qualche sacrificio per il bene della gente. Infatti, che vittoria sar\u00e0 quella che pianter\u00e0 una bandiera su un cumulo di macerie? Nulla \u00e8 impossibile a Dio. A Lui ci affidiamo, per intercessione della Vergine Maria.<\/p>\n","protected":false},"excerpt":{"rendered":"<p>L\u2019appello prima dell\u2019Angelus al termine della Messa della Domenica delle Palme<\/p>\n","protected":false},"author":17,"featured_media":56109,"comment_status":"closed","ping_status":"closed","sticky":false,"template":"","format":"standard","meta":{"_acf_changed":false,"_crdt_document":"","inline_featured_image":false,"footnotes":""},"categories":[67],"tags":[2487,785,251,6246,1773],"class_list":["post-56108","post","type-post","status-publish","format-standard","has-post-thumbnail","hentry","category-leone-xiv","tag-featured-3","tag-guerra","tag-papa-francesco","tag-tregua","tag-ucraina"],"acf":[],"yoast_head":"<!-- This site is optimized with the Yoast SEO plugin v27.5 - https:\/\/yoast.com\/product\/yoast-seo-wordpress\/ -->\n<title>Il Papa: &quot;Una tregua pasquale per arrivare alla pace in Ucraina&quot; &#8211; Exaudi<\/title>\n<meta name=\"description\" content=\"Prima della preghiera dell&#039;Angelus Papa Francesco ha invocato &quot;una tregua pasquale per arrivare alla pace in Ucraina&quot;\" \/>\n<meta name=\"robots\" content=\"index, follow, max-snippet:-1, max-image-preview:large, max-video-preview:-1\" \/>\n<link rel=\"canonical\" href=\"https:\/\/exaudi.org\/it\/il-papa-una-tregua-pasquale-per-arrivare-alla-pace-in-ucraina\/\" \/>\n<meta property=\"og:locale\" content=\"it_IT\" \/>\n<meta property=\"og:type\" content=\"article\" \/>\n<meta property=\"og:title\" content=\"Il Papa: &quot;Una tregua pasquale per arrivare alla pace in Ucraina&quot; &#8211; Exaudi\" \/>\n<meta property=\"og:description\" content=\"Prima della preghiera dell&#039;Angelus Papa Francesco ha invocato &quot;una tregua pasquale per arrivare alla pace in Ucraina&quot;\" \/>\n<meta property=\"og:url\" content=\"https:\/\/exaudi.org\/it\/il-papa-una-tregua-pasquale-per-arrivare-alla-pace-in-ucraina\/\" \/>\n<meta property=\"og:site_name\" content=\"Exaudi\" \/>\n<meta property=\"article:publisher\" content=\"https:\/\/www.facebook.com\/ExaudiNews\" \/>\n<meta property=\"article:author\" content=\"https:\/\/www.facebook.com\/ExaudiNotizie\/\" \/>\n<meta property=\"article:published_time\" content=\"2022-04-10T11:07:39+00:00\" \/>\n<meta property=\"og:image\" content=\"https:\/\/exaudi.org\/wp-content\/uploads\/2022\/04\/Palme-1.jpeg\" \/>\n\t<meta property=\"og:image:width\" content=\"750\" \/>\n\t<meta property=\"og:image:height\" content=\"422\" \/>\n\t<meta property=\"og:image:type\" content=\"image\/jpeg\" \/>\n<meta name=\"author\" content=\"Exaudi Redazione\" \/>\n<meta name=\"twitter:card\" content=\"summary_large_image\" \/>\n<meta name=\"twitter:creator\" content=\"@Exaudi_Notizie\" \/>\n<meta name=\"twitter:site\" content=\"@Exaudi_News\" \/>\n<meta name=\"twitter:label1\" content=\"Scritto da\" \/>\n\t<meta name=\"twitter:data1\" content=\"Exaudi Redazione\" \/>\n\t<meta name=\"twitter:label2\" content=\"Tempo di lettura stimato\" \/>\n\t<meta name=\"twitter:data2\" content=\"2 minuti\" \/>\n<script type=\"application\/ld+json\" class=\"yoast-schema-graph\">{\"@context\":\"https:\\\/\\\/schema.org\",\"@graph\":[{\"@type\":\"Article\",\"@id\":\"https:\\\/\\\/exaudi.org\\\/it\\\/il-papa-una-tregua-pasquale-per-arrivare-alla-pace-in-ucraina\\\/#article\",\"isPartOf\":{\"@id\":\"https:\\\/\\\/exaudi.org\\\/it\\\/il-papa-una-tregua-pasquale-per-arrivare-alla-pace-in-ucraina\\\/\"},\"author\":{\"name\":\"Exaudi Redazione\",\"@id\":\"https:\\\/\\\/exaudi.org\\\/#\\\/schema\\\/person\\\/e1ab6ed07c01774724dd96f925f3a5f0\"},\"headline\":\"Il Papa: &#8220;Una tregua pasquale per arrivare alla pace in Ucraina&#8221;\",\"datePublished\":\"2022-04-10T11:07:39+00:00\",\"mainEntityOfPage\":{\"@id\":\"https:\\\/\\\/exaudi.org\\\/it\\\/il-papa-una-tregua-pasquale-per-arrivare-alla-pace-in-ucraina\\\/\"},\"wordCount\":363,\"image\":{\"@id\":\"https:\\\/\\\/exaudi.org\\\/it\\\/il-papa-una-tregua-pasquale-per-arrivare-alla-pace-in-ucraina\\\/#primaryimage\"},\"thumbnailUrl\":\"https:\\\/\\\/exaudi.org\\\/wp-content\\\/uploads\\\/2022\\\/04\\\/Palme-1.jpeg\",\"keywords\":[\"Featured\",\"guerra\",\"Papa Francesco\",\"tregua\",\"Ucraina\"],\"articleSection\":[\"Leone XIV\"],\"inLanguage\":\"it-IT\"},{\"@type\":\"WebPage\",\"@id\":\"https:\\\/\\\/exaudi.org\\\/it\\\/il-papa-una-tregua-pasquale-per-arrivare-alla-pace-in-ucraina\\\/\",\"url\":\"https:\\\/\\\/exaudi.org\\\/it\\\/il-papa-una-tregua-pasquale-per-arrivare-alla-pace-in-ucraina\\\/\",\"name\":\"Il Papa: \\\"Una tregua pasquale per arrivare alla pace in Ucraina\\\" &#8211; Exaudi\",\"isPartOf\":{\"@id\":\"https:\\\/\\\/exaudi.org\\\/#website\"},\"primaryImageOfPage\":{\"@id\":\"https:\\\/\\\/exaudi.org\\\/it\\\/il-papa-una-tregua-pasquale-per-arrivare-alla-pace-in-ucraina\\\/#primaryimage\"},\"image\":{\"@id\":\"https:\\\/\\\/exaudi.org\\\/it\\\/il-papa-una-tregua-pasquale-per-arrivare-alla-pace-in-ucraina\\\/#primaryimage\"},\"thumbnailUrl\":\"https:\\\/\\\/exaudi.org\\\/wp-content\\\/uploads\\\/2022\\\/04\\\/Palme-1.jpeg\",\"datePublished\":\"2022-04-10T11:07:39+00:00\",\"author\":{\"@id\":\"https:\\\/\\\/exaudi.org\\\/#\\\/schema\\\/person\\\/e1ab6ed07c01774724dd96f925f3a5f0\"},\"description\":\"Prima della preghiera dell'Angelus Papa Francesco ha invocato \\\"una tregua pasquale per arrivare alla pace in Ucraina\\\"\",\"breadcrumb\":{\"@id\":\"https:\\\/\\\/exaudi.org\\\/it\\\/il-papa-una-tregua-pasquale-per-arrivare-alla-pace-in-ucraina\\\/#breadcrumb\"},\"inLanguage\":\"it-IT\",\"potentialAction\":[{\"@type\":\"ReadAction\",\"target\":[\"https:\\\/\\\/exaudi.org\\\/it\\\/il-papa-una-tregua-pasquale-per-arrivare-alla-pace-in-ucraina\\\/\"]}]},{\"@type\":\"ImageObject\",\"inLanguage\":\"it-IT\",\"@id\":\"https:\\\/\\\/exaudi.org\\\/it\\\/il-papa-una-tregua-pasquale-per-arrivare-alla-pace-in-ucraina\\\/#primaryimage\",\"url\":\"https:\\\/\\\/exaudi.org\\\/wp-content\\\/uploads\\\/2022\\\/04\\\/Palme-1.jpeg\",\"contentUrl\":\"https:\\\/\\\/exaudi.org\\\/wp-content\\\/uploads\\\/2022\\\/04\\\/Palme-1.jpeg\",\"width\":750,\"height\":422,\"caption\":\"(C) Vatican Media\"},{\"@type\":\"BreadcrumbList\",\"@id\":\"https:\\\/\\\/exaudi.org\\\/it\\\/il-papa-una-tregua-pasquale-per-arrivare-alla-pace-in-ucraina\\\/#breadcrumb\",\"itemListElement\":[{\"@type\":\"ListItem\",\"position\":1,\"name\":\"Portada\",\"item\":\"https:\\\/\\\/exaudi.org\\\/it\\\/\"},{\"@type\":\"ListItem\",\"position\":2,\"name\":\"Il Papa: &#8220;Una tregua pasquale per arrivare alla pace in Ucraina&#8221;\"}]},{\"@type\":\"WebSite\",\"@id\":\"https:\\\/\\\/exaudi.org\\\/#website\",\"url\":\"https:\\\/\\\/exaudi.org\\\/\",\"name\":\"Exaudi\",\"description\":\"News\",\"potentialAction\":[{\"@type\":\"SearchAction\",\"target\":{\"@type\":\"EntryPoint\",\"urlTemplate\":\"https:\\\/\\\/exaudi.org\\\/?s={search_term_string}\"},\"query-input\":{\"@type\":\"PropertyValueSpecification\",\"valueRequired\":true,\"valueName\":\"search_term_string\"}}],\"inLanguage\":\"it-IT\"},{\"@type\":\"Person\",\"@id\":\"https:\\\/\\\/exaudi.org\\\/#\\\/schema\\\/person\\\/e1ab6ed07c01774724dd96f925f3a5f0\",\"name\":\"Exaudi Redazione\",\"image\":{\"@type\":\"ImageObject\",\"inLanguage\":\"it-IT\",\"@id\":\"https:\\\/\\\/secure.gravatar.com\\\/avatar\\\/ad6774b3ada023bf5b939d64f45c94b3adf91502dd883507d469b4308a943bb3?s=96&d=mm&r=g\",\"url\":\"https:\\\/\\\/secure.gravatar.com\\\/avatar\\\/ad6774b3ada023bf5b939d64f45c94b3adf91502dd883507d469b4308a943bb3?s=96&d=mm&r=g\",\"contentUrl\":\"https:\\\/\\\/secure.gravatar.com\\\/avatar\\\/ad6774b3ada023bf5b939d64f45c94b3adf91502dd883507d469b4308a943bb3?s=96&d=mm&r=g\",\"caption\":\"Exaudi Redazione\"},\"description\":\"Che cosa \u00e8 Exaudi News? Exaudi News \u00e8 un agenzia cattolica internazionale che informa, istruisce e trasforma quotidianamente in spagnolo, inglese e italiano. Attraverso notizie, articoli di analisi e trasmissioni in diretta degli eventi del Papa, Exaudi cerca di rafforzare l'unit\u00e0 dei cristiani e di contribuire all'evangelizzazione del mondo, sempre guidato dalla dottrina sociale della Chiesa. Lavoriamo per portare la verit\u00e0 e i valori cristiani in ogni angolo del pianeta. Aiutaci a trasformare il mondo con Exaudi! Noi di Exaudi crediamo che l'evangelizzazione e l'informazione di qualit\u00e0 possano cambiare la vita. Per continuare la nostra missione ed espandere la nostra portata, abbiamo bisogno del tuo aiuto. Stiamo anche cercando persone motivate che vogliano unirsi al nostro team. Grazie al vostro sostegno raggiungeremo pi\u00f9 persone, diffonderemo il messaggio di Cristo e rafforzeremo l'unit\u00e0 dei cristiani. Vuoi unirti alla nostra missione? Per maggiori informazioni su come contribuire, visita Exaudi.org\\\/it o contattaci direttamente: info@exaudi.org Exaudi: informa, forma e trasforma.\",\"sameAs\":[\"https:\\\/\\\/www.facebook.com\\\/ExaudiNotizie\\\/\",\"https:\\\/\\\/www.instagram.com\\\/Exaudi_notizie\\\/\",\"https:\\\/\\\/x.com\\\/Exaudi_Notizie\",\"https:\\\/\\\/www.youtube.com\\\/@exaudicatholicnews\"],\"url\":\"https:\\\/\\\/exaudi.org\\\/it\\\/author\\\/dlvedi-org\\\/\"}]}<\/script>\n<!-- \/ Yoast SEO plugin. -->","yoast_head_json":{"title":"Il Papa: \"Una tregua pasquale per arrivare alla pace in Ucraina\" &#8211; Exaudi","description":"Prima della preghiera dell'Angelus Papa Francesco ha invocato \"una tregua pasquale per arrivare alla pace in Ucraina\"","robots":{"index":"index","follow":"follow","max-snippet":"max-snippet:-1","max-image-preview":"max-image-preview:large","max-video-preview":"max-video-preview:-1"},"canonical":"https:\/\/exaudi.org\/it\/il-papa-una-tregua-pasquale-per-arrivare-alla-pace-in-ucraina\/","og_locale":"it_IT","og_type":"article","og_title":"Il Papa: \"Una tregua pasquale per arrivare alla pace in Ucraina\" &#8211; Exaudi","og_description":"Prima della preghiera dell'Angelus Papa Francesco ha invocato \"una tregua pasquale per arrivare alla pace in Ucraina\"","og_url":"https:\/\/exaudi.org\/it\/il-papa-una-tregua-pasquale-per-arrivare-alla-pace-in-ucraina\/","og_site_name":"Exaudi","article_publisher":"https:\/\/www.facebook.com\/ExaudiNews","article_author":"https:\/\/www.facebook.com\/ExaudiNotizie\/","article_published_time":"2022-04-10T11:07:39+00:00","og_image":[{"width":750,"height":422,"url":"https:\/\/exaudi.org\/wp-content\/uploads\/2022\/04\/Palme-1.jpeg","type":"image\/jpeg"}],"author":"Exaudi Redazione","twitter_card":"summary_large_image","twitter_creator":"@Exaudi_Notizie","twitter_site":"@Exaudi_News","twitter_misc":{"Scritto da":"Exaudi Redazione","Tempo di lettura stimato":"2 minuti"},"schema":{"@context":"https:\/\/schema.org","@graph":[{"@type":"Article","@id":"https:\/\/exaudi.org\/it\/il-papa-una-tregua-pasquale-per-arrivare-alla-pace-in-ucraina\/#article","isPartOf":{"@id":"https:\/\/exaudi.org\/it\/il-papa-una-tregua-pasquale-per-arrivare-alla-pace-in-ucraina\/"},"author":{"name":"Exaudi Redazione","@id":"https:\/\/exaudi.org\/#\/schema\/person\/e1ab6ed07c01774724dd96f925f3a5f0"},"headline":"Il Papa: &#8220;Una tregua pasquale per arrivare alla pace in Ucraina&#8221;","datePublished":"2022-04-10T11:07:39+00:00","mainEntityOfPage":{"@id":"https:\/\/exaudi.org\/it\/il-papa-una-tregua-pasquale-per-arrivare-alla-pace-in-ucraina\/"},"wordCount":363,"image":{"@id":"https:\/\/exaudi.org\/it\/il-papa-una-tregua-pasquale-per-arrivare-alla-pace-in-ucraina\/#primaryimage"},"thumbnailUrl":"https:\/\/exaudi.org\/wp-content\/uploads\/2022\/04\/Palme-1.jpeg","keywords":["Featured","guerra","Papa Francesco","tregua","Ucraina"],"articleSection":["Leone XIV"],"inLanguage":"it-IT"},{"@type":"WebPage","@id":"https:\/\/exaudi.org\/it\/il-papa-una-tregua-pasquale-per-arrivare-alla-pace-in-ucraina\/","url":"https:\/\/exaudi.org\/it\/il-papa-una-tregua-pasquale-per-arrivare-alla-pace-in-ucraina\/","name":"Il Papa: \"Una tregua pasquale per arrivare alla pace in Ucraina\" &#8211; Exaudi","isPartOf":{"@id":"https:\/\/exaudi.org\/#website"},"primaryImageOfPage":{"@id":"https:\/\/exaudi.org\/it\/il-papa-una-tregua-pasquale-per-arrivare-alla-pace-in-ucraina\/#primaryimage"},"image":{"@id":"https:\/\/exaudi.org\/it\/il-papa-una-tregua-pasquale-per-arrivare-alla-pace-in-ucraina\/#primaryimage"},"thumbnailUrl":"https:\/\/exaudi.org\/wp-content\/uploads\/2022\/04\/Palme-1.jpeg","datePublished":"2022-04-10T11:07:39+00:00","author":{"@id":"https:\/\/exaudi.org\/#\/schema\/person\/e1ab6ed07c01774724dd96f925f3a5f0"},"description":"Prima della preghiera dell'Angelus Papa Francesco ha invocato \"una tregua pasquale per arrivare alla pace in Ucraina\"","breadcrumb":{"@id":"https:\/\/exaudi.org\/it\/il-papa-una-tregua-pasquale-per-arrivare-alla-pace-in-ucraina\/#breadcrumb"},"inLanguage":"it-IT","potentialAction":[{"@type":"ReadAction","target":["https:\/\/exaudi.org\/it\/il-papa-una-tregua-pasquale-per-arrivare-alla-pace-in-ucraina\/"]}]},{"@type":"ImageObject","inLanguage":"it-IT","@id":"https:\/\/exaudi.org\/it\/il-papa-una-tregua-pasquale-per-arrivare-alla-pace-in-ucraina\/#primaryimage","url":"https:\/\/exaudi.org\/wp-content\/uploads\/2022\/04\/Palme-1.jpeg","contentUrl":"https:\/\/exaudi.org\/wp-content\/uploads\/2022\/04\/Palme-1.jpeg","width":750,"height":422,"caption":"(C) Vatican Media"},{"@type":"BreadcrumbList","@id":"https:\/\/exaudi.org\/it\/il-papa-una-tregua-pasquale-per-arrivare-alla-pace-in-ucraina\/#breadcrumb","itemListElement":[{"@type":"ListItem","position":1,"name":"Portada","item":"https:\/\/exaudi.org\/it\/"},{"@type":"ListItem","position":2,"name":"Il Papa: &#8220;Una tregua pasquale per arrivare alla pace in Ucraina&#8221;"}]},{"@type":"WebSite","@id":"https:\/\/exaudi.org\/#website","url":"https:\/\/exaudi.org\/","name":"Exaudi","description":"News","potentialAction":[{"@type":"SearchAction","target":{"@type":"EntryPoint","urlTemplate":"https:\/\/exaudi.org\/?s={search_term_string}"},"query-input":{"@type":"PropertyValueSpecification","valueRequired":true,"valueName":"search_term_string"}}],"inLanguage":"it-IT"},{"@type":"Person","@id":"https:\/\/exaudi.org\/#\/schema\/person\/e1ab6ed07c01774724dd96f925f3a5f0","name":"Exaudi Redazione","image":{"@type":"ImageObject","inLanguage":"it-IT","@id":"https:\/\/secure.gravatar.com\/avatar\/ad6774b3ada023bf5b939d64f45c94b3adf91502dd883507d469b4308a943bb3?s=96&d=mm&r=g","url":"https:\/\/secure.gravatar.com\/avatar\/ad6774b3ada023bf5b939d64f45c94b3adf91502dd883507d469b4308a943bb3?s=96&d=mm&r=g","contentUrl":"https:\/\/secure.gravatar.com\/avatar\/ad6774b3ada023bf5b939d64f45c94b3adf91502dd883507d469b4308a943bb3?s=96&d=mm&r=g","caption":"Exaudi Redazione"},"description":"Che cosa \u00e8 Exaudi News? Exaudi News \u00e8 un agenzia cattolica internazionale che informa, istruisce e trasforma quotidianamente in spagnolo, inglese e italiano. Attraverso notizie, articoli di analisi e trasmissioni in diretta degli eventi del Papa, Exaudi cerca di rafforzare l'unit\u00e0 dei cristiani e di contribuire all'evangelizzazione del mondo, sempre guidato dalla dottrina sociale della Chiesa. Lavoriamo per portare la verit\u00e0 e i valori cristiani in ogni angolo del pianeta. Aiutaci a trasformare il mondo con Exaudi! Noi di Exaudi crediamo che l'evangelizzazione e l'informazione di qualit\u00e0 possano cambiare la vita. Per continuare la nostra missione ed espandere la nostra portata, abbiamo bisogno del tuo aiuto. Stiamo anche cercando persone motivate che vogliano unirsi al nostro team. Grazie al vostro sostegno raggiungeremo pi\u00f9 persone, diffonderemo il messaggio di Cristo e rafforzeremo l'unit\u00e0 dei cristiani. Vuoi unirti alla nostra missione? Per maggiori informazioni su come contribuire, visita Exaudi.org\/it o contattaci direttamente: info@exaudi.org Exaudi: informa, forma e trasforma.","sameAs":["https:\/\/www.facebook.com\/ExaudiNotizie\/","https:\/\/www.instagram.com\/Exaudi_notizie\/","https:\/\/x.com\/Exaudi_Notizie","https:\/\/www.youtube.com\/@exaudicatholicnews"],"url":"https:\/\/exaudi.org\/it\/author\/dlvedi-org\/"}]}},"jetpack_featured_media_url":"https:\/\/exaudi.org\/wp-content\/uploads\/2022\/04\/Palme-1.jpeg","jetpack_shortlink":"https:\/\/wp.me\/pgKjF2-eAY","_links":{"self":[{"href":"https:\/\/exaudi.org\/it\/wp-json\/wp\/v2\/posts\/56108","targetHints":{"allow":["GET"]}}],"collection":[{"href":"https:\/\/exaudi.org\/it\/wp-json\/wp\/v2\/posts"}],"about":[{"href":"https:\/\/exaudi.org\/it\/wp-json\/wp\/v2\/types\/post"}],"author":[{"embeddable":true,"href":"https:\/\/exaudi.org\/it\/wp-json\/wp\/v2\/users\/17"}],"replies":[{"embeddable":true,"href":"https:\/\/exaudi.org\/it\/wp-json\/wp\/v2\/comments?post=56108"}],"version-history":[{"count":0,"href":"https:\/\/exaudi.org\/it\/wp-json\/wp\/v2\/posts\/56108\/revisions"}],"wp:featuredmedia":[{"embeddable":true,"href":"https:\/\/exaudi.org\/it\/wp-json\/wp\/v2\/media\/56109"}],"wp:attachment":[{"href":"https:\/\/exaudi.org\/it\/wp-json\/wp\/v2\/media?parent=56108"}],"wp:term":[{"taxonomy":"category","embeddable":true,"href":"https:\/\/exaudi.org\/it\/wp-json\/wp\/v2\/categories?post=56108"},{"taxonomy":"post_tag","embeddable":true,"href":"https:\/\/exaudi.org\/it\/wp-json\/wp\/v2\/tags?post=56108"}],"curies":[{"name":"wp","href":"https:\/\/api.w.org\/{rel}","templated":true}]}}