{"id":55983,"date":"2022-04-06T12:19:09","date_gmt":"2022-04-06T10:19:09","guid":{"rendered":"https:\/\/exaudi.org\/?p=55983"},"modified":"2022-04-06T12:21:51","modified_gmt":"2022-04-06T10:21:51","slug":"a-bucha-crudelta-sempre-piu-orrende","status":"publish","type":"post","link":"https:\/\/exaudi.org\/it\/a-bucha-crudelta-sempre-piu-orrende\/","title":{"rendered":"\u201cA Bucha crudelt\u00e0 sempre pi\u00f9 orrende\u201d"},"content":{"rendered":"<p>Al termine dell\u2019udienza generale, dopo aver sottolineato l\u2019<a href=\"https:\/\/exaudi.org\/it\/in-ucraina-vediamo-limpotenza-dellonu\/\">impotenza dell\u2019Onu<\/a>, il S. Padre \u00e8 tornato a parlare dell\u2019Ucraina e in particolare del massacro di Bucha. Francesco ha rinnovato il suo appello per la fine della guerra e ha fatto salire accanto a s\u00e9 alcuni bambini ucraini giunti in Italia, ai quali ha donato delle uova di Pasqua. Ha anche mostrato una bandiera giunta proprio da Bucha, con scritte in ucraino.<\/p>\n<p>\u201cLe recenti notizie sulla guerra in Ucraina \u2013 ha detto il Pontefice &#8211; anzich\u00e9 portare sollievo e speranza, attestano invece nuove atrocit\u00e0, come il massacro di Bucha: crudelt\u00e0 sempre pi\u00f9 orrende, compiute anche contro civili, donne e bambini inermi. Sono vittime il cui sangue innocente grida fino al Cielo e implora: si metta fine a questa guerra! Si facciano tacere le armi! Si smetta di seminare morte e distruzione! Preghiamo insieme per questo\u2026<\/p>\n<h2>La bandiera da Bucha<\/h2>\n<figure id=\"attachment_55981\" aria-describedby=\"caption-attachment-55981\" style=\"width: 300px\" class=\"wp-caption alignleft\"><img loading=\"lazy\" decoding=\"async\" class=\"size-medium wp-image-55981\" src=\"https:\/\/exaudi.org\/wp-content\/uploads\/2022\/04\/cq5dam.web_.800.800-10-300x200.jpeg\" alt=\"Bucha\" width=\"300\" height=\"200\" srcset=\"https:\/\/exaudi.org\/wp-content\/uploads\/2022\/04\/cq5dam.web_.800.800-10-300x200.jpeg 300w, https:\/\/exaudi.org\/wp-content\/uploads\/2022\/04\/cq5dam.web_.800.800-10-770x513.jpeg 770w, https:\/\/exaudi.org\/wp-content\/uploads\/2022\/04\/cq5dam.web_.800.800-10-360x240.jpeg?crop=1 360w, https:\/\/exaudi.org\/wp-content\/uploads\/2022\/04\/cq5dam.web_.800.800-10-500x333.jpeg 500w, https:\/\/exaudi.org\/wp-content\/uploads\/2022\/04\/cq5dam.web_.800.800-10-370x247.jpeg 370w, https:\/\/exaudi.org\/wp-content\/uploads\/2022\/04\/cq5dam.web_.800.800-10-293x195.jpeg 293w, https:\/\/exaudi.org\/wp-content\/uploads\/2022\/04\/cq5dam.web_.800.800-10-120x80.jpeg 120w, https:\/\/exaudi.org\/wp-content\/uploads\/2022\/04\/cq5dam.web_.800.800-10-240x160.jpeg 240w, https:\/\/exaudi.org\/wp-content\/uploads\/2022\/04\/cq5dam.web_.800.800-10-390x260.jpeg 390w, https:\/\/exaudi.org\/wp-content\/uploads\/2022\/04\/cq5dam.web_.800.800-10.jpeg 800w\" sizes=\"auto, (max-width: 300px) 100vw, 300px\" \/><figcaption id=\"caption-attachment-55981\" class=\"wp-caption-text\">Il Papa con la bandiera proveniente da Bucha \u00a9 Vatican Media<\/figcaption><\/figure>\n<p>E ieri, proprio da Bucha, mi hanno portato questa bandiera. Questa bandiera viene dalla guerra, proprio da quella citt\u00e0 martoriata, Bucha. E anche, ci sono qui alcuni bambini ucraini che ci accompagnano. Salutiamoli e preghiamo insieme con loro. Questi bambini sono dovuti fuggire e arrivare a una terra straniera: questo \u00e8 uno dei frutti della guerra. Non dimentichiamoli, e non dimentichiamo il popolo ucraino. \u00c8 duro essere sradicati dalla propria terra per una guerra\u201d.<\/p>\n<h2>L\u2019accoglienza dei polacchi<\/h2>\n<p>In precedenza, salutando i pellegrini polacchi, il Papa aveva detto: \u201cDurante questo tempo di Quaresima, che ci prepara alla celebrazione della Resurrezione del Signore, avete dimostrato una generosit\u00e0 straordinaria ed esemplare verso i nostri fratelli ucraini, per i quali avete aperto i cuori e le porte delle vostre case. Il Signore benedica la vostra patria per questa vostra solidariet\u00e0 e vi mostri il Suo Volto\u201d.<\/p>\n<p>Lo sport per la pace<\/p>\n<p>Un riferimento indiretto alla pace il Papa lo ha fatto anche ricordando la Giornata Mondiale dello Sport per la Pace e lo Sviluppo, indetta dalle Nazioni Unite, che ricorre oggi. \u201cMi rivolgo agli uomini e alle donne di sport, perch\u00e9 attraverso la loro attivit\u00e0 possano essere testimoni operosi di fraternit\u00e0 e di pace. Lo sport, con i suoi valori, pu\u00f2 svolgere un ruolo importante nel mondo, aprendo strade di concordia tra i popoli, a patto che mai perda la sua capacit\u00e0 di gratuit\u00e0: lo sport per lo sport, e non diventi commerciale. Quella amatorialit\u00e0 propria del vero sport\u201d.<\/p>\n","protected":false},"excerpt":{"rendered":"<p>Il Papa mostra una bandiera ucraina al termine dell\u2019udienza e fa salire accanto a s\u00e9 alcuni bambini rifugiati<\/p>\n","protected":false},"author":17,"featured_media":55984,"comment_status":"closed","ping_status":"closed","sticky":false,"template":"","format":"standard","meta":{"_acf_changed":false,"_crdt_document":"","inline_featured_image":false,"footnotes":""},"categories":[67],"tags":[6233,2487,785,251,1773],"class_list":["post-55983","post","type-post","status-publish","format-standard","has-post-thumbnail","hentry","category-leone-xiv","tag-bucha-it","tag-featured-3","tag-guerra","tag-papa-francesco","tag-ucraina"],"acf":[],"yoast_head":"<!-- This site is optimized with the Yoast SEO plugin v27.5 - https:\/\/yoast.com\/product\/yoast-seo-wordpress\/ -->\n<title>\u201cA Bucha crudelt\u00e0 sempre pi\u00f9 orrende\u201d &#8211; Exaudi<\/title>\n<meta name=\"description\" content=\"Il Papa all&#039;udienza mostra una bandiera ucraina e fa salire accanto a s\u00e9 alcuni bambini rifugiati: \u201cA Bucha crudelt\u00e0 sempre pi\u00f9 orrende\u201d\" \/>\n<meta name=\"robots\" content=\"index, follow, max-snippet:-1, max-image-preview:large, max-video-preview:-1\" \/>\n<link rel=\"canonical\" href=\"https:\/\/exaudi.org\/it\/a-bucha-crudelta-sempre-piu-orrende\/\" \/>\n<meta property=\"og:locale\" content=\"it_IT\" \/>\n<meta property=\"og:type\" content=\"article\" \/>\n<meta property=\"og:title\" content=\"\u201cA Bucha crudelt\u00e0 sempre pi\u00f9 orrende\u201d &#8211; Exaudi\" \/>\n<meta property=\"og:description\" content=\"Il Papa all&#039;udienza mostra una bandiera ucraina e fa salire accanto a s\u00e9 alcuni bambini rifugiati: \u201cA Bucha crudelt\u00e0 sempre pi\u00f9 orrende\u201d\" \/>\n<meta property=\"og:url\" content=\"https:\/\/exaudi.org\/it\/a-bucha-crudelta-sempre-piu-orrende\/\" \/>\n<meta property=\"og:site_name\" content=\"Exaudi\" \/>\n<meta property=\"article:publisher\" content=\"https:\/\/www.facebook.com\/ExaudiNews\" \/>\n<meta property=\"article:author\" content=\"https:\/\/www.facebook.com\/ExaudiNotizie\/\" \/>\n<meta property=\"article:published_time\" content=\"2022-04-06T10:19:09+00:00\" \/>\n<meta property=\"article:modified_time\" content=\"2022-04-06T10:21:51+00:00\" \/>\n<meta property=\"og:image\" content=\"https:\/\/exaudi.org\/wp-content\/uploads\/2022\/04\/bambini.jpeg\" \/>\n\t<meta property=\"og:image:width\" content=\"1500\" \/>\n\t<meta property=\"og:image:height\" content=\"844\" \/>\n\t<meta property=\"og:image:type\" content=\"image\/jpeg\" \/>\n<meta name=\"author\" content=\"Exaudi Redazione\" \/>\n<meta name=\"twitter:card\" content=\"summary_large_image\" \/>\n<meta name=\"twitter:creator\" content=\"@Exaudi_Notizie\" \/>\n<meta name=\"twitter:site\" content=\"@Exaudi_News\" \/>\n<meta name=\"twitter:label1\" content=\"Scritto da\" \/>\n\t<meta name=\"twitter:data1\" content=\"Exaudi Redazione\" \/>\n\t<meta name=\"twitter:label2\" content=\"Tempo di lettura stimato\" \/>\n\t<meta name=\"twitter:data2\" content=\"3 minuti\" \/>\n<script type=\"application\/ld+json\" class=\"yoast-schema-graph\">{\"@context\":\"https:\\\/\\\/schema.org\",\"@graph\":[{\"@type\":\"Article\",\"@id\":\"https:\\\/\\\/exaudi.org\\\/it\\\/a-bucha-crudelta-sempre-piu-orrende\\\/#article\",\"isPartOf\":{\"@id\":\"https:\\\/\\\/exaudi.org\\\/it\\\/a-bucha-crudelta-sempre-piu-orrende\\\/\"},\"author\":{\"name\":\"Exaudi Redazione\",\"@id\":\"https:\\\/\\\/exaudi.org\\\/#\\\/schema\\\/person\\\/e1ab6ed07c01774724dd96f925f3a5f0\"},\"headline\":\"\u201cA Bucha crudelt\u00e0 sempre pi\u00f9 orrende\u201d\",\"datePublished\":\"2022-04-06T10:19:09+00:00\",\"dateModified\":\"2022-04-06T10:21:51+00:00\",\"mainEntityOfPage\":{\"@id\":\"https:\\\/\\\/exaudi.org\\\/it\\\/a-bucha-crudelta-sempre-piu-orrende\\\/\"},\"wordCount\":415,\"image\":{\"@id\":\"https:\\\/\\\/exaudi.org\\\/it\\\/a-bucha-crudelta-sempre-piu-orrende\\\/#primaryimage\"},\"thumbnailUrl\":\"https:\\\/\\\/exaudi.org\\\/wp-content\\\/uploads\\\/2022\\\/04\\\/bambini.jpeg\",\"keywords\":[\"Bucha\",\"Featured\",\"guerra\",\"Papa Francesco\",\"Ucraina\"],\"articleSection\":[\"Leone XIV\"],\"inLanguage\":\"it-IT\"},{\"@type\":\"WebPage\",\"@id\":\"https:\\\/\\\/exaudi.org\\\/it\\\/a-bucha-crudelta-sempre-piu-orrende\\\/\",\"url\":\"https:\\\/\\\/exaudi.org\\\/it\\\/a-bucha-crudelta-sempre-piu-orrende\\\/\",\"name\":\"\u201cA Bucha crudelt\u00e0 sempre pi\u00f9 orrende\u201d &#8211; Exaudi\",\"isPartOf\":{\"@id\":\"https:\\\/\\\/exaudi.org\\\/#website\"},\"primaryImageOfPage\":{\"@id\":\"https:\\\/\\\/exaudi.org\\\/it\\\/a-bucha-crudelta-sempre-piu-orrende\\\/#primaryimage\"},\"image\":{\"@id\":\"https:\\\/\\\/exaudi.org\\\/it\\\/a-bucha-crudelta-sempre-piu-orrende\\\/#primaryimage\"},\"thumbnailUrl\":\"https:\\\/\\\/exaudi.org\\\/wp-content\\\/uploads\\\/2022\\\/04\\\/bambini.jpeg\",\"datePublished\":\"2022-04-06T10:19:09+00:00\",\"dateModified\":\"2022-04-06T10:21:51+00:00\",\"author\":{\"@id\":\"https:\\\/\\\/exaudi.org\\\/#\\\/schema\\\/person\\\/e1ab6ed07c01774724dd96f925f3a5f0\"},\"description\":\"Il Papa all'udienza mostra una bandiera ucraina e fa salire accanto a s\u00e9 alcuni bambini rifugiati: \u201cA Bucha crudelt\u00e0 sempre pi\u00f9 orrende\u201d\",\"breadcrumb\":{\"@id\":\"https:\\\/\\\/exaudi.org\\\/it\\\/a-bucha-crudelta-sempre-piu-orrende\\\/#breadcrumb\"},\"inLanguage\":\"it-IT\",\"potentialAction\":[{\"@type\":\"ReadAction\",\"target\":[\"https:\\\/\\\/exaudi.org\\\/it\\\/a-bucha-crudelta-sempre-piu-orrende\\\/\"]}]},{\"@type\":\"ImageObject\",\"inLanguage\":\"it-IT\",\"@id\":\"https:\\\/\\\/exaudi.org\\\/it\\\/a-bucha-crudelta-sempre-piu-orrende\\\/#primaryimage\",\"url\":\"https:\\\/\\\/exaudi.org\\\/wp-content\\\/uploads\\\/2022\\\/04\\\/bambini.jpeg\",\"contentUrl\":\"https:\\\/\\\/exaudi.org\\\/wp-content\\\/uploads\\\/2022\\\/04\\\/bambini.jpeg\",\"width\":1500,\"height\":844,\"caption\":\"Il Papa con i bambini ucraini (C) Vatican Media\"},{\"@type\":\"BreadcrumbList\",\"@id\":\"https:\\\/\\\/exaudi.org\\\/it\\\/a-bucha-crudelta-sempre-piu-orrende\\\/#breadcrumb\",\"itemListElement\":[{\"@type\":\"ListItem\",\"position\":1,\"name\":\"Portada\",\"item\":\"https:\\\/\\\/exaudi.org\\\/it\\\/\"},{\"@type\":\"ListItem\",\"position\":2,\"name\":\"\u201cA Bucha crudelt\u00e0 sempre pi\u00f9 orrende\u201d\"}]},{\"@type\":\"WebSite\",\"@id\":\"https:\\\/\\\/exaudi.org\\\/#website\",\"url\":\"https:\\\/\\\/exaudi.org\\\/\",\"name\":\"Exaudi\",\"description\":\"News\",\"potentialAction\":[{\"@type\":\"SearchAction\",\"target\":{\"@type\":\"EntryPoint\",\"urlTemplate\":\"https:\\\/\\\/exaudi.org\\\/?s={search_term_string}\"},\"query-input\":{\"@type\":\"PropertyValueSpecification\",\"valueRequired\":true,\"valueName\":\"search_term_string\"}}],\"inLanguage\":\"it-IT\"},{\"@type\":\"Person\",\"@id\":\"https:\\\/\\\/exaudi.org\\\/#\\\/schema\\\/person\\\/e1ab6ed07c01774724dd96f925f3a5f0\",\"name\":\"Exaudi Redazione\",\"image\":{\"@type\":\"ImageObject\",\"inLanguage\":\"it-IT\",\"@id\":\"https:\\\/\\\/secure.gravatar.com\\\/avatar\\\/ad6774b3ada023bf5b939d64f45c94b3adf91502dd883507d469b4308a943bb3?s=96&d=mm&r=g\",\"url\":\"https:\\\/\\\/secure.gravatar.com\\\/avatar\\\/ad6774b3ada023bf5b939d64f45c94b3adf91502dd883507d469b4308a943bb3?s=96&d=mm&r=g\",\"contentUrl\":\"https:\\\/\\\/secure.gravatar.com\\\/avatar\\\/ad6774b3ada023bf5b939d64f45c94b3adf91502dd883507d469b4308a943bb3?s=96&d=mm&r=g\",\"caption\":\"Exaudi Redazione\"},\"description\":\"Che cosa \u00e8 Exaudi News? Exaudi News \u00e8 un agenzia cattolica internazionale che informa, istruisce e trasforma quotidianamente in spagnolo, inglese e italiano. Attraverso notizie, articoli di analisi e trasmissioni in diretta degli eventi del Papa, Exaudi cerca di rafforzare l'unit\u00e0 dei cristiani e di contribuire all'evangelizzazione del mondo, sempre guidato dalla dottrina sociale della Chiesa. Lavoriamo per portare la verit\u00e0 e i valori cristiani in ogni angolo del pianeta. Aiutaci a trasformare il mondo con Exaudi! Noi di Exaudi crediamo che l'evangelizzazione e l'informazione di qualit\u00e0 possano cambiare la vita. Per continuare la nostra missione ed espandere la nostra portata, abbiamo bisogno del tuo aiuto. Stiamo anche cercando persone motivate che vogliano unirsi al nostro team. Grazie al vostro sostegno raggiungeremo pi\u00f9 persone, diffonderemo il messaggio di Cristo e rafforzeremo l'unit\u00e0 dei cristiani. Vuoi unirti alla nostra missione? Per maggiori informazioni su come contribuire, visita Exaudi.org\\\/it o contattaci direttamente: info@exaudi.org Exaudi: informa, forma e trasforma.\",\"sameAs\":[\"https:\\\/\\\/www.facebook.com\\\/ExaudiNotizie\\\/\",\"https:\\\/\\\/www.instagram.com\\\/Exaudi_notizie\\\/\",\"https:\\\/\\\/x.com\\\/Exaudi_Notizie\",\"https:\\\/\\\/www.youtube.com\\\/@exaudicatholicnews\"],\"url\":\"https:\\\/\\\/exaudi.org\\\/it\\\/author\\\/dlvedi-org\\\/\"}]}<\/script>\n<!-- \/ Yoast SEO plugin. -->","yoast_head_json":{"title":"\u201cA Bucha crudelt\u00e0 sempre pi\u00f9 orrende\u201d &#8211; Exaudi","description":"Il Papa all'udienza mostra una bandiera ucraina e fa salire accanto a s\u00e9 alcuni bambini rifugiati: \u201cA Bucha crudelt\u00e0 sempre pi\u00f9 orrende\u201d","robots":{"index":"index","follow":"follow","max-snippet":"max-snippet:-1","max-image-preview":"max-image-preview:large","max-video-preview":"max-video-preview:-1"},"canonical":"https:\/\/exaudi.org\/it\/a-bucha-crudelta-sempre-piu-orrende\/","og_locale":"it_IT","og_type":"article","og_title":"\u201cA Bucha crudelt\u00e0 sempre pi\u00f9 orrende\u201d &#8211; Exaudi","og_description":"Il Papa all'udienza mostra una bandiera ucraina e fa salire accanto a s\u00e9 alcuni bambini rifugiati: \u201cA Bucha crudelt\u00e0 sempre pi\u00f9 orrende\u201d","og_url":"https:\/\/exaudi.org\/it\/a-bucha-crudelta-sempre-piu-orrende\/","og_site_name":"Exaudi","article_publisher":"https:\/\/www.facebook.com\/ExaudiNews","article_author":"https:\/\/www.facebook.com\/ExaudiNotizie\/","article_published_time":"2022-04-06T10:19:09+00:00","article_modified_time":"2022-04-06T10:21:51+00:00","og_image":[{"width":1500,"height":844,"url":"https:\/\/exaudi.org\/wp-content\/uploads\/2022\/04\/bambini.jpeg","type":"image\/jpeg"}],"author":"Exaudi Redazione","twitter_card":"summary_large_image","twitter_creator":"@Exaudi_Notizie","twitter_site":"@Exaudi_News","twitter_misc":{"Scritto da":"Exaudi Redazione","Tempo di lettura stimato":"3 minuti"},"schema":{"@context":"https:\/\/schema.org","@graph":[{"@type":"Article","@id":"https:\/\/exaudi.org\/it\/a-bucha-crudelta-sempre-piu-orrende\/#article","isPartOf":{"@id":"https:\/\/exaudi.org\/it\/a-bucha-crudelta-sempre-piu-orrende\/"},"author":{"name":"Exaudi Redazione","@id":"https:\/\/exaudi.org\/#\/schema\/person\/e1ab6ed07c01774724dd96f925f3a5f0"},"headline":"\u201cA Bucha crudelt\u00e0 sempre pi\u00f9 orrende\u201d","datePublished":"2022-04-06T10:19:09+00:00","dateModified":"2022-04-06T10:21:51+00:00","mainEntityOfPage":{"@id":"https:\/\/exaudi.org\/it\/a-bucha-crudelta-sempre-piu-orrende\/"},"wordCount":415,"image":{"@id":"https:\/\/exaudi.org\/it\/a-bucha-crudelta-sempre-piu-orrende\/#primaryimage"},"thumbnailUrl":"https:\/\/exaudi.org\/wp-content\/uploads\/2022\/04\/bambini.jpeg","keywords":["Bucha","Featured","guerra","Papa Francesco","Ucraina"],"articleSection":["Leone XIV"],"inLanguage":"it-IT"},{"@type":"WebPage","@id":"https:\/\/exaudi.org\/it\/a-bucha-crudelta-sempre-piu-orrende\/","url":"https:\/\/exaudi.org\/it\/a-bucha-crudelta-sempre-piu-orrende\/","name":"\u201cA Bucha crudelt\u00e0 sempre pi\u00f9 orrende\u201d &#8211; Exaudi","isPartOf":{"@id":"https:\/\/exaudi.org\/#website"},"primaryImageOfPage":{"@id":"https:\/\/exaudi.org\/it\/a-bucha-crudelta-sempre-piu-orrende\/#primaryimage"},"image":{"@id":"https:\/\/exaudi.org\/it\/a-bucha-crudelta-sempre-piu-orrende\/#primaryimage"},"thumbnailUrl":"https:\/\/exaudi.org\/wp-content\/uploads\/2022\/04\/bambini.jpeg","datePublished":"2022-04-06T10:19:09+00:00","dateModified":"2022-04-06T10:21:51+00:00","author":{"@id":"https:\/\/exaudi.org\/#\/schema\/person\/e1ab6ed07c01774724dd96f925f3a5f0"},"description":"Il Papa all'udienza mostra una bandiera ucraina e fa salire accanto a s\u00e9 alcuni bambini rifugiati: \u201cA Bucha crudelt\u00e0 sempre pi\u00f9 orrende\u201d","breadcrumb":{"@id":"https:\/\/exaudi.org\/it\/a-bucha-crudelta-sempre-piu-orrende\/#breadcrumb"},"inLanguage":"it-IT","potentialAction":[{"@type":"ReadAction","target":["https:\/\/exaudi.org\/it\/a-bucha-crudelta-sempre-piu-orrende\/"]}]},{"@type":"ImageObject","inLanguage":"it-IT","@id":"https:\/\/exaudi.org\/it\/a-bucha-crudelta-sempre-piu-orrende\/#primaryimage","url":"https:\/\/exaudi.org\/wp-content\/uploads\/2022\/04\/bambini.jpeg","contentUrl":"https:\/\/exaudi.org\/wp-content\/uploads\/2022\/04\/bambini.jpeg","width":1500,"height":844,"caption":"Il Papa con i bambini ucraini (C) Vatican Media"},{"@type":"BreadcrumbList","@id":"https:\/\/exaudi.org\/it\/a-bucha-crudelta-sempre-piu-orrende\/#breadcrumb","itemListElement":[{"@type":"ListItem","position":1,"name":"Portada","item":"https:\/\/exaudi.org\/it\/"},{"@type":"ListItem","position":2,"name":"\u201cA Bucha crudelt\u00e0 sempre pi\u00f9 orrende\u201d"}]},{"@type":"WebSite","@id":"https:\/\/exaudi.org\/#website","url":"https:\/\/exaudi.org\/","name":"Exaudi","description":"News","potentialAction":[{"@type":"SearchAction","target":{"@type":"EntryPoint","urlTemplate":"https:\/\/exaudi.org\/?s={search_term_string}"},"query-input":{"@type":"PropertyValueSpecification","valueRequired":true,"valueName":"search_term_string"}}],"inLanguage":"it-IT"},{"@type":"Person","@id":"https:\/\/exaudi.org\/#\/schema\/person\/e1ab6ed07c01774724dd96f925f3a5f0","name":"Exaudi Redazione","image":{"@type":"ImageObject","inLanguage":"it-IT","@id":"https:\/\/secure.gravatar.com\/avatar\/ad6774b3ada023bf5b939d64f45c94b3adf91502dd883507d469b4308a943bb3?s=96&d=mm&r=g","url":"https:\/\/secure.gravatar.com\/avatar\/ad6774b3ada023bf5b939d64f45c94b3adf91502dd883507d469b4308a943bb3?s=96&d=mm&r=g","contentUrl":"https:\/\/secure.gravatar.com\/avatar\/ad6774b3ada023bf5b939d64f45c94b3adf91502dd883507d469b4308a943bb3?s=96&d=mm&r=g","caption":"Exaudi Redazione"},"description":"Che cosa \u00e8 Exaudi News? Exaudi News \u00e8 un agenzia cattolica internazionale che informa, istruisce e trasforma quotidianamente in spagnolo, inglese e italiano. Attraverso notizie, articoli di analisi e trasmissioni in diretta degli eventi del Papa, Exaudi cerca di rafforzare l'unit\u00e0 dei cristiani e di contribuire all'evangelizzazione del mondo, sempre guidato dalla dottrina sociale della Chiesa. Lavoriamo per portare la verit\u00e0 e i valori cristiani in ogni angolo del pianeta. Aiutaci a trasformare il mondo con Exaudi! Noi di Exaudi crediamo che l'evangelizzazione e l'informazione di qualit\u00e0 possano cambiare la vita. Per continuare la nostra missione ed espandere la nostra portata, abbiamo bisogno del tuo aiuto. Stiamo anche cercando persone motivate che vogliano unirsi al nostro team. Grazie al vostro sostegno raggiungeremo pi\u00f9 persone, diffonderemo il messaggio di Cristo e rafforzeremo l'unit\u00e0 dei cristiani. Vuoi unirti alla nostra missione? Per maggiori informazioni su come contribuire, visita Exaudi.org\/it o contattaci direttamente: info@exaudi.org Exaudi: informa, forma e trasforma.","sameAs":["https:\/\/www.facebook.com\/ExaudiNotizie\/","https:\/\/www.instagram.com\/Exaudi_notizie\/","https:\/\/x.com\/Exaudi_Notizie","https:\/\/www.youtube.com\/@exaudicatholicnews"],"url":"https:\/\/exaudi.org\/it\/author\/dlvedi-org\/"}]}},"jetpack_featured_media_url":"https:\/\/exaudi.org\/wp-content\/uploads\/2022\/04\/bambini.jpeg","jetpack_shortlink":"https:\/\/wp.me\/pgKjF2-eyX","_links":{"self":[{"href":"https:\/\/exaudi.org\/it\/wp-json\/wp\/v2\/posts\/55983","targetHints":{"allow":["GET"]}}],"collection":[{"href":"https:\/\/exaudi.org\/it\/wp-json\/wp\/v2\/posts"}],"about":[{"href":"https:\/\/exaudi.org\/it\/wp-json\/wp\/v2\/types\/post"}],"author":[{"embeddable":true,"href":"https:\/\/exaudi.org\/it\/wp-json\/wp\/v2\/users\/17"}],"replies":[{"embeddable":true,"href":"https:\/\/exaudi.org\/it\/wp-json\/wp\/v2\/comments?post=55983"}],"version-history":[{"count":0,"href":"https:\/\/exaudi.org\/it\/wp-json\/wp\/v2\/posts\/55983\/revisions"}],"wp:featuredmedia":[{"embeddable":true,"href":"https:\/\/exaudi.org\/it\/wp-json\/wp\/v2\/media\/55984"}],"wp:attachment":[{"href":"https:\/\/exaudi.org\/it\/wp-json\/wp\/v2\/media?parent=55983"}],"wp:term":[{"taxonomy":"category","embeddable":true,"href":"https:\/\/exaudi.org\/it\/wp-json\/wp\/v2\/categories?post=55983"},{"taxonomy":"post_tag","embeddable":true,"href":"https:\/\/exaudi.org\/it\/wp-json\/wp\/v2\/tags?post=55983"}],"curies":[{"name":"wp","href":"https:\/\/api.w.org\/{rel}","templated":true}]}}