{"id":55970,"date":"2022-04-06T11:43:01","date_gmt":"2022-04-06T09:43:01","guid":{"rendered":"https:\/\/exaudi.org\/?p=55970"},"modified":"2022-04-06T11:43:01","modified_gmt":"2022-04-06T09:43:01","slug":"in-ucraina-vediamo-limpotenza-dellonu","status":"publish","type":"post","link":"https:\/\/exaudi.org\/it\/in-ucraina-vediamo-limpotenza-dellonu\/","title":{"rendered":"&#8220;In Ucraina vediamo l&#8217;impotenza dell&#8217;Onu&#8221;"},"content":{"rendered":"<p>L\u2019Onu \u00e8 impotente di fronte alla guerra in Ucraina. \u00c8 l\u2019amara constatazione di Papa Francesco che nel corso dell\u2019udienza generale ha ricordato il recente viaggio apostolico a Malta. Il Pontefice ha accusato la \u201clogica dominante\u201d delle \u201cstrategie degli Stati pi\u00f9 potenti per affermare i propri interessi estendendo l\u2019area di influenza economica, o influenza ideologica o influenza militare\u201d. La guerra in Ucraina \u00e8 solo l&#8217;ultimo esempio. Ecco le parole del Papa:<\/p>\n<p>Sabato e domenica scorsi mi sono recato a Malta: un Viaggio apostolico che era in programma da tempo: \u00e8 stato rimandato due anni fa, per il covid e le sue conseguenze. Non molti sanno che Malta, pur essendo un\u2019isola in mezzo al Mediterraneo, ha ricevuto prestissimo il Vangelo. Perch\u00e9? Perch\u00e9 l\u2019Apostolo Paolo fece naufragio vicino alle sue coste e prodigiosamente si salv\u00f2 con tutti quelli che stavano sulla nave, pi\u00f9 di duecentosettanta persone. Racconta il libro degli Atti degli Apostoli che i maltesi li accolsero tutti, e dice questa parola: \u00abcon rara umanit\u00e0\u00bb. Questo \u00e8 importante, non dimenticarlo: \u201ccon rara umanit\u00e0\u201d.<\/p>\n<h2>Con rara umanit\u00e0<\/h2>\n<p>Ho scelto proprio queste parole: con rara umanit\u00e0, come motto del mio Viaggio, perch\u00e9 indicano la strada da seguire non solo per affrontare il fenomeno dei migranti, ma pi\u00f9 in generale perch\u00e9 il mondo diventi pi\u00f9 fraterno, pi\u00f9 vivibile, e si salvi da un \u201cnaufragio\u201d che minaccia tutti noi, che stiamo \u2013 come abbiamo imparato \u2013 sulla stessa barca, tutti. Malta \u00e8, in questo orizzonte, un luogo-chiave.<\/p>\n<p>Lo \u00e8 anzitutto geograficamente, per la sua posizione al centro del Mare che sta tra Europa e Africa, ma che bagna anche l\u2019Asia. Malta \u00e8 una specie di \u201crosa dei venti\u201d, dove si incrociano popoli e culture; \u00e8 un punto privilegiato per osservare a 360 gradi l\u2019area mediterranea. Oggi si parla spesso di \u201cgeopolitica\u201d, ma purtroppo la logica dominante \u00e8 quella delle strategie degli Stati pi\u00f9 potenti per affermare i propri interessi estendendo l\u2019area di influenza economica, o influenza ideologica o influenza militare: lo stiamo vedendo con la guerra.<\/p>\n<h2>L\u2019impotenza dell\u2019Onu in Ucraina<\/h2>\n<p>Malta rappresenta, in questo quadro, il diritto e la forza dei \u201cpiccoli\u201d, delle Nazioni piccole ma ricche di storia e di civilt\u00e0, che dovrebbero portare avanti un\u2019altra logica: quella del rispetto e della libert\u00e0, quella del rispetto e anche la logica della libert\u00e0, della convivialit\u00e0 delle differenze, opposta alla colonizzazione dei pi\u00f9 potenti. Lo stiamo vedendo adesso. E non solo da una parte: anche da altre \u2026 Dopo la Seconda guerra mondiale si \u00e8 tentato di porre le basi di una nuova storia di pace, ma purtroppo \u2013 non impariamo \u2013 \u00e8 andata avanti la vecchia storia di grandi potenze concorrenti. E, nell\u2019attuale guerra in Ucraina, assistiamo all\u2019impotenza delle <a href=\"https:\/\/unric.org\/it\/\">Organizzazioni delle Nazioni Unite<\/a>.<\/p>\n<h2>Le migrazioni<\/h2>\n<p>Secondo aspetto: Malta \u00e8 un luogo-chiave per quanto riguarda il <a href=\"https:\/\/exaudi.org\/it\/laccoglienza-cartina-tornasole-sullamore-al-vangelo\/\">fenomeno delle migrazioni<\/a>. Nel Centro di accoglienza Giovanni XXIII ho incontrato numerosi migranti, che sono approdati sull\u2019Isola dopo viaggi terribili. Non bisogna stancarsi di ascoltare le loro testimonianze, perch\u00e9 solo cos\u00ec si esce dalla visione distorta che spesso circola nei mass-media e si possono riconoscere i volti, le storie, le ferite, i sogni e le speranze di questi migranti.<\/p>\n<p>Ogni migrante \u00e8 unico: non \u00e8 un numero, \u00e8 una persona; \u00e8 unico come ognuno di noi. Ogni migrante \u00e8 una persona con la sua dignit\u00e0, le sue radici, la sua cultura. Ognuno di essi \u00e8 portatore di una ricchezza infinitamente pi\u00f9 grande dei problemi che comporta. E non dimentichiamo che l\u2019Europa \u00e8 stata fatta dalle migrazioni.<\/p>\n<h2>L\u2019accoglienza va organizzata<\/h2>\n<p>Certo, l\u2019accoglienza va organizzata \u2013 \u00e8 vero, questo \u2013 va governata, e prima, molto prima, va progettata insieme, a livello internazionale. Perch\u00e9 il fenomeno migratorio non pu\u00f2 essere ridotto a un\u2019emergenza, \u00e8 un segno dei nostri tempi. E come tale va letto e interpretato. Pu\u00f2 diventare un segno di conflitto, oppure un segno di pace. Dipende da come lo prendiamo, dipende da noi.<\/p>\n<p>Chi a Malta ha dato vita al Centro Giovanni XXIII ha fatto la scelta cristiana e per questo lo ha chiamato \u201cPeace Lab\u201d: laboratorio di pace. Ma io vorrei dire che Malta nel suo insieme \u00e8 un laboratorio di pace! Tutta la nazione con il suo atteggiamento, con il proprio atteggiamento, \u00e8 un laboratorio di pace. E pu\u00f2 realizzare questa sua missione se, dalle sue radici, attinge la linfa della fraternit\u00e0, della compassione, della solidariet\u00e0.<\/p>\n<p>Il popolo maltese ha ricevuto questi valori insieme con il Vangelo, e grazie al Vangelo potr\u00e0 mantenerli vivi. Per questo, come Vescovo di Roma, sono andato a confermare quel popolo nella fede e nella comunione.<\/p>\n<h2>Evangelizzazione<\/h2>\n<p>Infatti \u2013 terzo aspetto \u2013 Malta \u00e8 un luogo-chiave anche dal punto di vista dell\u2019evangelizzazione. Da Malta e da Gozo, le due Diocesi del Paese, sono partiti tanti sacerdoti e religiosi, ma anche fedeli laici, che hanno portato in tutto il mondo la testimonianza cristiana. Come se il passaggio di San Paolo avesse lasciato la missione nel DNA dei maltesi! Per questo la mia visita \u00e8 stata anzitutto un atto di riconoscenza, riconoscenza a Dio e al suo santo popolo fedele che \u00e8 a Malta e a Gozo.<\/p>\n<h2>Il vento del secolarismo<\/h2>\n<p>Tuttavia, anche l\u00ec soffia il vento del secolarismo e della pseudocultura globalizzata a base di consumismo, neocapitalismo e relativismo. Anche l\u00ec, perci\u00f2, \u00e8 tempo di nuova evangelizzazione. La visita che, come i miei Predecessori, ho compiuto alla Grotta di San Paolo \u00e8 stata come un attingere alla sorgente, perch\u00e9 il Vangelo possa sgorgare a Malta con la freschezza delle origini e ravvivare il suo grande patrimonio di religiosit\u00e0 popolare.<\/p>\n<p>Questa \u00e8 simboleggiata dal Santuario mariano nazionale di Ta\u2019 Pinu, nell\u2019isola di Gozo, dove abbiamo celebrato un intenso incontro di preghiera. L\u00ec ho sentito battere il cuore del popolo maltese, che ha tanta fiducia nella sua Santa Madre. Maria ci riporta sempre all\u2019essenziale, a Cristo crocifisso e risorto, e questo per noi, al suo amore misericordioso. Maria ci aiuta a ravvivare la fiamma della fede attingendo dal fuoco dello Spirito Santo, che anima di generazione in generazione il gioioso annuncio del Vangelo, perch\u00e9 la gioia della Chiesa \u00e8 evangelizzare! Non dimentichiamo quella frase di San Paolo VI: la vocazione della Chiesa \u00e8 evangelizzare; la gioia della Chiesa \u00e8 evangelizzare. Non dimentichiamola perch\u00e9 \u00e8 la definizione pi\u00f9 bella della Chiesa.<\/p>\n<h2>Gratitudine<\/h2>\n<p>Colgo questa occasione per rinnovare il mio ringraziamento al Signor Presidente della Repubblica di Malta, cos\u00ec cortese e fratello: grazie a lui e alla sua famiglia; al Signor Primo Ministro e alle altre Autorit\u00e0 civili, che mi hanno accolto con tanta gentilezza; come pure ai Vescovi e a tutti i membri della comunit\u00e0 ecclesiale, ai volontari e a quanti mi hanno accompagnato con la preghiera.<\/p>\n<p>Non vorrei trascurare di menzionare il Centro di accoglienza per i migranti Giovanni XXIII: l\u00ec quel frate francescano che lo porta avanti, padre Dionisio Mintoff, ha 91 anni e continua a lavorare cos\u00ec, con l\u2019aiuto dei collaboratori della Diocesi. \u00c8 un esempio di zelo apostolico e di amore ai migranti, che oggi ci vuole tanto. Noi, con questa visita, seminiamo, ma \u00e8 il Signore che fa crescere. Che la sua bont\u00e0 infinita conceda frutti abbondanti di pace e di ogni bene al caro popolo maltese! Grazie a questo popolo maltese per la sua accoglienza cos\u00ec umana, cos\u00ec cristiana. Grazie tante.<\/p>\n<h2>L&#8217;Ucraina nel cuore del Papa<\/h2>\n<p>Al termine dell&#8217;udienza il Papa \u00e8 tornato a parlare dell&#8217;Ucraina, mostrando una bandiera giunta dalla citt\u00e0 martire di Bucha.<\/p>\n","protected":false},"excerpt":{"rendered":"<p>All&#8217;udienza del mercoled\u00ec il Papa contro la colonizzazione imposta dagli Stati pi\u00f9 potenti<\/p>\n","protected":false},"author":17,"featured_media":55971,"comment_status":"closed","ping_status":"closed","sticky":false,"template":"","format":"standard","meta":{"_acf_changed":false,"_crdt_document":"","inline_featured_image":false,"footnotes":""},"categories":[67,111],"tags":[2487,5846,472,251,1773],"class_list":["post-55970","post","type-post","status-publish","format-standard","has-post-thumbnail","hentry","category-leone-xiv","category-udienza-generale","tag-featured-3","tag-malta-it","tag-migranti","tag-papa-francesco","tag-ucraina"],"acf":[],"yoast_head":"<!-- This site is optimized with the Yoast SEO plugin v27.4 - https:\/\/yoast.com\/product\/yoast-seo-wordpress\/ -->\n<title>&quot;In Ucraina vediamo l&#039;impotenza dell&#039;Onu&quot; &#8211; Exaudi<\/title>\n<meta name=\"description\" content=\"All&#039;udienza l Papa ricorda il viaggio a Malta, cita la guerra in Ucraina e tuona contro la colonizzazione dei potenti\" \/>\n<meta name=\"robots\" content=\"index, follow, max-snippet:-1, max-image-preview:large, max-video-preview:-1\" \/>\n<link rel=\"canonical\" href=\"https:\/\/exaudi.org\/it\/in-ucraina-vediamo-limpotenza-dellonu\/\" \/>\n<meta property=\"og:locale\" content=\"it_IT\" \/>\n<meta property=\"og:type\" content=\"article\" \/>\n<meta property=\"og:title\" content=\"&quot;In Ucraina vediamo l&#039;impotenza dell&#039;Onu&quot; &#8211; Exaudi\" \/>\n<meta property=\"og:description\" content=\"All&#039;udienza l Papa ricorda il viaggio a Malta, cita la guerra in Ucraina e tuona contro la colonizzazione dei potenti\" \/>\n<meta property=\"og:url\" content=\"https:\/\/exaudi.org\/it\/in-ucraina-vediamo-limpotenza-dellonu\/\" \/>\n<meta property=\"og:site_name\" content=\"Exaudi\" \/>\n<meta property=\"article:publisher\" content=\"https:\/\/www.facebook.com\/ExaudiNews\" \/>\n<meta property=\"article:author\" content=\"https:\/\/www.facebook.com\/ExaudiNotizie\/\" \/>\n<meta property=\"article:published_time\" content=\"2022-04-06T09:43:01+00:00\" \/>\n<meta property=\"og:image\" content=\"https:\/\/exaudi.org\/wp-content\/uploads\/2022\/04\/DSC2604-scaled.jpg\" \/>\n\t<meta property=\"og:image:width\" content=\"2560\" \/>\n\t<meta property=\"og:image:height\" content=\"1707\" \/>\n\t<meta property=\"og:image:type\" content=\"image\/jpeg\" \/>\n<meta name=\"author\" content=\"Exaudi Redazione\" \/>\n<meta name=\"twitter:card\" content=\"summary_large_image\" \/>\n<meta name=\"twitter:creator\" content=\"@Exaudi_Notizie\" \/>\n<meta name=\"twitter:site\" content=\"@Exaudi_News\" \/>\n<meta name=\"twitter:label1\" content=\"Scritto da\" \/>\n\t<meta name=\"twitter:data1\" content=\"Exaudi Redazione\" \/>\n\t<meta name=\"twitter:label2\" content=\"Tempo di lettura stimato\" \/>\n\t<meta name=\"twitter:data2\" content=\"7 minuti\" \/>\n<script type=\"application\/ld+json\" class=\"yoast-schema-graph\">{\"@context\":\"https:\\\/\\\/schema.org\",\"@graph\":[{\"@type\":\"Article\",\"@id\":\"https:\\\/\\\/exaudi.org\\\/it\\\/in-ucraina-vediamo-limpotenza-dellonu\\\/#article\",\"isPartOf\":{\"@id\":\"https:\\\/\\\/exaudi.org\\\/it\\\/in-ucraina-vediamo-limpotenza-dellonu\\\/\"},\"author\":{\"name\":\"Exaudi Redazione\",\"@id\":\"https:\\\/\\\/exaudi.org\\\/#\\\/schema\\\/person\\\/e1ab6ed07c01774724dd96f925f3a5f0\"},\"headline\":\"&#8220;In Ucraina vediamo l&#8217;impotenza dell&#8217;Onu&#8221;\",\"datePublished\":\"2022-04-06T09:43:01+00:00\",\"mainEntityOfPage\":{\"@id\":\"https:\\\/\\\/exaudi.org\\\/it\\\/in-ucraina-vediamo-limpotenza-dellonu\\\/\"},\"wordCount\":1208,\"image\":{\"@id\":\"https:\\\/\\\/exaudi.org\\\/it\\\/in-ucraina-vediamo-limpotenza-dellonu\\\/#primaryimage\"},\"thumbnailUrl\":\"https:\\\/\\\/exaudi.org\\\/wp-content\\\/uploads\\\/2022\\\/04\\\/DSC2604-scaled.jpg\",\"keywords\":[\"Featured\",\"Malta\",\"migranti\",\"Papa Francesco\",\"Ucraina\"],\"articleSection\":[\"Leone XIV\",\"Udienza generale\"],\"inLanguage\":\"it-IT\"},{\"@type\":\"WebPage\",\"@id\":\"https:\\\/\\\/exaudi.org\\\/it\\\/in-ucraina-vediamo-limpotenza-dellonu\\\/\",\"url\":\"https:\\\/\\\/exaudi.org\\\/it\\\/in-ucraina-vediamo-limpotenza-dellonu\\\/\",\"name\":\"\\\"In Ucraina vediamo l'impotenza dell'Onu\\\" &#8211; Exaudi\",\"isPartOf\":{\"@id\":\"https:\\\/\\\/exaudi.org\\\/#website\"},\"primaryImageOfPage\":{\"@id\":\"https:\\\/\\\/exaudi.org\\\/it\\\/in-ucraina-vediamo-limpotenza-dellonu\\\/#primaryimage\"},\"image\":{\"@id\":\"https:\\\/\\\/exaudi.org\\\/it\\\/in-ucraina-vediamo-limpotenza-dellonu\\\/#primaryimage\"},\"thumbnailUrl\":\"https:\\\/\\\/exaudi.org\\\/wp-content\\\/uploads\\\/2022\\\/04\\\/DSC2604-scaled.jpg\",\"datePublished\":\"2022-04-06T09:43:01+00:00\",\"author\":{\"@id\":\"https:\\\/\\\/exaudi.org\\\/#\\\/schema\\\/person\\\/e1ab6ed07c01774724dd96f925f3a5f0\"},\"description\":\"All'udienza l Papa ricorda il viaggio a Malta, cita la guerra in Ucraina e tuona contro la colonizzazione dei potenti\",\"breadcrumb\":{\"@id\":\"https:\\\/\\\/exaudi.org\\\/it\\\/in-ucraina-vediamo-limpotenza-dellonu\\\/#breadcrumb\"},\"inLanguage\":\"it-IT\",\"potentialAction\":[{\"@type\":\"ReadAction\",\"target\":[\"https:\\\/\\\/exaudi.org\\\/it\\\/in-ucraina-vediamo-limpotenza-dellonu\\\/\"]}]},{\"@type\":\"ImageObject\",\"inLanguage\":\"it-IT\",\"@id\":\"https:\\\/\\\/exaudi.org\\\/it\\\/in-ucraina-vediamo-limpotenza-dellonu\\\/#primaryimage\",\"url\":\"https:\\\/\\\/exaudi.org\\\/wp-content\\\/uploads\\\/2022\\\/04\\\/DSC2604-scaled.jpg\",\"contentUrl\":\"https:\\\/\\\/exaudi.org\\\/wp-content\\\/uploads\\\/2022\\\/04\\\/DSC2604-scaled.jpg\",\"width\":2560,\"height\":1707,\"caption\":\"(C) Vatican Media\"},{\"@type\":\"BreadcrumbList\",\"@id\":\"https:\\\/\\\/exaudi.org\\\/it\\\/in-ucraina-vediamo-limpotenza-dellonu\\\/#breadcrumb\",\"itemListElement\":[{\"@type\":\"ListItem\",\"position\":1,\"name\":\"Portada\",\"item\":\"https:\\\/\\\/exaudi.org\\\/it\\\/\"},{\"@type\":\"ListItem\",\"position\":2,\"name\":\"&#8220;In Ucraina vediamo l&#8217;impotenza dell&#8217;Onu&#8221;\"}]},{\"@type\":\"WebSite\",\"@id\":\"https:\\\/\\\/exaudi.org\\\/#website\",\"url\":\"https:\\\/\\\/exaudi.org\\\/\",\"name\":\"Exaudi\",\"description\":\"News\",\"potentialAction\":[{\"@type\":\"SearchAction\",\"target\":{\"@type\":\"EntryPoint\",\"urlTemplate\":\"https:\\\/\\\/exaudi.org\\\/?s={search_term_string}\"},\"query-input\":{\"@type\":\"PropertyValueSpecification\",\"valueRequired\":true,\"valueName\":\"search_term_string\"}}],\"inLanguage\":\"it-IT\"},{\"@type\":\"Person\",\"@id\":\"https:\\\/\\\/exaudi.org\\\/#\\\/schema\\\/person\\\/e1ab6ed07c01774724dd96f925f3a5f0\",\"name\":\"Exaudi Redazione\",\"image\":{\"@type\":\"ImageObject\",\"inLanguage\":\"it-IT\",\"@id\":\"https:\\\/\\\/secure.gravatar.com\\\/avatar\\\/ad6774b3ada023bf5b939d64f45c94b3adf91502dd883507d469b4308a943bb3?s=96&d=mm&r=g\",\"url\":\"https:\\\/\\\/secure.gravatar.com\\\/avatar\\\/ad6774b3ada023bf5b939d64f45c94b3adf91502dd883507d469b4308a943bb3?s=96&d=mm&r=g\",\"contentUrl\":\"https:\\\/\\\/secure.gravatar.com\\\/avatar\\\/ad6774b3ada023bf5b939d64f45c94b3adf91502dd883507d469b4308a943bb3?s=96&d=mm&r=g\",\"caption\":\"Exaudi Redazione\"},\"description\":\"Che cosa \u00e8 Exaudi News? Exaudi News \u00e8 un agenzia cattolica internazionale che informa, istruisce e trasforma quotidianamente in spagnolo, inglese e italiano. Attraverso notizie, articoli di analisi e trasmissioni in diretta degli eventi del Papa, Exaudi cerca di rafforzare l'unit\u00e0 dei cristiani e di contribuire all'evangelizzazione del mondo, sempre guidato dalla dottrina sociale della Chiesa. Lavoriamo per portare la verit\u00e0 e i valori cristiani in ogni angolo del pianeta. Aiutaci a trasformare il mondo con Exaudi! Noi di Exaudi crediamo che l'evangelizzazione e l'informazione di qualit\u00e0 possano cambiare la vita. Per continuare la nostra missione ed espandere la nostra portata, abbiamo bisogno del tuo aiuto. Stiamo anche cercando persone motivate che vogliano unirsi al nostro team. Grazie al vostro sostegno raggiungeremo pi\u00f9 persone, diffonderemo il messaggio di Cristo e rafforzeremo l'unit\u00e0 dei cristiani. Vuoi unirti alla nostra missione? Per maggiori informazioni su come contribuire, visita Exaudi.org\\\/it o contattaci direttamente: info@exaudi.org Exaudi: informa, forma e trasforma.\",\"sameAs\":[\"https:\\\/\\\/www.facebook.com\\\/ExaudiNotizie\\\/\",\"https:\\\/\\\/www.instagram.com\\\/Exaudi_notizie\\\/\",\"https:\\\/\\\/x.com\\\/Exaudi_Notizie\",\"https:\\\/\\\/www.youtube.com\\\/@exaudicatholicnews\"],\"url\":\"https:\\\/\\\/exaudi.org\\\/it\\\/author\\\/dlvedi-org\\\/\"}]}<\/script>\n<!-- \/ Yoast SEO plugin. -->","yoast_head_json":{"title":"\"In Ucraina vediamo l'impotenza dell'Onu\" &#8211; Exaudi","description":"All'udienza l Papa ricorda il viaggio a Malta, cita la guerra in Ucraina e tuona contro la colonizzazione dei potenti","robots":{"index":"index","follow":"follow","max-snippet":"max-snippet:-1","max-image-preview":"max-image-preview:large","max-video-preview":"max-video-preview:-1"},"canonical":"https:\/\/exaudi.org\/it\/in-ucraina-vediamo-limpotenza-dellonu\/","og_locale":"it_IT","og_type":"article","og_title":"\"In Ucraina vediamo l'impotenza dell'Onu\" &#8211; Exaudi","og_description":"All'udienza l Papa ricorda il viaggio a Malta, cita la guerra in Ucraina e tuona contro la colonizzazione dei potenti","og_url":"https:\/\/exaudi.org\/it\/in-ucraina-vediamo-limpotenza-dellonu\/","og_site_name":"Exaudi","article_publisher":"https:\/\/www.facebook.com\/ExaudiNews","article_author":"https:\/\/www.facebook.com\/ExaudiNotizie\/","article_published_time":"2022-04-06T09:43:01+00:00","og_image":[{"width":2560,"height":1707,"url":"https:\/\/exaudi.org\/wp-content\/uploads\/2022\/04\/DSC2604-scaled.jpg","type":"image\/jpeg"}],"author":"Exaudi Redazione","twitter_card":"summary_large_image","twitter_creator":"@Exaudi_Notizie","twitter_site":"@Exaudi_News","twitter_misc":{"Scritto da":"Exaudi Redazione","Tempo di lettura stimato":"7 minuti"},"schema":{"@context":"https:\/\/schema.org","@graph":[{"@type":"Article","@id":"https:\/\/exaudi.org\/it\/in-ucraina-vediamo-limpotenza-dellonu\/#article","isPartOf":{"@id":"https:\/\/exaudi.org\/it\/in-ucraina-vediamo-limpotenza-dellonu\/"},"author":{"name":"Exaudi Redazione","@id":"https:\/\/exaudi.org\/#\/schema\/person\/e1ab6ed07c01774724dd96f925f3a5f0"},"headline":"&#8220;In Ucraina vediamo l&#8217;impotenza dell&#8217;Onu&#8221;","datePublished":"2022-04-06T09:43:01+00:00","mainEntityOfPage":{"@id":"https:\/\/exaudi.org\/it\/in-ucraina-vediamo-limpotenza-dellonu\/"},"wordCount":1208,"image":{"@id":"https:\/\/exaudi.org\/it\/in-ucraina-vediamo-limpotenza-dellonu\/#primaryimage"},"thumbnailUrl":"https:\/\/exaudi.org\/wp-content\/uploads\/2022\/04\/DSC2604-scaled.jpg","keywords":["Featured","Malta","migranti","Papa Francesco","Ucraina"],"articleSection":["Leone XIV","Udienza generale"],"inLanguage":"it-IT"},{"@type":"WebPage","@id":"https:\/\/exaudi.org\/it\/in-ucraina-vediamo-limpotenza-dellonu\/","url":"https:\/\/exaudi.org\/it\/in-ucraina-vediamo-limpotenza-dellonu\/","name":"\"In Ucraina vediamo l'impotenza dell'Onu\" &#8211; Exaudi","isPartOf":{"@id":"https:\/\/exaudi.org\/#website"},"primaryImageOfPage":{"@id":"https:\/\/exaudi.org\/it\/in-ucraina-vediamo-limpotenza-dellonu\/#primaryimage"},"image":{"@id":"https:\/\/exaudi.org\/it\/in-ucraina-vediamo-limpotenza-dellonu\/#primaryimage"},"thumbnailUrl":"https:\/\/exaudi.org\/wp-content\/uploads\/2022\/04\/DSC2604-scaled.jpg","datePublished":"2022-04-06T09:43:01+00:00","author":{"@id":"https:\/\/exaudi.org\/#\/schema\/person\/e1ab6ed07c01774724dd96f925f3a5f0"},"description":"All'udienza l Papa ricorda il viaggio a Malta, cita la guerra in Ucraina e tuona contro la colonizzazione dei potenti","breadcrumb":{"@id":"https:\/\/exaudi.org\/it\/in-ucraina-vediamo-limpotenza-dellonu\/#breadcrumb"},"inLanguage":"it-IT","potentialAction":[{"@type":"ReadAction","target":["https:\/\/exaudi.org\/it\/in-ucraina-vediamo-limpotenza-dellonu\/"]}]},{"@type":"ImageObject","inLanguage":"it-IT","@id":"https:\/\/exaudi.org\/it\/in-ucraina-vediamo-limpotenza-dellonu\/#primaryimage","url":"https:\/\/exaudi.org\/wp-content\/uploads\/2022\/04\/DSC2604-scaled.jpg","contentUrl":"https:\/\/exaudi.org\/wp-content\/uploads\/2022\/04\/DSC2604-scaled.jpg","width":2560,"height":1707,"caption":"(C) Vatican Media"},{"@type":"BreadcrumbList","@id":"https:\/\/exaudi.org\/it\/in-ucraina-vediamo-limpotenza-dellonu\/#breadcrumb","itemListElement":[{"@type":"ListItem","position":1,"name":"Portada","item":"https:\/\/exaudi.org\/it\/"},{"@type":"ListItem","position":2,"name":"&#8220;In Ucraina vediamo l&#8217;impotenza dell&#8217;Onu&#8221;"}]},{"@type":"WebSite","@id":"https:\/\/exaudi.org\/#website","url":"https:\/\/exaudi.org\/","name":"Exaudi","description":"News","potentialAction":[{"@type":"SearchAction","target":{"@type":"EntryPoint","urlTemplate":"https:\/\/exaudi.org\/?s={search_term_string}"},"query-input":{"@type":"PropertyValueSpecification","valueRequired":true,"valueName":"search_term_string"}}],"inLanguage":"it-IT"},{"@type":"Person","@id":"https:\/\/exaudi.org\/#\/schema\/person\/e1ab6ed07c01774724dd96f925f3a5f0","name":"Exaudi Redazione","image":{"@type":"ImageObject","inLanguage":"it-IT","@id":"https:\/\/secure.gravatar.com\/avatar\/ad6774b3ada023bf5b939d64f45c94b3adf91502dd883507d469b4308a943bb3?s=96&d=mm&r=g","url":"https:\/\/secure.gravatar.com\/avatar\/ad6774b3ada023bf5b939d64f45c94b3adf91502dd883507d469b4308a943bb3?s=96&d=mm&r=g","contentUrl":"https:\/\/secure.gravatar.com\/avatar\/ad6774b3ada023bf5b939d64f45c94b3adf91502dd883507d469b4308a943bb3?s=96&d=mm&r=g","caption":"Exaudi Redazione"},"description":"Che cosa \u00e8 Exaudi News? Exaudi News \u00e8 un agenzia cattolica internazionale che informa, istruisce e trasforma quotidianamente in spagnolo, inglese e italiano. Attraverso notizie, articoli di analisi e trasmissioni in diretta degli eventi del Papa, Exaudi cerca di rafforzare l'unit\u00e0 dei cristiani e di contribuire all'evangelizzazione del mondo, sempre guidato dalla dottrina sociale della Chiesa. Lavoriamo per portare la verit\u00e0 e i valori cristiani in ogni angolo del pianeta. Aiutaci a trasformare il mondo con Exaudi! Noi di Exaudi crediamo che l'evangelizzazione e l'informazione di qualit\u00e0 possano cambiare la vita. Per continuare la nostra missione ed espandere la nostra portata, abbiamo bisogno del tuo aiuto. Stiamo anche cercando persone motivate che vogliano unirsi al nostro team. Grazie al vostro sostegno raggiungeremo pi\u00f9 persone, diffonderemo il messaggio di Cristo e rafforzeremo l'unit\u00e0 dei cristiani. Vuoi unirti alla nostra missione? Per maggiori informazioni su come contribuire, visita Exaudi.org\/it o contattaci direttamente: info@exaudi.org Exaudi: informa, forma e trasforma.","sameAs":["https:\/\/www.facebook.com\/ExaudiNotizie\/","https:\/\/www.instagram.com\/Exaudi_notizie\/","https:\/\/x.com\/Exaudi_Notizie","https:\/\/www.youtube.com\/@exaudicatholicnews"],"url":"https:\/\/exaudi.org\/it\/author\/dlvedi-org\/"}]}},"jetpack_featured_media_url":"https:\/\/exaudi.org\/wp-content\/uploads\/2022\/04\/DSC2604-scaled.jpg","jetpack_shortlink":"https:\/\/wp.me\/pgKjF2-eyK","_links":{"self":[{"href":"https:\/\/exaudi.org\/it\/wp-json\/wp\/v2\/posts\/55970","targetHints":{"allow":["GET"]}}],"collection":[{"href":"https:\/\/exaudi.org\/it\/wp-json\/wp\/v2\/posts"}],"about":[{"href":"https:\/\/exaudi.org\/it\/wp-json\/wp\/v2\/types\/post"}],"author":[{"embeddable":true,"href":"https:\/\/exaudi.org\/it\/wp-json\/wp\/v2\/users\/17"}],"replies":[{"embeddable":true,"href":"https:\/\/exaudi.org\/it\/wp-json\/wp\/v2\/comments?post=55970"}],"version-history":[{"count":0,"href":"https:\/\/exaudi.org\/it\/wp-json\/wp\/v2\/posts\/55970\/revisions"}],"wp:featuredmedia":[{"embeddable":true,"href":"https:\/\/exaudi.org\/it\/wp-json\/wp\/v2\/media\/55971"}],"wp:attachment":[{"href":"https:\/\/exaudi.org\/it\/wp-json\/wp\/v2\/media?parent=55970"}],"wp:term":[{"taxonomy":"category","embeddable":true,"href":"https:\/\/exaudi.org\/it\/wp-json\/wp\/v2\/categories?post=55970"},{"taxonomy":"post_tag","embeddable":true,"href":"https:\/\/exaudi.org\/it\/wp-json\/wp\/v2\/tags?post=55970"}],"curies":[{"name":"wp","href":"https:\/\/api.w.org\/{rel}","templated":true}]}}