{"id":55938,"date":"2022-04-04T18:09:53","date_gmt":"2022-04-04T16:09:53","guid":{"rendered":"https:\/\/exaudi.org\/?p=55938"},"modified":"2022-04-04T18:13:02","modified_gmt":"2022-04-04T16:13:02","slug":"in-libano-un-rinnovato-centro-medico-dellordine-di-malta","status":"publish","type":"post","link":"https:\/\/exaudi.org\/it\/in-libano-un-rinnovato-centro-medico-dellordine-di-malta\/","title":{"rendered":"In Libano un rinnovato centro medico dell\u2019Ordine di Malta"},"content":{"rendered":"<p>Il Libano sta affrontando la sua peggiore crisi finanziaria, economica e sociale, insieme alla pandemia di Covid-19 e alle ripercussioni ancora molto evidenti dell&#8217;esplosione del porto di Beirut di quasi due anni fa, che hanno avuto un enorme impatto sul settore sanitario. Oltre a questo, le conseguenze del conflitto ucraino, a causa della scarsit\u00e0 di grano, e l&#8217;impatto economico dei prezzi pi\u00f9 alti delle materie prime, in particolare il carburante, stanno esacerbando una situazione umanitaria gi\u00e0 terribile. Pi\u00f9 dell&#8217;80% della popolazione libanese vive in povert\u00e0.<\/p>\n<p>Il settore sanitario si indebolisce, con pi\u00f9 del 40% dei medici che lasciano il paese. Le farmacie devono far fronte alla carenza di medicinali. L&#8217;assicurazione medica non copre le spese ospedaliere. Perci\u00f2 \u00e8 fondamentale sottolineare l&#8217;importanza dei centri di assistenza sanitaria di base, il cui obiettivo \u00e8 di innalzare il livello di salute della popolazione pi\u00f9 vulnerabile.<\/p>\n<h2>In Libano da 60 anni<\/h2>\n<p>Negli ultimi 60 anni, l&#8217;Ordine di Malta in Libano ha garantito l&#8217;accesso a tutti i servizi di assistenza sanitaria di base, gratuitamente o a tariffa simbolica. L&#8217;Ordine ha una rete di undici Centri di assistenza medica, distribuiti in tutto il paese. Nel 2021 e in mezzo alla crisi, ha raggiunto un milione di prestazioni socio-sanitarie.<\/p>\n<figure id=\"attachment_55942\" aria-describedby=\"caption-attachment-55942\" style=\"width: 190px\" class=\"wp-caption alignleft\"><img loading=\"lazy\" decoding=\"async\" class=\"size-medium wp-image-55942\" src=\"https:\/\/exaudi.org\/wp-content\/uploads\/2022\/04\/lebanon-190x300.jpg\" alt=\"\" width=\"190\" height=\"300\" srcset=\"https:\/\/exaudi.org\/wp-content\/uploads\/2022\/04\/lebanon-190x300.jpg 190w, https:\/\/exaudi.org\/wp-content\/uploads\/2022\/04\/lebanon-500x791.jpg 500w, https:\/\/exaudi.org\/wp-content\/uploads\/2022\/04\/lebanon.jpg 647w, https:\/\/exaudi.org\/wp-content\/uploads\/2022\/04\/lebanon-293x464.jpg 293w, https:\/\/exaudi.org\/wp-content\/uploads\/2022\/04\/lebanon-390x617.jpg 390w\" sizes=\"auto, (max-width: 190px) 100vw, 190px\" \/><figcaption id=\"caption-attachment-55942\" class=\"wp-caption-text\">Il Centro S. Giovanni Battista<\/figcaption><\/figure>\n<p>Un anno fa, l&#8217;Ordine di Malta Libano ha intrapreso la missione di rinnovare uno dei suoi principali centri. Si trova vicino alla capitale Beirut, a Chiyah &#8211; Ain el Remmaneh. E&#8217; noto come Centro San Giovanni Battista. I fondi del Ministero federale tedesco per la cooperazione economica e lo sviluppo, con il sostegno del Malteser International, hanno reso possibile l&#8217;intervento. Costruito nel 1989, vanta 33 anni di impegno per la comunit\u00e0. Il centro \u00e8 noto per la sua eccellenza nei servizi e nel rispetto della dignit\u00e0 di tutti i pazienti, indipendentemente dalla loro etnia o religione.<\/p>\n<h2>L\u2019assistenza offerta<\/h2>\n<p>Mentre il processo di ristrutturazione ha avuto luogo in un solo anno, i servizi forniti non si sono mai fermati, per cui il centro si \u00e8 trasferito nella vicina chiesa. Prima della crisi e della ristrutturazione, il centro composto da un piano, riceveva circa 80 pazienti al giorno. Il centro rinnovato e ampliato, composto da 3 piani dedicati all&#8217;assistenza sanitaria di base, offrir\u00e0 tutte le specialit\u00e0 mediche, tra cui medicina generale, cardiologia, ostetricia e ginecologia, pediatria, oftalmologia, ecc. oltre a oncologia, salute mentale, malattie neurodegenerative e analisi di laboratorio, gratuitamente o a un prezzo simbolico. Ricever\u00e0 fino a 500 pazienti al giorno.<\/p>\n<p>Il centro comprende anche un magazzino centrale di farmaci all&#8217;avanguardia. Distribuisce le medicine ai vari centri dell&#8217;Ordine in tutto il paese. Presenti anche un&#8217;unit\u00e0 di formazione e uffici di servizi sociali.<\/p>\n<h2>L&#8217;inaugurazione e le benedizioni<\/h2>\n<p>In un clima di unit\u00e0 nazionale, l&#8217;inaugurazione del centro Giovanni Battista ha dato luogo ad una cerimonia che ha riunito i rappresentanti delle varie comunit\u00e0 religiose cristiane e musulmane del Libano, oltre al Ministro della Sanit\u00e0, al Nunzio Apostolico e ad una delegazione tedesca. Il Presidente dell&#8217;Associazione tedesca dell&#8217;Ordine di Malta Erich Prinz von Lobkowicz e il Segretario Generale del Malteser International Clemens Graf von Mirbach-Harff hanno partecipato alla cerimonia di apertura. Una preghiera comune \u00e8 stata recitata dall&#8217;arcivescovo maronita di Beirut, Mons. Boulos Abdel Sater e dallo sceicco druso Sami Abdel Khalek, poi la benedizione \u00e8 stata condotta dal Nunzio Apostolico Mons. Josef Spiteri.<\/p>\n<h2>La convivialit\u00e0 delle differenze in Libano<\/h2>\n<p>&#8220;Servire il Libano con la convivialit\u00e0 delle differenze, piuttosto che utilizzarle, \u00e8 il senso della nostra azione&#8221;, ha detto Marwan Sehnaoui, presidente dell&#8217;Associazione libanese dell&#8217;Ordine di Malta, nel suo discorso di apertura. Il Ministro della Sanit\u00e0 libanese ha ringraziato calorosamente l&#8217;Ordine di Malta per un risultato che desidera generalizzare e ha ringraziato il governo tedesco che lo ha reso possibile.<\/p>\n","protected":false},"excerpt":{"rendered":"<p>Ampliato e potenziato per offrire assistenza alla popolazione stremata dalla crisi. All\u2019inaugurazione presenti tutte le confessioni religiose<\/p>\n","protected":false},"author":17,"featured_media":55939,"comment_status":"closed","ping_status":"closed","sticky":false,"template":"","format":"standard","meta":{"_acf_changed":false,"_crdt_document":"","inline_featured_image":false,"footnotes":""},"categories":[73],"tags":[1229,411,3057],"class_list":["post-55938","post","type-post","status-publish","format-standard","has-post-thumbnail","hentry","category-chiesa-e-mondo","tag-crisi","tag-libano-it","tag-ordine-di-malta"],"acf":[],"yoast_head":"<!-- This site is optimized with the Yoast SEO plugin v27.4 - https:\/\/yoast.com\/product\/yoast-seo-wordpress\/ -->\n<title>In Libano un rinnovato centro medico dell\u2019Ordine di Malta &#8211; Exaudi<\/title>\n<meta name=\"description\" content=\"In Libano un rinnovato centro medico dell\u2019Ordine di Malta: ampliato e potenziato per offrire assistenza alla popolazione stremata dalla crisi\" \/>\n<meta name=\"robots\" content=\"index, follow, max-snippet:-1, max-image-preview:large, max-video-preview:-1\" \/>\n<link rel=\"canonical\" href=\"https:\/\/exaudi.org\/it\/in-libano-un-rinnovato-centro-medico-dellordine-di-malta\/\" \/>\n<meta property=\"og:locale\" content=\"it_IT\" \/>\n<meta property=\"og:type\" content=\"article\" \/>\n<meta property=\"og:title\" content=\"In Libano un rinnovato centro medico dell\u2019Ordine di Malta &#8211; Exaudi\" \/>\n<meta property=\"og:description\" content=\"In Libano un rinnovato centro medico dell\u2019Ordine di Malta: ampliato e potenziato per offrire assistenza alla popolazione stremata dalla crisi\" \/>\n<meta property=\"og:url\" content=\"https:\/\/exaudi.org\/it\/in-libano-un-rinnovato-centro-medico-dellordine-di-malta\/\" \/>\n<meta property=\"og:site_name\" content=\"Exaudi\" \/>\n<meta property=\"article:publisher\" content=\"https:\/\/www.facebook.com\/ExaudiNews\" \/>\n<meta property=\"article:author\" content=\"https:\/\/www.facebook.com\/ExaudiNotizie\/\" \/>\n<meta property=\"article:published_time\" content=\"2022-04-04T16:09:53+00:00\" \/>\n<meta property=\"article:modified_time\" content=\"2022-04-04T16:13:02+00:00\" \/>\n<meta property=\"og:image\" content=\"https:\/\/exaudi.org\/wp-content\/uploads\/2022\/04\/Libano-scaled.jpg\" \/>\n\t<meta property=\"og:image:width\" content=\"2560\" \/>\n\t<meta property=\"og:image:height\" content=\"1920\" \/>\n\t<meta property=\"og:image:type\" content=\"image\/jpeg\" \/>\n<meta name=\"author\" content=\"Exaudi Redazione\" \/>\n<meta name=\"twitter:card\" content=\"summary_large_image\" \/>\n<meta name=\"twitter:creator\" content=\"@Exaudi_Notizie\" \/>\n<meta name=\"twitter:site\" content=\"@Exaudi_News\" \/>\n<meta name=\"twitter:label1\" content=\"Scritto da\" \/>\n\t<meta name=\"twitter:data1\" content=\"Exaudi Redazione\" \/>\n\t<meta name=\"twitter:label2\" content=\"Tempo di lettura stimato\" \/>\n\t<meta name=\"twitter:data2\" content=\"4 minuti\" \/>\n<script type=\"application\/ld+json\" class=\"yoast-schema-graph\">{\"@context\":\"https:\\\/\\\/schema.org\",\"@graph\":[{\"@type\":\"Article\",\"@id\":\"https:\\\/\\\/exaudi.org\\\/it\\\/in-libano-un-rinnovato-centro-medico-dellordine-di-malta\\\/#article\",\"isPartOf\":{\"@id\":\"https:\\\/\\\/exaudi.org\\\/it\\\/in-libano-un-rinnovato-centro-medico-dellordine-di-malta\\\/\"},\"author\":{\"name\":\"Exaudi Redazione\",\"@id\":\"https:\\\/\\\/exaudi.org\\\/#\\\/schema\\\/person\\\/e1ab6ed07c01774724dd96f925f3a5f0\"},\"headline\":\"In Libano un rinnovato centro medico dell\u2019Ordine di Malta\",\"datePublished\":\"2022-04-04T16:09:53+00:00\",\"dateModified\":\"2022-04-04T16:13:02+00:00\",\"mainEntityOfPage\":{\"@id\":\"https:\\\/\\\/exaudi.org\\\/it\\\/in-libano-un-rinnovato-centro-medico-dellordine-di-malta\\\/\"},\"wordCount\":636,\"image\":{\"@id\":\"https:\\\/\\\/exaudi.org\\\/it\\\/in-libano-un-rinnovato-centro-medico-dellordine-di-malta\\\/#primaryimage\"},\"thumbnailUrl\":\"https:\\\/\\\/exaudi.org\\\/wp-content\\\/uploads\\\/2022\\\/04\\\/Libano-scaled.jpg\",\"keywords\":[\"crisi\",\"L\u00edbano\",\"ordine di Malta\"],\"articleSection\":[\"Chiesa e Mondo\"],\"inLanguage\":\"it-IT\"},{\"@type\":\"WebPage\",\"@id\":\"https:\\\/\\\/exaudi.org\\\/it\\\/in-libano-un-rinnovato-centro-medico-dellordine-di-malta\\\/\",\"url\":\"https:\\\/\\\/exaudi.org\\\/it\\\/in-libano-un-rinnovato-centro-medico-dellordine-di-malta\\\/\",\"name\":\"In Libano un rinnovato centro medico dell\u2019Ordine di Malta &#8211; Exaudi\",\"isPartOf\":{\"@id\":\"https:\\\/\\\/exaudi.org\\\/#website\"},\"primaryImageOfPage\":{\"@id\":\"https:\\\/\\\/exaudi.org\\\/it\\\/in-libano-un-rinnovato-centro-medico-dellordine-di-malta\\\/#primaryimage\"},\"image\":{\"@id\":\"https:\\\/\\\/exaudi.org\\\/it\\\/in-libano-un-rinnovato-centro-medico-dellordine-di-malta\\\/#primaryimage\"},\"thumbnailUrl\":\"https:\\\/\\\/exaudi.org\\\/wp-content\\\/uploads\\\/2022\\\/04\\\/Libano-scaled.jpg\",\"datePublished\":\"2022-04-04T16:09:53+00:00\",\"dateModified\":\"2022-04-04T16:13:02+00:00\",\"author\":{\"@id\":\"https:\\\/\\\/exaudi.org\\\/#\\\/schema\\\/person\\\/e1ab6ed07c01774724dd96f925f3a5f0\"},\"description\":\"In Libano un rinnovato centro medico dell\u2019Ordine di Malta: ampliato e potenziato per offrire assistenza alla popolazione stremata dalla crisi\",\"breadcrumb\":{\"@id\":\"https:\\\/\\\/exaudi.org\\\/it\\\/in-libano-un-rinnovato-centro-medico-dellordine-di-malta\\\/#breadcrumb\"},\"inLanguage\":\"it-IT\",\"potentialAction\":[{\"@type\":\"ReadAction\",\"target\":[\"https:\\\/\\\/exaudi.org\\\/it\\\/in-libano-un-rinnovato-centro-medico-dellordine-di-malta\\\/\"]}]},{\"@type\":\"ImageObject\",\"inLanguage\":\"it-IT\",\"@id\":\"https:\\\/\\\/exaudi.org\\\/it\\\/in-libano-un-rinnovato-centro-medico-dellordine-di-malta\\\/#primaryimage\",\"url\":\"https:\\\/\\\/exaudi.org\\\/wp-content\\\/uploads\\\/2022\\\/04\\\/Libano-scaled.jpg\",\"contentUrl\":\"https:\\\/\\\/exaudi.org\\\/wp-content\\\/uploads\\\/2022\\\/04\\\/Libano-scaled.jpg\",\"width\":2560,\"height\":1920,\"caption\":\"Alcuni operatori del centro dell'Ordine di Malta\"},{\"@type\":\"BreadcrumbList\",\"@id\":\"https:\\\/\\\/exaudi.org\\\/it\\\/in-libano-un-rinnovato-centro-medico-dellordine-di-malta\\\/#breadcrumb\",\"itemListElement\":[{\"@type\":\"ListItem\",\"position\":1,\"name\":\"Portada\",\"item\":\"https:\\\/\\\/exaudi.org\\\/it\\\/\"},{\"@type\":\"ListItem\",\"position\":2,\"name\":\"In Libano un rinnovato centro medico dell\u2019Ordine di Malta\"}]},{\"@type\":\"WebSite\",\"@id\":\"https:\\\/\\\/exaudi.org\\\/#website\",\"url\":\"https:\\\/\\\/exaudi.org\\\/\",\"name\":\"Exaudi\",\"description\":\"News\",\"potentialAction\":[{\"@type\":\"SearchAction\",\"target\":{\"@type\":\"EntryPoint\",\"urlTemplate\":\"https:\\\/\\\/exaudi.org\\\/?s={search_term_string}\"},\"query-input\":{\"@type\":\"PropertyValueSpecification\",\"valueRequired\":true,\"valueName\":\"search_term_string\"}}],\"inLanguage\":\"it-IT\"},{\"@type\":\"Person\",\"@id\":\"https:\\\/\\\/exaudi.org\\\/#\\\/schema\\\/person\\\/e1ab6ed07c01774724dd96f925f3a5f0\",\"name\":\"Exaudi Redazione\",\"image\":{\"@type\":\"ImageObject\",\"inLanguage\":\"it-IT\",\"@id\":\"https:\\\/\\\/secure.gravatar.com\\\/avatar\\\/ad6774b3ada023bf5b939d64f45c94b3adf91502dd883507d469b4308a943bb3?s=96&d=mm&r=g\",\"url\":\"https:\\\/\\\/secure.gravatar.com\\\/avatar\\\/ad6774b3ada023bf5b939d64f45c94b3adf91502dd883507d469b4308a943bb3?s=96&d=mm&r=g\",\"contentUrl\":\"https:\\\/\\\/secure.gravatar.com\\\/avatar\\\/ad6774b3ada023bf5b939d64f45c94b3adf91502dd883507d469b4308a943bb3?s=96&d=mm&r=g\",\"caption\":\"Exaudi Redazione\"},\"description\":\"Che cosa \u00e8 Exaudi News? Exaudi News \u00e8 un agenzia cattolica internazionale che informa, istruisce e trasforma quotidianamente in spagnolo, inglese e italiano. Attraverso notizie, articoli di analisi e trasmissioni in diretta degli eventi del Papa, Exaudi cerca di rafforzare l'unit\u00e0 dei cristiani e di contribuire all'evangelizzazione del mondo, sempre guidato dalla dottrina sociale della Chiesa. Lavoriamo per portare la verit\u00e0 e i valori cristiani in ogni angolo del pianeta. Aiutaci a trasformare il mondo con Exaudi! Noi di Exaudi crediamo che l'evangelizzazione e l'informazione di qualit\u00e0 possano cambiare la vita. Per continuare la nostra missione ed espandere la nostra portata, abbiamo bisogno del tuo aiuto. Stiamo anche cercando persone motivate che vogliano unirsi al nostro team. Grazie al vostro sostegno raggiungeremo pi\u00f9 persone, diffonderemo il messaggio di Cristo e rafforzeremo l'unit\u00e0 dei cristiani. Vuoi unirti alla nostra missione? Per maggiori informazioni su come contribuire, visita Exaudi.org\\\/it o contattaci direttamente: info@exaudi.org Exaudi: informa, forma e trasforma.\",\"sameAs\":[\"https:\\\/\\\/www.facebook.com\\\/ExaudiNotizie\\\/\",\"https:\\\/\\\/www.instagram.com\\\/Exaudi_notizie\\\/\",\"https:\\\/\\\/x.com\\\/Exaudi_Notizie\",\"https:\\\/\\\/www.youtube.com\\\/@exaudicatholicnews\"],\"url\":\"https:\\\/\\\/exaudi.org\\\/it\\\/author\\\/dlvedi-org\\\/\"}]}<\/script>\n<!-- \/ Yoast SEO plugin. -->","yoast_head_json":{"title":"In Libano un rinnovato centro medico dell\u2019Ordine di Malta &#8211; Exaudi","description":"In Libano un rinnovato centro medico dell\u2019Ordine di Malta: ampliato e potenziato per offrire assistenza alla popolazione stremata dalla crisi","robots":{"index":"index","follow":"follow","max-snippet":"max-snippet:-1","max-image-preview":"max-image-preview:large","max-video-preview":"max-video-preview:-1"},"canonical":"https:\/\/exaudi.org\/it\/in-libano-un-rinnovato-centro-medico-dellordine-di-malta\/","og_locale":"it_IT","og_type":"article","og_title":"In Libano un rinnovato centro medico dell\u2019Ordine di Malta &#8211; Exaudi","og_description":"In Libano un rinnovato centro medico dell\u2019Ordine di Malta: ampliato e potenziato per offrire assistenza alla popolazione stremata dalla crisi","og_url":"https:\/\/exaudi.org\/it\/in-libano-un-rinnovato-centro-medico-dellordine-di-malta\/","og_site_name":"Exaudi","article_publisher":"https:\/\/www.facebook.com\/ExaudiNews","article_author":"https:\/\/www.facebook.com\/ExaudiNotizie\/","article_published_time":"2022-04-04T16:09:53+00:00","article_modified_time":"2022-04-04T16:13:02+00:00","og_image":[{"width":2560,"height":1920,"url":"https:\/\/exaudi.org\/wp-content\/uploads\/2022\/04\/Libano-scaled.jpg","type":"image\/jpeg"}],"author":"Exaudi Redazione","twitter_card":"summary_large_image","twitter_creator":"@Exaudi_Notizie","twitter_site":"@Exaudi_News","twitter_misc":{"Scritto da":"Exaudi Redazione","Tempo di lettura stimato":"4 minuti"},"schema":{"@context":"https:\/\/schema.org","@graph":[{"@type":"Article","@id":"https:\/\/exaudi.org\/it\/in-libano-un-rinnovato-centro-medico-dellordine-di-malta\/#article","isPartOf":{"@id":"https:\/\/exaudi.org\/it\/in-libano-un-rinnovato-centro-medico-dellordine-di-malta\/"},"author":{"name":"Exaudi Redazione","@id":"https:\/\/exaudi.org\/#\/schema\/person\/e1ab6ed07c01774724dd96f925f3a5f0"},"headline":"In Libano un rinnovato centro medico dell\u2019Ordine di Malta","datePublished":"2022-04-04T16:09:53+00:00","dateModified":"2022-04-04T16:13:02+00:00","mainEntityOfPage":{"@id":"https:\/\/exaudi.org\/it\/in-libano-un-rinnovato-centro-medico-dellordine-di-malta\/"},"wordCount":636,"image":{"@id":"https:\/\/exaudi.org\/it\/in-libano-un-rinnovato-centro-medico-dellordine-di-malta\/#primaryimage"},"thumbnailUrl":"https:\/\/exaudi.org\/wp-content\/uploads\/2022\/04\/Libano-scaled.jpg","keywords":["crisi","L\u00edbano","ordine di Malta"],"articleSection":["Chiesa e Mondo"],"inLanguage":"it-IT"},{"@type":"WebPage","@id":"https:\/\/exaudi.org\/it\/in-libano-un-rinnovato-centro-medico-dellordine-di-malta\/","url":"https:\/\/exaudi.org\/it\/in-libano-un-rinnovato-centro-medico-dellordine-di-malta\/","name":"In Libano un rinnovato centro medico dell\u2019Ordine di Malta &#8211; Exaudi","isPartOf":{"@id":"https:\/\/exaudi.org\/#website"},"primaryImageOfPage":{"@id":"https:\/\/exaudi.org\/it\/in-libano-un-rinnovato-centro-medico-dellordine-di-malta\/#primaryimage"},"image":{"@id":"https:\/\/exaudi.org\/it\/in-libano-un-rinnovato-centro-medico-dellordine-di-malta\/#primaryimage"},"thumbnailUrl":"https:\/\/exaudi.org\/wp-content\/uploads\/2022\/04\/Libano-scaled.jpg","datePublished":"2022-04-04T16:09:53+00:00","dateModified":"2022-04-04T16:13:02+00:00","author":{"@id":"https:\/\/exaudi.org\/#\/schema\/person\/e1ab6ed07c01774724dd96f925f3a5f0"},"description":"In Libano un rinnovato centro medico dell\u2019Ordine di Malta: ampliato e potenziato per offrire assistenza alla popolazione stremata dalla crisi","breadcrumb":{"@id":"https:\/\/exaudi.org\/it\/in-libano-un-rinnovato-centro-medico-dellordine-di-malta\/#breadcrumb"},"inLanguage":"it-IT","potentialAction":[{"@type":"ReadAction","target":["https:\/\/exaudi.org\/it\/in-libano-un-rinnovato-centro-medico-dellordine-di-malta\/"]}]},{"@type":"ImageObject","inLanguage":"it-IT","@id":"https:\/\/exaudi.org\/it\/in-libano-un-rinnovato-centro-medico-dellordine-di-malta\/#primaryimage","url":"https:\/\/exaudi.org\/wp-content\/uploads\/2022\/04\/Libano-scaled.jpg","contentUrl":"https:\/\/exaudi.org\/wp-content\/uploads\/2022\/04\/Libano-scaled.jpg","width":2560,"height":1920,"caption":"Alcuni operatori del centro dell'Ordine di Malta"},{"@type":"BreadcrumbList","@id":"https:\/\/exaudi.org\/it\/in-libano-un-rinnovato-centro-medico-dellordine-di-malta\/#breadcrumb","itemListElement":[{"@type":"ListItem","position":1,"name":"Portada","item":"https:\/\/exaudi.org\/it\/"},{"@type":"ListItem","position":2,"name":"In Libano un rinnovato centro medico dell\u2019Ordine di Malta"}]},{"@type":"WebSite","@id":"https:\/\/exaudi.org\/#website","url":"https:\/\/exaudi.org\/","name":"Exaudi","description":"News","potentialAction":[{"@type":"SearchAction","target":{"@type":"EntryPoint","urlTemplate":"https:\/\/exaudi.org\/?s={search_term_string}"},"query-input":{"@type":"PropertyValueSpecification","valueRequired":true,"valueName":"search_term_string"}}],"inLanguage":"it-IT"},{"@type":"Person","@id":"https:\/\/exaudi.org\/#\/schema\/person\/e1ab6ed07c01774724dd96f925f3a5f0","name":"Exaudi Redazione","image":{"@type":"ImageObject","inLanguage":"it-IT","@id":"https:\/\/secure.gravatar.com\/avatar\/ad6774b3ada023bf5b939d64f45c94b3adf91502dd883507d469b4308a943bb3?s=96&d=mm&r=g","url":"https:\/\/secure.gravatar.com\/avatar\/ad6774b3ada023bf5b939d64f45c94b3adf91502dd883507d469b4308a943bb3?s=96&d=mm&r=g","contentUrl":"https:\/\/secure.gravatar.com\/avatar\/ad6774b3ada023bf5b939d64f45c94b3adf91502dd883507d469b4308a943bb3?s=96&d=mm&r=g","caption":"Exaudi Redazione"},"description":"Che cosa \u00e8 Exaudi News? Exaudi News \u00e8 un agenzia cattolica internazionale che informa, istruisce e trasforma quotidianamente in spagnolo, inglese e italiano. Attraverso notizie, articoli di analisi e trasmissioni in diretta degli eventi del Papa, Exaudi cerca di rafforzare l'unit\u00e0 dei cristiani e di contribuire all'evangelizzazione del mondo, sempre guidato dalla dottrina sociale della Chiesa. Lavoriamo per portare la verit\u00e0 e i valori cristiani in ogni angolo del pianeta. Aiutaci a trasformare il mondo con Exaudi! Noi di Exaudi crediamo che l'evangelizzazione e l'informazione di qualit\u00e0 possano cambiare la vita. Per continuare la nostra missione ed espandere la nostra portata, abbiamo bisogno del tuo aiuto. Stiamo anche cercando persone motivate che vogliano unirsi al nostro team. Grazie al vostro sostegno raggiungeremo pi\u00f9 persone, diffonderemo il messaggio di Cristo e rafforzeremo l'unit\u00e0 dei cristiani. Vuoi unirti alla nostra missione? Per maggiori informazioni su come contribuire, visita Exaudi.org\/it o contattaci direttamente: info@exaudi.org Exaudi: informa, forma e trasforma.","sameAs":["https:\/\/www.facebook.com\/ExaudiNotizie\/","https:\/\/www.instagram.com\/Exaudi_notizie\/","https:\/\/x.com\/Exaudi_Notizie","https:\/\/www.youtube.com\/@exaudicatholicnews"],"url":"https:\/\/exaudi.org\/it\/author\/dlvedi-org\/"}]}},"jetpack_featured_media_url":"https:\/\/exaudi.org\/wp-content\/uploads\/2022\/04\/Libano-scaled.jpg","jetpack_shortlink":"https:\/\/wp.me\/pgKjF2-eye","_links":{"self":[{"href":"https:\/\/exaudi.org\/it\/wp-json\/wp\/v2\/posts\/55938","targetHints":{"allow":["GET"]}}],"collection":[{"href":"https:\/\/exaudi.org\/it\/wp-json\/wp\/v2\/posts"}],"about":[{"href":"https:\/\/exaudi.org\/it\/wp-json\/wp\/v2\/types\/post"}],"author":[{"embeddable":true,"href":"https:\/\/exaudi.org\/it\/wp-json\/wp\/v2\/users\/17"}],"replies":[{"embeddable":true,"href":"https:\/\/exaudi.org\/it\/wp-json\/wp\/v2\/comments?post=55938"}],"version-history":[{"count":0,"href":"https:\/\/exaudi.org\/it\/wp-json\/wp\/v2\/posts\/55938\/revisions"}],"wp:featuredmedia":[{"embeddable":true,"href":"https:\/\/exaudi.org\/it\/wp-json\/wp\/v2\/media\/55939"}],"wp:attachment":[{"href":"https:\/\/exaudi.org\/it\/wp-json\/wp\/v2\/media?parent=55938"}],"wp:term":[{"taxonomy":"category","embeddable":true,"href":"https:\/\/exaudi.org\/it\/wp-json\/wp\/v2\/categories?post=55938"},{"taxonomy":"post_tag","embeddable":true,"href":"https:\/\/exaudi.org\/it\/wp-json\/wp\/v2\/tags?post=55938"}],"curies":[{"name":"wp","href":"https:\/\/api.w.org\/{rel}","templated":true}]}}