{"id":55687,"date":"2022-04-02T19:31:11","date_gmt":"2022-04-02T17:31:11","guid":{"rendered":"https:\/\/exaudi.org\/?p=55687"},"modified":"2022-04-02T19:33:08","modified_gmt":"2022-04-02T17:33:08","slug":"un-viaggio-a-kiev-e-sul-tavolo","status":"publish","type":"post","link":"https:\/\/exaudi.org\/it\/un-viaggio-a-kiev-e-sul-tavolo\/","title":{"rendered":"&#8220;Un viaggio a Kiev? \u00c8 sul tavolo&#8221;"},"content":{"rendered":"<p>Nel volo che lo portava a Malta, Papa Francesco ha commentato la possibilit\u00e0 di un viaggio nella capitale ucraina Kiev. \u00c8 &#8220;sul tavolo&#8221;, ha risposto il Santo Padre alla domanda dei giornalisti a bordo del volo papale da Roma a Malta.<\/p>\n<p>Francesco ha iniziato la sua prima giornata sull&#8217;isola di Malta, arrivando questa mattina sull&#8217;aereo pontificio ITA Airways su cui ha viaggiato insieme a diversi membri della Curia e 74 giornalisti. Il volo \u00e8 partito dall&#8217;aeroporto di Fiumicino. Questo viaggio apostolico a Malta \u00e8 la 36^ visita del Papa all&#8217;estero ed \u00e8 il suo primo viaggio del 2022, una visita posticipata due volte a causa della pandemia di coronavirus.<\/p>\n<h2>Gli inviti di Zelensky<\/h2>\n<p>Il Presidente dell&#8217;Ucraina Zelensky ha parlato pi\u00f9 volte al telefono con il Successore di Pietro, incoraggiandolo a visitare la nazione dilaniata dalla guerra e ad essere una forza di mediazione tra Kiev e Mosca. L&#8217;arcivescovo maggiore Sviatoslav Shevchuk, capo della Chiesa greco-cattolica ucraina, ha invitato in passato papa Francesco in Ucraina. Ripetutamente, sia all&#8217;<a href=\"https:\/\/exaudi.org\/it\/la-guerra-e-un-atto-barbaro-e-sacrilego-fermatevi\/\">Angelus<\/a> domenicale che le <a href=\"https:\/\/exaudi.org\/it\/si-fermi-questa-crudelta-selvaggia-che-e-la-guerra\/\">udienze generali<\/a> del mercoled\u00ec, Francesco ha chiesto la fine dei bombardamenti e delle violenze che stanno allontanando milioni di ucraini dalle loro case e mietendo decine di vite ogni giorno.<\/p>\n<h2>Il saluto dei profughi<\/h2>\n<p>Prima di lasciare Casa Santa Marta per l&#8217;aeroporto, il Pontefice ha salutato alcune famiglie di profughi dall&#8217;Ucraina ospitate dalla Comunit\u00e0 di Sant&#8217;Egidio, insieme all&#8217;Elemosiniere, il Cardinale Konrad Krajewski.<\/p>\n<p>Tra i presenti ad augurare a Francesco un viaggio sicuro e fruttuoso c&#8217;era una giovane mamma con due bambine, di 5 e 7 anni, arrivata in Italia da Leopoli circa 20 giorni fa. Dopo il loro arrivo a Roma, una delle bambine \u00e8 stata operata al cuore e ora \u00e8 sotto controllo medico.<\/p>\n<p>C&#8217;erano anche altre due mamme con i loro 4 figli, di et\u00e0 compresa tra i 10 ei 17 anni, alloggiati in un appartamento offerto da una donna italiana. Anche loro sono profughi, fuggiti dalla citt\u00e0 di Ternopil poco pi\u00f9 di 20 giorni fa.<\/p>\n<h2>In fuga da Kiev<\/h2>\n<p>La terza famiglia presente per salutare il Pontefice \u00e8 arrivata a Roma tre giorni fa, passando per la Polonia. La madre, il padre e i tre figli sono fuggiti da Kiev insieme all&#8217;anziana nonna. Anche loro hanno trovato accoglienza in una casa offerta da una donna italiana per l&#8217;accoglienza dei profughi.<\/p>\n<p>&nbsp;<\/p>\n","protected":false},"excerpt":{"rendered":"<p>Il Papa ha risposto cos\u00ec a una domanda dei giornalisti sul volo che lo portava a Malta<\/p>\n","protected":false},"author":17,"featured_media":55731,"comment_status":"closed","ping_status":"closed","sticky":false,"template":"","format":"standard","meta":{"_acf_changed":false,"_crdt_document":"","inline_featured_image":false,"footnotes":""},"categories":[67],"tags":[785,6126,5846,251,4952,1773],"class_list":["post-55687","post","type-post","status-publish","format-standard","has-post-thumbnail","hentry","category-leone-xiv","tag-guerra","tag-kiev-it","tag-malta-it","tag-papa-francesco","tag-trending-it","tag-ucraina"],"acf":[],"yoast_head":"<!-- This site is optimized with the Yoast SEO plugin v27.5 - https:\/\/yoast.com\/product\/yoast-seo-wordpress\/ -->\n<title>&quot;Un viaggio a Kiev? \u00c8 sul tavolo&quot; &#8211; Exaudi<\/title>\n<meta name=\"description\" content=\"&quot;Un viaggio a Kiev? \u00c8 sul tavolo&quot;. Cos\u00ec il Papa ha risposto a una domanda dei giornalisti sul volo che lo portava a Malta\" \/>\n<meta name=\"robots\" content=\"index, follow, max-snippet:-1, max-image-preview:large, max-video-preview:-1\" \/>\n<link rel=\"canonical\" href=\"https:\/\/exaudi.org\/it\/un-viaggio-a-kiev-e-sul-tavolo\/\" \/>\n<meta property=\"og:locale\" content=\"it_IT\" \/>\n<meta property=\"og:type\" content=\"article\" \/>\n<meta property=\"og:title\" content=\"&quot;Un viaggio a Kiev? \u00c8 sul tavolo&quot; &#8211; Exaudi\" \/>\n<meta property=\"og:description\" content=\"&quot;Un viaggio a Kiev? \u00c8 sul tavolo&quot;. Cos\u00ec il Papa ha risposto a una domanda dei giornalisti sul volo che lo portava a Malta\" \/>\n<meta property=\"og:url\" content=\"https:\/\/exaudi.org\/it\/un-viaggio-a-kiev-e-sul-tavolo\/\" \/>\n<meta property=\"og:site_name\" content=\"Exaudi\" \/>\n<meta property=\"article:publisher\" content=\"https:\/\/www.facebook.com\/ExaudiNews\" \/>\n<meta property=\"article:author\" content=\"https:\/\/www.facebook.com\/ExaudiNotizie\/\" \/>\n<meta property=\"article:published_time\" content=\"2022-04-02T17:31:11+00:00\" \/>\n<meta property=\"article:modified_time\" content=\"2022-04-02T17:33:08+00:00\" \/>\n<meta property=\"og:image\" content=\"https:\/\/exaudi.org\/wp-content\/uploads\/2022\/04\/Volo-Malta-scaled.jpg\" \/>\n\t<meta property=\"og:image:width\" content=\"2560\" \/>\n\t<meta property=\"og:image:height\" content=\"1707\" \/>\n\t<meta property=\"og:image:type\" content=\"image\/jpeg\" \/>\n<meta name=\"author\" content=\"Exaudi Redazione\" \/>\n<meta name=\"twitter:card\" content=\"summary_large_image\" \/>\n<meta name=\"twitter:creator\" content=\"@Exaudi_Notizie\" \/>\n<meta name=\"twitter:site\" content=\"@Exaudi_News\" \/>\n<meta name=\"twitter:label1\" content=\"Scritto da\" \/>\n\t<meta name=\"twitter:data1\" content=\"Exaudi Redazione\" \/>\n\t<meta name=\"twitter:label2\" content=\"Tempo di lettura stimato\" \/>\n\t<meta name=\"twitter:data2\" content=\"3 minuti\" \/>\n<script type=\"application\/ld+json\" class=\"yoast-schema-graph\">{\"@context\":\"https:\\\/\\\/schema.org\",\"@graph\":[{\"@type\":\"Article\",\"@id\":\"https:\\\/\\\/exaudi.org\\\/it\\\/un-viaggio-a-kiev-e-sul-tavolo\\\/#article\",\"isPartOf\":{\"@id\":\"https:\\\/\\\/exaudi.org\\\/it\\\/un-viaggio-a-kiev-e-sul-tavolo\\\/\"},\"author\":{\"name\":\"Exaudi Redazione\",\"@id\":\"https:\\\/\\\/exaudi.org\\\/#\\\/schema\\\/person\\\/e1ab6ed07c01774724dd96f925f3a5f0\"},\"headline\":\"&#8220;Un viaggio a Kiev? \u00c8 sul tavolo&#8221;\",\"datePublished\":\"2022-04-02T17:31:11+00:00\",\"dateModified\":\"2022-04-02T17:33:08+00:00\",\"mainEntityOfPage\":{\"@id\":\"https:\\\/\\\/exaudi.org\\\/it\\\/un-viaggio-a-kiev-e-sul-tavolo\\\/\"},\"wordCount\":388,\"image\":{\"@id\":\"https:\\\/\\\/exaudi.org\\\/it\\\/un-viaggio-a-kiev-e-sul-tavolo\\\/#primaryimage\"},\"thumbnailUrl\":\"https:\\\/\\\/exaudi.org\\\/wp-content\\\/uploads\\\/2022\\\/04\\\/Volo-Malta-scaled.jpg\",\"keywords\":[\"guerra\",\"kiev\",\"Malta\",\"Papa Francesco\",\"Trending\",\"Ucraina\"],\"articleSection\":[\"Leone XIV\"],\"inLanguage\":\"it-IT\"},{\"@type\":\"WebPage\",\"@id\":\"https:\\\/\\\/exaudi.org\\\/it\\\/un-viaggio-a-kiev-e-sul-tavolo\\\/\",\"url\":\"https:\\\/\\\/exaudi.org\\\/it\\\/un-viaggio-a-kiev-e-sul-tavolo\\\/\",\"name\":\"\\\"Un viaggio a Kiev? \u00c8 sul tavolo\\\" &#8211; Exaudi\",\"isPartOf\":{\"@id\":\"https:\\\/\\\/exaudi.org\\\/#website\"},\"primaryImageOfPage\":{\"@id\":\"https:\\\/\\\/exaudi.org\\\/it\\\/un-viaggio-a-kiev-e-sul-tavolo\\\/#primaryimage\"},\"image\":{\"@id\":\"https:\\\/\\\/exaudi.org\\\/it\\\/un-viaggio-a-kiev-e-sul-tavolo\\\/#primaryimage\"},\"thumbnailUrl\":\"https:\\\/\\\/exaudi.org\\\/wp-content\\\/uploads\\\/2022\\\/04\\\/Volo-Malta-scaled.jpg\",\"datePublished\":\"2022-04-02T17:31:11+00:00\",\"dateModified\":\"2022-04-02T17:33:08+00:00\",\"author\":{\"@id\":\"https:\\\/\\\/exaudi.org\\\/#\\\/schema\\\/person\\\/e1ab6ed07c01774724dd96f925f3a5f0\"},\"description\":\"\\\"Un viaggio a Kiev? \u00c8 sul tavolo\\\". Cos\u00ec il Papa ha risposto a una domanda dei giornalisti sul volo che lo portava a Malta\",\"breadcrumb\":{\"@id\":\"https:\\\/\\\/exaudi.org\\\/it\\\/un-viaggio-a-kiev-e-sul-tavolo\\\/#breadcrumb\"},\"inLanguage\":\"it-IT\",\"potentialAction\":[{\"@type\":\"ReadAction\",\"target\":[\"https:\\\/\\\/exaudi.org\\\/it\\\/un-viaggio-a-kiev-e-sul-tavolo\\\/\"]}]},{\"@type\":\"ImageObject\",\"inLanguage\":\"it-IT\",\"@id\":\"https:\\\/\\\/exaudi.org\\\/it\\\/un-viaggio-a-kiev-e-sul-tavolo\\\/#primaryimage\",\"url\":\"https:\\\/\\\/exaudi.org\\\/wp-content\\\/uploads\\\/2022\\\/04\\\/Volo-Malta-scaled.jpg\",\"contentUrl\":\"https:\\\/\\\/exaudi.org\\\/wp-content\\\/uploads\\\/2022\\\/04\\\/Volo-Malta-scaled.jpg\",\"width\":2560,\"height\":1707,\"caption\":\"Il Papa sul volo verso Malta con il direttore della Sala Stampa Matteo Bruni (C) Vatican Media\"},{\"@type\":\"BreadcrumbList\",\"@id\":\"https:\\\/\\\/exaudi.org\\\/it\\\/un-viaggio-a-kiev-e-sul-tavolo\\\/#breadcrumb\",\"itemListElement\":[{\"@type\":\"ListItem\",\"position\":1,\"name\":\"Portada\",\"item\":\"https:\\\/\\\/exaudi.org\\\/it\\\/\"},{\"@type\":\"ListItem\",\"position\":2,\"name\":\"&#8220;Un viaggio a Kiev? \u00c8 sul tavolo&#8221;\"}]},{\"@type\":\"WebSite\",\"@id\":\"https:\\\/\\\/exaudi.org\\\/#website\",\"url\":\"https:\\\/\\\/exaudi.org\\\/\",\"name\":\"Exaudi\",\"description\":\"News\",\"potentialAction\":[{\"@type\":\"SearchAction\",\"target\":{\"@type\":\"EntryPoint\",\"urlTemplate\":\"https:\\\/\\\/exaudi.org\\\/?s={search_term_string}\"},\"query-input\":{\"@type\":\"PropertyValueSpecification\",\"valueRequired\":true,\"valueName\":\"search_term_string\"}}],\"inLanguage\":\"it-IT\"},{\"@type\":\"Person\",\"@id\":\"https:\\\/\\\/exaudi.org\\\/#\\\/schema\\\/person\\\/e1ab6ed07c01774724dd96f925f3a5f0\",\"name\":\"Exaudi Redazione\",\"image\":{\"@type\":\"ImageObject\",\"inLanguage\":\"it-IT\",\"@id\":\"https:\\\/\\\/secure.gravatar.com\\\/avatar\\\/ad6774b3ada023bf5b939d64f45c94b3adf91502dd883507d469b4308a943bb3?s=96&d=mm&r=g\",\"url\":\"https:\\\/\\\/secure.gravatar.com\\\/avatar\\\/ad6774b3ada023bf5b939d64f45c94b3adf91502dd883507d469b4308a943bb3?s=96&d=mm&r=g\",\"contentUrl\":\"https:\\\/\\\/secure.gravatar.com\\\/avatar\\\/ad6774b3ada023bf5b939d64f45c94b3adf91502dd883507d469b4308a943bb3?s=96&d=mm&r=g\",\"caption\":\"Exaudi Redazione\"},\"description\":\"Che cosa \u00e8 Exaudi News? Exaudi News \u00e8 un agenzia cattolica internazionale che informa, istruisce e trasforma quotidianamente in spagnolo, inglese e italiano. Attraverso notizie, articoli di analisi e trasmissioni in diretta degli eventi del Papa, Exaudi cerca di rafforzare l'unit\u00e0 dei cristiani e di contribuire all'evangelizzazione del mondo, sempre guidato dalla dottrina sociale della Chiesa. Lavoriamo per portare la verit\u00e0 e i valori cristiani in ogni angolo del pianeta. Aiutaci a trasformare il mondo con Exaudi! Noi di Exaudi crediamo che l'evangelizzazione e l'informazione di qualit\u00e0 possano cambiare la vita. Per continuare la nostra missione ed espandere la nostra portata, abbiamo bisogno del tuo aiuto. Stiamo anche cercando persone motivate che vogliano unirsi al nostro team. Grazie al vostro sostegno raggiungeremo pi\u00f9 persone, diffonderemo il messaggio di Cristo e rafforzeremo l'unit\u00e0 dei cristiani. Vuoi unirti alla nostra missione? Per maggiori informazioni su come contribuire, visita Exaudi.org\\\/it o contattaci direttamente: info@exaudi.org Exaudi: informa, forma e trasforma.\",\"sameAs\":[\"https:\\\/\\\/www.facebook.com\\\/ExaudiNotizie\\\/\",\"https:\\\/\\\/www.instagram.com\\\/Exaudi_notizie\\\/\",\"https:\\\/\\\/x.com\\\/Exaudi_Notizie\",\"https:\\\/\\\/www.youtube.com\\\/@exaudicatholicnews\"],\"url\":\"https:\\\/\\\/exaudi.org\\\/it\\\/author\\\/dlvedi-org\\\/\"}]}<\/script>\n<!-- \/ Yoast SEO plugin. -->","yoast_head_json":{"title":"\"Un viaggio a Kiev? \u00c8 sul tavolo\" &#8211; Exaudi","description":"\"Un viaggio a Kiev? \u00c8 sul tavolo\". Cos\u00ec il Papa ha risposto a una domanda dei giornalisti sul volo che lo portava a Malta","robots":{"index":"index","follow":"follow","max-snippet":"max-snippet:-1","max-image-preview":"max-image-preview:large","max-video-preview":"max-video-preview:-1"},"canonical":"https:\/\/exaudi.org\/it\/un-viaggio-a-kiev-e-sul-tavolo\/","og_locale":"it_IT","og_type":"article","og_title":"\"Un viaggio a Kiev? \u00c8 sul tavolo\" &#8211; Exaudi","og_description":"\"Un viaggio a Kiev? \u00c8 sul tavolo\". Cos\u00ec il Papa ha risposto a una domanda dei giornalisti sul volo che lo portava a Malta","og_url":"https:\/\/exaudi.org\/it\/un-viaggio-a-kiev-e-sul-tavolo\/","og_site_name":"Exaudi","article_publisher":"https:\/\/www.facebook.com\/ExaudiNews","article_author":"https:\/\/www.facebook.com\/ExaudiNotizie\/","article_published_time":"2022-04-02T17:31:11+00:00","article_modified_time":"2022-04-02T17:33:08+00:00","og_image":[{"width":2560,"height":1707,"url":"https:\/\/exaudi.org\/wp-content\/uploads\/2022\/04\/Volo-Malta-scaled.jpg","type":"image\/jpeg"}],"author":"Exaudi Redazione","twitter_card":"summary_large_image","twitter_creator":"@Exaudi_Notizie","twitter_site":"@Exaudi_News","twitter_misc":{"Scritto da":"Exaudi Redazione","Tempo di lettura stimato":"3 minuti"},"schema":{"@context":"https:\/\/schema.org","@graph":[{"@type":"Article","@id":"https:\/\/exaudi.org\/it\/un-viaggio-a-kiev-e-sul-tavolo\/#article","isPartOf":{"@id":"https:\/\/exaudi.org\/it\/un-viaggio-a-kiev-e-sul-tavolo\/"},"author":{"name":"Exaudi Redazione","@id":"https:\/\/exaudi.org\/#\/schema\/person\/e1ab6ed07c01774724dd96f925f3a5f0"},"headline":"&#8220;Un viaggio a Kiev? \u00c8 sul tavolo&#8221;","datePublished":"2022-04-02T17:31:11+00:00","dateModified":"2022-04-02T17:33:08+00:00","mainEntityOfPage":{"@id":"https:\/\/exaudi.org\/it\/un-viaggio-a-kiev-e-sul-tavolo\/"},"wordCount":388,"image":{"@id":"https:\/\/exaudi.org\/it\/un-viaggio-a-kiev-e-sul-tavolo\/#primaryimage"},"thumbnailUrl":"https:\/\/exaudi.org\/wp-content\/uploads\/2022\/04\/Volo-Malta-scaled.jpg","keywords":["guerra","kiev","Malta","Papa Francesco","Trending","Ucraina"],"articleSection":["Leone XIV"],"inLanguage":"it-IT"},{"@type":"WebPage","@id":"https:\/\/exaudi.org\/it\/un-viaggio-a-kiev-e-sul-tavolo\/","url":"https:\/\/exaudi.org\/it\/un-viaggio-a-kiev-e-sul-tavolo\/","name":"\"Un viaggio a Kiev? \u00c8 sul tavolo\" &#8211; Exaudi","isPartOf":{"@id":"https:\/\/exaudi.org\/#website"},"primaryImageOfPage":{"@id":"https:\/\/exaudi.org\/it\/un-viaggio-a-kiev-e-sul-tavolo\/#primaryimage"},"image":{"@id":"https:\/\/exaudi.org\/it\/un-viaggio-a-kiev-e-sul-tavolo\/#primaryimage"},"thumbnailUrl":"https:\/\/exaudi.org\/wp-content\/uploads\/2022\/04\/Volo-Malta-scaled.jpg","datePublished":"2022-04-02T17:31:11+00:00","dateModified":"2022-04-02T17:33:08+00:00","author":{"@id":"https:\/\/exaudi.org\/#\/schema\/person\/e1ab6ed07c01774724dd96f925f3a5f0"},"description":"\"Un viaggio a Kiev? \u00c8 sul tavolo\". Cos\u00ec il Papa ha risposto a una domanda dei giornalisti sul volo che lo portava a Malta","breadcrumb":{"@id":"https:\/\/exaudi.org\/it\/un-viaggio-a-kiev-e-sul-tavolo\/#breadcrumb"},"inLanguage":"it-IT","potentialAction":[{"@type":"ReadAction","target":["https:\/\/exaudi.org\/it\/un-viaggio-a-kiev-e-sul-tavolo\/"]}]},{"@type":"ImageObject","inLanguage":"it-IT","@id":"https:\/\/exaudi.org\/it\/un-viaggio-a-kiev-e-sul-tavolo\/#primaryimage","url":"https:\/\/exaudi.org\/wp-content\/uploads\/2022\/04\/Volo-Malta-scaled.jpg","contentUrl":"https:\/\/exaudi.org\/wp-content\/uploads\/2022\/04\/Volo-Malta-scaled.jpg","width":2560,"height":1707,"caption":"Il Papa sul volo verso Malta con il direttore della Sala Stampa Matteo Bruni (C) Vatican Media"},{"@type":"BreadcrumbList","@id":"https:\/\/exaudi.org\/it\/un-viaggio-a-kiev-e-sul-tavolo\/#breadcrumb","itemListElement":[{"@type":"ListItem","position":1,"name":"Portada","item":"https:\/\/exaudi.org\/it\/"},{"@type":"ListItem","position":2,"name":"&#8220;Un viaggio a Kiev? \u00c8 sul tavolo&#8221;"}]},{"@type":"WebSite","@id":"https:\/\/exaudi.org\/#website","url":"https:\/\/exaudi.org\/","name":"Exaudi","description":"News","potentialAction":[{"@type":"SearchAction","target":{"@type":"EntryPoint","urlTemplate":"https:\/\/exaudi.org\/?s={search_term_string}"},"query-input":{"@type":"PropertyValueSpecification","valueRequired":true,"valueName":"search_term_string"}}],"inLanguage":"it-IT"},{"@type":"Person","@id":"https:\/\/exaudi.org\/#\/schema\/person\/e1ab6ed07c01774724dd96f925f3a5f0","name":"Exaudi Redazione","image":{"@type":"ImageObject","inLanguage":"it-IT","@id":"https:\/\/secure.gravatar.com\/avatar\/ad6774b3ada023bf5b939d64f45c94b3adf91502dd883507d469b4308a943bb3?s=96&d=mm&r=g","url":"https:\/\/secure.gravatar.com\/avatar\/ad6774b3ada023bf5b939d64f45c94b3adf91502dd883507d469b4308a943bb3?s=96&d=mm&r=g","contentUrl":"https:\/\/secure.gravatar.com\/avatar\/ad6774b3ada023bf5b939d64f45c94b3adf91502dd883507d469b4308a943bb3?s=96&d=mm&r=g","caption":"Exaudi Redazione"},"description":"Che cosa \u00e8 Exaudi News? Exaudi News \u00e8 un agenzia cattolica internazionale che informa, istruisce e trasforma quotidianamente in spagnolo, inglese e italiano. Attraverso notizie, articoli di analisi e trasmissioni in diretta degli eventi del Papa, Exaudi cerca di rafforzare l'unit\u00e0 dei cristiani e di contribuire all'evangelizzazione del mondo, sempre guidato dalla dottrina sociale della Chiesa. Lavoriamo per portare la verit\u00e0 e i valori cristiani in ogni angolo del pianeta. Aiutaci a trasformare il mondo con Exaudi! Noi di Exaudi crediamo che l'evangelizzazione e l'informazione di qualit\u00e0 possano cambiare la vita. Per continuare la nostra missione ed espandere la nostra portata, abbiamo bisogno del tuo aiuto. Stiamo anche cercando persone motivate che vogliano unirsi al nostro team. Grazie al vostro sostegno raggiungeremo pi\u00f9 persone, diffonderemo il messaggio di Cristo e rafforzeremo l'unit\u00e0 dei cristiani. Vuoi unirti alla nostra missione? Per maggiori informazioni su come contribuire, visita Exaudi.org\/it o contattaci direttamente: info@exaudi.org Exaudi: informa, forma e trasforma.","sameAs":["https:\/\/www.facebook.com\/ExaudiNotizie\/","https:\/\/www.instagram.com\/Exaudi_notizie\/","https:\/\/x.com\/Exaudi_Notizie","https:\/\/www.youtube.com\/@exaudicatholicnews"],"url":"https:\/\/exaudi.org\/it\/author\/dlvedi-org\/"}]}},"jetpack_featured_media_url":"https:\/\/exaudi.org\/wp-content\/uploads\/2022\/04\/Volo-Malta-scaled.jpg","jetpack_shortlink":"https:\/\/wp.me\/pgKjF2-eub","_links":{"self":[{"href":"https:\/\/exaudi.org\/it\/wp-json\/wp\/v2\/posts\/55687","targetHints":{"allow":["GET"]}}],"collection":[{"href":"https:\/\/exaudi.org\/it\/wp-json\/wp\/v2\/posts"}],"about":[{"href":"https:\/\/exaudi.org\/it\/wp-json\/wp\/v2\/types\/post"}],"author":[{"embeddable":true,"href":"https:\/\/exaudi.org\/it\/wp-json\/wp\/v2\/users\/17"}],"replies":[{"embeddable":true,"href":"https:\/\/exaudi.org\/it\/wp-json\/wp\/v2\/comments?post=55687"}],"version-history":[{"count":0,"href":"https:\/\/exaudi.org\/it\/wp-json\/wp\/v2\/posts\/55687\/revisions"}],"wp:featuredmedia":[{"embeddable":true,"href":"https:\/\/exaudi.org\/it\/wp-json\/wp\/v2\/media\/55731"}],"wp:attachment":[{"href":"https:\/\/exaudi.org\/it\/wp-json\/wp\/v2\/media?parent=55687"}],"wp:term":[{"taxonomy":"category","embeddable":true,"href":"https:\/\/exaudi.org\/it\/wp-json\/wp\/v2\/categories?post=55687"},{"taxonomy":"post_tag","embeddable":true,"href":"https:\/\/exaudi.org\/it\/wp-json\/wp\/v2\/tags?post=55687"}],"curies":[{"name":"wp","href":"https:\/\/api.w.org\/{rel}","templated":true}]}}