{"id":55619,"date":"2022-04-01T18:25:36","date_gmt":"2022-04-01T16:25:36","guid":{"rendered":"https:\/\/exaudi.org\/?p=55619"},"modified":"2022-04-01T18:25:36","modified_gmt":"2022-04-01T16:25:36","slug":"dal-dossier-caritas-emergono-le-poverta-nascoste-di-roma","status":"publish","type":"post","link":"https:\/\/exaudi.org\/it\/dal-dossier-caritas-emergono-le-poverta-nascoste-di-roma\/","title":{"rendered":"Dal dossier Caritas emergono le povert\u00e0 &#8220;nascoste&#8221; di Roma"},"content":{"rendered":"<p>\u00abFalse ripartenze?\u00bb \u00e8 il titolo della quinta edizione del <a href=\"http:\/\/www.caritasroma.it\/2022\/04\/false-ripartenze\/\">Rapporto<\/a> \u201cPovert\u00e0 a Roma: un punto di vista\u201d realizzato dalla Caritas diocesana. Lo studio \u00e8 stato presentato questa mattina presso il Vicariato di Roma. Alla conferenza stampa hanno partecipato il cardinale vicario Angelo De Donatis, Giustino Trincia, direttore della Caritas e, in videoconferenza, il sindaco di Roma Roberto Gualtieri.<\/p>\n<h2>Il dossier<\/h2>\n<p>Il volume, 154 pagine ricche di infografiche e tabelle, documenta le numerose iniziative promosse dalle parrocchie di Roma negli ultimi due anni della pandemia. Dati sugli aiuti alimentari, alla distribuzione dei buoni spesa, alle mense sociali. Sono numerose le iniziative di prossimit\u00e0 promosse dalle comunit\u00e0. Un focus evidenzia le proposte della Caritas riguardo agli ambiti del lavoro, dell\u2019abitare e dell\u2019ecologia integrale.<\/p>\n<p>Nel Rapporto vi \u00e8 anche una sezione dedicata allo scenario economico-sociale della Capitale e un\u2019analisi sull\u2019efficacia delle misure messe in atto nell\u2019ambito del Piano Nazionale di Ripresa e Resilienza (Pnrr) che riguardano l\u2019esclusione sociale.<\/p>\n<h2>Far crescere la speranza<\/h2>\n<p>\u00abLa fotografia della citt\u00e0 che il Rapporto ci offre \u2013 ha detto Giustino Trincia \u2013 \u00e8 quello di una citt\u00e0 in bilico tra la tentazione di ripiegarsi sulle profonde ferite inferte dalla pandemia e volont\u00e0 di cogliere le notevoli opportunit\u00e0 offerte dal Pnrr, dal prossimo Giubileo del 2025 e dalla possibile assegnazione a Roma Capitale dell\u2019Expo 2030. Opportunit\u00e0 inedite per trasformare Roma e renderla una metropoli meno disuguale e dove sia pi\u00f9 facile e soprattutto pi\u00f9 umano, poter vivere con dignit\u00e0. La nostra convinzione \u00e8 che sia possibile coltivare e far crescere la speranza e con essa la fiducia di potercela fare. Una convinzione basata sulla straordinaria prova di solidariet\u00e0 a cui abbiamo assistito proprio nel periodo pi\u00f9 aspro della pandemia,\u00bb.<\/p>\n<h2>De Donatis: troppe povert\u00e0 &#8220;nascoste&#8221;<\/h2>\n<p>\u00abMi piace sottolineare la dicitura in particolare che caratterizza questa pubblicazione \u201cUn punto di vista\u201d\u00bb ha detto De Donatis. \u00abNon si tratta di opinioni che esprimono gli autori o di una presa di posizione della Caritas. Lo studio, come nelle precedenti edizioni, cerca di far emergere la povert\u00e0 da una prospettiva che va oltre le statistiche ufficiali, che pure ci sono nel testo, ma si concentra su quelli che non hanno voce.<\/p>\n<p>Scopriamo allora che nella nostra citt\u00e0 esistono migliaia di persone che vivono in solitudine o che non hanno mai avuto un reddito regolare. Oppure che non riescono ad accedere al servizio sanitario pur avendone diritto, che erano gi\u00e0 in grande difficolt\u00e0 prima dell\u2019arrivo della pandemia e ora si trovano completamente esclusi dal sistema di aiuti. Scopriamo che esistono migliaia di nostri concittadini che non riuscivano ad arrivare alla fine del mese e soprattutto non riuscivano a pagare le bollette di luce, acqua e gas ben prima che i rincari delle materie prime facessero impennare i costi. E scopriamo anche che in tanti, molti bambini purtroppo, non hanno elettricit\u00e0 e gas per scaldarsi perch\u00e9 vivono in alloggi di fortuna\u00bb.<\/p>\n","protected":false},"excerpt":{"rendered":"<p>Una citt\u00e0 segnata da troppe disuguaglianze ma dove si vedono segnali di speranza<\/p>\n","protected":false},"author":17,"featured_media":55620,"comment_status":"closed","ping_status":"closed","sticky":false,"template":"","format":"standard","meta":{"_acf_changed":false,"_crdt_document":"","inline_featured_image":false,"footnotes":""},"categories":[73],"tags":[353,1109,1044,4952],"class_list":["post-55619","post","type-post","status-publish","format-standard","has-post-thumbnail","hentry","category-chiesa-e-mondo","tag-caritas-it","tag-poverta","tag-roma","tag-trending-it"],"acf":[],"yoast_head":"<!-- This site is optimized with the Yoast SEO plugin v27.5 - https:\/\/yoast.com\/product\/yoast-seo-wordpress\/ -->\n<title>Dal dossier Caritas emergono le povert\u00e0 &quot;nascoste&quot; di Roma &#8211; Exaudi<\/title>\n<meta name=\"description\" content=\"Dal dossier Caritas emergono le povert\u00e0 &quot;nascoste&quot; di Roma: una citt\u00e0 segnata da troppe disuguaglianze ma dove si vedono segnali di speranza\" \/>\n<meta name=\"robots\" content=\"index, follow, max-snippet:-1, max-image-preview:large, max-video-preview:-1\" \/>\n<link rel=\"canonical\" href=\"https:\/\/exaudi.org\/it\/dal-dossier-caritas-emergono-le-poverta-nascoste-di-roma\/\" \/>\n<meta property=\"og:locale\" content=\"it_IT\" \/>\n<meta property=\"og:type\" content=\"article\" \/>\n<meta property=\"og:title\" content=\"Dal dossier Caritas emergono le povert\u00e0 &quot;nascoste&quot; di Roma &#8211; Exaudi\" \/>\n<meta property=\"og:description\" content=\"Dal dossier Caritas emergono le povert\u00e0 &quot;nascoste&quot; di Roma: una citt\u00e0 segnata da troppe disuguaglianze ma dove si vedono segnali di speranza\" \/>\n<meta property=\"og:url\" content=\"https:\/\/exaudi.org\/it\/dal-dossier-caritas-emergono-le-poverta-nascoste-di-roma\/\" \/>\n<meta property=\"og:site_name\" content=\"Exaudi\" \/>\n<meta property=\"article:publisher\" content=\"https:\/\/www.facebook.com\/ExaudiNews\" \/>\n<meta property=\"article:author\" content=\"https:\/\/www.facebook.com\/ExaudiNotizie\/\" \/>\n<meta property=\"article:published_time\" content=\"2022-04-01T16:25:36+00:00\" \/>\n<meta property=\"og:image\" content=\"https:\/\/exaudi.org\/wp-content\/uploads\/2022\/04\/poverta.jpeg\" \/>\n\t<meta property=\"og:image:width\" content=\"750\" \/>\n\t<meta property=\"og:image:height\" content=\"422\" \/>\n\t<meta property=\"og:image:type\" content=\"image\/jpeg\" \/>\n<meta name=\"author\" content=\"Exaudi Redazione\" \/>\n<meta name=\"twitter:card\" content=\"summary_large_image\" \/>\n<meta name=\"twitter:creator\" content=\"@Exaudi_Notizie\" \/>\n<meta name=\"twitter:site\" content=\"@Exaudi_News\" \/>\n<meta name=\"twitter:label1\" content=\"Scritto da\" \/>\n\t<meta name=\"twitter:data1\" content=\"Exaudi Redazione\" \/>\n\t<meta name=\"twitter:label2\" content=\"Tempo di lettura stimato\" \/>\n\t<meta name=\"twitter:data2\" content=\"3 minuti\" \/>\n<script type=\"application\/ld+json\" class=\"yoast-schema-graph\">{\"@context\":\"https:\\\/\\\/schema.org\",\"@graph\":[{\"@type\":\"Article\",\"@id\":\"https:\\\/\\\/exaudi.org\\\/it\\\/dal-dossier-caritas-emergono-le-poverta-nascoste-di-roma\\\/#article\",\"isPartOf\":{\"@id\":\"https:\\\/\\\/exaudi.org\\\/it\\\/dal-dossier-caritas-emergono-le-poverta-nascoste-di-roma\\\/\"},\"author\":{\"name\":\"Exaudi Redazione\",\"@id\":\"https:\\\/\\\/exaudi.org\\\/#\\\/schema\\\/person\\\/e1ab6ed07c01774724dd96f925f3a5f0\"},\"headline\":\"Dal dossier Caritas emergono le povert\u00e0 &#8220;nascoste&#8221; di Roma\",\"datePublished\":\"2022-04-01T16:25:36+00:00\",\"mainEntityOfPage\":{\"@id\":\"https:\\\/\\\/exaudi.org\\\/it\\\/dal-dossier-caritas-emergono-le-poverta-nascoste-di-roma\\\/\"},\"wordCount\":482,\"image\":{\"@id\":\"https:\\\/\\\/exaudi.org\\\/it\\\/dal-dossier-caritas-emergono-le-poverta-nascoste-di-roma\\\/#primaryimage\"},\"thumbnailUrl\":\"https:\\\/\\\/exaudi.org\\\/wp-content\\\/uploads\\\/2022\\\/04\\\/poverta.jpeg\",\"keywords\":[\"Caritas\",\"povert\u00e0\",\"Roma\",\"Trending\"],\"articleSection\":[\"Chiesa e Mondo\"],\"inLanguage\":\"it-IT\"},{\"@type\":\"WebPage\",\"@id\":\"https:\\\/\\\/exaudi.org\\\/it\\\/dal-dossier-caritas-emergono-le-poverta-nascoste-di-roma\\\/\",\"url\":\"https:\\\/\\\/exaudi.org\\\/it\\\/dal-dossier-caritas-emergono-le-poverta-nascoste-di-roma\\\/\",\"name\":\"Dal dossier Caritas emergono le povert\u00e0 \\\"nascoste\\\" di Roma &#8211; Exaudi\",\"isPartOf\":{\"@id\":\"https:\\\/\\\/exaudi.org\\\/#website\"},\"primaryImageOfPage\":{\"@id\":\"https:\\\/\\\/exaudi.org\\\/it\\\/dal-dossier-caritas-emergono-le-poverta-nascoste-di-roma\\\/#primaryimage\"},\"image\":{\"@id\":\"https:\\\/\\\/exaudi.org\\\/it\\\/dal-dossier-caritas-emergono-le-poverta-nascoste-di-roma\\\/#primaryimage\"},\"thumbnailUrl\":\"https:\\\/\\\/exaudi.org\\\/wp-content\\\/uploads\\\/2022\\\/04\\\/poverta.jpeg\",\"datePublished\":\"2022-04-01T16:25:36+00:00\",\"author\":{\"@id\":\"https:\\\/\\\/exaudi.org\\\/#\\\/schema\\\/person\\\/e1ab6ed07c01774724dd96f925f3a5f0\"},\"description\":\"Dal dossier Caritas emergono le povert\u00e0 \\\"nascoste\\\" di Roma: una citt\u00e0 segnata da troppe disuguaglianze ma dove si vedono segnali di speranza\",\"breadcrumb\":{\"@id\":\"https:\\\/\\\/exaudi.org\\\/it\\\/dal-dossier-caritas-emergono-le-poverta-nascoste-di-roma\\\/#breadcrumb\"},\"inLanguage\":\"it-IT\",\"potentialAction\":[{\"@type\":\"ReadAction\",\"target\":[\"https:\\\/\\\/exaudi.org\\\/it\\\/dal-dossier-caritas-emergono-le-poverta-nascoste-di-roma\\\/\"]}]},{\"@type\":\"ImageObject\",\"inLanguage\":\"it-IT\",\"@id\":\"https:\\\/\\\/exaudi.org\\\/it\\\/dal-dossier-caritas-emergono-le-poverta-nascoste-di-roma\\\/#primaryimage\",\"url\":\"https:\\\/\\\/exaudi.org\\\/wp-content\\\/uploads\\\/2022\\\/04\\\/poverta.jpeg\",\"contentUrl\":\"https:\\\/\\\/exaudi.org\\\/wp-content\\\/uploads\\\/2022\\\/04\\\/poverta.jpeg\",\"width\":750,\"height\":422,\"caption\":\"(C) Vatican Media\"},{\"@type\":\"BreadcrumbList\",\"@id\":\"https:\\\/\\\/exaudi.org\\\/it\\\/dal-dossier-caritas-emergono-le-poverta-nascoste-di-roma\\\/#breadcrumb\",\"itemListElement\":[{\"@type\":\"ListItem\",\"position\":1,\"name\":\"Portada\",\"item\":\"https:\\\/\\\/exaudi.org\\\/it\\\/\"},{\"@type\":\"ListItem\",\"position\":2,\"name\":\"Dal dossier Caritas emergono le povert\u00e0 &#8220;nascoste&#8221; di Roma\"}]},{\"@type\":\"WebSite\",\"@id\":\"https:\\\/\\\/exaudi.org\\\/#website\",\"url\":\"https:\\\/\\\/exaudi.org\\\/\",\"name\":\"Exaudi\",\"description\":\"News\",\"potentialAction\":[{\"@type\":\"SearchAction\",\"target\":{\"@type\":\"EntryPoint\",\"urlTemplate\":\"https:\\\/\\\/exaudi.org\\\/?s={search_term_string}\"},\"query-input\":{\"@type\":\"PropertyValueSpecification\",\"valueRequired\":true,\"valueName\":\"search_term_string\"}}],\"inLanguage\":\"it-IT\"},{\"@type\":\"Person\",\"@id\":\"https:\\\/\\\/exaudi.org\\\/#\\\/schema\\\/person\\\/e1ab6ed07c01774724dd96f925f3a5f0\",\"name\":\"Exaudi Redazione\",\"image\":{\"@type\":\"ImageObject\",\"inLanguage\":\"it-IT\",\"@id\":\"https:\\\/\\\/secure.gravatar.com\\\/avatar\\\/ad6774b3ada023bf5b939d64f45c94b3adf91502dd883507d469b4308a943bb3?s=96&d=mm&r=g\",\"url\":\"https:\\\/\\\/secure.gravatar.com\\\/avatar\\\/ad6774b3ada023bf5b939d64f45c94b3adf91502dd883507d469b4308a943bb3?s=96&d=mm&r=g\",\"contentUrl\":\"https:\\\/\\\/secure.gravatar.com\\\/avatar\\\/ad6774b3ada023bf5b939d64f45c94b3adf91502dd883507d469b4308a943bb3?s=96&d=mm&r=g\",\"caption\":\"Exaudi Redazione\"},\"description\":\"Che cosa \u00e8 Exaudi News? Exaudi News \u00e8 un agenzia cattolica internazionale che informa, istruisce e trasforma quotidianamente in spagnolo, inglese e italiano. Attraverso notizie, articoli di analisi e trasmissioni in diretta degli eventi del Papa, Exaudi cerca di rafforzare l'unit\u00e0 dei cristiani e di contribuire all'evangelizzazione del mondo, sempre guidato dalla dottrina sociale della Chiesa. Lavoriamo per portare la verit\u00e0 e i valori cristiani in ogni angolo del pianeta. Aiutaci a trasformare il mondo con Exaudi! Noi di Exaudi crediamo che l'evangelizzazione e l'informazione di qualit\u00e0 possano cambiare la vita. Per continuare la nostra missione ed espandere la nostra portata, abbiamo bisogno del tuo aiuto. Stiamo anche cercando persone motivate che vogliano unirsi al nostro team. Grazie al vostro sostegno raggiungeremo pi\u00f9 persone, diffonderemo il messaggio di Cristo e rafforzeremo l'unit\u00e0 dei cristiani. Vuoi unirti alla nostra missione? Per maggiori informazioni su come contribuire, visita Exaudi.org\\\/it o contattaci direttamente: info@exaudi.org Exaudi: informa, forma e trasforma.\",\"sameAs\":[\"https:\\\/\\\/www.facebook.com\\\/ExaudiNotizie\\\/\",\"https:\\\/\\\/www.instagram.com\\\/Exaudi_notizie\\\/\",\"https:\\\/\\\/x.com\\\/Exaudi_Notizie\",\"https:\\\/\\\/www.youtube.com\\\/@exaudicatholicnews\"],\"url\":\"https:\\\/\\\/exaudi.org\\\/it\\\/author\\\/dlvedi-org\\\/\"}]}<\/script>\n<!-- \/ Yoast SEO plugin. -->","yoast_head_json":{"title":"Dal dossier Caritas emergono le povert\u00e0 \"nascoste\" di Roma &#8211; Exaudi","description":"Dal dossier Caritas emergono le povert\u00e0 \"nascoste\" di Roma: una citt\u00e0 segnata da troppe disuguaglianze ma dove si vedono segnali di speranza","robots":{"index":"index","follow":"follow","max-snippet":"max-snippet:-1","max-image-preview":"max-image-preview:large","max-video-preview":"max-video-preview:-1"},"canonical":"https:\/\/exaudi.org\/it\/dal-dossier-caritas-emergono-le-poverta-nascoste-di-roma\/","og_locale":"it_IT","og_type":"article","og_title":"Dal dossier Caritas emergono le povert\u00e0 \"nascoste\" di Roma &#8211; Exaudi","og_description":"Dal dossier Caritas emergono le povert\u00e0 \"nascoste\" di Roma: una citt\u00e0 segnata da troppe disuguaglianze ma dove si vedono segnali di speranza","og_url":"https:\/\/exaudi.org\/it\/dal-dossier-caritas-emergono-le-poverta-nascoste-di-roma\/","og_site_name":"Exaudi","article_publisher":"https:\/\/www.facebook.com\/ExaudiNews","article_author":"https:\/\/www.facebook.com\/ExaudiNotizie\/","article_published_time":"2022-04-01T16:25:36+00:00","og_image":[{"width":750,"height":422,"url":"https:\/\/exaudi.org\/wp-content\/uploads\/2022\/04\/poverta.jpeg","type":"image\/jpeg"}],"author":"Exaudi Redazione","twitter_card":"summary_large_image","twitter_creator":"@Exaudi_Notizie","twitter_site":"@Exaudi_News","twitter_misc":{"Scritto da":"Exaudi Redazione","Tempo di lettura stimato":"3 minuti"},"schema":{"@context":"https:\/\/schema.org","@graph":[{"@type":"Article","@id":"https:\/\/exaudi.org\/it\/dal-dossier-caritas-emergono-le-poverta-nascoste-di-roma\/#article","isPartOf":{"@id":"https:\/\/exaudi.org\/it\/dal-dossier-caritas-emergono-le-poverta-nascoste-di-roma\/"},"author":{"name":"Exaudi Redazione","@id":"https:\/\/exaudi.org\/#\/schema\/person\/e1ab6ed07c01774724dd96f925f3a5f0"},"headline":"Dal dossier Caritas emergono le povert\u00e0 &#8220;nascoste&#8221; di Roma","datePublished":"2022-04-01T16:25:36+00:00","mainEntityOfPage":{"@id":"https:\/\/exaudi.org\/it\/dal-dossier-caritas-emergono-le-poverta-nascoste-di-roma\/"},"wordCount":482,"image":{"@id":"https:\/\/exaudi.org\/it\/dal-dossier-caritas-emergono-le-poverta-nascoste-di-roma\/#primaryimage"},"thumbnailUrl":"https:\/\/exaudi.org\/wp-content\/uploads\/2022\/04\/poverta.jpeg","keywords":["Caritas","povert\u00e0","Roma","Trending"],"articleSection":["Chiesa e Mondo"],"inLanguage":"it-IT"},{"@type":"WebPage","@id":"https:\/\/exaudi.org\/it\/dal-dossier-caritas-emergono-le-poverta-nascoste-di-roma\/","url":"https:\/\/exaudi.org\/it\/dal-dossier-caritas-emergono-le-poverta-nascoste-di-roma\/","name":"Dal dossier Caritas emergono le povert\u00e0 \"nascoste\" di Roma &#8211; Exaudi","isPartOf":{"@id":"https:\/\/exaudi.org\/#website"},"primaryImageOfPage":{"@id":"https:\/\/exaudi.org\/it\/dal-dossier-caritas-emergono-le-poverta-nascoste-di-roma\/#primaryimage"},"image":{"@id":"https:\/\/exaudi.org\/it\/dal-dossier-caritas-emergono-le-poverta-nascoste-di-roma\/#primaryimage"},"thumbnailUrl":"https:\/\/exaudi.org\/wp-content\/uploads\/2022\/04\/poverta.jpeg","datePublished":"2022-04-01T16:25:36+00:00","author":{"@id":"https:\/\/exaudi.org\/#\/schema\/person\/e1ab6ed07c01774724dd96f925f3a5f0"},"description":"Dal dossier Caritas emergono le povert\u00e0 \"nascoste\" di Roma: una citt\u00e0 segnata da troppe disuguaglianze ma dove si vedono segnali di speranza","breadcrumb":{"@id":"https:\/\/exaudi.org\/it\/dal-dossier-caritas-emergono-le-poverta-nascoste-di-roma\/#breadcrumb"},"inLanguage":"it-IT","potentialAction":[{"@type":"ReadAction","target":["https:\/\/exaudi.org\/it\/dal-dossier-caritas-emergono-le-poverta-nascoste-di-roma\/"]}]},{"@type":"ImageObject","inLanguage":"it-IT","@id":"https:\/\/exaudi.org\/it\/dal-dossier-caritas-emergono-le-poverta-nascoste-di-roma\/#primaryimage","url":"https:\/\/exaudi.org\/wp-content\/uploads\/2022\/04\/poverta.jpeg","contentUrl":"https:\/\/exaudi.org\/wp-content\/uploads\/2022\/04\/poverta.jpeg","width":750,"height":422,"caption":"(C) Vatican Media"},{"@type":"BreadcrumbList","@id":"https:\/\/exaudi.org\/it\/dal-dossier-caritas-emergono-le-poverta-nascoste-di-roma\/#breadcrumb","itemListElement":[{"@type":"ListItem","position":1,"name":"Portada","item":"https:\/\/exaudi.org\/it\/"},{"@type":"ListItem","position":2,"name":"Dal dossier Caritas emergono le povert\u00e0 &#8220;nascoste&#8221; di Roma"}]},{"@type":"WebSite","@id":"https:\/\/exaudi.org\/#website","url":"https:\/\/exaudi.org\/","name":"Exaudi","description":"News","potentialAction":[{"@type":"SearchAction","target":{"@type":"EntryPoint","urlTemplate":"https:\/\/exaudi.org\/?s={search_term_string}"},"query-input":{"@type":"PropertyValueSpecification","valueRequired":true,"valueName":"search_term_string"}}],"inLanguage":"it-IT"},{"@type":"Person","@id":"https:\/\/exaudi.org\/#\/schema\/person\/e1ab6ed07c01774724dd96f925f3a5f0","name":"Exaudi Redazione","image":{"@type":"ImageObject","inLanguage":"it-IT","@id":"https:\/\/secure.gravatar.com\/avatar\/ad6774b3ada023bf5b939d64f45c94b3adf91502dd883507d469b4308a943bb3?s=96&d=mm&r=g","url":"https:\/\/secure.gravatar.com\/avatar\/ad6774b3ada023bf5b939d64f45c94b3adf91502dd883507d469b4308a943bb3?s=96&d=mm&r=g","contentUrl":"https:\/\/secure.gravatar.com\/avatar\/ad6774b3ada023bf5b939d64f45c94b3adf91502dd883507d469b4308a943bb3?s=96&d=mm&r=g","caption":"Exaudi Redazione"},"description":"Che cosa \u00e8 Exaudi News? Exaudi News \u00e8 un agenzia cattolica internazionale che informa, istruisce e trasforma quotidianamente in spagnolo, inglese e italiano. Attraverso notizie, articoli di analisi e trasmissioni in diretta degli eventi del Papa, Exaudi cerca di rafforzare l'unit\u00e0 dei cristiani e di contribuire all'evangelizzazione del mondo, sempre guidato dalla dottrina sociale della Chiesa. Lavoriamo per portare la verit\u00e0 e i valori cristiani in ogni angolo del pianeta. Aiutaci a trasformare il mondo con Exaudi! Noi di Exaudi crediamo che l'evangelizzazione e l'informazione di qualit\u00e0 possano cambiare la vita. Per continuare la nostra missione ed espandere la nostra portata, abbiamo bisogno del tuo aiuto. Stiamo anche cercando persone motivate che vogliano unirsi al nostro team. Grazie al vostro sostegno raggiungeremo pi\u00f9 persone, diffonderemo il messaggio di Cristo e rafforzeremo l'unit\u00e0 dei cristiani. Vuoi unirti alla nostra missione? Per maggiori informazioni su come contribuire, visita Exaudi.org\/it o contattaci direttamente: info@exaudi.org Exaudi: informa, forma e trasforma.","sameAs":["https:\/\/www.facebook.com\/ExaudiNotizie\/","https:\/\/www.instagram.com\/Exaudi_notizie\/","https:\/\/x.com\/Exaudi_Notizie","https:\/\/www.youtube.com\/@exaudicatholicnews"],"url":"https:\/\/exaudi.org\/it\/author\/dlvedi-org\/"}]}},"jetpack_featured_media_url":"https:\/\/exaudi.org\/wp-content\/uploads\/2022\/04\/poverta.jpeg","jetpack_shortlink":"https:\/\/wp.me\/pgKjF2-et5","_links":{"self":[{"href":"https:\/\/exaudi.org\/it\/wp-json\/wp\/v2\/posts\/55619","targetHints":{"allow":["GET"]}}],"collection":[{"href":"https:\/\/exaudi.org\/it\/wp-json\/wp\/v2\/posts"}],"about":[{"href":"https:\/\/exaudi.org\/it\/wp-json\/wp\/v2\/types\/post"}],"author":[{"embeddable":true,"href":"https:\/\/exaudi.org\/it\/wp-json\/wp\/v2\/users\/17"}],"replies":[{"embeddable":true,"href":"https:\/\/exaudi.org\/it\/wp-json\/wp\/v2\/comments?post=55619"}],"version-history":[{"count":0,"href":"https:\/\/exaudi.org\/it\/wp-json\/wp\/v2\/posts\/55619\/revisions"}],"wp:featuredmedia":[{"embeddable":true,"href":"https:\/\/exaudi.org\/it\/wp-json\/wp\/v2\/media\/55620"}],"wp:attachment":[{"href":"https:\/\/exaudi.org\/it\/wp-json\/wp\/v2\/media?parent=55619"}],"wp:term":[{"taxonomy":"category","embeddable":true,"href":"https:\/\/exaudi.org\/it\/wp-json\/wp\/v2\/categories?post=55619"},{"taxonomy":"post_tag","embeddable":true,"href":"https:\/\/exaudi.org\/it\/wp-json\/wp\/v2\/tags?post=55619"}],"curies":[{"name":"wp","href":"https:\/\/api.w.org\/{rel}","templated":true}]}}