{"id":55092,"date":"2022-03-25T18:36:01","date_gmt":"2022-03-25T17:36:01","guid":{"rendered":"https:\/\/exaudi.org\/?p=55092"},"modified":"2022-03-25T18:36:01","modified_gmt":"2022-03-25T17:36:01","slug":"bussiamo-al-cuore-di-maria-per-chiedere-la-pace","status":"publish","type":"post","link":"https:\/\/exaudi.org\/it\/bussiamo-al-cuore-di-maria-per-chiedere-la-pace\/","title":{"rendered":"Bussiamo al Cuore di Maria per chiedere la pace"},"content":{"rendered":"<p>La preghiera accorata e fiduciosa, semplice e solenne allo stesso tempo, rivolta alla Santissima Vergine ha concluso nella Basilica Vaticana la cerimonia penitenziale presieduta da Papa Francesco. Davanti all\u2019immagine della Madonna di Fatima il Santo Padre ha letto la <a href=\"https:\/\/exaudi.org\/it\/ecco-il-testo-della-consacrazione-al-cuore-immacolato-di-maria\/\">Consacrazione<\/a> al Cuore di Maria per chiedere la fine della guerra in Ucraina e dei tanti conflitti sparsi per il mondo che il Pontefice pi\u00f9 volte ha definito Terza Guerra mondiale a pezzi.<\/p>\n<p><img loading=\"lazy\" decoding=\"async\" class=\"size-medium wp-image-55093 alignleft\" src=\"https:\/\/exaudi.org\/wp-content\/uploads\/2022\/03\/Fatima-225x300.jpeg\" alt=\"\" width=\"225\" height=\"300\" srcset=\"https:\/\/exaudi.org\/wp-content\/uploads\/2022\/03\/Fatima-225x300.jpeg 225w, https:\/\/exaudi.org\/wp-content\/uploads\/2022\/03\/Fatima-768x1024.jpeg 768w, https:\/\/exaudi.org\/wp-content\/uploads\/2022\/03\/Fatima-770x1027.jpeg 770w, https:\/\/exaudi.org\/wp-content\/uploads\/2022\/03\/Fatima-1152x1536.jpeg 1152w, https:\/\/exaudi.org\/wp-content\/uploads\/2022\/03\/Fatima-500x667.jpeg 500w, https:\/\/exaudi.org\/wp-content\/uploads\/2022\/03\/Fatima-293x391.jpeg 293w, https:\/\/exaudi.org\/wp-content\/uploads\/2022\/03\/Fatima-1400x1867.jpeg 1400w, https:\/\/exaudi.org\/wp-content\/uploads\/2022\/03\/Fatima-390x520.jpeg 390w, https:\/\/exaudi.org\/wp-content\/uploads\/2022\/03\/Fatima.jpeg 1536w\" sizes=\"auto, (max-width: 225px) 100vw, 225px\" \/>Un gesto atteso, che \u00e8 stato ripetuto a <a href=\"https:\/\/www.fatima.pt\/it\">Fatima<\/a> dall\u2019elemosiniere pontificio, il cardinale Krajewski, e dai vescovi di tutto il mondo, che il Papa ha invitato a unirsi in comunione con lui. Una preghiera elevata alla Vergine nel giorno in cui la Chiesa celebra la solennit\u00e0 dell\u2019Annunciazione, l\u2019Incarnazione di Dio che si fa uomo come noi per redimerci.<\/p>\n<p>La Consacrazione al Cuore di Maria \u00e8 stata fatta dal Papa al termine della celebrazione penitenziale nell\u2019ambito della 24 Ore per il Signore. Una iniziativa che dal 2014 ha lo scopo di facilitare la possibilit\u00e0 di accostarsi al sacramento della Riconciliazione. Lo stesso Pontefice, dopo essersi confessato, ha assolto sei fedeli. Dopo la proclamazione del Vangelo, il Papa ha tenuto la sua omelia, durante la quale ha fatto ampio riferimento alla Consacrazione e alla necessit\u00e0 di \u201cbussare\u201d al Cuore immacolato di Maria per chiedere la pace. Ecco le parole del Papa:<\/p>\n<h2>Il perdono<\/h2>\n<p>Nel Vangelo della Solennit\u00e0 odierna l\u2019Angelo Gabriele per tre volte prende la parola e si rivolge alla Vergine Maria. La prima volta, nel salutarla, dice: \u00abRallegrati, piena di grazia: il Signore \u00e8 con te\u00bb. Il motivo per cui rallegrarsi, il motivo della gioia, \u00e8 svelato in poche parole: il Signore \u00e8 con te. Fratello, sorella, oggi puoi sentire queste stesse parole rivolte a te; puoi farle tue ogni volta che ti accosti al perdono di Dio, perch\u00e9 l\u00ec il Signore ti dice: \u201cIo sono con te\u201d.<\/p>\n<p>Troppo spesso pensiamo che la Confessione consista nel nostro andare a Dio a capo chino. Ma non siamo anzitutto noi che torniamo al Signore; \u00e8 Lui che viene a visitarci, a colmarci della sua grazia, a rallegrarci con la sua gioia. Confessarsi \u00e8 dare al Padre la gioia di rialzarci. Al centro di quanto vivremo non ci sono i nostri peccati, ma il suo perdono, questo \u00e8 il centro.<\/p>\n<p>Proviamo a immaginare se al centro del Sacramento ci fossero i nostri peccati: dipenderebbe quasi tutto da noi, dal nostro pentimento, dai nostri sforzi, dai nostri impegni. Invece no, al centro c\u2019\u00e8 Lui, che ci libera e ci rimette in piedi. Restituiamo il primato alla grazia e chiediamo il dono di capire che la Riconciliazione non \u00e8 anzitutto un nostro passo verso Dio, ma il suo abbraccio che ci avvolge, ci stupisce, ci commuove. \u00c8 il Signore che, come a Nazareth da Maria, entra in casa nostra e porta uno stupore e una gioia prima sconosciuti. La gioia del perdono.<\/p>\n<h2>Il sacramento della gioia<\/h2>\n<p>Mettiamo in primo piano la prospettiva di Dio: torneremo ad affezionarci alla Confessione. Ne abbiamo bisogno, perch\u00e9 ogni rinascita interiore, ogni svolta spirituale comincia da qui, dal perdono di Dio. Non trascuriamo la Riconciliazione, ma riscopriamola come il Sacramento della gioia. S\u00ec, della gioia, dove il male che ci fa vergognare diventa l\u2019occasione per sperimentare il caldo abbraccio del Padre, la dolce forza di Ges\u00f9 che ci guarisce, la \u201ctenerezza materna\u201d dello Spirito Santo. Questo \u00e8 il cuore della Confessione.<\/p>\n<p>E allora, cari fratelli che amministrate il perdono di Dio, siate coloro che offrono a chi si accosta la gioia di questo annuncio: Rallegrati, il Signore \u00e8 con te. Nessuna rigidit\u00e0, per favore, nessun ostacolo, nessun disagio; porte aperte alla misericordia! Specialmente nella Confessione, siamo chiamati a impersonare il Buon Pastore che prende in braccio le sue pecore e le accarezza; siamo chiamati a essere canali di grazia che versano nelle aridit\u00e0 del cuore l\u2019acqua viva della misericordia del Padre. Se un sacerdote non ha questo atteggiamento, questi sentimenti nel cuore, meglio che non vada a confessare.<\/p>\n<h2>Non temere<\/h2>\n<p>Per la seconda volta l\u2019Angelo parla a Maria. A lei, turbata dal saluto ricevuto, dice: \u00abNon temere\u00bb. Nella Scrittura, quando Dio si presenta a chi lo accoglie, ama pronunciare queste due parole: non temere. Le dice ad Abramo, le ripete a Isacco, a Giacobbe e cos\u00ec via, fino a Giuseppe e a Maria. Non temere. In questo modo ci manda un messaggio chiaro e consolante: ogni volta che la vita si apre a Dio, la paura non pu\u00f2 pi\u00f9 tenerci in ostaggio. Perch\u00e9 la paura ci tiene in ostaggio. Sorella, fratello, se i tuoi peccati ti spaventano, se il tuo passato ti inquieta, se le tue ferite non si rimarginano, se le continue cadute ti demoralizzano e ti sembra di aver smarrito la speranza, non temere. Dio conosce le tue debolezze ed \u00e8 pi\u00f9 grande dei tuoi sbagli. Dio \u00e8 pi\u00f9 grande dei nostri peccati.<\/p>\n<figure id=\"attachment_55109\" aria-describedby=\"caption-attachment-55109\" style=\"width: 300px\" class=\"wp-caption alignright\"><img loading=\"lazy\" decoding=\"async\" class=\"wp-image-55109 size-medium\" src=\"https:\/\/exaudi.org\/wp-content\/uploads\/2022\/03\/consacrazione-2-omelia-300x131.jpg\" alt=\"Cuore di Maria\" width=\"300\" height=\"131\" srcset=\"https:\/\/exaudi.org\/wp-content\/uploads\/2022\/03\/consacrazione-2-omelia-300x131.jpg 300w, https:\/\/exaudi.org\/wp-content\/uploads\/2022\/03\/consacrazione-2-omelia-1024x448.jpg 1024w, https:\/\/exaudi.org\/wp-content\/uploads\/2022\/03\/consacrazione-2-omelia-770x337.jpg 770w, https:\/\/exaudi.org\/wp-content\/uploads\/2022\/03\/consacrazione-2-omelia-500x219.jpg 500w, https:\/\/exaudi.org\/wp-content\/uploads\/2022\/03\/consacrazione-2-omelia-293x128.jpg 293w, https:\/\/exaudi.org\/wp-content\/uploads\/2022\/03\/consacrazione-2-omelia-390x171.jpg 390w, https:\/\/exaudi.org\/wp-content\/uploads\/2022\/03\/consacrazione-2-omelia.jpg 1282w\" sizes=\"auto, (max-width: 300px) 100vw, 300px\" \/><figcaption id=\"caption-attachment-55109\" class=\"wp-caption-text\">Il Papa durante l&#8217;omelia<\/figcaption><\/figure>\n<p>Una cosa ti chiede: le tue fragilit\u00e0, le tue miserie, non tenerle dentro di te; portale a Lui, deponile in Lui, e da motivi di desolazione diventeranno opportunit\u00e0 di risurrezione. Non temere! Il Signore ci chiede i nostri peccati. La Vergine Maria ci accompagna: ella stessa ha gettato il suo turbamento in Dio. L\u2019annuncio dell\u2019Angelo le dava ragioni serie per temere. Le proponeva qualcosa di impensabile, che andava al di l\u00e0 delle sue forze e che da sola non avrebbe potuto gestire: ci sarebbero state troppe difficolt\u00e0, problemi con la legge mosaica, con Giuseppe, con le persone del suo paese e del suo popolo. Tutto questo sono difficolt\u00e0. Ma Maria non solleva obiezioni. Le basta quel non temere, le basta la rassicurazione di Dio.<\/p>\n<p>Si stringe a Lui, come vogliamo fare noi stasera. Perch\u00e9 spesso facciamo l\u2019opposto: partiamo dalle nostre certezze e, solo quando le perdiamo, andiamo da Dio. La Madonna, invece, ci insegna a partire da Dio, nella fiducia che cos\u00ec tutto il resto ci sar\u00e0 dato. Ci invita ad andare alla sorgente, al Signore, che \u00e8 il rimedio radicale contro la paura e il male di vivere. Lo ricorda una bella frase, riportata sopra un confessionale qui in Vaticano, che si rivolge a Dio con queste parole: \u00abAllontanarsi da Te \u00e8 cadere, tornare a Te \u00e8 risorgere, restare in Te \u00e8 esistere\u00bb.<\/p>\n<h2>L\u2019efferata guerra<\/h2>\n<p>In questi giorni notizie e immagini di morte continuano a entrare nelle nostre case, mentre le bombe distruggono le case di tanti nostri fratelli e sorelle ucraini inermi. L\u2019efferata guerra, che si \u00e8 abbattuta su tanti e fa soffrire tutti, provoca in ciascuno paura e sgomento. Avvertiamo dentro un senso di impotenza e di inadeguatezza. Abbiamo bisogno di sentirci dire \u201cnon temere\u201d. Ma non bastano le rassicurazioni umane, occorre la presenza di Dio, la certezza del perdono divino, il solo che cancella il male, disinnesca il rancore, restituisce la pace al cuore. Ritorniamo a Dio, ritorniamo al suo perdono.<\/p>\n<h2>Chiedere il dono dello Spirito<\/h2>\n<p>Per la terza volta l\u2019Angelo riprende a parlare. Ora dice alla Madonna: \u00abLo Spirito Santo scender\u00e0 su di te\u00bb. Ecco come Dio interviene nella storia: donando il suo stesso Spirito. Perch\u00e9 in ci\u00f2 che conta non bastano le nostre forze. Noi da soli non riusciamo a risolvere le contraddizioni della storia e nemmeno quelle del nostro cuore. Abbiamo bisogno della forza sapiente e mite di Dio, che \u00e8 lo Spirito Santo. Abbiamo bisogno dello Spirito d\u2019amore, che dissolve l\u2019odio, spegne il rancore, estingue l\u2019avidit\u00e0, ci ridesta dall\u2019indifferenza. Quello Spirito che ci d\u00e0 l&#8217;armonia, perch\u00e9 Lui \u00e8 l&#8217;armonia. Abbiamo bisogno dell\u2019amore di Dio perch\u00e9 il nostro amore \u00e8 precario e insufficiente.<\/p>\n<figure id=\"attachment_55112\" aria-describedby=\"caption-attachment-55112\" style=\"width: 300px\" class=\"wp-caption alignleft\"><img loading=\"lazy\" decoding=\"async\" class=\"size-medium wp-image-55112\" src=\"https:\/\/exaudi.org\/wp-content\/uploads\/2022\/03\/Confessione-Papa-300x173.jpg\" alt=\"\" width=\"300\" height=\"173\" srcset=\"https:\/\/exaudi.org\/wp-content\/uploads\/2022\/03\/Confessione-Papa-300x173.jpg 300w, https:\/\/exaudi.org\/wp-content\/uploads\/2022\/03\/Confessione-Papa-770x444.jpg 770w, https:\/\/exaudi.org\/wp-content\/uploads\/2022\/03\/Confessione-Papa-500x288.jpg 500w, https:\/\/exaudi.org\/wp-content\/uploads\/2022\/03\/Confessione-Papa-293x169.jpg 293w, https:\/\/exaudi.org\/wp-content\/uploads\/2022\/03\/Confessione-Papa-390x225.jpg 390w, https:\/\/exaudi.org\/wp-content\/uploads\/2022\/03\/Confessione-Papa.jpg 943w\" sizes=\"auto, (max-width: 300px) 100vw, 300px\" \/><figcaption id=\"caption-attachment-55112\" class=\"wp-caption-text\">Il Papa mentre si confessa<\/figcaption><\/figure>\n<p>Tante cose domandiamo al Signore, ma spesso dimentichiamo di chiedergli ci\u00f2 che \u00e8 pi\u00f9 importante e che Lui desidera darci: lo Spirito Santo, la forza per amare. Senza amore, infatti, che cosa offriremo al mondo? Qualcuno ha detto che un cristiano senza amore \u00e8 come un ago che non cuce: punge, ferisce, ma se non cuce, se non tesse, se non unisce, non serve. Oserei dire: non \u00e8 cristiano. Per questo c\u2019\u00e8 bisogno di attingere dal perdono di Dio la forza dell\u2019amore, lo stesso Spirito disceso su Maria. Perch\u00e9, se vogliamo che il mondo cambi, deve cambiare anzitutto il nostro cuore.<\/p>\n<h2>Bussiamo al Cuore di Maria<\/h2>\n<p>Per fare questo, oggi lasciamoci prendere per mano dalla Madonna. Guardiamo al suo Cuore immacolato, dove Dio si \u00e8 posato, all\u2019unico Cuore di creatura umana senza ombre. Lei \u00e8 \u00abpiena di grazia\u00bb, e dunque vuota di peccato: in lei non c\u2019\u00e8 traccia di male e perci\u00f2 con lei Dio ha potuto iniziare una storia nuova di salvezza e di pace. L\u00ec la storia ha svoltato. Dio ha cambiato la storia bussando al Cuore di Maria. E oggi anche noi, rinnovati dal perdono, bussiamo a quel Cuore. In unione con i Vescovi e i fedeli del mondo, desidero solennemente portare al Cuore immacolato di Maria tutto ci\u00f2 che stiamo vivendo: rinnovare a lei la consacrazione della Chiesa e dell\u2019umanit\u00e0 intera e consacrare a lei, in modo particolare, il popolo ucraino e il popolo russo, che con affetto filiale la venerano come Madre.<\/p>\n<p>Non si tratta di una formula magica, ma di un atto spirituale. \u00c8 il gesto del pieno affidamento dei figli che, nella tribolazione di questa guerra crudele, di questa guerra insensata che minaccia il mondo, ricorrono alla Madre, come i bambini che quando hanno paura ricorrono alla mamma, gettando nel suo Cuore paura e dolore, consegnando s\u00e9 stessi a lei. \u00c8 riporre in quel Cuore limpido, incontaminato, dove Dio si rispecchia, i beni preziosi della fraternit\u00e0 e della pace, tutto quanto abbiamo e siamo, perch\u00e9 sia lei, la Madre che il Signore ci ha donato, a proteggerci e custodirci.<\/p>\n<h2>Sulla via della pace<\/h2>\n<p>Dalle labbra di Maria \u00e8 scaturita la frase pi\u00f9 bella che l\u2019Angelo potesse riportare a Dio: \u00abAvvenga per me secondo la tua parola\u00bb. Quella della Madonna non \u00e8 un\u2019accettazione passiva o rassegnata, ma il desiderio vivo di aderire a Dio, che ha \u00abprogetti di pace e non di sventura\u00bb. \u00c8 la partecipazione pi\u00f9 stretta al suo piano di pace per il mondo. Ci consacriamo a Maria per entrare in questo piano, per metterci a piena disposizione dei progetti di Dio. La Madre di Dio, dopo aver detto il suo s\u00ec, affront\u00f2 un lungo viaggio in salita verso una regione montuosa per visitare la cugina incinta. E&#8217; andata di fretta, mi piace pensare alla Madonna di fretta, che si affretta per aiutarci, per custodirci. Prenda oggi per mano il nostro cammino: lo guidi attraverso i sentieri ripidi e faticosi della fraternit\u00e0 e del dialogo, lo guidi sulla via della pace.<\/p>\n","protected":false},"excerpt":{"rendered":"<p>La Consacrazione dell\u2019Ucraina, della Russia e del mondo fatta dal Papa davanti alla Madonna di Fatima<\/p>\n","protected":false},"author":17,"featured_media":55135,"comment_status":"closed","ping_status":"closed","sticky":false,"template":"","format":"standard","meta":{"_acf_changed":false,"_crdt_document":"","inline_featured_image":false,"footnotes":""},"categories":[67],"tags":[5735,2487,785,251,1774,1773],"class_list":["post-55092","post","type-post","status-publish","format-standard","has-post-thumbnail","hentry","category-leone-xiv","tag-consacrazione","tag-featured-3","tag-guerra","tag-papa-francesco","tag-russia","tag-ucraina"],"acf":[],"yoast_head":"<!-- This site is optimized with the Yoast SEO plugin v27.5 - https:\/\/yoast.com\/product\/yoast-seo-wordpress\/ -->\n<title>Bussiamo al Cuore di Maria per chiedere la pace &#8211; Exaudi<\/title>\n<meta name=\"description\" content=\"Il Papa ha pronunciato la Consacrazione al Cuore di Maria per implorare pace in Ucraina e nel resto del mondo in unione con tutti i vescovi\" \/>\n<meta name=\"robots\" content=\"index, follow, max-snippet:-1, max-image-preview:large, max-video-preview:-1\" \/>\n<link rel=\"canonical\" href=\"https:\/\/exaudi.org\/it\/bussiamo-al-cuore-di-maria-per-chiedere-la-pace\/\" \/>\n<meta property=\"og:locale\" content=\"it_IT\" \/>\n<meta property=\"og:type\" content=\"article\" \/>\n<meta property=\"og:title\" content=\"Bussiamo al Cuore di Maria per chiedere la pace &#8211; Exaudi\" \/>\n<meta property=\"og:description\" content=\"Il Papa ha pronunciato la Consacrazione al Cuore di Maria per implorare pace in Ucraina e nel resto del mondo in unione con tutti i vescovi\" \/>\n<meta property=\"og:url\" content=\"https:\/\/exaudi.org\/it\/bussiamo-al-cuore-di-maria-per-chiedere-la-pace\/\" \/>\n<meta property=\"og:site_name\" content=\"Exaudi\" \/>\n<meta property=\"article:publisher\" content=\"https:\/\/www.facebook.com\/ExaudiNews\" \/>\n<meta property=\"article:author\" content=\"https:\/\/www.facebook.com\/ExaudiNotizie\/\" \/>\n<meta property=\"article:published_time\" content=\"2022-03-25T17:36:01+00:00\" \/>\n<meta property=\"og:image\" content=\"https:\/\/exaudi.org\/wp-content\/uploads\/2022\/03\/consacrazione-3.jpg\" \/>\n\t<meta property=\"og:image:width\" content=\"905\" \/>\n\t<meta property=\"og:image:height\" content=\"546\" \/>\n\t<meta property=\"og:image:type\" content=\"image\/jpeg\" \/>\n<meta name=\"author\" content=\"Exaudi Redazione\" \/>\n<meta name=\"twitter:card\" content=\"summary_large_image\" \/>\n<meta name=\"twitter:creator\" content=\"@Exaudi_Notizie\" \/>\n<meta name=\"twitter:site\" content=\"@Exaudi_News\" \/>\n<meta name=\"twitter:label1\" content=\"Scritto da\" \/>\n\t<meta name=\"twitter:data1\" content=\"Exaudi Redazione\" \/>\n\t<meta name=\"twitter:label2\" content=\"Tempo di lettura stimato\" \/>\n\t<meta name=\"twitter:data2\" content=\"10 minuti\" \/>\n<script type=\"application\/ld+json\" class=\"yoast-schema-graph\">{\"@context\":\"https:\\\/\\\/schema.org\",\"@graph\":[{\"@type\":\"Article\",\"@id\":\"https:\\\/\\\/exaudi.org\\\/it\\\/bussiamo-al-cuore-di-maria-per-chiedere-la-pace\\\/#article\",\"isPartOf\":{\"@id\":\"https:\\\/\\\/exaudi.org\\\/it\\\/bussiamo-al-cuore-di-maria-per-chiedere-la-pace\\\/\"},\"author\":{\"name\":\"Exaudi Redazione\",\"@id\":\"https:\\\/\\\/exaudi.org\\\/#\\\/schema\\\/person\\\/e1ab6ed07c01774724dd96f925f3a5f0\"},\"headline\":\"Bussiamo al Cuore di Maria per chiedere la pace\",\"datePublished\":\"2022-03-25T17:36:01+00:00\",\"mainEntityOfPage\":{\"@id\":\"https:\\\/\\\/exaudi.org\\\/it\\\/bussiamo-al-cuore-di-maria-per-chiedere-la-pace\\\/\"},\"wordCount\":1771,\"image\":{\"@id\":\"https:\\\/\\\/exaudi.org\\\/it\\\/bussiamo-al-cuore-di-maria-per-chiedere-la-pace\\\/#primaryimage\"},\"thumbnailUrl\":\"https:\\\/\\\/exaudi.org\\\/wp-content\\\/uploads\\\/2022\\\/03\\\/consacrazione-3.jpg\",\"keywords\":[\"consacrazione\",\"Featured\",\"guerra\",\"Papa Francesco\",\"Russia\",\"Ucraina\"],\"articleSection\":[\"Leone XIV\"],\"inLanguage\":\"it-IT\"},{\"@type\":\"WebPage\",\"@id\":\"https:\\\/\\\/exaudi.org\\\/it\\\/bussiamo-al-cuore-di-maria-per-chiedere-la-pace\\\/\",\"url\":\"https:\\\/\\\/exaudi.org\\\/it\\\/bussiamo-al-cuore-di-maria-per-chiedere-la-pace\\\/\",\"name\":\"Bussiamo al Cuore di Maria per chiedere la pace &#8211; Exaudi\",\"isPartOf\":{\"@id\":\"https:\\\/\\\/exaudi.org\\\/#website\"},\"primaryImageOfPage\":{\"@id\":\"https:\\\/\\\/exaudi.org\\\/it\\\/bussiamo-al-cuore-di-maria-per-chiedere-la-pace\\\/#primaryimage\"},\"image\":{\"@id\":\"https:\\\/\\\/exaudi.org\\\/it\\\/bussiamo-al-cuore-di-maria-per-chiedere-la-pace\\\/#primaryimage\"},\"thumbnailUrl\":\"https:\\\/\\\/exaudi.org\\\/wp-content\\\/uploads\\\/2022\\\/03\\\/consacrazione-3.jpg\",\"datePublished\":\"2022-03-25T17:36:01+00:00\",\"author\":{\"@id\":\"https:\\\/\\\/exaudi.org\\\/#\\\/schema\\\/person\\\/e1ab6ed07c01774724dd96f925f3a5f0\"},\"description\":\"Il Papa ha pronunciato la Consacrazione al Cuore di Maria per implorare pace in Ucraina e nel resto del mondo in unione con tutti i vescovi\",\"breadcrumb\":{\"@id\":\"https:\\\/\\\/exaudi.org\\\/it\\\/bussiamo-al-cuore-di-maria-per-chiedere-la-pace\\\/#breadcrumb\"},\"inLanguage\":\"it-IT\",\"potentialAction\":[{\"@type\":\"ReadAction\",\"target\":[\"https:\\\/\\\/exaudi.org\\\/it\\\/bussiamo-al-cuore-di-maria-per-chiedere-la-pace\\\/\"]}]},{\"@type\":\"ImageObject\",\"inLanguage\":\"it-IT\",\"@id\":\"https:\\\/\\\/exaudi.org\\\/it\\\/bussiamo-al-cuore-di-maria-per-chiedere-la-pace\\\/#primaryimage\",\"url\":\"https:\\\/\\\/exaudi.org\\\/wp-content\\\/uploads\\\/2022\\\/03\\\/consacrazione-3.jpg\",\"contentUrl\":\"https:\\\/\\\/exaudi.org\\\/wp-content\\\/uploads\\\/2022\\\/03\\\/consacrazione-3.jpg\",\"width\":905,\"height\":546,\"caption\":\"Il Papa durante l'Atto di Consacrazione\"},{\"@type\":\"BreadcrumbList\",\"@id\":\"https:\\\/\\\/exaudi.org\\\/it\\\/bussiamo-al-cuore-di-maria-per-chiedere-la-pace\\\/#breadcrumb\",\"itemListElement\":[{\"@type\":\"ListItem\",\"position\":1,\"name\":\"Portada\",\"item\":\"https:\\\/\\\/exaudi.org\\\/it\\\/\"},{\"@type\":\"ListItem\",\"position\":2,\"name\":\"Bussiamo al Cuore di Maria per chiedere la pace\"}]},{\"@type\":\"WebSite\",\"@id\":\"https:\\\/\\\/exaudi.org\\\/#website\",\"url\":\"https:\\\/\\\/exaudi.org\\\/\",\"name\":\"Exaudi\",\"description\":\"News\",\"potentialAction\":[{\"@type\":\"SearchAction\",\"target\":{\"@type\":\"EntryPoint\",\"urlTemplate\":\"https:\\\/\\\/exaudi.org\\\/?s={search_term_string}\"},\"query-input\":{\"@type\":\"PropertyValueSpecification\",\"valueRequired\":true,\"valueName\":\"search_term_string\"}}],\"inLanguage\":\"it-IT\"},{\"@type\":\"Person\",\"@id\":\"https:\\\/\\\/exaudi.org\\\/#\\\/schema\\\/person\\\/e1ab6ed07c01774724dd96f925f3a5f0\",\"name\":\"Exaudi Redazione\",\"image\":{\"@type\":\"ImageObject\",\"inLanguage\":\"it-IT\",\"@id\":\"https:\\\/\\\/secure.gravatar.com\\\/avatar\\\/ad6774b3ada023bf5b939d64f45c94b3adf91502dd883507d469b4308a943bb3?s=96&d=mm&r=g\",\"url\":\"https:\\\/\\\/secure.gravatar.com\\\/avatar\\\/ad6774b3ada023bf5b939d64f45c94b3adf91502dd883507d469b4308a943bb3?s=96&d=mm&r=g\",\"contentUrl\":\"https:\\\/\\\/secure.gravatar.com\\\/avatar\\\/ad6774b3ada023bf5b939d64f45c94b3adf91502dd883507d469b4308a943bb3?s=96&d=mm&r=g\",\"caption\":\"Exaudi Redazione\"},\"description\":\"Che cosa \u00e8 Exaudi News? Exaudi News \u00e8 un agenzia cattolica internazionale che informa, istruisce e trasforma quotidianamente in spagnolo, inglese e italiano. Attraverso notizie, articoli di analisi e trasmissioni in diretta degli eventi del Papa, Exaudi cerca di rafforzare l'unit\u00e0 dei cristiani e di contribuire all'evangelizzazione del mondo, sempre guidato dalla dottrina sociale della Chiesa. Lavoriamo per portare la verit\u00e0 e i valori cristiani in ogni angolo del pianeta. Aiutaci a trasformare il mondo con Exaudi! Noi di Exaudi crediamo che l'evangelizzazione e l'informazione di qualit\u00e0 possano cambiare la vita. Per continuare la nostra missione ed espandere la nostra portata, abbiamo bisogno del tuo aiuto. Stiamo anche cercando persone motivate che vogliano unirsi al nostro team. Grazie al vostro sostegno raggiungeremo pi\u00f9 persone, diffonderemo il messaggio di Cristo e rafforzeremo l'unit\u00e0 dei cristiani. Vuoi unirti alla nostra missione? Per maggiori informazioni su come contribuire, visita Exaudi.org\\\/it o contattaci direttamente: info@exaudi.org Exaudi: informa, forma e trasforma.\",\"sameAs\":[\"https:\\\/\\\/www.facebook.com\\\/ExaudiNotizie\\\/\",\"https:\\\/\\\/www.instagram.com\\\/Exaudi_notizie\\\/\",\"https:\\\/\\\/x.com\\\/Exaudi_Notizie\",\"https:\\\/\\\/www.youtube.com\\\/@exaudicatholicnews\"],\"url\":\"https:\\\/\\\/exaudi.org\\\/it\\\/author\\\/dlvedi-org\\\/\"}]}<\/script>\n<!-- \/ Yoast SEO plugin. -->","yoast_head_json":{"title":"Bussiamo al Cuore di Maria per chiedere la pace &#8211; Exaudi","description":"Il Papa ha pronunciato la Consacrazione al Cuore di Maria per implorare pace in Ucraina e nel resto del mondo in unione con tutti i vescovi","robots":{"index":"index","follow":"follow","max-snippet":"max-snippet:-1","max-image-preview":"max-image-preview:large","max-video-preview":"max-video-preview:-1"},"canonical":"https:\/\/exaudi.org\/it\/bussiamo-al-cuore-di-maria-per-chiedere-la-pace\/","og_locale":"it_IT","og_type":"article","og_title":"Bussiamo al Cuore di Maria per chiedere la pace &#8211; Exaudi","og_description":"Il Papa ha pronunciato la Consacrazione al Cuore di Maria per implorare pace in Ucraina e nel resto del mondo in unione con tutti i vescovi","og_url":"https:\/\/exaudi.org\/it\/bussiamo-al-cuore-di-maria-per-chiedere-la-pace\/","og_site_name":"Exaudi","article_publisher":"https:\/\/www.facebook.com\/ExaudiNews","article_author":"https:\/\/www.facebook.com\/ExaudiNotizie\/","article_published_time":"2022-03-25T17:36:01+00:00","og_image":[{"width":905,"height":546,"url":"https:\/\/exaudi.org\/wp-content\/uploads\/2022\/03\/consacrazione-3.jpg","type":"image\/jpeg"}],"author":"Exaudi Redazione","twitter_card":"summary_large_image","twitter_creator":"@Exaudi_Notizie","twitter_site":"@Exaudi_News","twitter_misc":{"Scritto da":"Exaudi Redazione","Tempo di lettura stimato":"10 minuti"},"schema":{"@context":"https:\/\/schema.org","@graph":[{"@type":"Article","@id":"https:\/\/exaudi.org\/it\/bussiamo-al-cuore-di-maria-per-chiedere-la-pace\/#article","isPartOf":{"@id":"https:\/\/exaudi.org\/it\/bussiamo-al-cuore-di-maria-per-chiedere-la-pace\/"},"author":{"name":"Exaudi Redazione","@id":"https:\/\/exaudi.org\/#\/schema\/person\/e1ab6ed07c01774724dd96f925f3a5f0"},"headline":"Bussiamo al Cuore di Maria per chiedere la pace","datePublished":"2022-03-25T17:36:01+00:00","mainEntityOfPage":{"@id":"https:\/\/exaudi.org\/it\/bussiamo-al-cuore-di-maria-per-chiedere-la-pace\/"},"wordCount":1771,"image":{"@id":"https:\/\/exaudi.org\/it\/bussiamo-al-cuore-di-maria-per-chiedere-la-pace\/#primaryimage"},"thumbnailUrl":"https:\/\/exaudi.org\/wp-content\/uploads\/2022\/03\/consacrazione-3.jpg","keywords":["consacrazione","Featured","guerra","Papa Francesco","Russia","Ucraina"],"articleSection":["Leone XIV"],"inLanguage":"it-IT"},{"@type":"WebPage","@id":"https:\/\/exaudi.org\/it\/bussiamo-al-cuore-di-maria-per-chiedere-la-pace\/","url":"https:\/\/exaudi.org\/it\/bussiamo-al-cuore-di-maria-per-chiedere-la-pace\/","name":"Bussiamo al Cuore di Maria per chiedere la pace &#8211; Exaudi","isPartOf":{"@id":"https:\/\/exaudi.org\/#website"},"primaryImageOfPage":{"@id":"https:\/\/exaudi.org\/it\/bussiamo-al-cuore-di-maria-per-chiedere-la-pace\/#primaryimage"},"image":{"@id":"https:\/\/exaudi.org\/it\/bussiamo-al-cuore-di-maria-per-chiedere-la-pace\/#primaryimage"},"thumbnailUrl":"https:\/\/exaudi.org\/wp-content\/uploads\/2022\/03\/consacrazione-3.jpg","datePublished":"2022-03-25T17:36:01+00:00","author":{"@id":"https:\/\/exaudi.org\/#\/schema\/person\/e1ab6ed07c01774724dd96f925f3a5f0"},"description":"Il Papa ha pronunciato la Consacrazione al Cuore di Maria per implorare pace in Ucraina e nel resto del mondo in unione con tutti i vescovi","breadcrumb":{"@id":"https:\/\/exaudi.org\/it\/bussiamo-al-cuore-di-maria-per-chiedere-la-pace\/#breadcrumb"},"inLanguage":"it-IT","potentialAction":[{"@type":"ReadAction","target":["https:\/\/exaudi.org\/it\/bussiamo-al-cuore-di-maria-per-chiedere-la-pace\/"]}]},{"@type":"ImageObject","inLanguage":"it-IT","@id":"https:\/\/exaudi.org\/it\/bussiamo-al-cuore-di-maria-per-chiedere-la-pace\/#primaryimage","url":"https:\/\/exaudi.org\/wp-content\/uploads\/2022\/03\/consacrazione-3.jpg","contentUrl":"https:\/\/exaudi.org\/wp-content\/uploads\/2022\/03\/consacrazione-3.jpg","width":905,"height":546,"caption":"Il Papa durante l'Atto di Consacrazione"},{"@type":"BreadcrumbList","@id":"https:\/\/exaudi.org\/it\/bussiamo-al-cuore-di-maria-per-chiedere-la-pace\/#breadcrumb","itemListElement":[{"@type":"ListItem","position":1,"name":"Portada","item":"https:\/\/exaudi.org\/it\/"},{"@type":"ListItem","position":2,"name":"Bussiamo al Cuore di Maria per chiedere la pace"}]},{"@type":"WebSite","@id":"https:\/\/exaudi.org\/#website","url":"https:\/\/exaudi.org\/","name":"Exaudi","description":"News","potentialAction":[{"@type":"SearchAction","target":{"@type":"EntryPoint","urlTemplate":"https:\/\/exaudi.org\/?s={search_term_string}"},"query-input":{"@type":"PropertyValueSpecification","valueRequired":true,"valueName":"search_term_string"}}],"inLanguage":"it-IT"},{"@type":"Person","@id":"https:\/\/exaudi.org\/#\/schema\/person\/e1ab6ed07c01774724dd96f925f3a5f0","name":"Exaudi Redazione","image":{"@type":"ImageObject","inLanguage":"it-IT","@id":"https:\/\/secure.gravatar.com\/avatar\/ad6774b3ada023bf5b939d64f45c94b3adf91502dd883507d469b4308a943bb3?s=96&d=mm&r=g","url":"https:\/\/secure.gravatar.com\/avatar\/ad6774b3ada023bf5b939d64f45c94b3adf91502dd883507d469b4308a943bb3?s=96&d=mm&r=g","contentUrl":"https:\/\/secure.gravatar.com\/avatar\/ad6774b3ada023bf5b939d64f45c94b3adf91502dd883507d469b4308a943bb3?s=96&d=mm&r=g","caption":"Exaudi Redazione"},"description":"Che cosa \u00e8 Exaudi News? Exaudi News \u00e8 un agenzia cattolica internazionale che informa, istruisce e trasforma quotidianamente in spagnolo, inglese e italiano. Attraverso notizie, articoli di analisi e trasmissioni in diretta degli eventi del Papa, Exaudi cerca di rafforzare l'unit\u00e0 dei cristiani e di contribuire all'evangelizzazione del mondo, sempre guidato dalla dottrina sociale della Chiesa. Lavoriamo per portare la verit\u00e0 e i valori cristiani in ogni angolo del pianeta. Aiutaci a trasformare il mondo con Exaudi! Noi di Exaudi crediamo che l'evangelizzazione e l'informazione di qualit\u00e0 possano cambiare la vita. Per continuare la nostra missione ed espandere la nostra portata, abbiamo bisogno del tuo aiuto. Stiamo anche cercando persone motivate che vogliano unirsi al nostro team. Grazie al vostro sostegno raggiungeremo pi\u00f9 persone, diffonderemo il messaggio di Cristo e rafforzeremo l'unit\u00e0 dei cristiani. Vuoi unirti alla nostra missione? Per maggiori informazioni su come contribuire, visita Exaudi.org\/it o contattaci direttamente: info@exaudi.org Exaudi: informa, forma e trasforma.","sameAs":["https:\/\/www.facebook.com\/ExaudiNotizie\/","https:\/\/www.instagram.com\/Exaudi_notizie\/","https:\/\/x.com\/Exaudi_Notizie","https:\/\/www.youtube.com\/@exaudicatholicnews"],"url":"https:\/\/exaudi.org\/it\/author\/dlvedi-org\/"}]}},"jetpack_featured_media_url":"https:\/\/exaudi.org\/wp-content\/uploads\/2022\/03\/consacrazione-3.jpg","jetpack_shortlink":"https:\/\/wp.me\/pgKjF2-ekA","_links":{"self":[{"href":"https:\/\/exaudi.org\/it\/wp-json\/wp\/v2\/posts\/55092","targetHints":{"allow":["GET"]}}],"collection":[{"href":"https:\/\/exaudi.org\/it\/wp-json\/wp\/v2\/posts"}],"about":[{"href":"https:\/\/exaudi.org\/it\/wp-json\/wp\/v2\/types\/post"}],"author":[{"embeddable":true,"href":"https:\/\/exaudi.org\/it\/wp-json\/wp\/v2\/users\/17"}],"replies":[{"embeddable":true,"href":"https:\/\/exaudi.org\/it\/wp-json\/wp\/v2\/comments?post=55092"}],"version-history":[{"count":0,"href":"https:\/\/exaudi.org\/it\/wp-json\/wp\/v2\/posts\/55092\/revisions"}],"wp:featuredmedia":[{"embeddable":true,"href":"https:\/\/exaudi.org\/it\/wp-json\/wp\/v2\/media\/55135"}],"wp:attachment":[{"href":"https:\/\/exaudi.org\/it\/wp-json\/wp\/v2\/media?parent=55092"}],"wp:term":[{"taxonomy":"category","embeddable":true,"href":"https:\/\/exaudi.org\/it\/wp-json\/wp\/v2\/categories?post=55092"},{"taxonomy":"post_tag","embeddable":true,"href":"https:\/\/exaudi.org\/it\/wp-json\/wp\/v2\/tags?post=55092"}],"curies":[{"name":"wp","href":"https:\/\/api.w.org\/{rel}","templated":true}]}}