{"id":55072,"date":"2022-03-25T14:56:46","date_gmt":"2022-03-25T13:56:46","guid":{"rendered":"https:\/\/exaudi.org\/?p=55072"},"modified":"2022-03-25T14:56:46","modified_gmt":"2022-03-25T13:56:46","slug":"la-confessione-cura-lanima-e-la-psiche","status":"publish","type":"post","link":"https:\/\/exaudi.org\/it\/la-confessione-cura-lanima-e-la-psiche\/","title":{"rendered":"La confessione cura l\u2019anima e la psiche"},"content":{"rendered":"<p>Sono circa 800 sacerdoti i partecipanti al XXXII corso sul Foro interno promosso dalla <a href=\"http:\/\/www.penitenzieria.va\/content\/penitenzieriaapostolica\/it.html\">Penitenzieria Apostolica<\/a>, sul sacramento della confessione. Numeri importanti, come ha sottolineato lo stesso Papa che questa mattina li ha ricevuti nell\u2019Aula Paolo VI. Ad accompagnare i chierici c\u2019erano il Cardinale Mauro Piacenza, Penitenziere Maggiore, il Reggente Krzysztof J\u00f3zef Nykiel, i prelati, gli officiali e il personale della Penitenzieria, i Collegi dei Penitenzieri ordinari e straordinari delle Basiliche Papali. Secondo il Papa, una partecipazione cos\u00ec ampia \u201c\u00e8 un buon segno, perch\u00e9 oggi una mentalit\u00e0 diffusa stenta a comprendere la dimensione soprannaturale, o persino vorrebbe negarla\u201d.<\/p>\n<p>\u201cPu\u00f2 far bene, non solo a voi, ma a tutti i sacerdoti confessori, magari approfittando del tempo quaresimale, rileggere e meditare la Nota sul foro interno e l\u2019inviolabilit\u00e0 del sigillo sacramentale, pubblicata dalla Penitenzieria Apostolica nel 2019. Essa tocca aspetti di grande attualit\u00e0, e soprattutto ci aiuta a riscoprire quanto sia prezioso e necessario, anche ai nostri giorni, il ministero della Riconciliazione, che rende visibile e realizza la misericordia di Dio per gli uomini.<\/p>\n<h2>Il perdono, diritto umano<\/h2>\n<p>In una recente intervista, con un\u2019espressione inconsueta, ho affermato che \u201cil perdono \u00e8 un diritto umano\u201d. In effetti, esso \u00e8 ci\u00f2 a cui pi\u00f9 profondamente anela il cuore di ogni uomo, perch\u00e9, in fondo, essere perdonati significa essere amati per quello che siamo, malgrado i nostri limiti e i nostri peccati. E il perdono \u00e8 un \u201cdiritto\u201d nel senso che Dio, nel mistero pasquale di Cristo, lo ha donato in modo totale e irreversibile ad ogni uomo disponibile ad accoglierlo, con cuore umile e pentito.<\/p>\n<p>Dispensando generosamente il perdono di Dio, noi confessori collaboriamo alla guarigione degli uomini e del mondo; cooperiamo alla realizzazione di quell\u2019amore e di quella pace a cui ogni cuore umano anela tanto intensamente; contribuiamo, permettetemi la parola, a una \u201cecologia\u201d spirituale del mondo. Vorrei offrirvi alcuni spunti di riflessione e revisione di vita intorno a tre parole-chiave: accoglienza, ascolto, accompagnamento. Tre dimensioni essenziali del ministero del confessore; tre facce dell\u2019amore, alle quali va aggiunta la gioia, che sempre lo accompagna.<\/p>\n<h2>Accoglienza<\/h2>\n<p>L\u2019accoglienza dev\u2019essere la prima caratteristica del confessore. \u00c8 quella che aiuta il penitente ad accostarsi al Sacramento con lo spirito giusto, a non stare ripiegato su s\u00e9 stesso e il proprio peccato, ma ad aprirsi alla paternit\u00e0 di Dio, al dono della Grazia. L\u2019accoglienza \u00e8 la misura della carit\u00e0 pastorale, che avete maturato nel cammino di formazione al sacerdozio ed \u00e8 ricca di frutti sia per il penitente sia per lo stesso confessore, che vive la sua paternit\u00e0, come il padre del figlio prodigo, pieno di gioia per il ritorno del figlio. Abbiamo noi questa accoglienza e questa gioia?<\/p>\n<h2>Ascolto<\/h2>\n<p>Il secondo elemento \u00e8 l\u2019ascolto. Ascoltare \u2013 lo sappiamo \u2013 \u00e8 pi\u00f9 che udire. Richiede una disposizione interiore fatta di attenzione, di disponibilit\u00e0, di pazienza. Si devono lasciare i propri pensieri, i propri schemi, per aprire davvero la mente e il cuore all\u2019ascolto. Se, mentre l\u2019altro parla, tu stai gi\u00e0 pensando a cosa dire, a cosa rispondere, allora tu non stai ascoltando lui o lei, ma te stesso. In alcune confessioni, non si deve dire nulla o quasi \u2013 intendo come consiglio o esortazione &#8211; ma solo si deve ascoltare e perdonare. L\u2019ascolto \u00e8 una forma di amore che fa sentire l\u2019altro davvero amato.<\/p>\n<p>E quante volte la confessione del penitente diventa anche esame di coscienza per il confessore! Di fronte a certe anime fedeli, ci viene da chiederci: ho io questa coscienza di Ges\u00f9 Cristo vivo? Ho questa carit\u00e0 verso gli altri? Questa capacit\u00e0 di mettermi in discussione?<\/p>\n<p>L\u2019ascolto implica una sorta di svuotamento: svuotarmi del mio io per accogliere l\u2019altro. \u00c8 un atto di fede nella potenza di Dio e nel compito che il Signore ci ha affidato. Solo per fede i fratelli e le sorelle aprono al confessore il loro cuore; quindi, hanno il diritto di essere ascoltati con fede, e con quella carit\u00e0 che il Padre riserva ai figli. E questo genera gioia!<\/p>\n<h2>Accompagnamento<\/h2>\n<p>La terza parola-chiave \u00e8 accompagnamento. Il confessore non decide al posto del fedele, non \u00e8 il padrone della coscienza dell\u2019altro. Il confessore, semplicemente, accompagna, con tutta la prudenza, il discernimento e la carit\u00e0 di cui \u00e8 capace, al riconoscimento della verit\u00e0 e della volont\u00e0 di Dio nella concreta esperienza del penitente. \u00c8 sempre necessario distinguere il colloquio della confessione vera e propria, vincolato dal sigillo, dal dialogo di accompagnamento spirituale, riservato anch\u2019esso, seppure in forma differente. Il confessore ha sempre come obiettivo l\u2019universale chiamata alla santit\u00e0, e accompagnare discretamente ad essa.<\/p>\n<p>Accompagnare vuol dire prendersi cura dell\u2019altro, camminare insieme a lui o a lei. Non basta indicare una meta, se poi non si \u00e8 disposti a fare nemmeno un tratto di strada insieme. Per quanto breve possa essere il colloquio della confessione, da pochi dettagli si comprende gi\u00e0 quali siano i bisogni del fratello o della sorella: ad essi siamo chiamati a rispondere, accompagnando soprattutto alla comprensione e all\u2019accoglienza della volont\u00e0 di Dio, che \u00e8 sempre la via del bene pi\u00f9 grande, la via della gioia e della pace.<\/p>\n<h2>Confessione, medicina per l\u2019anima e la psiche<\/h2>\n<p>Cari fratelli, ringrazio il Signore con voi per il ministero che svolgete, o che presto vi verr\u00e0 affidato, al servizio della santificazione del Popolo fedele di Dio. Mi raccomando: abitate volentieri il confessionale, accogliete, ascoltate, accompagnate, sapendo che tutti, ma proprio tutti hanno bisogno del perdono, cio\u00e8 di sentire di essere amati come figli da Dio Padre. Le parole che pronunciamo: \u201cIo ti assolvo dai tuoi peccati\u201d, significano anche \u201ctu, fratello, sorella, sei prezioso, preziosa per Dio; \u00e8 un bene che tu ci sia\u201d. E questa \u00e8 una potentissima medicina per l\u2019anima, e anche per la psiche di tutti.<\/p>\n<p>Si avvicina il Giubileo del 2025. Colgo questa occasione per invitare fin da ora la Penitenzieria, alla cui cura \u00e8 affidato, per cos\u00ec dire, il \u201cnucleo profondo\u201d di ogni Giubileo, a disporre, in accordo con gli altri organi interessati, quanto necessario perch\u00e9 sia il pi\u00f9 fruttuoso possibile il prossimo Anno Santo. Vi incoraggio a utilizzare tutta la creativit\u00e0 che lo Spirito suggerisce, perch\u00e9 la misericordia di Dio possa giungere ovunque e a tutti: perdono e indulgenza!<\/p>\n","protected":false},"excerpt":{"rendered":"<p>Le parole del Papa ai partecipanti al corso sul sacramento della Riconciliazione<\/p>\n","protected":false},"author":17,"featured_media":55076,"comment_status":"closed","ping_status":"closed","sticky":false,"template":"","format":"standard","meta":{"_acf_changed":false,"_crdt_document":"","inline_featured_image":false,"footnotes":""},"categories":[67],"tags":[560,2487,251,880],"class_list":["post-55072","post","type-post","status-publish","format-standard","has-post-thumbnail","hentry","category-leone-xiv","tag-confessione","tag-featured-3","tag-papa-francesco","tag-perdono"],"acf":[],"yoast_head":"<!-- This site is optimized with the Yoast SEO plugin v27.4 - https:\/\/yoast.com\/product\/yoast-seo-wordpress\/ -->\n<title>La confessione cura l\u2019anima e la psiche &#8211; Exaudi<\/title>\n<meta name=\"description\" content=\"Udienza del Papa ai partecipanti al corso sul sacramento della Riconciliazione: La confessione medicina per l\u2019anima e la psiche\" \/>\n<meta name=\"robots\" content=\"index, follow, max-snippet:-1, max-image-preview:large, max-video-preview:-1\" \/>\n<link rel=\"canonical\" href=\"https:\/\/exaudi.org\/it\/la-confessione-cura-lanima-e-la-psiche\/\" \/>\n<meta property=\"og:locale\" content=\"it_IT\" \/>\n<meta property=\"og:type\" content=\"article\" \/>\n<meta property=\"og:title\" content=\"La confessione cura l\u2019anima e la psiche &#8211; Exaudi\" \/>\n<meta property=\"og:description\" content=\"Udienza del Papa ai partecipanti al corso sul sacramento della Riconciliazione: La confessione medicina per l\u2019anima e la psiche\" \/>\n<meta property=\"og:url\" content=\"https:\/\/exaudi.org\/it\/la-confessione-cura-lanima-e-la-psiche\/\" \/>\n<meta property=\"og:site_name\" content=\"Exaudi\" \/>\n<meta property=\"article:publisher\" content=\"https:\/\/www.facebook.com\/ExaudiNews\" \/>\n<meta property=\"article:author\" content=\"https:\/\/www.facebook.com\/ExaudiNotizie\/\" \/>\n<meta property=\"article:published_time\" content=\"2022-03-25T13:56:46+00:00\" \/>\n<meta property=\"og:image\" content=\"https:\/\/exaudi.org\/wp-content\/uploads\/2022\/03\/confessione-scaled.jpg\" \/>\n\t<meta property=\"og:image:width\" content=\"2560\" \/>\n\t<meta property=\"og:image:height\" content=\"1707\" \/>\n\t<meta property=\"og:image:type\" content=\"image\/jpeg\" \/>\n<meta name=\"author\" content=\"Exaudi Redazione\" \/>\n<meta name=\"twitter:card\" content=\"summary_large_image\" \/>\n<meta name=\"twitter:creator\" content=\"@Exaudi_Notizie\" \/>\n<meta name=\"twitter:site\" content=\"@Exaudi_News\" \/>\n<meta name=\"twitter:label1\" content=\"Scritto da\" \/>\n\t<meta name=\"twitter:data1\" content=\"Exaudi Redazione\" \/>\n\t<meta name=\"twitter:label2\" content=\"Tempo di lettura stimato\" \/>\n\t<meta name=\"twitter:data2\" content=\"6 minuti\" \/>\n<script type=\"application\/ld+json\" class=\"yoast-schema-graph\">{\"@context\":\"https:\\\/\\\/schema.org\",\"@graph\":[{\"@type\":\"Article\",\"@id\":\"https:\\\/\\\/exaudi.org\\\/it\\\/la-confessione-cura-lanima-e-la-psiche\\\/#article\",\"isPartOf\":{\"@id\":\"https:\\\/\\\/exaudi.org\\\/it\\\/la-confessione-cura-lanima-e-la-psiche\\\/\"},\"author\":{\"name\":\"Exaudi Redazione\",\"@id\":\"https:\\\/\\\/exaudi.org\\\/#\\\/schema\\\/person\\\/e1ab6ed07c01774724dd96f925f3a5f0\"},\"headline\":\"La confessione cura l\u2019anima e la psiche\",\"datePublished\":\"2022-03-25T13:56:46+00:00\",\"mainEntityOfPage\":{\"@id\":\"https:\\\/\\\/exaudi.org\\\/it\\\/la-confessione-cura-lanima-e-la-psiche\\\/\"},\"wordCount\":1027,\"image\":{\"@id\":\"https:\\\/\\\/exaudi.org\\\/it\\\/la-confessione-cura-lanima-e-la-psiche\\\/#primaryimage\"},\"thumbnailUrl\":\"https:\\\/\\\/exaudi.org\\\/wp-content\\\/uploads\\\/2022\\\/03\\\/confessione-scaled.jpg\",\"keywords\":[\"confessione\",\"Featured\",\"Papa Francesco\",\"perdono\"],\"articleSection\":[\"Leone XIV\"],\"inLanguage\":\"it-IT\"},{\"@type\":\"WebPage\",\"@id\":\"https:\\\/\\\/exaudi.org\\\/it\\\/la-confessione-cura-lanima-e-la-psiche\\\/\",\"url\":\"https:\\\/\\\/exaudi.org\\\/it\\\/la-confessione-cura-lanima-e-la-psiche\\\/\",\"name\":\"La confessione cura l\u2019anima e la psiche &#8211; Exaudi\",\"isPartOf\":{\"@id\":\"https:\\\/\\\/exaudi.org\\\/#website\"},\"primaryImageOfPage\":{\"@id\":\"https:\\\/\\\/exaudi.org\\\/it\\\/la-confessione-cura-lanima-e-la-psiche\\\/#primaryimage\"},\"image\":{\"@id\":\"https:\\\/\\\/exaudi.org\\\/it\\\/la-confessione-cura-lanima-e-la-psiche\\\/#primaryimage\"},\"thumbnailUrl\":\"https:\\\/\\\/exaudi.org\\\/wp-content\\\/uploads\\\/2022\\\/03\\\/confessione-scaled.jpg\",\"datePublished\":\"2022-03-25T13:56:46+00:00\",\"author\":{\"@id\":\"https:\\\/\\\/exaudi.org\\\/#\\\/schema\\\/person\\\/e1ab6ed07c01774724dd96f925f3a5f0\"},\"description\":\"Udienza del Papa ai partecipanti al corso sul sacramento della Riconciliazione: La confessione medicina per l\u2019anima e la psiche\",\"breadcrumb\":{\"@id\":\"https:\\\/\\\/exaudi.org\\\/it\\\/la-confessione-cura-lanima-e-la-psiche\\\/#breadcrumb\"},\"inLanguage\":\"it-IT\",\"potentialAction\":[{\"@type\":\"ReadAction\",\"target\":[\"https:\\\/\\\/exaudi.org\\\/it\\\/la-confessione-cura-lanima-e-la-psiche\\\/\"]}]},{\"@type\":\"ImageObject\",\"inLanguage\":\"it-IT\",\"@id\":\"https:\\\/\\\/exaudi.org\\\/it\\\/la-confessione-cura-lanima-e-la-psiche\\\/#primaryimage\",\"url\":\"https:\\\/\\\/exaudi.org\\\/wp-content\\\/uploads\\\/2022\\\/03\\\/confessione-scaled.jpg\",\"contentUrl\":\"https:\\\/\\\/exaudi.org\\\/wp-content\\\/uploads\\\/2022\\\/03\\\/confessione-scaled.jpg\",\"width\":2560,\"height\":1707,\"caption\":\"(C) Alessandro Vicentino - Cathopic\"},{\"@type\":\"BreadcrumbList\",\"@id\":\"https:\\\/\\\/exaudi.org\\\/it\\\/la-confessione-cura-lanima-e-la-psiche\\\/#breadcrumb\",\"itemListElement\":[{\"@type\":\"ListItem\",\"position\":1,\"name\":\"Portada\",\"item\":\"https:\\\/\\\/exaudi.org\\\/it\\\/\"},{\"@type\":\"ListItem\",\"position\":2,\"name\":\"La confessione cura l\u2019anima e la psiche\"}]},{\"@type\":\"WebSite\",\"@id\":\"https:\\\/\\\/exaudi.org\\\/#website\",\"url\":\"https:\\\/\\\/exaudi.org\\\/\",\"name\":\"Exaudi\",\"description\":\"News\",\"potentialAction\":[{\"@type\":\"SearchAction\",\"target\":{\"@type\":\"EntryPoint\",\"urlTemplate\":\"https:\\\/\\\/exaudi.org\\\/?s={search_term_string}\"},\"query-input\":{\"@type\":\"PropertyValueSpecification\",\"valueRequired\":true,\"valueName\":\"search_term_string\"}}],\"inLanguage\":\"it-IT\"},{\"@type\":\"Person\",\"@id\":\"https:\\\/\\\/exaudi.org\\\/#\\\/schema\\\/person\\\/e1ab6ed07c01774724dd96f925f3a5f0\",\"name\":\"Exaudi Redazione\",\"image\":{\"@type\":\"ImageObject\",\"inLanguage\":\"it-IT\",\"@id\":\"https:\\\/\\\/secure.gravatar.com\\\/avatar\\\/ad6774b3ada023bf5b939d64f45c94b3adf91502dd883507d469b4308a943bb3?s=96&d=mm&r=g\",\"url\":\"https:\\\/\\\/secure.gravatar.com\\\/avatar\\\/ad6774b3ada023bf5b939d64f45c94b3adf91502dd883507d469b4308a943bb3?s=96&d=mm&r=g\",\"contentUrl\":\"https:\\\/\\\/secure.gravatar.com\\\/avatar\\\/ad6774b3ada023bf5b939d64f45c94b3adf91502dd883507d469b4308a943bb3?s=96&d=mm&r=g\",\"caption\":\"Exaudi Redazione\"},\"description\":\"Che cosa \u00e8 Exaudi News? Exaudi News \u00e8 un agenzia cattolica internazionale che informa, istruisce e trasforma quotidianamente in spagnolo, inglese e italiano. Attraverso notizie, articoli di analisi e trasmissioni in diretta degli eventi del Papa, Exaudi cerca di rafforzare l'unit\u00e0 dei cristiani e di contribuire all'evangelizzazione del mondo, sempre guidato dalla dottrina sociale della Chiesa. Lavoriamo per portare la verit\u00e0 e i valori cristiani in ogni angolo del pianeta. Aiutaci a trasformare il mondo con Exaudi! Noi di Exaudi crediamo che l'evangelizzazione e l'informazione di qualit\u00e0 possano cambiare la vita. Per continuare la nostra missione ed espandere la nostra portata, abbiamo bisogno del tuo aiuto. Stiamo anche cercando persone motivate che vogliano unirsi al nostro team. Grazie al vostro sostegno raggiungeremo pi\u00f9 persone, diffonderemo il messaggio di Cristo e rafforzeremo l'unit\u00e0 dei cristiani. Vuoi unirti alla nostra missione? Per maggiori informazioni su come contribuire, visita Exaudi.org\\\/it o contattaci direttamente: info@exaudi.org Exaudi: informa, forma e trasforma.\",\"sameAs\":[\"https:\\\/\\\/www.facebook.com\\\/ExaudiNotizie\\\/\",\"https:\\\/\\\/www.instagram.com\\\/Exaudi_notizie\\\/\",\"https:\\\/\\\/x.com\\\/Exaudi_Notizie\",\"https:\\\/\\\/www.youtube.com\\\/@exaudicatholicnews\"],\"url\":\"https:\\\/\\\/exaudi.org\\\/it\\\/author\\\/dlvedi-org\\\/\"}]}<\/script>\n<!-- \/ Yoast SEO plugin. -->","yoast_head_json":{"title":"La confessione cura l\u2019anima e la psiche &#8211; Exaudi","description":"Udienza del Papa ai partecipanti al corso sul sacramento della Riconciliazione: La confessione medicina per l\u2019anima e la psiche","robots":{"index":"index","follow":"follow","max-snippet":"max-snippet:-1","max-image-preview":"max-image-preview:large","max-video-preview":"max-video-preview:-1"},"canonical":"https:\/\/exaudi.org\/it\/la-confessione-cura-lanima-e-la-psiche\/","og_locale":"it_IT","og_type":"article","og_title":"La confessione cura l\u2019anima e la psiche &#8211; Exaudi","og_description":"Udienza del Papa ai partecipanti al corso sul sacramento della Riconciliazione: La confessione medicina per l\u2019anima e la psiche","og_url":"https:\/\/exaudi.org\/it\/la-confessione-cura-lanima-e-la-psiche\/","og_site_name":"Exaudi","article_publisher":"https:\/\/www.facebook.com\/ExaudiNews","article_author":"https:\/\/www.facebook.com\/ExaudiNotizie\/","article_published_time":"2022-03-25T13:56:46+00:00","og_image":[{"width":2560,"height":1707,"url":"https:\/\/exaudi.org\/wp-content\/uploads\/2022\/03\/confessione-scaled.jpg","type":"image\/jpeg"}],"author":"Exaudi Redazione","twitter_card":"summary_large_image","twitter_creator":"@Exaudi_Notizie","twitter_site":"@Exaudi_News","twitter_misc":{"Scritto da":"Exaudi Redazione","Tempo di lettura stimato":"6 minuti"},"schema":{"@context":"https:\/\/schema.org","@graph":[{"@type":"Article","@id":"https:\/\/exaudi.org\/it\/la-confessione-cura-lanima-e-la-psiche\/#article","isPartOf":{"@id":"https:\/\/exaudi.org\/it\/la-confessione-cura-lanima-e-la-psiche\/"},"author":{"name":"Exaudi Redazione","@id":"https:\/\/exaudi.org\/#\/schema\/person\/e1ab6ed07c01774724dd96f925f3a5f0"},"headline":"La confessione cura l\u2019anima e la psiche","datePublished":"2022-03-25T13:56:46+00:00","mainEntityOfPage":{"@id":"https:\/\/exaudi.org\/it\/la-confessione-cura-lanima-e-la-psiche\/"},"wordCount":1027,"image":{"@id":"https:\/\/exaudi.org\/it\/la-confessione-cura-lanima-e-la-psiche\/#primaryimage"},"thumbnailUrl":"https:\/\/exaudi.org\/wp-content\/uploads\/2022\/03\/confessione-scaled.jpg","keywords":["confessione","Featured","Papa Francesco","perdono"],"articleSection":["Leone XIV"],"inLanguage":"it-IT"},{"@type":"WebPage","@id":"https:\/\/exaudi.org\/it\/la-confessione-cura-lanima-e-la-psiche\/","url":"https:\/\/exaudi.org\/it\/la-confessione-cura-lanima-e-la-psiche\/","name":"La confessione cura l\u2019anima e la psiche &#8211; Exaudi","isPartOf":{"@id":"https:\/\/exaudi.org\/#website"},"primaryImageOfPage":{"@id":"https:\/\/exaudi.org\/it\/la-confessione-cura-lanima-e-la-psiche\/#primaryimage"},"image":{"@id":"https:\/\/exaudi.org\/it\/la-confessione-cura-lanima-e-la-psiche\/#primaryimage"},"thumbnailUrl":"https:\/\/exaudi.org\/wp-content\/uploads\/2022\/03\/confessione-scaled.jpg","datePublished":"2022-03-25T13:56:46+00:00","author":{"@id":"https:\/\/exaudi.org\/#\/schema\/person\/e1ab6ed07c01774724dd96f925f3a5f0"},"description":"Udienza del Papa ai partecipanti al corso sul sacramento della Riconciliazione: La confessione medicina per l\u2019anima e la psiche","breadcrumb":{"@id":"https:\/\/exaudi.org\/it\/la-confessione-cura-lanima-e-la-psiche\/#breadcrumb"},"inLanguage":"it-IT","potentialAction":[{"@type":"ReadAction","target":["https:\/\/exaudi.org\/it\/la-confessione-cura-lanima-e-la-psiche\/"]}]},{"@type":"ImageObject","inLanguage":"it-IT","@id":"https:\/\/exaudi.org\/it\/la-confessione-cura-lanima-e-la-psiche\/#primaryimage","url":"https:\/\/exaudi.org\/wp-content\/uploads\/2022\/03\/confessione-scaled.jpg","contentUrl":"https:\/\/exaudi.org\/wp-content\/uploads\/2022\/03\/confessione-scaled.jpg","width":2560,"height":1707,"caption":"(C) Alessandro Vicentino - Cathopic"},{"@type":"BreadcrumbList","@id":"https:\/\/exaudi.org\/it\/la-confessione-cura-lanima-e-la-psiche\/#breadcrumb","itemListElement":[{"@type":"ListItem","position":1,"name":"Portada","item":"https:\/\/exaudi.org\/it\/"},{"@type":"ListItem","position":2,"name":"La confessione cura l\u2019anima e la psiche"}]},{"@type":"WebSite","@id":"https:\/\/exaudi.org\/#website","url":"https:\/\/exaudi.org\/","name":"Exaudi","description":"News","potentialAction":[{"@type":"SearchAction","target":{"@type":"EntryPoint","urlTemplate":"https:\/\/exaudi.org\/?s={search_term_string}"},"query-input":{"@type":"PropertyValueSpecification","valueRequired":true,"valueName":"search_term_string"}}],"inLanguage":"it-IT"},{"@type":"Person","@id":"https:\/\/exaudi.org\/#\/schema\/person\/e1ab6ed07c01774724dd96f925f3a5f0","name":"Exaudi Redazione","image":{"@type":"ImageObject","inLanguage":"it-IT","@id":"https:\/\/secure.gravatar.com\/avatar\/ad6774b3ada023bf5b939d64f45c94b3adf91502dd883507d469b4308a943bb3?s=96&d=mm&r=g","url":"https:\/\/secure.gravatar.com\/avatar\/ad6774b3ada023bf5b939d64f45c94b3adf91502dd883507d469b4308a943bb3?s=96&d=mm&r=g","contentUrl":"https:\/\/secure.gravatar.com\/avatar\/ad6774b3ada023bf5b939d64f45c94b3adf91502dd883507d469b4308a943bb3?s=96&d=mm&r=g","caption":"Exaudi Redazione"},"description":"Che cosa \u00e8 Exaudi News? Exaudi News \u00e8 un agenzia cattolica internazionale che informa, istruisce e trasforma quotidianamente in spagnolo, inglese e italiano. Attraverso notizie, articoli di analisi e trasmissioni in diretta degli eventi del Papa, Exaudi cerca di rafforzare l'unit\u00e0 dei cristiani e di contribuire all'evangelizzazione del mondo, sempre guidato dalla dottrina sociale della Chiesa. Lavoriamo per portare la verit\u00e0 e i valori cristiani in ogni angolo del pianeta. Aiutaci a trasformare il mondo con Exaudi! Noi di Exaudi crediamo che l'evangelizzazione e l'informazione di qualit\u00e0 possano cambiare la vita. Per continuare la nostra missione ed espandere la nostra portata, abbiamo bisogno del tuo aiuto. Stiamo anche cercando persone motivate che vogliano unirsi al nostro team. Grazie al vostro sostegno raggiungeremo pi\u00f9 persone, diffonderemo il messaggio di Cristo e rafforzeremo l'unit\u00e0 dei cristiani. Vuoi unirti alla nostra missione? Per maggiori informazioni su come contribuire, visita Exaudi.org\/it o contattaci direttamente: info@exaudi.org Exaudi: informa, forma e trasforma.","sameAs":["https:\/\/www.facebook.com\/ExaudiNotizie\/","https:\/\/www.instagram.com\/Exaudi_notizie\/","https:\/\/x.com\/Exaudi_Notizie","https:\/\/www.youtube.com\/@exaudicatholicnews"],"url":"https:\/\/exaudi.org\/it\/author\/dlvedi-org\/"}]}},"jetpack_featured_media_url":"https:\/\/exaudi.org\/wp-content\/uploads\/2022\/03\/confessione-scaled.jpg","jetpack_shortlink":"https:\/\/wp.me\/pgKjF2-ekg","_links":{"self":[{"href":"https:\/\/exaudi.org\/it\/wp-json\/wp\/v2\/posts\/55072","targetHints":{"allow":["GET"]}}],"collection":[{"href":"https:\/\/exaudi.org\/it\/wp-json\/wp\/v2\/posts"}],"about":[{"href":"https:\/\/exaudi.org\/it\/wp-json\/wp\/v2\/types\/post"}],"author":[{"embeddable":true,"href":"https:\/\/exaudi.org\/it\/wp-json\/wp\/v2\/users\/17"}],"replies":[{"embeddable":true,"href":"https:\/\/exaudi.org\/it\/wp-json\/wp\/v2\/comments?post=55072"}],"version-history":[{"count":0,"href":"https:\/\/exaudi.org\/it\/wp-json\/wp\/v2\/posts\/55072\/revisions"}],"wp:featuredmedia":[{"embeddable":true,"href":"https:\/\/exaudi.org\/it\/wp-json\/wp\/v2\/media\/55076"}],"wp:attachment":[{"href":"https:\/\/exaudi.org\/it\/wp-json\/wp\/v2\/media?parent=55072"}],"wp:term":[{"taxonomy":"category","embeddable":true,"href":"https:\/\/exaudi.org\/it\/wp-json\/wp\/v2\/categories?post=55072"},{"taxonomy":"post_tag","embeddable":true,"href":"https:\/\/exaudi.org\/it\/wp-json\/wp\/v2\/tags?post=55072"}],"curies":[{"name":"wp","href":"https:\/\/api.w.org\/{rel}","templated":true}]}}