{"id":54875,"date":"2022-03-23T13:28:10","date_gmt":"2022-03-23T12:28:10","guid":{"rendered":"https:\/\/exaudi.org\/?p=54875"},"modified":"2022-03-23T13:28:10","modified_gmt":"2022-03-23T12:28:10","slug":"la-guerra-e-una-sconfitta-dellumanita","status":"publish","type":"post","link":"https:\/\/exaudi.org\/it\/la-guerra-e-una-sconfitta-dellumanita\/","title":{"rendered":"\u201cLa guerra \u00e8 una sconfitta dell\u2019umanit\u00e0\u201d"},"content":{"rendered":"<p>L\u2019udienza generale del mercoled\u00ec, durante la quale Papa Francesco ha continuato la sua catechesi sulla vecchiaia, \u00e8 stata l\u2019occasione ancora una volta per parlare della guerra in Ucraina. In particolare, nei saluti ai pellegrini italiani il S. Padre ha detto: \u201cVorrei prendere un minuto per ricordare le vittime della guerra. Le notizie delle persone sfollate, delle persone che fuggono, delle persone morte, delle persone ferite, di tanti soldati caduti da una parte e dall\u2019altra, sono notizie di morte. Chiediamo al Signore della vita che ci liberi da questa morte della guerra. Con la guerra tutto si perde, tutto. Non c\u2019\u00e8 vittoria in una guerra: tutto \u00e8 sconfitto. Che il Signore invii il suo Spirito perch\u00e9 ci faccia capire che la guerra \u00e8 una sconfitta dell\u2019umanit\u00e0, ci faccia capire che occorre invece sconfiggere la guerra.<\/p>\n<p>Lo Spirito del Signore ci liberi tutti da questo bisogno di auto-distruzione, che si manifesta facendo la guerra. Preghiamo anche perch\u00e9 i governanti capiscano che comprare armi e fare armi non \u00e8 la soluzione del problema. La soluzione \u00e8 lavorare insieme per la pace e, come dice la Bibbia, fare delle armi strumenti per la pace\u201d ed ha concluso invitando a pregare insieme la Madonna.<\/p>\n<h2>La Consacrazione a Fatima<\/h2>\n<p>Ai pellegrini portoghesi aveva anche ricordato la Consacrazione di venerd\u00ec: \u201cVi invito a unirvi a me e ai miei fratelli vescovi nell\u2019<a href=\"https:\/\/exaudi.org\/it\/ecco-il-testo-della-consacrazione-al-cuore-immacolato-di-maria\/\">Atto di Consacrazione<\/a> all\u2019Immacolato Cuore di Maria, nel prossimo 25 marzo, chiedendo fiduciosamente al Signore, per intercessione della Madonna di Fatima, il dono della pace\u201d. A Fatima, infatti, la Consacrazione sar\u00e0 ripetuta dal cardinale Krajewski.<\/p>\n<h2>I polacchi e i rifugiati<\/h2>\n<p>Infine, rivolgendosi ai pellegrini polacchi, il Papa ha detto: \u201cQuest&#8217;anno, nel cammino di penitenza quaresimale, digiuniamo e chiediamo a Dio la pace, sconvolta dalla guerra in corso in Ucraina. In Polonia, voi ne siete testimoni accogliendo i rifugiati e ascoltando i loro racconti. Mentre ci prepariamo a vivere un giorno speciale di preghiera nella solennit\u00e0 dell&#8217;Annunciazione del Signore, chiediamo che la Madre di Dio sollevi i cuori dei nostri fratelli e sorelle afflitti dalla crudelt\u00e0 della guerra. L\u2019atto di consacrazione dei popoli al suo Cuore Immacolato porti la pace al mondo intero\u201d.<\/p>\n","protected":false},"excerpt":{"rendered":"<p>All\u2019udienza generale il Papa ricorda le vittime del conflitto in Ucraina e i profughi<\/p>\n","protected":false},"author":17,"featured_media":54884,"comment_status":"closed","ping_status":"closed","sticky":false,"template":"","format":"standard","meta":{"_acf_changed":false,"_crdt_document":"","inline_featured_image":false,"footnotes":""},"categories":[67],"tags":[785,251,509,1774,4952,1773],"class_list":["post-54875","post","type-post","status-publish","format-standard","has-post-thumbnail","hentry","category-leone-xiv","tag-guerra","tag-papa-francesco","tag-profughi","tag-russia","tag-trending-it","tag-ucraina"],"acf":[],"yoast_head":"<!-- This site is optimized with the Yoast SEO plugin v27.5 - https:\/\/yoast.com\/product\/yoast-seo-wordpress\/ -->\n<title>\u201cLa guerra \u00e8 una sconfitta dell\u2019umanit\u00e0\u201d &#8211; Exaudi<\/title>\n<meta name=\"description\" content=\"All\u2019udienza generale il Papa ricorda le vittime del conflitto in Ucraina e i profughi: \u201cLa guerra \u00e8 una sconfitta dell\u2019umanit\u00e0\u201d\" \/>\n<meta name=\"robots\" content=\"index, follow, max-snippet:-1, max-image-preview:large, max-video-preview:-1\" \/>\n<link rel=\"canonical\" href=\"https:\/\/exaudi.org\/it\/la-guerra-e-una-sconfitta-dellumanita\/\" \/>\n<meta property=\"og:locale\" content=\"it_IT\" \/>\n<meta property=\"og:type\" content=\"article\" \/>\n<meta property=\"og:title\" content=\"\u201cLa guerra \u00e8 una sconfitta dell\u2019umanit\u00e0\u201d &#8211; Exaudi\" \/>\n<meta property=\"og:description\" content=\"All\u2019udienza generale il Papa ricorda le vittime del conflitto in Ucraina e i profughi: \u201cLa guerra \u00e8 una sconfitta dell\u2019umanit\u00e0\u201d\" \/>\n<meta property=\"og:url\" content=\"https:\/\/exaudi.org\/it\/la-guerra-e-una-sconfitta-dellumanita\/\" \/>\n<meta property=\"og:site_name\" content=\"Exaudi\" \/>\n<meta property=\"article:publisher\" content=\"https:\/\/www.facebook.com\/ExaudiNews\" \/>\n<meta property=\"article:author\" content=\"https:\/\/www.facebook.com\/ExaudiNotizie\/\" \/>\n<meta property=\"article:published_time\" content=\"2022-03-23T12:28:10+00:00\" \/>\n<meta property=\"og:image\" content=\"https:\/\/exaudi.org\/wp-content\/uploads\/2022\/03\/Udienza-scaled.jpg\" \/>\n\t<meta property=\"og:image:width\" content=\"2560\" \/>\n\t<meta property=\"og:image:height\" content=\"1707\" \/>\n\t<meta property=\"og:image:type\" content=\"image\/jpeg\" \/>\n<meta name=\"author\" content=\"Exaudi Redazione\" \/>\n<meta name=\"twitter:card\" content=\"summary_large_image\" \/>\n<meta name=\"twitter:creator\" content=\"@Exaudi_Notizie\" \/>\n<meta name=\"twitter:site\" content=\"@Exaudi_News\" \/>\n<meta name=\"twitter:label1\" content=\"Scritto da\" \/>\n\t<meta name=\"twitter:data1\" content=\"Exaudi Redazione\" \/>\n\t<meta name=\"twitter:label2\" content=\"Tempo di lettura stimato\" \/>\n\t<meta name=\"twitter:data2\" content=\"2 minuti\" \/>\n<script type=\"application\/ld+json\" class=\"yoast-schema-graph\">{\"@context\":\"https:\\\/\\\/schema.org\",\"@graph\":[{\"@type\":\"Article\",\"@id\":\"https:\\\/\\\/exaudi.org\\\/it\\\/la-guerra-e-una-sconfitta-dellumanita\\\/#article\",\"isPartOf\":{\"@id\":\"https:\\\/\\\/exaudi.org\\\/it\\\/la-guerra-e-una-sconfitta-dellumanita\\\/\"},\"author\":{\"name\":\"Exaudi Redazione\",\"@id\":\"https:\\\/\\\/exaudi.org\\\/#\\\/schema\\\/person\\\/e1ab6ed07c01774724dd96f925f3a5f0\"},\"headline\":\"\u201cLa guerra \u00e8 una sconfitta dell\u2019umanit\u00e0\u201d\",\"datePublished\":\"2022-03-23T12:28:10+00:00\",\"mainEntityOfPage\":{\"@id\":\"https:\\\/\\\/exaudi.org\\\/it\\\/la-guerra-e-una-sconfitta-dellumanita\\\/\"},\"wordCount\":365,\"image\":{\"@id\":\"https:\\\/\\\/exaudi.org\\\/it\\\/la-guerra-e-una-sconfitta-dellumanita\\\/#primaryimage\"},\"thumbnailUrl\":\"https:\\\/\\\/exaudi.org\\\/wp-content\\\/uploads\\\/2022\\\/03\\\/Udienza-scaled.jpg\",\"keywords\":[\"guerra\",\"Papa Francesco\",\"profughi\",\"Russia\",\"Trending\",\"Ucraina\"],\"articleSection\":[\"Leone XIV\"],\"inLanguage\":\"it-IT\"},{\"@type\":\"WebPage\",\"@id\":\"https:\\\/\\\/exaudi.org\\\/it\\\/la-guerra-e-una-sconfitta-dellumanita\\\/\",\"url\":\"https:\\\/\\\/exaudi.org\\\/it\\\/la-guerra-e-una-sconfitta-dellumanita\\\/\",\"name\":\"\u201cLa guerra \u00e8 una sconfitta dell\u2019umanit\u00e0\u201d &#8211; Exaudi\",\"isPartOf\":{\"@id\":\"https:\\\/\\\/exaudi.org\\\/#website\"},\"primaryImageOfPage\":{\"@id\":\"https:\\\/\\\/exaudi.org\\\/it\\\/la-guerra-e-una-sconfitta-dellumanita\\\/#primaryimage\"},\"image\":{\"@id\":\"https:\\\/\\\/exaudi.org\\\/it\\\/la-guerra-e-una-sconfitta-dellumanita\\\/#primaryimage\"},\"thumbnailUrl\":\"https:\\\/\\\/exaudi.org\\\/wp-content\\\/uploads\\\/2022\\\/03\\\/Udienza-scaled.jpg\",\"datePublished\":\"2022-03-23T12:28:10+00:00\",\"author\":{\"@id\":\"https:\\\/\\\/exaudi.org\\\/#\\\/schema\\\/person\\\/e1ab6ed07c01774724dd96f925f3a5f0\"},\"description\":\"All\u2019udienza generale il Papa ricorda le vittime del conflitto in Ucraina e i profughi: \u201cLa guerra \u00e8 una sconfitta dell\u2019umanit\u00e0\u201d\",\"breadcrumb\":{\"@id\":\"https:\\\/\\\/exaudi.org\\\/it\\\/la-guerra-e-una-sconfitta-dellumanita\\\/#breadcrumb\"},\"inLanguage\":\"it-IT\",\"potentialAction\":[{\"@type\":\"ReadAction\",\"target\":[\"https:\\\/\\\/exaudi.org\\\/it\\\/la-guerra-e-una-sconfitta-dellumanita\\\/\"]}]},{\"@type\":\"ImageObject\",\"inLanguage\":\"it-IT\",\"@id\":\"https:\\\/\\\/exaudi.org\\\/it\\\/la-guerra-e-una-sconfitta-dellumanita\\\/#primaryimage\",\"url\":\"https:\\\/\\\/exaudi.org\\\/wp-content\\\/uploads\\\/2022\\\/03\\\/Udienza-scaled.jpg\",\"contentUrl\":\"https:\\\/\\\/exaudi.org\\\/wp-content\\\/uploads\\\/2022\\\/03\\\/Udienza-scaled.jpg\",\"width\":2560,\"height\":1707,\"caption\":\"(C) Vatican Media\"},{\"@type\":\"BreadcrumbList\",\"@id\":\"https:\\\/\\\/exaudi.org\\\/it\\\/la-guerra-e-una-sconfitta-dellumanita\\\/#breadcrumb\",\"itemListElement\":[{\"@type\":\"ListItem\",\"position\":1,\"name\":\"Portada\",\"item\":\"https:\\\/\\\/exaudi.org\\\/it\\\/\"},{\"@type\":\"ListItem\",\"position\":2,\"name\":\"\u201cLa guerra \u00e8 una sconfitta dell\u2019umanit\u00e0\u201d\"}]},{\"@type\":\"WebSite\",\"@id\":\"https:\\\/\\\/exaudi.org\\\/#website\",\"url\":\"https:\\\/\\\/exaudi.org\\\/\",\"name\":\"Exaudi\",\"description\":\"News\",\"potentialAction\":[{\"@type\":\"SearchAction\",\"target\":{\"@type\":\"EntryPoint\",\"urlTemplate\":\"https:\\\/\\\/exaudi.org\\\/?s={search_term_string}\"},\"query-input\":{\"@type\":\"PropertyValueSpecification\",\"valueRequired\":true,\"valueName\":\"search_term_string\"}}],\"inLanguage\":\"it-IT\"},{\"@type\":\"Person\",\"@id\":\"https:\\\/\\\/exaudi.org\\\/#\\\/schema\\\/person\\\/e1ab6ed07c01774724dd96f925f3a5f0\",\"name\":\"Exaudi Redazione\",\"image\":{\"@type\":\"ImageObject\",\"inLanguage\":\"it-IT\",\"@id\":\"https:\\\/\\\/secure.gravatar.com\\\/avatar\\\/ad6774b3ada023bf5b939d64f45c94b3adf91502dd883507d469b4308a943bb3?s=96&d=mm&r=g\",\"url\":\"https:\\\/\\\/secure.gravatar.com\\\/avatar\\\/ad6774b3ada023bf5b939d64f45c94b3adf91502dd883507d469b4308a943bb3?s=96&d=mm&r=g\",\"contentUrl\":\"https:\\\/\\\/secure.gravatar.com\\\/avatar\\\/ad6774b3ada023bf5b939d64f45c94b3adf91502dd883507d469b4308a943bb3?s=96&d=mm&r=g\",\"caption\":\"Exaudi Redazione\"},\"description\":\"Che cosa \u00e8 Exaudi News? Exaudi News \u00e8 un agenzia cattolica internazionale che informa, istruisce e trasforma quotidianamente in spagnolo, inglese e italiano. Attraverso notizie, articoli di analisi e trasmissioni in diretta degli eventi del Papa, Exaudi cerca di rafforzare l'unit\u00e0 dei cristiani e di contribuire all'evangelizzazione del mondo, sempre guidato dalla dottrina sociale della Chiesa. Lavoriamo per portare la verit\u00e0 e i valori cristiani in ogni angolo del pianeta. Aiutaci a trasformare il mondo con Exaudi! Noi di Exaudi crediamo che l'evangelizzazione e l'informazione di qualit\u00e0 possano cambiare la vita. Per continuare la nostra missione ed espandere la nostra portata, abbiamo bisogno del tuo aiuto. Stiamo anche cercando persone motivate che vogliano unirsi al nostro team. Grazie al vostro sostegno raggiungeremo pi\u00f9 persone, diffonderemo il messaggio di Cristo e rafforzeremo l'unit\u00e0 dei cristiani. Vuoi unirti alla nostra missione? Per maggiori informazioni su come contribuire, visita Exaudi.org\\\/it o contattaci direttamente: info@exaudi.org Exaudi: informa, forma e trasforma.\",\"sameAs\":[\"https:\\\/\\\/www.facebook.com\\\/ExaudiNotizie\\\/\",\"https:\\\/\\\/www.instagram.com\\\/Exaudi_notizie\\\/\",\"https:\\\/\\\/x.com\\\/Exaudi_Notizie\",\"https:\\\/\\\/www.youtube.com\\\/@exaudicatholicnews\"],\"url\":\"https:\\\/\\\/exaudi.org\\\/it\\\/author\\\/dlvedi-org\\\/\"}]}<\/script>\n<!-- \/ Yoast SEO plugin. -->","yoast_head_json":{"title":"\u201cLa guerra \u00e8 una sconfitta dell\u2019umanit\u00e0\u201d &#8211; Exaudi","description":"All\u2019udienza generale il Papa ricorda le vittime del conflitto in Ucraina e i profughi: \u201cLa guerra \u00e8 una sconfitta dell\u2019umanit\u00e0\u201d","robots":{"index":"index","follow":"follow","max-snippet":"max-snippet:-1","max-image-preview":"max-image-preview:large","max-video-preview":"max-video-preview:-1"},"canonical":"https:\/\/exaudi.org\/it\/la-guerra-e-una-sconfitta-dellumanita\/","og_locale":"it_IT","og_type":"article","og_title":"\u201cLa guerra \u00e8 una sconfitta dell\u2019umanit\u00e0\u201d &#8211; Exaudi","og_description":"All\u2019udienza generale il Papa ricorda le vittime del conflitto in Ucraina e i profughi: \u201cLa guerra \u00e8 una sconfitta dell\u2019umanit\u00e0\u201d","og_url":"https:\/\/exaudi.org\/it\/la-guerra-e-una-sconfitta-dellumanita\/","og_site_name":"Exaudi","article_publisher":"https:\/\/www.facebook.com\/ExaudiNews","article_author":"https:\/\/www.facebook.com\/ExaudiNotizie\/","article_published_time":"2022-03-23T12:28:10+00:00","og_image":[{"width":2560,"height":1707,"url":"https:\/\/exaudi.org\/wp-content\/uploads\/2022\/03\/Udienza-scaled.jpg","type":"image\/jpeg"}],"author":"Exaudi Redazione","twitter_card":"summary_large_image","twitter_creator":"@Exaudi_Notizie","twitter_site":"@Exaudi_News","twitter_misc":{"Scritto da":"Exaudi Redazione","Tempo di lettura stimato":"2 minuti"},"schema":{"@context":"https:\/\/schema.org","@graph":[{"@type":"Article","@id":"https:\/\/exaudi.org\/it\/la-guerra-e-una-sconfitta-dellumanita\/#article","isPartOf":{"@id":"https:\/\/exaudi.org\/it\/la-guerra-e-una-sconfitta-dellumanita\/"},"author":{"name":"Exaudi Redazione","@id":"https:\/\/exaudi.org\/#\/schema\/person\/e1ab6ed07c01774724dd96f925f3a5f0"},"headline":"\u201cLa guerra \u00e8 una sconfitta dell\u2019umanit\u00e0\u201d","datePublished":"2022-03-23T12:28:10+00:00","mainEntityOfPage":{"@id":"https:\/\/exaudi.org\/it\/la-guerra-e-una-sconfitta-dellumanita\/"},"wordCount":365,"image":{"@id":"https:\/\/exaudi.org\/it\/la-guerra-e-una-sconfitta-dellumanita\/#primaryimage"},"thumbnailUrl":"https:\/\/exaudi.org\/wp-content\/uploads\/2022\/03\/Udienza-scaled.jpg","keywords":["guerra","Papa Francesco","profughi","Russia","Trending","Ucraina"],"articleSection":["Leone XIV"],"inLanguage":"it-IT"},{"@type":"WebPage","@id":"https:\/\/exaudi.org\/it\/la-guerra-e-una-sconfitta-dellumanita\/","url":"https:\/\/exaudi.org\/it\/la-guerra-e-una-sconfitta-dellumanita\/","name":"\u201cLa guerra \u00e8 una sconfitta dell\u2019umanit\u00e0\u201d &#8211; Exaudi","isPartOf":{"@id":"https:\/\/exaudi.org\/#website"},"primaryImageOfPage":{"@id":"https:\/\/exaudi.org\/it\/la-guerra-e-una-sconfitta-dellumanita\/#primaryimage"},"image":{"@id":"https:\/\/exaudi.org\/it\/la-guerra-e-una-sconfitta-dellumanita\/#primaryimage"},"thumbnailUrl":"https:\/\/exaudi.org\/wp-content\/uploads\/2022\/03\/Udienza-scaled.jpg","datePublished":"2022-03-23T12:28:10+00:00","author":{"@id":"https:\/\/exaudi.org\/#\/schema\/person\/e1ab6ed07c01774724dd96f925f3a5f0"},"description":"All\u2019udienza generale il Papa ricorda le vittime del conflitto in Ucraina e i profughi: \u201cLa guerra \u00e8 una sconfitta dell\u2019umanit\u00e0\u201d","breadcrumb":{"@id":"https:\/\/exaudi.org\/it\/la-guerra-e-una-sconfitta-dellumanita\/#breadcrumb"},"inLanguage":"it-IT","potentialAction":[{"@type":"ReadAction","target":["https:\/\/exaudi.org\/it\/la-guerra-e-una-sconfitta-dellumanita\/"]}]},{"@type":"ImageObject","inLanguage":"it-IT","@id":"https:\/\/exaudi.org\/it\/la-guerra-e-una-sconfitta-dellumanita\/#primaryimage","url":"https:\/\/exaudi.org\/wp-content\/uploads\/2022\/03\/Udienza-scaled.jpg","contentUrl":"https:\/\/exaudi.org\/wp-content\/uploads\/2022\/03\/Udienza-scaled.jpg","width":2560,"height":1707,"caption":"(C) Vatican Media"},{"@type":"BreadcrumbList","@id":"https:\/\/exaudi.org\/it\/la-guerra-e-una-sconfitta-dellumanita\/#breadcrumb","itemListElement":[{"@type":"ListItem","position":1,"name":"Portada","item":"https:\/\/exaudi.org\/it\/"},{"@type":"ListItem","position":2,"name":"\u201cLa guerra \u00e8 una sconfitta dell\u2019umanit\u00e0\u201d"}]},{"@type":"WebSite","@id":"https:\/\/exaudi.org\/#website","url":"https:\/\/exaudi.org\/","name":"Exaudi","description":"News","potentialAction":[{"@type":"SearchAction","target":{"@type":"EntryPoint","urlTemplate":"https:\/\/exaudi.org\/?s={search_term_string}"},"query-input":{"@type":"PropertyValueSpecification","valueRequired":true,"valueName":"search_term_string"}}],"inLanguage":"it-IT"},{"@type":"Person","@id":"https:\/\/exaudi.org\/#\/schema\/person\/e1ab6ed07c01774724dd96f925f3a5f0","name":"Exaudi Redazione","image":{"@type":"ImageObject","inLanguage":"it-IT","@id":"https:\/\/secure.gravatar.com\/avatar\/ad6774b3ada023bf5b939d64f45c94b3adf91502dd883507d469b4308a943bb3?s=96&d=mm&r=g","url":"https:\/\/secure.gravatar.com\/avatar\/ad6774b3ada023bf5b939d64f45c94b3adf91502dd883507d469b4308a943bb3?s=96&d=mm&r=g","contentUrl":"https:\/\/secure.gravatar.com\/avatar\/ad6774b3ada023bf5b939d64f45c94b3adf91502dd883507d469b4308a943bb3?s=96&d=mm&r=g","caption":"Exaudi Redazione"},"description":"Che cosa \u00e8 Exaudi News? Exaudi News \u00e8 un agenzia cattolica internazionale che informa, istruisce e trasforma quotidianamente in spagnolo, inglese e italiano. Attraverso notizie, articoli di analisi e trasmissioni in diretta degli eventi del Papa, Exaudi cerca di rafforzare l'unit\u00e0 dei cristiani e di contribuire all'evangelizzazione del mondo, sempre guidato dalla dottrina sociale della Chiesa. Lavoriamo per portare la verit\u00e0 e i valori cristiani in ogni angolo del pianeta. Aiutaci a trasformare il mondo con Exaudi! Noi di Exaudi crediamo che l'evangelizzazione e l'informazione di qualit\u00e0 possano cambiare la vita. Per continuare la nostra missione ed espandere la nostra portata, abbiamo bisogno del tuo aiuto. Stiamo anche cercando persone motivate che vogliano unirsi al nostro team. Grazie al vostro sostegno raggiungeremo pi\u00f9 persone, diffonderemo il messaggio di Cristo e rafforzeremo l'unit\u00e0 dei cristiani. Vuoi unirti alla nostra missione? Per maggiori informazioni su come contribuire, visita Exaudi.org\/it o contattaci direttamente: info@exaudi.org Exaudi: informa, forma e trasforma.","sameAs":["https:\/\/www.facebook.com\/ExaudiNotizie\/","https:\/\/www.instagram.com\/Exaudi_notizie\/","https:\/\/x.com\/Exaudi_Notizie","https:\/\/www.youtube.com\/@exaudicatholicnews"],"url":"https:\/\/exaudi.org\/it\/author\/dlvedi-org\/"}]}},"jetpack_featured_media_url":"https:\/\/exaudi.org\/wp-content\/uploads\/2022\/03\/Udienza-scaled.jpg","jetpack_shortlink":"https:\/\/wp.me\/pgKjF2-eh5","_links":{"self":[{"href":"https:\/\/exaudi.org\/it\/wp-json\/wp\/v2\/posts\/54875","targetHints":{"allow":["GET"]}}],"collection":[{"href":"https:\/\/exaudi.org\/it\/wp-json\/wp\/v2\/posts"}],"about":[{"href":"https:\/\/exaudi.org\/it\/wp-json\/wp\/v2\/types\/post"}],"author":[{"embeddable":true,"href":"https:\/\/exaudi.org\/it\/wp-json\/wp\/v2\/users\/17"}],"replies":[{"embeddable":true,"href":"https:\/\/exaudi.org\/it\/wp-json\/wp\/v2\/comments?post=54875"}],"version-history":[{"count":0,"href":"https:\/\/exaudi.org\/it\/wp-json\/wp\/v2\/posts\/54875\/revisions"}],"wp:featuredmedia":[{"embeddable":true,"href":"https:\/\/exaudi.org\/it\/wp-json\/wp\/v2\/media\/54884"}],"wp:attachment":[{"href":"https:\/\/exaudi.org\/it\/wp-json\/wp\/v2\/media?parent=54875"}],"wp:term":[{"taxonomy":"category","embeddable":true,"href":"https:\/\/exaudi.org\/it\/wp-json\/wp\/v2\/categories?post=54875"},{"taxonomy":"post_tag","embeddable":true,"href":"https:\/\/exaudi.org\/it\/wp-json\/wp\/v2\/tags?post=54875"}],"curies":[{"name":"wp","href":"https:\/\/api.w.org\/{rel}","templated":true}]}}