{"id":54477,"date":"2022-03-14T18:20:55","date_gmt":"2022-03-14T17:20:55","guid":{"rendered":"https:\/\/exaudi.org\/?p=54477"},"modified":"2022-03-14T18:20:55","modified_gmt":"2022-03-14T17:20:55","slug":"guerra-in-ucraina-non-e-servita-la-lezione-del-xx-secolo","status":"publish","type":"post","link":"https:\/\/exaudi.org\/it\/guerra-in-ucraina-non-e-servita-la-lezione-del-xx-secolo\/","title":{"rendered":"Guerra in Ucraina: non \u00e8 servita la lezione del XX secolo"},"content":{"rendered":"<p>La guerra in Ucraina dimostra che \u201cchi governa le sorti dei popoli non ha ancora recepito la lezione delle tragedie del XX secolo\u201d. Ancora una volta Papa Francesco ha fatto udire la sua voce contro il conflitto che sta devastando l\u2019Ucraina. L\u2019occasione \u00e8 stata l\u2019udienza concessa ai membri dell\u2019associazione <a href=\"https:\/\/www.animaperilsociale.it\/\">\u201cAnima per il sociale nei valori d\u2019impresa\u201d<\/a> guidati dalla presidente Sabrina Florio. Ecco il suo discorso:<\/p>\n<p>Nell\u2019ambito dell\u2019Unione degli Industriali e delle imprese delle province del Lazio, vent\u2019anni fa avete dato vita a questa vostra Associazione, con una finalit\u00e0 di promozione etica e sociale. Avete scelto per questo di usare la parola \u201canima\u201d: parola molto impegnativa! Essa fa pensare a una realt\u00e0 che non ha una propria visibilit\u00e0, ma dall\u2019interno stimola e motiva il vostro ambiente di lavoro. Sta soprattutto a voi responsabili fare un bilancio degli obiettivi raggiunti in questi vent\u2019anni. Da parte mia, vorrei incoraggiarvi e offrirvi alcuni spunti di riflessione.<\/p>\n<h2>Politica ed economia al servizio della vita<\/h2>\n<p>Oggi, tenendo l\u2019obiettivo puntato sul bene comune, risulta necessario che la politica e l\u2019economia, in costante dialogo tra loro, si pongano decisamente al servizio della vita, la vita umana e la vita del creato, nostra casa comune, non al servizio della non-vita o della morte, come purtroppo succede a volte. La grande crisi finanziaria del 2007-2008 avrebbe dovuto spingere in questa direzione. S\u00ec, c\u2019\u00e8 stata una reazione positiva, ma mi pare che sostanzialmente il mondo abbia continuato e continui a essere governato da criteri obsoleti.<\/p>\n<h2>La guerra in Ucraina<\/h2>\n<p>Per non parlare dell\u2019ambito geopolitico-militare, dove diverse guerre regionali e specialmente la guerra in Ucraina dimostrano che chi governa le sorti dei popoli non ha ancora recepito la lezione delle tragedie del XX secolo. Voi, che rappresentate prevalentemente la realt\u00e0 delle piccole e medie imprese, vi rendete ben conto di quanto sia difficile, in tale contesto, svilupparsi e creare occupazione nel rispetto dei valori etici e della responsabilit\u00e0 sociale. Ma non bisogna scoraggiarsi e rassegnarsi.<\/p>\n<h2>Economia concreta<\/h2>\n<p>Qualcuno pensa che i criteri etico-sociali siano come una \u201cgabbia\u201d che mortifica la libert\u00e0 e la creativit\u00e0 economica. In realt\u00e0, \u00e8 proprio il contrario, o almeno pu\u00f2 esserlo. Infatti, se vogliamo che il mondo futuro sia abitabile e degno dell\u2019uomo, bisogna che l\u2019economia sia pi\u00f9 libera dal potere della finanza e pi\u00f9 creativa nel ricercare forme di produzione orientate a un\u2019ecologia integrale. Che l\u2019economia sia concreta, non \u201cliquida\u201d n\u00e9 \u201cgassosa\u201d, come \u00e8 il pericolo delle finanze. La globalizzazione dev\u2019essere \u201cgovernata\u201d, in modo che il globale non vada a scapito del locale, ma le due dimensioni stiano in connessione virtuosa e feconda.<\/p>\n<p>Molti, comprensibilmente, direbbero: ma che possiamo fare noi, piccoli imprenditori, di fronte al \u201cgigante Golia\u201d del potere finanziario e tecnocratico? Penso \u2013 e auspico che la costruzione di un\u2019economia nuova, rispettosa della dignit\u00e0 umana e dell\u2019ambiente, possa e debba partire dal basso. Anzi \u2013 lo sappiamo \u2013, \u00e8 gi\u00e0 partita dal basso: in tutto il mondo ci sono tante esperienze di impresa etica e sostenibile che tracciano un cammino. Occorre favorire la comunicazione e la condivisione tra queste esperienze, cos\u00ec che si formi una rete capace di incidere a livelli sempre pi\u00f9 estesi.<\/p>\n<h2>\u201cRitorniamo a sognare\u201d<\/h2>\n<p>Su questo tema dell\u2019economia nuova, l\u2019economia concreta, ho parlato nel libro \u2013 l\u2019ultimo libro che ho scritto \u2013 Let us dream, Ritorniamo a sognare \u00e8 la versione italiana. Mi sono soffermato su un\u2019analisi di questo problema della concretezza dell\u2019economia e della visibilit\u00e0 dell\u2019economia, per evitare quello che \u00a0ho definito \u201cliquidit\u00e0\u201d o \u201cgassosit\u00e0\u201d. Forse pu\u00f2 illustrare ci\u00f2 che voglio dire qui.<\/p>\n<p>Permettetemi, infine, un consiglio \u201cda vescovo\u201d: se volete essere \u201canima\u201d nel mondo dell\u2019impresa, non tralasciate di avere cura della vostra propria anima, quella che ci viene da Dio. E per questo occorre bisogna resistere alla tentazione dell\u2019attivismo e trovare tempi per riflettere, per pensare, per contemplare. A volte l\u2019attivismo ci distrugge l\u2019interiorit\u00e0; non parlo di religiosit\u00e0 ma di interiorit\u00e0 umana. Poi, quella per una religione \u00e8 un\u2019opzione personale, ma prima c\u2019\u00e8 l\u2019interiorit\u00e0 umana. Anche per questo l\u2019associazione pu\u00f2 essere utile, con delle proposte. Ma \u00e8 soprattutto un\u2019esigenza personale: ciascuno, se vuole animare, deve lasciarsi animare interiormente dal bene, dal bello e dal vero.<\/p>\n<p>Lo dimostrano le testimonianze di imprenditori italiani che hanno saputo far crescere non solo i profitti ma anche la vita, la qualit\u00e0 della vita, la qualit\u00e0 del lavoro, con libert\u00e0 e creativit\u00e0, perch\u00e9 avevano una coscienza illuminata, una interiorit\u00e0 illuminata. E questo ti porta alla creativit\u00e0, ti porta \u2013 mi permetto la parola \u2013 alla poesia. Anche il lavoro dell\u2019uomo \u00e8 poesia: fare le cose.<\/p>\n","protected":false},"excerpt":{"rendered":"<p>Il Papa all\u2019associazione \u201cAnima per il sociale nei valori d\u2019impresa\u201d<\/p>\n","protected":false},"author":17,"featured_media":54478,"comment_status":"closed","ping_status":"closed","sticky":false,"template":"","format":"standard","meta":{"_acf_changed":false,"_crdt_document":"","inline_featured_image":false,"footnotes":""},"categories":[67],"tags":[878,2487,6080,3139,251],"class_list":["post-54477","post","type-post","status-publish","format-standard","has-post-thumbnail","hentry","category-leone-xiv","tag-economia","tag-featured-3","tag-guerra-in-ucraina","tag-imprenditori","tag-papa-francesco"],"acf":[],"yoast_head":"<!-- This site is optimized with the Yoast SEO plugin v27.5 - https:\/\/yoast.com\/product\/yoast-seo-wordpress\/ -->\n<title>Guerra in Ucraina: non \u00e8 servita la lezione del XX secolo &#8211; Exaudi<\/title>\n<meta name=\"description\" content=\"La guerra in Ucraina dimostra che non \u00e8 stata recepita la lezione del XX secolo. Cos\u00ec il Papa agli imprenditori di &quot;Anima per il sociale&quot;\" \/>\n<meta name=\"robots\" content=\"index, follow, max-snippet:-1, max-image-preview:large, max-video-preview:-1\" \/>\n<link rel=\"canonical\" href=\"https:\/\/exaudi.org\/it\/guerra-in-ucraina-non-e-servita-la-lezione-del-xx-secolo\/\" \/>\n<meta property=\"og:locale\" content=\"it_IT\" \/>\n<meta property=\"og:type\" content=\"article\" \/>\n<meta property=\"og:title\" content=\"Guerra in Ucraina: non \u00e8 servita la lezione del XX secolo &#8211; Exaudi\" \/>\n<meta property=\"og:description\" content=\"La guerra in Ucraina dimostra che non \u00e8 stata recepita la lezione del XX secolo. Cos\u00ec il Papa agli imprenditori di &quot;Anima per il sociale&quot;\" \/>\n<meta property=\"og:url\" content=\"https:\/\/exaudi.org\/it\/guerra-in-ucraina-non-e-servita-la-lezione-del-xx-secolo\/\" \/>\n<meta property=\"og:site_name\" content=\"Exaudi\" \/>\n<meta property=\"article:publisher\" content=\"https:\/\/www.facebook.com\/ExaudiNews\" \/>\n<meta property=\"article:author\" content=\"https:\/\/www.facebook.com\/ExaudiNotizie\/\" \/>\n<meta property=\"article:published_time\" content=\"2022-03-14T17:20:55+00:00\" \/>\n<meta property=\"og:image\" content=\"https:\/\/exaudi.org\/wp-content\/uploads\/2022\/03\/SFO4049-scaled.jpg\" \/>\n\t<meta property=\"og:image:width\" content=\"2560\" \/>\n\t<meta property=\"og:image:height\" content=\"1707\" \/>\n\t<meta property=\"og:image:type\" content=\"image\/jpeg\" \/>\n<meta name=\"author\" content=\"Exaudi Redazione\" \/>\n<meta name=\"twitter:card\" content=\"summary_large_image\" \/>\n<meta name=\"twitter:creator\" content=\"@Exaudi_Notizie\" \/>\n<meta name=\"twitter:site\" content=\"@Exaudi_News\" \/>\n<meta name=\"twitter:label1\" content=\"Scritto da\" \/>\n\t<meta name=\"twitter:data1\" content=\"Exaudi Redazione\" \/>\n\t<meta name=\"twitter:label2\" content=\"Tempo di lettura stimato\" \/>\n\t<meta name=\"twitter:data2\" content=\"4 minuti\" \/>\n<script type=\"application\/ld+json\" class=\"yoast-schema-graph\">{\"@context\":\"https:\\\/\\\/schema.org\",\"@graph\":[{\"@type\":\"Article\",\"@id\":\"https:\\\/\\\/exaudi.org\\\/it\\\/guerra-in-ucraina-non-e-servita-la-lezione-del-xx-secolo\\\/#article\",\"isPartOf\":{\"@id\":\"https:\\\/\\\/exaudi.org\\\/it\\\/guerra-in-ucraina-non-e-servita-la-lezione-del-xx-secolo\\\/\"},\"author\":{\"name\":\"Exaudi Redazione\",\"@id\":\"https:\\\/\\\/exaudi.org\\\/#\\\/schema\\\/person\\\/e1ab6ed07c01774724dd96f925f3a5f0\"},\"headline\":\"Guerra in Ucraina: non \u00e8 servita la lezione del XX secolo\",\"datePublished\":\"2022-03-14T17:20:55+00:00\",\"mainEntityOfPage\":{\"@id\":\"https:\\\/\\\/exaudi.org\\\/it\\\/guerra-in-ucraina-non-e-servita-la-lezione-del-xx-secolo\\\/\"},\"wordCount\":780,\"image\":{\"@id\":\"https:\\\/\\\/exaudi.org\\\/it\\\/guerra-in-ucraina-non-e-servita-la-lezione-del-xx-secolo\\\/#primaryimage\"},\"thumbnailUrl\":\"https:\\\/\\\/exaudi.org\\\/wp-content\\\/uploads\\\/2022\\\/03\\\/SFO4049-scaled.jpg\",\"keywords\":[\"economia\",\"Featured\",\"guerra in Ucraina\",\"imprenditori\",\"Papa Francesco\"],\"articleSection\":[\"Leone XIV\"],\"inLanguage\":\"it-IT\"},{\"@type\":\"WebPage\",\"@id\":\"https:\\\/\\\/exaudi.org\\\/it\\\/guerra-in-ucraina-non-e-servita-la-lezione-del-xx-secolo\\\/\",\"url\":\"https:\\\/\\\/exaudi.org\\\/it\\\/guerra-in-ucraina-non-e-servita-la-lezione-del-xx-secolo\\\/\",\"name\":\"Guerra in Ucraina: non \u00e8 servita la lezione del XX secolo &#8211; Exaudi\",\"isPartOf\":{\"@id\":\"https:\\\/\\\/exaudi.org\\\/#website\"},\"primaryImageOfPage\":{\"@id\":\"https:\\\/\\\/exaudi.org\\\/it\\\/guerra-in-ucraina-non-e-servita-la-lezione-del-xx-secolo\\\/#primaryimage\"},\"image\":{\"@id\":\"https:\\\/\\\/exaudi.org\\\/it\\\/guerra-in-ucraina-non-e-servita-la-lezione-del-xx-secolo\\\/#primaryimage\"},\"thumbnailUrl\":\"https:\\\/\\\/exaudi.org\\\/wp-content\\\/uploads\\\/2022\\\/03\\\/SFO4049-scaled.jpg\",\"datePublished\":\"2022-03-14T17:20:55+00:00\",\"author\":{\"@id\":\"https:\\\/\\\/exaudi.org\\\/#\\\/schema\\\/person\\\/e1ab6ed07c01774724dd96f925f3a5f0\"},\"description\":\"La guerra in Ucraina dimostra che non \u00e8 stata recepita la lezione del XX secolo. Cos\u00ec il Papa agli imprenditori di \\\"Anima per il sociale\\\"\",\"breadcrumb\":{\"@id\":\"https:\\\/\\\/exaudi.org\\\/it\\\/guerra-in-ucraina-non-e-servita-la-lezione-del-xx-secolo\\\/#breadcrumb\"},\"inLanguage\":\"it-IT\",\"potentialAction\":[{\"@type\":\"ReadAction\",\"target\":[\"https:\\\/\\\/exaudi.org\\\/it\\\/guerra-in-ucraina-non-e-servita-la-lezione-del-xx-secolo\\\/\"]}]},{\"@type\":\"ImageObject\",\"inLanguage\":\"it-IT\",\"@id\":\"https:\\\/\\\/exaudi.org\\\/it\\\/guerra-in-ucraina-non-e-servita-la-lezione-del-xx-secolo\\\/#primaryimage\",\"url\":\"https:\\\/\\\/exaudi.org\\\/wp-content\\\/uploads\\\/2022\\\/03\\\/SFO4049-scaled.jpg\",\"contentUrl\":\"https:\\\/\\\/exaudi.org\\\/wp-content\\\/uploads\\\/2022\\\/03\\\/SFO4049-scaled.jpg\",\"width\":2560,\"height\":1707,\"caption\":\"La presidente Sabrina Florio con il S. Padre (C) Vatican Media\"},{\"@type\":\"BreadcrumbList\",\"@id\":\"https:\\\/\\\/exaudi.org\\\/it\\\/guerra-in-ucraina-non-e-servita-la-lezione-del-xx-secolo\\\/#breadcrumb\",\"itemListElement\":[{\"@type\":\"ListItem\",\"position\":1,\"name\":\"Portada\",\"item\":\"https:\\\/\\\/exaudi.org\\\/it\\\/\"},{\"@type\":\"ListItem\",\"position\":2,\"name\":\"Guerra in Ucraina: non \u00e8 servita la lezione del XX secolo\"}]},{\"@type\":\"WebSite\",\"@id\":\"https:\\\/\\\/exaudi.org\\\/#website\",\"url\":\"https:\\\/\\\/exaudi.org\\\/\",\"name\":\"Exaudi\",\"description\":\"News\",\"potentialAction\":[{\"@type\":\"SearchAction\",\"target\":{\"@type\":\"EntryPoint\",\"urlTemplate\":\"https:\\\/\\\/exaudi.org\\\/?s={search_term_string}\"},\"query-input\":{\"@type\":\"PropertyValueSpecification\",\"valueRequired\":true,\"valueName\":\"search_term_string\"}}],\"inLanguage\":\"it-IT\"},{\"@type\":\"Person\",\"@id\":\"https:\\\/\\\/exaudi.org\\\/#\\\/schema\\\/person\\\/e1ab6ed07c01774724dd96f925f3a5f0\",\"name\":\"Exaudi Redazione\",\"image\":{\"@type\":\"ImageObject\",\"inLanguage\":\"it-IT\",\"@id\":\"https:\\\/\\\/secure.gravatar.com\\\/avatar\\\/ad6774b3ada023bf5b939d64f45c94b3adf91502dd883507d469b4308a943bb3?s=96&d=mm&r=g\",\"url\":\"https:\\\/\\\/secure.gravatar.com\\\/avatar\\\/ad6774b3ada023bf5b939d64f45c94b3adf91502dd883507d469b4308a943bb3?s=96&d=mm&r=g\",\"contentUrl\":\"https:\\\/\\\/secure.gravatar.com\\\/avatar\\\/ad6774b3ada023bf5b939d64f45c94b3adf91502dd883507d469b4308a943bb3?s=96&d=mm&r=g\",\"caption\":\"Exaudi Redazione\"},\"description\":\"Che cosa \u00e8 Exaudi News? Exaudi News \u00e8 un agenzia cattolica internazionale che informa, istruisce e trasforma quotidianamente in spagnolo, inglese e italiano. Attraverso notizie, articoli di analisi e trasmissioni in diretta degli eventi del Papa, Exaudi cerca di rafforzare l'unit\u00e0 dei cristiani e di contribuire all'evangelizzazione del mondo, sempre guidato dalla dottrina sociale della Chiesa. Lavoriamo per portare la verit\u00e0 e i valori cristiani in ogni angolo del pianeta. Aiutaci a trasformare il mondo con Exaudi! Noi di Exaudi crediamo che l'evangelizzazione e l'informazione di qualit\u00e0 possano cambiare la vita. Per continuare la nostra missione ed espandere la nostra portata, abbiamo bisogno del tuo aiuto. Stiamo anche cercando persone motivate che vogliano unirsi al nostro team. Grazie al vostro sostegno raggiungeremo pi\u00f9 persone, diffonderemo il messaggio di Cristo e rafforzeremo l'unit\u00e0 dei cristiani. Vuoi unirti alla nostra missione? Per maggiori informazioni su come contribuire, visita Exaudi.org\\\/it o contattaci direttamente: info@exaudi.org Exaudi: informa, forma e trasforma.\",\"sameAs\":[\"https:\\\/\\\/www.facebook.com\\\/ExaudiNotizie\\\/\",\"https:\\\/\\\/www.instagram.com\\\/Exaudi_notizie\\\/\",\"https:\\\/\\\/x.com\\\/Exaudi_Notizie\",\"https:\\\/\\\/www.youtube.com\\\/@exaudicatholicnews\"],\"url\":\"https:\\\/\\\/exaudi.org\\\/it\\\/author\\\/dlvedi-org\\\/\"}]}<\/script>\n<!-- \/ Yoast SEO plugin. -->","yoast_head_json":{"title":"Guerra in Ucraina: non \u00e8 servita la lezione del XX secolo &#8211; Exaudi","description":"La guerra in Ucraina dimostra che non \u00e8 stata recepita la lezione del XX secolo. Cos\u00ec il Papa agli imprenditori di \"Anima per il sociale\"","robots":{"index":"index","follow":"follow","max-snippet":"max-snippet:-1","max-image-preview":"max-image-preview:large","max-video-preview":"max-video-preview:-1"},"canonical":"https:\/\/exaudi.org\/it\/guerra-in-ucraina-non-e-servita-la-lezione-del-xx-secolo\/","og_locale":"it_IT","og_type":"article","og_title":"Guerra in Ucraina: non \u00e8 servita la lezione del XX secolo &#8211; Exaudi","og_description":"La guerra in Ucraina dimostra che non \u00e8 stata recepita la lezione del XX secolo. Cos\u00ec il Papa agli imprenditori di \"Anima per il sociale\"","og_url":"https:\/\/exaudi.org\/it\/guerra-in-ucraina-non-e-servita-la-lezione-del-xx-secolo\/","og_site_name":"Exaudi","article_publisher":"https:\/\/www.facebook.com\/ExaudiNews","article_author":"https:\/\/www.facebook.com\/ExaudiNotizie\/","article_published_time":"2022-03-14T17:20:55+00:00","og_image":[{"width":2560,"height":1707,"url":"https:\/\/exaudi.org\/wp-content\/uploads\/2022\/03\/SFO4049-scaled.jpg","type":"image\/jpeg"}],"author":"Exaudi Redazione","twitter_card":"summary_large_image","twitter_creator":"@Exaudi_Notizie","twitter_site":"@Exaudi_News","twitter_misc":{"Scritto da":"Exaudi Redazione","Tempo di lettura stimato":"4 minuti"},"schema":{"@context":"https:\/\/schema.org","@graph":[{"@type":"Article","@id":"https:\/\/exaudi.org\/it\/guerra-in-ucraina-non-e-servita-la-lezione-del-xx-secolo\/#article","isPartOf":{"@id":"https:\/\/exaudi.org\/it\/guerra-in-ucraina-non-e-servita-la-lezione-del-xx-secolo\/"},"author":{"name":"Exaudi Redazione","@id":"https:\/\/exaudi.org\/#\/schema\/person\/e1ab6ed07c01774724dd96f925f3a5f0"},"headline":"Guerra in Ucraina: non \u00e8 servita la lezione del XX secolo","datePublished":"2022-03-14T17:20:55+00:00","mainEntityOfPage":{"@id":"https:\/\/exaudi.org\/it\/guerra-in-ucraina-non-e-servita-la-lezione-del-xx-secolo\/"},"wordCount":780,"image":{"@id":"https:\/\/exaudi.org\/it\/guerra-in-ucraina-non-e-servita-la-lezione-del-xx-secolo\/#primaryimage"},"thumbnailUrl":"https:\/\/exaudi.org\/wp-content\/uploads\/2022\/03\/SFO4049-scaled.jpg","keywords":["economia","Featured","guerra in Ucraina","imprenditori","Papa Francesco"],"articleSection":["Leone XIV"],"inLanguage":"it-IT"},{"@type":"WebPage","@id":"https:\/\/exaudi.org\/it\/guerra-in-ucraina-non-e-servita-la-lezione-del-xx-secolo\/","url":"https:\/\/exaudi.org\/it\/guerra-in-ucraina-non-e-servita-la-lezione-del-xx-secolo\/","name":"Guerra in Ucraina: non \u00e8 servita la lezione del XX secolo &#8211; Exaudi","isPartOf":{"@id":"https:\/\/exaudi.org\/#website"},"primaryImageOfPage":{"@id":"https:\/\/exaudi.org\/it\/guerra-in-ucraina-non-e-servita-la-lezione-del-xx-secolo\/#primaryimage"},"image":{"@id":"https:\/\/exaudi.org\/it\/guerra-in-ucraina-non-e-servita-la-lezione-del-xx-secolo\/#primaryimage"},"thumbnailUrl":"https:\/\/exaudi.org\/wp-content\/uploads\/2022\/03\/SFO4049-scaled.jpg","datePublished":"2022-03-14T17:20:55+00:00","author":{"@id":"https:\/\/exaudi.org\/#\/schema\/person\/e1ab6ed07c01774724dd96f925f3a5f0"},"description":"La guerra in Ucraina dimostra che non \u00e8 stata recepita la lezione del XX secolo. Cos\u00ec il Papa agli imprenditori di \"Anima per il sociale\"","breadcrumb":{"@id":"https:\/\/exaudi.org\/it\/guerra-in-ucraina-non-e-servita-la-lezione-del-xx-secolo\/#breadcrumb"},"inLanguage":"it-IT","potentialAction":[{"@type":"ReadAction","target":["https:\/\/exaudi.org\/it\/guerra-in-ucraina-non-e-servita-la-lezione-del-xx-secolo\/"]}]},{"@type":"ImageObject","inLanguage":"it-IT","@id":"https:\/\/exaudi.org\/it\/guerra-in-ucraina-non-e-servita-la-lezione-del-xx-secolo\/#primaryimage","url":"https:\/\/exaudi.org\/wp-content\/uploads\/2022\/03\/SFO4049-scaled.jpg","contentUrl":"https:\/\/exaudi.org\/wp-content\/uploads\/2022\/03\/SFO4049-scaled.jpg","width":2560,"height":1707,"caption":"La presidente Sabrina Florio con il S. Padre (C) Vatican Media"},{"@type":"BreadcrumbList","@id":"https:\/\/exaudi.org\/it\/guerra-in-ucraina-non-e-servita-la-lezione-del-xx-secolo\/#breadcrumb","itemListElement":[{"@type":"ListItem","position":1,"name":"Portada","item":"https:\/\/exaudi.org\/it\/"},{"@type":"ListItem","position":2,"name":"Guerra in Ucraina: non \u00e8 servita la lezione del XX secolo"}]},{"@type":"WebSite","@id":"https:\/\/exaudi.org\/#website","url":"https:\/\/exaudi.org\/","name":"Exaudi","description":"News","potentialAction":[{"@type":"SearchAction","target":{"@type":"EntryPoint","urlTemplate":"https:\/\/exaudi.org\/?s={search_term_string}"},"query-input":{"@type":"PropertyValueSpecification","valueRequired":true,"valueName":"search_term_string"}}],"inLanguage":"it-IT"},{"@type":"Person","@id":"https:\/\/exaudi.org\/#\/schema\/person\/e1ab6ed07c01774724dd96f925f3a5f0","name":"Exaudi Redazione","image":{"@type":"ImageObject","inLanguage":"it-IT","@id":"https:\/\/secure.gravatar.com\/avatar\/ad6774b3ada023bf5b939d64f45c94b3adf91502dd883507d469b4308a943bb3?s=96&d=mm&r=g","url":"https:\/\/secure.gravatar.com\/avatar\/ad6774b3ada023bf5b939d64f45c94b3adf91502dd883507d469b4308a943bb3?s=96&d=mm&r=g","contentUrl":"https:\/\/secure.gravatar.com\/avatar\/ad6774b3ada023bf5b939d64f45c94b3adf91502dd883507d469b4308a943bb3?s=96&d=mm&r=g","caption":"Exaudi Redazione"},"description":"Che cosa \u00e8 Exaudi News? Exaudi News \u00e8 un agenzia cattolica internazionale che informa, istruisce e trasforma quotidianamente in spagnolo, inglese e italiano. Attraverso notizie, articoli di analisi e trasmissioni in diretta degli eventi del Papa, Exaudi cerca di rafforzare l'unit\u00e0 dei cristiani e di contribuire all'evangelizzazione del mondo, sempre guidato dalla dottrina sociale della Chiesa. Lavoriamo per portare la verit\u00e0 e i valori cristiani in ogni angolo del pianeta. Aiutaci a trasformare il mondo con Exaudi! Noi di Exaudi crediamo che l'evangelizzazione e l'informazione di qualit\u00e0 possano cambiare la vita. Per continuare la nostra missione ed espandere la nostra portata, abbiamo bisogno del tuo aiuto. Stiamo anche cercando persone motivate che vogliano unirsi al nostro team. Grazie al vostro sostegno raggiungeremo pi\u00f9 persone, diffonderemo il messaggio di Cristo e rafforzeremo l'unit\u00e0 dei cristiani. Vuoi unirti alla nostra missione? Per maggiori informazioni su come contribuire, visita Exaudi.org\/it o contattaci direttamente: info@exaudi.org Exaudi: informa, forma e trasforma.","sameAs":["https:\/\/www.facebook.com\/ExaudiNotizie\/","https:\/\/www.instagram.com\/Exaudi_notizie\/","https:\/\/x.com\/Exaudi_Notizie","https:\/\/www.youtube.com\/@exaudicatholicnews"],"url":"https:\/\/exaudi.org\/it\/author\/dlvedi-org\/"}]}},"jetpack_featured_media_url":"https:\/\/exaudi.org\/wp-content\/uploads\/2022\/03\/SFO4049-scaled.jpg","jetpack_shortlink":"https:\/\/wp.me\/pgKjF2-eaF","_links":{"self":[{"href":"https:\/\/exaudi.org\/it\/wp-json\/wp\/v2\/posts\/54477","targetHints":{"allow":["GET"]}}],"collection":[{"href":"https:\/\/exaudi.org\/it\/wp-json\/wp\/v2\/posts"}],"about":[{"href":"https:\/\/exaudi.org\/it\/wp-json\/wp\/v2\/types\/post"}],"author":[{"embeddable":true,"href":"https:\/\/exaudi.org\/it\/wp-json\/wp\/v2\/users\/17"}],"replies":[{"embeddable":true,"href":"https:\/\/exaudi.org\/it\/wp-json\/wp\/v2\/comments?post=54477"}],"version-history":[{"count":0,"href":"https:\/\/exaudi.org\/it\/wp-json\/wp\/v2\/posts\/54477\/revisions"}],"wp:featuredmedia":[{"embeddable":true,"href":"https:\/\/exaudi.org\/it\/wp-json\/wp\/v2\/media\/54478"}],"wp:attachment":[{"href":"https:\/\/exaudi.org\/it\/wp-json\/wp\/v2\/media?parent=54477"}],"wp:term":[{"taxonomy":"category","embeddable":true,"href":"https:\/\/exaudi.org\/it\/wp-json\/wp\/v2\/categories?post=54477"},{"taxonomy":"post_tag","embeddable":true,"href":"https:\/\/exaudi.org\/it\/wp-json\/wp\/v2\/tags?post=54477"}],"curies":[{"name":"wp","href":"https:\/\/api.w.org\/{rel}","templated":true}]}}