{"id":53788,"date":"2022-03-03T13:38:53","date_gmt":"2022-03-03T12:38:53","guid":{"rendered":"https:\/\/exaudi.org\/?p=53788"},"modified":"2022-03-03T13:38:53","modified_gmt":"2022-03-03T12:38:53","slug":"il-dramma-degli-sfollati-in-fuga-dai-bombardamenti","status":"publish","type":"post","link":"https:\/\/exaudi.org\/it\/il-dramma-degli-sfollati-in-fuga-dai-bombardamenti\/","title":{"rendered":"Il dramma degli sfollati in fuga dai bombardamenti"},"content":{"rendered":"<p>&#8220;Lviv \u00e8 ancora una citt\u00e0 meno pericolosa delle altre. Stanno suonando gli allarmi antiaerei, ma grazie a Dio non ci sono stati bombardamenti. Stiamo accogliendo i profughi diretti al confine&#8221;. \u00c8 il racconto di don Grzegorz Draus, della parrocchia di San Giovanni Paolo II, alla fondazione pontificia Aiuto alla Chiesa che Soffre (ACS). &#8220;I primi sfollati sono arrivati il secondo giorno di guerra, venerd\u00ec. Sessanta persone, tra cui 35 bambini, sono seguite dal venerd\u00ec alla domenica&#8221; prosegue don Grzegorz.<\/p>\n<h2>Sfollati in fuga dalla guerra<\/h2>\n<p>Le persone provengono da Kiev, Zhytomyr, Zaporizhzhia, Mykolaiv, Kamianske, e da molti altri luoghi. &#8220;Quando arrivano, gli sfollati sono esausti e terrorizzati. Il viaggio attraverso l&#8217;Ucraina richiede molto tempo. Le strade sono congestionate e ci sono molti posti di blocco. Una famiglia di 8 persone arrivata ieri dalla regione di Mykolaiv, a circa 800 km di distanza, era in viaggio da tre giorni&#8221;. La maggior parte di loro prosegue verso il confine, alcuni di loro verso la Transcarpazia. \u00abSanno che aspetteranno alla frontiera per altri due giorni\u00bb spiega don Grzegorz.<\/p>\n<figure id=\"attachment_53792\" aria-describedby=\"caption-attachment-53792\" style=\"width: 225px\" class=\"wp-caption alignleft\"><img loading=\"lazy\" decoding=\"async\" class=\"size-medium wp-image-53792\" src=\"https:\/\/exaudi.org\/wp-content\/uploads\/2022\/03\/ACN-20220302-124905-225x300.jpg\" alt=\"\" width=\"225\" height=\"300\" srcset=\"https:\/\/exaudi.org\/wp-content\/uploads\/2022\/03\/ACN-20220302-124905-225x300.jpg 225w, https:\/\/exaudi.org\/wp-content\/uploads\/2022\/03\/ACN-20220302-124905-768x1024.jpg 768w, https:\/\/exaudi.org\/wp-content\/uploads\/2022\/03\/ACN-20220302-124905-770x1027.jpg 770w, https:\/\/exaudi.org\/wp-content\/uploads\/2022\/03\/ACN-20220302-124905-1152x1536.jpg 1152w, https:\/\/exaudi.org\/wp-content\/uploads\/2022\/03\/ACN-20220302-124905-500x667.jpg 500w, https:\/\/exaudi.org\/wp-content\/uploads\/2022\/03\/ACN-20220302-124905-293x391.jpg 293w, https:\/\/exaudi.org\/wp-content\/uploads\/2022\/03\/ACN-20220302-124905-390x520.jpg 390w, https:\/\/exaudi.org\/wp-content\/uploads\/2022\/03\/ACN-20220302-124905.jpg 1200w\" sizes=\"auto, (max-width: 225px) 100vw, 225px\" \/><figcaption id=\"caption-attachment-53792\" class=\"wp-caption-text\">Bambini nella parrocchia di S. Giovanni Paolo II (C) ACS<\/figcaption><\/figure>\n<p>\u00abIl viaggio \u00e8 arduo perch\u00e9 lungo le strade sono stati allestiti \u201cpunti di controllo\u201d per controllare conducenti e passeggeri. Stanno cercando di proteggere la citt\u00e0 dai sabotatori\u00bb aggiunge il sacerdote. La parrocchia sta aiutando a organizzare altri alloggi per gli sfollati che fuggono dalla guerra. &#8220;Abbiamo donato coperte e materassi a una comunit\u00e0 parrocchiale che sta organizzando aiuti nella sua citt\u00e0 al valico di frontiera Shehyni\/Medyka per coloro che viaggiano a piedi e aspettano nella coda di 37 km al confine&#8221; prosegue il sacerdote.<\/p>\n<h2>La guerra non indebolisce la fede<\/h2>\n<p>Anche in questa drammatica situazione, don Grzegorz ha sperimentato segni di unit\u00e0 nella fede. &#8220;Battisti e pentecostali di Kiev, Zhytomyr e Zaporizhzhia hanno pernottato nella casa parrocchiale da sabato sera a domenica sera. Tutti hanno partecipato alla santa Messa e hanno condiviso con noi le loro esperienze&#8221; ha riferito. &#8220;Da quello che ho visto, la guerra non indebolisce la fede, anzi&#8221;.<\/p>\n<h2>L\u2019aiuto di Acs<\/h2>\n<p>&#8220;Il sostegno di ACS all\u2019Ucraina non \u00e8 improvvisato, al contrario, esso risale al 1963&#8221;, ricorda il direttore di ACS Italia Alessandro Monteduro. &#8220;Negli ultimi dieci anni il contributo per la formazione dei seminaristi \u00e8 stato di oltre 6,5 milioni di euro. Dal 1994 ACS ha investito pi\u00f9 di 9 milioni di euro nella costruzione e manutenzione dei seminari greco-cattolici e latini. La nostra fondazione pontificia, negli ultimi dieci anni, ha sostenuto la costruzione e il restauro di molte chiese, monasteri e presbit\u00e8ri: per queste finalit\u00e0 sono stati spesi quasi 15,6 milioni di euro.<\/p>\n<figure id=\"attachment_53795\" aria-describedby=\"caption-attachment-53795\" style=\"width: 300px\" class=\"wp-caption alignright\"><img loading=\"lazy\" decoding=\"async\" class=\"size-medium wp-image-53795\" src=\"https:\/\/exaudi.org\/wp-content\/uploads\/2022\/03\/ACN-20220302-124903-300x225.jpg\" alt=\"sfollati\" width=\"300\" height=\"225\" srcset=\"https:\/\/exaudi.org\/wp-content\/uploads\/2022\/03\/ACN-20220302-124903-300x225.jpg 300w, https:\/\/exaudi.org\/wp-content\/uploads\/2022\/03\/ACN-20220302-124903-1024x768.jpg 1024w, https:\/\/exaudi.org\/wp-content\/uploads\/2022\/03\/ACN-20220302-124903-770x578.jpg 770w, https:\/\/exaudi.org\/wp-content\/uploads\/2022\/03\/ACN-20220302-124903-1536x1152.jpg 1536w, https:\/\/exaudi.org\/wp-content\/uploads\/2022\/03\/ACN-20220302-124903-500x375.jpg 500w, https:\/\/exaudi.org\/wp-content\/uploads\/2022\/03\/ACN-20220302-124903-293x220.jpg 293w, https:\/\/exaudi.org\/wp-content\/uploads\/2022\/03\/ACN-20220302-124903-1400x1050.jpg 1400w, https:\/\/exaudi.org\/wp-content\/uploads\/2022\/03\/ACN-20220302-124903-390x293.jpg 390w, https:\/\/exaudi.org\/wp-content\/uploads\/2022\/03\/ACN-20220302-124903.jpg 1600w\" sizes=\"auto, (max-width: 300px) 100vw, 300px\" \/><figcaption id=\"caption-attachment-53795\" class=\"wp-caption-text\">(C) ACS<\/figcaption><\/figure>\n<p>Quanto alle offerte per la celebrazione di Messe secondo le intenzioni dei benefattori, donazioni pari a 10,6 milioni di euro hanno contribuito a garantire la sopravvivenza dei sacerdoti e anche di molti loro fedeli. Abbiamo garantito soccorsi d&#8217;urgenza anche alla regione dell&#8217;Ucraina orientale e alla Crimea, dal 2014, donando pi\u00f9 di 350.000 euro&#8221;, prosegue Monteduro.<\/p>\n<p>&#8220;Se la comunit\u00e0 di ACS ha fatto tutto questo finora, cosa \u00e8 chiamata a fare in queste ore cos\u00ec drammatiche e decisive? E infatti i nostri benefattori stanno rispondendo con straordinaria generosit\u00e0 al nostro appello alla carit\u00e0 verso i fratelli ucraini. Tutti ci auguriamo che questa guerra termini presto, ma anche se terminasse oggi, le ferite inflitte a ogni singola famiglia ucraina saranno durature. Altrettanto duraturo sar\u00e0 il nostro sostegno&#8221; conclude il direttore di ACS Italia.<\/p>\n","protected":false},"excerpt":{"rendered":"<p>La testimonianza del parroco di S. Giovanni Paolo II a Lviv. Il sostegno di Aiuto alla Chiesa che Soffre<\/p>\n","protected":false},"author":17,"featured_media":53789,"comment_status":"closed","ping_status":"closed","sticky":false,"template":"","format":"standard","meta":{"_acf_changed":false,"_crdt_document":"","inline_featured_image":false,"footnotes":""},"categories":[73],"tags":[2487,785,1320,1773],"class_list":["post-53788","post","type-post","status-publish","format-standard","has-post-thumbnail","hentry","category-chiesa-e-mondo","tag-featured-3","tag-guerra","tag-sfollati","tag-ucraina"],"acf":[],"yoast_head":"<!-- This site is optimized with the Yoast SEO plugin v27.5 - https:\/\/yoast.com\/product\/yoast-seo-wordpress\/ -->\n<title>Il dramma degli sfollati in fuga dai bombardamenti &#8211; Exaudi<\/title>\n<meta name=\"description\" content=\"Il dramma degli sfollati in fuga dai bombardamenti in Ucraina nel racconto del parroco di S. Giovanni Paolo II a Lviv\" \/>\n<meta name=\"robots\" content=\"index, follow, max-snippet:-1, max-image-preview:large, max-video-preview:-1\" \/>\n<link rel=\"canonical\" href=\"https:\/\/exaudi.org\/it\/il-dramma-degli-sfollati-in-fuga-dai-bombardamenti\/\" \/>\n<meta property=\"og:locale\" content=\"it_IT\" \/>\n<meta property=\"og:type\" content=\"article\" \/>\n<meta property=\"og:title\" content=\"Il dramma degli sfollati in fuga dai bombardamenti &#8211; Exaudi\" \/>\n<meta property=\"og:description\" content=\"Il dramma degli sfollati in fuga dai bombardamenti in Ucraina nel racconto del parroco di S. Giovanni Paolo II a Lviv\" \/>\n<meta property=\"og:url\" content=\"https:\/\/exaudi.org\/it\/il-dramma-degli-sfollati-in-fuga-dai-bombardamenti\/\" \/>\n<meta property=\"og:site_name\" content=\"Exaudi\" \/>\n<meta property=\"article:publisher\" content=\"https:\/\/www.facebook.com\/ExaudiNews\" \/>\n<meta property=\"article:author\" content=\"https:\/\/www.facebook.com\/ExaudiNotizie\/\" \/>\n<meta property=\"article:published_time\" content=\"2022-03-03T12:38:53+00:00\" \/>\n<meta property=\"og:image\" content=\"https:\/\/exaudi.org\/wp-content\/uploads\/2022\/03\/ACN-20220302-124908.jpg\" \/>\n\t<meta property=\"og:image:width\" content=\"1280\" \/>\n\t<meta property=\"og:image:height\" content=\"960\" \/>\n\t<meta property=\"og:image:type\" content=\"image\/jpeg\" \/>\n<meta name=\"author\" content=\"Exaudi Redazione\" \/>\n<meta name=\"twitter:card\" content=\"summary_large_image\" \/>\n<meta name=\"twitter:creator\" content=\"@Exaudi_Notizie\" \/>\n<meta name=\"twitter:site\" content=\"@Exaudi_News\" \/>\n<meta name=\"twitter:label1\" content=\"Scritto da\" \/>\n\t<meta name=\"twitter:data1\" content=\"Exaudi Redazione\" \/>\n\t<meta name=\"twitter:label2\" content=\"Tempo di lettura stimato\" \/>\n\t<meta name=\"twitter:data2\" content=\"4 minuti\" \/>\n<script type=\"application\/ld+json\" class=\"yoast-schema-graph\">{\"@context\":\"https:\\\/\\\/schema.org\",\"@graph\":[{\"@type\":\"Article\",\"@id\":\"https:\\\/\\\/exaudi.org\\\/it\\\/il-dramma-degli-sfollati-in-fuga-dai-bombardamenti\\\/#article\",\"isPartOf\":{\"@id\":\"https:\\\/\\\/exaudi.org\\\/it\\\/il-dramma-degli-sfollati-in-fuga-dai-bombardamenti\\\/\"},\"author\":{\"name\":\"Exaudi Redazione\",\"@id\":\"https:\\\/\\\/exaudi.org\\\/#\\\/schema\\\/person\\\/e1ab6ed07c01774724dd96f925f3a5f0\"},\"headline\":\"Il dramma degli sfollati in fuga dai bombardamenti\",\"datePublished\":\"2022-03-03T12:38:53+00:00\",\"mainEntityOfPage\":{\"@id\":\"https:\\\/\\\/exaudi.org\\\/it\\\/il-dramma-degli-sfollati-in-fuga-dai-bombardamenti\\\/\"},\"wordCount\":575,\"image\":{\"@id\":\"https:\\\/\\\/exaudi.org\\\/it\\\/il-dramma-degli-sfollati-in-fuga-dai-bombardamenti\\\/#primaryimage\"},\"thumbnailUrl\":\"https:\\\/\\\/exaudi.org\\\/wp-content\\\/uploads\\\/2022\\\/03\\\/ACN-20220302-124908.jpg\",\"keywords\":[\"Featured\",\"guerra\",\"sfollati\",\"Ucraina\"],\"articleSection\":[\"Chiesa e Mondo\"],\"inLanguage\":\"it-IT\"},{\"@type\":\"WebPage\",\"@id\":\"https:\\\/\\\/exaudi.org\\\/it\\\/il-dramma-degli-sfollati-in-fuga-dai-bombardamenti\\\/\",\"url\":\"https:\\\/\\\/exaudi.org\\\/it\\\/il-dramma-degli-sfollati-in-fuga-dai-bombardamenti\\\/\",\"name\":\"Il dramma degli sfollati in fuga dai bombardamenti &#8211; Exaudi\",\"isPartOf\":{\"@id\":\"https:\\\/\\\/exaudi.org\\\/#website\"},\"primaryImageOfPage\":{\"@id\":\"https:\\\/\\\/exaudi.org\\\/it\\\/il-dramma-degli-sfollati-in-fuga-dai-bombardamenti\\\/#primaryimage\"},\"image\":{\"@id\":\"https:\\\/\\\/exaudi.org\\\/it\\\/il-dramma-degli-sfollati-in-fuga-dai-bombardamenti\\\/#primaryimage\"},\"thumbnailUrl\":\"https:\\\/\\\/exaudi.org\\\/wp-content\\\/uploads\\\/2022\\\/03\\\/ACN-20220302-124908.jpg\",\"datePublished\":\"2022-03-03T12:38:53+00:00\",\"author\":{\"@id\":\"https:\\\/\\\/exaudi.org\\\/#\\\/schema\\\/person\\\/e1ab6ed07c01774724dd96f925f3a5f0\"},\"description\":\"Il dramma degli sfollati in fuga dai bombardamenti in Ucraina nel racconto del parroco di S. Giovanni Paolo II a Lviv\",\"breadcrumb\":{\"@id\":\"https:\\\/\\\/exaudi.org\\\/it\\\/il-dramma-degli-sfollati-in-fuga-dai-bombardamenti\\\/#breadcrumb\"},\"inLanguage\":\"it-IT\",\"potentialAction\":[{\"@type\":\"ReadAction\",\"target\":[\"https:\\\/\\\/exaudi.org\\\/it\\\/il-dramma-degli-sfollati-in-fuga-dai-bombardamenti\\\/\"]}]},{\"@type\":\"ImageObject\",\"inLanguage\":\"it-IT\",\"@id\":\"https:\\\/\\\/exaudi.org\\\/it\\\/il-dramma-degli-sfollati-in-fuga-dai-bombardamenti\\\/#primaryimage\",\"url\":\"https:\\\/\\\/exaudi.org\\\/wp-content\\\/uploads\\\/2022\\\/03\\\/ACN-20220302-124908.jpg\",\"contentUrl\":\"https:\\\/\\\/exaudi.org\\\/wp-content\\\/uploads\\\/2022\\\/03\\\/ACN-20220302-124908.jpg\",\"width\":1280,\"height\":960,\"caption\":\"Don Grzegorz Draus con alcuni rifugiati nella sua parrocchia (C) ACS\"},{\"@type\":\"BreadcrumbList\",\"@id\":\"https:\\\/\\\/exaudi.org\\\/it\\\/il-dramma-degli-sfollati-in-fuga-dai-bombardamenti\\\/#breadcrumb\",\"itemListElement\":[{\"@type\":\"ListItem\",\"position\":1,\"name\":\"Portada\",\"item\":\"https:\\\/\\\/exaudi.org\\\/it\\\/\"},{\"@type\":\"ListItem\",\"position\":2,\"name\":\"Il dramma degli sfollati in fuga dai bombardamenti\"}]},{\"@type\":\"WebSite\",\"@id\":\"https:\\\/\\\/exaudi.org\\\/#website\",\"url\":\"https:\\\/\\\/exaudi.org\\\/\",\"name\":\"Exaudi\",\"description\":\"News\",\"potentialAction\":[{\"@type\":\"SearchAction\",\"target\":{\"@type\":\"EntryPoint\",\"urlTemplate\":\"https:\\\/\\\/exaudi.org\\\/?s={search_term_string}\"},\"query-input\":{\"@type\":\"PropertyValueSpecification\",\"valueRequired\":true,\"valueName\":\"search_term_string\"}}],\"inLanguage\":\"it-IT\"},{\"@type\":\"Person\",\"@id\":\"https:\\\/\\\/exaudi.org\\\/#\\\/schema\\\/person\\\/e1ab6ed07c01774724dd96f925f3a5f0\",\"name\":\"Exaudi Redazione\",\"image\":{\"@type\":\"ImageObject\",\"inLanguage\":\"it-IT\",\"@id\":\"https:\\\/\\\/secure.gravatar.com\\\/avatar\\\/ad6774b3ada023bf5b939d64f45c94b3adf91502dd883507d469b4308a943bb3?s=96&d=mm&r=g\",\"url\":\"https:\\\/\\\/secure.gravatar.com\\\/avatar\\\/ad6774b3ada023bf5b939d64f45c94b3adf91502dd883507d469b4308a943bb3?s=96&d=mm&r=g\",\"contentUrl\":\"https:\\\/\\\/secure.gravatar.com\\\/avatar\\\/ad6774b3ada023bf5b939d64f45c94b3adf91502dd883507d469b4308a943bb3?s=96&d=mm&r=g\",\"caption\":\"Exaudi Redazione\"},\"description\":\"Che cosa \u00e8 Exaudi News? Exaudi News \u00e8 un agenzia cattolica internazionale che informa, istruisce e trasforma quotidianamente in spagnolo, inglese e italiano. Attraverso notizie, articoli di analisi e trasmissioni in diretta degli eventi del Papa, Exaudi cerca di rafforzare l'unit\u00e0 dei cristiani e di contribuire all'evangelizzazione del mondo, sempre guidato dalla dottrina sociale della Chiesa. Lavoriamo per portare la verit\u00e0 e i valori cristiani in ogni angolo del pianeta. Aiutaci a trasformare il mondo con Exaudi! Noi di Exaudi crediamo che l'evangelizzazione e l'informazione di qualit\u00e0 possano cambiare la vita. Per continuare la nostra missione ed espandere la nostra portata, abbiamo bisogno del tuo aiuto. Stiamo anche cercando persone motivate che vogliano unirsi al nostro team. Grazie al vostro sostegno raggiungeremo pi\u00f9 persone, diffonderemo il messaggio di Cristo e rafforzeremo l'unit\u00e0 dei cristiani. Vuoi unirti alla nostra missione? Per maggiori informazioni su come contribuire, visita Exaudi.org\\\/it o contattaci direttamente: info@exaudi.org Exaudi: informa, forma e trasforma.\",\"sameAs\":[\"https:\\\/\\\/www.facebook.com\\\/ExaudiNotizie\\\/\",\"https:\\\/\\\/www.instagram.com\\\/Exaudi_notizie\\\/\",\"https:\\\/\\\/x.com\\\/Exaudi_Notizie\",\"https:\\\/\\\/www.youtube.com\\\/@exaudicatholicnews\"],\"url\":\"https:\\\/\\\/exaudi.org\\\/it\\\/author\\\/dlvedi-org\\\/\"}]}<\/script>\n<!-- \/ Yoast SEO plugin. -->","yoast_head_json":{"title":"Il dramma degli sfollati in fuga dai bombardamenti &#8211; Exaudi","description":"Il dramma degli sfollati in fuga dai bombardamenti in Ucraina nel racconto del parroco di S. Giovanni Paolo II a Lviv","robots":{"index":"index","follow":"follow","max-snippet":"max-snippet:-1","max-image-preview":"max-image-preview:large","max-video-preview":"max-video-preview:-1"},"canonical":"https:\/\/exaudi.org\/it\/il-dramma-degli-sfollati-in-fuga-dai-bombardamenti\/","og_locale":"it_IT","og_type":"article","og_title":"Il dramma degli sfollati in fuga dai bombardamenti &#8211; Exaudi","og_description":"Il dramma degli sfollati in fuga dai bombardamenti in Ucraina nel racconto del parroco di S. Giovanni Paolo II a Lviv","og_url":"https:\/\/exaudi.org\/it\/il-dramma-degli-sfollati-in-fuga-dai-bombardamenti\/","og_site_name":"Exaudi","article_publisher":"https:\/\/www.facebook.com\/ExaudiNews","article_author":"https:\/\/www.facebook.com\/ExaudiNotizie\/","article_published_time":"2022-03-03T12:38:53+00:00","og_image":[{"width":1280,"height":960,"url":"https:\/\/exaudi.org\/wp-content\/uploads\/2022\/03\/ACN-20220302-124908.jpg","type":"image\/jpeg"}],"author":"Exaudi Redazione","twitter_card":"summary_large_image","twitter_creator":"@Exaudi_Notizie","twitter_site":"@Exaudi_News","twitter_misc":{"Scritto da":"Exaudi Redazione","Tempo di lettura stimato":"4 minuti"},"schema":{"@context":"https:\/\/schema.org","@graph":[{"@type":"Article","@id":"https:\/\/exaudi.org\/it\/il-dramma-degli-sfollati-in-fuga-dai-bombardamenti\/#article","isPartOf":{"@id":"https:\/\/exaudi.org\/it\/il-dramma-degli-sfollati-in-fuga-dai-bombardamenti\/"},"author":{"name":"Exaudi Redazione","@id":"https:\/\/exaudi.org\/#\/schema\/person\/e1ab6ed07c01774724dd96f925f3a5f0"},"headline":"Il dramma degli sfollati in fuga dai bombardamenti","datePublished":"2022-03-03T12:38:53+00:00","mainEntityOfPage":{"@id":"https:\/\/exaudi.org\/it\/il-dramma-degli-sfollati-in-fuga-dai-bombardamenti\/"},"wordCount":575,"image":{"@id":"https:\/\/exaudi.org\/it\/il-dramma-degli-sfollati-in-fuga-dai-bombardamenti\/#primaryimage"},"thumbnailUrl":"https:\/\/exaudi.org\/wp-content\/uploads\/2022\/03\/ACN-20220302-124908.jpg","keywords":["Featured","guerra","sfollati","Ucraina"],"articleSection":["Chiesa e Mondo"],"inLanguage":"it-IT"},{"@type":"WebPage","@id":"https:\/\/exaudi.org\/it\/il-dramma-degli-sfollati-in-fuga-dai-bombardamenti\/","url":"https:\/\/exaudi.org\/it\/il-dramma-degli-sfollati-in-fuga-dai-bombardamenti\/","name":"Il dramma degli sfollati in fuga dai bombardamenti &#8211; Exaudi","isPartOf":{"@id":"https:\/\/exaudi.org\/#website"},"primaryImageOfPage":{"@id":"https:\/\/exaudi.org\/it\/il-dramma-degli-sfollati-in-fuga-dai-bombardamenti\/#primaryimage"},"image":{"@id":"https:\/\/exaudi.org\/it\/il-dramma-degli-sfollati-in-fuga-dai-bombardamenti\/#primaryimage"},"thumbnailUrl":"https:\/\/exaudi.org\/wp-content\/uploads\/2022\/03\/ACN-20220302-124908.jpg","datePublished":"2022-03-03T12:38:53+00:00","author":{"@id":"https:\/\/exaudi.org\/#\/schema\/person\/e1ab6ed07c01774724dd96f925f3a5f0"},"description":"Il dramma degli sfollati in fuga dai bombardamenti in Ucraina nel racconto del parroco di S. Giovanni Paolo II a Lviv","breadcrumb":{"@id":"https:\/\/exaudi.org\/it\/il-dramma-degli-sfollati-in-fuga-dai-bombardamenti\/#breadcrumb"},"inLanguage":"it-IT","potentialAction":[{"@type":"ReadAction","target":["https:\/\/exaudi.org\/it\/il-dramma-degli-sfollati-in-fuga-dai-bombardamenti\/"]}]},{"@type":"ImageObject","inLanguage":"it-IT","@id":"https:\/\/exaudi.org\/it\/il-dramma-degli-sfollati-in-fuga-dai-bombardamenti\/#primaryimage","url":"https:\/\/exaudi.org\/wp-content\/uploads\/2022\/03\/ACN-20220302-124908.jpg","contentUrl":"https:\/\/exaudi.org\/wp-content\/uploads\/2022\/03\/ACN-20220302-124908.jpg","width":1280,"height":960,"caption":"Don Grzegorz Draus con alcuni rifugiati nella sua parrocchia (C) ACS"},{"@type":"BreadcrumbList","@id":"https:\/\/exaudi.org\/it\/il-dramma-degli-sfollati-in-fuga-dai-bombardamenti\/#breadcrumb","itemListElement":[{"@type":"ListItem","position":1,"name":"Portada","item":"https:\/\/exaudi.org\/it\/"},{"@type":"ListItem","position":2,"name":"Il dramma degli sfollati in fuga dai bombardamenti"}]},{"@type":"WebSite","@id":"https:\/\/exaudi.org\/#website","url":"https:\/\/exaudi.org\/","name":"Exaudi","description":"News","potentialAction":[{"@type":"SearchAction","target":{"@type":"EntryPoint","urlTemplate":"https:\/\/exaudi.org\/?s={search_term_string}"},"query-input":{"@type":"PropertyValueSpecification","valueRequired":true,"valueName":"search_term_string"}}],"inLanguage":"it-IT"},{"@type":"Person","@id":"https:\/\/exaudi.org\/#\/schema\/person\/e1ab6ed07c01774724dd96f925f3a5f0","name":"Exaudi Redazione","image":{"@type":"ImageObject","inLanguage":"it-IT","@id":"https:\/\/secure.gravatar.com\/avatar\/ad6774b3ada023bf5b939d64f45c94b3adf91502dd883507d469b4308a943bb3?s=96&d=mm&r=g","url":"https:\/\/secure.gravatar.com\/avatar\/ad6774b3ada023bf5b939d64f45c94b3adf91502dd883507d469b4308a943bb3?s=96&d=mm&r=g","contentUrl":"https:\/\/secure.gravatar.com\/avatar\/ad6774b3ada023bf5b939d64f45c94b3adf91502dd883507d469b4308a943bb3?s=96&d=mm&r=g","caption":"Exaudi Redazione"},"description":"Che cosa \u00e8 Exaudi News? Exaudi News \u00e8 un agenzia cattolica internazionale che informa, istruisce e trasforma quotidianamente in spagnolo, inglese e italiano. Attraverso notizie, articoli di analisi e trasmissioni in diretta degli eventi del Papa, Exaudi cerca di rafforzare l'unit\u00e0 dei cristiani e di contribuire all'evangelizzazione del mondo, sempre guidato dalla dottrina sociale della Chiesa. Lavoriamo per portare la verit\u00e0 e i valori cristiani in ogni angolo del pianeta. Aiutaci a trasformare il mondo con Exaudi! Noi di Exaudi crediamo che l'evangelizzazione e l'informazione di qualit\u00e0 possano cambiare la vita. Per continuare la nostra missione ed espandere la nostra portata, abbiamo bisogno del tuo aiuto. Stiamo anche cercando persone motivate che vogliano unirsi al nostro team. Grazie al vostro sostegno raggiungeremo pi\u00f9 persone, diffonderemo il messaggio di Cristo e rafforzeremo l'unit\u00e0 dei cristiani. Vuoi unirti alla nostra missione? Per maggiori informazioni su come contribuire, visita Exaudi.org\/it o contattaci direttamente: info@exaudi.org Exaudi: informa, forma e trasforma.","sameAs":["https:\/\/www.facebook.com\/ExaudiNotizie\/","https:\/\/www.instagram.com\/Exaudi_notizie\/","https:\/\/x.com\/Exaudi_Notizie","https:\/\/www.youtube.com\/@exaudicatholicnews"],"url":"https:\/\/exaudi.org\/it\/author\/dlvedi-org\/"}]}},"jetpack_featured_media_url":"https:\/\/exaudi.org\/wp-content\/uploads\/2022\/03\/ACN-20220302-124908.jpg","jetpack_shortlink":"https:\/\/wp.me\/pgKjF2-dZy","_links":{"self":[{"href":"https:\/\/exaudi.org\/it\/wp-json\/wp\/v2\/posts\/53788","targetHints":{"allow":["GET"]}}],"collection":[{"href":"https:\/\/exaudi.org\/it\/wp-json\/wp\/v2\/posts"}],"about":[{"href":"https:\/\/exaudi.org\/it\/wp-json\/wp\/v2\/types\/post"}],"author":[{"embeddable":true,"href":"https:\/\/exaudi.org\/it\/wp-json\/wp\/v2\/users\/17"}],"replies":[{"embeddable":true,"href":"https:\/\/exaudi.org\/it\/wp-json\/wp\/v2\/comments?post=53788"}],"version-history":[{"count":0,"href":"https:\/\/exaudi.org\/it\/wp-json\/wp\/v2\/posts\/53788\/revisions"}],"wp:featuredmedia":[{"embeddable":true,"href":"https:\/\/exaudi.org\/it\/wp-json\/wp\/v2\/media\/53789"}],"wp:attachment":[{"href":"https:\/\/exaudi.org\/it\/wp-json\/wp\/v2\/media?parent=53788"}],"wp:term":[{"taxonomy":"category","embeddable":true,"href":"https:\/\/exaudi.org\/it\/wp-json\/wp\/v2\/categories?post=53788"},{"taxonomy":"post_tag","embeddable":true,"href":"https:\/\/exaudi.org\/it\/wp-json\/wp\/v2\/tags?post=53788"}],"curies":[{"name":"wp","href":"https:\/\/api.w.org\/{rel}","templated":true}]}}