{"id":5370,"date":"2021-03-10T12:18:37","date_gmt":"2021-03-10T11:18:37","guid":{"rendered":"https:\/\/exaudi.org\/?p=5370"},"modified":"2021-03-11T13:04:48","modified_gmt":"2021-03-11T12:04:48","slug":"ho-sentito-la-croce-della-chiesa-martire-delliraq","status":"publish","type":"post","link":"https:\/\/exaudi.org\/it\/ho-sentito-la-croce-della-chiesa-martire-delliraq\/","title":{"rendered":"&#8220;Ho sentito la croce della Chiesa martire dell&#8217;Iraq&#8221;"},"content":{"rendered":"<p>Un viaggio dal forte senso penitenziale in cui il Papa ha voluto prendere su di se la croce della Chiesa martire dell&#8217;Iraq. Con queste parole il S. Padre ha ripercorso il suo recente viaggio nella terra di Abramo durante la catechesi dell&#8217;udienza generale nella Biblioteca del Palazzo Apostolico Vaticano. Di seguito il testo diffuso dalla Sala Stampa vaticana:<\/p>\n<p>&#8220;Cari fratelli e sorelle, buongiorno!<br \/>\nNei giorni scorsi il Signore mi ha concesso di visitare <strong><a href=\"https:\/\/exaudi.org\/it\/il-congedo-del-papa-liraq-restera-nel-mio-cuore\/\">l\u2019Iraq<\/a><\/strong>, realizzando un progetto di San<br \/>\nGiovanni Paolo II. Mai un Papa era stato nella terra di Abramo; la Provvidenza ha voluto che ci\u00f2<br \/>\naccadesse ora, come segno di speranza dopo anni di guerra e terrorismo e durante una dura<br \/>\npandemia. Dopo questa Visita, il mio animo \u00e8 colmo di gratitudine. Gratitudine a Dio e a tutti coloro<br \/>\nche l\u2019hanno resa possibile: al Presidente della Repubblica e al Governo dell\u2019Iraq; ai Patriarchi e ai<br \/>\nVescovi del Paese, insieme a tutti i ministri e i fedeli delle rispettive Chiese; alle Autorit\u00e0 religiose,<br \/>\na partire dal Grande Ayatollah Al-Sistani, con il quale ho avuto un incontro indimenticabile nella<br \/>\nsua residenza a Najaf.<\/p>\n<p>Ho sentito forte il senso penitenziale di questo pellegrinaggio: non potevo avvicinarmi a<br \/>\nquel popolo martoriato, a quella Chiesa martire, senza prendere su di me, a nome della Chiesa<br \/>\nCattolica, la croce che loro portano da anni; una croce grande, come quella posta all\u2019entrata di<br \/>\nQaraqosh. L\u2019ho sentito in modo particolare vedendo le ferite ancora aperte delle distruzioni, e pi\u00f9<br \/>\nancora incontrando e ascoltando i testimoni sopravvissuti alle violenze, alle persecuzioni,<br \/>\nall\u2019esilio&#8230; E nello stesso tempo ho visto intorno a me la gioia di accogliere il messaggero di Cristo;<br \/>\nho visto la speranza di aprirsi a un orizzonte di pace e di fraternit\u00e0, riassunto nelle parole di Ges\u00f9 che erano il motto della Visita: \u00abVoi siete tutti fratelli\u00bb (Mt 23,8). Ho riscontrato questa speranza nel discorso del Presidente della Repubblica, l\u2019ho ritrovata in tanti saluti e testimonianze, nei canti e<br \/>\nnei gesti della gente. L\u2019ho letta sui volti luminosi dei giovani e negli occhi vivaci degli anziani. La<br \/>\ngente che aspettava il Papa da cinque ore, in piedi&#8230;; anche donne con bambini in braccio&#8230;<br \/>\nAspettava, e nei loro occhi c\u2019era la speranza.<\/p>\n<p>Il popolo iracheno ha diritto a vivere in pace, ha diritto a ritrovare la dignit\u00e0 che gli<br \/>\nappartiene. Le sue radici religiose e culturali sono millenarie: la Mesopotamia \u00e8 culla di civilt\u00e0;<br \/>\nBaghdad \u00e8 stata nella storia una citt\u00e0 di primaria importanza, che ha ospitato per secoli la biblioteca<br \/>\npi\u00f9 ricca del mondo. E che cosa l\u2019ha distrutta? La guerra. Sempre la guerra \u00e8 il mostro che, col<br \/>\nmutare delle epoche, si trasforma e continua a divorare l\u2019umanit\u00e0. Ma la risposta alla guerra non \u00e8<br \/>\nun\u2019altra guerra, la risposta alle armi non sono altre armi. E io mi sono domandato: chi vendeva le<br \/>\narmi ai terroristi? Chi vende oggi le armi ai terroristi, che stanno facendo stragi in altre parti,<br \/>\npensiamo all\u2019Africa per esempio? \u00c8 una domanda a cui io vorrei che qualcuno rispondesse. La<br \/>\nrisposta non \u00e8 la guerra ma la risposta \u00e8 la fraternit\u00e0. Questa \u00e8 la sfida per l\u2019Iraq, ma non solo: \u00e8 la<br \/>\nsfida per tante regioni di conflitto e, in definitiva, \u00e8 la sfida per il mondo intero: la fraternit\u00e0.<br \/>\nSaremo capaci noi di fare fraternit\u00e0 fra noi, di fare una cultura di fratelli? O continueremo con la<br \/>\nlogica iniziata da Caino, la guerra? Fratellanza, fraternit\u00e0.<br \/>\nPer questo ci siamo incontrati e abbiamo pregato, cristiani e musulmani, con rappresentanti<br \/>\ndi altre religioni, a Ur, dove Abramo ricevette la chiamata di Dio circa quattromila anni fa. Abramo<br \/>\n\u00e8 padre nella fede perch\u00e9 ascolt\u00f2 la voce di Dio che gli prometteva una discendenza, lasci\u00f2 tutto e<br \/>\npart\u00ec. Dio \u00e8 fedele alle sue promesse e ancora oggi guida i nostri passi di pace, guida i passi di chi<br \/>\ncammina in Terra con lo sguardo rivolto al Cielo. E a Ur, stando insieme sotto quel cielo luminoso,<br \/>\nlo stesso cielo nel quale il nostro padre Abramo vide noi, sua discendenza, ci \u00e8 sembrata risuonare<br \/>\nancora nei cuori quella frase: Voi siete tutti fratelli.<\/p>\n<p>Un messaggio di fraternit\u00e0 \u00e8 giunto dall\u2019incontro ecclesiale nella Cattedrale Siro-Cattolica di<br \/>\nBaghdad, dove nel 2010 furono uccise quarantotto persone, tra cui due sacerdoti, durante la<br \/>\ncelebrazione della Messa. La Chiesa in Iraq \u00e8 una Chiesa martire e in quel tempio, che porta<br \/>\ninscritto nella pietra il ricordo di quei martiri, \u00e8 risuonata la gioia dell\u2019incontro: il mio stupore di<br \/>\nessere in mezzo a loro si fondeva con la loro gioia di avere il Papa con s\u00e9.<br \/>\nUn messaggio di fraternit\u00e0 abbiamo lanciato da Mosul e da Qaraqosh, sul fiume Tigri,<br \/>\npresso le rovine dell\u2019antica Ninive. L\u2019occupazione dell\u2019Isis ha causato la fuga di migliaia e migliaia<br \/>\ndi abitanti, tra cui molti cristiani di diverse confessioni e altre minoranze perseguitate, specialmente<br \/>\ngli yazidi. \u00c8 stata rovinata l\u2019antica identit\u00e0 di queste citt\u00e0. Adesso si sta cercando faticosamente di<br \/>\nricostruire; i musulmani invitano i cristiani a ritornare, e insieme restaurano chiese e moschee.<br \/>\nFratellanza, \u00e8 l\u00ec. E continuiamo, per favore, a pregare per questi nostri fratelli e sorelle tanto provati,<br \/>\nperch\u00e9 abbiano la forza di ricominciare. E pensando ai tanti iracheni emigrati vorrei dire loro: avete<br \/>\nlasciato tutto, come Abramo; come lui, custodite la fede e la speranza, e siate tessitori di amicizia e<br \/>\ndi fratellanza l\u00e0 dove siete. E, se potete, tornate.<\/p>\n<p>Un messaggio di fraternit\u00e0 \u00e8 venuto dalle due Celebrazioni eucaristiche: quella di Baghdad,<br \/>\nin rito caldeo, e quella di Erbil, citt\u00e0 dove sono stato ricevuto dal Presidente della regione e dal suo<br \/>\nPrimo Ministro, dalle Autorit\u00e0 \u2013 ringrazio tanti che siano venuti a ricevermi \u2013 e anche sono stato<br \/>\nricevuto dal popolo. La speranza di Abramo e della sua discendenza si \u00e8 realizzata nel mistero che<br \/>\nabbiamo celebrato, in Ges\u00f9, il Figlio che Dio Padre non ha risparmiato, ma ha donato per la<br \/>\nsalvezza di tutti: Lui, con la sua morte e risurrezione, ci ha aperto il passaggio alla terra promessa,<br \/>\nalla vita nuova dove le lacrime sono asciugate, le ferite sanate, i fratelli riconciliati.<br \/>\nCari fratelli e sorelle, lodiamo Dio per questa storica Visita e continuiamo a pregare per<br \/>\nquella Terra e per il Medio Oriente. In Iraq, nonostante il fragore della distruzione e delle armi, le<br \/>\npalme, simbolo del Paese e della sua speranza, hanno continuato a crescere e portare frutto. Cos\u00ec \u00e8<br \/>\nper la fraternit\u00e0: come il frutto delle palme non fa rumore, ma \u00e8 fruttuosa e fa crescere. Dio, che \u00e8<br \/>\npace, conceda un avvenire di fraternit\u00e0 all\u2019Iraq, al Medio Oriente e al mondo intero!&#8221;<\/p>\n<p>Al termine dell&#8217;udienza il S. Padre ha rivolto i consueti saluti. Ecco quelli in lingua italiana:<\/p>\n<p>&#8220;Rivolgo un cordiale saluto ai fedeli di lingua italiana. Proseguendo nell\u2019itinerario<br \/>\nquaresimale, lasciatevi guidare dall\u2019azione dello Spirito Santo che ci conduce sulle orme di Cristo<br \/>\nverso Gerusalemme, dove Egli compir\u00e0 la sua missione redentrice.<\/p>\n<p>Il mio pensiero va infine, come di consueto, agli anziani, ai giovani, ai malati e agli sposi<br \/>\nnovelli. Invoco su ciascuno la grazia divina, affinch\u00e9 sia nella giovinezza, sia nella sofferenza, sia<br \/>\nnel mutuo amore coniugale, possiate giungere alla gioia della Pasqua, corroborati dal cammino di<br \/>\nconversione e di penitenza che stiamo vivendo. A tutti la mia benedizione&#8221;.<\/p>\n","protected":false},"excerpt":{"rendered":"<p>La gratitudine del Papa per il suo viaggio: &#8220;Il popolo iracheno ha diritto a vivere in pace&#8221;<\/p>\n","protected":false},"author":17,"featured_media":5361,"comment_status":"closed","ping_status":"closed","sticky":false,"template":"","format":"standard","meta":{"_acf_changed":false,"_crdt_document":"","inline_featured_image":false,"footnotes":""},"categories":[58,67,536,297],"tags":[785,357,251,579],"class_list":["post-5370","post","type-post","status-publish","format-standard","has-post-thumbnail","hentry","category-featured-news","category-leone-xiv","category-special-it","category-ultime-notizie","tag-guerra","tag-iraq-it","tag-papa-francesco","tag-udienza-generale"],"acf":[],"yoast_head":"<!-- This site is optimized with the Yoast SEO plugin v27.4 - https:\/\/yoast.com\/product\/yoast-seo-wordpress\/ -->\n<title>&quot;Ho sentito la croce della Chiesa martire dell&#039;Iraq&quot; &#8211; Exaudi<\/title>\n<meta name=\"description\" content=\"Il Papa sul suo il viaggio in Iraq: Non potevo avvicinarmi a quella Chiesa martire, senza prendere su di me la croce che portano da anni\" \/>\n<meta name=\"robots\" content=\"index, follow, max-snippet:-1, max-image-preview:large, max-video-preview:-1\" \/>\n<link rel=\"canonical\" href=\"https:\/\/exaudi.org\/it\/ho-sentito-la-croce-della-chiesa-martire-delliraq\/\" \/>\n<meta property=\"og:locale\" content=\"it_IT\" \/>\n<meta property=\"og:type\" content=\"article\" \/>\n<meta property=\"og:title\" content=\"&quot;Ho sentito la croce della Chiesa martire dell&#039;Iraq&quot; &#8211; Exaudi\" \/>\n<meta property=\"og:description\" content=\"Il Papa sul suo il viaggio in Iraq: Non potevo avvicinarmi a quella Chiesa martire, senza prendere su di me la croce che portano da anni\" \/>\n<meta property=\"og:url\" content=\"https:\/\/exaudi.org\/it\/ho-sentito-la-croce-della-chiesa-martire-delliraq\/\" \/>\n<meta property=\"og:site_name\" content=\"Exaudi\" \/>\n<meta property=\"article:publisher\" content=\"https:\/\/www.facebook.com\/ExaudiNews\" \/>\n<meta property=\"article:author\" content=\"https:\/\/www.facebook.com\/ExaudiNotizie\/\" \/>\n<meta property=\"article:published_time\" content=\"2021-03-10T11:18:37+00:00\" \/>\n<meta property=\"article:modified_time\" content=\"2021-03-11T12:04:48+00:00\" \/>\n<meta property=\"og:image\" content=\"https:\/\/exaudi.org\/wp-content\/uploads\/2021\/03\/cq5dam.web_.800.800-1-5.jpeg\" \/>\n\t<meta property=\"og:image:width\" content=\"800\" \/>\n\t<meta property=\"og:image:height\" content=\"532\" \/>\n\t<meta property=\"og:image:type\" content=\"image\/jpeg\" \/>\n<meta name=\"author\" content=\"Exaudi Redazione\" \/>\n<meta name=\"twitter:card\" content=\"summary_large_image\" \/>\n<meta name=\"twitter:creator\" content=\"@Exaudi_Notizie\" \/>\n<meta name=\"twitter:site\" content=\"@Exaudi_News\" \/>\n<meta name=\"twitter:label1\" content=\"Scritto da\" \/>\n\t<meta name=\"twitter:data1\" content=\"Exaudi Redazione\" \/>\n\t<meta name=\"twitter:label2\" content=\"Tempo di lettura stimato\" \/>\n\t<meta name=\"twitter:data2\" content=\"6 minuti\" \/>\n<script type=\"application\/ld+json\" class=\"yoast-schema-graph\">{\"@context\":\"https:\\\/\\\/schema.org\",\"@graph\":[{\"@type\":\"Article\",\"@id\":\"https:\\\/\\\/exaudi.org\\\/it\\\/ho-sentito-la-croce-della-chiesa-martire-delliraq\\\/#article\",\"isPartOf\":{\"@id\":\"https:\\\/\\\/exaudi.org\\\/it\\\/ho-sentito-la-croce-della-chiesa-martire-delliraq\\\/\"},\"author\":{\"name\":\"Exaudi Redazione\",\"@id\":\"https:\\\/\\\/exaudi.org\\\/#\\\/schema\\\/person\\\/e1ab6ed07c01774724dd96f925f3a5f0\"},\"headline\":\"&#8220;Ho sentito la croce della Chiesa martire dell&#8217;Iraq&#8221;\",\"datePublished\":\"2021-03-10T11:18:37+00:00\",\"dateModified\":\"2021-03-11T12:04:48+00:00\",\"mainEntityOfPage\":{\"@id\":\"https:\\\/\\\/exaudi.org\\\/it\\\/ho-sentito-la-croce-della-chiesa-martire-delliraq\\\/\"},\"wordCount\":1203,\"image\":{\"@id\":\"https:\\\/\\\/exaudi.org\\\/it\\\/ho-sentito-la-croce-della-chiesa-martire-delliraq\\\/#primaryimage\"},\"thumbnailUrl\":\"https:\\\/\\\/exaudi.org\\\/wp-content\\\/uploads\\\/2021\\\/03\\\/cq5dam.web_.800.800-1-5.jpeg\",\"keywords\":[\"guerra\",\"iraq\",\"Papa Francesco\",\"udienza generale\"],\"articleSection\":[\"Featured News\",\"Leone XIV\",\"Special\",\"Ultime Notizie\"],\"inLanguage\":\"it-IT\"},{\"@type\":\"WebPage\",\"@id\":\"https:\\\/\\\/exaudi.org\\\/it\\\/ho-sentito-la-croce-della-chiesa-martire-delliraq\\\/\",\"url\":\"https:\\\/\\\/exaudi.org\\\/it\\\/ho-sentito-la-croce-della-chiesa-martire-delliraq\\\/\",\"name\":\"\\\"Ho sentito la croce della Chiesa martire dell'Iraq\\\" &#8211; Exaudi\",\"isPartOf\":{\"@id\":\"https:\\\/\\\/exaudi.org\\\/#website\"},\"primaryImageOfPage\":{\"@id\":\"https:\\\/\\\/exaudi.org\\\/it\\\/ho-sentito-la-croce-della-chiesa-martire-delliraq\\\/#primaryimage\"},\"image\":{\"@id\":\"https:\\\/\\\/exaudi.org\\\/it\\\/ho-sentito-la-croce-della-chiesa-martire-delliraq\\\/#primaryimage\"},\"thumbnailUrl\":\"https:\\\/\\\/exaudi.org\\\/wp-content\\\/uploads\\\/2021\\\/03\\\/cq5dam.web_.800.800-1-5.jpeg\",\"datePublished\":\"2021-03-10T11:18:37+00:00\",\"dateModified\":\"2021-03-11T12:04:48+00:00\",\"author\":{\"@id\":\"https:\\\/\\\/exaudi.org\\\/#\\\/schema\\\/person\\\/e1ab6ed07c01774724dd96f925f3a5f0\"},\"description\":\"Il Papa sul suo il viaggio in Iraq: Non potevo avvicinarmi a quella Chiesa martire, senza prendere su di me la croce che portano da anni\",\"breadcrumb\":{\"@id\":\"https:\\\/\\\/exaudi.org\\\/it\\\/ho-sentito-la-croce-della-chiesa-martire-delliraq\\\/#breadcrumb\"},\"inLanguage\":\"it-IT\",\"potentialAction\":[{\"@type\":\"ReadAction\",\"target\":[\"https:\\\/\\\/exaudi.org\\\/it\\\/ho-sentito-la-croce-della-chiesa-martire-delliraq\\\/\"]}]},{\"@type\":\"ImageObject\",\"inLanguage\":\"it-IT\",\"@id\":\"https:\\\/\\\/exaudi.org\\\/it\\\/ho-sentito-la-croce-della-chiesa-martire-delliraq\\\/#primaryimage\",\"url\":\"https:\\\/\\\/exaudi.org\\\/wp-content\\\/uploads\\\/2021\\\/03\\\/cq5dam.web_.800.800-1-5.jpeg\",\"contentUrl\":\"https:\\\/\\\/exaudi.org\\\/wp-content\\\/uploads\\\/2021\\\/03\\\/cq5dam.web_.800.800-1-5.jpeg\",\"width\":800,\"height\":532,\"caption\":\"Il S. Padre durante l'udienza \u00a9 Vatican Media\"},{\"@type\":\"BreadcrumbList\",\"@id\":\"https:\\\/\\\/exaudi.org\\\/it\\\/ho-sentito-la-croce-della-chiesa-martire-delliraq\\\/#breadcrumb\",\"itemListElement\":[{\"@type\":\"ListItem\",\"position\":1,\"name\":\"Portada\",\"item\":\"https:\\\/\\\/exaudi.org\\\/it\\\/\"},{\"@type\":\"ListItem\",\"position\":2,\"name\":\"&#8220;Ho sentito la croce della Chiesa martire dell&#8217;Iraq&#8221;\"}]},{\"@type\":\"WebSite\",\"@id\":\"https:\\\/\\\/exaudi.org\\\/#website\",\"url\":\"https:\\\/\\\/exaudi.org\\\/\",\"name\":\"Exaudi\",\"description\":\"News\",\"potentialAction\":[{\"@type\":\"SearchAction\",\"target\":{\"@type\":\"EntryPoint\",\"urlTemplate\":\"https:\\\/\\\/exaudi.org\\\/?s={search_term_string}\"},\"query-input\":{\"@type\":\"PropertyValueSpecification\",\"valueRequired\":true,\"valueName\":\"search_term_string\"}}],\"inLanguage\":\"it-IT\"},{\"@type\":\"Person\",\"@id\":\"https:\\\/\\\/exaudi.org\\\/#\\\/schema\\\/person\\\/e1ab6ed07c01774724dd96f925f3a5f0\",\"name\":\"Exaudi Redazione\",\"image\":{\"@type\":\"ImageObject\",\"inLanguage\":\"it-IT\",\"@id\":\"https:\\\/\\\/secure.gravatar.com\\\/avatar\\\/ad6774b3ada023bf5b939d64f45c94b3adf91502dd883507d469b4308a943bb3?s=96&d=mm&r=g\",\"url\":\"https:\\\/\\\/secure.gravatar.com\\\/avatar\\\/ad6774b3ada023bf5b939d64f45c94b3adf91502dd883507d469b4308a943bb3?s=96&d=mm&r=g\",\"contentUrl\":\"https:\\\/\\\/secure.gravatar.com\\\/avatar\\\/ad6774b3ada023bf5b939d64f45c94b3adf91502dd883507d469b4308a943bb3?s=96&d=mm&r=g\",\"caption\":\"Exaudi Redazione\"},\"description\":\"Che cosa \u00e8 Exaudi News? Exaudi News \u00e8 un agenzia cattolica internazionale che informa, istruisce e trasforma quotidianamente in spagnolo, inglese e italiano. Attraverso notizie, articoli di analisi e trasmissioni in diretta degli eventi del Papa, Exaudi cerca di rafforzare l'unit\u00e0 dei cristiani e di contribuire all'evangelizzazione del mondo, sempre guidato dalla dottrina sociale della Chiesa. Lavoriamo per portare la verit\u00e0 e i valori cristiani in ogni angolo del pianeta. Aiutaci a trasformare il mondo con Exaudi! Noi di Exaudi crediamo che l'evangelizzazione e l'informazione di qualit\u00e0 possano cambiare la vita. Per continuare la nostra missione ed espandere la nostra portata, abbiamo bisogno del tuo aiuto. Stiamo anche cercando persone motivate che vogliano unirsi al nostro team. Grazie al vostro sostegno raggiungeremo pi\u00f9 persone, diffonderemo il messaggio di Cristo e rafforzeremo l'unit\u00e0 dei cristiani. Vuoi unirti alla nostra missione? Per maggiori informazioni su come contribuire, visita Exaudi.org\\\/it o contattaci direttamente: info@exaudi.org Exaudi: informa, forma e trasforma.\",\"sameAs\":[\"https:\\\/\\\/www.facebook.com\\\/ExaudiNotizie\\\/\",\"https:\\\/\\\/www.instagram.com\\\/Exaudi_notizie\\\/\",\"https:\\\/\\\/x.com\\\/Exaudi_Notizie\",\"https:\\\/\\\/www.youtube.com\\\/@exaudicatholicnews\"],\"url\":\"https:\\\/\\\/exaudi.org\\\/it\\\/author\\\/dlvedi-org\\\/\"}]}<\/script>\n<!-- \/ Yoast SEO plugin. -->","yoast_head_json":{"title":"\"Ho sentito la croce della Chiesa martire dell'Iraq\" &#8211; Exaudi","description":"Il Papa sul suo il viaggio in Iraq: Non potevo avvicinarmi a quella Chiesa martire, senza prendere su di me la croce che portano da anni","robots":{"index":"index","follow":"follow","max-snippet":"max-snippet:-1","max-image-preview":"max-image-preview:large","max-video-preview":"max-video-preview:-1"},"canonical":"https:\/\/exaudi.org\/it\/ho-sentito-la-croce-della-chiesa-martire-delliraq\/","og_locale":"it_IT","og_type":"article","og_title":"\"Ho sentito la croce della Chiesa martire dell'Iraq\" &#8211; Exaudi","og_description":"Il Papa sul suo il viaggio in Iraq: Non potevo avvicinarmi a quella Chiesa martire, senza prendere su di me la croce che portano da anni","og_url":"https:\/\/exaudi.org\/it\/ho-sentito-la-croce-della-chiesa-martire-delliraq\/","og_site_name":"Exaudi","article_publisher":"https:\/\/www.facebook.com\/ExaudiNews","article_author":"https:\/\/www.facebook.com\/ExaudiNotizie\/","article_published_time":"2021-03-10T11:18:37+00:00","article_modified_time":"2021-03-11T12:04:48+00:00","og_image":[{"width":800,"height":532,"url":"https:\/\/exaudi.org\/wp-content\/uploads\/2021\/03\/cq5dam.web_.800.800-1-5.jpeg","type":"image\/jpeg"}],"author":"Exaudi Redazione","twitter_card":"summary_large_image","twitter_creator":"@Exaudi_Notizie","twitter_site":"@Exaudi_News","twitter_misc":{"Scritto da":"Exaudi Redazione","Tempo di lettura stimato":"6 minuti"},"schema":{"@context":"https:\/\/schema.org","@graph":[{"@type":"Article","@id":"https:\/\/exaudi.org\/it\/ho-sentito-la-croce-della-chiesa-martire-delliraq\/#article","isPartOf":{"@id":"https:\/\/exaudi.org\/it\/ho-sentito-la-croce-della-chiesa-martire-delliraq\/"},"author":{"name":"Exaudi Redazione","@id":"https:\/\/exaudi.org\/#\/schema\/person\/e1ab6ed07c01774724dd96f925f3a5f0"},"headline":"&#8220;Ho sentito la croce della Chiesa martire dell&#8217;Iraq&#8221;","datePublished":"2021-03-10T11:18:37+00:00","dateModified":"2021-03-11T12:04:48+00:00","mainEntityOfPage":{"@id":"https:\/\/exaudi.org\/it\/ho-sentito-la-croce-della-chiesa-martire-delliraq\/"},"wordCount":1203,"image":{"@id":"https:\/\/exaudi.org\/it\/ho-sentito-la-croce-della-chiesa-martire-delliraq\/#primaryimage"},"thumbnailUrl":"https:\/\/exaudi.org\/wp-content\/uploads\/2021\/03\/cq5dam.web_.800.800-1-5.jpeg","keywords":["guerra","iraq","Papa Francesco","udienza generale"],"articleSection":["Featured News","Leone XIV","Special","Ultime Notizie"],"inLanguage":"it-IT"},{"@type":"WebPage","@id":"https:\/\/exaudi.org\/it\/ho-sentito-la-croce-della-chiesa-martire-delliraq\/","url":"https:\/\/exaudi.org\/it\/ho-sentito-la-croce-della-chiesa-martire-delliraq\/","name":"\"Ho sentito la croce della Chiesa martire dell'Iraq\" &#8211; Exaudi","isPartOf":{"@id":"https:\/\/exaudi.org\/#website"},"primaryImageOfPage":{"@id":"https:\/\/exaudi.org\/it\/ho-sentito-la-croce-della-chiesa-martire-delliraq\/#primaryimage"},"image":{"@id":"https:\/\/exaudi.org\/it\/ho-sentito-la-croce-della-chiesa-martire-delliraq\/#primaryimage"},"thumbnailUrl":"https:\/\/exaudi.org\/wp-content\/uploads\/2021\/03\/cq5dam.web_.800.800-1-5.jpeg","datePublished":"2021-03-10T11:18:37+00:00","dateModified":"2021-03-11T12:04:48+00:00","author":{"@id":"https:\/\/exaudi.org\/#\/schema\/person\/e1ab6ed07c01774724dd96f925f3a5f0"},"description":"Il Papa sul suo il viaggio in Iraq: Non potevo avvicinarmi a quella Chiesa martire, senza prendere su di me la croce che portano da anni","breadcrumb":{"@id":"https:\/\/exaudi.org\/it\/ho-sentito-la-croce-della-chiesa-martire-delliraq\/#breadcrumb"},"inLanguage":"it-IT","potentialAction":[{"@type":"ReadAction","target":["https:\/\/exaudi.org\/it\/ho-sentito-la-croce-della-chiesa-martire-delliraq\/"]}]},{"@type":"ImageObject","inLanguage":"it-IT","@id":"https:\/\/exaudi.org\/it\/ho-sentito-la-croce-della-chiesa-martire-delliraq\/#primaryimage","url":"https:\/\/exaudi.org\/wp-content\/uploads\/2021\/03\/cq5dam.web_.800.800-1-5.jpeg","contentUrl":"https:\/\/exaudi.org\/wp-content\/uploads\/2021\/03\/cq5dam.web_.800.800-1-5.jpeg","width":800,"height":532,"caption":"Il S. Padre durante l'udienza \u00a9 Vatican Media"},{"@type":"BreadcrumbList","@id":"https:\/\/exaudi.org\/it\/ho-sentito-la-croce-della-chiesa-martire-delliraq\/#breadcrumb","itemListElement":[{"@type":"ListItem","position":1,"name":"Portada","item":"https:\/\/exaudi.org\/it\/"},{"@type":"ListItem","position":2,"name":"&#8220;Ho sentito la croce della Chiesa martire dell&#8217;Iraq&#8221;"}]},{"@type":"WebSite","@id":"https:\/\/exaudi.org\/#website","url":"https:\/\/exaudi.org\/","name":"Exaudi","description":"News","potentialAction":[{"@type":"SearchAction","target":{"@type":"EntryPoint","urlTemplate":"https:\/\/exaudi.org\/?s={search_term_string}"},"query-input":{"@type":"PropertyValueSpecification","valueRequired":true,"valueName":"search_term_string"}}],"inLanguage":"it-IT"},{"@type":"Person","@id":"https:\/\/exaudi.org\/#\/schema\/person\/e1ab6ed07c01774724dd96f925f3a5f0","name":"Exaudi Redazione","image":{"@type":"ImageObject","inLanguage":"it-IT","@id":"https:\/\/secure.gravatar.com\/avatar\/ad6774b3ada023bf5b939d64f45c94b3adf91502dd883507d469b4308a943bb3?s=96&d=mm&r=g","url":"https:\/\/secure.gravatar.com\/avatar\/ad6774b3ada023bf5b939d64f45c94b3adf91502dd883507d469b4308a943bb3?s=96&d=mm&r=g","contentUrl":"https:\/\/secure.gravatar.com\/avatar\/ad6774b3ada023bf5b939d64f45c94b3adf91502dd883507d469b4308a943bb3?s=96&d=mm&r=g","caption":"Exaudi Redazione"},"description":"Che cosa \u00e8 Exaudi News? Exaudi News \u00e8 un agenzia cattolica internazionale che informa, istruisce e trasforma quotidianamente in spagnolo, inglese e italiano. Attraverso notizie, articoli di analisi e trasmissioni in diretta degli eventi del Papa, Exaudi cerca di rafforzare l'unit\u00e0 dei cristiani e di contribuire all'evangelizzazione del mondo, sempre guidato dalla dottrina sociale della Chiesa. Lavoriamo per portare la verit\u00e0 e i valori cristiani in ogni angolo del pianeta. Aiutaci a trasformare il mondo con Exaudi! Noi di Exaudi crediamo che l'evangelizzazione e l'informazione di qualit\u00e0 possano cambiare la vita. Per continuare la nostra missione ed espandere la nostra portata, abbiamo bisogno del tuo aiuto. Stiamo anche cercando persone motivate che vogliano unirsi al nostro team. Grazie al vostro sostegno raggiungeremo pi\u00f9 persone, diffonderemo il messaggio di Cristo e rafforzeremo l'unit\u00e0 dei cristiani. Vuoi unirti alla nostra missione? Per maggiori informazioni su come contribuire, visita Exaudi.org\/it o contattaci direttamente: info@exaudi.org Exaudi: informa, forma e trasforma.","sameAs":["https:\/\/www.facebook.com\/ExaudiNotizie\/","https:\/\/www.instagram.com\/Exaudi_notizie\/","https:\/\/x.com\/Exaudi_Notizie","https:\/\/www.youtube.com\/@exaudicatholicnews"],"url":"https:\/\/exaudi.org\/it\/author\/dlvedi-org\/"}]}},"jetpack_featured_media_url":"https:\/\/exaudi.org\/wp-content\/uploads\/2021\/03\/cq5dam.web_.800.800-1-5.jpeg","jetpack_shortlink":"https:\/\/wp.me\/pgKjF2-1oC","_links":{"self":[{"href":"https:\/\/exaudi.org\/it\/wp-json\/wp\/v2\/posts\/5370","targetHints":{"allow":["GET"]}}],"collection":[{"href":"https:\/\/exaudi.org\/it\/wp-json\/wp\/v2\/posts"}],"about":[{"href":"https:\/\/exaudi.org\/it\/wp-json\/wp\/v2\/types\/post"}],"author":[{"embeddable":true,"href":"https:\/\/exaudi.org\/it\/wp-json\/wp\/v2\/users\/17"}],"replies":[{"embeddable":true,"href":"https:\/\/exaudi.org\/it\/wp-json\/wp\/v2\/comments?post=5370"}],"version-history":[{"count":0,"href":"https:\/\/exaudi.org\/it\/wp-json\/wp\/v2\/posts\/5370\/revisions"}],"wp:featuredmedia":[{"embeddable":true,"href":"https:\/\/exaudi.org\/it\/wp-json\/wp\/v2\/media\/5361"}],"wp:attachment":[{"href":"https:\/\/exaudi.org\/it\/wp-json\/wp\/v2\/media?parent=5370"}],"wp:term":[{"taxonomy":"category","embeddable":true,"href":"https:\/\/exaudi.org\/it\/wp-json\/wp\/v2\/categories?post=5370"},{"taxonomy":"post_tag","embeddable":true,"href":"https:\/\/exaudi.org\/it\/wp-json\/wp\/v2\/tags?post=5370"}],"curies":[{"name":"wp","href":"https:\/\/api.w.org\/{rel}","templated":true}]}}