{"id":53454,"date":"2022-02-28T10:46:47","date_gmt":"2022-02-28T09:46:47","guid":{"rendered":"https:\/\/exaudi.org\/?p=53454"},"modified":"2022-02-28T10:46:47","modified_gmt":"2022-02-28T09:46:47","slug":"tempo-ecumenico-del-creato-lanciata-la-campagna-2022","status":"publish","type":"post","link":"https:\/\/exaudi.org\/it\/tempo-ecumenico-del-creato-lanciata-la-campagna-2022\/","title":{"rendered":"Tempo ecumenico del Creato, lanciata la campagna 2022"},"content":{"rendered":"<p>I leader cristiani di tutto il mondo si sono riuniti la scorsa settimana per lanciare ufficialmente il\u00a0Tempo ecumenico del Creato 2022, la celebrazione ecumenica annuale che unisce i 2,4 miliardi di cristiani del mondo in preghiera e nell\u2019azione per la nostra casa comune.<\/p>\n<p>I leader hanno riflettuto sulla necessit\u00e0 per tutti i cristiani di \u201cascoltare veramente la voce del creato\u201d, il tema del\u00a0<a href=\"https:\/\/laudatosimovement.org\/it\/news\/cose-il-tempo-del-creato\/\">Tempo del Creato<\/a>\u00a02022. La creazione di Dio geme sempre pi\u00f9 forte e soffre ogni giorno di pi\u00f9 in mezzo all\u2019emergenza climatica in corso e alla crisi della biodiversit\u00e0.<\/p>\n<h2>\u201cAbbracciare\u201d il Tempo del Creato<\/h2>\n<p>Il\u00a0<a href=\"https:\/\/seasonofcreation.org\/it\/2021\/09\/10\/il-tempo-del-creato-e-la-trasformazione-spirituale\/\">Rev. Rachel Mash<\/a>, Canonico Provinciale per l\u2019Ambiente della Chiesa anglicana dell\u2019Africa meridionale, ha affermato: \u201cStiamo recuperando il senso di meraviglia per come \u00e8 stato fatto il mondo e abbiamo bisogno di rivendicare la teologia del perch\u00e9 \u00e8 stato creato. Abbiamo bisogno di ascoltare il creato in modo da poter passare da una teologia del saccheggio a una teologia della meraviglia\u201d.<\/p>\n<p>Lei e gli altri leader hanno incoraggiato tutti i cristiani ad abbracciare il Tempo ecumenico del Creato e a riconoscere come, in quanto famiglia cristiana mondiale unita per la nostra casa comune, possiamo essere una forza per fare del bene.<\/p>\n<p>Il Rev. Chad Rimmer, Presidente del Comitato Direttivo del Tempo Ecumenico del Creato e Coordinatore del Programma di Teologia e Pratica Luterana per la Federazione Luterana Mondiale, ha affermato: \u201cNella preghiera, quando concentriamo il grido della Terra e il grido di quei mezzi di sussistenza che sono minacciati dalla perdita di habitat e dal cambiamento climatico, le comunit\u00e0 di culto possono amplificare le voci dei giovani, degli indigeni e delle comunit\u00e0 colpite che non sono ascoltate nella societ\u00e0 e di coloro che sono sfollati o sono scomparsi dagli spazi pubblici e dai processi politici\u201d.<\/p>\n<h2>Contemplare la bellezza della creazione<\/h2>\n<p>Ma per ascoltare la voce del creato, dobbiamo recuperare la capacit\u00e0 di contemplare la bellezza della creazione di Dio, sostiene padre Joshtrom Isaac Kureethadam, Coordinatore del Settore Ecologia e Creato presso il Dicastero Vaticano per il Servizio dello Sviluppo Umano Integrale.<\/p>\n<p>\u201cLa creazione ci parla eloquentemente della gloria di Dio ma noi non riusciamo a contemplare, ad ascoltare. La causa principale \u00e8 probabilmente che non abbiamo l\u2019atteggiamento giusto\u201d, ha detto. \u201cQuesta \u00e8 la prospettiva di base che dobbiamo recuperare. Recuperare il creato come tempio\u2026 come luogo santo\u201d.<\/p>\n<p>Isabell Retamoza, dell\u2019Associazione Nazionale delle Donne Avvocato, ha parlato delle sue esperienze di ascolto dei gruppi emarginati e di come questo possa aiutare tutti i cristiani a costruire comunit\u00e0 e ad agire.<\/p>\n<p>\u201cQuando sei un giovane in questi spazi di azione e di mobilitazione, [ascoltare \u00e8] il primo passo per diventare davvero un custode per gli altri e per il pianeta e per imparare gli uni dagli altri. E questo \u00e8 qualcosa che porto avanti ora nel mio lavoro di mobilitazione, quando lavoro con altre organizzazioni e avvocati, \u00e8 realmente ascoltare, perch\u00e9 questo \u00e8 il primo passo per costruire una coalizione e una comunit\u00e0 per poi agire\u201d, ha affermato.<\/p>\n<p>Il Rev. Mash ha invitato tutti a ricordare che i bambini che non hanno nulla a che fare con le emissioni di gas serra che, secondo gli scienziati, sono la causa principale della crisi climatica. \u201cDobbiamo ascoltare la voce dei giovani, in particolare di quelli che non possono ancora votare\u201d, ha affermato. \u201cSiamo pronti a lasciare un mondo desolato e arido ai nostri amati figli e nipoti?\u201d<\/p>\n<h2>Il logo<\/h2>\n<p>Per concludere, il Rev. Sikawu Makubalo della Chiesa Metodista del Sud Africa ha rivelato il logo del Tempo del Creato 2022: il roveto ardente. Il roveto contrasta il fuoco di tanti fuochi innaturali che aggravano la crisi climatica, con il segno del fuoco come luce dello Spirito Santo che unisce i cristiani. Appena ha rivelato\u00a0<a href=\"https:\/\/laudatosimovement.org\/it\/news\/lancio-del-tempo-del-creato-2022\/\">il logo<\/a>, il Rev. Sikawu Makubalo ha chiesto ai presenti: \u201cStiamo ascoltando? Cosa stiamo vedendo? Ci sentiamo toccati?\u201d<\/p>\n","protected":false},"excerpt":{"rendered":"<p>Leader cristiani di tutto il mondo riuniti per presentare la celebrazione ecumenica<\/p>\n","protected":false},"author":17,"featured_media":53466,"comment_status":"closed","ping_status":"closed","sticky":false,"template":"","format":"standard","meta":{"_acf_changed":false,"_crdt_document":"","inline_featured_image":false,"footnotes":""},"categories":[79],"tags":[2754,2121,2749,2120],"class_list":["post-53454","post","type-post","status-publish","format-standard","has-post-thumbnail","hentry","category-ecologia","tag-creato","tag-ecologia","tag-ecumenismo-it","tag-laudato-si"],"acf":[],"yoast_head":"<!-- This site is optimized with the Yoast SEO plugin v27.4 - https:\/\/yoast.com\/product\/yoast-seo-wordpress\/ -->\n<title>Tempo ecumenico del Creato, lanciata la campagna 2022 &#8211; Exaudi<\/title>\n<meta name=\"description\" content=\"I leader cristiani di tutto il mondo si sono riuniti per lanciare ufficialmente il\u00a0Tempo ecumenico del Creato 2022. Presentato il logo\" \/>\n<meta name=\"robots\" content=\"index, follow, max-snippet:-1, max-image-preview:large, max-video-preview:-1\" \/>\n<link rel=\"canonical\" href=\"https:\/\/exaudi.org\/it\/tempo-ecumenico-del-creato-lanciata-la-campagna-2022\/\" \/>\n<meta property=\"og:locale\" content=\"it_IT\" \/>\n<meta property=\"og:type\" content=\"article\" \/>\n<meta property=\"og:title\" content=\"Tempo ecumenico del Creato, lanciata la campagna 2022 &#8211; Exaudi\" \/>\n<meta property=\"og:description\" content=\"I leader cristiani di tutto il mondo si sono riuniti per lanciare ufficialmente il\u00a0Tempo ecumenico del Creato 2022. Presentato il logo\" \/>\n<meta property=\"og:url\" content=\"https:\/\/exaudi.org\/it\/tempo-ecumenico-del-creato-lanciata-la-campagna-2022\/\" \/>\n<meta property=\"og:site_name\" content=\"Exaudi\" \/>\n<meta property=\"article:publisher\" content=\"https:\/\/www.facebook.com\/ExaudiNews\" \/>\n<meta property=\"article:author\" content=\"https:\/\/www.facebook.com\/ExaudiNotizie\/\" \/>\n<meta property=\"article:published_time\" content=\"2022-02-28T09:46:47+00:00\" \/>\n<meta property=\"og:image\" content=\"https:\/\/exaudi.org\/wp-content\/uploads\/2022\/02\/logo-2.jpg\" \/>\n\t<meta property=\"og:image:width\" content=\"1961\" \/>\n\t<meta property=\"og:image:height\" content=\"659\" \/>\n\t<meta property=\"og:image:type\" content=\"image\/jpeg\" \/>\n<meta name=\"author\" content=\"Exaudi Redazione\" \/>\n<meta name=\"twitter:card\" content=\"summary_large_image\" \/>\n<meta name=\"twitter:creator\" content=\"@Exaudi_Notizie\" \/>\n<meta name=\"twitter:site\" content=\"@Exaudi_News\" \/>\n<meta name=\"twitter:label1\" content=\"Scritto da\" \/>\n\t<meta name=\"twitter:data1\" content=\"Exaudi Redazione\" \/>\n\t<meta name=\"twitter:label2\" content=\"Tempo di lettura stimato\" \/>\n\t<meta name=\"twitter:data2\" content=\"4 minuti\" \/>\n<script type=\"application\/ld+json\" class=\"yoast-schema-graph\">{\"@context\":\"https:\\\/\\\/schema.org\",\"@graph\":[{\"@type\":\"Article\",\"@id\":\"https:\\\/\\\/exaudi.org\\\/it\\\/tempo-ecumenico-del-creato-lanciata-la-campagna-2022\\\/#article\",\"isPartOf\":{\"@id\":\"https:\\\/\\\/exaudi.org\\\/it\\\/tempo-ecumenico-del-creato-lanciata-la-campagna-2022\\\/\"},\"author\":{\"name\":\"Exaudi Redazione\",\"@id\":\"https:\\\/\\\/exaudi.org\\\/#\\\/schema\\\/person\\\/e1ab6ed07c01774724dd96f925f3a5f0\"},\"headline\":\"Tempo ecumenico del Creato, lanciata la campagna 2022\",\"datePublished\":\"2022-02-28T09:46:47+00:00\",\"mainEntityOfPage\":{\"@id\":\"https:\\\/\\\/exaudi.org\\\/it\\\/tempo-ecumenico-del-creato-lanciata-la-campagna-2022\\\/\"},\"wordCount\":637,\"image\":{\"@id\":\"https:\\\/\\\/exaudi.org\\\/it\\\/tempo-ecumenico-del-creato-lanciata-la-campagna-2022\\\/#primaryimage\"},\"thumbnailUrl\":\"https:\\\/\\\/exaudi.org\\\/wp-content\\\/uploads\\\/2022\\\/02\\\/logo-2.jpg\",\"keywords\":[\"Creato\",\"ecologia\",\"Ecumenismo\",\"Laudato si'\"],\"articleSection\":[\"Ecologia\"],\"inLanguage\":\"it-IT\"},{\"@type\":\"WebPage\",\"@id\":\"https:\\\/\\\/exaudi.org\\\/it\\\/tempo-ecumenico-del-creato-lanciata-la-campagna-2022\\\/\",\"url\":\"https:\\\/\\\/exaudi.org\\\/it\\\/tempo-ecumenico-del-creato-lanciata-la-campagna-2022\\\/\",\"name\":\"Tempo ecumenico del Creato, lanciata la campagna 2022 &#8211; Exaudi\",\"isPartOf\":{\"@id\":\"https:\\\/\\\/exaudi.org\\\/#website\"},\"primaryImageOfPage\":{\"@id\":\"https:\\\/\\\/exaudi.org\\\/it\\\/tempo-ecumenico-del-creato-lanciata-la-campagna-2022\\\/#primaryimage\"},\"image\":{\"@id\":\"https:\\\/\\\/exaudi.org\\\/it\\\/tempo-ecumenico-del-creato-lanciata-la-campagna-2022\\\/#primaryimage\"},\"thumbnailUrl\":\"https:\\\/\\\/exaudi.org\\\/wp-content\\\/uploads\\\/2022\\\/02\\\/logo-2.jpg\",\"datePublished\":\"2022-02-28T09:46:47+00:00\",\"author\":{\"@id\":\"https:\\\/\\\/exaudi.org\\\/#\\\/schema\\\/person\\\/e1ab6ed07c01774724dd96f925f3a5f0\"},\"description\":\"I leader cristiani di tutto il mondo si sono riuniti per lanciare ufficialmente il\u00a0Tempo ecumenico del Creato 2022. Presentato il logo\",\"breadcrumb\":{\"@id\":\"https:\\\/\\\/exaudi.org\\\/it\\\/tempo-ecumenico-del-creato-lanciata-la-campagna-2022\\\/#breadcrumb\"},\"inLanguage\":\"it-IT\",\"potentialAction\":[{\"@type\":\"ReadAction\",\"target\":[\"https:\\\/\\\/exaudi.org\\\/it\\\/tempo-ecumenico-del-creato-lanciata-la-campagna-2022\\\/\"]}]},{\"@type\":\"ImageObject\",\"inLanguage\":\"it-IT\",\"@id\":\"https:\\\/\\\/exaudi.org\\\/it\\\/tempo-ecumenico-del-creato-lanciata-la-campagna-2022\\\/#primaryimage\",\"url\":\"https:\\\/\\\/exaudi.org\\\/wp-content\\\/uploads\\\/2022\\\/02\\\/logo-2.jpg\",\"contentUrl\":\"https:\\\/\\\/exaudi.org\\\/wp-content\\\/uploads\\\/2022\\\/02\\\/logo-2.jpg\",\"width\":1961,\"height\":659,\"caption\":\"tempo ecumenico del creato\"},{\"@type\":\"BreadcrumbList\",\"@id\":\"https:\\\/\\\/exaudi.org\\\/it\\\/tempo-ecumenico-del-creato-lanciata-la-campagna-2022\\\/#breadcrumb\",\"itemListElement\":[{\"@type\":\"ListItem\",\"position\":1,\"name\":\"Portada\",\"item\":\"https:\\\/\\\/exaudi.org\\\/it\\\/\"},{\"@type\":\"ListItem\",\"position\":2,\"name\":\"Tempo ecumenico del Creato, lanciata la campagna 2022\"}]},{\"@type\":\"WebSite\",\"@id\":\"https:\\\/\\\/exaudi.org\\\/#website\",\"url\":\"https:\\\/\\\/exaudi.org\\\/\",\"name\":\"Exaudi\",\"description\":\"News\",\"potentialAction\":[{\"@type\":\"SearchAction\",\"target\":{\"@type\":\"EntryPoint\",\"urlTemplate\":\"https:\\\/\\\/exaudi.org\\\/?s={search_term_string}\"},\"query-input\":{\"@type\":\"PropertyValueSpecification\",\"valueRequired\":true,\"valueName\":\"search_term_string\"}}],\"inLanguage\":\"it-IT\"},{\"@type\":\"Person\",\"@id\":\"https:\\\/\\\/exaudi.org\\\/#\\\/schema\\\/person\\\/e1ab6ed07c01774724dd96f925f3a5f0\",\"name\":\"Exaudi Redazione\",\"image\":{\"@type\":\"ImageObject\",\"inLanguage\":\"it-IT\",\"@id\":\"https:\\\/\\\/secure.gravatar.com\\\/avatar\\\/ad6774b3ada023bf5b939d64f45c94b3adf91502dd883507d469b4308a943bb3?s=96&d=mm&r=g\",\"url\":\"https:\\\/\\\/secure.gravatar.com\\\/avatar\\\/ad6774b3ada023bf5b939d64f45c94b3adf91502dd883507d469b4308a943bb3?s=96&d=mm&r=g\",\"contentUrl\":\"https:\\\/\\\/secure.gravatar.com\\\/avatar\\\/ad6774b3ada023bf5b939d64f45c94b3adf91502dd883507d469b4308a943bb3?s=96&d=mm&r=g\",\"caption\":\"Exaudi Redazione\"},\"description\":\"Che cosa \u00e8 Exaudi News? Exaudi News \u00e8 un agenzia cattolica internazionale che informa, istruisce e trasforma quotidianamente in spagnolo, inglese e italiano. Attraverso notizie, articoli di analisi e trasmissioni in diretta degli eventi del Papa, Exaudi cerca di rafforzare l'unit\u00e0 dei cristiani e di contribuire all'evangelizzazione del mondo, sempre guidato dalla dottrina sociale della Chiesa. Lavoriamo per portare la verit\u00e0 e i valori cristiani in ogni angolo del pianeta. Aiutaci a trasformare il mondo con Exaudi! Noi di Exaudi crediamo che l'evangelizzazione e l'informazione di qualit\u00e0 possano cambiare la vita. Per continuare la nostra missione ed espandere la nostra portata, abbiamo bisogno del tuo aiuto. Stiamo anche cercando persone motivate che vogliano unirsi al nostro team. Grazie al vostro sostegno raggiungeremo pi\u00f9 persone, diffonderemo il messaggio di Cristo e rafforzeremo l'unit\u00e0 dei cristiani. Vuoi unirti alla nostra missione? Per maggiori informazioni su come contribuire, visita Exaudi.org\\\/it o contattaci direttamente: info@exaudi.org Exaudi: informa, forma e trasforma.\",\"sameAs\":[\"https:\\\/\\\/www.facebook.com\\\/ExaudiNotizie\\\/\",\"https:\\\/\\\/www.instagram.com\\\/Exaudi_notizie\\\/\",\"https:\\\/\\\/x.com\\\/Exaudi_Notizie\",\"https:\\\/\\\/www.youtube.com\\\/@exaudicatholicnews\"],\"url\":\"https:\\\/\\\/exaudi.org\\\/it\\\/author\\\/dlvedi-org\\\/\"}]}<\/script>\n<!-- \/ Yoast SEO plugin. -->","yoast_head_json":{"title":"Tempo ecumenico del Creato, lanciata la campagna 2022 &#8211; Exaudi","description":"I leader cristiani di tutto il mondo si sono riuniti per lanciare ufficialmente il\u00a0Tempo ecumenico del Creato 2022. Presentato il logo","robots":{"index":"index","follow":"follow","max-snippet":"max-snippet:-1","max-image-preview":"max-image-preview:large","max-video-preview":"max-video-preview:-1"},"canonical":"https:\/\/exaudi.org\/it\/tempo-ecumenico-del-creato-lanciata-la-campagna-2022\/","og_locale":"it_IT","og_type":"article","og_title":"Tempo ecumenico del Creato, lanciata la campagna 2022 &#8211; Exaudi","og_description":"I leader cristiani di tutto il mondo si sono riuniti per lanciare ufficialmente il\u00a0Tempo ecumenico del Creato 2022. Presentato il logo","og_url":"https:\/\/exaudi.org\/it\/tempo-ecumenico-del-creato-lanciata-la-campagna-2022\/","og_site_name":"Exaudi","article_publisher":"https:\/\/www.facebook.com\/ExaudiNews","article_author":"https:\/\/www.facebook.com\/ExaudiNotizie\/","article_published_time":"2022-02-28T09:46:47+00:00","og_image":[{"width":1961,"height":659,"url":"https:\/\/exaudi.org\/wp-content\/uploads\/2022\/02\/logo-2.jpg","type":"image\/jpeg"}],"author":"Exaudi Redazione","twitter_card":"summary_large_image","twitter_creator":"@Exaudi_Notizie","twitter_site":"@Exaudi_News","twitter_misc":{"Scritto da":"Exaudi Redazione","Tempo di lettura stimato":"4 minuti"},"schema":{"@context":"https:\/\/schema.org","@graph":[{"@type":"Article","@id":"https:\/\/exaudi.org\/it\/tempo-ecumenico-del-creato-lanciata-la-campagna-2022\/#article","isPartOf":{"@id":"https:\/\/exaudi.org\/it\/tempo-ecumenico-del-creato-lanciata-la-campagna-2022\/"},"author":{"name":"Exaudi Redazione","@id":"https:\/\/exaudi.org\/#\/schema\/person\/e1ab6ed07c01774724dd96f925f3a5f0"},"headline":"Tempo ecumenico del Creato, lanciata la campagna 2022","datePublished":"2022-02-28T09:46:47+00:00","mainEntityOfPage":{"@id":"https:\/\/exaudi.org\/it\/tempo-ecumenico-del-creato-lanciata-la-campagna-2022\/"},"wordCount":637,"image":{"@id":"https:\/\/exaudi.org\/it\/tempo-ecumenico-del-creato-lanciata-la-campagna-2022\/#primaryimage"},"thumbnailUrl":"https:\/\/exaudi.org\/wp-content\/uploads\/2022\/02\/logo-2.jpg","keywords":["Creato","ecologia","Ecumenismo","Laudato si'"],"articleSection":["Ecologia"],"inLanguage":"it-IT"},{"@type":"WebPage","@id":"https:\/\/exaudi.org\/it\/tempo-ecumenico-del-creato-lanciata-la-campagna-2022\/","url":"https:\/\/exaudi.org\/it\/tempo-ecumenico-del-creato-lanciata-la-campagna-2022\/","name":"Tempo ecumenico del Creato, lanciata la campagna 2022 &#8211; Exaudi","isPartOf":{"@id":"https:\/\/exaudi.org\/#website"},"primaryImageOfPage":{"@id":"https:\/\/exaudi.org\/it\/tempo-ecumenico-del-creato-lanciata-la-campagna-2022\/#primaryimage"},"image":{"@id":"https:\/\/exaudi.org\/it\/tempo-ecumenico-del-creato-lanciata-la-campagna-2022\/#primaryimage"},"thumbnailUrl":"https:\/\/exaudi.org\/wp-content\/uploads\/2022\/02\/logo-2.jpg","datePublished":"2022-02-28T09:46:47+00:00","author":{"@id":"https:\/\/exaudi.org\/#\/schema\/person\/e1ab6ed07c01774724dd96f925f3a5f0"},"description":"I leader cristiani di tutto il mondo si sono riuniti per lanciare ufficialmente il\u00a0Tempo ecumenico del Creato 2022. Presentato il logo","breadcrumb":{"@id":"https:\/\/exaudi.org\/it\/tempo-ecumenico-del-creato-lanciata-la-campagna-2022\/#breadcrumb"},"inLanguage":"it-IT","potentialAction":[{"@type":"ReadAction","target":["https:\/\/exaudi.org\/it\/tempo-ecumenico-del-creato-lanciata-la-campagna-2022\/"]}]},{"@type":"ImageObject","inLanguage":"it-IT","@id":"https:\/\/exaudi.org\/it\/tempo-ecumenico-del-creato-lanciata-la-campagna-2022\/#primaryimage","url":"https:\/\/exaudi.org\/wp-content\/uploads\/2022\/02\/logo-2.jpg","contentUrl":"https:\/\/exaudi.org\/wp-content\/uploads\/2022\/02\/logo-2.jpg","width":1961,"height":659,"caption":"tempo ecumenico del creato"},{"@type":"BreadcrumbList","@id":"https:\/\/exaudi.org\/it\/tempo-ecumenico-del-creato-lanciata-la-campagna-2022\/#breadcrumb","itemListElement":[{"@type":"ListItem","position":1,"name":"Portada","item":"https:\/\/exaudi.org\/it\/"},{"@type":"ListItem","position":2,"name":"Tempo ecumenico del Creato, lanciata la campagna 2022"}]},{"@type":"WebSite","@id":"https:\/\/exaudi.org\/#website","url":"https:\/\/exaudi.org\/","name":"Exaudi","description":"News","potentialAction":[{"@type":"SearchAction","target":{"@type":"EntryPoint","urlTemplate":"https:\/\/exaudi.org\/?s={search_term_string}"},"query-input":{"@type":"PropertyValueSpecification","valueRequired":true,"valueName":"search_term_string"}}],"inLanguage":"it-IT"},{"@type":"Person","@id":"https:\/\/exaudi.org\/#\/schema\/person\/e1ab6ed07c01774724dd96f925f3a5f0","name":"Exaudi Redazione","image":{"@type":"ImageObject","inLanguage":"it-IT","@id":"https:\/\/secure.gravatar.com\/avatar\/ad6774b3ada023bf5b939d64f45c94b3adf91502dd883507d469b4308a943bb3?s=96&d=mm&r=g","url":"https:\/\/secure.gravatar.com\/avatar\/ad6774b3ada023bf5b939d64f45c94b3adf91502dd883507d469b4308a943bb3?s=96&d=mm&r=g","contentUrl":"https:\/\/secure.gravatar.com\/avatar\/ad6774b3ada023bf5b939d64f45c94b3adf91502dd883507d469b4308a943bb3?s=96&d=mm&r=g","caption":"Exaudi Redazione"},"description":"Che cosa \u00e8 Exaudi News? Exaudi News \u00e8 un agenzia cattolica internazionale che informa, istruisce e trasforma quotidianamente in spagnolo, inglese e italiano. Attraverso notizie, articoli di analisi e trasmissioni in diretta degli eventi del Papa, Exaudi cerca di rafforzare l'unit\u00e0 dei cristiani e di contribuire all'evangelizzazione del mondo, sempre guidato dalla dottrina sociale della Chiesa. Lavoriamo per portare la verit\u00e0 e i valori cristiani in ogni angolo del pianeta. Aiutaci a trasformare il mondo con Exaudi! Noi di Exaudi crediamo che l'evangelizzazione e l'informazione di qualit\u00e0 possano cambiare la vita. Per continuare la nostra missione ed espandere la nostra portata, abbiamo bisogno del tuo aiuto. Stiamo anche cercando persone motivate che vogliano unirsi al nostro team. Grazie al vostro sostegno raggiungeremo pi\u00f9 persone, diffonderemo il messaggio di Cristo e rafforzeremo l'unit\u00e0 dei cristiani. Vuoi unirti alla nostra missione? Per maggiori informazioni su come contribuire, visita Exaudi.org\/it o contattaci direttamente: info@exaudi.org Exaudi: informa, forma e trasforma.","sameAs":["https:\/\/www.facebook.com\/ExaudiNotizie\/","https:\/\/www.instagram.com\/Exaudi_notizie\/","https:\/\/x.com\/Exaudi_Notizie","https:\/\/www.youtube.com\/@exaudicatholicnews"],"url":"https:\/\/exaudi.org\/it\/author\/dlvedi-org\/"}]}},"jetpack_featured_media_url":"https:\/\/exaudi.org\/wp-content\/uploads\/2022\/02\/logo-2.jpg","jetpack_shortlink":"https:\/\/wp.me\/pgKjF2-dUa","_links":{"self":[{"href":"https:\/\/exaudi.org\/it\/wp-json\/wp\/v2\/posts\/53454","targetHints":{"allow":["GET"]}}],"collection":[{"href":"https:\/\/exaudi.org\/it\/wp-json\/wp\/v2\/posts"}],"about":[{"href":"https:\/\/exaudi.org\/it\/wp-json\/wp\/v2\/types\/post"}],"author":[{"embeddable":true,"href":"https:\/\/exaudi.org\/it\/wp-json\/wp\/v2\/users\/17"}],"replies":[{"embeddable":true,"href":"https:\/\/exaudi.org\/it\/wp-json\/wp\/v2\/comments?post=53454"}],"version-history":[{"count":0,"href":"https:\/\/exaudi.org\/it\/wp-json\/wp\/v2\/posts\/53454\/revisions"}],"wp:featuredmedia":[{"embeddable":true,"href":"https:\/\/exaudi.org\/it\/wp-json\/wp\/v2\/media\/53466"}],"wp:attachment":[{"href":"https:\/\/exaudi.org\/it\/wp-json\/wp\/v2\/media?parent=53454"}],"wp:term":[{"taxonomy":"category","embeddable":true,"href":"https:\/\/exaudi.org\/it\/wp-json\/wp\/v2\/categories?post=53454"},{"taxonomy":"post_tag","embeddable":true,"href":"https:\/\/exaudi.org\/it\/wp-json\/wp\/v2\/tags?post=53454"}],"curies":[{"name":"wp","href":"https:\/\/api.w.org\/{rel}","templated":true}]}}