{"id":53425,"date":"2022-02-27T17:37:56","date_gmt":"2022-02-27T16:37:56","guid":{"rendered":"https:\/\/exaudi.org\/?p=53425"},"modified":"2022-02-27T17:37:56","modified_gmt":"2022-02-27T16:37:56","slug":"il-nostro-sogno-e-la-pace-tra-tutti-i-popoli","status":"publish","type":"post","link":"https:\/\/exaudi.org\/it\/il-nostro-sogno-e-la-pace-tra-tutti-i-popoli\/","title":{"rendered":"&#8220;Il nostro sogno \u00e8 la pace tra tutti i popoli&#8221;"},"content":{"rendered":"<p>La riunione dei vescovi e dei sindaci con la successiva celebrazione eucaristica nella basilica di S. Croce ha concluso a Firenze <a href=\"https:\/\/exaudi.org\/it\/il-mediterraneo-sia-luogo-di-dialogo-e-di-pace\/\">l\u2019incontro<\/a> \u201cMediterraneo frontiera di pace\u201d. Il cardinale Bassetti, presidente della Conferenza episcopale italiana, ha rappresentato il Papa, che non ha potuto raggiungere Firenze a causa del dolore al ginocchio. Il porporato ha anche incontrato le famiglie di rifugiati che avrebbero dovuto salutare il S. Padre. E nel suo discorso conclusivo, ha evidenziato come \u201cil nostro sogno \u00e8 la pace tra tutti i popoli\u201d<\/p>\n<h2>Gli auguri al S. Padre<\/h2>\n<p>\u201cConfesso che ho un\u2019emozione forte nel parlarvi a conclusione di quest\u2019incontro \u2013 ha esordito Bassetti &#8211; Sento sopra di me la responsabilit\u00e0 di aver promosso quest\u2019evento insieme al Sindaco di Firenze, Dario Nardella\u201d. Oltre ringraziare il primo cittadino e l\u2019arcivescovo di Firenze, cardinale Betori, Bassetti ha sottolineato di \u201cancora pi\u00f9 responsabilit\u00e0, perch\u00e9 il Santo Padre mi ha affidato il compito di concludere quest\u2019assemblea congiunta. Purtroppo, oggi, non \u00e8 qui con noi per un forte dolore al ginocchio che Lo costringe a ridurre al minimo le Sue attivit\u00e0. Lo ricordiamo con affetto e Gli assicuriamo la nostra vicinanza e il nostro sostegno, ricordandolo in particolar modo con il Suo messaggio di pace: \u00abOgni guerra lascia il nostro mondo peggiore di come lo ha trovato. La guerra \u00e8 un fallimento della politica e dell\u2019umanit\u00e0, una resa vergognosa, una sconfitta di fronte alle forze del male\u00bb\u201d.<\/p>\n<h2>La storia<\/h2>\n<p>Bassetti ha messo in evidenza quattro elementi, a cominciare dalla storia. \u201cQuello che abbiamo vissuto \u2013 e che ancora stiamo vivendo \u2013 \u00e8 stato un grande momento storico. Questo \u00e8 un punto decisivo, che voglio sottolineare con forza. Dobbiamo assumere la consapevolezza, tutti quanti, sindaci e vescovi, esperti e volontari, che questi giorni stupendi, in cui ci siamo potuti confrontare e ascoltare, hanno rappresentato qualcosa di nuovo e di profondamente diverso rispetto al passato. Questi giorni hanno dato vita, infatti, a un appuntamento straordinario e mai verificatosi prima\u201d.<\/p>\n<p>Bassetti ha contrapposto la \u201creciproca volont\u00e0 di ascolto\u201d alla \u201cfolle guerra scoppiata in Ucraina portando morte e distruzione\u201d. Ha fatto ancora una volta riferimento alla \u201cvisione di Giorgio La Pira\u201d. L\u2019incontro di civilt\u00e0 di Firenze \u201cdopo secoli di divisione, pu\u00f2 cambiare la storia non solo del Mediterraneo, ma del mondo intero. Lasciatemelo dire: Dio ci ha chiamato qui a Firenze. Contro ogni avversit\u00e0, contro ogni difficolt\u00e0, contro ogni guerra\u201d.<\/p>\n<h2>La figura di La Pira<\/h2>\n<p>Il secondo elemento \u00e8 proprio La Pira. \u201cPu\u00f2 essere definito in tanti modi diversi: un politico, un professore universitario di diritto romano, un terziario domenicano oppure un terziario francescano. In moltissimi, ancora oggi, a Firenze lo ricordano come il \u00absindaco santo\u00bb. Ognuna di queste definizioni \u00e8 senza dubbio vera. A mio avviso, per\u00f2, La Pira \u00e8 stato un cristiano autentico, un profeta dei tempi moderni e, in definitiva, un mistico prestato alla politica. Un mistico che non aveva alcuna attrazione per il potere, ma una dedizione totale per gli ultimi e un amore sconfinato per la Chiesa\u201d.<\/p>\n<p>Il cardinale ha ricordato la sua conoscenza personale di La Pira: \u201cQuando mi \u00e8 capitato di accompagnarlo per strada a Firenze verso la sua dimora sembrava di assistere a una continua processione di fiorentini che lo fermavano ad ogni angolo della citt\u00e0 e vedevano in lui, non solo il sindaco, ma qualcosa di molto pi\u00f9 profondo: scorgevano nella sua persona il testimone autentico di una cristianit\u00e0 che si faceva prossima ai cittadini. Non quindi un funzionario pubblico, ma un servitore sincero del popolo\u201d.<\/p>\n<p>Perch\u00e9 oggi \u00e8 importante La Pira? \u201cPerch\u00e9 egli \u00e8 stato un uomo libero che ha avuto il coraggio di sostenere opinioni scomode senza mai scendere a patti con la mentalit\u00e0 di questo mondo. L\u2019ex sindaco di Firenze ha sempre cercato il bene delle famiglie e dei giovani, dei poveri e degli emarginati, degli indifesi e degli ultimi della societ\u00e0\u201d. Dunque, \u201cancora oggi, un modello di spiritualit\u00e0 per i cristiani e un modello di impegno civile per tutti\u201d.<\/p>\n<h2>Mediterraneo crocevia di pace<\/h2>\n<p>Il terzo elemento indicato da Bassetti \u00e8 il Mediterraneo. \u201cAnche se non si pu\u00f2 dire che \u00e8 la zona geopolitica pi\u00f9 importante del pianeta, si pu\u00f2 affermare, per\u00f2, che il Mediterraneo rappresenta uno dei crocevia politico-culturali pi\u00f9 rilevanti della Terra\u201d. Punto di incontro di Asia, Africa ed Europa. \u201cTre continenti con tradizioni culturali differenti, con una storia politica conflittuale ma anche con forti punti di interconnessione. Ne indico due: le citt\u00e0 e le chiese\u201d.<\/p>\n<p>\u201cMai come oggi, quando la societ\u00e0 sembra sgretolarsi fino a farsi liquida, \u00e8 tempo di costruire l\u2019unit\u00e0 \u2013 ha sottolineato il cardinale &#8211; Questa \u00e8 un valore che ha un significato profondo. Essere uniti non significa essere unanimi, ma vuol dire essere complementari e collaboratori\u201d. E \u201cquesta \u00e8 ancora oggi la nostra sfida per il futuro: costruire ponti di dialogo tra le genti del Mediterraneo. Unire ci\u00f2 che \u00e8 stato diviso per secoli. Unire in nome della fratellanza umana come ci ricorda il documento di Abu Dhabi. Unire per la pace: una sfida epocale\u201d.<\/p>\n<h2>Il bisogno di pace<\/h2>\n<p>\u201cUltimo elemento di riflessione, ci troviamo di fronte a un \u00abcrinale apocalittico della storia\u00bb, come diceva La Pira, e abbiamo un impellente bisogno di pace e fraternit\u00e0 nel Mediterraneo. Bisogna dirlo con forza e con coraggio: noi vogliamo costruire la pace! La vogliamo per le nostre citt\u00e0, per le nostre comunit\u00e0 religiose, per le nostre famiglie, per i nostri figli. La pace \u00e8 un valore che non si pu\u00f2 barattare con nulla. Perch\u00e9 la vita umana non si compra e non si uccide! Questo \u00e8 il nostro sogno: la pace tra tutti i popoli\u201d.<\/p>\n<p>Concludendo il suo discorso, dopo un riferimento alle migrazioni, il cardinale Bassetti \u00e8 tornato a parlare dell\u2019Ucraina: \u201cLe notizie drammatiche e le immagini ancor pi\u00f9 inquietanti che provengono dall\u2019Ucraina ci raccontano di una tragedia umanitaria a cui non avremmo mai voluto assistere. Il mio pensiero e la mia preghiera vanno verso tutte quelle persone che adesso si trovano nei rifugi sotterranei e a coloro che stanno fuggendo. A tutti coloro che stanno combattendo vorrei usare le parole semplici di un vecchio sacerdote: vi prego, vi scongiuro, fermatevi! In nome di Dio, no alla guerra!\u201d.<\/p>\n","protected":false},"excerpt":{"rendered":"<p>Il discorso conclusivo del presidente della Cei Bassetti all\u2019incontro di Firenze sul Mediterraneo<\/p>\n","protected":false},"author":18,"featured_media":53426,"comment_status":"closed","ping_status":"closed","sticky":false,"template":"","format":"standard","meta":{"_acf_changed":false,"_crdt_document":"","inline_featured_image":false,"footnotes":""},"categories":[73],"tags":[479,6019,1922,688,251,1773],"class_list":["post-53425","post","type-post","status-publish","format-standard","has-post-thumbnail","hentry","category-chiesa-e-mondo","tag-bassetti","tag-la-pira","tag-mediterraneo","tag-pace","tag-papa-francesco","tag-ucraina"],"acf":[],"yoast_head":"<!-- This site is optimized with the Yoast SEO plugin v27.4 - https:\/\/yoast.com\/product\/yoast-seo-wordpress\/ -->\n<title>&quot;Il nostro sogno \u00e8 la pace tra tutti i popoli&quot; &#8211; Exaudi<\/title>\n<meta name=\"description\" content=\"&quot;Il nostro sogno \u00e8 la pace tra tutti i popoli&quot;: lo ha detto il cardinale Bassetti nel discorso conclusivo dell&#039;incontro sul Mediterraneo\" \/>\n<meta name=\"robots\" content=\"index, follow, max-snippet:-1, max-image-preview:large, max-video-preview:-1\" \/>\n<link rel=\"canonical\" href=\"https:\/\/exaudi.org\/it\/il-nostro-sogno-e-la-pace-tra-tutti-i-popoli\/\" \/>\n<meta property=\"og:locale\" content=\"it_IT\" \/>\n<meta property=\"og:type\" content=\"article\" \/>\n<meta property=\"og:title\" content=\"&quot;Il nostro sogno \u00e8 la pace tra tutti i popoli&quot; &#8211; Exaudi\" \/>\n<meta property=\"og:description\" content=\"&quot;Il nostro sogno \u00e8 la pace tra tutti i popoli&quot;: lo ha detto il cardinale Bassetti nel discorso conclusivo dell&#039;incontro sul Mediterraneo\" \/>\n<meta property=\"og:url\" content=\"https:\/\/exaudi.org\/it\/il-nostro-sogno-e-la-pace-tra-tutti-i-popoli\/\" \/>\n<meta property=\"og:site_name\" content=\"Exaudi\" \/>\n<meta property=\"article:publisher\" content=\"https:\/\/www.facebook.com\/ExaudiNews\" \/>\n<meta property=\"article:published_time\" content=\"2022-02-27T16:37:56+00:00\" \/>\n<meta property=\"og:image\" content=\"https:\/\/exaudi.org\/wp-content\/uploads\/2022\/02\/Bassetti-C-CEI-scaled.jpg\" \/>\n\t<meta property=\"og:image:width\" content=\"2560\" \/>\n\t<meta property=\"og:image:height\" content=\"1703\" \/>\n\t<meta property=\"og:image:type\" content=\"image\/jpeg\" \/>\n<meta name=\"author\" content=\"Andrea Acali\" \/>\n<meta name=\"twitter:card\" content=\"summary_large_image\" \/>\n<meta name=\"twitter:creator\" content=\"@Exaudi_News\" \/>\n<meta name=\"twitter:site\" content=\"@Exaudi_News\" \/>\n<meta name=\"twitter:label1\" content=\"Scritto da\" \/>\n\t<meta name=\"twitter:data1\" content=\"Andrea Acali\" \/>\n\t<meta name=\"twitter:label2\" content=\"Tempo di lettura stimato\" \/>\n\t<meta name=\"twitter:data2\" content=\"6 minuti\" \/>\n<script type=\"application\/ld+json\" class=\"yoast-schema-graph\">{\"@context\":\"https:\\\/\\\/schema.org\",\"@graph\":[{\"@type\":\"Article\",\"@id\":\"https:\\\/\\\/exaudi.org\\\/it\\\/il-nostro-sogno-e-la-pace-tra-tutti-i-popoli\\\/#article\",\"isPartOf\":{\"@id\":\"https:\\\/\\\/exaudi.org\\\/it\\\/il-nostro-sogno-e-la-pace-tra-tutti-i-popoli\\\/\"},\"author\":{\"name\":\"Andrea Acali\",\"@id\":\"https:\\\/\\\/exaudi.org\\\/#\\\/schema\\\/person\\\/127735be832481a6d3c410c5837bb61a\"},\"headline\":\"&#8220;Il nostro sogno \u00e8 la pace tra tutti i popoli&#8221;\",\"datePublished\":\"2022-02-27T16:37:56+00:00\",\"mainEntityOfPage\":{\"@id\":\"https:\\\/\\\/exaudi.org\\\/it\\\/il-nostro-sogno-e-la-pace-tra-tutti-i-popoli\\\/\"},\"wordCount\":1014,\"image\":{\"@id\":\"https:\\\/\\\/exaudi.org\\\/it\\\/il-nostro-sogno-e-la-pace-tra-tutti-i-popoli\\\/#primaryimage\"},\"thumbnailUrl\":\"https:\\\/\\\/exaudi.org\\\/wp-content\\\/uploads\\\/2022\\\/02\\\/Bassetti-C-CEI-scaled.jpg\",\"keywords\":[\"Bassetti\",\"La Pira\",\"Mediterraneo\",\"pace\",\"Papa Francesco\",\"Ucraina\"],\"articleSection\":[\"Chiesa e Mondo\"],\"inLanguage\":\"it-IT\"},{\"@type\":\"WebPage\",\"@id\":\"https:\\\/\\\/exaudi.org\\\/it\\\/il-nostro-sogno-e-la-pace-tra-tutti-i-popoli\\\/\",\"url\":\"https:\\\/\\\/exaudi.org\\\/it\\\/il-nostro-sogno-e-la-pace-tra-tutti-i-popoli\\\/\",\"name\":\"\\\"Il nostro sogno \u00e8 la pace tra tutti i popoli\\\" &#8211; Exaudi\",\"isPartOf\":{\"@id\":\"https:\\\/\\\/exaudi.org\\\/#website\"},\"primaryImageOfPage\":{\"@id\":\"https:\\\/\\\/exaudi.org\\\/it\\\/il-nostro-sogno-e-la-pace-tra-tutti-i-popoli\\\/#primaryimage\"},\"image\":{\"@id\":\"https:\\\/\\\/exaudi.org\\\/it\\\/il-nostro-sogno-e-la-pace-tra-tutti-i-popoli\\\/#primaryimage\"},\"thumbnailUrl\":\"https:\\\/\\\/exaudi.org\\\/wp-content\\\/uploads\\\/2022\\\/02\\\/Bassetti-C-CEI-scaled.jpg\",\"datePublished\":\"2022-02-27T16:37:56+00:00\",\"author\":{\"@id\":\"https:\\\/\\\/exaudi.org\\\/#\\\/schema\\\/person\\\/127735be832481a6d3c410c5837bb61a\"},\"description\":\"\\\"Il nostro sogno \u00e8 la pace tra tutti i popoli\\\": lo ha detto il cardinale Bassetti nel discorso conclusivo dell'incontro sul Mediterraneo\",\"breadcrumb\":{\"@id\":\"https:\\\/\\\/exaudi.org\\\/it\\\/il-nostro-sogno-e-la-pace-tra-tutti-i-popoli\\\/#breadcrumb\"},\"inLanguage\":\"it-IT\",\"potentialAction\":[{\"@type\":\"ReadAction\",\"target\":[\"https:\\\/\\\/exaudi.org\\\/it\\\/il-nostro-sogno-e-la-pace-tra-tutti-i-popoli\\\/\"]}]},{\"@type\":\"ImageObject\",\"inLanguage\":\"it-IT\",\"@id\":\"https:\\\/\\\/exaudi.org\\\/it\\\/il-nostro-sogno-e-la-pace-tra-tutti-i-popoli\\\/#primaryimage\",\"url\":\"https:\\\/\\\/exaudi.org\\\/wp-content\\\/uploads\\\/2022\\\/02\\\/Bassetti-C-CEI-scaled.jpg\",\"contentUrl\":\"https:\\\/\\\/exaudi.org\\\/wp-content\\\/uploads\\\/2022\\\/02\\\/Bassetti-C-CEI-scaled.jpg\",\"width\":2560,\"height\":1703,\"caption\":\"Il cardinale Bassetti con alcuni giovani rifugiati (C) CEI\"},{\"@type\":\"BreadcrumbList\",\"@id\":\"https:\\\/\\\/exaudi.org\\\/it\\\/il-nostro-sogno-e-la-pace-tra-tutti-i-popoli\\\/#breadcrumb\",\"itemListElement\":[{\"@type\":\"ListItem\",\"position\":1,\"name\":\"Portada\",\"item\":\"https:\\\/\\\/exaudi.org\\\/it\\\/\"},{\"@type\":\"ListItem\",\"position\":2,\"name\":\"&#8220;Il nostro sogno \u00e8 la pace tra tutti i popoli&#8221;\"}]},{\"@type\":\"WebSite\",\"@id\":\"https:\\\/\\\/exaudi.org\\\/#website\",\"url\":\"https:\\\/\\\/exaudi.org\\\/\",\"name\":\"Exaudi\",\"description\":\"News\",\"potentialAction\":[{\"@type\":\"SearchAction\",\"target\":{\"@type\":\"EntryPoint\",\"urlTemplate\":\"https:\\\/\\\/exaudi.org\\\/?s={search_term_string}\"},\"query-input\":{\"@type\":\"PropertyValueSpecification\",\"valueRequired\":true,\"valueName\":\"search_term_string\"}}],\"inLanguage\":\"it-IT\"},{\"@type\":\"Person\",\"@id\":\"https:\\\/\\\/exaudi.org\\\/#\\\/schema\\\/person\\\/127735be832481a6d3c410c5837bb61a\",\"name\":\"Andrea Acali\",\"image\":{\"@type\":\"ImageObject\",\"inLanguage\":\"it-IT\",\"@id\":\"https:\\\/\\\/secure.gravatar.com\\\/avatar\\\/2abf8e528c4f8c571ab456e5ef9ac66b04b987863e3ab3fd9546150699bb9259?s=96&d=mm&r=g\",\"url\":\"https:\\\/\\\/secure.gravatar.com\\\/avatar\\\/2abf8e528c4f8c571ab456e5ef9ac66b04b987863e3ab3fd9546150699bb9259?s=96&d=mm&r=g\",\"contentUrl\":\"https:\\\/\\\/secure.gravatar.com\\\/avatar\\\/2abf8e528c4f8c571ab456e5ef9ac66b04b987863e3ab3fd9546150699bb9259?s=96&d=mm&r=g\",\"caption\":\"Andrea Acali\"},\"description\":\"Andrea Acali es un periodista y comunicador italiano con una larga trayectoria en el \u00e1mbito de la informaci\u00f3n religiosa, social y deportiva. Durante casi treinta a\u00f1os trabaj\u00f3 en el diario Il Tempo como vaticanista y jefe de secci\u00f3n, especializ\u00e1ndose en la cobertura de la actualidad del Vaticano y de la Iglesia cat\u00f3lica. Desde 2016 colabora como periodista web en RomaSette y tambi\u00e9n escribe para el peri\u00f3dico Avvenire. Desde 2019 ejerce como comunicador en la Delegazione della Generalitat de Catalunya in Italia, con sede en Roma, donde combina su experiencia period\u00edstica con la comunicaci\u00f3n institucional\",\"sameAs\":[\"https:\\\/\\\/www.linkedin.com\\\/in\\\/andrea-acali-505567125\\\/?originalSubdomain=it\"],\"url\":\"https:\\\/\\\/exaudi.org\\\/it\\\/author\\\/aacaliexaudi-org\\\/\"}]}<\/script>\n<!-- \/ Yoast SEO plugin. -->","yoast_head_json":{"title":"\"Il nostro sogno \u00e8 la pace tra tutti i popoli\" &#8211; Exaudi","description":"\"Il nostro sogno \u00e8 la pace tra tutti i popoli\": lo ha detto il cardinale Bassetti nel discorso conclusivo dell'incontro sul Mediterraneo","robots":{"index":"index","follow":"follow","max-snippet":"max-snippet:-1","max-image-preview":"max-image-preview:large","max-video-preview":"max-video-preview:-1"},"canonical":"https:\/\/exaudi.org\/it\/il-nostro-sogno-e-la-pace-tra-tutti-i-popoli\/","og_locale":"it_IT","og_type":"article","og_title":"\"Il nostro sogno \u00e8 la pace tra tutti i popoli\" &#8211; Exaudi","og_description":"\"Il nostro sogno \u00e8 la pace tra tutti i popoli\": lo ha detto il cardinale Bassetti nel discorso conclusivo dell'incontro sul Mediterraneo","og_url":"https:\/\/exaudi.org\/it\/il-nostro-sogno-e-la-pace-tra-tutti-i-popoli\/","og_site_name":"Exaudi","article_publisher":"https:\/\/www.facebook.com\/ExaudiNews","article_published_time":"2022-02-27T16:37:56+00:00","og_image":[{"width":2560,"height":1703,"url":"https:\/\/exaudi.org\/wp-content\/uploads\/2022\/02\/Bassetti-C-CEI-scaled.jpg","type":"image\/jpeg"}],"author":"Andrea Acali","twitter_card":"summary_large_image","twitter_creator":"@Exaudi_News","twitter_site":"@Exaudi_News","twitter_misc":{"Scritto da":"Andrea Acali","Tempo di lettura stimato":"6 minuti"},"schema":{"@context":"https:\/\/schema.org","@graph":[{"@type":"Article","@id":"https:\/\/exaudi.org\/it\/il-nostro-sogno-e-la-pace-tra-tutti-i-popoli\/#article","isPartOf":{"@id":"https:\/\/exaudi.org\/it\/il-nostro-sogno-e-la-pace-tra-tutti-i-popoli\/"},"author":{"name":"Andrea Acali","@id":"https:\/\/exaudi.org\/#\/schema\/person\/127735be832481a6d3c410c5837bb61a"},"headline":"&#8220;Il nostro sogno \u00e8 la pace tra tutti i popoli&#8221;","datePublished":"2022-02-27T16:37:56+00:00","mainEntityOfPage":{"@id":"https:\/\/exaudi.org\/it\/il-nostro-sogno-e-la-pace-tra-tutti-i-popoli\/"},"wordCount":1014,"image":{"@id":"https:\/\/exaudi.org\/it\/il-nostro-sogno-e-la-pace-tra-tutti-i-popoli\/#primaryimage"},"thumbnailUrl":"https:\/\/exaudi.org\/wp-content\/uploads\/2022\/02\/Bassetti-C-CEI-scaled.jpg","keywords":["Bassetti","La Pira","Mediterraneo","pace","Papa Francesco","Ucraina"],"articleSection":["Chiesa e Mondo"],"inLanguage":"it-IT"},{"@type":"WebPage","@id":"https:\/\/exaudi.org\/it\/il-nostro-sogno-e-la-pace-tra-tutti-i-popoli\/","url":"https:\/\/exaudi.org\/it\/il-nostro-sogno-e-la-pace-tra-tutti-i-popoli\/","name":"\"Il nostro sogno \u00e8 la pace tra tutti i popoli\" &#8211; Exaudi","isPartOf":{"@id":"https:\/\/exaudi.org\/#website"},"primaryImageOfPage":{"@id":"https:\/\/exaudi.org\/it\/il-nostro-sogno-e-la-pace-tra-tutti-i-popoli\/#primaryimage"},"image":{"@id":"https:\/\/exaudi.org\/it\/il-nostro-sogno-e-la-pace-tra-tutti-i-popoli\/#primaryimage"},"thumbnailUrl":"https:\/\/exaudi.org\/wp-content\/uploads\/2022\/02\/Bassetti-C-CEI-scaled.jpg","datePublished":"2022-02-27T16:37:56+00:00","author":{"@id":"https:\/\/exaudi.org\/#\/schema\/person\/127735be832481a6d3c410c5837bb61a"},"description":"\"Il nostro sogno \u00e8 la pace tra tutti i popoli\": lo ha detto il cardinale Bassetti nel discorso conclusivo dell'incontro sul Mediterraneo","breadcrumb":{"@id":"https:\/\/exaudi.org\/it\/il-nostro-sogno-e-la-pace-tra-tutti-i-popoli\/#breadcrumb"},"inLanguage":"it-IT","potentialAction":[{"@type":"ReadAction","target":["https:\/\/exaudi.org\/it\/il-nostro-sogno-e-la-pace-tra-tutti-i-popoli\/"]}]},{"@type":"ImageObject","inLanguage":"it-IT","@id":"https:\/\/exaudi.org\/it\/il-nostro-sogno-e-la-pace-tra-tutti-i-popoli\/#primaryimage","url":"https:\/\/exaudi.org\/wp-content\/uploads\/2022\/02\/Bassetti-C-CEI-scaled.jpg","contentUrl":"https:\/\/exaudi.org\/wp-content\/uploads\/2022\/02\/Bassetti-C-CEI-scaled.jpg","width":2560,"height":1703,"caption":"Il cardinale Bassetti con alcuni giovani rifugiati (C) CEI"},{"@type":"BreadcrumbList","@id":"https:\/\/exaudi.org\/it\/il-nostro-sogno-e-la-pace-tra-tutti-i-popoli\/#breadcrumb","itemListElement":[{"@type":"ListItem","position":1,"name":"Portada","item":"https:\/\/exaudi.org\/it\/"},{"@type":"ListItem","position":2,"name":"&#8220;Il nostro sogno \u00e8 la pace tra tutti i popoli&#8221;"}]},{"@type":"WebSite","@id":"https:\/\/exaudi.org\/#website","url":"https:\/\/exaudi.org\/","name":"Exaudi","description":"News","potentialAction":[{"@type":"SearchAction","target":{"@type":"EntryPoint","urlTemplate":"https:\/\/exaudi.org\/?s={search_term_string}"},"query-input":{"@type":"PropertyValueSpecification","valueRequired":true,"valueName":"search_term_string"}}],"inLanguage":"it-IT"},{"@type":"Person","@id":"https:\/\/exaudi.org\/#\/schema\/person\/127735be832481a6d3c410c5837bb61a","name":"Andrea Acali","image":{"@type":"ImageObject","inLanguage":"it-IT","@id":"https:\/\/secure.gravatar.com\/avatar\/2abf8e528c4f8c571ab456e5ef9ac66b04b987863e3ab3fd9546150699bb9259?s=96&d=mm&r=g","url":"https:\/\/secure.gravatar.com\/avatar\/2abf8e528c4f8c571ab456e5ef9ac66b04b987863e3ab3fd9546150699bb9259?s=96&d=mm&r=g","contentUrl":"https:\/\/secure.gravatar.com\/avatar\/2abf8e528c4f8c571ab456e5ef9ac66b04b987863e3ab3fd9546150699bb9259?s=96&d=mm&r=g","caption":"Andrea Acali"},"description":"Andrea Acali es un periodista y comunicador italiano con una larga trayectoria en el \u00e1mbito de la informaci\u00f3n religiosa, social y deportiva. Durante casi treinta a\u00f1os trabaj\u00f3 en el diario Il Tempo como vaticanista y jefe de secci\u00f3n, especializ\u00e1ndose en la cobertura de la actualidad del Vaticano y de la Iglesia cat\u00f3lica. Desde 2016 colabora como periodista web en RomaSette y tambi\u00e9n escribe para el peri\u00f3dico Avvenire. Desde 2019 ejerce como comunicador en la Delegazione della Generalitat de Catalunya in Italia, con sede en Roma, donde combina su experiencia period\u00edstica con la comunicaci\u00f3n institucional","sameAs":["https:\/\/www.linkedin.com\/in\/andrea-acali-505567125\/?originalSubdomain=it"],"url":"https:\/\/exaudi.org\/it\/author\/aacaliexaudi-org\/"}]}},"jetpack_featured_media_url":"https:\/\/exaudi.org\/wp-content\/uploads\/2022\/02\/Bassetti-C-CEI-scaled.jpg","jetpack_shortlink":"https:\/\/wp.me\/pgKjF2-dTH","_links":{"self":[{"href":"https:\/\/exaudi.org\/it\/wp-json\/wp\/v2\/posts\/53425","targetHints":{"allow":["GET"]}}],"collection":[{"href":"https:\/\/exaudi.org\/it\/wp-json\/wp\/v2\/posts"}],"about":[{"href":"https:\/\/exaudi.org\/it\/wp-json\/wp\/v2\/types\/post"}],"author":[{"embeddable":true,"href":"https:\/\/exaudi.org\/it\/wp-json\/wp\/v2\/users\/18"}],"replies":[{"embeddable":true,"href":"https:\/\/exaudi.org\/it\/wp-json\/wp\/v2\/comments?post=53425"}],"version-history":[{"count":0,"href":"https:\/\/exaudi.org\/it\/wp-json\/wp\/v2\/posts\/53425\/revisions"}],"wp:featuredmedia":[{"embeddable":true,"href":"https:\/\/exaudi.org\/it\/wp-json\/wp\/v2\/media\/53426"}],"wp:attachment":[{"href":"https:\/\/exaudi.org\/it\/wp-json\/wp\/v2\/media?parent=53425"}],"wp:term":[{"taxonomy":"category","embeddable":true,"href":"https:\/\/exaudi.org\/it\/wp-json\/wp\/v2\/categories?post=53425"},{"taxonomy":"post_tag","embeddable":true,"href":"https:\/\/exaudi.org\/it\/wp-json\/wp\/v2\/tags?post=53425"}],"curies":[{"name":"wp","href":"https:\/\/api.w.org\/{rel}","templated":true}]}}