{"id":53388,"date":"2022-02-27T13:55:37","date_gmt":"2022-02-27T12:55:37","guid":{"rendered":"https:\/\/exaudi.org\/?p=53388"},"modified":"2022-02-27T13:55:37","modified_gmt":"2022-02-27T12:55:37","slug":"il-papa-all-angelus-invita-a-metterci-in-discussione","status":"publish","type":"post","link":"https:\/\/exaudi.org\/it\/il-papa-all-angelus-invita-a-metterci-in-discussione\/","title":{"rendered":"Il Papa all\u2019Angelus invita a \u201cmetterci in discussione\u201d"},"content":{"rendered":"<p>All\u2019Angelus domenicale Papa Francesco ha riflettuto sul passo evangelico in cui \u201cGes\u00f9 ci invita a riflettere sul nostro sguardo e sul nostro parlare\u201d. Guardare ai nostri difetti, \u201cmetterci in discussione\u201d e stare attenti a non trasformare le parole in pregiudizi e pettegolezzi capaci di \u201cdistruggere i fratelli\u201d. Ecco il suo discorso prima dell&#8217;Angelus:<\/p>\n<p>Cari fratelli e sorelle, buongiorno! Nel Vangelo della Liturgia odierna Ges\u00f9 ci invita a riflettere sul nostro sguardo e sul nostro parlare. Lo sguardo e il parlare. Anzitutto sul nostro sguardo. Il rischio che corriamo, dice il Signore, \u00e8 concentrarci a guardare la pagliuzza nell\u2019occhio del fratello senza accorgerci della trave che c\u2019\u00e8 nel nostro. In altre parole, essere attentissimi ai difetti degli altri, anche a quelli piccoli come una pagliuzza, trascurando serenamente i nostri, dandogli poco peso.<\/p>\n<h2>Mettersi in discussione<\/h2>\n<p>\u00c8 vero quanto dice Ges\u00f9: troviamo sempre motivi per colpevolizzare gli altri e giustificare noi stessi. E tante volte ci lamentiamo per le cose che non vanno nella societ\u00e0, nella Chiesa, nel mondo, senza metterci prima in discussione e senza impegnarci a cambiare anzitutto noi stessi. Ogni cambiamento fecondo, positivo, deve incominciare da noi stessi. Al contrario, non ci sar\u00e0 cambiamento.<\/p>\n<p>Ma \u2013 spiega Ges\u00f9 \u2013 facendo cos\u00ec il nostro sguardo \u00e8 cieco. E se siamo ciechi non possiamo pretendere di essere guide e maestri per gli altri: un cieco, infatti, non pu\u00f2 guidare un altro cieco. Cari fratelli e sorelle, il Signore ci invita a ripulire il nostro sguardo. Per prima cosa ci chiede di guardare dentro di noi per riconoscere le nostre miserie. Perch\u00e9 se non siamo capaci di vedere i nostri difetti, saremo sempre portati a ingigantire quelli altrui. Se invece riconosciamo i nostri sbagli e le nostre miserie, si apre per noi la porta della misericordia.<\/p>\n<h2>Vedere il bene negli altri<\/h2>\n<p>E dopo esserci guardati dentro, Ges\u00f9 ci invita a guardare gli altri come fa Lui \u2013 questo \u00e8 il segreto: guardare gli altri come fa Lui \u2013, che non vede anzitutto il male, ma il bene. Dio ci guarda cos\u00ec: non vede in noi degli sbagli irrimediabili, ma vede dei figli che sbagliano. Cambia l\u2019ottica: non si concentra sugli sbagli, ma sui figli che sbagliano. Dio distingue sempre la persona dai suoi errori. Salva sempre la persona. Crede sempre nella persona ed \u00e8 sempre pronto a perdonare gli errori. Sappiamo che Dio perdona sempre. E ci invita a fare lo stesso: a non ricercare negli altri il male, ma il bene<\/p>\n<h2>Attenzione alle parole<\/h2>\n<p>Dopo lo sguardo, Ges\u00f9 oggi ci invita a riflettere sul nostro parlare. Il Signore spiega che la bocca \u00abesprime ci\u00f2 che dal cuore sovrabbonda\u00bb. \u00c8 vero, da come uno parla ti accorgi subito di quello che ha nel cuore. Le parole che usiamo dicono la persona che siamo. A volte, per\u00f2, prestiamo poca attenzione alle nostre parole e le usiamo in modo superficiale. Ma le parole hanno un peso: ci permettono di esprimere pensieri e sentimenti, di dare voce alle paure che abbiamo e ai progetti che intendiamo realizzare, di benedire Dio e gli altri.<\/p>\n<p>Purtroppo, per\u00f2, con la lingua possiamo anche alimentare pregiudizi, alzare barriere, aggredire e perfino distruggere; con la lingua possiamo distruggere i fratelli: il pettegolezzo ferisce e la calunnia pu\u00f2 essere pi\u00f9 tagliente di un coltello! Al giorno d\u2019oggi, poi, specialmente nel mondo digitale, le parole corrono veloci; ma troppe veicolano rabbia e aggressivit\u00e0, alimentano notizie false e approfittano delle paure collettive per propagare idee distorte.<\/p>\n<h2>Quali parole usiamo?<\/h2>\n<p>Un diplomatico, che fu Segretario Generale delle Nazioni Unite e vinse il Nobel per la Pace, disse che \u00ababusare della parola equivale a disprezzare l\u2019essere umano\u00bb. Domandiamoci allora che genere di parole utilizziamo: parole che esprimono attenzione, rispetto, comprensione, vicinanza, compassione, oppure parole che mirano principalmente a farci belli davanti agli altri? E poi, parliamo con mitezza o inquiniamo il mondo spargendo veleni: criticando, lamentandoci, alimentando l\u2019aggressivit\u00e0 diffusa? La Madonna, Maria, di cui Dio ha guardato l\u2019umilt\u00e0, la Vergine del silenzio che ora preghiamo (nell&#8217;Angelus), ci aiuti a purificare il nostro sguardo e il nostro parlare.<\/p>\n<h2>Dopo l\u2019Angelus<\/h2>\n<p>Dopo l&#8217;Angelus, il S. Padre ha fatto riferimento alla <a href=\"https:\/\/exaudi.org\/it\/il-papa-chi-fa-la-guerra-dimentica-lumanita\/\">guerra in Ucraina<\/a>. Poi ha salutato i fedeli in piazza: &#8220;Ieri, a Granada, in Spagna, sono stati proclamati <a href=\"http:\/\/www.causesanti.va\/it\/santi-e-beati\/Cayetano-gimenez-martin-e-15-compagni.html\">Beati<\/a> il sacerdote Gaetano Gim\u00e9nez Mart\u00edn e quindici compagni martiri, uccisi in odium fidei nel contesto della persecuzione religiosa degli anni Trenta del secolo scorso in Spagna. La testimonianza di questi eroici discepoli di Cristo possa suscitare in tutti il desiderio di servire il Vangelo con fedelt\u00e0 e coraggio. Un applauso ai nuovi beati.<\/p>\n<p>Saluto tutti voi, romani e pellegrini! Saluto in particolare las ni\u00f1as Quince\u00f1eras di Panam\u00e1; i giovani universitari della diocesi di Porto; i fedeli di M\u00e9rida-Badajoz e di Madrid, in Spagna; quelli di Parigi e della Polonia; i gruppi di Reggio Calabria, della Sicilia e dell\u2019Unit\u00e0 Pastorale Alta Langa; i cresimandi di Urgnano e i ragazzi di Petosino, diocesi di Bergamo. Un saluto speciale a quanti sono venuti in occasione della Giornata delle Malattie Rare, che ricorre domani: incoraggio le diverse Associazioni dei malati e dei familiari, come pure i ricercatori che operano in questo campo. Vi sono vicino!&#8221;<\/p>\n","protected":false},"excerpt":{"rendered":"<p>E avverte: \u201cIl pettegolezzo ferisce e la calunnia pu\u00f2 essere pi\u00f9 tagliente di un coltello!\u201d<\/p>\n","protected":false},"author":18,"featured_media":53389,"comment_status":"closed","ping_status":"closed","sticky":false,"template":"","format":"standard","meta":{"_acf_changed":false,"_crdt_document":"","inline_featured_image":false,"footnotes":""},"categories":[69,67],"tags":[250,251,4952],"class_list":["post-53388","post","type-post","status-publish","format-standard","has-post-thumbnail","hentry","category-angelus-it","category-leone-xiv","tag-angelus-it","tag-papa-francesco","tag-trending-it"],"acf":[],"yoast_head":"<!-- This site is optimized with the Yoast SEO plugin v27.4 - https:\/\/yoast.com\/product\/yoast-seo-wordpress\/ -->\n<title>Il Papa all\u2019Angelus invita a \u201cmetterci in discussione\u201d &#8211; Exaudi<\/title>\n<meta name=\"description\" content=\"Il Papa all\u2019Angelus invita a \u201cmetterci in discussione\u201d: \u201cIl pettegolezzo ferisce e la calunnia pu\u00f2 essere pi\u00f9 tagliente di un coltello!\u201d\" \/>\n<meta name=\"robots\" content=\"index, follow, max-snippet:-1, max-image-preview:large, max-video-preview:-1\" \/>\n<link rel=\"canonical\" href=\"https:\/\/exaudi.org\/it\/il-papa-all-angelus-invita-a-metterci-in-discussione\/\" \/>\n<meta property=\"og:locale\" content=\"it_IT\" \/>\n<meta property=\"og:type\" content=\"article\" \/>\n<meta property=\"og:title\" content=\"Il Papa all\u2019Angelus invita a \u201cmetterci in discussione\u201d &#8211; Exaudi\" \/>\n<meta property=\"og:description\" content=\"Il Papa all\u2019Angelus invita a \u201cmetterci in discussione\u201d: \u201cIl pettegolezzo ferisce e la calunnia pu\u00f2 essere pi\u00f9 tagliente di un coltello!\u201d\" \/>\n<meta property=\"og:url\" content=\"https:\/\/exaudi.org\/it\/il-papa-all-angelus-invita-a-metterci-in-discussione\/\" \/>\n<meta property=\"og:site_name\" content=\"Exaudi\" \/>\n<meta property=\"article:publisher\" content=\"https:\/\/www.facebook.com\/ExaudiNews\" \/>\n<meta property=\"article:published_time\" content=\"2022-02-27T12:55:37+00:00\" \/>\n<meta property=\"og:image\" content=\"https:\/\/exaudi.org\/wp-content\/uploads\/2022\/02\/rs02272022120818_00168-scaled.jpg\" \/>\n\t<meta property=\"og:image:width\" content=\"2560\" \/>\n\t<meta property=\"og:image:height\" content=\"1707\" \/>\n\t<meta property=\"og:image:type\" content=\"image\/jpeg\" \/>\n<meta name=\"author\" content=\"Andrea Acali\" \/>\n<meta name=\"twitter:card\" content=\"summary_large_image\" \/>\n<meta name=\"twitter:creator\" content=\"@Exaudi_News\" \/>\n<meta name=\"twitter:site\" content=\"@Exaudi_News\" \/>\n<meta name=\"twitter:label1\" content=\"Scritto da\" \/>\n\t<meta name=\"twitter:data1\" content=\"Andrea Acali\" \/>\n\t<meta name=\"twitter:label2\" content=\"Tempo di lettura stimato\" \/>\n\t<meta name=\"twitter:data2\" content=\"5 minuti\" \/>\n<script type=\"application\/ld+json\" class=\"yoast-schema-graph\">{\"@context\":\"https:\\\/\\\/schema.org\",\"@graph\":[{\"@type\":\"Article\",\"@id\":\"https:\\\/\\\/exaudi.org\\\/it\\\/il-papa-all-angelus-invita-a-metterci-in-discussione\\\/#article\",\"isPartOf\":{\"@id\":\"https:\\\/\\\/exaudi.org\\\/it\\\/il-papa-all-angelus-invita-a-metterci-in-discussione\\\/\"},\"author\":{\"name\":\"Andrea Acali\",\"@id\":\"https:\\\/\\\/exaudi.org\\\/#\\\/schema\\\/person\\\/127735be832481a6d3c410c5837bb61a\"},\"headline\":\"Il Papa all\u2019Angelus invita a \u201cmetterci in discussione\u201d\",\"datePublished\":\"2022-02-27T12:55:37+00:00\",\"mainEntityOfPage\":{\"@id\":\"https:\\\/\\\/exaudi.org\\\/it\\\/il-papa-all-angelus-invita-a-metterci-in-discussione\\\/\"},\"wordCount\":869,\"image\":{\"@id\":\"https:\\\/\\\/exaudi.org\\\/it\\\/il-papa-all-angelus-invita-a-metterci-in-discussione\\\/#primaryimage\"},\"thumbnailUrl\":\"https:\\\/\\\/exaudi.org\\\/wp-content\\\/uploads\\\/2022\\\/02\\\/rs02272022120818_00168-scaled.jpg\",\"keywords\":[\"\u00e1ngelus\",\"Papa Francesco\",\"Trending\"],\"articleSection\":[\"Angelus\",\"Leone XIV\"],\"inLanguage\":\"it-IT\"},{\"@type\":\"WebPage\",\"@id\":\"https:\\\/\\\/exaudi.org\\\/it\\\/il-papa-all-angelus-invita-a-metterci-in-discussione\\\/\",\"url\":\"https:\\\/\\\/exaudi.org\\\/it\\\/il-papa-all-angelus-invita-a-metterci-in-discussione\\\/\",\"name\":\"Il Papa all\u2019Angelus invita a \u201cmetterci in discussione\u201d &#8211; Exaudi\",\"isPartOf\":{\"@id\":\"https:\\\/\\\/exaudi.org\\\/#website\"},\"primaryImageOfPage\":{\"@id\":\"https:\\\/\\\/exaudi.org\\\/it\\\/il-papa-all-angelus-invita-a-metterci-in-discussione\\\/#primaryimage\"},\"image\":{\"@id\":\"https:\\\/\\\/exaudi.org\\\/it\\\/il-papa-all-angelus-invita-a-metterci-in-discussione\\\/#primaryimage\"},\"thumbnailUrl\":\"https:\\\/\\\/exaudi.org\\\/wp-content\\\/uploads\\\/2022\\\/02\\\/rs02272022120818_00168-scaled.jpg\",\"datePublished\":\"2022-02-27T12:55:37+00:00\",\"author\":{\"@id\":\"https:\\\/\\\/exaudi.org\\\/#\\\/schema\\\/person\\\/127735be832481a6d3c410c5837bb61a\"},\"description\":\"Il Papa all\u2019Angelus invita a \u201cmetterci in discussione\u201d: \u201cIl pettegolezzo ferisce e la calunnia pu\u00f2 essere pi\u00f9 tagliente di un coltello!\u201d\",\"breadcrumb\":{\"@id\":\"https:\\\/\\\/exaudi.org\\\/it\\\/il-papa-all-angelus-invita-a-metterci-in-discussione\\\/#breadcrumb\"},\"inLanguage\":\"it-IT\",\"potentialAction\":[{\"@type\":\"ReadAction\",\"target\":[\"https:\\\/\\\/exaudi.org\\\/it\\\/il-papa-all-angelus-invita-a-metterci-in-discussione\\\/\"]}]},{\"@type\":\"ImageObject\",\"inLanguage\":\"it-IT\",\"@id\":\"https:\\\/\\\/exaudi.org\\\/it\\\/il-papa-all-angelus-invita-a-metterci-in-discussione\\\/#primaryimage\",\"url\":\"https:\\\/\\\/exaudi.org\\\/wp-content\\\/uploads\\\/2022\\\/02\\\/rs02272022120818_00168-scaled.jpg\",\"contentUrl\":\"https:\\\/\\\/exaudi.org\\\/wp-content\\\/uploads\\\/2022\\\/02\\\/rs02272022120818_00168-scaled.jpg\",\"width\":2560,\"height\":1707,\"caption\":\"(C) Vatican Media\"},{\"@type\":\"BreadcrumbList\",\"@id\":\"https:\\\/\\\/exaudi.org\\\/it\\\/il-papa-all-angelus-invita-a-metterci-in-discussione\\\/#breadcrumb\",\"itemListElement\":[{\"@type\":\"ListItem\",\"position\":1,\"name\":\"Portada\",\"item\":\"https:\\\/\\\/exaudi.org\\\/it\\\/\"},{\"@type\":\"ListItem\",\"position\":2,\"name\":\"Il Papa all\u2019Angelus invita a \u201cmetterci in discussione\u201d\"}]},{\"@type\":\"WebSite\",\"@id\":\"https:\\\/\\\/exaudi.org\\\/#website\",\"url\":\"https:\\\/\\\/exaudi.org\\\/\",\"name\":\"Exaudi\",\"description\":\"News\",\"potentialAction\":[{\"@type\":\"SearchAction\",\"target\":{\"@type\":\"EntryPoint\",\"urlTemplate\":\"https:\\\/\\\/exaudi.org\\\/?s={search_term_string}\"},\"query-input\":{\"@type\":\"PropertyValueSpecification\",\"valueRequired\":true,\"valueName\":\"search_term_string\"}}],\"inLanguage\":\"it-IT\"},{\"@type\":\"Person\",\"@id\":\"https:\\\/\\\/exaudi.org\\\/#\\\/schema\\\/person\\\/127735be832481a6d3c410c5837bb61a\",\"name\":\"Andrea Acali\",\"image\":{\"@type\":\"ImageObject\",\"inLanguage\":\"it-IT\",\"@id\":\"https:\\\/\\\/secure.gravatar.com\\\/avatar\\\/2abf8e528c4f8c571ab456e5ef9ac66b04b987863e3ab3fd9546150699bb9259?s=96&d=mm&r=g\",\"url\":\"https:\\\/\\\/secure.gravatar.com\\\/avatar\\\/2abf8e528c4f8c571ab456e5ef9ac66b04b987863e3ab3fd9546150699bb9259?s=96&d=mm&r=g\",\"contentUrl\":\"https:\\\/\\\/secure.gravatar.com\\\/avatar\\\/2abf8e528c4f8c571ab456e5ef9ac66b04b987863e3ab3fd9546150699bb9259?s=96&d=mm&r=g\",\"caption\":\"Andrea Acali\"},\"description\":\"Andrea Acali es un periodista y comunicador italiano con una larga trayectoria en el \u00e1mbito de la informaci\u00f3n religiosa, social y deportiva. Durante casi treinta a\u00f1os trabaj\u00f3 en el diario Il Tempo como vaticanista y jefe de secci\u00f3n, especializ\u00e1ndose en la cobertura de la actualidad del Vaticano y de la Iglesia cat\u00f3lica. Desde 2016 colabora como periodista web en RomaSette y tambi\u00e9n escribe para el peri\u00f3dico Avvenire. Desde 2019 ejerce como comunicador en la Delegazione della Generalitat de Catalunya in Italia, con sede en Roma, donde combina su experiencia period\u00edstica con la comunicaci\u00f3n institucional\",\"sameAs\":[\"https:\\\/\\\/www.linkedin.com\\\/in\\\/andrea-acali-505567125\\\/?originalSubdomain=it\"],\"url\":\"https:\\\/\\\/exaudi.org\\\/it\\\/author\\\/aacaliexaudi-org\\\/\"}]}<\/script>\n<!-- \/ Yoast SEO plugin. -->","yoast_head_json":{"title":"Il Papa all\u2019Angelus invita a \u201cmetterci in discussione\u201d &#8211; Exaudi","description":"Il Papa all\u2019Angelus invita a \u201cmetterci in discussione\u201d: \u201cIl pettegolezzo ferisce e la calunnia pu\u00f2 essere pi\u00f9 tagliente di un coltello!\u201d","robots":{"index":"index","follow":"follow","max-snippet":"max-snippet:-1","max-image-preview":"max-image-preview:large","max-video-preview":"max-video-preview:-1"},"canonical":"https:\/\/exaudi.org\/it\/il-papa-all-angelus-invita-a-metterci-in-discussione\/","og_locale":"it_IT","og_type":"article","og_title":"Il Papa all\u2019Angelus invita a \u201cmetterci in discussione\u201d &#8211; Exaudi","og_description":"Il Papa all\u2019Angelus invita a \u201cmetterci in discussione\u201d: \u201cIl pettegolezzo ferisce e la calunnia pu\u00f2 essere pi\u00f9 tagliente di un coltello!\u201d","og_url":"https:\/\/exaudi.org\/it\/il-papa-all-angelus-invita-a-metterci-in-discussione\/","og_site_name":"Exaudi","article_publisher":"https:\/\/www.facebook.com\/ExaudiNews","article_published_time":"2022-02-27T12:55:37+00:00","og_image":[{"width":2560,"height":1707,"url":"https:\/\/exaudi.org\/wp-content\/uploads\/2022\/02\/rs02272022120818_00168-scaled.jpg","type":"image\/jpeg"}],"author":"Andrea Acali","twitter_card":"summary_large_image","twitter_creator":"@Exaudi_News","twitter_site":"@Exaudi_News","twitter_misc":{"Scritto da":"Andrea Acali","Tempo di lettura stimato":"5 minuti"},"schema":{"@context":"https:\/\/schema.org","@graph":[{"@type":"Article","@id":"https:\/\/exaudi.org\/it\/il-papa-all-angelus-invita-a-metterci-in-discussione\/#article","isPartOf":{"@id":"https:\/\/exaudi.org\/it\/il-papa-all-angelus-invita-a-metterci-in-discussione\/"},"author":{"name":"Andrea Acali","@id":"https:\/\/exaudi.org\/#\/schema\/person\/127735be832481a6d3c410c5837bb61a"},"headline":"Il Papa all\u2019Angelus invita a \u201cmetterci in discussione\u201d","datePublished":"2022-02-27T12:55:37+00:00","mainEntityOfPage":{"@id":"https:\/\/exaudi.org\/it\/il-papa-all-angelus-invita-a-metterci-in-discussione\/"},"wordCount":869,"image":{"@id":"https:\/\/exaudi.org\/it\/il-papa-all-angelus-invita-a-metterci-in-discussione\/#primaryimage"},"thumbnailUrl":"https:\/\/exaudi.org\/wp-content\/uploads\/2022\/02\/rs02272022120818_00168-scaled.jpg","keywords":["\u00e1ngelus","Papa Francesco","Trending"],"articleSection":["Angelus","Leone XIV"],"inLanguage":"it-IT"},{"@type":"WebPage","@id":"https:\/\/exaudi.org\/it\/il-papa-all-angelus-invita-a-metterci-in-discussione\/","url":"https:\/\/exaudi.org\/it\/il-papa-all-angelus-invita-a-metterci-in-discussione\/","name":"Il Papa all\u2019Angelus invita a \u201cmetterci in discussione\u201d &#8211; Exaudi","isPartOf":{"@id":"https:\/\/exaudi.org\/#website"},"primaryImageOfPage":{"@id":"https:\/\/exaudi.org\/it\/il-papa-all-angelus-invita-a-metterci-in-discussione\/#primaryimage"},"image":{"@id":"https:\/\/exaudi.org\/it\/il-papa-all-angelus-invita-a-metterci-in-discussione\/#primaryimage"},"thumbnailUrl":"https:\/\/exaudi.org\/wp-content\/uploads\/2022\/02\/rs02272022120818_00168-scaled.jpg","datePublished":"2022-02-27T12:55:37+00:00","author":{"@id":"https:\/\/exaudi.org\/#\/schema\/person\/127735be832481a6d3c410c5837bb61a"},"description":"Il Papa all\u2019Angelus invita a \u201cmetterci in discussione\u201d: \u201cIl pettegolezzo ferisce e la calunnia pu\u00f2 essere pi\u00f9 tagliente di un coltello!\u201d","breadcrumb":{"@id":"https:\/\/exaudi.org\/it\/il-papa-all-angelus-invita-a-metterci-in-discussione\/#breadcrumb"},"inLanguage":"it-IT","potentialAction":[{"@type":"ReadAction","target":["https:\/\/exaudi.org\/it\/il-papa-all-angelus-invita-a-metterci-in-discussione\/"]}]},{"@type":"ImageObject","inLanguage":"it-IT","@id":"https:\/\/exaudi.org\/it\/il-papa-all-angelus-invita-a-metterci-in-discussione\/#primaryimage","url":"https:\/\/exaudi.org\/wp-content\/uploads\/2022\/02\/rs02272022120818_00168-scaled.jpg","contentUrl":"https:\/\/exaudi.org\/wp-content\/uploads\/2022\/02\/rs02272022120818_00168-scaled.jpg","width":2560,"height":1707,"caption":"(C) Vatican Media"},{"@type":"BreadcrumbList","@id":"https:\/\/exaudi.org\/it\/il-papa-all-angelus-invita-a-metterci-in-discussione\/#breadcrumb","itemListElement":[{"@type":"ListItem","position":1,"name":"Portada","item":"https:\/\/exaudi.org\/it\/"},{"@type":"ListItem","position":2,"name":"Il Papa all\u2019Angelus invita a \u201cmetterci in discussione\u201d"}]},{"@type":"WebSite","@id":"https:\/\/exaudi.org\/#website","url":"https:\/\/exaudi.org\/","name":"Exaudi","description":"News","potentialAction":[{"@type":"SearchAction","target":{"@type":"EntryPoint","urlTemplate":"https:\/\/exaudi.org\/?s={search_term_string}"},"query-input":{"@type":"PropertyValueSpecification","valueRequired":true,"valueName":"search_term_string"}}],"inLanguage":"it-IT"},{"@type":"Person","@id":"https:\/\/exaudi.org\/#\/schema\/person\/127735be832481a6d3c410c5837bb61a","name":"Andrea Acali","image":{"@type":"ImageObject","inLanguage":"it-IT","@id":"https:\/\/secure.gravatar.com\/avatar\/2abf8e528c4f8c571ab456e5ef9ac66b04b987863e3ab3fd9546150699bb9259?s=96&d=mm&r=g","url":"https:\/\/secure.gravatar.com\/avatar\/2abf8e528c4f8c571ab456e5ef9ac66b04b987863e3ab3fd9546150699bb9259?s=96&d=mm&r=g","contentUrl":"https:\/\/secure.gravatar.com\/avatar\/2abf8e528c4f8c571ab456e5ef9ac66b04b987863e3ab3fd9546150699bb9259?s=96&d=mm&r=g","caption":"Andrea Acali"},"description":"Andrea Acali es un periodista y comunicador italiano con una larga trayectoria en el \u00e1mbito de la informaci\u00f3n religiosa, social y deportiva. Durante casi treinta a\u00f1os trabaj\u00f3 en el diario Il Tempo como vaticanista y jefe de secci\u00f3n, especializ\u00e1ndose en la cobertura de la actualidad del Vaticano y de la Iglesia cat\u00f3lica. Desde 2016 colabora como periodista web en RomaSette y tambi\u00e9n escribe para el peri\u00f3dico Avvenire. Desde 2019 ejerce como comunicador en la Delegazione della Generalitat de Catalunya in Italia, con sede en Roma, donde combina su experiencia period\u00edstica con la comunicaci\u00f3n institucional","sameAs":["https:\/\/www.linkedin.com\/in\/andrea-acali-505567125\/?originalSubdomain=it"],"url":"https:\/\/exaudi.org\/it\/author\/aacaliexaudi-org\/"}]}},"jetpack_featured_media_url":"https:\/\/exaudi.org\/wp-content\/uploads\/2022\/02\/rs02272022120818_00168-scaled.jpg","jetpack_shortlink":"https:\/\/wp.me\/pgKjF2-dT6","_links":{"self":[{"href":"https:\/\/exaudi.org\/it\/wp-json\/wp\/v2\/posts\/53388","targetHints":{"allow":["GET"]}}],"collection":[{"href":"https:\/\/exaudi.org\/it\/wp-json\/wp\/v2\/posts"}],"about":[{"href":"https:\/\/exaudi.org\/it\/wp-json\/wp\/v2\/types\/post"}],"author":[{"embeddable":true,"href":"https:\/\/exaudi.org\/it\/wp-json\/wp\/v2\/users\/18"}],"replies":[{"embeddable":true,"href":"https:\/\/exaudi.org\/it\/wp-json\/wp\/v2\/comments?post=53388"}],"version-history":[{"count":0,"href":"https:\/\/exaudi.org\/it\/wp-json\/wp\/v2\/posts\/53388\/revisions"}],"wp:featuredmedia":[{"embeddable":true,"href":"https:\/\/exaudi.org\/it\/wp-json\/wp\/v2\/media\/53389"}],"wp:attachment":[{"href":"https:\/\/exaudi.org\/it\/wp-json\/wp\/v2\/media?parent=53388"}],"wp:term":[{"taxonomy":"category","embeddable":true,"href":"https:\/\/exaudi.org\/it\/wp-json\/wp\/v2\/categories?post=53388"},{"taxonomy":"post_tag","embeddable":true,"href":"https:\/\/exaudi.org\/it\/wp-json\/wp\/v2\/tags?post=53388"}],"curies":[{"name":"wp","href":"https:\/\/api.w.org\/{rel}","templated":true}]}}