{"id":53158,"date":"2022-02-24T16:40:59","date_gmt":"2022-02-24T15:40:59","guid":{"rendered":"https:\/\/exaudi.org\/?p=53158"},"modified":"2022-02-24T16:40:59","modified_gmt":"2022-02-24T15:40:59","slug":"hollerich-a-firenze-stiamo-costruendo-la-chiesa-di-domani","status":"publish","type":"post","link":"https:\/\/exaudi.org\/it\/hollerich-a-firenze-stiamo-costruendo-la-chiesa-di-domani\/","title":{"rendered":"Hollerich: A Firenze stiamo costruendo la Chiesa di domani"},"content":{"rendered":"<p>\u00c8 in pieno svolgimento a Firenze l\u2019incontro dei vescovi su \u201cMediterraneo frontiera di pace\u201d. Nel briefing con la stampa, oltre a parlare della <a href=\"https:\/\/exaudi.org\/it\/ucraina-la-solidarieta-dei-vescovi-riuniti-a-firenze\/\">guerra in Ucraina<\/a>, \u00e8 stato fatto il punto sui lavori. In particolare, il cardinale Hollerich si \u00e8 detto convinto che \u201cstiamo costruendo la Chiesa di domani\u201d. Il vicepresidente della Cei, mons. Antonino Raspanti, ha spiegato che sono stati gi\u00e0 17 gli interventi dei delegati che hanno portato le esperienze delle proprie Chiese.<\/p>\n<h2>Citt\u00e0 e Cittadinanze<\/h2>\n<p>\u201cAbbiamo affrontato i problemi di fondo legati al tema Citt\u00e0 e Cittadinanze, disparit\u00e0, ingiustizie, bisognosi, che si intrecciano con il riconoscimento reciproco delle comunit\u00e0 all\u2019interno delle citt\u00e0. Abbiamo parlato di come le crisi ecologiche siano spesso alla base di ingiustizie, povert\u00e0 e migrazioni e abbiamo parlato del modo in cui si pu\u00f2 contribuire alla pace\u201d.<\/p>\n<p>\u00c8 emersa una \u201cgrandissima diversit\u00e0. A Marsiglia, Rabat, Gerusalemme o Baghdad, il senso di parole come appartenenza, dialogo, democrazia non suona allo stesso modo. I racconti di esperienze vissute fanno emergere grosse diversit\u00e0. L\u2019impegno gi\u00e0 da ieri \u00e8 capire se pu\u00f2 esserci un minimo comune denominatore e trovare in che modo queste diversit\u00e0 nei fatti possano diventare ricchezza, equilibrio, scambi autentici di iniziative\u201d.<\/p>\n<p>Una prima risposta gi\u00e0 c\u2019\u00e8. \u201cLe comunit\u00e0 cristiane, e quelle cattoliche in particolare, sono spesso apprezzate laddove si aprono al servizio per tutti, hanno porte aperte per tutti, mettono insieme i diversi, anche i lontani. Hanno una certa credibilit\u00e0, con scuole, mense, servizi, spesso gratuiti\u201d. Raspanti ha citato anche i soccorsi nei Balcani e in Medio Oriente per i flussi migratori, le alleanze con entit\u00e0 pubbliche che generano apprezzamento.<\/p>\n<h2>Hollerich: costruiamo la Chiesa di domani<\/h2>\n<p>Il cardinale Hollerich, presidente del Comece, ha ribadito che \u201cse c\u2019\u00e8 qualcuno che pensa che il confronto armato sia la risposta ai problemi, noi no. Pensiamo che in questa grande diversit\u00e0 del Mediterraneo \u00e8 necessario ascoltarci, parlare insieme, avere un dialogo aperto. Solo questo pu\u00f2 costruire la citt\u00e0 dell\u2019avvenire\u201d. L\u2019arcivescovo di Lussemburgo ha spiegato che anche \u201cnel nord Europa la citt\u00e0 diventa il luogo dei cristiani e fuori ci sono i pagani, nell\u2019antico senso di questo. Nella citt\u00e0 c\u2019\u00e8 una massa critica per nuove forme di vita cristiana, piccole comunit\u00e0 che sono forse un segno per la Chiesa di domani. Sono convinto che stiamo costruendo la Chiesa di domani e aiutiamo un po\u2019 a costruire la societ\u00e0 di domani, basate sull\u2019ascolto e sul dialogo\u201d.<\/p>\n<h2>Pizzaballa: Dare un volto alle nostre citt\u00e0<\/h2>\n<p>Infine, il patriarca di Gerusalemme mons. Pizzaballa ha spiegato che molti dei temi trattati a Bari sono ancora sul tappeto, \u201csospesi\u201d dallo scoppio della pandemia. Anch\u2019egli ha sottolineato le \u201cforti differenze tra le sponde del Mediterraneo. Su quella nord la secolarizzazione sta riducendo la fede a una questione personale, sulle sponde sud e del Medio Oriente la religione ha ruolo pubblico decisivo\u201d. Pizzaballa ha citato un\u2019espressione di Paolo VI, le \u201ccitt\u00e0 senza volto\u201d: \u201cIl nostro ruolo \u00e8 dare un volto alle nostre citt\u00e0. La presenza cristiana deve essere una parte dei connotati di questo volto, comune alle varie sponde anche con dinamiche diverse\u201d.<\/p>\n","protected":false},"excerpt":{"rendered":"<p>All\u2019incontro dei vescovi emergono le grandi differenze tra le varie sponde del Mediterraneo<\/p>\n","protected":false},"author":18,"featured_media":53160,"comment_status":"closed","ping_status":"closed","sticky":false,"template":"","format":"standard","meta":{"_acf_changed":false,"_crdt_document":"","inline_featured_image":false,"footnotes":""},"categories":[73],"tags":[668,5848,1922,480],"class_list":["post-53158","post","type-post","status-publish","format-standard","has-post-thumbnail","hentry","category-chiesa-e-mondo","tag-chiesa","tag-firenze","tag-mediterraneo","tag-vescovi"],"acf":[],"yoast_head":"<!-- This site is optimized with the Yoast SEO plugin v27.5 - https:\/\/yoast.com\/product\/yoast-seo-wordpress\/ -->\n<title>Hollerich: A Firenze stiamo costruendo la Chiesa di domani &#8211; Exaudi<\/title>\n<meta name=\"description\" content=\"All\u2019incontro dei vescovi emergono le grandi differenze tra le varie sponde del Mediterraneo. Hollerich: stiamo costruendo la Chiesa di domani\" \/>\n<meta name=\"robots\" content=\"index, follow, max-snippet:-1, max-image-preview:large, max-video-preview:-1\" \/>\n<link rel=\"canonical\" href=\"https:\/\/exaudi.org\/it\/hollerich-a-firenze-stiamo-costruendo-la-chiesa-di-domani\/\" \/>\n<meta property=\"og:locale\" content=\"it_IT\" \/>\n<meta property=\"og:type\" content=\"article\" \/>\n<meta property=\"og:title\" content=\"Hollerich: A Firenze stiamo costruendo la Chiesa di domani &#8211; Exaudi\" \/>\n<meta property=\"og:description\" content=\"All\u2019incontro dei vescovi emergono le grandi differenze tra le varie sponde del Mediterraneo. Hollerich: stiamo costruendo la Chiesa di domani\" \/>\n<meta property=\"og:url\" content=\"https:\/\/exaudi.org\/it\/hollerich-a-firenze-stiamo-costruendo-la-chiesa-di-domani\/\" \/>\n<meta property=\"og:site_name\" content=\"Exaudi\" \/>\n<meta property=\"article:publisher\" content=\"https:\/\/www.facebook.com\/ExaudiNews\" \/>\n<meta property=\"article:published_time\" content=\"2022-02-24T15:40:59+00:00\" \/>\n<meta property=\"og:image\" content=\"https:\/\/exaudi.org\/wp-content\/uploads\/2022\/02\/mediterraneo-scaled.jpg\" \/>\n\t<meta property=\"og:image:width\" content=\"2560\" \/>\n\t<meta property=\"og:image:height\" content=\"1703\" \/>\n\t<meta property=\"og:image:type\" content=\"image\/jpeg\" \/>\n<meta name=\"author\" content=\"Andrea Acali\" \/>\n<meta name=\"twitter:card\" content=\"summary_large_image\" \/>\n<meta name=\"twitter:creator\" content=\"@Exaudi_News\" \/>\n<meta name=\"twitter:site\" content=\"@Exaudi_News\" \/>\n<meta name=\"twitter:label1\" content=\"Scritto da\" \/>\n\t<meta name=\"twitter:data1\" content=\"Andrea Acali\" \/>\n\t<meta name=\"twitter:label2\" content=\"Tempo di lettura stimato\" \/>\n\t<meta name=\"twitter:data2\" content=\"3 minuti\" \/>\n<script type=\"application\/ld+json\" class=\"yoast-schema-graph\">{\"@context\":\"https:\\\/\\\/schema.org\",\"@graph\":[{\"@type\":\"Article\",\"@id\":\"https:\\\/\\\/exaudi.org\\\/it\\\/hollerich-a-firenze-stiamo-costruendo-la-chiesa-di-domani\\\/#article\",\"isPartOf\":{\"@id\":\"https:\\\/\\\/exaudi.org\\\/it\\\/hollerich-a-firenze-stiamo-costruendo-la-chiesa-di-domani\\\/\"},\"author\":{\"name\":\"Andrea Acali\",\"@id\":\"https:\\\/\\\/exaudi.org\\\/#\\\/schema\\\/person\\\/127735be832481a6d3c410c5837bb61a\"},\"headline\":\"Hollerich: A Firenze stiamo costruendo la Chiesa di domani\",\"datePublished\":\"2022-02-24T15:40:59+00:00\",\"mainEntityOfPage\":{\"@id\":\"https:\\\/\\\/exaudi.org\\\/it\\\/hollerich-a-firenze-stiamo-costruendo-la-chiesa-di-domani\\\/\"},\"wordCount\":515,\"image\":{\"@id\":\"https:\\\/\\\/exaudi.org\\\/it\\\/hollerich-a-firenze-stiamo-costruendo-la-chiesa-di-domani\\\/#primaryimage\"},\"thumbnailUrl\":\"https:\\\/\\\/exaudi.org\\\/wp-content\\\/uploads\\\/2022\\\/02\\\/mediterraneo-scaled.jpg\",\"keywords\":[\"Chiesa\",\"Firenze\",\"Mediterraneo\",\"vescovi\"],\"articleSection\":[\"Chiesa e Mondo\"],\"inLanguage\":\"it-IT\"},{\"@type\":\"WebPage\",\"@id\":\"https:\\\/\\\/exaudi.org\\\/it\\\/hollerich-a-firenze-stiamo-costruendo-la-chiesa-di-domani\\\/\",\"url\":\"https:\\\/\\\/exaudi.org\\\/it\\\/hollerich-a-firenze-stiamo-costruendo-la-chiesa-di-domani\\\/\",\"name\":\"Hollerich: A Firenze stiamo costruendo la Chiesa di domani &#8211; Exaudi\",\"isPartOf\":{\"@id\":\"https:\\\/\\\/exaudi.org\\\/#website\"},\"primaryImageOfPage\":{\"@id\":\"https:\\\/\\\/exaudi.org\\\/it\\\/hollerich-a-firenze-stiamo-costruendo-la-chiesa-di-domani\\\/#primaryimage\"},\"image\":{\"@id\":\"https:\\\/\\\/exaudi.org\\\/it\\\/hollerich-a-firenze-stiamo-costruendo-la-chiesa-di-domani\\\/#primaryimage\"},\"thumbnailUrl\":\"https:\\\/\\\/exaudi.org\\\/wp-content\\\/uploads\\\/2022\\\/02\\\/mediterraneo-scaled.jpg\",\"datePublished\":\"2022-02-24T15:40:59+00:00\",\"author\":{\"@id\":\"https:\\\/\\\/exaudi.org\\\/#\\\/schema\\\/person\\\/127735be832481a6d3c410c5837bb61a\"},\"description\":\"All\u2019incontro dei vescovi emergono le grandi differenze tra le varie sponde del Mediterraneo. Hollerich: stiamo costruendo la Chiesa di domani\",\"breadcrumb\":{\"@id\":\"https:\\\/\\\/exaudi.org\\\/it\\\/hollerich-a-firenze-stiamo-costruendo-la-chiesa-di-domani\\\/#breadcrumb\"},\"inLanguage\":\"it-IT\",\"potentialAction\":[{\"@type\":\"ReadAction\",\"target\":[\"https:\\\/\\\/exaudi.org\\\/it\\\/hollerich-a-firenze-stiamo-costruendo-la-chiesa-di-domani\\\/\"]}]},{\"@type\":\"ImageObject\",\"inLanguage\":\"it-IT\",\"@id\":\"https:\\\/\\\/exaudi.org\\\/it\\\/hollerich-a-firenze-stiamo-costruendo-la-chiesa-di-domani\\\/#primaryimage\",\"url\":\"https:\\\/\\\/exaudi.org\\\/wp-content\\\/uploads\\\/2022\\\/02\\\/mediterraneo-scaled.jpg\",\"contentUrl\":\"https:\\\/\\\/exaudi.org\\\/wp-content\\\/uploads\\\/2022\\\/02\\\/mediterraneo-scaled.jpg\",\"width\":2560,\"height\":1703,\"caption\":\"Chiesa\"},{\"@type\":\"BreadcrumbList\",\"@id\":\"https:\\\/\\\/exaudi.org\\\/it\\\/hollerich-a-firenze-stiamo-costruendo-la-chiesa-di-domani\\\/#breadcrumb\",\"itemListElement\":[{\"@type\":\"ListItem\",\"position\":1,\"name\":\"Portada\",\"item\":\"https:\\\/\\\/exaudi.org\\\/it\\\/\"},{\"@type\":\"ListItem\",\"position\":2,\"name\":\"Hollerich: A Firenze stiamo costruendo la Chiesa di domani\"}]},{\"@type\":\"WebSite\",\"@id\":\"https:\\\/\\\/exaudi.org\\\/#website\",\"url\":\"https:\\\/\\\/exaudi.org\\\/\",\"name\":\"Exaudi\",\"description\":\"News\",\"potentialAction\":[{\"@type\":\"SearchAction\",\"target\":{\"@type\":\"EntryPoint\",\"urlTemplate\":\"https:\\\/\\\/exaudi.org\\\/?s={search_term_string}\"},\"query-input\":{\"@type\":\"PropertyValueSpecification\",\"valueRequired\":true,\"valueName\":\"search_term_string\"}}],\"inLanguage\":\"it-IT\"},{\"@type\":\"Person\",\"@id\":\"https:\\\/\\\/exaudi.org\\\/#\\\/schema\\\/person\\\/127735be832481a6d3c410c5837bb61a\",\"name\":\"Andrea Acali\",\"image\":{\"@type\":\"ImageObject\",\"inLanguage\":\"it-IT\",\"@id\":\"https:\\\/\\\/secure.gravatar.com\\\/avatar\\\/2abf8e528c4f8c571ab456e5ef9ac66b04b987863e3ab3fd9546150699bb9259?s=96&d=mm&r=g\",\"url\":\"https:\\\/\\\/secure.gravatar.com\\\/avatar\\\/2abf8e528c4f8c571ab456e5ef9ac66b04b987863e3ab3fd9546150699bb9259?s=96&d=mm&r=g\",\"contentUrl\":\"https:\\\/\\\/secure.gravatar.com\\\/avatar\\\/2abf8e528c4f8c571ab456e5ef9ac66b04b987863e3ab3fd9546150699bb9259?s=96&d=mm&r=g\",\"caption\":\"Andrea Acali\"},\"description\":\"Andrea Acali es un periodista y comunicador italiano con una larga trayectoria en el \u00e1mbito de la informaci\u00f3n religiosa, social y deportiva. Durante casi treinta a\u00f1os trabaj\u00f3 en el diario Il Tempo como vaticanista y jefe de secci\u00f3n, especializ\u00e1ndose en la cobertura de la actualidad del Vaticano y de la Iglesia cat\u00f3lica. Desde 2016 colabora como periodista web en RomaSette y tambi\u00e9n escribe para el peri\u00f3dico Avvenire. Desde 2019 ejerce como comunicador en la Delegazione della Generalitat de Catalunya in Italia, con sede en Roma, donde combina su experiencia period\u00edstica con la comunicaci\u00f3n institucional\",\"sameAs\":[\"https:\\\/\\\/www.linkedin.com\\\/in\\\/andrea-acali-505567125\\\/?originalSubdomain=it\"],\"url\":\"https:\\\/\\\/exaudi.org\\\/it\\\/author\\\/aacaliexaudi-org\\\/\"}]}<\/script>\n<!-- \/ Yoast SEO plugin. -->","yoast_head_json":{"title":"Hollerich: A Firenze stiamo costruendo la Chiesa di domani &#8211; Exaudi","description":"All\u2019incontro dei vescovi emergono le grandi differenze tra le varie sponde del Mediterraneo. Hollerich: stiamo costruendo la Chiesa di domani","robots":{"index":"index","follow":"follow","max-snippet":"max-snippet:-1","max-image-preview":"max-image-preview:large","max-video-preview":"max-video-preview:-1"},"canonical":"https:\/\/exaudi.org\/it\/hollerich-a-firenze-stiamo-costruendo-la-chiesa-di-domani\/","og_locale":"it_IT","og_type":"article","og_title":"Hollerich: A Firenze stiamo costruendo la Chiesa di domani &#8211; Exaudi","og_description":"All\u2019incontro dei vescovi emergono le grandi differenze tra le varie sponde del Mediterraneo. Hollerich: stiamo costruendo la Chiesa di domani","og_url":"https:\/\/exaudi.org\/it\/hollerich-a-firenze-stiamo-costruendo-la-chiesa-di-domani\/","og_site_name":"Exaudi","article_publisher":"https:\/\/www.facebook.com\/ExaudiNews","article_published_time":"2022-02-24T15:40:59+00:00","og_image":[{"width":2560,"height":1703,"url":"https:\/\/exaudi.org\/wp-content\/uploads\/2022\/02\/mediterraneo-scaled.jpg","type":"image\/jpeg"}],"author":"Andrea Acali","twitter_card":"summary_large_image","twitter_creator":"@Exaudi_News","twitter_site":"@Exaudi_News","twitter_misc":{"Scritto da":"Andrea Acali","Tempo di lettura stimato":"3 minuti"},"schema":{"@context":"https:\/\/schema.org","@graph":[{"@type":"Article","@id":"https:\/\/exaudi.org\/it\/hollerich-a-firenze-stiamo-costruendo-la-chiesa-di-domani\/#article","isPartOf":{"@id":"https:\/\/exaudi.org\/it\/hollerich-a-firenze-stiamo-costruendo-la-chiesa-di-domani\/"},"author":{"name":"Andrea Acali","@id":"https:\/\/exaudi.org\/#\/schema\/person\/127735be832481a6d3c410c5837bb61a"},"headline":"Hollerich: A Firenze stiamo costruendo la Chiesa di domani","datePublished":"2022-02-24T15:40:59+00:00","mainEntityOfPage":{"@id":"https:\/\/exaudi.org\/it\/hollerich-a-firenze-stiamo-costruendo-la-chiesa-di-domani\/"},"wordCount":515,"image":{"@id":"https:\/\/exaudi.org\/it\/hollerich-a-firenze-stiamo-costruendo-la-chiesa-di-domani\/#primaryimage"},"thumbnailUrl":"https:\/\/exaudi.org\/wp-content\/uploads\/2022\/02\/mediterraneo-scaled.jpg","keywords":["Chiesa","Firenze","Mediterraneo","vescovi"],"articleSection":["Chiesa e Mondo"],"inLanguage":"it-IT"},{"@type":"WebPage","@id":"https:\/\/exaudi.org\/it\/hollerich-a-firenze-stiamo-costruendo-la-chiesa-di-domani\/","url":"https:\/\/exaudi.org\/it\/hollerich-a-firenze-stiamo-costruendo-la-chiesa-di-domani\/","name":"Hollerich: A Firenze stiamo costruendo la Chiesa di domani &#8211; Exaudi","isPartOf":{"@id":"https:\/\/exaudi.org\/#website"},"primaryImageOfPage":{"@id":"https:\/\/exaudi.org\/it\/hollerich-a-firenze-stiamo-costruendo-la-chiesa-di-domani\/#primaryimage"},"image":{"@id":"https:\/\/exaudi.org\/it\/hollerich-a-firenze-stiamo-costruendo-la-chiesa-di-domani\/#primaryimage"},"thumbnailUrl":"https:\/\/exaudi.org\/wp-content\/uploads\/2022\/02\/mediterraneo-scaled.jpg","datePublished":"2022-02-24T15:40:59+00:00","author":{"@id":"https:\/\/exaudi.org\/#\/schema\/person\/127735be832481a6d3c410c5837bb61a"},"description":"All\u2019incontro dei vescovi emergono le grandi differenze tra le varie sponde del Mediterraneo. Hollerich: stiamo costruendo la Chiesa di domani","breadcrumb":{"@id":"https:\/\/exaudi.org\/it\/hollerich-a-firenze-stiamo-costruendo-la-chiesa-di-domani\/#breadcrumb"},"inLanguage":"it-IT","potentialAction":[{"@type":"ReadAction","target":["https:\/\/exaudi.org\/it\/hollerich-a-firenze-stiamo-costruendo-la-chiesa-di-domani\/"]}]},{"@type":"ImageObject","inLanguage":"it-IT","@id":"https:\/\/exaudi.org\/it\/hollerich-a-firenze-stiamo-costruendo-la-chiesa-di-domani\/#primaryimage","url":"https:\/\/exaudi.org\/wp-content\/uploads\/2022\/02\/mediterraneo-scaled.jpg","contentUrl":"https:\/\/exaudi.org\/wp-content\/uploads\/2022\/02\/mediterraneo-scaled.jpg","width":2560,"height":1703,"caption":"Chiesa"},{"@type":"BreadcrumbList","@id":"https:\/\/exaudi.org\/it\/hollerich-a-firenze-stiamo-costruendo-la-chiesa-di-domani\/#breadcrumb","itemListElement":[{"@type":"ListItem","position":1,"name":"Portada","item":"https:\/\/exaudi.org\/it\/"},{"@type":"ListItem","position":2,"name":"Hollerich: A Firenze stiamo costruendo la Chiesa di domani"}]},{"@type":"WebSite","@id":"https:\/\/exaudi.org\/#website","url":"https:\/\/exaudi.org\/","name":"Exaudi","description":"News","potentialAction":[{"@type":"SearchAction","target":{"@type":"EntryPoint","urlTemplate":"https:\/\/exaudi.org\/?s={search_term_string}"},"query-input":{"@type":"PropertyValueSpecification","valueRequired":true,"valueName":"search_term_string"}}],"inLanguage":"it-IT"},{"@type":"Person","@id":"https:\/\/exaudi.org\/#\/schema\/person\/127735be832481a6d3c410c5837bb61a","name":"Andrea Acali","image":{"@type":"ImageObject","inLanguage":"it-IT","@id":"https:\/\/secure.gravatar.com\/avatar\/2abf8e528c4f8c571ab456e5ef9ac66b04b987863e3ab3fd9546150699bb9259?s=96&d=mm&r=g","url":"https:\/\/secure.gravatar.com\/avatar\/2abf8e528c4f8c571ab456e5ef9ac66b04b987863e3ab3fd9546150699bb9259?s=96&d=mm&r=g","contentUrl":"https:\/\/secure.gravatar.com\/avatar\/2abf8e528c4f8c571ab456e5ef9ac66b04b987863e3ab3fd9546150699bb9259?s=96&d=mm&r=g","caption":"Andrea Acali"},"description":"Andrea Acali es un periodista y comunicador italiano con una larga trayectoria en el \u00e1mbito de la informaci\u00f3n religiosa, social y deportiva. Durante casi treinta a\u00f1os trabaj\u00f3 en el diario Il Tempo como vaticanista y jefe de secci\u00f3n, especializ\u00e1ndose en la cobertura de la actualidad del Vaticano y de la Iglesia cat\u00f3lica. Desde 2016 colabora como periodista web en RomaSette y tambi\u00e9n escribe para el peri\u00f3dico Avvenire. Desde 2019 ejerce como comunicador en la Delegazione della Generalitat de Catalunya in Italia, con sede en Roma, donde combina su experiencia period\u00edstica con la comunicaci\u00f3n institucional","sameAs":["https:\/\/www.linkedin.com\/in\/andrea-acali-505567125\/?originalSubdomain=it"],"url":"https:\/\/exaudi.org\/it\/author\/aacaliexaudi-org\/"}]}},"jetpack_featured_media_url":"https:\/\/exaudi.org\/wp-content\/uploads\/2022\/02\/mediterraneo-scaled.jpg","jetpack_shortlink":"https:\/\/wp.me\/pgKjF2-dPo","_links":{"self":[{"href":"https:\/\/exaudi.org\/it\/wp-json\/wp\/v2\/posts\/53158","targetHints":{"allow":["GET"]}}],"collection":[{"href":"https:\/\/exaudi.org\/it\/wp-json\/wp\/v2\/posts"}],"about":[{"href":"https:\/\/exaudi.org\/it\/wp-json\/wp\/v2\/types\/post"}],"author":[{"embeddable":true,"href":"https:\/\/exaudi.org\/it\/wp-json\/wp\/v2\/users\/18"}],"replies":[{"embeddable":true,"href":"https:\/\/exaudi.org\/it\/wp-json\/wp\/v2\/comments?post=53158"}],"version-history":[{"count":0,"href":"https:\/\/exaudi.org\/it\/wp-json\/wp\/v2\/posts\/53158\/revisions"}],"wp:featuredmedia":[{"embeddable":true,"href":"https:\/\/exaudi.org\/it\/wp-json\/wp\/v2\/media\/53160"}],"wp:attachment":[{"href":"https:\/\/exaudi.org\/it\/wp-json\/wp\/v2\/media?parent=53158"}],"wp:term":[{"taxonomy":"category","embeddable":true,"href":"https:\/\/exaudi.org\/it\/wp-json\/wp\/v2\/categories?post=53158"},{"taxonomy":"post_tag","embeddable":true,"href":"https:\/\/exaudi.org\/it\/wp-json\/wp\/v2\/tags?post=53158"}],"curies":[{"name":"wp","href":"https:\/\/api.w.org\/{rel}","templated":true}]}}