{"id":53105,"date":"2022-02-23T17:35:51","date_gmt":"2022-02-23T16:35:51","guid":{"rendered":"https:\/\/exaudi.org\/?p=53105"},"modified":"2022-02-23T17:54:44","modified_gmt":"2022-02-23T16:54:44","slug":"draghi-il-mediterraneo-puo-diventare-un-mare-di-opportunita","status":"publish","type":"post","link":"https:\/\/exaudi.org\/it\/draghi-il-mediterraneo-puo-diventare-un-mare-di-opportunita\/","title":{"rendered":"Draghi: \u201cIl Mediterraneo pu\u00f2 diventare un mare di opportunit\u00e0\u201d"},"content":{"rendered":"<p>Quanto sta accadendo in Ucraina dimostra che \u201cle prevaricazioni e i soprusi non devono essere tollerati\u201d. L\u2019incontro di Firenze \u00e8 un \u201cmessaggio di fratellanza in un momento di nuove tensioni in Europa\u201d. Lo ha detto il presidente del Consiglio Mario Draghi intervenendo alla giornata inaugurale del convegno dei vescovi \u201c<a href=\"https:\/\/exaudi.org\/it\/il-mediterraneo-sia-luogo-di-dialogo-e-di-pace\/\">Mediterraneo frontiera di pace<\/a>\u201d.<\/p>\n<p>Nel suo saluto, il premier ha toccato vari temi: i giovani, il fenomeno migratorio, la tutela delle minoranze, il cambiamento climatico. Ha ricordato come La Pira sostenesse che \u201cil destino comune delle civilt\u00e0 che si affacciano sul Mediterraneo\u201d deve portare a un \u201cordine umano mediterraneo fondato sulla giustizia\u201d.<\/p>\n<h2>I giovani<\/h2>\n<p>Ragionare su diritti e doveri, secondo Draghi, significa prima di tutto \u201criferirsi ai giovani\u201d. Ha sottolineato le grandi differenze generazionali che esistono tra Medio Oriente-Nord Africa da una parte e Unione europea dall\u2019altra. Un rapporto a tutto vantaggio dei Paesi emergenti, dove i giovani sono il doppio rispetto al Vecchio Continente e gli ultrasessantacinquenni appena un quarto. \u201cOccuparsi del Mediterraneo, vuol dire prima di tutto occuparsi delle nuove generazioni. Tutti i giovani hanno la legittima aspirazione di realizzare appieno loro potenziale\u201d ha ribadito Draghi, ricordando che occorre \u201cinvestire in scuola e formazione, creare le condizioni per investimenti e posti di lavoro perch\u00e9 il Mediterraneo sia veramente un mare di opportunit\u00e0\u201d.<\/p>\n<h2>Cambiamento climatico<\/h2>\n<p>Riguardo al cambiamento climatico, il premier ha ricordato che il Mediterraneo conserva molta della sua bellezza ma \u00e8 un \u201cmare che in molti casi \u00e8 anche inquinato\u201d. Ha citato gli incendi dei boschi lo scorso anno in Spagna, Grecia, Sicilia e Sardegna. I \u201cpicchi di temperature mai registrati prima\u201d, con un \u201caumento superiore alla media globale\u201d. In questa prospettiva la \u201ctransizione ecologica \u00e8 da accelerare\u201d ma \u201cin modo sostenibile\u201d. Offre \u201cgrandi opportunit\u00e0 per chi ha coraggio di investire\u201d e i Paesi del Mediterraneo devono coglierle.<\/p>\n<h2>Migrazioni<\/h2>\n<p>Cambiamenti climatici e instabilit\u00e0 politica costringono \u201ccentinaia di migliaia di persone, in gran parte giovani, a emigrare non solo per opportunit\u00e0 ma per necessit\u00e0\u201d, con enormi rischi. Questo provoca problemi ai paesi di origine che perdono molte delle loro energie e a quelli di arrivo \u201cche faticano a integrarli e accoglierli con dignit\u00e0\u201d. Per questo serve \u201cuna gestione condivisa, umana ed equilibrata dell\u2019emigrazione\u201d. Insieme a una \u201cresponsabilit\u00e0 condivisa\u201d occorre \u201ccontrastare i flussi illegali\u201d ma anche \u201cregolare l\u2019accoglienza\u201d. Una gestione umana perch\u00e9 \u201cnon possiamo essere indifferenti alla sofferenza dei migranti\u201d.<\/p>\n<h2>Tutela delle minoranze religiose<\/h2>\n<p>Draghi ha evidenziato l\u2019importanza delle religioni e la \u201ctutela delle minoranze religiose, anche nel Mediterraneo\u201d. Nel solco tracciato da Papa Francesco ha auspicato \u201cdi continuare in questa missione di dialogo\u201d.<\/p>\n<h2>Oltre il Mediterraneo<\/h2>\n<p>Fondamentale l\u2019apporto \u201cdal basso\u201d, sul territorio: \u201cStabilit\u00e0 e pace si costruiscono nelle citt\u00e0, \u00e8 l\u00ec il contrasto quotidiano a povert\u00e0 e ignoranza\u201d ha sostenuto Draghi. Per questo \u201cautorit\u00e0 civili e religiose sono importanti\u201d per creare un clima \u201cdi responsabilit\u00e0 condivisa\u201d. Un Mediterraneo di \u201cpace e di libert\u00e0\u201d sar\u00e0 possibile nella misura in cui saranno tutelate la pluralit\u00e0 e le minoranze, \u201cdiritti e doveri come abitanti del grande mare\u201d.<\/p>\n<p>Infine, Draghi ha ricordato che \u201cconvivenza, fratellanza e tolleranza che celebriamo in questo incontro si proiettano oltre i confini\u201d del Mediterraneo. Quanto sta accadendo in Ucraina dimostra che \u201cle prevaricazioni e soprusi non devono essere tollerati\u201d.<\/p>\n","protected":false},"excerpt":{"rendered":"<p>All\u2019incontro dei vescovi di Firenze il premier ha ribadito che in Ucraina \u201cprevaricazioni e soprusi non devono essere tollerati\u201d<\/p>\n","protected":false},"author":18,"featured_media":53109,"comment_status":"closed","ping_status":"closed","sticky":false,"template":"","format":"standard","meta":{"_acf_changed":false,"_crdt_document":"","inline_featured_image":false,"footnotes":""},"categories":[73],"tags":[583,1141,1922,4952,1773],"class_list":["post-53105","post","type-post","status-publish","format-standard","has-post-thumbnail","hentry","category-chiesa-e-mondo","tag-draghi","tag-giovani","tag-mediterraneo","tag-trending-it","tag-ucraina"],"acf":[],"yoast_head":"<!-- This site is optimized with the Yoast SEO plugin v27.4 - https:\/\/yoast.com\/product\/yoast-seo-wordpress\/ -->\n<title>Draghi: \u201cIl Mediterraneo pu\u00f2 diventare un mare di opportunit\u00e0\u201d &#8211; Exaudi<\/title>\n<meta name=\"description\" content=\"Draghi all\u2019incontro dei vescovi di Firenze: &quot;Il Mediterraneo pu\u00f2 diventare un mare di opportunit\u00e0&quot;. No alle prevaricazioni in Ucraina\" \/>\n<meta name=\"robots\" content=\"index, follow, max-snippet:-1, max-image-preview:large, max-video-preview:-1\" \/>\n<link rel=\"canonical\" href=\"https:\/\/exaudi.org\/it\/draghi-il-mediterraneo-puo-diventare-un-mare-di-opportunita\/\" \/>\n<meta property=\"og:locale\" content=\"it_IT\" \/>\n<meta property=\"og:type\" content=\"article\" \/>\n<meta property=\"og:title\" content=\"Draghi: \u201cIl Mediterraneo pu\u00f2 diventare un mare di opportunit\u00e0\u201d &#8211; Exaudi\" \/>\n<meta property=\"og:description\" content=\"Draghi all\u2019incontro dei vescovi di Firenze: &quot;Il Mediterraneo pu\u00f2 diventare un mare di opportunit\u00e0&quot;. No alle prevaricazioni in Ucraina\" \/>\n<meta property=\"og:url\" content=\"https:\/\/exaudi.org\/it\/draghi-il-mediterraneo-puo-diventare-un-mare-di-opportunita\/\" \/>\n<meta property=\"og:site_name\" content=\"Exaudi\" \/>\n<meta property=\"article:publisher\" content=\"https:\/\/www.facebook.com\/ExaudiNews\" \/>\n<meta property=\"article:published_time\" content=\"2022-02-23T16:35:51+00:00\" \/>\n<meta property=\"article:modified_time\" content=\"2022-02-23T16:54:44+00:00\" \/>\n<meta property=\"og:image\" content=\"https:\/\/exaudi.org\/wp-content\/uploads\/2022\/02\/Draghi-1.jpg\" \/>\n\t<meta property=\"og:image:width\" content=\"1138\" \/>\n\t<meta property=\"og:image:height\" content=\"638\" \/>\n\t<meta property=\"og:image:type\" content=\"image\/jpeg\" \/>\n<meta name=\"author\" content=\"Andrea Acali\" \/>\n<meta name=\"twitter:card\" content=\"summary_large_image\" \/>\n<meta name=\"twitter:creator\" content=\"@Exaudi_News\" \/>\n<meta name=\"twitter:site\" content=\"@Exaudi_News\" \/>\n<meta name=\"twitter:label1\" content=\"Scritto da\" \/>\n\t<meta name=\"twitter:data1\" content=\"Andrea Acali\" \/>\n\t<meta name=\"twitter:label2\" content=\"Tempo di lettura stimato\" \/>\n\t<meta name=\"twitter:data2\" content=\"3 minuti\" \/>\n<script type=\"application\/ld+json\" class=\"yoast-schema-graph\">{\"@context\":\"https:\\\/\\\/schema.org\",\"@graph\":[{\"@type\":\"Article\",\"@id\":\"https:\\\/\\\/exaudi.org\\\/it\\\/draghi-il-mediterraneo-puo-diventare-un-mare-di-opportunita\\\/#article\",\"isPartOf\":{\"@id\":\"https:\\\/\\\/exaudi.org\\\/it\\\/draghi-il-mediterraneo-puo-diventare-un-mare-di-opportunita\\\/\"},\"author\":{\"name\":\"Andrea Acali\",\"@id\":\"https:\\\/\\\/exaudi.org\\\/#\\\/schema\\\/person\\\/127735be832481a6d3c410c5837bb61a\"},\"headline\":\"Draghi: \u201cIl Mediterraneo pu\u00f2 diventare un mare di opportunit\u00e0\u201d\",\"datePublished\":\"2022-02-23T16:35:51+00:00\",\"dateModified\":\"2022-02-23T16:54:44+00:00\",\"mainEntityOfPage\":{\"@id\":\"https:\\\/\\\/exaudi.org\\\/it\\\/draghi-il-mediterraneo-puo-diventare-un-mare-di-opportunita\\\/\"},\"wordCount\":541,\"image\":{\"@id\":\"https:\\\/\\\/exaudi.org\\\/it\\\/draghi-il-mediterraneo-puo-diventare-un-mare-di-opportunita\\\/#primaryimage\"},\"thumbnailUrl\":\"https:\\\/\\\/exaudi.org\\\/wp-content\\\/uploads\\\/2022\\\/02\\\/Draghi-1.jpg\",\"keywords\":[\"Draghi\",\"giovani\",\"Mediterraneo\",\"Trending\",\"Ucraina\"],\"articleSection\":[\"Chiesa e Mondo\"],\"inLanguage\":\"it-IT\"},{\"@type\":\"WebPage\",\"@id\":\"https:\\\/\\\/exaudi.org\\\/it\\\/draghi-il-mediterraneo-puo-diventare-un-mare-di-opportunita\\\/\",\"url\":\"https:\\\/\\\/exaudi.org\\\/it\\\/draghi-il-mediterraneo-puo-diventare-un-mare-di-opportunita\\\/\",\"name\":\"Draghi: \u201cIl Mediterraneo pu\u00f2 diventare un mare di opportunit\u00e0\u201d &#8211; Exaudi\",\"isPartOf\":{\"@id\":\"https:\\\/\\\/exaudi.org\\\/#website\"},\"primaryImageOfPage\":{\"@id\":\"https:\\\/\\\/exaudi.org\\\/it\\\/draghi-il-mediterraneo-puo-diventare-un-mare-di-opportunita\\\/#primaryimage\"},\"image\":{\"@id\":\"https:\\\/\\\/exaudi.org\\\/it\\\/draghi-il-mediterraneo-puo-diventare-un-mare-di-opportunita\\\/#primaryimage\"},\"thumbnailUrl\":\"https:\\\/\\\/exaudi.org\\\/wp-content\\\/uploads\\\/2022\\\/02\\\/Draghi-1.jpg\",\"datePublished\":\"2022-02-23T16:35:51+00:00\",\"dateModified\":\"2022-02-23T16:54:44+00:00\",\"author\":{\"@id\":\"https:\\\/\\\/exaudi.org\\\/#\\\/schema\\\/person\\\/127735be832481a6d3c410c5837bb61a\"},\"description\":\"Draghi all\u2019incontro dei vescovi di Firenze: \\\"Il Mediterraneo pu\u00f2 diventare un mare di opportunit\u00e0\\\". No alle prevaricazioni in Ucraina\",\"breadcrumb\":{\"@id\":\"https:\\\/\\\/exaudi.org\\\/it\\\/draghi-il-mediterraneo-puo-diventare-un-mare-di-opportunita\\\/#breadcrumb\"},\"inLanguage\":\"it-IT\",\"potentialAction\":[{\"@type\":\"ReadAction\",\"target\":[\"https:\\\/\\\/exaudi.org\\\/it\\\/draghi-il-mediterraneo-puo-diventare-un-mare-di-opportunita\\\/\"]}]},{\"@type\":\"ImageObject\",\"inLanguage\":\"it-IT\",\"@id\":\"https:\\\/\\\/exaudi.org\\\/it\\\/draghi-il-mediterraneo-puo-diventare-un-mare-di-opportunita\\\/#primaryimage\",\"url\":\"https:\\\/\\\/exaudi.org\\\/wp-content\\\/uploads\\\/2022\\\/02\\\/Draghi-1.jpg\",\"contentUrl\":\"https:\\\/\\\/exaudi.org\\\/wp-content\\\/uploads\\\/2022\\\/02\\\/Draghi-1.jpg\",\"width\":1138,\"height\":638,\"caption\":\"Il premier durante il suo discorso\"},{\"@type\":\"BreadcrumbList\",\"@id\":\"https:\\\/\\\/exaudi.org\\\/it\\\/draghi-il-mediterraneo-puo-diventare-un-mare-di-opportunita\\\/#breadcrumb\",\"itemListElement\":[{\"@type\":\"ListItem\",\"position\":1,\"name\":\"Portada\",\"item\":\"https:\\\/\\\/exaudi.org\\\/it\\\/\"},{\"@type\":\"ListItem\",\"position\":2,\"name\":\"Draghi: \u201cIl Mediterraneo pu\u00f2 diventare un mare di opportunit\u00e0\u201d\"}]},{\"@type\":\"WebSite\",\"@id\":\"https:\\\/\\\/exaudi.org\\\/#website\",\"url\":\"https:\\\/\\\/exaudi.org\\\/\",\"name\":\"Exaudi\",\"description\":\"News\",\"potentialAction\":[{\"@type\":\"SearchAction\",\"target\":{\"@type\":\"EntryPoint\",\"urlTemplate\":\"https:\\\/\\\/exaudi.org\\\/?s={search_term_string}\"},\"query-input\":{\"@type\":\"PropertyValueSpecification\",\"valueRequired\":true,\"valueName\":\"search_term_string\"}}],\"inLanguage\":\"it-IT\"},{\"@type\":\"Person\",\"@id\":\"https:\\\/\\\/exaudi.org\\\/#\\\/schema\\\/person\\\/127735be832481a6d3c410c5837bb61a\",\"name\":\"Andrea Acali\",\"image\":{\"@type\":\"ImageObject\",\"inLanguage\":\"it-IT\",\"@id\":\"https:\\\/\\\/secure.gravatar.com\\\/avatar\\\/2abf8e528c4f8c571ab456e5ef9ac66b04b987863e3ab3fd9546150699bb9259?s=96&d=mm&r=g\",\"url\":\"https:\\\/\\\/secure.gravatar.com\\\/avatar\\\/2abf8e528c4f8c571ab456e5ef9ac66b04b987863e3ab3fd9546150699bb9259?s=96&d=mm&r=g\",\"contentUrl\":\"https:\\\/\\\/secure.gravatar.com\\\/avatar\\\/2abf8e528c4f8c571ab456e5ef9ac66b04b987863e3ab3fd9546150699bb9259?s=96&d=mm&r=g\",\"caption\":\"Andrea Acali\"},\"description\":\"Andrea Acali es un periodista y comunicador italiano con una larga trayectoria en el \u00e1mbito de la informaci\u00f3n religiosa, social y deportiva. Durante casi treinta a\u00f1os trabaj\u00f3 en el diario Il Tempo como vaticanista y jefe de secci\u00f3n, especializ\u00e1ndose en la cobertura de la actualidad del Vaticano y de la Iglesia cat\u00f3lica. Desde 2016 colabora como periodista web en RomaSette y tambi\u00e9n escribe para el peri\u00f3dico Avvenire. Desde 2019 ejerce como comunicador en la Delegazione della Generalitat de Catalunya in Italia, con sede en Roma, donde combina su experiencia period\u00edstica con la comunicaci\u00f3n institucional\",\"sameAs\":[\"https:\\\/\\\/www.linkedin.com\\\/in\\\/andrea-acali-505567125\\\/?originalSubdomain=it\"],\"url\":\"https:\\\/\\\/exaudi.org\\\/it\\\/author\\\/aacaliexaudi-org\\\/\"}]}<\/script>\n<!-- \/ Yoast SEO plugin. -->","yoast_head_json":{"title":"Draghi: \u201cIl Mediterraneo pu\u00f2 diventare un mare di opportunit\u00e0\u201d &#8211; Exaudi","description":"Draghi all\u2019incontro dei vescovi di Firenze: \"Il Mediterraneo pu\u00f2 diventare un mare di opportunit\u00e0\". No alle prevaricazioni in Ucraina","robots":{"index":"index","follow":"follow","max-snippet":"max-snippet:-1","max-image-preview":"max-image-preview:large","max-video-preview":"max-video-preview:-1"},"canonical":"https:\/\/exaudi.org\/it\/draghi-il-mediterraneo-puo-diventare-un-mare-di-opportunita\/","og_locale":"it_IT","og_type":"article","og_title":"Draghi: \u201cIl Mediterraneo pu\u00f2 diventare un mare di opportunit\u00e0\u201d &#8211; Exaudi","og_description":"Draghi all\u2019incontro dei vescovi di Firenze: \"Il Mediterraneo pu\u00f2 diventare un mare di opportunit\u00e0\". No alle prevaricazioni in Ucraina","og_url":"https:\/\/exaudi.org\/it\/draghi-il-mediterraneo-puo-diventare-un-mare-di-opportunita\/","og_site_name":"Exaudi","article_publisher":"https:\/\/www.facebook.com\/ExaudiNews","article_published_time":"2022-02-23T16:35:51+00:00","article_modified_time":"2022-02-23T16:54:44+00:00","og_image":[{"width":1138,"height":638,"url":"https:\/\/exaudi.org\/wp-content\/uploads\/2022\/02\/Draghi-1.jpg","type":"image\/jpeg"}],"author":"Andrea Acali","twitter_card":"summary_large_image","twitter_creator":"@Exaudi_News","twitter_site":"@Exaudi_News","twitter_misc":{"Scritto da":"Andrea Acali","Tempo di lettura stimato":"3 minuti"},"schema":{"@context":"https:\/\/schema.org","@graph":[{"@type":"Article","@id":"https:\/\/exaudi.org\/it\/draghi-il-mediterraneo-puo-diventare-un-mare-di-opportunita\/#article","isPartOf":{"@id":"https:\/\/exaudi.org\/it\/draghi-il-mediterraneo-puo-diventare-un-mare-di-opportunita\/"},"author":{"name":"Andrea Acali","@id":"https:\/\/exaudi.org\/#\/schema\/person\/127735be832481a6d3c410c5837bb61a"},"headline":"Draghi: \u201cIl Mediterraneo pu\u00f2 diventare un mare di opportunit\u00e0\u201d","datePublished":"2022-02-23T16:35:51+00:00","dateModified":"2022-02-23T16:54:44+00:00","mainEntityOfPage":{"@id":"https:\/\/exaudi.org\/it\/draghi-il-mediterraneo-puo-diventare-un-mare-di-opportunita\/"},"wordCount":541,"image":{"@id":"https:\/\/exaudi.org\/it\/draghi-il-mediterraneo-puo-diventare-un-mare-di-opportunita\/#primaryimage"},"thumbnailUrl":"https:\/\/exaudi.org\/wp-content\/uploads\/2022\/02\/Draghi-1.jpg","keywords":["Draghi","giovani","Mediterraneo","Trending","Ucraina"],"articleSection":["Chiesa e Mondo"],"inLanguage":"it-IT"},{"@type":"WebPage","@id":"https:\/\/exaudi.org\/it\/draghi-il-mediterraneo-puo-diventare-un-mare-di-opportunita\/","url":"https:\/\/exaudi.org\/it\/draghi-il-mediterraneo-puo-diventare-un-mare-di-opportunita\/","name":"Draghi: \u201cIl Mediterraneo pu\u00f2 diventare un mare di opportunit\u00e0\u201d &#8211; Exaudi","isPartOf":{"@id":"https:\/\/exaudi.org\/#website"},"primaryImageOfPage":{"@id":"https:\/\/exaudi.org\/it\/draghi-il-mediterraneo-puo-diventare-un-mare-di-opportunita\/#primaryimage"},"image":{"@id":"https:\/\/exaudi.org\/it\/draghi-il-mediterraneo-puo-diventare-un-mare-di-opportunita\/#primaryimage"},"thumbnailUrl":"https:\/\/exaudi.org\/wp-content\/uploads\/2022\/02\/Draghi-1.jpg","datePublished":"2022-02-23T16:35:51+00:00","dateModified":"2022-02-23T16:54:44+00:00","author":{"@id":"https:\/\/exaudi.org\/#\/schema\/person\/127735be832481a6d3c410c5837bb61a"},"description":"Draghi all\u2019incontro dei vescovi di Firenze: \"Il Mediterraneo pu\u00f2 diventare un mare di opportunit\u00e0\". No alle prevaricazioni in Ucraina","breadcrumb":{"@id":"https:\/\/exaudi.org\/it\/draghi-il-mediterraneo-puo-diventare-un-mare-di-opportunita\/#breadcrumb"},"inLanguage":"it-IT","potentialAction":[{"@type":"ReadAction","target":["https:\/\/exaudi.org\/it\/draghi-il-mediterraneo-puo-diventare-un-mare-di-opportunita\/"]}]},{"@type":"ImageObject","inLanguage":"it-IT","@id":"https:\/\/exaudi.org\/it\/draghi-il-mediterraneo-puo-diventare-un-mare-di-opportunita\/#primaryimage","url":"https:\/\/exaudi.org\/wp-content\/uploads\/2022\/02\/Draghi-1.jpg","contentUrl":"https:\/\/exaudi.org\/wp-content\/uploads\/2022\/02\/Draghi-1.jpg","width":1138,"height":638,"caption":"Il premier durante il suo discorso"},{"@type":"BreadcrumbList","@id":"https:\/\/exaudi.org\/it\/draghi-il-mediterraneo-puo-diventare-un-mare-di-opportunita\/#breadcrumb","itemListElement":[{"@type":"ListItem","position":1,"name":"Portada","item":"https:\/\/exaudi.org\/it\/"},{"@type":"ListItem","position":2,"name":"Draghi: \u201cIl Mediterraneo pu\u00f2 diventare un mare di opportunit\u00e0\u201d"}]},{"@type":"WebSite","@id":"https:\/\/exaudi.org\/#website","url":"https:\/\/exaudi.org\/","name":"Exaudi","description":"News","potentialAction":[{"@type":"SearchAction","target":{"@type":"EntryPoint","urlTemplate":"https:\/\/exaudi.org\/?s={search_term_string}"},"query-input":{"@type":"PropertyValueSpecification","valueRequired":true,"valueName":"search_term_string"}}],"inLanguage":"it-IT"},{"@type":"Person","@id":"https:\/\/exaudi.org\/#\/schema\/person\/127735be832481a6d3c410c5837bb61a","name":"Andrea Acali","image":{"@type":"ImageObject","inLanguage":"it-IT","@id":"https:\/\/secure.gravatar.com\/avatar\/2abf8e528c4f8c571ab456e5ef9ac66b04b987863e3ab3fd9546150699bb9259?s=96&d=mm&r=g","url":"https:\/\/secure.gravatar.com\/avatar\/2abf8e528c4f8c571ab456e5ef9ac66b04b987863e3ab3fd9546150699bb9259?s=96&d=mm&r=g","contentUrl":"https:\/\/secure.gravatar.com\/avatar\/2abf8e528c4f8c571ab456e5ef9ac66b04b987863e3ab3fd9546150699bb9259?s=96&d=mm&r=g","caption":"Andrea Acali"},"description":"Andrea Acali es un periodista y comunicador italiano con una larga trayectoria en el \u00e1mbito de la informaci\u00f3n religiosa, social y deportiva. Durante casi treinta a\u00f1os trabaj\u00f3 en el diario Il Tempo como vaticanista y jefe de secci\u00f3n, especializ\u00e1ndose en la cobertura de la actualidad del Vaticano y de la Iglesia cat\u00f3lica. Desde 2016 colabora como periodista web en RomaSette y tambi\u00e9n escribe para el peri\u00f3dico Avvenire. Desde 2019 ejerce como comunicador en la Delegazione della Generalitat de Catalunya in Italia, con sede en Roma, donde combina su experiencia period\u00edstica con la comunicaci\u00f3n institucional","sameAs":["https:\/\/www.linkedin.com\/in\/andrea-acali-505567125\/?originalSubdomain=it"],"url":"https:\/\/exaudi.org\/it\/author\/aacaliexaudi-org\/"}]}},"jetpack_featured_media_url":"https:\/\/exaudi.org\/wp-content\/uploads\/2022\/02\/Draghi-1.jpg","jetpack_shortlink":"https:\/\/wp.me\/pgKjF2-dOx","_links":{"self":[{"href":"https:\/\/exaudi.org\/it\/wp-json\/wp\/v2\/posts\/53105","targetHints":{"allow":["GET"]}}],"collection":[{"href":"https:\/\/exaudi.org\/it\/wp-json\/wp\/v2\/posts"}],"about":[{"href":"https:\/\/exaudi.org\/it\/wp-json\/wp\/v2\/types\/post"}],"author":[{"embeddable":true,"href":"https:\/\/exaudi.org\/it\/wp-json\/wp\/v2\/users\/18"}],"replies":[{"embeddable":true,"href":"https:\/\/exaudi.org\/it\/wp-json\/wp\/v2\/comments?post=53105"}],"version-history":[{"count":0,"href":"https:\/\/exaudi.org\/it\/wp-json\/wp\/v2\/posts\/53105\/revisions"}],"wp:featuredmedia":[{"embeddable":true,"href":"https:\/\/exaudi.org\/it\/wp-json\/wp\/v2\/media\/53109"}],"wp:attachment":[{"href":"https:\/\/exaudi.org\/it\/wp-json\/wp\/v2\/media?parent=53105"}],"wp:term":[{"taxonomy":"category","embeddable":true,"href":"https:\/\/exaudi.org\/it\/wp-json\/wp\/v2\/categories?post=53105"},{"taxonomy":"post_tag","embeddable":true,"href":"https:\/\/exaudi.org\/it\/wp-json\/wp\/v2\/tags?post=53105"}],"curies":[{"name":"wp","href":"https:\/\/api.w.org\/{rel}","templated":true}]}}