{"id":52623,"date":"2022-02-20T13:01:25","date_gmt":"2022-02-20T12:01:25","guid":{"rendered":"https:\/\/exaudi.org\/?p=52623"},"modified":"2022-02-20T13:08:06","modified_gmt":"2022-02-20T12:08:06","slug":"e-triste-vedere-popoli-cristiani-che-pensano-a-farsi-guerra","status":"publish","type":"post","link":"https:\/\/exaudi.org\/it\/e-triste-vedere-popoli-cristiani-che-pensano-a-farsi-guerra\/","title":{"rendered":"\u00c8 triste vedere popoli cristiani che pensano a farsi guerra"},"content":{"rendered":"<p>\u00c8 triste vedere popoli cristiani che pensano a farsi guerra. Lo ha detto il Papa all\u2019Angelus, commentando il Vangelo della domenica. Il Pontefice ha fatto riferimento anche ai contasti tra le singole persone ma inevitabilmente il pensiero \u00e8 corso alla situazione in <a href=\"https:\/\/www.vaticannews.va\/it\/mondo\/news\/2022-02\/ucraina-crisi-russia-usa-europa-donbass-separatisti-guerra-pace.html\">Ucraina<\/a>. Dopo l\u2019Angelus, Francesco ha ricordato la Giornata del personale sanitario e ha reso omaggio al comportamento eroico di tanti operatori e volontari. Una Giornata che celebra soprattutto chi negli ultimi due anni ha combattuto un&#8217;altra guerra, quella alla pandemia. Ecco le parole del S. Padre:<\/p>\n<h2>Amare i nemici<\/h2>\n<p>Cari fratelli e sorelle, buongiorno! Nel Vangelo della Liturgia odierna Ges\u00f9 d\u00e0 ai discepoli alcune indicazioni fondamentali di vita. Il Signore si riferisce alle situazioni pi\u00f9 difficili, quelle che costituiscono per noi il banco di prova, quelle che ci mettono di fronte a chi ci \u00e8 nemico e ostile, a chi cerca sempre di farci del male. In questi casi il discepolo di Ges\u00f9 \u00e8 chiamato a non cedere all\u2019istinto e all\u2019odio, ma ad andare oltre, molto oltre. Andare oltre l\u2019istinto, andare oltre l\u2019odio. Ges\u00f9 dice: \u00abAmate i vostri nemici, fate del bene a quelli che vi odiano\u00bb. E ancora pi\u00f9 concreto: \u00abA chi ti percuote sulla guancia, offri anche l\u2019altra\u00bb.<\/p>\n<p>Quando noi sentiamo questo, ci sembra che il Signore chieda l\u2019impossibile. E poi, perch\u00e9 amare i nemici? Se non si reagisce ai prepotenti, ogni sopruso ha via libera, e questo non \u00e8 giusto. Ma \u00e8 proprio cos\u00ec? Davvero il Signore ci chiede cose impossibili, anzi ingiuste? \u00c8 cos\u00ec? Consideriamo anzitutto quel senso di ingiustizia che avvertiamo nel \u201cporgi l\u2019altra guancia\u201d. E pensiamo a Ges\u00f9. Durante la passione, nel suo ingiusto processo davanti al sommo sacerdote, a un certo punto riceve uno schiaffo da una delle guardie. E Lui come si comporta? Non lo insulta, no, dice alla guardia: \u00abSe ho parlato male, dimostrami dov\u2019\u00e8 il male. Ma se ho parlato bene, perch\u00e9 mi percuoti?\u00bb. Chiede conto del male ricevuto.<\/p>\n<h2>Disinnescare il rancore<\/h2>\n<p>Porgere l\u2019altra guancia non significa subire in silenzio, cedere all\u2019ingiustizia. Ges\u00f9 con la sua domanda denuncia ci\u00f2 che \u00e8 ingiusto. Per\u00f2 lo fa senza ira, senza violenza, anzi con gentilezza. Non vuole innescare una discussione, ma disinnescare il rancore, questo \u00e8 importante: spegnere insieme l\u2019odio e l\u2019ingiustizia, cercando di recuperare il fratello colpevole. Non \u00e8 facile questo, ma Ges\u00f9 lo ha fatto e ci dice di farlo anche noi.<\/p>\n<p>Questo \u00e8 porgere l\u2019altra guancia: la mitezza di Ges\u00f9 \u00e8 una risposta pi\u00f9 forte della percossa che ha ricevuto. Porgere l\u2019altra guancia non \u00e8 il ripiego del perdente, ma l\u2019azione di chi ha una forza interiore pi\u00f9 grande. Porgere l\u2019altra guancia \u00e8 vincere il male con il bene, che apre una breccia nel cuore del nemico, smascherando l\u2019assurdit\u00e0 del suo odio. E questo atteggiamento, questo porgere l\u2019altra guancia, non \u00e8 dettato dal calcolo o dall\u2019odio, ma dall\u2019amore.<\/p>\n<h2>L\u2019abitudine alle vendette<\/h2>\n<p>Cari fratelli e sorelle, \u00e8 l\u2019amore gratuito e immeritato che riceviamo da Ges\u00f9 a generare nel cuore un modo di fare simile al suo, che rifiuta ogni vendetta. Noi siamo abituati alle vendette: \u201cMi hai fatto questo, io ti far\u00f2 quell\u2019altro\u201d, o a custodire nel cuore questo rancore, rancore che fa male, distrugge la persona. Veniamo all\u2019altra obiezione: \u00e8 possibile che una persona giunga ad amare i propri nemici? Se dipendesse solo da noi, sarebbe impossibile. Ma ricordiamoci che, quando il Signore chiede qualcosa, vuole donarla. Mai il Signore ci chiede qualcosa che Lui non ci d\u00e0 prima. Quando mi dice di amare i nemici, vuole darmi la capacit\u00e0 di farlo. Senza quella capacit\u00e0 noi non potremmo, ma Lui ti dice \u201cama il nemico\u201d e ti d\u00e0 la capacit\u00e0 di amare.<\/p>\n<h2>Cristiani che pensano a farsi la guerra<\/h2>\n<p>Sant\u2019Agostino pregava cos\u00ec \u2013 ascoltate che bella preghiera questa \u2013: Signore, \u00abdammi ci\u00f2 che chiedi e chiedimi ci\u00f2 che vuoi\u00bb, perch\u00e9 me lo hai dato prima. Che cosa chiedergli? Che cosa Dio \u00e8 contento di donarci? La forza di amare, che non \u00e8 una cosa, ma \u00e8 lo Spirito Santo. La forza di amare \u00e8 lo Spirito Santo, e con lo Spirito di Ges\u00f9 possiamo rispondere al male con il bene, possiamo amare chi ci fa del male. Cos\u00ec fanno i cristiani. Com\u2019\u00e8 triste, quando persone e popoli fieri di essere cristiani vedono gli altri come nemici e <a href=\"https:\/\/exaudi.org\/it\/lumanita-e-campione-nel-fare-la-guerra-e-una-vergogna\/\">pensano a farsi guerra!<\/a> \u00c8 molto triste.<\/p>\n<figure id=\"attachment_52630\" aria-describedby=\"caption-attachment-52630\" style=\"width: 300px\" class=\"wp-caption alignright\"><img loading=\"lazy\" decoding=\"async\" class=\"size-medium wp-image-52630\" src=\"https:\/\/exaudi.org\/wp-content\/uploads\/2022\/02\/angelus-20-2-2022-300x200.jpg\" alt=\"Guerra\" width=\"300\" height=\"200\" srcset=\"https:\/\/exaudi.org\/wp-content\/uploads\/2022\/02\/angelus-20-2-2022-300x200.jpg 300w, https:\/\/exaudi.org\/wp-content\/uploads\/2022\/02\/angelus-20-2-2022-1024x683.jpg 1024w, https:\/\/exaudi.org\/wp-content\/uploads\/2022\/02\/angelus-20-2-2022-770x513.jpg 770w, https:\/\/exaudi.org\/wp-content\/uploads\/2022\/02\/angelus-20-2-2022-1536x1024.jpg 1536w, https:\/\/exaudi.org\/wp-content\/uploads\/2022\/02\/angelus-20-2-2022-2048x1365.jpg 2048w, https:\/\/exaudi.org\/wp-content\/uploads\/2022\/02\/angelus-20-2-2022-360x240.jpg?crop=1 360w, https:\/\/exaudi.org\/wp-content\/uploads\/2022\/02\/angelus-20-2-2022-500x333.jpg 500w, https:\/\/exaudi.org\/wp-content\/uploads\/2022\/02\/angelus-20-2-2022-1155x770.jpg 1155w, https:\/\/exaudi.org\/wp-content\/uploads\/2022\/02\/angelus-20-2-2022-370x247.jpg 370w, https:\/\/exaudi.org\/wp-content\/uploads\/2022\/02\/angelus-20-2-2022-293x195.jpg 293w, https:\/\/exaudi.org\/wp-content\/uploads\/2022\/02\/angelus-20-2-2022-1400x933.jpg 1400w, https:\/\/exaudi.org\/wp-content\/uploads\/2022\/02\/angelus-20-2-2022-120x80.jpg 120w, https:\/\/exaudi.org\/wp-content\/uploads\/2022\/02\/angelus-20-2-2022-240x160.jpg 240w, https:\/\/exaudi.org\/wp-content\/uploads\/2022\/02\/angelus-20-2-2022-390x260.jpg 390w\" sizes=\"auto, (max-width: 300px) 100vw, 300px\" \/><figcaption id=\"caption-attachment-52630\" class=\"wp-caption-text\">(C) Vatican Media<\/figcaption><\/figure>\n<p>E noi, proviamo a vivere gli inviti di Ges\u00f9? Pensiamo a una persona che ci ha fatto del male. Ognuno pensi a una persona. \u00c8 comune che abbiamo subito il male da qualcuno, pensiamo a quella persona. Forse c\u2019\u00e8 del rancore dentro di noi. Allora, a questo rancore affianchiamo l\u2019immagine di Ges\u00f9, mite, durante il processo, dopo lo schiaffo. E poi chiediamo allo Spirito Santo di agire nel nostro cuore. Infine, preghiamo per quella persona: pregare per chi ci ha fatto del male.<\/p>\n<p>Noi, quando ci hanno fatto qualcosa di male, andiamo subito a raccontare agli altri e ci sentiamo vittime. Fermiamoci, e preghiamo il Signore per quella persona, che l\u2019aiuti, e cos\u00ec viene meno questo sentimento di rancore. Pregare per chi ci ha trattato male \u00e8 la prima cosa per trasformare il male in bene. La preghiera. La Vergine Maria ci aiuti a essere operatori di pace verso tutti, soprattutto verso chi ci \u00e8 ostile e non ci piace.<\/p>\n<h2>Preghiera per le vittime delle calamit\u00e0<\/h2>\n<p>Cari fratelli e sorelle! Esprimo la mia vicinanza alle popolazioni colpite nei giorni scorsi da calamit\u00e0 naturali, penso in particolare al sud-est del Madagascar, flagellato da una serie di cicloni, e alla zona di Petr\u00f3polis in Brasile, devastata da inondazioni e frane. Il Signore accolga i defunti nella sua pace, conforti i familiari e sostenga quanti prestano soccorso.<\/p>\n<h2>Guerra al Covid, omaggio ai sanitari<\/h2>\n<p>Oggi \u00e8 la Giornata nazionale del personale sanitario e dobbiamo ricordare tanti medici, infermiere e infermieri, volontari, che stanno vicino agli ammalati, li curano, li fanno sentire meglio, li aiutano. \u201cNessuno si salva da solo\u201d, diceva il titolo nel programma \u201cA Sua Immagine\u201d. Nessuno si salva da solo. E nella malattia noi abbiamo bisogno di qualcuno che ci salvi, che ci aiuti. Mi diceva un medico, questa mattina, che nel tempo del Covid stava morendo una persona e gli ha detto: \u201cMi prenda per mano che sto morendo e ho bisogno della sua mano\u201d. L\u2019eroico personale sanitario, che ha fatto vedere questa eroicit\u00e0 nel tempo del Covid, ma l\u2019eroicit\u00e0 rimane tutti i giorni. Ai nostri medici, infermiere, infermieri, volontari un applauso e un grazie grande!<\/p>\n<figure id=\"attachment_52627\" aria-describedby=\"caption-attachment-52627\" style=\"width: 300px\" class=\"wp-caption alignleft\"><img loading=\"lazy\" decoding=\"async\" class=\"size-medium wp-image-52627\" src=\"https:\/\/exaudi.org\/wp-content\/uploads\/2022\/02\/Angelus-Arca-300x200.jpg\" alt=\"\" width=\"300\" height=\"200\" srcset=\"https:\/\/exaudi.org\/wp-content\/uploads\/2022\/02\/Angelus-Arca-300x200.jpg 300w, https:\/\/exaudi.org\/wp-content\/uploads\/2022\/02\/Angelus-Arca-1024x683.jpg 1024w, https:\/\/exaudi.org\/wp-content\/uploads\/2022\/02\/Angelus-Arca-770x513.jpg 770w, https:\/\/exaudi.org\/wp-content\/uploads\/2022\/02\/Angelus-Arca-1536x1024.jpg 1536w, https:\/\/exaudi.org\/wp-content\/uploads\/2022\/02\/Angelus-Arca-2048x1365.jpg 2048w, https:\/\/exaudi.org\/wp-content\/uploads\/2022\/02\/Angelus-Arca-360x240.jpg 360w, https:\/\/exaudi.org\/wp-content\/uploads\/2022\/02\/Angelus-Arca-500x333.jpg 500w, https:\/\/exaudi.org\/wp-content\/uploads\/2022\/02\/Angelus-Arca-1155x770.jpg 1155w, https:\/\/exaudi.org\/wp-content\/uploads\/2022\/02\/Angelus-Arca-370x247.jpg 370w, https:\/\/exaudi.org\/wp-content\/uploads\/2022\/02\/Angelus-Arca-293x195.jpg 293w, https:\/\/exaudi.org\/wp-content\/uploads\/2022\/02\/Angelus-Arca-1400x933.jpg 1400w, https:\/\/exaudi.org\/wp-content\/uploads\/2022\/02\/Angelus-Arca-120x80.jpg 120w, https:\/\/exaudi.org\/wp-content\/uploads\/2022\/02\/Angelus-Arca-240x160.jpg 240w, https:\/\/exaudi.org\/wp-content\/uploads\/2022\/02\/Angelus-Arca-390x260.jpg 390w\" sizes=\"auto, (max-width: 300px) 100vw, 300px\" \/><figcaption id=\"caption-attachment-52627\" class=\"wp-caption-text\">(C) Vatican Media<\/figcaption><\/figure>\n<p>Saluto di cuore tutti voi, romani e pellegrini venuti dall\u2019Italia e da diversi Paesi. In particolare, saluto i fedeli di Madrid, Segovia, Burgos e Valladolid, in Spagna \u2013 tanti spagnoli! \u2013; come pure quelli della parrocchia Santa Francesca Cabrini in Roma e gli studenti dell\u2019Istituto dei Sacri Cuori di Barletta. Saluto e incoraggio il gruppo \u201cProgetto Arca\u201d, che nei giorni scorsi ha inaugurato la propria attivit\u00e0 sociale a Roma, in aiuto alle persone senza fissa dimora. E saluto i ragazzi dell\u2019Immacolata, cos\u00ec bravi! A tutti auguro una buona domenica. Per favore, non dimenticatevi di pregare per me. Buon pranzo e arrivederci.<\/p>\n","protected":false},"excerpt":{"rendered":"<p>All&#8217;Angelus il Papa rilancia il suo monito contro ogni conflitto: il pensiero va all&#8217;Ucraina. L&#8217;omaggio all'&#8221;eroico personale sanitario&#8221;<\/p>\n","protected":false},"author":17,"featured_media":52624,"comment_status":"closed","ping_status":"closed","sticky":false,"template":"","format":"standard","meta":{"_acf_changed":false,"_crdt_document":"","inline_featured_image":false,"footnotes":""},"categories":[67],"tags":[250,2487,785,251],"class_list":["post-52623","post","type-post","status-publish","format-standard","has-post-thumbnail","hentry","category-leone-xiv","tag-angelus-it","tag-featured-3","tag-guerra","tag-papa-francesco"],"acf":[],"yoast_head":"<!-- This site is optimized with the Yoast SEO plugin v27.5 - https:\/\/yoast.com\/product\/yoast-seo-wordpress\/ -->\n<title>\u00c8 triste vedere popoli cristiani che pensano a farsi guerra &#8211; Exaudi<\/title>\n<meta name=\"description\" content=\"\u00c8 triste vedere popoli cristiani che pensano a farsi guerra: lo ha detto il Papa all&#039;Angelus. L&#039;omaggio all&#039;eroicit\u00e0 del personale sanitario\" \/>\n<meta name=\"robots\" content=\"index, follow, max-snippet:-1, max-image-preview:large, max-video-preview:-1\" \/>\n<link rel=\"canonical\" href=\"https:\/\/exaudi.org\/it\/e-triste-vedere-popoli-cristiani-che-pensano-a-farsi-guerra\/\" \/>\n<meta property=\"og:locale\" content=\"it_IT\" \/>\n<meta property=\"og:type\" content=\"article\" \/>\n<meta property=\"og:title\" content=\"\u00c8 triste vedere popoli cristiani che pensano a farsi guerra &#8211; Exaudi\" \/>\n<meta property=\"og:description\" content=\"\u00c8 triste vedere popoli cristiani che pensano a farsi guerra: lo ha detto il Papa all&#039;Angelus. L&#039;omaggio all&#039;eroicit\u00e0 del personale sanitario\" \/>\n<meta property=\"og:url\" content=\"https:\/\/exaudi.org\/it\/e-triste-vedere-popoli-cristiani-che-pensano-a-farsi-guerra\/\" \/>\n<meta property=\"og:site_name\" content=\"Exaudi\" \/>\n<meta property=\"article:publisher\" content=\"https:\/\/www.facebook.com\/ExaudiNews\" \/>\n<meta property=\"article:author\" content=\"https:\/\/www.facebook.com\/ExaudiNotizie\/\" \/>\n<meta property=\"article:published_time\" content=\"2022-02-20T12:01:25+00:00\" \/>\n<meta property=\"article:modified_time\" content=\"2022-02-20T12:08:06+00:00\" \/>\n<meta property=\"og:image\" content=\"https:\/\/exaudi.org\/wp-content\/uploads\/2022\/02\/angelus-13-febbraio-2022-scaled.jpg\" \/>\n\t<meta property=\"og:image:width\" content=\"2560\" \/>\n\t<meta property=\"og:image:height\" content=\"1707\" \/>\n\t<meta property=\"og:image:type\" content=\"image\/jpeg\" \/>\n<meta name=\"author\" content=\"Exaudi Redazione\" \/>\n<meta name=\"twitter:card\" content=\"summary_large_image\" \/>\n<meta name=\"twitter:creator\" content=\"@Exaudi_Notizie\" \/>\n<meta name=\"twitter:site\" content=\"@Exaudi_News\" \/>\n<meta name=\"twitter:label1\" content=\"Scritto da\" \/>\n\t<meta name=\"twitter:data1\" content=\"Exaudi Redazione\" \/>\n\t<meta name=\"twitter:label2\" content=\"Tempo di lettura stimato\" \/>\n\t<meta name=\"twitter:data2\" content=\"7 minuti\" \/>\n<script type=\"application\/ld+json\" class=\"yoast-schema-graph\">{\"@context\":\"https:\\\/\\\/schema.org\",\"@graph\":[{\"@type\":\"Article\",\"@id\":\"https:\\\/\\\/exaudi.org\\\/it\\\/e-triste-vedere-popoli-cristiani-che-pensano-a-farsi-guerra\\\/#article\",\"isPartOf\":{\"@id\":\"https:\\\/\\\/exaudi.org\\\/it\\\/e-triste-vedere-popoli-cristiani-che-pensano-a-farsi-guerra\\\/\"},\"author\":{\"name\":\"Exaudi Redazione\",\"@id\":\"https:\\\/\\\/exaudi.org\\\/#\\\/schema\\\/person\\\/e1ab6ed07c01774724dd96f925f3a5f0\"},\"headline\":\"\u00c8 triste vedere popoli cristiani che pensano a farsi guerra\",\"datePublished\":\"2022-02-20T12:01:25+00:00\",\"dateModified\":\"2022-02-20T12:08:06+00:00\",\"mainEntityOfPage\":{\"@id\":\"https:\\\/\\\/exaudi.org\\\/it\\\/e-triste-vedere-popoli-cristiani-che-pensano-a-farsi-guerra\\\/\"},\"wordCount\":1206,\"image\":{\"@id\":\"https:\\\/\\\/exaudi.org\\\/it\\\/e-triste-vedere-popoli-cristiani-che-pensano-a-farsi-guerra\\\/#primaryimage\"},\"thumbnailUrl\":\"https:\\\/\\\/exaudi.org\\\/wp-content\\\/uploads\\\/2022\\\/02\\\/angelus-13-febbraio-2022-scaled.jpg\",\"keywords\":[\"\u00e1ngelus\",\"Featured\",\"guerra\",\"Papa Francesco\"],\"articleSection\":[\"Leone XIV\"],\"inLanguage\":\"it-IT\"},{\"@type\":\"WebPage\",\"@id\":\"https:\\\/\\\/exaudi.org\\\/it\\\/e-triste-vedere-popoli-cristiani-che-pensano-a-farsi-guerra\\\/\",\"url\":\"https:\\\/\\\/exaudi.org\\\/it\\\/e-triste-vedere-popoli-cristiani-che-pensano-a-farsi-guerra\\\/\",\"name\":\"\u00c8 triste vedere popoli cristiani che pensano a farsi guerra &#8211; Exaudi\",\"isPartOf\":{\"@id\":\"https:\\\/\\\/exaudi.org\\\/#website\"},\"primaryImageOfPage\":{\"@id\":\"https:\\\/\\\/exaudi.org\\\/it\\\/e-triste-vedere-popoli-cristiani-che-pensano-a-farsi-guerra\\\/#primaryimage\"},\"image\":{\"@id\":\"https:\\\/\\\/exaudi.org\\\/it\\\/e-triste-vedere-popoli-cristiani-che-pensano-a-farsi-guerra\\\/#primaryimage\"},\"thumbnailUrl\":\"https:\\\/\\\/exaudi.org\\\/wp-content\\\/uploads\\\/2022\\\/02\\\/angelus-13-febbraio-2022-scaled.jpg\",\"datePublished\":\"2022-02-20T12:01:25+00:00\",\"dateModified\":\"2022-02-20T12:08:06+00:00\",\"author\":{\"@id\":\"https:\\\/\\\/exaudi.org\\\/#\\\/schema\\\/person\\\/e1ab6ed07c01774724dd96f925f3a5f0\"},\"description\":\"\u00c8 triste vedere popoli cristiani che pensano a farsi guerra: lo ha detto il Papa all'Angelus. L'omaggio all'eroicit\u00e0 del personale sanitario\",\"breadcrumb\":{\"@id\":\"https:\\\/\\\/exaudi.org\\\/it\\\/e-triste-vedere-popoli-cristiani-che-pensano-a-farsi-guerra\\\/#breadcrumb\"},\"inLanguage\":\"it-IT\",\"potentialAction\":[{\"@type\":\"ReadAction\",\"target\":[\"https:\\\/\\\/exaudi.org\\\/it\\\/e-triste-vedere-popoli-cristiani-che-pensano-a-farsi-guerra\\\/\"]}]},{\"@type\":\"ImageObject\",\"inLanguage\":\"it-IT\",\"@id\":\"https:\\\/\\\/exaudi.org\\\/it\\\/e-triste-vedere-popoli-cristiani-che-pensano-a-farsi-guerra\\\/#primaryimage\",\"url\":\"https:\\\/\\\/exaudi.org\\\/wp-content\\\/uploads\\\/2022\\\/02\\\/angelus-13-febbraio-2022-scaled.jpg\",\"contentUrl\":\"https:\\\/\\\/exaudi.org\\\/wp-content\\\/uploads\\\/2022\\\/02\\\/angelus-13-febbraio-2022-scaled.jpg\",\"width\":2560,\"height\":1707,\"caption\":\"(C) Vatican Media\"},{\"@type\":\"BreadcrumbList\",\"@id\":\"https:\\\/\\\/exaudi.org\\\/it\\\/e-triste-vedere-popoli-cristiani-che-pensano-a-farsi-guerra\\\/#breadcrumb\",\"itemListElement\":[{\"@type\":\"ListItem\",\"position\":1,\"name\":\"Portada\",\"item\":\"https:\\\/\\\/exaudi.org\\\/it\\\/\"},{\"@type\":\"ListItem\",\"position\":2,\"name\":\"\u00c8 triste vedere popoli cristiani che pensano a farsi guerra\"}]},{\"@type\":\"WebSite\",\"@id\":\"https:\\\/\\\/exaudi.org\\\/#website\",\"url\":\"https:\\\/\\\/exaudi.org\\\/\",\"name\":\"Exaudi\",\"description\":\"News\",\"potentialAction\":[{\"@type\":\"SearchAction\",\"target\":{\"@type\":\"EntryPoint\",\"urlTemplate\":\"https:\\\/\\\/exaudi.org\\\/?s={search_term_string}\"},\"query-input\":{\"@type\":\"PropertyValueSpecification\",\"valueRequired\":true,\"valueName\":\"search_term_string\"}}],\"inLanguage\":\"it-IT\"},{\"@type\":\"Person\",\"@id\":\"https:\\\/\\\/exaudi.org\\\/#\\\/schema\\\/person\\\/e1ab6ed07c01774724dd96f925f3a5f0\",\"name\":\"Exaudi Redazione\",\"image\":{\"@type\":\"ImageObject\",\"inLanguage\":\"it-IT\",\"@id\":\"https:\\\/\\\/secure.gravatar.com\\\/avatar\\\/ad6774b3ada023bf5b939d64f45c94b3adf91502dd883507d469b4308a943bb3?s=96&d=mm&r=g\",\"url\":\"https:\\\/\\\/secure.gravatar.com\\\/avatar\\\/ad6774b3ada023bf5b939d64f45c94b3adf91502dd883507d469b4308a943bb3?s=96&d=mm&r=g\",\"contentUrl\":\"https:\\\/\\\/secure.gravatar.com\\\/avatar\\\/ad6774b3ada023bf5b939d64f45c94b3adf91502dd883507d469b4308a943bb3?s=96&d=mm&r=g\",\"caption\":\"Exaudi Redazione\"},\"description\":\"Che cosa \u00e8 Exaudi News? Exaudi News \u00e8 un agenzia cattolica internazionale che informa, istruisce e trasforma quotidianamente in spagnolo, inglese e italiano. Attraverso notizie, articoli di analisi e trasmissioni in diretta degli eventi del Papa, Exaudi cerca di rafforzare l'unit\u00e0 dei cristiani e di contribuire all'evangelizzazione del mondo, sempre guidato dalla dottrina sociale della Chiesa. Lavoriamo per portare la verit\u00e0 e i valori cristiani in ogni angolo del pianeta. Aiutaci a trasformare il mondo con Exaudi! Noi di Exaudi crediamo che l'evangelizzazione e l'informazione di qualit\u00e0 possano cambiare la vita. Per continuare la nostra missione ed espandere la nostra portata, abbiamo bisogno del tuo aiuto. Stiamo anche cercando persone motivate che vogliano unirsi al nostro team. Grazie al vostro sostegno raggiungeremo pi\u00f9 persone, diffonderemo il messaggio di Cristo e rafforzeremo l'unit\u00e0 dei cristiani. Vuoi unirti alla nostra missione? Per maggiori informazioni su come contribuire, visita Exaudi.org\\\/it o contattaci direttamente: info@exaudi.org Exaudi: informa, forma e trasforma.\",\"sameAs\":[\"https:\\\/\\\/www.facebook.com\\\/ExaudiNotizie\\\/\",\"https:\\\/\\\/www.instagram.com\\\/Exaudi_notizie\\\/\",\"https:\\\/\\\/x.com\\\/Exaudi_Notizie\",\"https:\\\/\\\/www.youtube.com\\\/@exaudicatholicnews\"],\"url\":\"https:\\\/\\\/exaudi.org\\\/it\\\/author\\\/dlvedi-org\\\/\"}]}<\/script>\n<!-- \/ Yoast SEO plugin. -->","yoast_head_json":{"title":"\u00c8 triste vedere popoli cristiani che pensano a farsi guerra &#8211; Exaudi","description":"\u00c8 triste vedere popoli cristiani che pensano a farsi guerra: lo ha detto il Papa all'Angelus. L'omaggio all'eroicit\u00e0 del personale sanitario","robots":{"index":"index","follow":"follow","max-snippet":"max-snippet:-1","max-image-preview":"max-image-preview:large","max-video-preview":"max-video-preview:-1"},"canonical":"https:\/\/exaudi.org\/it\/e-triste-vedere-popoli-cristiani-che-pensano-a-farsi-guerra\/","og_locale":"it_IT","og_type":"article","og_title":"\u00c8 triste vedere popoli cristiani che pensano a farsi guerra &#8211; Exaudi","og_description":"\u00c8 triste vedere popoli cristiani che pensano a farsi guerra: lo ha detto il Papa all'Angelus. L'omaggio all'eroicit\u00e0 del personale sanitario","og_url":"https:\/\/exaudi.org\/it\/e-triste-vedere-popoli-cristiani-che-pensano-a-farsi-guerra\/","og_site_name":"Exaudi","article_publisher":"https:\/\/www.facebook.com\/ExaudiNews","article_author":"https:\/\/www.facebook.com\/ExaudiNotizie\/","article_published_time":"2022-02-20T12:01:25+00:00","article_modified_time":"2022-02-20T12:08:06+00:00","og_image":[{"width":2560,"height":1707,"url":"https:\/\/exaudi.org\/wp-content\/uploads\/2022\/02\/angelus-13-febbraio-2022-scaled.jpg","type":"image\/jpeg"}],"author":"Exaudi Redazione","twitter_card":"summary_large_image","twitter_creator":"@Exaudi_Notizie","twitter_site":"@Exaudi_News","twitter_misc":{"Scritto da":"Exaudi Redazione","Tempo di lettura stimato":"7 minuti"},"schema":{"@context":"https:\/\/schema.org","@graph":[{"@type":"Article","@id":"https:\/\/exaudi.org\/it\/e-triste-vedere-popoli-cristiani-che-pensano-a-farsi-guerra\/#article","isPartOf":{"@id":"https:\/\/exaudi.org\/it\/e-triste-vedere-popoli-cristiani-che-pensano-a-farsi-guerra\/"},"author":{"name":"Exaudi Redazione","@id":"https:\/\/exaudi.org\/#\/schema\/person\/e1ab6ed07c01774724dd96f925f3a5f0"},"headline":"\u00c8 triste vedere popoli cristiani che pensano a farsi guerra","datePublished":"2022-02-20T12:01:25+00:00","dateModified":"2022-02-20T12:08:06+00:00","mainEntityOfPage":{"@id":"https:\/\/exaudi.org\/it\/e-triste-vedere-popoli-cristiani-che-pensano-a-farsi-guerra\/"},"wordCount":1206,"image":{"@id":"https:\/\/exaudi.org\/it\/e-triste-vedere-popoli-cristiani-che-pensano-a-farsi-guerra\/#primaryimage"},"thumbnailUrl":"https:\/\/exaudi.org\/wp-content\/uploads\/2022\/02\/angelus-13-febbraio-2022-scaled.jpg","keywords":["\u00e1ngelus","Featured","guerra","Papa Francesco"],"articleSection":["Leone XIV"],"inLanguage":"it-IT"},{"@type":"WebPage","@id":"https:\/\/exaudi.org\/it\/e-triste-vedere-popoli-cristiani-che-pensano-a-farsi-guerra\/","url":"https:\/\/exaudi.org\/it\/e-triste-vedere-popoli-cristiani-che-pensano-a-farsi-guerra\/","name":"\u00c8 triste vedere popoli cristiani che pensano a farsi guerra &#8211; Exaudi","isPartOf":{"@id":"https:\/\/exaudi.org\/#website"},"primaryImageOfPage":{"@id":"https:\/\/exaudi.org\/it\/e-triste-vedere-popoli-cristiani-che-pensano-a-farsi-guerra\/#primaryimage"},"image":{"@id":"https:\/\/exaudi.org\/it\/e-triste-vedere-popoli-cristiani-che-pensano-a-farsi-guerra\/#primaryimage"},"thumbnailUrl":"https:\/\/exaudi.org\/wp-content\/uploads\/2022\/02\/angelus-13-febbraio-2022-scaled.jpg","datePublished":"2022-02-20T12:01:25+00:00","dateModified":"2022-02-20T12:08:06+00:00","author":{"@id":"https:\/\/exaudi.org\/#\/schema\/person\/e1ab6ed07c01774724dd96f925f3a5f0"},"description":"\u00c8 triste vedere popoli cristiani che pensano a farsi guerra: lo ha detto il Papa all'Angelus. L'omaggio all'eroicit\u00e0 del personale sanitario","breadcrumb":{"@id":"https:\/\/exaudi.org\/it\/e-triste-vedere-popoli-cristiani-che-pensano-a-farsi-guerra\/#breadcrumb"},"inLanguage":"it-IT","potentialAction":[{"@type":"ReadAction","target":["https:\/\/exaudi.org\/it\/e-triste-vedere-popoli-cristiani-che-pensano-a-farsi-guerra\/"]}]},{"@type":"ImageObject","inLanguage":"it-IT","@id":"https:\/\/exaudi.org\/it\/e-triste-vedere-popoli-cristiani-che-pensano-a-farsi-guerra\/#primaryimage","url":"https:\/\/exaudi.org\/wp-content\/uploads\/2022\/02\/angelus-13-febbraio-2022-scaled.jpg","contentUrl":"https:\/\/exaudi.org\/wp-content\/uploads\/2022\/02\/angelus-13-febbraio-2022-scaled.jpg","width":2560,"height":1707,"caption":"(C) Vatican Media"},{"@type":"BreadcrumbList","@id":"https:\/\/exaudi.org\/it\/e-triste-vedere-popoli-cristiani-che-pensano-a-farsi-guerra\/#breadcrumb","itemListElement":[{"@type":"ListItem","position":1,"name":"Portada","item":"https:\/\/exaudi.org\/it\/"},{"@type":"ListItem","position":2,"name":"\u00c8 triste vedere popoli cristiani che pensano a farsi guerra"}]},{"@type":"WebSite","@id":"https:\/\/exaudi.org\/#website","url":"https:\/\/exaudi.org\/","name":"Exaudi","description":"News","potentialAction":[{"@type":"SearchAction","target":{"@type":"EntryPoint","urlTemplate":"https:\/\/exaudi.org\/?s={search_term_string}"},"query-input":{"@type":"PropertyValueSpecification","valueRequired":true,"valueName":"search_term_string"}}],"inLanguage":"it-IT"},{"@type":"Person","@id":"https:\/\/exaudi.org\/#\/schema\/person\/e1ab6ed07c01774724dd96f925f3a5f0","name":"Exaudi Redazione","image":{"@type":"ImageObject","inLanguage":"it-IT","@id":"https:\/\/secure.gravatar.com\/avatar\/ad6774b3ada023bf5b939d64f45c94b3adf91502dd883507d469b4308a943bb3?s=96&d=mm&r=g","url":"https:\/\/secure.gravatar.com\/avatar\/ad6774b3ada023bf5b939d64f45c94b3adf91502dd883507d469b4308a943bb3?s=96&d=mm&r=g","contentUrl":"https:\/\/secure.gravatar.com\/avatar\/ad6774b3ada023bf5b939d64f45c94b3adf91502dd883507d469b4308a943bb3?s=96&d=mm&r=g","caption":"Exaudi Redazione"},"description":"Che cosa \u00e8 Exaudi News? Exaudi News \u00e8 un agenzia cattolica internazionale che informa, istruisce e trasforma quotidianamente in spagnolo, inglese e italiano. Attraverso notizie, articoli di analisi e trasmissioni in diretta degli eventi del Papa, Exaudi cerca di rafforzare l'unit\u00e0 dei cristiani e di contribuire all'evangelizzazione del mondo, sempre guidato dalla dottrina sociale della Chiesa. Lavoriamo per portare la verit\u00e0 e i valori cristiani in ogni angolo del pianeta. Aiutaci a trasformare il mondo con Exaudi! Noi di Exaudi crediamo che l'evangelizzazione e l'informazione di qualit\u00e0 possano cambiare la vita. Per continuare la nostra missione ed espandere la nostra portata, abbiamo bisogno del tuo aiuto. Stiamo anche cercando persone motivate che vogliano unirsi al nostro team. Grazie al vostro sostegno raggiungeremo pi\u00f9 persone, diffonderemo il messaggio di Cristo e rafforzeremo l'unit\u00e0 dei cristiani. Vuoi unirti alla nostra missione? Per maggiori informazioni su come contribuire, visita Exaudi.org\/it o contattaci direttamente: info@exaudi.org Exaudi: informa, forma e trasforma.","sameAs":["https:\/\/www.facebook.com\/ExaudiNotizie\/","https:\/\/www.instagram.com\/Exaudi_notizie\/","https:\/\/x.com\/Exaudi_Notizie","https:\/\/www.youtube.com\/@exaudicatholicnews"],"url":"https:\/\/exaudi.org\/it\/author\/dlvedi-org\/"}]}},"jetpack_featured_media_url":"https:\/\/exaudi.org\/wp-content\/uploads\/2022\/02\/angelus-13-febbraio-2022-scaled.jpg","jetpack_shortlink":"https:\/\/wp.me\/pgKjF2-dGL","_links":{"self":[{"href":"https:\/\/exaudi.org\/it\/wp-json\/wp\/v2\/posts\/52623","targetHints":{"allow":["GET"]}}],"collection":[{"href":"https:\/\/exaudi.org\/it\/wp-json\/wp\/v2\/posts"}],"about":[{"href":"https:\/\/exaudi.org\/it\/wp-json\/wp\/v2\/types\/post"}],"author":[{"embeddable":true,"href":"https:\/\/exaudi.org\/it\/wp-json\/wp\/v2\/users\/17"}],"replies":[{"embeddable":true,"href":"https:\/\/exaudi.org\/it\/wp-json\/wp\/v2\/comments?post=52623"}],"version-history":[{"count":0,"href":"https:\/\/exaudi.org\/it\/wp-json\/wp\/v2\/posts\/52623\/revisions"}],"wp:featuredmedia":[{"embeddable":true,"href":"https:\/\/exaudi.org\/it\/wp-json\/wp\/v2\/media\/52624"}],"wp:attachment":[{"href":"https:\/\/exaudi.org\/it\/wp-json\/wp\/v2\/media?parent=52623"}],"wp:term":[{"taxonomy":"category","embeddable":true,"href":"https:\/\/exaudi.org\/it\/wp-json\/wp\/v2\/categories?post=52623"},{"taxonomy":"post_tag","embeddable":true,"href":"https:\/\/exaudi.org\/it\/wp-json\/wp\/v2\/tags?post=52623"}],"curies":[{"name":"wp","href":"https:\/\/api.w.org\/{rel}","templated":true}]}}