{"id":52307,"date":"2022-02-16T13:30:18","date_gmt":"2022-02-16T12:30:18","guid":{"rendered":"https:\/\/exaudi.org\/?p=52307"},"modified":"2022-02-16T13:31:52","modified_gmt":"2022-02-16T12:31:52","slug":"eutanasia-un-punto-a-favore-della-vita","status":"publish","type":"post","link":"https:\/\/exaudi.org\/it\/eutanasia-un-punto-a-favore-della-vita\/","title":{"rendered":"Eutanasia: un punto a favore della vita"},"content":{"rendered":"<p>La vita \u00e8 un diritto, non la morte. Le parole pronunciate da Papa Francesco nel corso dell\u2019<a href=\"https:\/\/exaudi.org\/it\/la-vita-e-un-diritto-non-la-morte\/\">udienza generale<\/a> di mercoled\u00ec 9 febbraio contro l&#8217;eutanasia dovrebbero essere scolpite nel marmo. Non solo perch\u00e9 sono state pronunciate dal leader mondiale dei cattolici, da un\u2019autorit\u00e0 morale universalmente riconosciuta. Prima ancora, perch\u00e9 sono parole di buon senso e profondamente intrise di umanit\u00e0.<\/p>\n<h2>Tutela minima della vita<\/h2>\n<p>Non pu\u00f2 che essere accolta con favore, pertanto, la decisione della <a href=\"https:\/\/www.cortecostituzionale.it\/default.do\">Corte Costituzionale<\/a> italiana. E&#8217; inammissibile il referendum che puntava a depenalizzare l\u2019omicidio del consenziente. In parole povere, se fosse passato il referendum, chiunque avrebbe potuto uccidere un familiare o un amico che, poniamo in un momento di sconforto, avesse manifestato l\u2019intenzione di morire. Bisogner\u00e0 attendere il deposito della sentenza ma intanto la Corte ha sancito che esiste una \u201ctutela minima costituzionalmente necessaria della vita umana, in generale, e con particolare riferimento alle persone deboli e vulnerabili\u201d.<\/p>\n<h2>Potenziare le cure palliative<\/h2>\n<p>Un passo avanti importante, una vittoria della vita nei confronti di quella cultura dello scarto che vede nella morte l\u2019unica soluzione. Morire con dignit\u00e0 \u00e8 un\u2019altra cosa. Chi si trova nella fase conclusiva della vita ha bisogno di essere accompagnato, assistito sul piano umano, sanitario, psicologico e spirituale. Questa \u00e8 una morte degna, e su questa strada c\u2019\u00e8 ancora molto da fare. A cominciare dal potenziamento delle cure palliative e della terapia del dolore. Ma anche dell\u2019assistenza ai familiari dei malati terminali. Su questo fronte dovrebbe impegnarsi il Parlamento, investendo energie e risorse. Non nella scorciatoia comoda della morte facile, che \u00e8 sempre una sconfitta.<\/p>\n<h2>La battaglia sull&#8217;eutanasia non \u00e8 finita<\/h2>\n<p>Non illudiamoci: la battaglia non \u00e8 conclusa, i promotori del referendum sono pronti a tornare alla carica. Per questo serve agire e legiferare in positivo, togliendo armi e strumenti ai fautori dell\u2019eutanasia in tutte le sue forme. Il presidente della Cei cardinale Bassetti aveva pi\u00f9 volte espresso la sua preoccupazione per il referendum. Ora i vescovi italiani non nascondono la soddisfazione per la pronuncia della Consulta: \u201c\u00c8 un invito ben preciso a non marginalizzare mai l\u2019impegno della societ\u00e0, nel suo complesso, a offrire il sostegno necessario per superare o alleviare la situazione di sofferenza o disagio\u201d. Occorre dunque \u201crivolgere maggiormente l\u2019attenzione verso coloro che, in condizioni di fragilit\u00e0 o vulnerabilit\u00e0, chiedono di essere trattati con dignit\u00e0 e accompagnati con rispetto e amore\u201d.<\/p>\n<p>L\u2019impegno per la tutela della vita continua. Non si tratta di una guerra ideologica. \u00c8 un compito che va portato avanti come autentico servizio per l\u2019uomo e per la vera dignit\u00e0 di chi soffre. La soluzione non \u00e8 l&#8217;eutanasia.<\/p>\n","protected":false},"excerpt":{"rendered":"<p>Inammissibile per la Corte Costituzionale il referendum sulla depenalizzazione dell\u2019omicidio del consenziente. Ma la battaglia non \u00e8 finita <\/p>\n","protected":false},"author":18,"featured_media":52309,"comment_status":"closed","ping_status":"closed","sticky":false,"template":"","format":"standard","meta":{"_acf_changed":false,"inline_featured_image":false,"_wpcom_ai_launchpad_first_post":false,"footnotes":"","jetpack_post_was_ever_published":false},"categories":[71],"tags":[349,5906,5907,3194,3735,4952],"class_list":["post-52307","post","type-post","status-publish","format-standard","has-post-thumbnail","hentry","category-analisi","tag-cei","tag-corte-costituzionale","tag-cure-palliative","tag-eutanasia-it","tag-referendum","tag-trending-it"],"acf":[],"yoast_head":"<!-- This site is optimized with the Yoast SEO plugin v28.4 - https:\/\/yoast.com\/product\/yoast-seo-wordpress\/ -->\n<title>Eutanasia: un punto a favore della vita &#8211; Exaudi<\/title>\n<meta name=\"description\" content=\"Eutanasia, \u00e8 inammissibile per la Corte Costituzionale il referendum sulla depenalizzazione dell\u2019omicidio del consenziente\" \/>\n<meta name=\"robots\" content=\"index, follow, max-snippet:-1, max-image-preview:large, max-video-preview:-1\" \/>\n<link rel=\"canonical\" href=\"https:\/\/exaudi.org\/it\/eutanasia-un-punto-a-favore-della-vita\/\" \/>\n<meta property=\"og:locale\" content=\"it_IT\" \/>\n<meta property=\"og:type\" content=\"article\" \/>\n<meta property=\"og:title\" content=\"Eutanasia: un punto a favore della vita &#8211; Exaudi\" \/>\n<meta property=\"og:description\" content=\"Eutanasia, \u00e8 inammissibile per la Corte Costituzionale il referendum sulla depenalizzazione dell\u2019omicidio del consenziente\" \/>\n<meta property=\"og:url\" content=\"https:\/\/exaudi.org\/it\/eutanasia-un-punto-a-favore-della-vita\/\" \/>\n<meta property=\"og:site_name\" content=\"Exaudi\" \/>\n<meta property=\"article:publisher\" content=\"https:\/\/www.facebook.com\/ExaudiNews\" \/>\n<meta property=\"article:published_time\" content=\"2022-02-16T12:30:18+00:00\" \/>\n<meta property=\"article:modified_time\" content=\"2022-02-16T12:31:52+00:00\" \/>\n<meta property=\"og:image\" content=\"https:\/\/exaudi.org\/wp-content\/uploads\/2022\/02\/consulta.jpg\" \/>\n\t<meta property=\"og:image:width\" content=\"414\" \/>\n\t<meta property=\"og:image:height\" content=\"237\" \/>\n\t<meta property=\"og:image:type\" content=\"image\/jpeg\" \/>\n<meta name=\"author\" content=\"Andrea Acali\" \/>\n<meta name=\"twitter:card\" content=\"summary_large_image\" \/>\n<meta name=\"twitter:creator\" content=\"@Exaudi_News\" \/>\n<meta name=\"twitter:site\" content=\"@Exaudi_News\" \/>\n<meta name=\"twitter:label1\" content=\"Scritto da\" \/>\n\t<meta name=\"twitter:data1\" content=\"Andrea Acali\" \/>\n\t<meta name=\"twitter:label2\" content=\"Tempo di lettura stimato\" \/>\n\t<meta name=\"twitter:data2\" content=\"3 minuti\" \/>\n<script type=\"application\/ld+json\" class=\"yoast-schema-graph\">{\"@context\":\"https:\\\/\\\/schema.org\",\"@graph\":[{\"@type\":\"Article\",\"@id\":\"https:\\\/\\\/exaudi.org\\\/it\\\/eutanasia-un-punto-a-favore-della-vita\\\/#article\",\"isPartOf\":{\"@id\":\"https:\\\/\\\/exaudi.org\\\/it\\\/eutanasia-un-punto-a-favore-della-vita\\\/\"},\"author\":{\"name\":\"Andrea Acali\",\"@id\":\"https:\\\/\\\/exaudi.org\\\/#\\\/schema\\\/person\\\/127735be832481a6d3c410c5837bb61a\"},\"headline\":\"Eutanasia: un punto a favore della vita\",\"datePublished\":\"2022-02-16T12:30:18+00:00\",\"dateModified\":\"2022-02-16T12:31:52+00:00\",\"mainEntityOfPage\":{\"@id\":\"https:\\\/\\\/exaudi.org\\\/it\\\/eutanasia-un-punto-a-favore-della-vita\\\/\"},\"wordCount\":437,\"image\":{\"@id\":\"https:\\\/\\\/exaudi.org\\\/it\\\/eutanasia-un-punto-a-favore-della-vita\\\/#primaryimage\"},\"thumbnailUrl\":\"https:\\\/\\\/i0.wp.com\\\/exaudi.org\\\/wp-content\\\/uploads\\\/2022\\\/02\\\/consulta.jpg?fit=414%2C237&ssl=1\",\"keywords\":[\"Cei\",\"corte costituzionale\",\"cure palliative\",\"Eutanasia\",\"referendum\",\"Trending\"],\"articleSection\":[\"Analisi\"],\"inLanguage\":\"it-IT\"},{\"@type\":\"WebPage\",\"@id\":\"https:\\\/\\\/exaudi.org\\\/it\\\/eutanasia-un-punto-a-favore-della-vita\\\/\",\"url\":\"https:\\\/\\\/exaudi.org\\\/it\\\/eutanasia-un-punto-a-favore-della-vita\\\/\",\"name\":\"Eutanasia: un punto a favore della vita &#8211; Exaudi\",\"isPartOf\":{\"@id\":\"https:\\\/\\\/exaudi.org\\\/#website\"},\"primaryImageOfPage\":{\"@id\":\"https:\\\/\\\/exaudi.org\\\/it\\\/eutanasia-un-punto-a-favore-della-vita\\\/#primaryimage\"},\"image\":{\"@id\":\"https:\\\/\\\/exaudi.org\\\/it\\\/eutanasia-un-punto-a-favore-della-vita\\\/#primaryimage\"},\"thumbnailUrl\":\"https:\\\/\\\/i0.wp.com\\\/exaudi.org\\\/wp-content\\\/uploads\\\/2022\\\/02\\\/consulta.jpg?fit=414%2C237&ssl=1\",\"datePublished\":\"2022-02-16T12:30:18+00:00\",\"dateModified\":\"2022-02-16T12:31:52+00:00\",\"author\":{\"@id\":\"https:\\\/\\\/exaudi.org\\\/#\\\/schema\\\/person\\\/127735be832481a6d3c410c5837bb61a\"},\"description\":\"Eutanasia, \u00e8 inammissibile per la Corte Costituzionale il referendum sulla depenalizzazione dell\u2019omicidio del consenziente\",\"breadcrumb\":{\"@id\":\"https:\\\/\\\/exaudi.org\\\/it\\\/eutanasia-un-punto-a-favore-della-vita\\\/#breadcrumb\"},\"inLanguage\":\"it-IT\",\"potentialAction\":[{\"@type\":\"ReadAction\",\"target\":[\"https:\\\/\\\/exaudi.org\\\/it\\\/eutanasia-un-punto-a-favore-della-vita\\\/\"]}]},{\"@type\":\"ImageObject\",\"inLanguage\":\"it-IT\",\"@id\":\"https:\\\/\\\/exaudi.org\\\/it\\\/eutanasia-un-punto-a-favore-della-vita\\\/#primaryimage\",\"url\":\"https:\\\/\\\/i0.wp.com\\\/exaudi.org\\\/wp-content\\\/uploads\\\/2022\\\/02\\\/consulta.jpg?fit=414%2C237&ssl=1\",\"contentUrl\":\"https:\\\/\\\/i0.wp.com\\\/exaudi.org\\\/wp-content\\\/uploads\\\/2022\\\/02\\\/consulta.jpg?fit=414%2C237&ssl=1\",\"width\":414,\"height\":237,\"caption\":\"La Corte Costituzionale\"},{\"@type\":\"BreadcrumbList\",\"@id\":\"https:\\\/\\\/exaudi.org\\\/it\\\/eutanasia-un-punto-a-favore-della-vita\\\/#breadcrumb\",\"itemListElement\":[{\"@type\":\"ListItem\",\"position\":1,\"name\":\"Portada\",\"item\":\"https:\\\/\\\/exaudi.org\\\/it\\\/\"},{\"@type\":\"ListItem\",\"position\":2,\"name\":\"Eutanasia: un punto a favore della vita\"}]},{\"@type\":\"WebSite\",\"@id\":\"https:\\\/\\\/exaudi.org\\\/#website\",\"url\":\"https:\\\/\\\/exaudi.org\\\/\",\"name\":\"Exaudi\",\"description\":\"News\",\"potentialAction\":[{\"@type\":\"SearchAction\",\"target\":{\"@type\":\"EntryPoint\",\"urlTemplate\":\"https:\\\/\\\/exaudi.org\\\/?s={search_term_string}\"},\"query-input\":{\"@type\":\"PropertyValueSpecification\",\"valueRequired\":true,\"valueName\":\"search_term_string\"}}],\"inLanguage\":\"it-IT\"},{\"@type\":\"Person\",\"@id\":\"https:\\\/\\\/exaudi.org\\\/#\\\/schema\\\/person\\\/127735be832481a6d3c410c5837bb61a\",\"name\":\"Andrea Acali\",\"image\":{\"@type\":\"ImageObject\",\"inLanguage\":\"it-IT\",\"@id\":\"https:\\\/\\\/secure.gravatar.com\\\/avatar\\\/2abf8e528c4f8c571ab456e5ef9ac66b04b987863e3ab3fd9546150699bb9259?s=96&d=mm&r=g\",\"url\":\"https:\\\/\\\/secure.gravatar.com\\\/avatar\\\/2abf8e528c4f8c571ab456e5ef9ac66b04b987863e3ab3fd9546150699bb9259?s=96&d=mm&r=g\",\"contentUrl\":\"https:\\\/\\\/secure.gravatar.com\\\/avatar\\\/2abf8e528c4f8c571ab456e5ef9ac66b04b987863e3ab3fd9546150699bb9259?s=96&d=mm&r=g\",\"caption\":\"Andrea Acali\"},\"description\":\"Andrea Acali es un periodista y comunicador italiano con una larga trayectoria en el \u00e1mbito de la informaci\u00f3n religiosa, social y deportiva. Durante casi treinta a\u00f1os trabaj\u00f3 en el diario Il Tempo como vaticanista y jefe de secci\u00f3n, especializ\u00e1ndose en la cobertura de la actualidad del Vaticano y de la Iglesia cat\u00f3lica. Desde 2016 colabora como periodista web en RomaSette y tambi\u00e9n escribe para el peri\u00f3dico Avvenire. Desde 2019 ejerce como comunicador en la Delegazione della Generalitat de Catalunya in Italia, con sede en Roma, donde combina su experiencia period\u00edstica con la comunicaci\u00f3n institucional\",\"sameAs\":[\"https:\\\/\\\/www.linkedin.com\\\/in\\\/andrea-acali-505567125\\\/?originalSubdomain=it\"],\"url\":\"https:\\\/\\\/exaudi.org\\\/it\\\/author\\\/aacaliexaudi-org\\\/\"}]}<\/script>\n<!-- \/ Yoast SEO plugin. -->","yoast_head_json":{"title":"Eutanasia: un punto a favore della vita &#8211; Exaudi","description":"Eutanasia, \u00e8 inammissibile per la Corte Costituzionale il referendum sulla depenalizzazione dell\u2019omicidio del consenziente","robots":{"index":"index","follow":"follow","max-snippet":"max-snippet:-1","max-image-preview":"max-image-preview:large","max-video-preview":"max-video-preview:-1"},"canonical":"https:\/\/exaudi.org\/it\/eutanasia-un-punto-a-favore-della-vita\/","og_locale":"it_IT","og_type":"article","og_title":"Eutanasia: un punto a favore della vita &#8211; Exaudi","og_description":"Eutanasia, \u00e8 inammissibile per la Corte Costituzionale il referendum sulla depenalizzazione dell\u2019omicidio del consenziente","og_url":"https:\/\/exaudi.org\/it\/eutanasia-un-punto-a-favore-della-vita\/","og_site_name":"Exaudi","article_publisher":"https:\/\/www.facebook.com\/ExaudiNews","article_published_time":"2022-02-16T12:30:18+00:00","article_modified_time":"2022-02-16T12:31:52+00:00","og_image":[{"width":414,"height":237,"url":"https:\/\/exaudi.org\/wp-content\/uploads\/2022\/02\/consulta.jpg","type":"image\/jpeg"}],"author":"Andrea Acali","twitter_card":"summary_large_image","twitter_creator":"@Exaudi_News","twitter_site":"@Exaudi_News","twitter_misc":{"Scritto da":"Andrea Acali","Tempo di lettura stimato":"3 minuti"},"schema":{"@context":"https:\/\/schema.org","@graph":[{"@type":"Article","@id":"https:\/\/exaudi.org\/it\/eutanasia-un-punto-a-favore-della-vita\/#article","isPartOf":{"@id":"https:\/\/exaudi.org\/it\/eutanasia-un-punto-a-favore-della-vita\/"},"author":{"name":"Andrea Acali","@id":"https:\/\/exaudi.org\/#\/schema\/person\/127735be832481a6d3c410c5837bb61a"},"headline":"Eutanasia: un punto a favore della vita","datePublished":"2022-02-16T12:30:18+00:00","dateModified":"2022-02-16T12:31:52+00:00","mainEntityOfPage":{"@id":"https:\/\/exaudi.org\/it\/eutanasia-un-punto-a-favore-della-vita\/"},"wordCount":437,"image":{"@id":"https:\/\/exaudi.org\/it\/eutanasia-un-punto-a-favore-della-vita\/#primaryimage"},"thumbnailUrl":"https:\/\/i0.wp.com\/exaudi.org\/wp-content\/uploads\/2022\/02\/consulta.jpg?fit=414%2C237&ssl=1","keywords":["Cei","corte costituzionale","cure palliative","Eutanasia","referendum","Trending"],"articleSection":["Analisi"],"inLanguage":"it-IT"},{"@type":"WebPage","@id":"https:\/\/exaudi.org\/it\/eutanasia-un-punto-a-favore-della-vita\/","url":"https:\/\/exaudi.org\/it\/eutanasia-un-punto-a-favore-della-vita\/","name":"Eutanasia: un punto a favore della vita &#8211; Exaudi","isPartOf":{"@id":"https:\/\/exaudi.org\/#website"},"primaryImageOfPage":{"@id":"https:\/\/exaudi.org\/it\/eutanasia-un-punto-a-favore-della-vita\/#primaryimage"},"image":{"@id":"https:\/\/exaudi.org\/it\/eutanasia-un-punto-a-favore-della-vita\/#primaryimage"},"thumbnailUrl":"https:\/\/i0.wp.com\/exaudi.org\/wp-content\/uploads\/2022\/02\/consulta.jpg?fit=414%2C237&ssl=1","datePublished":"2022-02-16T12:30:18+00:00","dateModified":"2022-02-16T12:31:52+00:00","author":{"@id":"https:\/\/exaudi.org\/#\/schema\/person\/127735be832481a6d3c410c5837bb61a"},"description":"Eutanasia, \u00e8 inammissibile per la Corte Costituzionale il referendum sulla depenalizzazione dell\u2019omicidio del consenziente","breadcrumb":{"@id":"https:\/\/exaudi.org\/it\/eutanasia-un-punto-a-favore-della-vita\/#breadcrumb"},"inLanguage":"it-IT","potentialAction":[{"@type":"ReadAction","target":["https:\/\/exaudi.org\/it\/eutanasia-un-punto-a-favore-della-vita\/"]}]},{"@type":"ImageObject","inLanguage":"it-IT","@id":"https:\/\/exaudi.org\/it\/eutanasia-un-punto-a-favore-della-vita\/#primaryimage","url":"https:\/\/i0.wp.com\/exaudi.org\/wp-content\/uploads\/2022\/02\/consulta.jpg?fit=414%2C237&ssl=1","contentUrl":"https:\/\/i0.wp.com\/exaudi.org\/wp-content\/uploads\/2022\/02\/consulta.jpg?fit=414%2C237&ssl=1","width":414,"height":237,"caption":"La Corte Costituzionale"},{"@type":"BreadcrumbList","@id":"https:\/\/exaudi.org\/it\/eutanasia-un-punto-a-favore-della-vita\/#breadcrumb","itemListElement":[{"@type":"ListItem","position":1,"name":"Portada","item":"https:\/\/exaudi.org\/it\/"},{"@type":"ListItem","position":2,"name":"Eutanasia: un punto a favore della vita"}]},{"@type":"WebSite","@id":"https:\/\/exaudi.org\/#website","url":"https:\/\/exaudi.org\/","name":"Exaudi","description":"News","potentialAction":[{"@type":"SearchAction","target":{"@type":"EntryPoint","urlTemplate":"https:\/\/exaudi.org\/?s={search_term_string}"},"query-input":{"@type":"PropertyValueSpecification","valueRequired":true,"valueName":"search_term_string"}}],"inLanguage":"it-IT"},{"@type":"Person","@id":"https:\/\/exaudi.org\/#\/schema\/person\/127735be832481a6d3c410c5837bb61a","name":"Andrea Acali","image":{"@type":"ImageObject","inLanguage":"it-IT","@id":"https:\/\/secure.gravatar.com\/avatar\/2abf8e528c4f8c571ab456e5ef9ac66b04b987863e3ab3fd9546150699bb9259?s=96&d=mm&r=g","url":"https:\/\/secure.gravatar.com\/avatar\/2abf8e528c4f8c571ab456e5ef9ac66b04b987863e3ab3fd9546150699bb9259?s=96&d=mm&r=g","contentUrl":"https:\/\/secure.gravatar.com\/avatar\/2abf8e528c4f8c571ab456e5ef9ac66b04b987863e3ab3fd9546150699bb9259?s=96&d=mm&r=g","caption":"Andrea Acali"},"description":"Andrea Acali es un periodista y comunicador italiano con una larga trayectoria en el \u00e1mbito de la informaci\u00f3n religiosa, social y deportiva. Durante casi treinta a\u00f1os trabaj\u00f3 en el diario Il Tempo como vaticanista y jefe de secci\u00f3n, especializ\u00e1ndose en la cobertura de la actualidad del Vaticano y de la Iglesia cat\u00f3lica. Desde 2016 colabora como periodista web en RomaSette y tambi\u00e9n escribe para el peri\u00f3dico Avvenire. Desde 2019 ejerce como comunicador en la Delegazione della Generalitat de Catalunya in Italia, con sede en Roma, donde combina su experiencia period\u00edstica con la comunicaci\u00f3n institucional","sameAs":["https:\/\/www.linkedin.com\/in\/andrea-acali-505567125\/?originalSubdomain=it"],"url":"https:\/\/exaudi.org\/it\/author\/aacaliexaudi-org\/"}]}},"jetpack_shortlink":"https:\/\/wp.me\/pgKjF2-dBF","jetpack_featured_media_url":"https:\/\/i0.wp.com\/exaudi.org\/wp-content\/uploads\/2022\/02\/consulta.jpg?fit=414%2C237&ssl=1","_links":{"self":[{"href":"https:\/\/exaudi.org\/it\/wp-json\/wp\/v2\/posts\/52307","targetHints":{"allow":["GET"]}}],"collection":[{"href":"https:\/\/exaudi.org\/it\/wp-json\/wp\/v2\/posts"}],"about":[{"href":"https:\/\/exaudi.org\/it\/wp-json\/wp\/v2\/types\/post"}],"author":[{"embeddable":true,"href":"https:\/\/exaudi.org\/it\/wp-json\/wp\/v2\/users\/18"}],"replies":[{"embeddable":true,"href":"https:\/\/exaudi.org\/it\/wp-json\/wp\/v2\/comments?post=52307"}],"version-history":[{"count":0,"href":"https:\/\/exaudi.org\/it\/wp-json\/wp\/v2\/posts\/52307\/revisions"}],"wp:featuredmedia":[{"embeddable":true,"href":"https:\/\/exaudi.org\/it\/wp-json\/wp\/v2\/media\/52309"}],"wp:attachment":[{"href":"https:\/\/exaudi.org\/it\/wp-json\/wp\/v2\/media?parent=52307"}],"wp:term":[{"taxonomy":"category","embeddable":true,"href":"https:\/\/exaudi.org\/it\/wp-json\/wp\/v2\/categories?post=52307"},{"taxonomy":"post_tag","embeddable":true,"href":"https:\/\/exaudi.org\/it\/wp-json\/wp\/v2\/tags?post=52307"}],"curies":[{"name":"wp","href":"https:\/\/api.w.org\/{rel}","templated":true}]}}