{"id":52050,"date":"2022-02-14T13:11:17","date_gmt":"2022-02-14T12:11:17","guid":{"rendered":"https:\/\/exaudi.org\/?p=52050"},"modified":"2022-02-14T13:11:17","modified_gmt":"2022-02-14T12:11:17","slug":"gli-orionini-in-ucraina-tensione-alle-stelle-ma-decisi-a-restare","status":"publish","type":"post","link":"https:\/\/exaudi.org\/it\/gli-orionini-in-ucraina-tensione-alle-stelle-ma-decisi-a-restare\/","title":{"rendered":"Gli orionini in Ucraina: \u201cTensione alle stelle ma decisi a restare\u201d"},"content":{"rendered":"<p>Le notizie provenienti dall\u2019Ucraina sul possibile imminente scoppio di un conflitto sono sempre pi\u00f9 preoccupanti. L\u2019Opera Don Orione nello scorso mese di ottobre ha celebrato i <a href=\"https:\/\/www.donorioneitalia.it\/2021\/10\/ucraina-ventanni-di-presenza-orionina\/?cookie-state-change=1644840556774\">vent&#8217;anni di presenza<\/a> in Ucraina. Proprio attraverso la voce di uno dei missionari orionini a Kiev, don Moreno Cattelan, arrivano informazioni sulla situazione che si sta vivendo nel paese.<\/p>\n<h2>Notizie allarmanti<\/h2>\n<p>\u201cLe notizie \u2013 scrive don Cattelan \u2013 che arrivano dai mass-media sono allarmanti e creano un clima di allerta e preoccupazione. La Farnesina ha chiesto agli italiani di lasciare in Paese, in via precauzionale. Il Presidente e il governo ucraino hanno chiesto pi\u00f9 volte in questi giorni di mantenere la calma e di evitare il panico. Si sta creando un clima di terrore che non aiuta di certo la popolazione. Al momento \u00e8 cruciale restare calmi, uniti all\u2019interno del Paese, evitare azioni destabilizzanti che creino panico e divisione\u201d.<\/p>\n<p>\u201cQui a Kiev \u2013 continua \u2013 la vita trascorre come tutti gli altri giorni, normale. Lavoro, scuola, anche se alcune classi sono ridotte o chiuse per Covid. Si sta organizzando qualche manifestazione in piazza. Aleggia certo la minaccia della guerra\u2026 ma noi per il momento siamo determinati a restare. Non ha senso abbandonare la nostra gente proprio ora. Siamo qui per creare con il popolo ucraino un clima di speranza e fiducia nel futuro\u201d.<\/p>\n<h2>Tensione alle stelle<\/h2>\n<p>\u201cIn queste ultime ore \u2013 conclude don Cattelan \u2013 la tensione \u00e8 alle stelle. Noi cerchiamo di stare calmi e ragionevoli, certo pronti a qualsiasi scenario. Ci sostiene la ragionevolezza e la speranza della pace! Vi invitiamo tutti alla preghiera. A tenere accesa la fiaccola della speranza. Quando la via diplomatica sembra difficile, o addirittura impossibile, noi cristiani sappiamo che la storia \u00e8 guidata da Dio. E sar\u00e0 Dio a toccare i cuori dei potenti, dei capi dei governi, di chi ha potere decisionale perch\u00e9 anche questo conflitto possa essere risolto per il bene di tutti. Grazie a tutti per l\u2019attenzione, la condivisa preoccupazione e la preghiera\u00bb.<\/p>\n<h2>L\u2019appello della Cei<\/h2>\n<p>Dopo l&#8217;ennesimo <a href=\"https:\/\/exaudi.org\/it\/ucraina-il-papa-affida-la-pace-alla-madonna\/\">appello del Papa<\/a> all&#8217;Angelus, anche la presidenza della Conferenza episcopale italiana invita alla preghiera. \u201cQuanto sta accadendo al confine tra Ucraina e Russia preoccupa il mondo intero \u2013 si legge in una nota &#8211; Il rischio concreto di una guerra, o anche solo l\u2019ipotesi che si possa scatenare un conflitto, turba gli animi, scuote le coscienze, aggiunge preoccupazioni alle tante che l\u2019umanit\u00e0 sta gi\u00e0 vivendo per la pandemia e per le altre \u201cpandemie\u201d che attraversano il pianeta: povert\u00e0, malattie, mancanza di istruzione, conflitti locali e regionali\u2026 \u00c8 responsabilit\u00e0 di tutti, a cominciare dalle sedi politiche nazionali e internazionali, non solo scongiurare il ricorso alle armi, ma anche evitare ogni discorso di odio, ogni riferimento alla violenza, ogni forma di nazionalismo che porti al conflitto.<\/p>\n<h2>Non c\u2019\u00e8 pi\u00f9 posto per le armi<\/h2>\n<p>Non c\u2019\u00e8 pi\u00f9 posto per le armi nella storia dell\u2019umanit\u00e0! \u00c8 la convinzione che ci muove alla vigilia dell\u2019Incontro dei Vescovi e dei Sindaci del Mediterraneo che si terr\u00e0 a Firenze dal 23 al 27 febbraio.<\/p>\n<p>I popoli sono chiamati a convivere in pace. La cooperazione e il dialogo, accompagnati dalla diplomazia, siano regola e stile delle relazioni internazionali. E nel giorno in cui ricordiamo i santi Cirillo e Metodio, compatroni d\u2019Europa, facciamo appello alle comuni radici nella fede cristiana, che \u00e8 messaggio di pace, affinch\u00e9 nel Vecchio Continente ci sia sempre convivenza rispettosa, collaborazione sul piano economico, rispetto e dialogo duraturi.<\/p>\n<p>La pace \u00e8 un bene prezioso al quale l\u2019umanit\u00e0 non pu\u00f2 e non deve mai rinunciare. Invochiamo il Signore nostro Ges\u00f9 Cristo, principe della pace, e la Vergine Santissima, particolarmente venerata in Ucraina nella Basilica della Madre di Dio di Zarvanytsia, perch\u00e9 sia risparmiato un terribile flagello. Invitiamo tutte le Chiese d\u2019Italia ad unirsi a questa intenzione di preghiera.<\/p>\n","protected":false},"excerpt":{"rendered":"<p>La testimonianza del missionario don Cattelan. L\u2019appello della Cei a pregare per la pace in tutte le Chiese d\u2019Italia<\/p>\n","protected":false},"author":17,"featured_media":52051,"comment_status":"closed","ping_status":"closed","sticky":false,"template":"","format":"standard","meta":{"_acf_changed":false,"_crdt_document":"","inline_featured_image":false,"footnotes":""},"categories":[73],"tags":[349,2487,785,688,1773],"class_list":["post-52050","post","type-post","status-publish","format-standard","has-post-thumbnail","hentry","category-chiesa-e-mondo","tag-cei","tag-featured-3","tag-guerra","tag-pace","tag-ucraina"],"acf":[],"yoast_head":"<!-- This site is optimized with the Yoast SEO plugin v27.4 - https:\/\/yoast.com\/product\/yoast-seo-wordpress\/ -->\n<title>Gli orionini in Ucraina: \u201cTensione alle stelle ma decisi a restare\u201d &#8211; Exaudi<\/title>\n<meta name=\"description\" content=\"Tensione alle stelle in Ucraina ma i missionari orionini sono determinati a non abbandonare il Paese. Appello della Cei a pregare per la pace\" \/>\n<meta name=\"robots\" content=\"index, follow, max-snippet:-1, max-image-preview:large, max-video-preview:-1\" \/>\n<link rel=\"canonical\" href=\"https:\/\/exaudi.org\/it\/gli-orionini-in-ucraina-tensione-alle-stelle-ma-decisi-a-restare\/\" \/>\n<meta property=\"og:locale\" content=\"it_IT\" \/>\n<meta property=\"og:type\" content=\"article\" \/>\n<meta property=\"og:title\" content=\"Gli orionini in Ucraina: \u201cTensione alle stelle ma decisi a restare\u201d &#8211; Exaudi\" \/>\n<meta property=\"og:description\" content=\"Tensione alle stelle in Ucraina ma i missionari orionini sono determinati a non abbandonare il Paese. Appello della Cei a pregare per la pace\" \/>\n<meta property=\"og:url\" content=\"https:\/\/exaudi.org\/it\/gli-orionini-in-ucraina-tensione-alle-stelle-ma-decisi-a-restare\/\" \/>\n<meta property=\"og:site_name\" content=\"Exaudi\" \/>\n<meta property=\"article:publisher\" content=\"https:\/\/www.facebook.com\/ExaudiNews\" \/>\n<meta property=\"article:author\" content=\"https:\/\/www.facebook.com\/ExaudiNotizie\/\" \/>\n<meta property=\"article:published_time\" content=\"2022-02-14T12:11:17+00:00\" \/>\n<meta property=\"og:image\" content=\"https:\/\/exaudi.org\/wp-content\/uploads\/2022\/02\/don-moreno-cattelan.jpeg\" \/>\n\t<meta property=\"og:image:width\" content=\"960\" \/>\n\t<meta property=\"og:image:height\" content=\"667\" \/>\n\t<meta property=\"og:image:type\" content=\"image\/jpeg\" \/>\n<meta name=\"author\" content=\"Exaudi Redazione\" \/>\n<meta name=\"twitter:card\" content=\"summary_large_image\" \/>\n<meta name=\"twitter:creator\" content=\"@Exaudi_Notizie\" \/>\n<meta name=\"twitter:site\" content=\"@Exaudi_News\" \/>\n<meta name=\"twitter:label1\" content=\"Scritto da\" \/>\n\t<meta name=\"twitter:data1\" content=\"Exaudi Redazione\" \/>\n\t<meta name=\"twitter:label2\" content=\"Tempo di lettura stimato\" \/>\n\t<meta name=\"twitter:data2\" content=\"4 minuti\" \/>\n<script type=\"application\/ld+json\" class=\"yoast-schema-graph\">{\"@context\":\"https:\\\/\\\/schema.org\",\"@graph\":[{\"@type\":\"Article\",\"@id\":\"https:\\\/\\\/exaudi.org\\\/it\\\/gli-orionini-in-ucraina-tensione-alle-stelle-ma-decisi-a-restare\\\/#article\",\"isPartOf\":{\"@id\":\"https:\\\/\\\/exaudi.org\\\/it\\\/gli-orionini-in-ucraina-tensione-alle-stelle-ma-decisi-a-restare\\\/\"},\"author\":{\"name\":\"Exaudi Redazione\",\"@id\":\"https:\\\/\\\/exaudi.org\\\/#\\\/schema\\\/person\\\/e1ab6ed07c01774724dd96f925f3a5f0\"},\"headline\":\"Gli orionini in Ucraina: \u201cTensione alle stelle ma decisi a restare\u201d\",\"datePublished\":\"2022-02-14T12:11:17+00:00\",\"mainEntityOfPage\":{\"@id\":\"https:\\\/\\\/exaudi.org\\\/it\\\/gli-orionini-in-ucraina-tensione-alle-stelle-ma-decisi-a-restare\\\/\"},\"wordCount\":636,\"image\":{\"@id\":\"https:\\\/\\\/exaudi.org\\\/it\\\/gli-orionini-in-ucraina-tensione-alle-stelle-ma-decisi-a-restare\\\/#primaryimage\"},\"thumbnailUrl\":\"https:\\\/\\\/exaudi.org\\\/wp-content\\\/uploads\\\/2022\\\/02\\\/don-moreno-cattelan.jpeg\",\"keywords\":[\"Cei\",\"Featured\",\"guerra\",\"pace\",\"Ucraina\"],\"articleSection\":[\"Chiesa e Mondo\"],\"inLanguage\":\"it-IT\"},{\"@type\":\"WebPage\",\"@id\":\"https:\\\/\\\/exaudi.org\\\/it\\\/gli-orionini-in-ucraina-tensione-alle-stelle-ma-decisi-a-restare\\\/\",\"url\":\"https:\\\/\\\/exaudi.org\\\/it\\\/gli-orionini-in-ucraina-tensione-alle-stelle-ma-decisi-a-restare\\\/\",\"name\":\"Gli orionini in Ucraina: \u201cTensione alle stelle ma decisi a restare\u201d &#8211; Exaudi\",\"isPartOf\":{\"@id\":\"https:\\\/\\\/exaudi.org\\\/#website\"},\"primaryImageOfPage\":{\"@id\":\"https:\\\/\\\/exaudi.org\\\/it\\\/gli-orionini-in-ucraina-tensione-alle-stelle-ma-decisi-a-restare\\\/#primaryimage\"},\"image\":{\"@id\":\"https:\\\/\\\/exaudi.org\\\/it\\\/gli-orionini-in-ucraina-tensione-alle-stelle-ma-decisi-a-restare\\\/#primaryimage\"},\"thumbnailUrl\":\"https:\\\/\\\/exaudi.org\\\/wp-content\\\/uploads\\\/2022\\\/02\\\/don-moreno-cattelan.jpeg\",\"datePublished\":\"2022-02-14T12:11:17+00:00\",\"author\":{\"@id\":\"https:\\\/\\\/exaudi.org\\\/#\\\/schema\\\/person\\\/e1ab6ed07c01774724dd96f925f3a5f0\"},\"description\":\"Tensione alle stelle in Ucraina ma i missionari orionini sono determinati a non abbandonare il Paese. Appello della Cei a pregare per la pace\",\"breadcrumb\":{\"@id\":\"https:\\\/\\\/exaudi.org\\\/it\\\/gli-orionini-in-ucraina-tensione-alle-stelle-ma-decisi-a-restare\\\/#breadcrumb\"},\"inLanguage\":\"it-IT\",\"potentialAction\":[{\"@type\":\"ReadAction\",\"target\":[\"https:\\\/\\\/exaudi.org\\\/it\\\/gli-orionini-in-ucraina-tensione-alle-stelle-ma-decisi-a-restare\\\/\"]}]},{\"@type\":\"ImageObject\",\"inLanguage\":\"it-IT\",\"@id\":\"https:\\\/\\\/exaudi.org\\\/it\\\/gli-orionini-in-ucraina-tensione-alle-stelle-ma-decisi-a-restare\\\/#primaryimage\",\"url\":\"https:\\\/\\\/exaudi.org\\\/wp-content\\\/uploads\\\/2022\\\/02\\\/don-moreno-cattelan.jpeg\",\"contentUrl\":\"https:\\\/\\\/exaudi.org\\\/wp-content\\\/uploads\\\/2022\\\/02\\\/don-moreno-cattelan.jpeg\",\"width\":960,\"height\":667,\"caption\":\"Don Moreno Cattelan\"},{\"@type\":\"BreadcrumbList\",\"@id\":\"https:\\\/\\\/exaudi.org\\\/it\\\/gli-orionini-in-ucraina-tensione-alle-stelle-ma-decisi-a-restare\\\/#breadcrumb\",\"itemListElement\":[{\"@type\":\"ListItem\",\"position\":1,\"name\":\"Portada\",\"item\":\"https:\\\/\\\/exaudi.org\\\/it\\\/\"},{\"@type\":\"ListItem\",\"position\":2,\"name\":\"Gli orionini in Ucraina: \u201cTensione alle stelle ma decisi a restare\u201d\"}]},{\"@type\":\"WebSite\",\"@id\":\"https:\\\/\\\/exaudi.org\\\/#website\",\"url\":\"https:\\\/\\\/exaudi.org\\\/\",\"name\":\"Exaudi\",\"description\":\"News\",\"potentialAction\":[{\"@type\":\"SearchAction\",\"target\":{\"@type\":\"EntryPoint\",\"urlTemplate\":\"https:\\\/\\\/exaudi.org\\\/?s={search_term_string}\"},\"query-input\":{\"@type\":\"PropertyValueSpecification\",\"valueRequired\":true,\"valueName\":\"search_term_string\"}}],\"inLanguage\":\"it-IT\"},{\"@type\":\"Person\",\"@id\":\"https:\\\/\\\/exaudi.org\\\/#\\\/schema\\\/person\\\/e1ab6ed07c01774724dd96f925f3a5f0\",\"name\":\"Exaudi Redazione\",\"image\":{\"@type\":\"ImageObject\",\"inLanguage\":\"it-IT\",\"@id\":\"https:\\\/\\\/secure.gravatar.com\\\/avatar\\\/ad6774b3ada023bf5b939d64f45c94b3adf91502dd883507d469b4308a943bb3?s=96&d=mm&r=g\",\"url\":\"https:\\\/\\\/secure.gravatar.com\\\/avatar\\\/ad6774b3ada023bf5b939d64f45c94b3adf91502dd883507d469b4308a943bb3?s=96&d=mm&r=g\",\"contentUrl\":\"https:\\\/\\\/secure.gravatar.com\\\/avatar\\\/ad6774b3ada023bf5b939d64f45c94b3adf91502dd883507d469b4308a943bb3?s=96&d=mm&r=g\",\"caption\":\"Exaudi Redazione\"},\"description\":\"Che cosa \u00e8 Exaudi News? Exaudi News \u00e8 un agenzia cattolica internazionale che informa, istruisce e trasforma quotidianamente in spagnolo, inglese e italiano. Attraverso notizie, articoli di analisi e trasmissioni in diretta degli eventi del Papa, Exaudi cerca di rafforzare l'unit\u00e0 dei cristiani e di contribuire all'evangelizzazione del mondo, sempre guidato dalla dottrina sociale della Chiesa. Lavoriamo per portare la verit\u00e0 e i valori cristiani in ogni angolo del pianeta. Aiutaci a trasformare il mondo con Exaudi! Noi di Exaudi crediamo che l'evangelizzazione e l'informazione di qualit\u00e0 possano cambiare la vita. Per continuare la nostra missione ed espandere la nostra portata, abbiamo bisogno del tuo aiuto. Stiamo anche cercando persone motivate che vogliano unirsi al nostro team. Grazie al vostro sostegno raggiungeremo pi\u00f9 persone, diffonderemo il messaggio di Cristo e rafforzeremo l'unit\u00e0 dei cristiani. Vuoi unirti alla nostra missione? Per maggiori informazioni su come contribuire, visita Exaudi.org\\\/it o contattaci direttamente: info@exaudi.org Exaudi: informa, forma e trasforma.\",\"sameAs\":[\"https:\\\/\\\/www.facebook.com\\\/ExaudiNotizie\\\/\",\"https:\\\/\\\/www.instagram.com\\\/Exaudi_notizie\\\/\",\"https:\\\/\\\/x.com\\\/Exaudi_Notizie\",\"https:\\\/\\\/www.youtube.com\\\/@exaudicatholicnews\"],\"url\":\"https:\\\/\\\/exaudi.org\\\/it\\\/author\\\/dlvedi-org\\\/\"}]}<\/script>\n<!-- \/ Yoast SEO plugin. -->","yoast_head_json":{"title":"Gli orionini in Ucraina: \u201cTensione alle stelle ma decisi a restare\u201d &#8211; Exaudi","description":"Tensione alle stelle in Ucraina ma i missionari orionini sono determinati a non abbandonare il Paese. Appello della Cei a pregare per la pace","robots":{"index":"index","follow":"follow","max-snippet":"max-snippet:-1","max-image-preview":"max-image-preview:large","max-video-preview":"max-video-preview:-1"},"canonical":"https:\/\/exaudi.org\/it\/gli-orionini-in-ucraina-tensione-alle-stelle-ma-decisi-a-restare\/","og_locale":"it_IT","og_type":"article","og_title":"Gli orionini in Ucraina: \u201cTensione alle stelle ma decisi a restare\u201d &#8211; Exaudi","og_description":"Tensione alle stelle in Ucraina ma i missionari orionini sono determinati a non abbandonare il Paese. Appello della Cei a pregare per la pace","og_url":"https:\/\/exaudi.org\/it\/gli-orionini-in-ucraina-tensione-alle-stelle-ma-decisi-a-restare\/","og_site_name":"Exaudi","article_publisher":"https:\/\/www.facebook.com\/ExaudiNews","article_author":"https:\/\/www.facebook.com\/ExaudiNotizie\/","article_published_time":"2022-02-14T12:11:17+00:00","og_image":[{"width":960,"height":667,"url":"https:\/\/exaudi.org\/wp-content\/uploads\/2022\/02\/don-moreno-cattelan.jpeg","type":"image\/jpeg"}],"author":"Exaudi Redazione","twitter_card":"summary_large_image","twitter_creator":"@Exaudi_Notizie","twitter_site":"@Exaudi_News","twitter_misc":{"Scritto da":"Exaudi Redazione","Tempo di lettura stimato":"4 minuti"},"schema":{"@context":"https:\/\/schema.org","@graph":[{"@type":"Article","@id":"https:\/\/exaudi.org\/it\/gli-orionini-in-ucraina-tensione-alle-stelle-ma-decisi-a-restare\/#article","isPartOf":{"@id":"https:\/\/exaudi.org\/it\/gli-orionini-in-ucraina-tensione-alle-stelle-ma-decisi-a-restare\/"},"author":{"name":"Exaudi Redazione","@id":"https:\/\/exaudi.org\/#\/schema\/person\/e1ab6ed07c01774724dd96f925f3a5f0"},"headline":"Gli orionini in Ucraina: \u201cTensione alle stelle ma decisi a restare\u201d","datePublished":"2022-02-14T12:11:17+00:00","mainEntityOfPage":{"@id":"https:\/\/exaudi.org\/it\/gli-orionini-in-ucraina-tensione-alle-stelle-ma-decisi-a-restare\/"},"wordCount":636,"image":{"@id":"https:\/\/exaudi.org\/it\/gli-orionini-in-ucraina-tensione-alle-stelle-ma-decisi-a-restare\/#primaryimage"},"thumbnailUrl":"https:\/\/exaudi.org\/wp-content\/uploads\/2022\/02\/don-moreno-cattelan.jpeg","keywords":["Cei","Featured","guerra","pace","Ucraina"],"articleSection":["Chiesa e Mondo"],"inLanguage":"it-IT"},{"@type":"WebPage","@id":"https:\/\/exaudi.org\/it\/gli-orionini-in-ucraina-tensione-alle-stelle-ma-decisi-a-restare\/","url":"https:\/\/exaudi.org\/it\/gli-orionini-in-ucraina-tensione-alle-stelle-ma-decisi-a-restare\/","name":"Gli orionini in Ucraina: \u201cTensione alle stelle ma decisi a restare\u201d &#8211; Exaudi","isPartOf":{"@id":"https:\/\/exaudi.org\/#website"},"primaryImageOfPage":{"@id":"https:\/\/exaudi.org\/it\/gli-orionini-in-ucraina-tensione-alle-stelle-ma-decisi-a-restare\/#primaryimage"},"image":{"@id":"https:\/\/exaudi.org\/it\/gli-orionini-in-ucraina-tensione-alle-stelle-ma-decisi-a-restare\/#primaryimage"},"thumbnailUrl":"https:\/\/exaudi.org\/wp-content\/uploads\/2022\/02\/don-moreno-cattelan.jpeg","datePublished":"2022-02-14T12:11:17+00:00","author":{"@id":"https:\/\/exaudi.org\/#\/schema\/person\/e1ab6ed07c01774724dd96f925f3a5f0"},"description":"Tensione alle stelle in Ucraina ma i missionari orionini sono determinati a non abbandonare il Paese. Appello della Cei a pregare per la pace","breadcrumb":{"@id":"https:\/\/exaudi.org\/it\/gli-orionini-in-ucraina-tensione-alle-stelle-ma-decisi-a-restare\/#breadcrumb"},"inLanguage":"it-IT","potentialAction":[{"@type":"ReadAction","target":["https:\/\/exaudi.org\/it\/gli-orionini-in-ucraina-tensione-alle-stelle-ma-decisi-a-restare\/"]}]},{"@type":"ImageObject","inLanguage":"it-IT","@id":"https:\/\/exaudi.org\/it\/gli-orionini-in-ucraina-tensione-alle-stelle-ma-decisi-a-restare\/#primaryimage","url":"https:\/\/exaudi.org\/wp-content\/uploads\/2022\/02\/don-moreno-cattelan.jpeg","contentUrl":"https:\/\/exaudi.org\/wp-content\/uploads\/2022\/02\/don-moreno-cattelan.jpeg","width":960,"height":667,"caption":"Don Moreno Cattelan"},{"@type":"BreadcrumbList","@id":"https:\/\/exaudi.org\/it\/gli-orionini-in-ucraina-tensione-alle-stelle-ma-decisi-a-restare\/#breadcrumb","itemListElement":[{"@type":"ListItem","position":1,"name":"Portada","item":"https:\/\/exaudi.org\/it\/"},{"@type":"ListItem","position":2,"name":"Gli orionini in Ucraina: \u201cTensione alle stelle ma decisi a restare\u201d"}]},{"@type":"WebSite","@id":"https:\/\/exaudi.org\/#website","url":"https:\/\/exaudi.org\/","name":"Exaudi","description":"News","potentialAction":[{"@type":"SearchAction","target":{"@type":"EntryPoint","urlTemplate":"https:\/\/exaudi.org\/?s={search_term_string}"},"query-input":{"@type":"PropertyValueSpecification","valueRequired":true,"valueName":"search_term_string"}}],"inLanguage":"it-IT"},{"@type":"Person","@id":"https:\/\/exaudi.org\/#\/schema\/person\/e1ab6ed07c01774724dd96f925f3a5f0","name":"Exaudi Redazione","image":{"@type":"ImageObject","inLanguage":"it-IT","@id":"https:\/\/secure.gravatar.com\/avatar\/ad6774b3ada023bf5b939d64f45c94b3adf91502dd883507d469b4308a943bb3?s=96&d=mm&r=g","url":"https:\/\/secure.gravatar.com\/avatar\/ad6774b3ada023bf5b939d64f45c94b3adf91502dd883507d469b4308a943bb3?s=96&d=mm&r=g","contentUrl":"https:\/\/secure.gravatar.com\/avatar\/ad6774b3ada023bf5b939d64f45c94b3adf91502dd883507d469b4308a943bb3?s=96&d=mm&r=g","caption":"Exaudi Redazione"},"description":"Che cosa \u00e8 Exaudi News? Exaudi News \u00e8 un agenzia cattolica internazionale che informa, istruisce e trasforma quotidianamente in spagnolo, inglese e italiano. Attraverso notizie, articoli di analisi e trasmissioni in diretta degli eventi del Papa, Exaudi cerca di rafforzare l'unit\u00e0 dei cristiani e di contribuire all'evangelizzazione del mondo, sempre guidato dalla dottrina sociale della Chiesa. Lavoriamo per portare la verit\u00e0 e i valori cristiani in ogni angolo del pianeta. Aiutaci a trasformare il mondo con Exaudi! Noi di Exaudi crediamo che l'evangelizzazione e l'informazione di qualit\u00e0 possano cambiare la vita. Per continuare la nostra missione ed espandere la nostra portata, abbiamo bisogno del tuo aiuto. Stiamo anche cercando persone motivate che vogliano unirsi al nostro team. Grazie al vostro sostegno raggiungeremo pi\u00f9 persone, diffonderemo il messaggio di Cristo e rafforzeremo l'unit\u00e0 dei cristiani. Vuoi unirti alla nostra missione? Per maggiori informazioni su come contribuire, visita Exaudi.org\/it o contattaci direttamente: info@exaudi.org Exaudi: informa, forma e trasforma.","sameAs":["https:\/\/www.facebook.com\/ExaudiNotizie\/","https:\/\/www.instagram.com\/Exaudi_notizie\/","https:\/\/x.com\/Exaudi_Notizie","https:\/\/www.youtube.com\/@exaudicatholicnews"],"url":"https:\/\/exaudi.org\/it\/author\/dlvedi-org\/"}]}},"jetpack_featured_media_url":"https:\/\/exaudi.org\/wp-content\/uploads\/2022\/02\/don-moreno-cattelan.jpeg","jetpack_shortlink":"https:\/\/wp.me\/pgKjF2-dxw","_links":{"self":[{"href":"https:\/\/exaudi.org\/it\/wp-json\/wp\/v2\/posts\/52050","targetHints":{"allow":["GET"]}}],"collection":[{"href":"https:\/\/exaudi.org\/it\/wp-json\/wp\/v2\/posts"}],"about":[{"href":"https:\/\/exaudi.org\/it\/wp-json\/wp\/v2\/types\/post"}],"author":[{"embeddable":true,"href":"https:\/\/exaudi.org\/it\/wp-json\/wp\/v2\/users\/17"}],"replies":[{"embeddable":true,"href":"https:\/\/exaudi.org\/it\/wp-json\/wp\/v2\/comments?post=52050"}],"version-history":[{"count":0,"href":"https:\/\/exaudi.org\/it\/wp-json\/wp\/v2\/posts\/52050\/revisions"}],"wp:featuredmedia":[{"embeddable":true,"href":"https:\/\/exaudi.org\/it\/wp-json\/wp\/v2\/media\/52051"}],"wp:attachment":[{"href":"https:\/\/exaudi.org\/it\/wp-json\/wp\/v2\/media?parent=52050"}],"wp:term":[{"taxonomy":"category","embeddable":true,"href":"https:\/\/exaudi.org\/it\/wp-json\/wp\/v2\/categories?post=52050"},{"taxonomy":"post_tag","embeddable":true,"href":"https:\/\/exaudi.org\/it\/wp-json\/wp\/v2\/tags?post=52050"}],"curies":[{"name":"wp","href":"https:\/\/api.w.org\/{rel}","templated":true}]}}