{"id":51956,"date":"2022-02-11T17:52:30","date_gmt":"2022-02-11T16:52:30","guid":{"rendered":"https:\/\/exaudi.org\/?p=51956"},"modified":"2022-02-11T17:52:30","modified_gmt":"2022-02-11T16:52:30","slug":"il-giubileo-segno-di-rinascita-dopo-la-pandemia","status":"publish","type":"post","link":"https:\/\/exaudi.org\/it\/il-giubileo-segno-di-rinascita-dopo-la-pandemia\/","title":{"rendered":"Il Giubileo segno di rinascita dopo la pandemia"},"content":{"rendered":"<p>Un anno, il 2024, di preghiera intensa per prepararsi al Giubileo del 2025. Lo chiede Papa Francesco in una lettera a mons. Rino Fisichella, presidente del Pontificio Consiglio per la Promozione della Nuova Evangelizzazione. Il S. Padre individua il Giubileo come segno di rinascita dopo la pandemia. E indica il motto dell\u2019Anno Santo: \u201cPellegrini di speranza\u201d. Ecco il testo della lettera:<\/p>\n<p>Il Giubileo ha sempre rappresentato nella vita della Chiesa un evento di grande rilevanza spirituale, ecclesiale e sociale. Da quando Bonifacio VIII, nel 1300, istitu\u00ec il primo Anno Santo \u2013 con ricorrenza secolare, divenuta poi, sul modello biblico, cinquantennale e quindi fissata ogni venticinque anni \u2013, il santo popolo fedele di Dio ha vissuto questa celebrazione come uno speciale dono di grazia, caratterizzato dal perdono dei peccati e, in particolare, dall\u2019indulgenza, espressione piena della misericordia di Dio. I fedeli, spesso al termine di un lungo pellegrinaggio, attingono al tesoro spirituale della Chiesa attraversando la Porta Santa e venerando le reliquie degli Apostoli Pietro e Paolo custodite nelle Basiliche romane.<\/p>\n<h2>Il Grande Giubileo del 2000<\/h2>\n<p>Milioni e milioni di pellegrini, nel corso dei secoli, hanno raggiunto questi luoghi santi dando testimonianza viva della fede di sempre. Il Grande Giubileo dell\u2019anno 2000 ha introdotto la Chiesa nel terzo millennio della sua storia. San Giovanni Paolo II lo aveva tanto atteso e desiderato, nella speranza che tutti i cristiani, superate le storiche divisioni, potessero celebrare insieme i duemila anni della nascita di Ges\u00f9 Cristo il Salvatore dell\u2019umanit\u00e0.<\/p>\n<p>Ora \u00e8 ormai vicino il traguardo dei primi venticinque anni del secolo XXI, e siamo chiamati a mettere in atto una preparazione che permetta al popolo cristiano di vivere l\u2019Anno Santo in tutta la sua pregnanza pastorale. Una tappa significativa, in tal senso, \u00e8 stata quella del Giubileo straordinario della Misericordia, che ci ha permesso di riscoprire tutta la forza e la tenerezza dell\u2019amore misericordioso del Padre, per esserne a nostra volta testimoni.<\/p>\n<h2>Sconvolti dalla pandemia<\/h2>\n<p>Negli ultimi due anni, tuttavia, non c\u2019\u00e8 stato un Paese che non sia stato sconvolto dall\u2019improvvisa epidemia che, oltre ad aver fatto toccare con mano il dramma della morte in solitudine, l\u2019incertezza e la provvisoriet\u00e0 dell\u2019esistenza, ha modificato il nostro modo di vivere. Come cristiani abbiamo patito insieme con tutti i fratelli e le sorelle le stesse sofferenze e limitazioni. Le nostre chiese sono rimaste chiuse, cos\u00ec come le scuole, le fabbriche, gli uffici, i negozi e i luoghi dedicati al tempo libero. Tutti abbiamo visto limitate alcune libert\u00e0 e la pandemia, oltre al dolore, ha suscitato talvolta nel nostro animo il dubbio, la paura, lo smarrimento.<\/p>\n<p>Gli uomini e le donne di scienza, con grande tempestivit\u00e0, hanno trovato un primo rimedio che progressivamente permette di ritornare alla vita quotidiana. Abbiamo piena fiducia che l\u2019epidemia possa essere superata e il mondo ritrovare i suoi ritmi di relazioni personali e di vita sociale. Questo sar\u00e0 pi\u00f9 facilmente raggiungibile nella misura in cui si agir\u00e0 con fattiva solidariet\u00e0, in modo che non vengano trascurate le popolazioni pi\u00f9 indigenti, ma si possa condividere con tutti sia i ritrovati della scienza sia i medicinali necessari.<\/p>\n<h2>Pellegrini di speranza<\/h2>\n<p>Dobbiamo tenere accesa la fiaccola della speranza che ci \u00e8 stata donata, e fare di tutto perch\u00e9 ognuno riacquisti la forza e la certezza di guardare al futuro con animo aperto, cuore fiducioso e mente lungimirante. Il prossimo Giubileo potr\u00e0 favorire molto la ricomposizione di un clima di speranza e di fiducia, come segno di una rinnovata rinascita di cui tutti sentiamo l\u2019urgenza. Per questo ho scelto il motto &#8220;Pellegrini di speranza&#8221;. Tutto ci\u00f2 per\u00f2 sar\u00e0 possibile se saremo capaci di recuperare il senso di fraternit\u00e0 universale, se non chiuderemo gli occhi davanti al dramma della povert\u00e0 dilagante che impedisce a milioni di uomini, donne, giovani e bambini di vivere in maniera degna di esseri umani.<\/p>\n<h2>Tempo di preparazione<\/h2>\n<p>Penso specialmente ai tanti profughi costretti ad abbandonare le loro terre. Le voci dei poveri siano ascoltate in questo tempo di preparazione al Giubileo che, secondo il comando biblico, restituisce a ciascuno l\u2019accesso ai frutti della terra: \u00abCi\u00f2 che la terra produrr\u00e0 durante il suo riposo servir\u00e0 di nutrimento a te, al tuo schiavo, alla tua schiava, al tuo bracciante e all&#8217;ospite che si trover\u00e0 presso di te; anche al tuo bestiame e agli animali che sono nella tua terra servir\u00e0 di nutrimento quanto essa produrr\u00e0\u00bb. Pertanto, la dimensione spirituale del Giubileo, che invita alla conversione, si coniughi con questi aspetti fondamentali del vivere sociale, per costituire un\u2019unit\u00e0 coerente.<\/p>\n<p>Sentendoci tutti pellegrini sulla terra in cui il Signore ci ha posto perch\u00e9 la coltiviamo e la custodiamo, non trascuriamo, lungo il cammino, di contemplare la bellezza del creato e di prenderci cura della nostra casa comune. Auspico che il prossimo Anno giubilare sia celebrato e vissuto anche con questa intenzione. In effetti, un numero sempre crescente di persone, tra cui molti giovani e giovanissimi, riconosce che la cura per il creato \u00e8 espressione essenziale della fede in Dio e dell\u2019obbedienza alla sua volont\u00e0.<\/p>\n<p>Affido a Lei, caro Confratello, la responsabilit\u00e0 di trovare le forme adeguate perch\u00e9 l\u2019Anno Santo possa essere preparato e celebrato con fede intensa, speranza viva e carit\u00e0 operosa. Il Dicastero che promuove la nuova evangelizzazione sapr\u00e0 fare di questo momento di grazia una tappa significativa per la pastorale delle Chiese particolari, latine ed orientali, che in questi anni sono chiamate a intensificare l\u2019impegno sinodale. In tale prospettiva, il pellegrinaggio verso il Giubileo potr\u00e0 rafforzare ed esprimere il comune cammino che la Chiesa \u00e8 chiamata a compiere per essere sempre pi\u00f9 e sempre meglio segno e strumento di unit\u00e0 nell\u2019armonia delle diversit\u00e0.<\/p>\n<h2>Partecipazione responsabile<\/h2>\n<p>Sar\u00e0 importante aiutare a riscoprire le esigenze della chiamata universale alla partecipazione responsabile, nella valorizzazione dei carismi e dei ministeri che lo Spirito Santo non cessa mai di elargire per la costruzione dell\u2019unica Chiesa. Le quattro <a href=\"https:\/\/www.vatican.va\/archive\/hist_councils\/ii_vatican_council\/index_it.htm\">Costituzioni<\/a> del Concilio Ecumenico Vaticano II, unitamente al magistero di questi decenni, continueranno ad orientare e guidare il popolo santo di Dio, affinch\u00e9 progredisca nella missione di portare a tutti il gioioso annuncio del Vangelo.<\/p>\n<h2>Il 2024 \u201csinfonia di preghiera\u201d<\/h2>\n<p>Secondo la consuetudine, la Bolla di indizione, che a tempo debito sar\u00e0 emanata, conterr\u00e0 le indicazioni necessarie per celebrare il Giubileo del 2025. In questo tempo di preparazione, fin da ora mi rallegra pensare che si potr\u00e0 dedicare l\u2019anno precedente l\u2019evento giubilare, il 2024, a una grande \u201csinfonia\u201d di preghiera. Anzitutto per recuperare il desiderio di stare alla presenza del Signore, ascoltarlo e adorarlo.<\/p>\n<p>Preghiera, inoltre, per ringraziare Dio dei tanti doni del suo amore per noi e lodare la sua opera nella creazione, che impegna tutti al rispetto e all\u2019azione concreta e responsabile per la sua salvaguardia. Preghiera come voce \u201cdel cuore solo e dell\u2019anima sola\u201d, che si traduce nella solidariet\u00e0 e nella condivisione del pane quotidiano. Che permette ad ogni uomo e donna di questo mondo di rivolgersi all\u2019unico Dio, per esprimergli quanto \u00e8 riposto nel segreto del cuore. Preghiera come via maestra verso la santit\u00e0, che conduce a vivere la contemplazione anche in mezzo all\u2019azione.<\/p>\n<p>Insomma, un intenso anno di preghiera, in cui i cuori si aprano a ricevere l\u2019abbondanza della grazia, facendo del \u201cPadre nostro\u201d, l\u2019orazione che Ges\u00f9 ci ha insegnato, il programma di vita di ogni suo discepolo. Chiedo alla Vergine Maria di accompagnare la Chiesa nel cammino di preparazione all\u2019evento di grazia del Giubileo, e con gratitudine invio di cuore a Lei e ai collaboratori la mia Benedizione.<\/p>\n","protected":false},"excerpt":{"rendered":"<p>Lettera del S. Padre al presidente del Dicastero per la nuova evangelizzazione. Il motto sar\u00e0 \u201cPellegrini di speranza\u201d<\/p>\n","protected":false},"author":17,"featured_media":51927,"comment_status":"closed","ping_status":"closed","sticky":false,"template":"","format":"standard","meta":{"_acf_changed":false,"_crdt_document":"","inline_featured_image":false,"footnotes":""},"categories":[67],"tags":[2487,2257,476,1561,251],"class_list":["post-51956","post","type-post","status-publish","format-standard","has-post-thumbnail","hentry","category-leone-xiv","tag-featured-3","tag-fisichella","tag-giubileo","tag-nuova-evangelizzazione","tag-papa-francesco"],"acf":[],"yoast_head":"<!-- This site is optimized with the Yoast SEO plugin v27.4 - https:\/\/yoast.com\/product\/yoast-seo-wordpress\/ -->\n<title>Il Giubileo segno di rinascita dopo la pandemia &#8211; Exaudi<\/title>\n<meta name=\"description\" content=\"Lettera del Papa a mons. Fisichella in vista del Giubileo del 2025: sar\u00e0 segno di rinascita dopo la pandemia. Scelto il motto\" \/>\n<meta name=\"robots\" content=\"index, follow, max-snippet:-1, max-image-preview:large, max-video-preview:-1\" \/>\n<link rel=\"canonical\" href=\"https:\/\/exaudi.org\/it\/il-giubileo-segno-di-rinascita-dopo-la-pandemia\/\" \/>\n<meta property=\"og:locale\" content=\"it_IT\" \/>\n<meta property=\"og:type\" content=\"article\" \/>\n<meta property=\"og:title\" content=\"Il Giubileo segno di rinascita dopo la pandemia &#8211; Exaudi\" \/>\n<meta property=\"og:description\" content=\"Lettera del Papa a mons. Fisichella in vista del Giubileo del 2025: sar\u00e0 segno di rinascita dopo la pandemia. Scelto il motto\" \/>\n<meta property=\"og:url\" content=\"https:\/\/exaudi.org\/it\/il-giubileo-segno-di-rinascita-dopo-la-pandemia\/\" \/>\n<meta property=\"og:site_name\" content=\"Exaudi\" \/>\n<meta property=\"article:publisher\" content=\"https:\/\/www.facebook.com\/ExaudiNews\" \/>\n<meta property=\"article:author\" content=\"https:\/\/www.facebook.com\/ExaudiNotizie\/\" \/>\n<meta property=\"article:published_time\" content=\"2022-02-11T16:52:30+00:00\" \/>\n<meta property=\"og:image\" content=\"https:\/\/exaudi.org\/wp-content\/uploads\/2022\/02\/El-Papa-Francisco-abre-la-Puerta-Santa.jpg\" \/>\n\t<meta property=\"og:image:width\" content=\"1000\" \/>\n\t<meta property=\"og:image:height\" content=\"563\" \/>\n\t<meta property=\"og:image:type\" content=\"image\/jpeg\" \/>\n<meta name=\"author\" content=\"Exaudi Redazione\" \/>\n<meta name=\"twitter:card\" content=\"summary_large_image\" \/>\n<meta name=\"twitter:creator\" content=\"@Exaudi_Notizie\" \/>\n<meta name=\"twitter:site\" content=\"@Exaudi_News\" \/>\n<meta name=\"twitter:label1\" content=\"Scritto da\" \/>\n\t<meta name=\"twitter:data1\" content=\"Exaudi Redazione\" \/>\n\t<meta name=\"twitter:label2\" content=\"Tempo di lettura stimato\" \/>\n\t<meta name=\"twitter:data2\" content=\"7 minuti\" \/>\n<script type=\"application\/ld+json\" class=\"yoast-schema-graph\">{\"@context\":\"https:\\\/\\\/schema.org\",\"@graph\":[{\"@type\":\"Article\",\"@id\":\"https:\\\/\\\/exaudi.org\\\/it\\\/il-giubileo-segno-di-rinascita-dopo-la-pandemia\\\/#article\",\"isPartOf\":{\"@id\":\"https:\\\/\\\/exaudi.org\\\/it\\\/il-giubileo-segno-di-rinascita-dopo-la-pandemia\\\/\"},\"author\":{\"name\":\"Exaudi Redazione\",\"@id\":\"https:\\\/\\\/exaudi.org\\\/#\\\/schema\\\/person\\\/e1ab6ed07c01774724dd96f925f3a5f0\"},\"headline\":\"Il Giubileo segno di rinascita dopo la pandemia\",\"datePublished\":\"2022-02-11T16:52:30+00:00\",\"mainEntityOfPage\":{\"@id\":\"https:\\\/\\\/exaudi.org\\\/it\\\/il-giubileo-segno-di-rinascita-dopo-la-pandemia\\\/\"},\"wordCount\":1250,\"image\":{\"@id\":\"https:\\\/\\\/exaudi.org\\\/it\\\/il-giubileo-segno-di-rinascita-dopo-la-pandemia\\\/#primaryimage\"},\"thumbnailUrl\":\"https:\\\/\\\/exaudi.org\\\/wp-content\\\/uploads\\\/2022\\\/02\\\/El-Papa-Francisco-abre-la-Puerta-Santa.jpg\",\"keywords\":[\"Featured\",\"Fisichella\",\"giubileo\",\"nuova evangelizzazione\",\"Papa Francesco\"],\"articleSection\":[\"Leone XIV\"],\"inLanguage\":\"it-IT\"},{\"@type\":\"WebPage\",\"@id\":\"https:\\\/\\\/exaudi.org\\\/it\\\/il-giubileo-segno-di-rinascita-dopo-la-pandemia\\\/\",\"url\":\"https:\\\/\\\/exaudi.org\\\/it\\\/il-giubileo-segno-di-rinascita-dopo-la-pandemia\\\/\",\"name\":\"Il Giubileo segno di rinascita dopo la pandemia &#8211; Exaudi\",\"isPartOf\":{\"@id\":\"https:\\\/\\\/exaudi.org\\\/#website\"},\"primaryImageOfPage\":{\"@id\":\"https:\\\/\\\/exaudi.org\\\/it\\\/il-giubileo-segno-di-rinascita-dopo-la-pandemia\\\/#primaryimage\"},\"image\":{\"@id\":\"https:\\\/\\\/exaudi.org\\\/it\\\/il-giubileo-segno-di-rinascita-dopo-la-pandemia\\\/#primaryimage\"},\"thumbnailUrl\":\"https:\\\/\\\/exaudi.org\\\/wp-content\\\/uploads\\\/2022\\\/02\\\/El-Papa-Francisco-abre-la-Puerta-Santa.jpg\",\"datePublished\":\"2022-02-11T16:52:30+00:00\",\"author\":{\"@id\":\"https:\\\/\\\/exaudi.org\\\/#\\\/schema\\\/person\\\/e1ab6ed07c01774724dd96f925f3a5f0\"},\"description\":\"Lettera del Papa a mons. Fisichella in vista del Giubileo del 2025: sar\u00e0 segno di rinascita dopo la pandemia. Scelto il motto\",\"breadcrumb\":{\"@id\":\"https:\\\/\\\/exaudi.org\\\/it\\\/il-giubileo-segno-di-rinascita-dopo-la-pandemia\\\/#breadcrumb\"},\"inLanguage\":\"it-IT\",\"potentialAction\":[{\"@type\":\"ReadAction\",\"target\":[\"https:\\\/\\\/exaudi.org\\\/it\\\/il-giubileo-segno-di-rinascita-dopo-la-pandemia\\\/\"]}]},{\"@type\":\"ImageObject\",\"inLanguage\":\"it-IT\",\"@id\":\"https:\\\/\\\/exaudi.org\\\/it\\\/il-giubileo-segno-di-rinascita-dopo-la-pandemia\\\/#primaryimage\",\"url\":\"https:\\\/\\\/exaudi.org\\\/wp-content\\\/uploads\\\/2022\\\/02\\\/El-Papa-Francisco-abre-la-Puerta-Santa.jpg\",\"contentUrl\":\"https:\\\/\\\/exaudi.org\\\/wp-content\\\/uploads\\\/2022\\\/02\\\/El-Papa-Francisco-abre-la-Puerta-Santa.jpg\",\"width\":1000,\"height\":563,\"caption\":\"Papa Francesco aprir\u00e0 la Porta Santa della Basilica di San Pietro il 24 dicembre 2024 \u00a9 Vatican Media\"},{\"@type\":\"BreadcrumbList\",\"@id\":\"https:\\\/\\\/exaudi.org\\\/it\\\/il-giubileo-segno-di-rinascita-dopo-la-pandemia\\\/#breadcrumb\",\"itemListElement\":[{\"@type\":\"ListItem\",\"position\":1,\"name\":\"Portada\",\"item\":\"https:\\\/\\\/exaudi.org\\\/it\\\/\"},{\"@type\":\"ListItem\",\"position\":2,\"name\":\"Il Giubileo segno di rinascita dopo la pandemia\"}]},{\"@type\":\"WebSite\",\"@id\":\"https:\\\/\\\/exaudi.org\\\/#website\",\"url\":\"https:\\\/\\\/exaudi.org\\\/\",\"name\":\"Exaudi\",\"description\":\"News\",\"potentialAction\":[{\"@type\":\"SearchAction\",\"target\":{\"@type\":\"EntryPoint\",\"urlTemplate\":\"https:\\\/\\\/exaudi.org\\\/?s={search_term_string}\"},\"query-input\":{\"@type\":\"PropertyValueSpecification\",\"valueRequired\":true,\"valueName\":\"search_term_string\"}}],\"inLanguage\":\"it-IT\"},{\"@type\":\"Person\",\"@id\":\"https:\\\/\\\/exaudi.org\\\/#\\\/schema\\\/person\\\/e1ab6ed07c01774724dd96f925f3a5f0\",\"name\":\"Exaudi Redazione\",\"image\":{\"@type\":\"ImageObject\",\"inLanguage\":\"it-IT\",\"@id\":\"https:\\\/\\\/secure.gravatar.com\\\/avatar\\\/ad6774b3ada023bf5b939d64f45c94b3adf91502dd883507d469b4308a943bb3?s=96&d=mm&r=g\",\"url\":\"https:\\\/\\\/secure.gravatar.com\\\/avatar\\\/ad6774b3ada023bf5b939d64f45c94b3adf91502dd883507d469b4308a943bb3?s=96&d=mm&r=g\",\"contentUrl\":\"https:\\\/\\\/secure.gravatar.com\\\/avatar\\\/ad6774b3ada023bf5b939d64f45c94b3adf91502dd883507d469b4308a943bb3?s=96&d=mm&r=g\",\"caption\":\"Exaudi Redazione\"},\"description\":\"Che cosa \u00e8 Exaudi News? Exaudi News \u00e8 un agenzia cattolica internazionale che informa, istruisce e trasforma quotidianamente in spagnolo, inglese e italiano. Attraverso notizie, articoli di analisi e trasmissioni in diretta degli eventi del Papa, Exaudi cerca di rafforzare l'unit\u00e0 dei cristiani e di contribuire all'evangelizzazione del mondo, sempre guidato dalla dottrina sociale della Chiesa. Lavoriamo per portare la verit\u00e0 e i valori cristiani in ogni angolo del pianeta. Aiutaci a trasformare il mondo con Exaudi! Noi di Exaudi crediamo che l'evangelizzazione e l'informazione di qualit\u00e0 possano cambiare la vita. Per continuare la nostra missione ed espandere la nostra portata, abbiamo bisogno del tuo aiuto. Stiamo anche cercando persone motivate che vogliano unirsi al nostro team. Grazie al vostro sostegno raggiungeremo pi\u00f9 persone, diffonderemo il messaggio di Cristo e rafforzeremo l'unit\u00e0 dei cristiani. Vuoi unirti alla nostra missione? Per maggiori informazioni su come contribuire, visita Exaudi.org\\\/it o contattaci direttamente: info@exaudi.org Exaudi: informa, forma e trasforma.\",\"sameAs\":[\"https:\\\/\\\/www.facebook.com\\\/ExaudiNotizie\\\/\",\"https:\\\/\\\/www.instagram.com\\\/Exaudi_notizie\\\/\",\"https:\\\/\\\/x.com\\\/Exaudi_Notizie\",\"https:\\\/\\\/www.youtube.com\\\/@exaudicatholicnews\"],\"url\":\"https:\\\/\\\/exaudi.org\\\/it\\\/author\\\/dlvedi-org\\\/\"}]}<\/script>\n<!-- \/ Yoast SEO plugin. -->","yoast_head_json":{"title":"Il Giubileo segno di rinascita dopo la pandemia &#8211; Exaudi","description":"Lettera del Papa a mons. Fisichella in vista del Giubileo del 2025: sar\u00e0 segno di rinascita dopo la pandemia. Scelto il motto","robots":{"index":"index","follow":"follow","max-snippet":"max-snippet:-1","max-image-preview":"max-image-preview:large","max-video-preview":"max-video-preview:-1"},"canonical":"https:\/\/exaudi.org\/it\/il-giubileo-segno-di-rinascita-dopo-la-pandemia\/","og_locale":"it_IT","og_type":"article","og_title":"Il Giubileo segno di rinascita dopo la pandemia &#8211; Exaudi","og_description":"Lettera del Papa a mons. Fisichella in vista del Giubileo del 2025: sar\u00e0 segno di rinascita dopo la pandemia. Scelto il motto","og_url":"https:\/\/exaudi.org\/it\/il-giubileo-segno-di-rinascita-dopo-la-pandemia\/","og_site_name":"Exaudi","article_publisher":"https:\/\/www.facebook.com\/ExaudiNews","article_author":"https:\/\/www.facebook.com\/ExaudiNotizie\/","article_published_time":"2022-02-11T16:52:30+00:00","og_image":[{"width":1000,"height":563,"url":"https:\/\/exaudi.org\/wp-content\/uploads\/2022\/02\/El-Papa-Francisco-abre-la-Puerta-Santa.jpg","type":"image\/jpeg"}],"author":"Exaudi Redazione","twitter_card":"summary_large_image","twitter_creator":"@Exaudi_Notizie","twitter_site":"@Exaudi_News","twitter_misc":{"Scritto da":"Exaudi Redazione","Tempo di lettura stimato":"7 minuti"},"schema":{"@context":"https:\/\/schema.org","@graph":[{"@type":"Article","@id":"https:\/\/exaudi.org\/it\/il-giubileo-segno-di-rinascita-dopo-la-pandemia\/#article","isPartOf":{"@id":"https:\/\/exaudi.org\/it\/il-giubileo-segno-di-rinascita-dopo-la-pandemia\/"},"author":{"name":"Exaudi Redazione","@id":"https:\/\/exaudi.org\/#\/schema\/person\/e1ab6ed07c01774724dd96f925f3a5f0"},"headline":"Il Giubileo segno di rinascita dopo la pandemia","datePublished":"2022-02-11T16:52:30+00:00","mainEntityOfPage":{"@id":"https:\/\/exaudi.org\/it\/il-giubileo-segno-di-rinascita-dopo-la-pandemia\/"},"wordCount":1250,"image":{"@id":"https:\/\/exaudi.org\/it\/il-giubileo-segno-di-rinascita-dopo-la-pandemia\/#primaryimage"},"thumbnailUrl":"https:\/\/exaudi.org\/wp-content\/uploads\/2022\/02\/El-Papa-Francisco-abre-la-Puerta-Santa.jpg","keywords":["Featured","Fisichella","giubileo","nuova evangelizzazione","Papa Francesco"],"articleSection":["Leone XIV"],"inLanguage":"it-IT"},{"@type":"WebPage","@id":"https:\/\/exaudi.org\/it\/il-giubileo-segno-di-rinascita-dopo-la-pandemia\/","url":"https:\/\/exaudi.org\/it\/il-giubileo-segno-di-rinascita-dopo-la-pandemia\/","name":"Il Giubileo segno di rinascita dopo la pandemia &#8211; Exaudi","isPartOf":{"@id":"https:\/\/exaudi.org\/#website"},"primaryImageOfPage":{"@id":"https:\/\/exaudi.org\/it\/il-giubileo-segno-di-rinascita-dopo-la-pandemia\/#primaryimage"},"image":{"@id":"https:\/\/exaudi.org\/it\/il-giubileo-segno-di-rinascita-dopo-la-pandemia\/#primaryimage"},"thumbnailUrl":"https:\/\/exaudi.org\/wp-content\/uploads\/2022\/02\/El-Papa-Francisco-abre-la-Puerta-Santa.jpg","datePublished":"2022-02-11T16:52:30+00:00","author":{"@id":"https:\/\/exaudi.org\/#\/schema\/person\/e1ab6ed07c01774724dd96f925f3a5f0"},"description":"Lettera del Papa a mons. Fisichella in vista del Giubileo del 2025: sar\u00e0 segno di rinascita dopo la pandemia. Scelto il motto","breadcrumb":{"@id":"https:\/\/exaudi.org\/it\/il-giubileo-segno-di-rinascita-dopo-la-pandemia\/#breadcrumb"},"inLanguage":"it-IT","potentialAction":[{"@type":"ReadAction","target":["https:\/\/exaudi.org\/it\/il-giubileo-segno-di-rinascita-dopo-la-pandemia\/"]}]},{"@type":"ImageObject","inLanguage":"it-IT","@id":"https:\/\/exaudi.org\/it\/il-giubileo-segno-di-rinascita-dopo-la-pandemia\/#primaryimage","url":"https:\/\/exaudi.org\/wp-content\/uploads\/2022\/02\/El-Papa-Francisco-abre-la-Puerta-Santa.jpg","contentUrl":"https:\/\/exaudi.org\/wp-content\/uploads\/2022\/02\/El-Papa-Francisco-abre-la-Puerta-Santa.jpg","width":1000,"height":563,"caption":"Papa Francesco aprir\u00e0 la Porta Santa della Basilica di San Pietro il 24 dicembre 2024 \u00a9 Vatican Media"},{"@type":"BreadcrumbList","@id":"https:\/\/exaudi.org\/it\/il-giubileo-segno-di-rinascita-dopo-la-pandemia\/#breadcrumb","itemListElement":[{"@type":"ListItem","position":1,"name":"Portada","item":"https:\/\/exaudi.org\/it\/"},{"@type":"ListItem","position":2,"name":"Il Giubileo segno di rinascita dopo la pandemia"}]},{"@type":"WebSite","@id":"https:\/\/exaudi.org\/#website","url":"https:\/\/exaudi.org\/","name":"Exaudi","description":"News","potentialAction":[{"@type":"SearchAction","target":{"@type":"EntryPoint","urlTemplate":"https:\/\/exaudi.org\/?s={search_term_string}"},"query-input":{"@type":"PropertyValueSpecification","valueRequired":true,"valueName":"search_term_string"}}],"inLanguage":"it-IT"},{"@type":"Person","@id":"https:\/\/exaudi.org\/#\/schema\/person\/e1ab6ed07c01774724dd96f925f3a5f0","name":"Exaudi Redazione","image":{"@type":"ImageObject","inLanguage":"it-IT","@id":"https:\/\/secure.gravatar.com\/avatar\/ad6774b3ada023bf5b939d64f45c94b3adf91502dd883507d469b4308a943bb3?s=96&d=mm&r=g","url":"https:\/\/secure.gravatar.com\/avatar\/ad6774b3ada023bf5b939d64f45c94b3adf91502dd883507d469b4308a943bb3?s=96&d=mm&r=g","contentUrl":"https:\/\/secure.gravatar.com\/avatar\/ad6774b3ada023bf5b939d64f45c94b3adf91502dd883507d469b4308a943bb3?s=96&d=mm&r=g","caption":"Exaudi Redazione"},"description":"Che cosa \u00e8 Exaudi News? Exaudi News \u00e8 un agenzia cattolica internazionale che informa, istruisce e trasforma quotidianamente in spagnolo, inglese e italiano. Attraverso notizie, articoli di analisi e trasmissioni in diretta degli eventi del Papa, Exaudi cerca di rafforzare l'unit\u00e0 dei cristiani e di contribuire all'evangelizzazione del mondo, sempre guidato dalla dottrina sociale della Chiesa. Lavoriamo per portare la verit\u00e0 e i valori cristiani in ogni angolo del pianeta. Aiutaci a trasformare il mondo con Exaudi! Noi di Exaudi crediamo che l'evangelizzazione e l'informazione di qualit\u00e0 possano cambiare la vita. Per continuare la nostra missione ed espandere la nostra portata, abbiamo bisogno del tuo aiuto. Stiamo anche cercando persone motivate che vogliano unirsi al nostro team. Grazie al vostro sostegno raggiungeremo pi\u00f9 persone, diffonderemo il messaggio di Cristo e rafforzeremo l'unit\u00e0 dei cristiani. Vuoi unirti alla nostra missione? Per maggiori informazioni su come contribuire, visita Exaudi.org\/it o contattaci direttamente: info@exaudi.org Exaudi: informa, forma e trasforma.","sameAs":["https:\/\/www.facebook.com\/ExaudiNotizie\/","https:\/\/www.instagram.com\/Exaudi_notizie\/","https:\/\/x.com\/Exaudi_Notizie","https:\/\/www.youtube.com\/@exaudicatholicnews"],"url":"https:\/\/exaudi.org\/it\/author\/dlvedi-org\/"}]}},"jetpack_featured_media_url":"https:\/\/exaudi.org\/wp-content\/uploads\/2022\/02\/El-Papa-Francisco-abre-la-Puerta-Santa.jpg","jetpack_shortlink":"https:\/\/wp.me\/pgKjF2-dw0","_links":{"self":[{"href":"https:\/\/exaudi.org\/it\/wp-json\/wp\/v2\/posts\/51956","targetHints":{"allow":["GET"]}}],"collection":[{"href":"https:\/\/exaudi.org\/it\/wp-json\/wp\/v2\/posts"}],"about":[{"href":"https:\/\/exaudi.org\/it\/wp-json\/wp\/v2\/types\/post"}],"author":[{"embeddable":true,"href":"https:\/\/exaudi.org\/it\/wp-json\/wp\/v2\/users\/17"}],"replies":[{"embeddable":true,"href":"https:\/\/exaudi.org\/it\/wp-json\/wp\/v2\/comments?post=51956"}],"version-history":[{"count":0,"href":"https:\/\/exaudi.org\/it\/wp-json\/wp\/v2\/posts\/51956\/revisions"}],"wp:featuredmedia":[{"embeddable":true,"href":"https:\/\/exaudi.org\/it\/wp-json\/wp\/v2\/media\/51927"}],"wp:attachment":[{"href":"https:\/\/exaudi.org\/it\/wp-json\/wp\/v2\/media?parent=51956"}],"wp:term":[{"taxonomy":"category","embeddable":true,"href":"https:\/\/exaudi.org\/it\/wp-json\/wp\/v2\/categories?post=51956"},{"taxonomy":"post_tag","embeddable":true,"href":"https:\/\/exaudi.org\/it\/wp-json\/wp\/v2\/tags?post=51956"}],"curies":[{"name":"wp","href":"https:\/\/api.w.org\/{rel}","templated":true}]}}