{"id":51616,"date":"2022-02-08T15:42:59","date_gmt":"2022-02-08T14:42:59","guid":{"rendered":"https:\/\/exaudi.org\/?p=51616"},"modified":"2022-02-08T15:42:59","modified_gmt":"2022-02-08T14:42:59","slug":"la-tratta-di-persone-e-violenza","status":"publish","type":"post","link":"https:\/\/exaudi.org\/it\/la-tratta-di-persone-e-violenza\/","title":{"rendered":"\u201cLa tratta di persone \u00e8 violenza!\u201d"},"content":{"rendered":"<p>\u201cLa tratta di persone \u00e8 violenza! La violenza sofferta da ogni donna e da ogni bambina \u00e8 una ferita aperta nel corpo di Cristo, nel corpo dell\u2019umanit\u00e0 intera\u201d. La voce del Papa si \u00e8 levata ancora una volta in difesa della dignit\u00e0 della persona, soprattutto delle donne, nel <a href=\"https:\/\/exaudi.org\/it\/giornata-contro-la-tratta-martedi-la-maratona-di-preghiera\/\">giorno<\/a> dedicato alla preghiera e alla riflessione su un fenomeno che provoca migliaia di vittime. Ecco il testo del S. Padre:<\/p>\n<p>Care sorelle e cari fratelli! Rivolgo il mio saluto e il mio ringraziamento agli organizzatori della Giornata mondiale di preghiera e riflessione contro la tratta di persone, promossa dall\u2019Unione Internazionale delle Superiore Generali e dall\u2019Unione dei Superiori Generali. Un grazie speciale al gruppo Talitha Kum che coordina l\u2019iniziativa in collaborazione con tante organizzazioni locali e internazionali.<\/p>\n<h2>La forza della cura<\/h2>\n<p>Il tema di quest\u2019anno \u00e8: \u201cLa forza della cura. Donne, economia e tratta di persone\u201d. Esso ci invita a considerare la condizione delle donne e delle bambine, sottoposte a molteplici forme di sfruttamento, anche attraverso matrimoni forzati, schiavit\u00f9 domestica e lavorativa. Le migliaia di donne e bambine che ogni anno vengono trafficate denunciano le drammatiche conseguenze di modelli relazionali fondati sulla discriminazione e la sottomissione. E non \u00e8 un\u2019esagerazione: migliaia!<\/p>\n<p>L\u2019organizzazione delle societ\u00e0 in tutto il mondo \u00e8 ancora lontana dal rispecchiare con chiarezza il fatto che le donne hanno la stessa dignit\u00e0 e gli stessi diritti degli uomini. Si constata purtroppo che \u00abdoppiamente povere sono le donne che soffrono situazioni di esclusione, maltrattamento e violenza, perch\u00e9 spesso si trovano con minori possibilit\u00e0 di difendere i loro diritti\u00bb.<\/p>\n<h2>Una ferita nel corpo di Cristo<\/h2>\n<p>La tratta di persone, attraverso lo sfruttamento domestico e quello sessuale, riconsegna con violenza le donne e le bambine al loro supposto ruolo di subordinate alla prestazione di servizi domestici e di servizi sessuali, alla loro figura di erogatrici di cura e dispensatrici di piacere, che ripropone uno schema di rapporti improntati al potere del genere maschile su quello femminile. Ancora oggi, e ad alto livello. La tratta di persone \u00e8 violenza! La violenza sofferta da ogni donna e da ogni bambina \u00e8 una ferita aperta nel corpo di Cristo, nel corpo dell\u2019umanit\u00e0 intera, \u00e8 una ferita profonda che riguarda anche ognuno di noi.<\/p>\n<p>Sono tante le donne che hanno il coraggio di ribellarsi alla violenza. Anche noi uomini siamo chiamati a farlo, a dire no ad ogni violenza, inclusa quella contro le donne e le bambine. E insieme possiamo e dobbiamo lottare perch\u00e9 i diritti umani siano declinati in forma specifica, nel rispetto delle diversit\u00e0 e nel riconoscimento della dignit\u00e0 di ogni persona, avendo a cuore in modo particolare chi \u00e8 leso nei suoi diritti fondamentali<\/p>\n<h2>Riconoscere la dignit\u00e0<\/h2>\n<p>Santa Bakhita ci indica la via per la trasformazione. La sua vita racconta che il cambiamento \u00e8 possibile quando ci si lascia trasformare dalla cura che Dio ha per ciascuno di noi. \u00c8 la cura della misericordia, \u00e8 la cura dell\u2019amore che ci cambia nel profondo e ci rende capaci di accogliere gli altri come fratelli e sorelle. Riconoscere la dignit\u00e0 di ogni persona \u00e8 il primo atto di cura. \u00c8 il primo atto di cura: riconoscere la dignit\u00e0! E il prendersi cura fa bene a tutti, a chi d\u00e0 e a chi riceve, perch\u00e9 non \u00e8 un\u2019azione unidirezionale ma genera reciprocit\u00e0.<\/p>\n<p>Dio si \u00e8 preso cura di Giuseppina Bakhita, l\u2019ha accompagnata nel processo di guarigione delle ferite causate dalla schiavit\u00f9 fino a rendere il suo cuore, la sua mente e le sue viscere capaci di riconciliazione, di libert\u00e0 e di tenerezza. Incoraggio ogni donna e ogni ragazza che si impegna per la trasformazione e la cura, nella scuola, in famiglia, nella societ\u00e0.<\/p>\n<h2>Prenderci cura insieme<\/h2>\n<p>Incoraggio ogni uomo e ogni ragazzo a non rimanere fuori da questo processo di trasformazione, ricordando l\u2019esempio del Buon Samaritano: un uomo che non si vergogna di chinarsi sul fratello e di prendersi cura di lui. Prendersi cura \u00e8 l\u2019agire di Dio nella storia, nella nostra storia personale e nella nostra storia comunitaria. Dio si \u00e8 preso cura e si prende cura di noi continuamente. Prenderci cura, insieme, uomini e donne, \u00e8 l\u2019appello di questa Giornata mondiale di preghiera e riflessione contro la tratta: insieme possiamo far crescere un\u2019economia della cura e contrastare con tutte le forze ogni forma di sfruttamento della tratta di persone.<\/p>\n<p>Care sorelle e cari fratelli, so che siete in tanti a partecipare a questa Giornata di preghiera e riflessione, di vari Paesi e di diverse tradizioni religiose. A tutti esprimo la mia gratitudine e il mio incoraggiamento: andiamo avanti nella lotta contro la tratta di persone e ogni forma di schiavit\u00f9 e di sfruttamento. Vi invito tutti a tenere viva l\u2019indignazione \u2013 tenere viva l\u2019indignazione! \u2013 e a trovare ogni giorno la forza di impegnarvi con determinazione su questo fronte. Non abbiate paura davanti all\u2019arroganza della violenza, no; non arrendetevi alla corruzione del denaro e del potere. Grazie a tutti e avanti, non scoraggiatevi! Che Dio benedica voi e il vostro lavoro. Grazie!<\/p>\n","protected":false},"excerpt":{"rendered":"<p>Il videomessaggio del Papa per la Giornata mondiale contro un fenomeno che coinvolge migliaia di donne e bambine<\/p>\n","protected":false},"author":17,"featured_media":51619,"comment_status":"closed","ping_status":"closed","sticky":false,"template":"","format":"standard","meta":{"_acf_changed":false,"_crdt_document":"","inline_featured_image":false,"footnotes":""},"categories":[67],"tags":[757,251,5786],"class_list":["post-51616","post","type-post","status-publish","format-standard","has-post-thumbnail","hentry","category-leone-xiv","tag-donna","tag-papa-francesco","tag-tratta"],"acf":[],"yoast_head":"<!-- This site is optimized with the Yoast SEO plugin v27.5 - https:\/\/yoast.com\/product\/yoast-seo-wordpress\/ -->\n<title>\u201cLa tratta di persone \u00e8 violenza!\u201d &#8211; Exaudi<\/title>\n<meta name=\"description\" content=\"Il videomessaggio del Papa per la Giornata mondiale contro la tratta che coinvolge migliaia di donne e bambine\" \/>\n<meta name=\"robots\" content=\"index, follow, max-snippet:-1, max-image-preview:large, max-video-preview:-1\" \/>\n<link rel=\"canonical\" href=\"https:\/\/exaudi.org\/it\/la-tratta-di-persone-e-violenza\/\" \/>\n<meta property=\"og:locale\" content=\"it_IT\" \/>\n<meta property=\"og:type\" content=\"article\" \/>\n<meta property=\"og:title\" content=\"\u201cLa tratta di persone \u00e8 violenza!\u201d &#8211; Exaudi\" \/>\n<meta property=\"og:description\" content=\"Il videomessaggio del Papa per la Giornata mondiale contro la tratta che coinvolge migliaia di donne e bambine\" \/>\n<meta property=\"og:url\" content=\"https:\/\/exaudi.org\/it\/la-tratta-di-persone-e-violenza\/\" \/>\n<meta property=\"og:site_name\" content=\"Exaudi\" \/>\n<meta property=\"article:publisher\" content=\"https:\/\/www.facebook.com\/ExaudiNews\" \/>\n<meta property=\"article:author\" content=\"https:\/\/www.facebook.com\/ExaudiNotizie\/\" \/>\n<meta property=\"article:published_time\" content=\"2022-02-08T14:42:59+00:00\" \/>\n<meta property=\"og:image\" content=\"https:\/\/exaudi.org\/wp-content\/uploads\/2022\/02\/tratta.jpeg\" \/>\n\t<meta property=\"og:image:width\" content=\"1500\" \/>\n\t<meta property=\"og:image:height\" content=\"844\" \/>\n\t<meta property=\"og:image:type\" content=\"image\/jpeg\" \/>\n<meta name=\"author\" content=\"Exaudi Redazione\" \/>\n<meta name=\"twitter:card\" content=\"summary_large_image\" \/>\n<meta name=\"twitter:creator\" content=\"@Exaudi_Notizie\" \/>\n<meta name=\"twitter:site\" content=\"@Exaudi_News\" \/>\n<meta name=\"twitter:label1\" content=\"Scritto da\" \/>\n\t<meta name=\"twitter:data1\" content=\"Exaudi Redazione\" \/>\n\t<meta name=\"twitter:label2\" content=\"Tempo di lettura stimato\" \/>\n\t<meta name=\"twitter:data2\" content=\"5 minuti\" \/>\n<script type=\"application\/ld+json\" class=\"yoast-schema-graph\">{\"@context\":\"https:\\\/\\\/schema.org\",\"@graph\":[{\"@type\":\"Article\",\"@id\":\"https:\\\/\\\/exaudi.org\\\/it\\\/la-tratta-di-persone-e-violenza\\\/#article\",\"isPartOf\":{\"@id\":\"https:\\\/\\\/exaudi.org\\\/it\\\/la-tratta-di-persone-e-violenza\\\/\"},\"author\":{\"name\":\"Exaudi Redazione\",\"@id\":\"https:\\\/\\\/exaudi.org\\\/#\\\/schema\\\/person\\\/e1ab6ed07c01774724dd96f925f3a5f0\"},\"headline\":\"\u201cLa tratta di persone \u00e8 violenza!\u201d\",\"datePublished\":\"2022-02-08T14:42:59+00:00\",\"mainEntityOfPage\":{\"@id\":\"https:\\\/\\\/exaudi.org\\\/it\\\/la-tratta-di-persone-e-violenza\\\/\"},\"wordCount\":828,\"image\":{\"@id\":\"https:\\\/\\\/exaudi.org\\\/it\\\/la-tratta-di-persone-e-violenza\\\/#primaryimage\"},\"thumbnailUrl\":\"https:\\\/\\\/exaudi.org\\\/wp-content\\\/uploads\\\/2022\\\/02\\\/tratta.jpeg\",\"keywords\":[\"donna\",\"Papa Francesco\",\"tratta\"],\"articleSection\":[\"Leone XIV\"],\"inLanguage\":\"it-IT\"},{\"@type\":\"WebPage\",\"@id\":\"https:\\\/\\\/exaudi.org\\\/it\\\/la-tratta-di-persone-e-violenza\\\/\",\"url\":\"https:\\\/\\\/exaudi.org\\\/it\\\/la-tratta-di-persone-e-violenza\\\/\",\"name\":\"\u201cLa tratta di persone \u00e8 violenza!\u201d &#8211; Exaudi\",\"isPartOf\":{\"@id\":\"https:\\\/\\\/exaudi.org\\\/#website\"},\"primaryImageOfPage\":{\"@id\":\"https:\\\/\\\/exaudi.org\\\/it\\\/la-tratta-di-persone-e-violenza\\\/#primaryimage\"},\"image\":{\"@id\":\"https:\\\/\\\/exaudi.org\\\/it\\\/la-tratta-di-persone-e-violenza\\\/#primaryimage\"},\"thumbnailUrl\":\"https:\\\/\\\/exaudi.org\\\/wp-content\\\/uploads\\\/2022\\\/02\\\/tratta.jpeg\",\"datePublished\":\"2022-02-08T14:42:59+00:00\",\"author\":{\"@id\":\"https:\\\/\\\/exaudi.org\\\/#\\\/schema\\\/person\\\/e1ab6ed07c01774724dd96f925f3a5f0\"},\"description\":\"Il videomessaggio del Papa per la Giornata mondiale contro la tratta che coinvolge migliaia di donne e bambine\",\"breadcrumb\":{\"@id\":\"https:\\\/\\\/exaudi.org\\\/it\\\/la-tratta-di-persone-e-violenza\\\/#breadcrumb\"},\"inLanguage\":\"it-IT\",\"potentialAction\":[{\"@type\":\"ReadAction\",\"target\":[\"https:\\\/\\\/exaudi.org\\\/it\\\/la-tratta-di-persone-e-violenza\\\/\"]}]},{\"@type\":\"ImageObject\",\"inLanguage\":\"it-IT\",\"@id\":\"https:\\\/\\\/exaudi.org\\\/it\\\/la-tratta-di-persone-e-violenza\\\/#primaryimage\",\"url\":\"https:\\\/\\\/exaudi.org\\\/wp-content\\\/uploads\\\/2022\\\/02\\\/tratta.jpeg\",\"contentUrl\":\"https:\\\/\\\/exaudi.org\\\/wp-content\\\/uploads\\\/2022\\\/02\\\/tratta.jpeg\",\"width\":1500,\"height\":844,\"caption\":\"tratta\"},{\"@type\":\"BreadcrumbList\",\"@id\":\"https:\\\/\\\/exaudi.org\\\/it\\\/la-tratta-di-persone-e-violenza\\\/#breadcrumb\",\"itemListElement\":[{\"@type\":\"ListItem\",\"position\":1,\"name\":\"Portada\",\"item\":\"https:\\\/\\\/exaudi.org\\\/it\\\/\"},{\"@type\":\"ListItem\",\"position\":2,\"name\":\"\u201cLa tratta di persone \u00e8 violenza!\u201d\"}]},{\"@type\":\"WebSite\",\"@id\":\"https:\\\/\\\/exaudi.org\\\/#website\",\"url\":\"https:\\\/\\\/exaudi.org\\\/\",\"name\":\"Exaudi\",\"description\":\"News\",\"potentialAction\":[{\"@type\":\"SearchAction\",\"target\":{\"@type\":\"EntryPoint\",\"urlTemplate\":\"https:\\\/\\\/exaudi.org\\\/?s={search_term_string}\"},\"query-input\":{\"@type\":\"PropertyValueSpecification\",\"valueRequired\":true,\"valueName\":\"search_term_string\"}}],\"inLanguage\":\"it-IT\"},{\"@type\":\"Person\",\"@id\":\"https:\\\/\\\/exaudi.org\\\/#\\\/schema\\\/person\\\/e1ab6ed07c01774724dd96f925f3a5f0\",\"name\":\"Exaudi Redazione\",\"image\":{\"@type\":\"ImageObject\",\"inLanguage\":\"it-IT\",\"@id\":\"https:\\\/\\\/secure.gravatar.com\\\/avatar\\\/ad6774b3ada023bf5b939d64f45c94b3adf91502dd883507d469b4308a943bb3?s=96&d=mm&r=g\",\"url\":\"https:\\\/\\\/secure.gravatar.com\\\/avatar\\\/ad6774b3ada023bf5b939d64f45c94b3adf91502dd883507d469b4308a943bb3?s=96&d=mm&r=g\",\"contentUrl\":\"https:\\\/\\\/secure.gravatar.com\\\/avatar\\\/ad6774b3ada023bf5b939d64f45c94b3adf91502dd883507d469b4308a943bb3?s=96&d=mm&r=g\",\"caption\":\"Exaudi Redazione\"},\"description\":\"Che cosa \u00e8 Exaudi News? Exaudi News \u00e8 un agenzia cattolica internazionale che informa, istruisce e trasforma quotidianamente in spagnolo, inglese e italiano. Attraverso notizie, articoli di analisi e trasmissioni in diretta degli eventi del Papa, Exaudi cerca di rafforzare l'unit\u00e0 dei cristiani e di contribuire all'evangelizzazione del mondo, sempre guidato dalla dottrina sociale della Chiesa. Lavoriamo per portare la verit\u00e0 e i valori cristiani in ogni angolo del pianeta. Aiutaci a trasformare il mondo con Exaudi! Noi di Exaudi crediamo che l'evangelizzazione e l'informazione di qualit\u00e0 possano cambiare la vita. Per continuare la nostra missione ed espandere la nostra portata, abbiamo bisogno del tuo aiuto. Stiamo anche cercando persone motivate che vogliano unirsi al nostro team. Grazie al vostro sostegno raggiungeremo pi\u00f9 persone, diffonderemo il messaggio di Cristo e rafforzeremo l'unit\u00e0 dei cristiani. Vuoi unirti alla nostra missione? Per maggiori informazioni su come contribuire, visita Exaudi.org\\\/it o contattaci direttamente: info@exaudi.org Exaudi: informa, forma e trasforma.\",\"sameAs\":[\"https:\\\/\\\/www.facebook.com\\\/ExaudiNotizie\\\/\",\"https:\\\/\\\/www.instagram.com\\\/Exaudi_notizie\\\/\",\"https:\\\/\\\/x.com\\\/Exaudi_Notizie\",\"https:\\\/\\\/www.youtube.com\\\/@exaudicatholicnews\"],\"url\":\"https:\\\/\\\/exaudi.org\\\/it\\\/author\\\/dlvedi-org\\\/\"}]}<\/script>\n<!-- \/ Yoast SEO plugin. -->","yoast_head_json":{"title":"\u201cLa tratta di persone \u00e8 violenza!\u201d &#8211; Exaudi","description":"Il videomessaggio del Papa per la Giornata mondiale contro la tratta che coinvolge migliaia di donne e bambine","robots":{"index":"index","follow":"follow","max-snippet":"max-snippet:-1","max-image-preview":"max-image-preview:large","max-video-preview":"max-video-preview:-1"},"canonical":"https:\/\/exaudi.org\/it\/la-tratta-di-persone-e-violenza\/","og_locale":"it_IT","og_type":"article","og_title":"\u201cLa tratta di persone \u00e8 violenza!\u201d &#8211; Exaudi","og_description":"Il videomessaggio del Papa per la Giornata mondiale contro la tratta che coinvolge migliaia di donne e bambine","og_url":"https:\/\/exaudi.org\/it\/la-tratta-di-persone-e-violenza\/","og_site_name":"Exaudi","article_publisher":"https:\/\/www.facebook.com\/ExaudiNews","article_author":"https:\/\/www.facebook.com\/ExaudiNotizie\/","article_published_time":"2022-02-08T14:42:59+00:00","og_image":[{"width":1500,"height":844,"url":"https:\/\/exaudi.org\/wp-content\/uploads\/2022\/02\/tratta.jpeg","type":"image\/jpeg"}],"author":"Exaudi Redazione","twitter_card":"summary_large_image","twitter_creator":"@Exaudi_Notizie","twitter_site":"@Exaudi_News","twitter_misc":{"Scritto da":"Exaudi Redazione","Tempo di lettura stimato":"5 minuti"},"schema":{"@context":"https:\/\/schema.org","@graph":[{"@type":"Article","@id":"https:\/\/exaudi.org\/it\/la-tratta-di-persone-e-violenza\/#article","isPartOf":{"@id":"https:\/\/exaudi.org\/it\/la-tratta-di-persone-e-violenza\/"},"author":{"name":"Exaudi Redazione","@id":"https:\/\/exaudi.org\/#\/schema\/person\/e1ab6ed07c01774724dd96f925f3a5f0"},"headline":"\u201cLa tratta di persone \u00e8 violenza!\u201d","datePublished":"2022-02-08T14:42:59+00:00","mainEntityOfPage":{"@id":"https:\/\/exaudi.org\/it\/la-tratta-di-persone-e-violenza\/"},"wordCount":828,"image":{"@id":"https:\/\/exaudi.org\/it\/la-tratta-di-persone-e-violenza\/#primaryimage"},"thumbnailUrl":"https:\/\/exaudi.org\/wp-content\/uploads\/2022\/02\/tratta.jpeg","keywords":["donna","Papa Francesco","tratta"],"articleSection":["Leone XIV"],"inLanguage":"it-IT"},{"@type":"WebPage","@id":"https:\/\/exaudi.org\/it\/la-tratta-di-persone-e-violenza\/","url":"https:\/\/exaudi.org\/it\/la-tratta-di-persone-e-violenza\/","name":"\u201cLa tratta di persone \u00e8 violenza!\u201d &#8211; Exaudi","isPartOf":{"@id":"https:\/\/exaudi.org\/#website"},"primaryImageOfPage":{"@id":"https:\/\/exaudi.org\/it\/la-tratta-di-persone-e-violenza\/#primaryimage"},"image":{"@id":"https:\/\/exaudi.org\/it\/la-tratta-di-persone-e-violenza\/#primaryimage"},"thumbnailUrl":"https:\/\/exaudi.org\/wp-content\/uploads\/2022\/02\/tratta.jpeg","datePublished":"2022-02-08T14:42:59+00:00","author":{"@id":"https:\/\/exaudi.org\/#\/schema\/person\/e1ab6ed07c01774724dd96f925f3a5f0"},"description":"Il videomessaggio del Papa per la Giornata mondiale contro la tratta che coinvolge migliaia di donne e bambine","breadcrumb":{"@id":"https:\/\/exaudi.org\/it\/la-tratta-di-persone-e-violenza\/#breadcrumb"},"inLanguage":"it-IT","potentialAction":[{"@type":"ReadAction","target":["https:\/\/exaudi.org\/it\/la-tratta-di-persone-e-violenza\/"]}]},{"@type":"ImageObject","inLanguage":"it-IT","@id":"https:\/\/exaudi.org\/it\/la-tratta-di-persone-e-violenza\/#primaryimage","url":"https:\/\/exaudi.org\/wp-content\/uploads\/2022\/02\/tratta.jpeg","contentUrl":"https:\/\/exaudi.org\/wp-content\/uploads\/2022\/02\/tratta.jpeg","width":1500,"height":844,"caption":"tratta"},{"@type":"BreadcrumbList","@id":"https:\/\/exaudi.org\/it\/la-tratta-di-persone-e-violenza\/#breadcrumb","itemListElement":[{"@type":"ListItem","position":1,"name":"Portada","item":"https:\/\/exaudi.org\/it\/"},{"@type":"ListItem","position":2,"name":"\u201cLa tratta di persone \u00e8 violenza!\u201d"}]},{"@type":"WebSite","@id":"https:\/\/exaudi.org\/#website","url":"https:\/\/exaudi.org\/","name":"Exaudi","description":"News","potentialAction":[{"@type":"SearchAction","target":{"@type":"EntryPoint","urlTemplate":"https:\/\/exaudi.org\/?s={search_term_string}"},"query-input":{"@type":"PropertyValueSpecification","valueRequired":true,"valueName":"search_term_string"}}],"inLanguage":"it-IT"},{"@type":"Person","@id":"https:\/\/exaudi.org\/#\/schema\/person\/e1ab6ed07c01774724dd96f925f3a5f0","name":"Exaudi Redazione","image":{"@type":"ImageObject","inLanguage":"it-IT","@id":"https:\/\/secure.gravatar.com\/avatar\/ad6774b3ada023bf5b939d64f45c94b3adf91502dd883507d469b4308a943bb3?s=96&d=mm&r=g","url":"https:\/\/secure.gravatar.com\/avatar\/ad6774b3ada023bf5b939d64f45c94b3adf91502dd883507d469b4308a943bb3?s=96&d=mm&r=g","contentUrl":"https:\/\/secure.gravatar.com\/avatar\/ad6774b3ada023bf5b939d64f45c94b3adf91502dd883507d469b4308a943bb3?s=96&d=mm&r=g","caption":"Exaudi Redazione"},"description":"Che cosa \u00e8 Exaudi News? Exaudi News \u00e8 un agenzia cattolica internazionale che informa, istruisce e trasforma quotidianamente in spagnolo, inglese e italiano. Attraverso notizie, articoli di analisi e trasmissioni in diretta degli eventi del Papa, Exaudi cerca di rafforzare l'unit\u00e0 dei cristiani e di contribuire all'evangelizzazione del mondo, sempre guidato dalla dottrina sociale della Chiesa. Lavoriamo per portare la verit\u00e0 e i valori cristiani in ogni angolo del pianeta. Aiutaci a trasformare il mondo con Exaudi! Noi di Exaudi crediamo che l'evangelizzazione e l'informazione di qualit\u00e0 possano cambiare la vita. Per continuare la nostra missione ed espandere la nostra portata, abbiamo bisogno del tuo aiuto. Stiamo anche cercando persone motivate che vogliano unirsi al nostro team. Grazie al vostro sostegno raggiungeremo pi\u00f9 persone, diffonderemo il messaggio di Cristo e rafforzeremo l'unit\u00e0 dei cristiani. Vuoi unirti alla nostra missione? Per maggiori informazioni su come contribuire, visita Exaudi.org\/it o contattaci direttamente: info@exaudi.org Exaudi: informa, forma e trasforma.","sameAs":["https:\/\/www.facebook.com\/ExaudiNotizie\/","https:\/\/www.instagram.com\/Exaudi_notizie\/","https:\/\/x.com\/Exaudi_Notizie","https:\/\/www.youtube.com\/@exaudicatholicnews"],"url":"https:\/\/exaudi.org\/it\/author\/dlvedi-org\/"}]}},"jetpack_featured_media_url":"https:\/\/exaudi.org\/wp-content\/uploads\/2022\/02\/tratta.jpeg","jetpack_shortlink":"https:\/\/wp.me\/pgKjF2-dqw","_links":{"self":[{"href":"https:\/\/exaudi.org\/it\/wp-json\/wp\/v2\/posts\/51616","targetHints":{"allow":["GET"]}}],"collection":[{"href":"https:\/\/exaudi.org\/it\/wp-json\/wp\/v2\/posts"}],"about":[{"href":"https:\/\/exaudi.org\/it\/wp-json\/wp\/v2\/types\/post"}],"author":[{"embeddable":true,"href":"https:\/\/exaudi.org\/it\/wp-json\/wp\/v2\/users\/17"}],"replies":[{"embeddable":true,"href":"https:\/\/exaudi.org\/it\/wp-json\/wp\/v2\/comments?post=51616"}],"version-history":[{"count":0,"href":"https:\/\/exaudi.org\/it\/wp-json\/wp\/v2\/posts\/51616\/revisions"}],"wp:featuredmedia":[{"embeddable":true,"href":"https:\/\/exaudi.org\/it\/wp-json\/wp\/v2\/media\/51619"}],"wp:attachment":[{"href":"https:\/\/exaudi.org\/it\/wp-json\/wp\/v2\/media?parent=51616"}],"wp:term":[{"taxonomy":"category","embeddable":true,"href":"https:\/\/exaudi.org\/it\/wp-json\/wp\/v2\/categories?post=51616"},{"taxonomy":"post_tag","embeddable":true,"href":"https:\/\/exaudi.org\/it\/wp-json\/wp\/v2\/tags?post=51616"}],"curies":[{"name":"wp","href":"https:\/\/api.w.org\/{rel}","templated":true}]}}