{"id":51345,"date":"2022-02-05T13:14:59","date_gmt":"2022-02-05T12:14:59","guid":{"rendered":"https:\/\/exaudi.org\/?p=51345"},"modified":"2022-02-05T13:14:59","modified_gmt":"2022-02-05T12:14:59","slug":"la-statua-di-santa-bakhita-sara-donata-a-una-parrocchia-romana","status":"publish","type":"post","link":"https:\/\/exaudi.org\/it\/la-statua-di-santa-bakhita-sara-donata-a-una-parrocchia-romana\/","title":{"rendered":"La statua di Santa Bakhita sar\u00e0 donata a una parrocchia romana"},"content":{"rendered":"<p>La statua di Santa Bakhita realizzata dall\u2019artista canadese\u00a0Timothy Schmalz\u00a0\u2013 autore di \u201cAngels Unawares\u201d, la scultura dedicata ai migranti installata a piazza San Pietro \u2013 in occasione della Giornata contro la tratta sar\u00e0 affidata alla diocesi di Roma. Il tema della <a href=\"https:\/\/exaudi.org\/it\/giornata-contro-la-tratta-martedi-la-maratona-di-preghiera\/\">Giornata<\/a> \u00e8 \u201cLa forza della cura. Donne, economia, tratta di persone\u201d.<\/p>\n<p>La scultura rappresenta Santa Bakhita che apre una botola e libera donne e uomini tenuti in schiavit\u00f9. Verr\u00e0 collocata nella parrocchia di San Bernardo di Chiaravalle, nel quartiere di Centocelle. La statua sar\u00e0 presente all\u2019Angelus di domenica, al quale parteciper\u00e0 il Coordinamento diocesano anti tratta. Il Coordinamento raccoglie diverse realt\u00e0 impegnate nel contrasto a questo fenomeno e nel sostegno a coloro che ne sono vittime: Caritas diocesana, Usmi, Comunit\u00e0 di Sant\u2019Egidio, Associazione Papa Giovanni XXIII, Associazione Slaves No More, Fondazione Arch\u00e9, Ali di Speranza, Gruppo Raab, oltre alle unit\u00e0 di strada che svolgono il loro servizio in diversi luoghi della citt\u00e0.<\/p>\n<h2>A marzo la Via Crucis delle vittime della tratta<\/h2>\n<p>\u00abAbbiamo scelto quella parrocchia perch\u00e9 si trova su viale Palmiro Togliatti, una strada dove si incontrano molte ragazze vittime di tratta, e dove operano anche le unit\u00e0 di strada \u2013 spiega il vescovo Benoni Ambarus, delegato diocesano per la Carit\u00e0, i Migranti e la Pastorale dei rom e dei sinti \u2013 L\u2019Angelus di domenica dar\u00e0 in qualche modo il via a una serie di iniziative legate alla sensibilizzazione sul fenomeno della tratta. Per il 18 marzo, il Coordinamento diocesano anti tratta sta organizzando una Via Crucis nella XVI prefettura, che si snoder\u00e0 lungo viale Palmiro Togliatti, per concludersi proprio a San Bernardo\u00bb.<\/p>\n<h2>La testimonianza in un libro<\/h2>\n<p>Ancora, il 7 febbraio alle ore 21 si terr\u00e0 un momento di preghiera contro la tratta nella parrocchia di San Gabriele dell\u2019Addolorata, nel cui territorio ha sede la Casa del Magnificat di suor\u00a0Rita Giaretta, gi\u00e0 fondatrice di Casa Rut a Caserta. Durante la veglia, che sar\u00e0 presieduta dal parroco don\u00a0Antonio Lauri\u00a0e guidata dalla stessa religiosa,\u00a0centrale sar\u00e0 la testimonianza di\u00a0Joy\u00a0Ezechiel, sfuggita alla tratta, la cui storia \u00e8 stata raccontata da\u00a0Mariapia Bonante\u00a0nel libro \u201cIo sono Joy\u201d.<\/p>\n<p>\u00abCi saranno anche dei gesti significativi\u00a0\u2013 anticipa suor\u00a0Rita Giaretta\u00a0\u2013 Porteremo all\u2019altare un\u2019immagine di santa Bakhita, e sar\u00e0 proprio Joy a portarla. Inoltre, delle immagini di mani, per indicare che solo con l\u2019aiuto degli altri si pu\u00f2 intraprendere un cammino di libert\u00e0. Infine, una luce verde accesa, emblema di solidariet\u00e0. Ci sar\u00e0 anche un cesto con dei lumini e ciascuno dei presenti potr\u00e0 prenderne uno, portarlo a casa e accenderlo la sera seguente, a simboleggiare l\u2019impegno di tessere una rete per liberare l\u2019umanit\u00e0 da questo flagello\u00bb.<\/p>\n<h2>La maratona di preghiera<\/h2>\n<p>Alla maratona di preghiera mondiale on line nel giorno della memoria di Santa Bakhita partecipa anche la rete anti-tratta di Roma dell\u2019Usmi. \u201cAbbiamo preparato un video che sar\u00e0 proiettato l\u20198 febbraio\u201d anticipa la coordinatrice romana suor Maria Rosa Venturelli. \u201cL&#8217;abbiamo realizzato in una casa-famiglia di Avezzano dove ci sono alcune sorelle che aiutano le ragazze vittime di tratta. Quest\u2019anno la Giornata \u00e8 dedicata in particolare alle donne, anche se il fenomeno tratta ha diversi ambiti. C\u2019\u00e8 quello dello sfruttamento sessuale, dello sfruttamento lavorativo, dello sfruttamento dei minori anche per il commercio degli organi, e poi c\u2019\u00e8 il fenomeno delle bambine-spose. Tutti sono in continua evoluzione e cambiamento.<\/p>\n<p>Oggi, ad esempio, ci sono meno ragazze sulle strade di Roma ma di pi\u00f9 negli appartamenti; ci sono pi\u00f9 giovani donne provenienti dall\u2019Europa dell\u2019Est e meno dall\u2019Africa, rispetto a qualche anno fa. Inoltre, quelle che vogliono sfuggire alla prostituzione sono molto spesso madri, con uno o anche due bambini. Lle case-famiglia che si occupano di ospitare queste donne devono evolversi per sostenere le nuove sfide\u201d.<\/p>\n","protected":false},"excerpt":{"rendered":"<p>In un quartiere dove si trovano molte ragazze vittime della tratta<\/p>\n","protected":false},"author":17,"featured_media":51346,"comment_status":"closed","ping_status":"closed","sticky":false,"template":"","format":"standard","meta":{"_acf_changed":false,"_crdt_document":"","inline_featured_image":false,"footnotes":""},"categories":[73],"tags":[5787,5786],"class_list":["post-51345","post","type-post","status-publish","format-standard","has-post-thumbnail","hentry","category-chiesa-e-mondo","tag-santa-bakhita","tag-tratta"],"acf":[],"yoast_head":"<!-- This site is optimized with the Yoast SEO plugin v27.4 - https:\/\/yoast.com\/product\/yoast-seo-wordpress\/ -->\n<title>La statua di Santa Bakhita sar\u00e0 donata a una parrocchia romana &#8211; Exaudi<\/title>\n<meta name=\"description\" content=\"Giornata contro la tratta: la statua di Santa Bakhita sar\u00e0 donata a una parrocchia romana in una zona dove si trovano molte vittime\" \/>\n<meta name=\"robots\" content=\"index, follow, max-snippet:-1, max-image-preview:large, max-video-preview:-1\" \/>\n<link rel=\"canonical\" href=\"https:\/\/exaudi.org\/it\/la-statua-di-santa-bakhita-sara-donata-a-una-parrocchia-romana\/\" \/>\n<meta property=\"og:locale\" content=\"it_IT\" \/>\n<meta property=\"og:type\" content=\"article\" \/>\n<meta property=\"og:title\" content=\"La statua di Santa Bakhita sar\u00e0 donata a una parrocchia romana &#8211; Exaudi\" \/>\n<meta property=\"og:description\" content=\"Giornata contro la tratta: la statua di Santa Bakhita sar\u00e0 donata a una parrocchia romana in una zona dove si trovano molte vittime\" \/>\n<meta property=\"og:url\" content=\"https:\/\/exaudi.org\/it\/la-statua-di-santa-bakhita-sara-donata-a-una-parrocchia-romana\/\" \/>\n<meta property=\"og:site_name\" content=\"Exaudi\" \/>\n<meta property=\"article:publisher\" content=\"https:\/\/www.facebook.com\/ExaudiNews\" \/>\n<meta property=\"article:author\" content=\"https:\/\/www.facebook.com\/ExaudiNotizie\/\" \/>\n<meta property=\"article:published_time\" content=\"2022-02-05T12:14:59+00:00\" \/>\n<meta property=\"og:image\" content=\"https:\/\/exaudi.org\/wp-content\/uploads\/2022\/02\/Santa-Bakhita_@MargheritaMirabella.jpg\" \/>\n\t<meta property=\"og:image:width\" content=\"2270\" \/>\n\t<meta property=\"og:image:height\" content=\"1514\" \/>\n\t<meta property=\"og:image:type\" content=\"image\/jpeg\" \/>\n<meta name=\"author\" content=\"Exaudi Redazione\" \/>\n<meta name=\"twitter:card\" content=\"summary_large_image\" \/>\n<meta name=\"twitter:creator\" content=\"@Exaudi_Notizie\" \/>\n<meta name=\"twitter:site\" content=\"@Exaudi_News\" \/>\n<meta name=\"twitter:label1\" content=\"Scritto da\" \/>\n\t<meta name=\"twitter:data1\" content=\"Exaudi Redazione\" \/>\n\t<meta name=\"twitter:label2\" content=\"Tempo di lettura stimato\" \/>\n\t<meta name=\"twitter:data2\" content=\"4 minuti\" \/>\n<script type=\"application\/ld+json\" class=\"yoast-schema-graph\">{\"@context\":\"https:\\\/\\\/schema.org\",\"@graph\":[{\"@type\":\"Article\",\"@id\":\"https:\\\/\\\/exaudi.org\\\/it\\\/la-statua-di-santa-bakhita-sara-donata-a-una-parrocchia-romana\\\/#article\",\"isPartOf\":{\"@id\":\"https:\\\/\\\/exaudi.org\\\/it\\\/la-statua-di-santa-bakhita-sara-donata-a-una-parrocchia-romana\\\/\"},\"author\":{\"name\":\"Exaudi Redazione\",\"@id\":\"https:\\\/\\\/exaudi.org\\\/#\\\/schema\\\/person\\\/e1ab6ed07c01774724dd96f925f3a5f0\"},\"headline\":\"La statua di Santa Bakhita sar\u00e0 donata a una parrocchia romana\",\"datePublished\":\"2022-02-05T12:14:59+00:00\",\"mainEntityOfPage\":{\"@id\":\"https:\\\/\\\/exaudi.org\\\/it\\\/la-statua-di-santa-bakhita-sara-donata-a-una-parrocchia-romana\\\/\"},\"wordCount\":631,\"image\":{\"@id\":\"https:\\\/\\\/exaudi.org\\\/it\\\/la-statua-di-santa-bakhita-sara-donata-a-una-parrocchia-romana\\\/#primaryimage\"},\"thumbnailUrl\":\"https:\\\/\\\/exaudi.org\\\/wp-content\\\/uploads\\\/2022\\\/02\\\/Santa-Bakhita_@MargheritaMirabella.jpg\",\"keywords\":[\"Santa Bakhita\",\"tratta\"],\"articleSection\":[\"Chiesa e Mondo\"],\"inLanguage\":\"it-IT\"},{\"@type\":\"WebPage\",\"@id\":\"https:\\\/\\\/exaudi.org\\\/it\\\/la-statua-di-santa-bakhita-sara-donata-a-una-parrocchia-romana\\\/\",\"url\":\"https:\\\/\\\/exaudi.org\\\/it\\\/la-statua-di-santa-bakhita-sara-donata-a-una-parrocchia-romana\\\/\",\"name\":\"La statua di Santa Bakhita sar\u00e0 donata a una parrocchia romana &#8211; Exaudi\",\"isPartOf\":{\"@id\":\"https:\\\/\\\/exaudi.org\\\/#website\"},\"primaryImageOfPage\":{\"@id\":\"https:\\\/\\\/exaudi.org\\\/it\\\/la-statua-di-santa-bakhita-sara-donata-a-una-parrocchia-romana\\\/#primaryimage\"},\"image\":{\"@id\":\"https:\\\/\\\/exaudi.org\\\/it\\\/la-statua-di-santa-bakhita-sara-donata-a-una-parrocchia-romana\\\/#primaryimage\"},\"thumbnailUrl\":\"https:\\\/\\\/exaudi.org\\\/wp-content\\\/uploads\\\/2022\\\/02\\\/Santa-Bakhita_@MargheritaMirabella.jpg\",\"datePublished\":\"2022-02-05T12:14:59+00:00\",\"author\":{\"@id\":\"https:\\\/\\\/exaudi.org\\\/#\\\/schema\\\/person\\\/e1ab6ed07c01774724dd96f925f3a5f0\"},\"description\":\"Giornata contro la tratta: la statua di Santa Bakhita sar\u00e0 donata a una parrocchia romana in una zona dove si trovano molte vittime\",\"breadcrumb\":{\"@id\":\"https:\\\/\\\/exaudi.org\\\/it\\\/la-statua-di-santa-bakhita-sara-donata-a-una-parrocchia-romana\\\/#breadcrumb\"},\"inLanguage\":\"it-IT\",\"potentialAction\":[{\"@type\":\"ReadAction\",\"target\":[\"https:\\\/\\\/exaudi.org\\\/it\\\/la-statua-di-santa-bakhita-sara-donata-a-una-parrocchia-romana\\\/\"]}]},{\"@type\":\"ImageObject\",\"inLanguage\":\"it-IT\",\"@id\":\"https:\\\/\\\/exaudi.org\\\/it\\\/la-statua-di-santa-bakhita-sara-donata-a-una-parrocchia-romana\\\/#primaryimage\",\"url\":\"https:\\\/\\\/exaudi.org\\\/wp-content\\\/uploads\\\/2022\\\/02\\\/Santa-Bakhita_@MargheritaMirabella.jpg\",\"contentUrl\":\"https:\\\/\\\/exaudi.org\\\/wp-content\\\/uploads\\\/2022\\\/02\\\/Santa-Bakhita_@MargheritaMirabella.jpg\",\"width\":2270,\"height\":1514,\"caption\":\"Un particolare della statua di Santa Bakhita @MargheritaMirabella\"},{\"@type\":\"BreadcrumbList\",\"@id\":\"https:\\\/\\\/exaudi.org\\\/it\\\/la-statua-di-santa-bakhita-sara-donata-a-una-parrocchia-romana\\\/#breadcrumb\",\"itemListElement\":[{\"@type\":\"ListItem\",\"position\":1,\"name\":\"Portada\",\"item\":\"https:\\\/\\\/exaudi.org\\\/it\\\/\"},{\"@type\":\"ListItem\",\"position\":2,\"name\":\"La statua di Santa Bakhita sar\u00e0 donata a una parrocchia romana\"}]},{\"@type\":\"WebSite\",\"@id\":\"https:\\\/\\\/exaudi.org\\\/#website\",\"url\":\"https:\\\/\\\/exaudi.org\\\/\",\"name\":\"Exaudi\",\"description\":\"News\",\"potentialAction\":[{\"@type\":\"SearchAction\",\"target\":{\"@type\":\"EntryPoint\",\"urlTemplate\":\"https:\\\/\\\/exaudi.org\\\/?s={search_term_string}\"},\"query-input\":{\"@type\":\"PropertyValueSpecification\",\"valueRequired\":true,\"valueName\":\"search_term_string\"}}],\"inLanguage\":\"it-IT\"},{\"@type\":\"Person\",\"@id\":\"https:\\\/\\\/exaudi.org\\\/#\\\/schema\\\/person\\\/e1ab6ed07c01774724dd96f925f3a5f0\",\"name\":\"Exaudi Redazione\",\"image\":{\"@type\":\"ImageObject\",\"inLanguage\":\"it-IT\",\"@id\":\"https:\\\/\\\/secure.gravatar.com\\\/avatar\\\/ad6774b3ada023bf5b939d64f45c94b3adf91502dd883507d469b4308a943bb3?s=96&d=mm&r=g\",\"url\":\"https:\\\/\\\/secure.gravatar.com\\\/avatar\\\/ad6774b3ada023bf5b939d64f45c94b3adf91502dd883507d469b4308a943bb3?s=96&d=mm&r=g\",\"contentUrl\":\"https:\\\/\\\/secure.gravatar.com\\\/avatar\\\/ad6774b3ada023bf5b939d64f45c94b3adf91502dd883507d469b4308a943bb3?s=96&d=mm&r=g\",\"caption\":\"Exaudi Redazione\"},\"description\":\"Che cosa \u00e8 Exaudi News? Exaudi News \u00e8 un agenzia cattolica internazionale che informa, istruisce e trasforma quotidianamente in spagnolo, inglese e italiano. Attraverso notizie, articoli di analisi e trasmissioni in diretta degli eventi del Papa, Exaudi cerca di rafforzare l'unit\u00e0 dei cristiani e di contribuire all'evangelizzazione del mondo, sempre guidato dalla dottrina sociale della Chiesa. Lavoriamo per portare la verit\u00e0 e i valori cristiani in ogni angolo del pianeta. Aiutaci a trasformare il mondo con Exaudi! Noi di Exaudi crediamo che l'evangelizzazione e l'informazione di qualit\u00e0 possano cambiare la vita. Per continuare la nostra missione ed espandere la nostra portata, abbiamo bisogno del tuo aiuto. Stiamo anche cercando persone motivate che vogliano unirsi al nostro team. Grazie al vostro sostegno raggiungeremo pi\u00f9 persone, diffonderemo il messaggio di Cristo e rafforzeremo l'unit\u00e0 dei cristiani. Vuoi unirti alla nostra missione? Per maggiori informazioni su come contribuire, visita Exaudi.org\\\/it o contattaci direttamente: info@exaudi.org Exaudi: informa, forma e trasforma.\",\"sameAs\":[\"https:\\\/\\\/www.facebook.com\\\/ExaudiNotizie\\\/\",\"https:\\\/\\\/www.instagram.com\\\/Exaudi_notizie\\\/\",\"https:\\\/\\\/x.com\\\/Exaudi_Notizie\",\"https:\\\/\\\/www.youtube.com\\\/@exaudicatholicnews\"],\"url\":\"https:\\\/\\\/exaudi.org\\\/it\\\/author\\\/dlvedi-org\\\/\"}]}<\/script>\n<!-- \/ Yoast SEO plugin. -->","yoast_head_json":{"title":"La statua di Santa Bakhita sar\u00e0 donata a una parrocchia romana &#8211; Exaudi","description":"Giornata contro la tratta: la statua di Santa Bakhita sar\u00e0 donata a una parrocchia romana in una zona dove si trovano molte vittime","robots":{"index":"index","follow":"follow","max-snippet":"max-snippet:-1","max-image-preview":"max-image-preview:large","max-video-preview":"max-video-preview:-1"},"canonical":"https:\/\/exaudi.org\/it\/la-statua-di-santa-bakhita-sara-donata-a-una-parrocchia-romana\/","og_locale":"it_IT","og_type":"article","og_title":"La statua di Santa Bakhita sar\u00e0 donata a una parrocchia romana &#8211; Exaudi","og_description":"Giornata contro la tratta: la statua di Santa Bakhita sar\u00e0 donata a una parrocchia romana in una zona dove si trovano molte vittime","og_url":"https:\/\/exaudi.org\/it\/la-statua-di-santa-bakhita-sara-donata-a-una-parrocchia-romana\/","og_site_name":"Exaudi","article_publisher":"https:\/\/www.facebook.com\/ExaudiNews","article_author":"https:\/\/www.facebook.com\/ExaudiNotizie\/","article_published_time":"2022-02-05T12:14:59+00:00","og_image":[{"width":2270,"height":1514,"url":"https:\/\/exaudi.org\/wp-content\/uploads\/2022\/02\/Santa-Bakhita_@MargheritaMirabella.jpg","type":"image\/jpeg"}],"author":"Exaudi Redazione","twitter_card":"summary_large_image","twitter_creator":"@Exaudi_Notizie","twitter_site":"@Exaudi_News","twitter_misc":{"Scritto da":"Exaudi Redazione","Tempo di lettura stimato":"4 minuti"},"schema":{"@context":"https:\/\/schema.org","@graph":[{"@type":"Article","@id":"https:\/\/exaudi.org\/it\/la-statua-di-santa-bakhita-sara-donata-a-una-parrocchia-romana\/#article","isPartOf":{"@id":"https:\/\/exaudi.org\/it\/la-statua-di-santa-bakhita-sara-donata-a-una-parrocchia-romana\/"},"author":{"name":"Exaudi Redazione","@id":"https:\/\/exaudi.org\/#\/schema\/person\/e1ab6ed07c01774724dd96f925f3a5f0"},"headline":"La statua di Santa Bakhita sar\u00e0 donata a una parrocchia romana","datePublished":"2022-02-05T12:14:59+00:00","mainEntityOfPage":{"@id":"https:\/\/exaudi.org\/it\/la-statua-di-santa-bakhita-sara-donata-a-una-parrocchia-romana\/"},"wordCount":631,"image":{"@id":"https:\/\/exaudi.org\/it\/la-statua-di-santa-bakhita-sara-donata-a-una-parrocchia-romana\/#primaryimage"},"thumbnailUrl":"https:\/\/exaudi.org\/wp-content\/uploads\/2022\/02\/Santa-Bakhita_@MargheritaMirabella.jpg","keywords":["Santa Bakhita","tratta"],"articleSection":["Chiesa e Mondo"],"inLanguage":"it-IT"},{"@type":"WebPage","@id":"https:\/\/exaudi.org\/it\/la-statua-di-santa-bakhita-sara-donata-a-una-parrocchia-romana\/","url":"https:\/\/exaudi.org\/it\/la-statua-di-santa-bakhita-sara-donata-a-una-parrocchia-romana\/","name":"La statua di Santa Bakhita sar\u00e0 donata a una parrocchia romana &#8211; Exaudi","isPartOf":{"@id":"https:\/\/exaudi.org\/#website"},"primaryImageOfPage":{"@id":"https:\/\/exaudi.org\/it\/la-statua-di-santa-bakhita-sara-donata-a-una-parrocchia-romana\/#primaryimage"},"image":{"@id":"https:\/\/exaudi.org\/it\/la-statua-di-santa-bakhita-sara-donata-a-una-parrocchia-romana\/#primaryimage"},"thumbnailUrl":"https:\/\/exaudi.org\/wp-content\/uploads\/2022\/02\/Santa-Bakhita_@MargheritaMirabella.jpg","datePublished":"2022-02-05T12:14:59+00:00","author":{"@id":"https:\/\/exaudi.org\/#\/schema\/person\/e1ab6ed07c01774724dd96f925f3a5f0"},"description":"Giornata contro la tratta: la statua di Santa Bakhita sar\u00e0 donata a una parrocchia romana in una zona dove si trovano molte vittime","breadcrumb":{"@id":"https:\/\/exaudi.org\/it\/la-statua-di-santa-bakhita-sara-donata-a-una-parrocchia-romana\/#breadcrumb"},"inLanguage":"it-IT","potentialAction":[{"@type":"ReadAction","target":["https:\/\/exaudi.org\/it\/la-statua-di-santa-bakhita-sara-donata-a-una-parrocchia-romana\/"]}]},{"@type":"ImageObject","inLanguage":"it-IT","@id":"https:\/\/exaudi.org\/it\/la-statua-di-santa-bakhita-sara-donata-a-una-parrocchia-romana\/#primaryimage","url":"https:\/\/exaudi.org\/wp-content\/uploads\/2022\/02\/Santa-Bakhita_@MargheritaMirabella.jpg","contentUrl":"https:\/\/exaudi.org\/wp-content\/uploads\/2022\/02\/Santa-Bakhita_@MargheritaMirabella.jpg","width":2270,"height":1514,"caption":"Un particolare della statua di Santa Bakhita @MargheritaMirabella"},{"@type":"BreadcrumbList","@id":"https:\/\/exaudi.org\/it\/la-statua-di-santa-bakhita-sara-donata-a-una-parrocchia-romana\/#breadcrumb","itemListElement":[{"@type":"ListItem","position":1,"name":"Portada","item":"https:\/\/exaudi.org\/it\/"},{"@type":"ListItem","position":2,"name":"La statua di Santa Bakhita sar\u00e0 donata a una parrocchia romana"}]},{"@type":"WebSite","@id":"https:\/\/exaudi.org\/#website","url":"https:\/\/exaudi.org\/","name":"Exaudi","description":"News","potentialAction":[{"@type":"SearchAction","target":{"@type":"EntryPoint","urlTemplate":"https:\/\/exaudi.org\/?s={search_term_string}"},"query-input":{"@type":"PropertyValueSpecification","valueRequired":true,"valueName":"search_term_string"}}],"inLanguage":"it-IT"},{"@type":"Person","@id":"https:\/\/exaudi.org\/#\/schema\/person\/e1ab6ed07c01774724dd96f925f3a5f0","name":"Exaudi Redazione","image":{"@type":"ImageObject","inLanguage":"it-IT","@id":"https:\/\/secure.gravatar.com\/avatar\/ad6774b3ada023bf5b939d64f45c94b3adf91502dd883507d469b4308a943bb3?s=96&d=mm&r=g","url":"https:\/\/secure.gravatar.com\/avatar\/ad6774b3ada023bf5b939d64f45c94b3adf91502dd883507d469b4308a943bb3?s=96&d=mm&r=g","contentUrl":"https:\/\/secure.gravatar.com\/avatar\/ad6774b3ada023bf5b939d64f45c94b3adf91502dd883507d469b4308a943bb3?s=96&d=mm&r=g","caption":"Exaudi Redazione"},"description":"Che cosa \u00e8 Exaudi News? Exaudi News \u00e8 un agenzia cattolica internazionale che informa, istruisce e trasforma quotidianamente in spagnolo, inglese e italiano. Attraverso notizie, articoli di analisi e trasmissioni in diretta degli eventi del Papa, Exaudi cerca di rafforzare l'unit\u00e0 dei cristiani e di contribuire all'evangelizzazione del mondo, sempre guidato dalla dottrina sociale della Chiesa. Lavoriamo per portare la verit\u00e0 e i valori cristiani in ogni angolo del pianeta. Aiutaci a trasformare il mondo con Exaudi! Noi di Exaudi crediamo che l'evangelizzazione e l'informazione di qualit\u00e0 possano cambiare la vita. Per continuare la nostra missione ed espandere la nostra portata, abbiamo bisogno del tuo aiuto. Stiamo anche cercando persone motivate che vogliano unirsi al nostro team. Grazie al vostro sostegno raggiungeremo pi\u00f9 persone, diffonderemo il messaggio di Cristo e rafforzeremo l'unit\u00e0 dei cristiani. Vuoi unirti alla nostra missione? Per maggiori informazioni su come contribuire, visita Exaudi.org\/it o contattaci direttamente: info@exaudi.org Exaudi: informa, forma e trasforma.","sameAs":["https:\/\/www.facebook.com\/ExaudiNotizie\/","https:\/\/www.instagram.com\/Exaudi_notizie\/","https:\/\/x.com\/Exaudi_Notizie","https:\/\/www.youtube.com\/@exaudicatholicnews"],"url":"https:\/\/exaudi.org\/it\/author\/dlvedi-org\/"}]}},"jetpack_featured_media_url":"https:\/\/exaudi.org\/wp-content\/uploads\/2022\/02\/Santa-Bakhita_@MargheritaMirabella.jpg","jetpack_shortlink":"https:\/\/wp.me\/pgKjF2-dm9","_links":{"self":[{"href":"https:\/\/exaudi.org\/it\/wp-json\/wp\/v2\/posts\/51345","targetHints":{"allow":["GET"]}}],"collection":[{"href":"https:\/\/exaudi.org\/it\/wp-json\/wp\/v2\/posts"}],"about":[{"href":"https:\/\/exaudi.org\/it\/wp-json\/wp\/v2\/types\/post"}],"author":[{"embeddable":true,"href":"https:\/\/exaudi.org\/it\/wp-json\/wp\/v2\/users\/17"}],"replies":[{"embeddable":true,"href":"https:\/\/exaudi.org\/it\/wp-json\/wp\/v2\/comments?post=51345"}],"version-history":[{"count":0,"href":"https:\/\/exaudi.org\/it\/wp-json\/wp\/v2\/posts\/51345\/revisions"}],"wp:featuredmedia":[{"embeddable":true,"href":"https:\/\/exaudi.org\/it\/wp-json\/wp\/v2\/media\/51346"}],"wp:attachment":[{"href":"https:\/\/exaudi.org\/it\/wp-json\/wp\/v2\/media?parent=51345"}],"wp:term":[{"taxonomy":"category","embeddable":true,"href":"https:\/\/exaudi.org\/it\/wp-json\/wp\/v2\/categories?post=51345"},{"taxonomy":"post_tag","embeddable":true,"href":"https:\/\/exaudi.org\/it\/wp-json\/wp\/v2\/tags?post=51345"}],"curies":[{"name":"wp","href":"https:\/\/api.w.org\/{rel}","templated":true}]}}