{"id":51340,"date":"2022-02-05T12:48:28","date_gmt":"2022-02-05T11:48:28","guid":{"rendered":"https:\/\/exaudi.org\/?p=51340"},"modified":"2022-02-05T12:48:28","modified_gmt":"2022-02-05T11:48:28","slug":"giornata-contro-la-tratta-martedi-la-maratona-di-preghiera","status":"publish","type":"post","link":"https:\/\/exaudi.org\/it\/giornata-contro-la-tratta-martedi-la-maratona-di-preghiera\/","title":{"rendered":"Giornata contro la tratta: marted\u00ec la maratona di preghiera"},"content":{"rendered":"<p>Marted\u00ec 8 febbraio si svolger\u00e0 l\u2019ottava Giornata mondiale di preghiera e riflessione contro la tratta di persone. Il tema \u00e8 \u201cLa forza della cura. Donne, economia e tratta di persone\u201d. Nella giornata in cui si celebra la memoria liturgica di Santa Bakhita, simbolo universale dell&#8217;impegno della Chiesa contro la tratta, l\u2019umanit\u00e0 impegnata per contrastare questo fenomeno si unir\u00e0 in una maratona online di preghiera dalle 9.00 alle 17.00. Seguendo i diversi fusi orari, la maratona prender\u00e0 il via da Oceania, Asia e Medio Oriente. Passer\u00e0 poi in Africa, Europa, Sud America e concludersi con il Nord America. Sar\u00e0 trasmessa in diretta streaming in cinque lingue (francese, inglese, italiano, portoghese, spagnolo) nel sito della giornata <a href=\"http:\/\/www.preghieracontrotratta.org\">www.preghieracontrotratta.org<\/a><\/p>\n<h2>Le testimonianze<\/h2>\n<p>Le testimonianze arriveranno da oltre 30 Paesi. Saranno religiose e consacrati, ma anche sopravvissute, attivisti, volontari, economiste, imprenditrici. Anche quest\u2019anno \u00e8 atteso un messaggio di Papa Francesco, che ha introdotto nel 2015 questa Giornata Mondiale di Preghiera e Riflessione contro la Tratta.<\/p>\n<h2>Appuntamento all\u2019Angelus<\/h2>\n<p>Domenica 6 Febbraio, vigilia dell\u2019evento, l\u2019appuntamento sar\u00e0 alla Preghiera dell\u2019Angelus con il Santo Padre in Piazza San Pietro. Ci sar\u00e0 anche la statua di Santa Bakhita dell\u2019artista Timothy Schmaltz \u201cLet the oppressed go free\u201d. L\u2019opera d\u2019arte \u00e8 dedicata alle vittime della tratta e a tutte le donne, particolarmente alle suore impegnate per la loro liberazione.<\/p>\n<p>L\u2019evento \u00e8 coordinato da Talitha Kum, la rete internazionale anti-tratta di oltre 3000 suore, amici e partner in tutto il mondo. E&#8217; promosso dalle Unioni Internazionali delle Superiore e dei Superiori Generali, in partenariato con la Sezione Migranti e Rifugiati del Dicastero per il Servizio allo Sviluppo Umano Integrale, Caritas Internationalis, l\u2019Unione Mondiale delle Organizzazioni Femminili Cattoliche, il Movimento dei Focolari, il Jesuit Refugee Service e tante altre organizzazioni in tutto il mondo.<\/p>\n<h2>La forza della cura<\/h2>\n<p>Il comitato promotore della giornata ha deciso quest\u2019anno di mettere al centro la forza della cura e le donne. Secondo i dati delle Nazioni Unite, le bambine e le donne rappresentano il 72% delle vittime identificate della tratta. I due terzi degli analfabeti del mondo sono donne. Il tasso di partecipazione alla forza lavoro, tra i 25 e i 54 anni, \u00e8 del 90% per gli uomini e poco meno di due terzi per le donne. Il 30% delle giovani donne non studia, non lavora, non segue corsi di formazione. Questi sono solo alcuni degli indicatori della disparit\u00e0 e ingiustizia vissuta dalle donne nelle nostre societ\u00e0. Una condizione di vulnerabilit\u00e0 che le espone maggiormente al rischio di violenza, tratta e sfruttamento.<\/p>\n<p>Le donne non sono da considerarsi vittime, ma agenti di cambiamento. \u00c8 necessario quindi che si trasformi il modello socio-economico attuale che sta alla base della tratta, realizzando con urgenza un\u2019economia della cura delle persone e della casa comune.<\/p>\n<p>\u201cLa pandemia ha aumentato il business della tratta, le condizioni di vulnerabilit\u00e0 per le persone pi\u00f9 a rischio e le disuguaglianze tra uomini e donne. Tutto questo va affrontato con coraggio. Noi donne, dunque, dobbiamo assumere un ruolo da protagoniste per promuovere un sistema economico nuovo, fondato sulla forza della cura. Con questa Giornata rifletteremo insieme per approfondire le cause della tratta ed individuare possibili cammini di liberazione. La violenza causata dallo sfruttamento pu\u00f2 essere trasformata con gesti di cura e di solidariet\u00e0. Tutti siamo chiamati a custodire la dignit\u00e0 di ogni persona.\u201d dichiara Suor Gabriella Bottani, coordinatrice della giornata.<\/p>\n<h2>La giornata su Twitter<\/h2>\n<p>Gli organizzatori invitano tutti marted\u00ec 8 febbraio, tra le 13.30 e le 14.30, a dedicare un tweet alla Giornata usando l\u2019hashtag ufficiale dell\u2019evento #PrayAgainstTrafficking.<\/p>\n","protected":false},"excerpt":{"rendered":"<p>All\u2019Angelus di domenica 6 la presentazione al Papa di una scultura di Santa Bakhita<\/p>\n","protected":false},"author":17,"featured_media":51341,"comment_status":"closed","ping_status":"closed","sticky":false,"template":"","format":"standard","meta":{"_acf_changed":false,"_crdt_document":"","inline_featured_image":false,"footnotes":""},"categories":[73],"tags":[2487,251,5787,5786],"class_list":["post-51340","post","type-post","status-publish","format-standard","has-post-thumbnail","hentry","category-chiesa-e-mondo","tag-featured-3","tag-papa-francesco","tag-santa-bakhita","tag-tratta"],"acf":[],"yoast_head":"<!-- This site is optimized with the Yoast SEO plugin v27.5 - https:\/\/yoast.com\/product\/yoast-seo-wordpress\/ -->\n<title>Giornata contro la tratta: marted\u00ec la maratona di preghiera &#8211; Exaudi<\/title>\n<meta name=\"description\" content=\"Si terr\u00e0 marted\u00ec la maratona di preghiera per la Giornata contro la tratta. Domenica in piazza S. Pietro la statua di santa Bakhita\" \/>\n<meta name=\"robots\" content=\"index, follow, max-snippet:-1, max-image-preview:large, max-video-preview:-1\" \/>\n<link rel=\"canonical\" href=\"https:\/\/exaudi.org\/it\/giornata-contro-la-tratta-martedi-la-maratona-di-preghiera\/\" \/>\n<meta property=\"og:locale\" content=\"it_IT\" \/>\n<meta property=\"og:type\" content=\"article\" \/>\n<meta property=\"og:title\" content=\"Giornata contro la tratta: marted\u00ec la maratona di preghiera &#8211; Exaudi\" \/>\n<meta property=\"og:description\" content=\"Si terr\u00e0 marted\u00ec la maratona di preghiera per la Giornata contro la tratta. Domenica in piazza S. Pietro la statua di santa Bakhita\" \/>\n<meta property=\"og:url\" content=\"https:\/\/exaudi.org\/it\/giornata-contro-la-tratta-martedi-la-maratona-di-preghiera\/\" \/>\n<meta property=\"og:site_name\" content=\"Exaudi\" \/>\n<meta property=\"article:publisher\" content=\"https:\/\/www.facebook.com\/ExaudiNews\" \/>\n<meta property=\"article:author\" content=\"https:\/\/www.facebook.com\/ExaudiNotizie\/\" \/>\n<meta property=\"article:published_time\" content=\"2022-02-05T11:48:28+00:00\" \/>\n<meta property=\"og:image\" content=\"https:\/\/exaudi.org\/wp-content\/uploads\/2022\/02\/Santa-Bakhita_fondo-nero_@MargheritaMirabella-1-scaled.jpg\" \/>\n\t<meta property=\"og:image:width\" content=\"2560\" \/>\n\t<meta property=\"og:image:height\" content=\"1693\" \/>\n\t<meta property=\"og:image:type\" content=\"image\/jpeg\" \/>\n<meta name=\"author\" content=\"Exaudi Redazione\" \/>\n<meta name=\"twitter:card\" content=\"summary_large_image\" \/>\n<meta name=\"twitter:creator\" content=\"@Exaudi_Notizie\" \/>\n<meta name=\"twitter:site\" content=\"@Exaudi_News\" \/>\n<meta name=\"twitter:label1\" content=\"Scritto da\" \/>\n\t<meta name=\"twitter:data1\" content=\"Exaudi Redazione\" \/>\n\t<meta name=\"twitter:label2\" content=\"Tempo di lettura stimato\" \/>\n\t<meta name=\"twitter:data2\" content=\"4 minuti\" \/>\n<script type=\"application\/ld+json\" class=\"yoast-schema-graph\">{\"@context\":\"https:\\\/\\\/schema.org\",\"@graph\":[{\"@type\":\"Article\",\"@id\":\"https:\\\/\\\/exaudi.org\\\/it\\\/giornata-contro-la-tratta-martedi-la-maratona-di-preghiera\\\/#article\",\"isPartOf\":{\"@id\":\"https:\\\/\\\/exaudi.org\\\/it\\\/giornata-contro-la-tratta-martedi-la-maratona-di-preghiera\\\/\"},\"author\":{\"name\":\"Exaudi Redazione\",\"@id\":\"https:\\\/\\\/exaudi.org\\\/#\\\/schema\\\/person\\\/e1ab6ed07c01774724dd96f925f3a5f0\"},\"headline\":\"Giornata contro la tratta: marted\u00ec la maratona di preghiera\",\"datePublished\":\"2022-02-05T11:48:28+00:00\",\"mainEntityOfPage\":{\"@id\":\"https:\\\/\\\/exaudi.org\\\/it\\\/giornata-contro-la-tratta-martedi-la-maratona-di-preghiera\\\/\"},\"wordCount\":588,\"image\":{\"@id\":\"https:\\\/\\\/exaudi.org\\\/it\\\/giornata-contro-la-tratta-martedi-la-maratona-di-preghiera\\\/#primaryimage\"},\"thumbnailUrl\":\"https:\\\/\\\/exaudi.org\\\/wp-content\\\/uploads\\\/2022\\\/02\\\/Santa-Bakhita_fondo-nero_@MargheritaMirabella-1-scaled.jpg\",\"keywords\":[\"Featured\",\"Papa Francesco\",\"Santa Bakhita\",\"tratta\"],\"articleSection\":[\"Chiesa e Mondo\"],\"inLanguage\":\"it-IT\"},{\"@type\":\"WebPage\",\"@id\":\"https:\\\/\\\/exaudi.org\\\/it\\\/giornata-contro-la-tratta-martedi-la-maratona-di-preghiera\\\/\",\"url\":\"https:\\\/\\\/exaudi.org\\\/it\\\/giornata-contro-la-tratta-martedi-la-maratona-di-preghiera\\\/\",\"name\":\"Giornata contro la tratta: marted\u00ec la maratona di preghiera &#8211; Exaudi\",\"isPartOf\":{\"@id\":\"https:\\\/\\\/exaudi.org\\\/#website\"},\"primaryImageOfPage\":{\"@id\":\"https:\\\/\\\/exaudi.org\\\/it\\\/giornata-contro-la-tratta-martedi-la-maratona-di-preghiera\\\/#primaryimage\"},\"image\":{\"@id\":\"https:\\\/\\\/exaudi.org\\\/it\\\/giornata-contro-la-tratta-martedi-la-maratona-di-preghiera\\\/#primaryimage\"},\"thumbnailUrl\":\"https:\\\/\\\/exaudi.org\\\/wp-content\\\/uploads\\\/2022\\\/02\\\/Santa-Bakhita_fondo-nero_@MargheritaMirabella-1-scaled.jpg\",\"datePublished\":\"2022-02-05T11:48:28+00:00\",\"author\":{\"@id\":\"https:\\\/\\\/exaudi.org\\\/#\\\/schema\\\/person\\\/e1ab6ed07c01774724dd96f925f3a5f0\"},\"description\":\"Si terr\u00e0 marted\u00ec la maratona di preghiera per la Giornata contro la tratta. Domenica in piazza S. Pietro la statua di santa Bakhita\",\"breadcrumb\":{\"@id\":\"https:\\\/\\\/exaudi.org\\\/it\\\/giornata-contro-la-tratta-martedi-la-maratona-di-preghiera\\\/#breadcrumb\"},\"inLanguage\":\"it-IT\",\"potentialAction\":[{\"@type\":\"ReadAction\",\"target\":[\"https:\\\/\\\/exaudi.org\\\/it\\\/giornata-contro-la-tratta-martedi-la-maratona-di-preghiera\\\/\"]}]},{\"@type\":\"ImageObject\",\"inLanguage\":\"it-IT\",\"@id\":\"https:\\\/\\\/exaudi.org\\\/it\\\/giornata-contro-la-tratta-martedi-la-maratona-di-preghiera\\\/#primaryimage\",\"url\":\"https:\\\/\\\/exaudi.org\\\/wp-content\\\/uploads\\\/2022\\\/02\\\/Santa-Bakhita_fondo-nero_@MargheritaMirabella-1-scaled.jpg\",\"contentUrl\":\"https:\\\/\\\/exaudi.org\\\/wp-content\\\/uploads\\\/2022\\\/02\\\/Santa-Bakhita_fondo-nero_@MargheritaMirabella-1-scaled.jpg\",\"width\":2560,\"height\":1693,\"caption\":\"La statua di Santa Bakhita @MargheritaMirabella\"},{\"@type\":\"BreadcrumbList\",\"@id\":\"https:\\\/\\\/exaudi.org\\\/it\\\/giornata-contro-la-tratta-martedi-la-maratona-di-preghiera\\\/#breadcrumb\",\"itemListElement\":[{\"@type\":\"ListItem\",\"position\":1,\"name\":\"Portada\",\"item\":\"https:\\\/\\\/exaudi.org\\\/it\\\/\"},{\"@type\":\"ListItem\",\"position\":2,\"name\":\"Giornata contro la tratta: marted\u00ec la maratona di preghiera\"}]},{\"@type\":\"WebSite\",\"@id\":\"https:\\\/\\\/exaudi.org\\\/#website\",\"url\":\"https:\\\/\\\/exaudi.org\\\/\",\"name\":\"Exaudi\",\"description\":\"News\",\"potentialAction\":[{\"@type\":\"SearchAction\",\"target\":{\"@type\":\"EntryPoint\",\"urlTemplate\":\"https:\\\/\\\/exaudi.org\\\/?s={search_term_string}\"},\"query-input\":{\"@type\":\"PropertyValueSpecification\",\"valueRequired\":true,\"valueName\":\"search_term_string\"}}],\"inLanguage\":\"it-IT\"},{\"@type\":\"Person\",\"@id\":\"https:\\\/\\\/exaudi.org\\\/#\\\/schema\\\/person\\\/e1ab6ed07c01774724dd96f925f3a5f0\",\"name\":\"Exaudi Redazione\",\"image\":{\"@type\":\"ImageObject\",\"inLanguage\":\"it-IT\",\"@id\":\"https:\\\/\\\/secure.gravatar.com\\\/avatar\\\/ad6774b3ada023bf5b939d64f45c94b3adf91502dd883507d469b4308a943bb3?s=96&d=mm&r=g\",\"url\":\"https:\\\/\\\/secure.gravatar.com\\\/avatar\\\/ad6774b3ada023bf5b939d64f45c94b3adf91502dd883507d469b4308a943bb3?s=96&d=mm&r=g\",\"contentUrl\":\"https:\\\/\\\/secure.gravatar.com\\\/avatar\\\/ad6774b3ada023bf5b939d64f45c94b3adf91502dd883507d469b4308a943bb3?s=96&d=mm&r=g\",\"caption\":\"Exaudi Redazione\"},\"description\":\"Che cosa \u00e8 Exaudi News? Exaudi News \u00e8 un agenzia cattolica internazionale che informa, istruisce e trasforma quotidianamente in spagnolo, inglese e italiano. Attraverso notizie, articoli di analisi e trasmissioni in diretta degli eventi del Papa, Exaudi cerca di rafforzare l'unit\u00e0 dei cristiani e di contribuire all'evangelizzazione del mondo, sempre guidato dalla dottrina sociale della Chiesa. Lavoriamo per portare la verit\u00e0 e i valori cristiani in ogni angolo del pianeta. Aiutaci a trasformare il mondo con Exaudi! Noi di Exaudi crediamo che l'evangelizzazione e l'informazione di qualit\u00e0 possano cambiare la vita. Per continuare la nostra missione ed espandere la nostra portata, abbiamo bisogno del tuo aiuto. Stiamo anche cercando persone motivate che vogliano unirsi al nostro team. Grazie al vostro sostegno raggiungeremo pi\u00f9 persone, diffonderemo il messaggio di Cristo e rafforzeremo l'unit\u00e0 dei cristiani. Vuoi unirti alla nostra missione? Per maggiori informazioni su come contribuire, visita Exaudi.org\\\/it o contattaci direttamente: info@exaudi.org Exaudi: informa, forma e trasforma.\",\"sameAs\":[\"https:\\\/\\\/www.facebook.com\\\/ExaudiNotizie\\\/\",\"https:\\\/\\\/www.instagram.com\\\/Exaudi_notizie\\\/\",\"https:\\\/\\\/x.com\\\/Exaudi_Notizie\",\"https:\\\/\\\/www.youtube.com\\\/@exaudicatholicnews\"],\"url\":\"https:\\\/\\\/exaudi.org\\\/it\\\/author\\\/dlvedi-org\\\/\"}]}<\/script>\n<!-- \/ Yoast SEO plugin. -->","yoast_head_json":{"title":"Giornata contro la tratta: marted\u00ec la maratona di preghiera &#8211; Exaudi","description":"Si terr\u00e0 marted\u00ec la maratona di preghiera per la Giornata contro la tratta. Domenica in piazza S. Pietro la statua di santa Bakhita","robots":{"index":"index","follow":"follow","max-snippet":"max-snippet:-1","max-image-preview":"max-image-preview:large","max-video-preview":"max-video-preview:-1"},"canonical":"https:\/\/exaudi.org\/it\/giornata-contro-la-tratta-martedi-la-maratona-di-preghiera\/","og_locale":"it_IT","og_type":"article","og_title":"Giornata contro la tratta: marted\u00ec la maratona di preghiera &#8211; Exaudi","og_description":"Si terr\u00e0 marted\u00ec la maratona di preghiera per la Giornata contro la tratta. Domenica in piazza S. Pietro la statua di santa Bakhita","og_url":"https:\/\/exaudi.org\/it\/giornata-contro-la-tratta-martedi-la-maratona-di-preghiera\/","og_site_name":"Exaudi","article_publisher":"https:\/\/www.facebook.com\/ExaudiNews","article_author":"https:\/\/www.facebook.com\/ExaudiNotizie\/","article_published_time":"2022-02-05T11:48:28+00:00","og_image":[{"width":2560,"height":1693,"url":"https:\/\/exaudi.org\/wp-content\/uploads\/2022\/02\/Santa-Bakhita_fondo-nero_@MargheritaMirabella-1-scaled.jpg","type":"image\/jpeg"}],"author":"Exaudi Redazione","twitter_card":"summary_large_image","twitter_creator":"@Exaudi_Notizie","twitter_site":"@Exaudi_News","twitter_misc":{"Scritto da":"Exaudi Redazione","Tempo di lettura stimato":"4 minuti"},"schema":{"@context":"https:\/\/schema.org","@graph":[{"@type":"Article","@id":"https:\/\/exaudi.org\/it\/giornata-contro-la-tratta-martedi-la-maratona-di-preghiera\/#article","isPartOf":{"@id":"https:\/\/exaudi.org\/it\/giornata-contro-la-tratta-martedi-la-maratona-di-preghiera\/"},"author":{"name":"Exaudi Redazione","@id":"https:\/\/exaudi.org\/#\/schema\/person\/e1ab6ed07c01774724dd96f925f3a5f0"},"headline":"Giornata contro la tratta: marted\u00ec la maratona di preghiera","datePublished":"2022-02-05T11:48:28+00:00","mainEntityOfPage":{"@id":"https:\/\/exaudi.org\/it\/giornata-contro-la-tratta-martedi-la-maratona-di-preghiera\/"},"wordCount":588,"image":{"@id":"https:\/\/exaudi.org\/it\/giornata-contro-la-tratta-martedi-la-maratona-di-preghiera\/#primaryimage"},"thumbnailUrl":"https:\/\/exaudi.org\/wp-content\/uploads\/2022\/02\/Santa-Bakhita_fondo-nero_@MargheritaMirabella-1-scaled.jpg","keywords":["Featured","Papa Francesco","Santa Bakhita","tratta"],"articleSection":["Chiesa e Mondo"],"inLanguage":"it-IT"},{"@type":"WebPage","@id":"https:\/\/exaudi.org\/it\/giornata-contro-la-tratta-martedi-la-maratona-di-preghiera\/","url":"https:\/\/exaudi.org\/it\/giornata-contro-la-tratta-martedi-la-maratona-di-preghiera\/","name":"Giornata contro la tratta: marted\u00ec la maratona di preghiera &#8211; Exaudi","isPartOf":{"@id":"https:\/\/exaudi.org\/#website"},"primaryImageOfPage":{"@id":"https:\/\/exaudi.org\/it\/giornata-contro-la-tratta-martedi-la-maratona-di-preghiera\/#primaryimage"},"image":{"@id":"https:\/\/exaudi.org\/it\/giornata-contro-la-tratta-martedi-la-maratona-di-preghiera\/#primaryimage"},"thumbnailUrl":"https:\/\/exaudi.org\/wp-content\/uploads\/2022\/02\/Santa-Bakhita_fondo-nero_@MargheritaMirabella-1-scaled.jpg","datePublished":"2022-02-05T11:48:28+00:00","author":{"@id":"https:\/\/exaudi.org\/#\/schema\/person\/e1ab6ed07c01774724dd96f925f3a5f0"},"description":"Si terr\u00e0 marted\u00ec la maratona di preghiera per la Giornata contro la tratta. Domenica in piazza S. Pietro la statua di santa Bakhita","breadcrumb":{"@id":"https:\/\/exaudi.org\/it\/giornata-contro-la-tratta-martedi-la-maratona-di-preghiera\/#breadcrumb"},"inLanguage":"it-IT","potentialAction":[{"@type":"ReadAction","target":["https:\/\/exaudi.org\/it\/giornata-contro-la-tratta-martedi-la-maratona-di-preghiera\/"]}]},{"@type":"ImageObject","inLanguage":"it-IT","@id":"https:\/\/exaudi.org\/it\/giornata-contro-la-tratta-martedi-la-maratona-di-preghiera\/#primaryimage","url":"https:\/\/exaudi.org\/wp-content\/uploads\/2022\/02\/Santa-Bakhita_fondo-nero_@MargheritaMirabella-1-scaled.jpg","contentUrl":"https:\/\/exaudi.org\/wp-content\/uploads\/2022\/02\/Santa-Bakhita_fondo-nero_@MargheritaMirabella-1-scaled.jpg","width":2560,"height":1693,"caption":"La statua di Santa Bakhita @MargheritaMirabella"},{"@type":"BreadcrumbList","@id":"https:\/\/exaudi.org\/it\/giornata-contro-la-tratta-martedi-la-maratona-di-preghiera\/#breadcrumb","itemListElement":[{"@type":"ListItem","position":1,"name":"Portada","item":"https:\/\/exaudi.org\/it\/"},{"@type":"ListItem","position":2,"name":"Giornata contro la tratta: marted\u00ec la maratona di preghiera"}]},{"@type":"WebSite","@id":"https:\/\/exaudi.org\/#website","url":"https:\/\/exaudi.org\/","name":"Exaudi","description":"News","potentialAction":[{"@type":"SearchAction","target":{"@type":"EntryPoint","urlTemplate":"https:\/\/exaudi.org\/?s={search_term_string}"},"query-input":{"@type":"PropertyValueSpecification","valueRequired":true,"valueName":"search_term_string"}}],"inLanguage":"it-IT"},{"@type":"Person","@id":"https:\/\/exaudi.org\/#\/schema\/person\/e1ab6ed07c01774724dd96f925f3a5f0","name":"Exaudi Redazione","image":{"@type":"ImageObject","inLanguage":"it-IT","@id":"https:\/\/secure.gravatar.com\/avatar\/ad6774b3ada023bf5b939d64f45c94b3adf91502dd883507d469b4308a943bb3?s=96&d=mm&r=g","url":"https:\/\/secure.gravatar.com\/avatar\/ad6774b3ada023bf5b939d64f45c94b3adf91502dd883507d469b4308a943bb3?s=96&d=mm&r=g","contentUrl":"https:\/\/secure.gravatar.com\/avatar\/ad6774b3ada023bf5b939d64f45c94b3adf91502dd883507d469b4308a943bb3?s=96&d=mm&r=g","caption":"Exaudi Redazione"},"description":"Che cosa \u00e8 Exaudi News? Exaudi News \u00e8 un agenzia cattolica internazionale che informa, istruisce e trasforma quotidianamente in spagnolo, inglese e italiano. Attraverso notizie, articoli di analisi e trasmissioni in diretta degli eventi del Papa, Exaudi cerca di rafforzare l'unit\u00e0 dei cristiani e di contribuire all'evangelizzazione del mondo, sempre guidato dalla dottrina sociale della Chiesa. Lavoriamo per portare la verit\u00e0 e i valori cristiani in ogni angolo del pianeta. Aiutaci a trasformare il mondo con Exaudi! Noi di Exaudi crediamo che l'evangelizzazione e l'informazione di qualit\u00e0 possano cambiare la vita. Per continuare la nostra missione ed espandere la nostra portata, abbiamo bisogno del tuo aiuto. Stiamo anche cercando persone motivate che vogliano unirsi al nostro team. Grazie al vostro sostegno raggiungeremo pi\u00f9 persone, diffonderemo il messaggio di Cristo e rafforzeremo l'unit\u00e0 dei cristiani. Vuoi unirti alla nostra missione? Per maggiori informazioni su come contribuire, visita Exaudi.org\/it o contattaci direttamente: info@exaudi.org Exaudi: informa, forma e trasforma.","sameAs":["https:\/\/www.facebook.com\/ExaudiNotizie\/","https:\/\/www.instagram.com\/Exaudi_notizie\/","https:\/\/x.com\/Exaudi_Notizie","https:\/\/www.youtube.com\/@exaudicatholicnews"],"url":"https:\/\/exaudi.org\/it\/author\/dlvedi-org\/"}]}},"jetpack_featured_media_url":"https:\/\/exaudi.org\/wp-content\/uploads\/2022\/02\/Santa-Bakhita_fondo-nero_@MargheritaMirabella-1-scaled.jpg","jetpack_shortlink":"https:\/\/wp.me\/pgKjF2-dm4","_links":{"self":[{"href":"https:\/\/exaudi.org\/it\/wp-json\/wp\/v2\/posts\/51340","targetHints":{"allow":["GET"]}}],"collection":[{"href":"https:\/\/exaudi.org\/it\/wp-json\/wp\/v2\/posts"}],"about":[{"href":"https:\/\/exaudi.org\/it\/wp-json\/wp\/v2\/types\/post"}],"author":[{"embeddable":true,"href":"https:\/\/exaudi.org\/it\/wp-json\/wp\/v2\/users\/17"}],"replies":[{"embeddable":true,"href":"https:\/\/exaudi.org\/it\/wp-json\/wp\/v2\/comments?post=51340"}],"version-history":[{"count":0,"href":"https:\/\/exaudi.org\/it\/wp-json\/wp\/v2\/posts\/51340\/revisions"}],"wp:featuredmedia":[{"embeddable":true,"href":"https:\/\/exaudi.org\/it\/wp-json\/wp\/v2\/media\/51341"}],"wp:attachment":[{"href":"https:\/\/exaudi.org\/it\/wp-json\/wp\/v2\/media?parent=51340"}],"wp:term":[{"taxonomy":"category","embeddable":true,"href":"https:\/\/exaudi.org\/it\/wp-json\/wp\/v2\/categories?post=51340"},{"taxonomy":"post_tag","embeddable":true,"href":"https:\/\/exaudi.org\/it\/wp-json\/wp\/v2\/tags?post=51340"}],"curies":[{"name":"wp","href":"https:\/\/api.w.org\/{rel}","templated":true}]}}