{"id":5131,"date":"2021-03-08T21:02:00","date_gmt":"2021-03-08T20:02:00","guid":{"rendered":"https:\/\/exaudi.org\/?p=5131"},"modified":"2021-03-12T08:20:07","modified_gmt":"2021-03-12T07:20:07","slug":"francesco-promette-di-andare-in-libano","status":"publish","type":"post","link":"https:\/\/exaudi.org\/it\/francesco-promette-di-andare-in-libano\/","title":{"rendered":"Francesco promette di andare in Libano"},"content":{"rendered":"<p>Papa Francesco ha promesso di andare in Libano al Patriarca Ra\u00ef. Lo ha detto lo stesso Pontefice rispondendo a una delle domande fatte nel corso della consueta conferenza stampa sul <strong><a href=\"https:\/\/exaudi.org\/it\/papa-francesco-ha-lasciato-iraq\/\">volo di ritorno dall&#8217;Iraq<\/a><\/strong>. Queste il resoconto dell&#8217;incontro con i giornalisti sull&#8217;aereo, introdotto dal direttore della Sala Stampa vaticana Matteo Bruni:<\/p>\n<p>Buongiorno, Santit\u00e0. Buongiorno a tutti voi. Grazie per questo viaggio straordinario che ha toccato la storia di questo Paese, tanti luoghi e anche il cuore di tanti iracheni e di tanti che hanno potuto seguire questi giorni, anche grazie al lavoro dei colleghi giornalisti. Qui c\u2019\u00e8 anche Mons. Dieudonn\u00e9 Datonou, che ha lavorato per la realizzazione di questo viaggio\u2026 \u201cil nuovo sceriffo\u201d! Ringraziamo anche lui per il suo lavoro, sapendo che ha potuto contare sull\u2019esperienza dell\u2019Ufficio viaggi della Segreteria di Stato e anche sull\u2019esperienza di tanti pezzi della struttura della Santa Sede che partecipano all\u2019organizzazione del viaggio. E adesso, se vuole, una parola di saluto e poi ci sono un po\u2019 di domande da parte dei giornalisti, su questi giorni.<\/p>\n<p><b>Papa Francesco:<\/b><\/p>\n<p>Prima di tutto, grazie per il vostro lavoro e la vostra compagnia\u2026 e per la vostra stanchezza!<\/p>\n<p>Poi, oggi \u00e8 il giorno della donna: complimenti alle donne. La festa della donna\u2026 Dicevamo: perch\u00e9 non c\u2019\u00e8 la festa degli uomini\u2026 Anche nell\u2019incontro con la Signora del Presidente [della Repubblica d\u2019Iraq], ho detto: \u201cPerch\u00e9 noi uomini siamo sempre in festa, noi!\u201d. Ci vuole una festa per le donne. La moglie del Presidente ha parlato bene delle donne, mi ha detto cose belle oggi: quella fortezza che hanno le donne nel portare avanti la vita, la storia, la famiglia\u2026 tante cose.<\/p>\n<p>E complimenti a tutti!<\/p>\n<p>E terzo: oggi \u00e8 il compleanno della giornalista della Cope, non l\u2019altro giorno! Tanti auguri! E dobbiamo festeggiarlo\u2026 Poi vedremo come\u2026 Adesso la parola \u00e8 vostra.<\/p>\n<p><b>Matteo Bruni:<\/b><\/p>\n<p>La prima domanda, Santo Padre, viene proprio dal mondo arabo, da Imad Atrach, giornalista di Sky News Arabia.<\/p>\n<p><b>Imad Abdul Karim Atrach (Sky News Arabia)<\/b>:<\/p>\n<p>Santit\u00e0, due anni fa ad Abu Dhabi c\u2019\u00e8 stato l\u2019incontro con l\u2019Imam al-Tayyeb di al-Azhar e la firma della\u00a0<i>Dichiarazione sulla fratellanza<\/i>. Tre giorni fa Lei si \u00e8 incontrato con al-Sistani: si pu\u00f2 pensare a qualcosa di simile anche con il versante sciita dell\u2019Islam? E poi una seconda cosa: il Libano, che San Giovanni Paolo II diceva \u00e8 pi\u00f9 che un Paese, \u00e8 un messaggio. Questo messaggio, purtroppo, io, da libanese, Le dico che sta scomparendo. Pensiamo a una futura, imminente visita Sua in Libano? Grazie.<\/p>\n<p><b>Papa Francesco:<\/b><\/p>\n<p>Il\u00a0<a href=\"http:\/\/www.vatican.va\/content\/francesco\/it\/travels\/2019\/outside\/documents\/papa-francesco_20190204_documento-fratellanza-umana.html\">documento di Abu Dhabi del 4 febbraio<\/a>\u00a0[2019] \u00e8 stato preparato con il grande Imam in segreto, durante sei mesi, pregando, riflettendo, correggendo il testo. \u00c8 stato, io dir\u00f2 \u2013 \u00e8 un po\u2019 presuntuoso, prendetela come una presunzione \u2013 un primo passo di questo che Lei mi domanda. Possiamo dire che questo [con al-Sistani] sarebbe il secondo. E ce ne saranno altri. \u00c8 importante, il cammino della fratellanza. Poi, i due documenti: quello di Abu Dhabi ha lasciato in me l\u2019inquietudine della fratellanza, ed \u00e8 uscita [l\u2019Enciclica]\u00a0<i><a href=\"http:\/\/www.vatican.va\/content\/francesco\/it\/encyclicals\/documents\/papa-francesco_20201003_enciclica-fratelli-tutti.html\">Fratelli tutti<\/a><\/i>. Ambedue i documenti si devono studiare perch\u00e9 vanno nella stessa direzione, cercano\u2026 sulla fratellanza. L\u2019Ayatollah al-Sistani ha una frase che cerco di ricordare bene: gli uomini sono o fratelli per religione o uguali per creazione. La fratellanza e l\u2019uguaglianza, ma al di sotto dell\u2019uguaglianza non possiamo andare. Credo che sia una strada anche culturale. Pensiamo a noi cristiani, alla guerra dei Trent\u2019anni, alla notte di San Bartolomeo, per fare un esempio. Pensiamo a questo. Come fra noi cambia la mentalit\u00e0. Perch\u00e9 la nostra fede ci fa scoprire che \u00e8 questo, la rivelazione di Ges\u00f9 \u00e8 l\u2019amore e la carit\u00e0 ci porta a questo. Ma quanti secoli per attuarlo!<\/p>\n<p>Questa \u00e8 una cosa importante, la fratellanza umana, che come uomini siamo tutti fratelli, e dobbiamo andare avanti con le altre religioni. Il\u00a0<a href=\"http:\/\/www.vatican.va\/archive\/hist_councils\/ii_vatican_council\/index_it.htm\">Concilio Vaticano II<\/a>\u00a0ha fatto un passo grosso in questo; poi anche le istituzioni, il\u00a0<a href=\"http:\/\/www.vatican.va\/content\/romancuria\/it\/pontifici-consigli\/pontificio-consiglio-per-la-promozione-dellunita-dei-cristiani.index.html\">Consiglio per l\u2019unit\u00e0 dei cristiani<\/a>\u00a0e il<a href=\"http:\/\/www.vatican.va\/content\/romancuria\/it\/pontifici-consigli\/pontificio-consiglio-per-il-dialogo-interreligioso.index.html\">Consiglio per il dialogo interreligioso<\/a>: il Cardinale Ayuso ci accompagna oggi. Tu sei umano, tu sei figlio di Dio, sei mio fratello, punto. Questa sarebbe l\u2019indicazione pi\u00f9 grande, e tante volte si deve rischiare per fare questo passo. Lei sa che ci sono alcune critiche: che il Papa non \u00e8 coraggioso, \u00e8 un incosciente, che sta facendo dei passi contro la dottrina cattolica, che \u00e8 a un passo dall\u2019eresia\u2026 Ci sono dei rischi. Ma queste decisioni si prendono sempre in preghiera, in dialogo, chiedendo consiglio, in riflessione. Non sono un capriccio, e sono anche la linea che il Concilio ha insegnato. Questo riguardo alla Sua prima domanda.<\/p>\n<p>La seconda: il Libano \u00e8 un messaggio. Il Libano soffre, il Libano \u00e8 pi\u00f9 di un equilibrio, ha la debolezza delle diversit\u00e0, alcune ancora non riconciliate, ma ha la fortezza del grande popolo riconciliato, come la fortezza dei cedri. Il Patriarca Ra\u00ef mi ha chiesto per favore, in questo viaggio, di fare una sosta a Beirut, ma mi \u00e8 sembrato un po\u2019 poco. Una briciola davanti a un problema, a un Paese che soffre come il Libano. Gli ho scritto una lettera, ho fatto la promessa di fare un viaggio. Ma il Libano in questo momento \u00e8 in crisi, ma in crisi \u2013 non voglio offendere \u2013 in crisi di vita. Il Libano \u00e8 tanto generoso, nell\u2019accoglienza dei profughi\u2026 Questo \u00e8 il secondo viaggio.<\/p>\n<p><b>Matteo Bruni:<\/b><\/p>\n<p>Grazie, Santit\u00e0. La seconda domanda viene da Johannes Neudecker, dell\u2019agenzia di stampa tedesca Dpa:<\/p>\n<p><b>Johannes Claus Neudecker (agenzia di stampa tedesca Dpa):<\/b><\/p>\n<p>Grazie, Santo Padre. La mia domanda \u00e8 pure sull\u2019incontro con al-Sistani. In che misura l\u2019incontro con al-Sistani \u00e8 stato un messaggio anche ai capi religiosi dell\u2019Iran?<\/p>\n<p><b>Papa Francesco:<\/b><\/p>\n<p>Io credo che sia stato un messaggio universale. Ho sentito il dovere, in questo pellegrinaggio di fede e di penitenza, di andare a trovare un grande, un saggio, un uomo di Dio. E solo ascoltandolo si percepisce questo. Parlando di messaggi, io direi: \u00e8 un messaggio per tutti, \u00e8 un messaggio per tutti. E lui \u00e8 una persona che ha quella saggezza\u2026 e anche la prudenza. Lui mi diceva: \u201cDa dieci anni \u2013 credo, mi ha detto cos\u00ec \u2013 non ricevo gente che viene a visitarmi con altri scopi, politici e culturali, no, soltanto religiosi\u201d. E lui \u00e8 stato molto rispettoso, molto rispettoso nell\u2019incontro, e io mi sono sentito onorato. Anche nel saluto: lui mai si alza, e si \u00e8 alzato, per salutarmi, per due volte. \u00c8 un uomo umile e saggio. A me ha fatto bene all\u2019anima, questo incontro. \u00c8 una luce. E questi saggi sono dappertutto, perch\u00e9 la saggezza di Dio \u00e8 stata sparsa per tutto il mondo. Succede lo stesso anche con i santi, che non sono solo quelli che stanno sugli altari. Sono i santi di tutti i giorni, quelli che io chiamo \u201cdella porta accanto\u201d, i santi \u2013 uomini e donne \u2013 che vivono la loro fede, qualunque sia, con coerenza, che vivono i valori umani con coerenza, la fratellanza con coerenza. Io credo che dovremmo scoprire questa gente, evidenziarla, perch\u00e9 ci sono tanti esempi\u2026 Quando ci sono scandali, anche nella Chiesa, tanti, e questo non aiuta\u2026 Ma facciamo vedere la gente che cerca la strada della fratellanza, i santi della porta accanto, e troveremo gente della nostra famiglia, sicuramente: qualche nonno, qualche nonna\u2026 Sicuramente!<\/p>\n<p><b>Matteo Bruni:<\/b><\/p>\n<p>La terza domanda viene proprio da Eva Maria Fern\u00e1ndez Huescar, di Cope, a cui facciamo ancora gli auguri.<\/p>\n<p><b>Eva Maria Fern\u00e1ndez Huescar (Cadena Cope 31H):<\/b><\/p>\n<p>Santo Padre, che bello riprendere le conferenze stampa! \u00c8 troppo bello!<\/p>\n<p>In questi giorni, il suo viaggio in Iraq ha avuto un\u2019enorme ripercussione in tutto il mondo. Lei pensa che questo possa essere\u00a0<i>il <\/i>viaggio del Suo Pontificato? Si \u00e8 detto anche che sia stato il pi\u00f9 rischioso: ha avuto paura, in qualche momento del viaggio? E ora che riprendiamo con i viaggi e Lei \u00e8 in procinto di compiere l\u2019ottavo anno di pontificato, Lei continua a pensare che sar\u00e0 corto? E poi, la grande domanda di sempre, Santo Padre, la grande domanda: torner\u00e0 mai in Argentina? E visto che ci sono, io sono spagnola: verr\u00e0 mai il giorno in cui il Papa verr\u00e0 in Spagna? Grazie, Santo Padre!<\/p>\n<p><b>Papa Francesco:<\/b><\/p>\n<p>Grazie, Eva. Ti ho fatto festeggiare due volte il compleanno: una in anticipo e un\u2019altra in ritardo.<\/p>\n<p>Comincio dall\u2019ultima, che \u00e8 una domanda\u2026, la capisco\u2026, perch\u00e9 c\u2019\u00e8 quel libro del mio amico giornalista Nelson Castro, medico: lui aveva fatto un libro sulla malattia dei presidenti e io una volta gli dissi, [quando ero] gi\u00e0 a Roma: tu devi farne uno sulla malattia dei Papi, perch\u00e9 sar\u00e0 interessante conoscere le malattie dei Papi, almeno di alcuni degli ultimi tempi. Ha incominciato a farlo; mi ha fatto un\u2019intervista; \u00e8 uscito il libro. Mi dicono che \u00e8 buono, io non l\u2019ho visto. Lui mi ha fatto una domanda: \u201cSe Lei si dimette \u2013 se muoio o se mi dimetto \u2013, se Lei si dimette, torner\u00e0 in Argentina o rimarr\u00e0 qui?\u201d \u2013 \u201cIo non torner\u00f2 in Argentina \u2013 cos\u00ec ho detto \u2013 ma rimarr\u00f2 qui, nella mia diocesi\u201d. Ma su quella ipotesi \u2013 questo va unito alla domanda su quando vado in Argentina o perch\u00e9 non ci vado \u2013 io rispondo sempre un po\u2019 ironicamente: sono stato 76 anni in Argentina, \u00e8 sufficiente no?<\/p>\n<p>Ma c\u2019\u00e8 una cosa che, non so perch\u00e9, non si dice: era stato programmato un viaggio in Argentina nel novembre del 2017. Si cominciava a lavorare: si faceva Cile, Argentina e Uruguay. Ma poi \u2013 sarebbe stato per la fine di novembre \u2013 ma poi, in quel tempo il Cile era in campagna elettorale, perch\u00e9 in quei giorni, a dicembre, \u00e8 stato eletto il successore di Michelle Bachelet, e io dovevo andare prima che cambiasse il governo, non potevo andare oltre. Ma andare a gennaio in Cile e poi a gennaio in Argentina e Uruguay non era possibile, perch\u00e9 gennaio \u00e8 come l\u2019agosto nostro, luglio-agosto, per i due Paesi. Ripensando la cosa, \u00e8 stato fatto il suggerimento: perch\u00e9 non prendere il Per\u00f9? Perch\u00e9 il Per\u00f9 era stato scavalcato nel viaggio Ecuador-Bolivia-Paraguay, era rimasto da parte. E da l\u00ec \u00e8 nato il viaggio di gennaio in Cile e Per\u00f9. Questo voglio dirlo, perch\u00e9 non si facciano fantasie di \u201cpatriafobia\u201d. Quando ci sar\u00e0 l\u2019opportunit\u00e0 si dovr\u00e0 fare, perch\u00e9 c\u2019\u00e8 l\u2019Argentina, l\u2019Uruguay e il sud del Brasile, che \u00e8 un composto culturale molto grande.<\/p>\n<p>Inoltre, sui viaggi: per prendere una decisione sui viaggi, io ascolto; gli inviti sono tanti. Ascolto il consiglio dei consiglieri e anche della gente. A volte viene qualcuno e dico: cosa pensi, devo andare in quel posto? A me fa bene ascoltare, questo mi aiuta a prendere pi\u00f9 avanti le decisioni. Ascolto i consiglieri e alla fine prego, prego, rifletto tanto, su alcuni viaggi ho riflettuto tanto. E poi la decisione viene da dentro: si faccia! Quasi spontanea, ma come un frutto maturo. \u00c8 un percorso lungo. Alcuni sono pi\u00f9 difficili, altri pi\u00f9 facili.<\/p>\n<p>La decisione su questo viaggio viene da prima: il primo invito dall\u2019Ambasciatrice precedente, medico pediatra che era Ambasciatrice dell\u2019Iraq: brava, brava, ha insistito. Poi \u00e8 venuta l\u2019Ambasciatrice in Italia, che \u00e8 una donna di lotta. Poi \u00e8 venuto il nuovo Ambasciatore in Vaticano, che ha lottato. Prima, era venuto il Presidente. Tutte queste cose sono rimaste dentro. Ma c\u2019\u00e8 una cosa in precedenza, che vorrei menzionare: una di voi mi ha regalato l\u2019edizione spagnola de\u00a0<i>L\u2019ultima ragazza<\/i>\u00a0[di Nadia Mourad]. Io l\u2019ho letto in italiano. Poi l\u2019ha consegnato a Elisabetta Piqu\u00e9 perch\u00e9 lo leggesse. L\u2019hai letto? Pi\u00f9 o meno\u2026 C\u2019\u00e8 la storia degli yazidi. E Nadia Mourad l\u00ec racconta quella cosa terrificante, terrificante\u2026 Vi consiglio di leggerlo. In alcuni punti, siccome \u00e8 biografico, potr\u00e0 sembrare un po\u2019 pesante, ma per me questo \u00e8 il telone [il motivo] di fondo della mia decisione. Quel libro lavorava dentro, dentro&#8230; E anche quando ho ascoltato Nadia, che \u00e8 venuta qui a raccontarmi le cose\u2026 Terribile! Poi, con il libro, tutte queste cose insieme hanno fatto la decisione, pensandole tutte, tutte le problematiche, tante\u2026 Ma alla fine \u00e8 venuta la decisione e l\u2019ho presa.<\/p>\n<p>Poi, l\u2019ottavo anno del pontificato. Non so se i viaggi si rallenteranno o no, solo vi confesso che in questo viaggio mi sono stancato molto di pi\u00f9 che negli altri. Gli 84 [anni] non vengono da soli! \u00c8 una conseguenza&#8230; Ma vedremo. Adesso [in settembre] dovr\u00f2 andare in Ungheria alla Messa finale del Congresso Eucaristico Internazionale. Non una visita al Paese, alla Messa. Ma Budapest \u00e8 a due ore di macchina da Bratislava: perch\u00e9 non fare una visita agli slovacchi? Non so\u2026 E cos\u00ec incominciano le cose&#8230;<\/p>\n<p><b>Aaron Patrick Harlan (The Washington Post):<\/b><\/p>\n<p>Grazie, Santo Padre! Questo viaggio ha avuto ovviamente uno straordinario significato per le persone che hanno potuto vederLa, ma \u00e8 stata occasione di eventi che hanno creato le condizioni per una diffusione del virus, in particolare nei riguardi di persone non vaccinate, ammassate, mentre cantavano. Quando ha valutato il viaggio e quello che avrebbe comportato, si \u00e8 preoccupato anche del fatto che le persone che sarebbero venute a vederLa avrebbero potuto ammalarsi e perfino morire? Ci pu\u00f2 spiegare le sue riflessioni e le sue previsioni?<\/p>\n<p><b>Papa Francesco:<\/b><\/p>\n<p>Come ho detto recentemente, i viaggi si \u201ccucinano\u201d nel tempo nella mia coscienza, e questa \u00e8 una delle cose che pi\u00f9 mi faceva forza, forza [mi premeva]&#8230; Ho pensato tanto, ho pregato tanto su questo e alla fine ho preso la decisione, liberamente, che veniva da dentro. E io ho detto: Colui che mi d\u00e0 di decidere, si occupi della gente. E cos\u00ec ho preso la decisione, cos\u00ec, ma dopo la preghiera e dopo la consapevolezza dei rischi. Dopo tutto.<\/p>\n<p><b>Matteo Bruni:<\/b><\/p>\n<p>Grazie. La prossima domanda viene da Philippine De Saint Pierre, M.C. KTO.<\/p>\n<p><b>Philippine de Saint Pierre (M.C. KTO):<\/b><\/p>\n<p>Santit\u00e0, abbiamo visto il coraggio, il dinamismo dei cristiani iracheni, abbiamo visto anche le sfide che devono affrontare, la minaccia della violenza islamista, l\u2019esodo e la testimonianza della fede nel loro ambiente. Queste sono le sfide dei cristiani in tutta la regione. Abbiamo parlato del Libano, ma anche la Siria, la Terra Santa&#8230; Dieci anni fa si \u00e8 svolto un Sinodo per il Medio Oriente, ma il suo sviluppo \u00e8 stato interrotto dall\u2019attacco alla cattedrale di Baghdad. Pensa di realizzare qualcosa per l\u2019intero Medio Oriente, un sinodo regionale o qualsiasi altra iniziativa?<\/p>\n<p><b>Papa Francesco:<\/b><\/p>\n<p>Non sto pensando a un Sinodo. Le iniziative s\u00ec, sono aperto a tante, ma un Sinodo non mi \u00e8 venuto. Lei ha buttato il primo seme, vediamo, vediamo cosa succede.<\/p>\n<p>La vita dei cristiani in Iraq \u00e8 una vita travagliata, ma non solo quella dei cristiani&#8230; Ho appena parlato degli yazidi\u2026, e altre religioni che non si sottomettevano al potere di Daesh. E questo, non so perch\u00e9, ma questo ha dato loro una forzamolto grande. C\u2019\u00e8 il problema che Lei dice della migrazione. Ieri mentre tornavamo in macchina da Qaraqosh a Erbil, [c\u2019era] tanta gente, giovani, l\u2019et\u00e0 \u00e8 molto molto bassa. Tanta gente giovane. E la domanda che qualcuno mi ha fatto: ma qual \u00e8 il futuro per questi giovani? Dove andranno? In tanti dovranno lasciare il Paese, tanti. Prima di partire per il viaggio, l\u2019altro giorno, venerd\u00ec, sono venuti a salutarmi dodici iracheni profughi: uno aveva una protesi alla gamba perch\u00e9 era scappato sotto i camion e si era incidentato&#8230; Scappati, tanti, tanti. La migrazione \u00e8 un diritto doppio: diritto a non migrare e diritto a migrare. Questa gente non ha nessuno dei due, perch\u00e9 non possono non migrare, non sanno come farlo. E non possono migrare perch\u00e9 il mondo ancora non ha preso coscienza che la migrazione \u00e8 un diritto umano.<\/p>\n<p>Mi diceva un sociologo italiano, parlando dell\u2019inverno demografico in Italia: \u201cEntro quarant\u2019anni dovremo \u2018importare\u2019 stranieri perch\u00e9 lavorino e paghino le tasse delle nostre pensioni\u201d. Voi francesi siete stati pi\u00f9 furbi, siete andati avanti di dieci anni con la legge a sostegno della famiglia, il vostro livello di crescita \u00e8 molto grande. Ma la migrazione la si vive come un\u2019invasione. Ieri ho voluto \u2013 perch\u00e9 lui lo ha chiesto \u2013 ricevere, dopo la Messa, il pap\u00e0 di Alan Kurdi, quel bambino&#8230; \u00c8 un simbolo, Alan Kurdi \u00e8 un simbolo; per questo ho regalato la scultura alla FAO. \u00c8 un simbolo che va oltre un bambino morto nella migrazione: un simbolo di civilt\u00e0 morte, di civilt\u00e0 che muoiono, che non possono sopravvivere, un simbolo di umanit\u00e0. Ci vogliono urgenti misure perch\u00e9 la gente abbia lavoro nel proprio Paese e non abbia bisogno di migrare. E anche misure per custodire il diritto di migrazione. \u00c8 vero che ogni Paese deve studiare bene la capacit\u00e0 di ricevere. Perch\u00e9 non \u00e8 soltanto riceverli e lasciarli sulla spiaggia; \u00e8 riceverli, accompagnarli, farli progredire e integrarli. L\u2019integrazione dei migranti \u00e8 la chiave. Due aneddoti: a Zaventem, in Belgio, i terroristi erano belgi, nati in Belgio ma emigrati islamici ghettizzati, non integrati. L\u2019altro esempio, quando sono andato in Svezia, a congedarmi dal Paese \u00e8 stata la ministra: era giovanissima e aveva una fisionomia speciale, non tipica degli svedesi. Era figlia di un migrante e di una svedese: cos\u00ec integrata che \u00e8 diventata ministro! Guardiamo queste due cose, ci faranno pensare tanto, tanto, tanto. Integrare. Sulla migrazione, che credo sia il dramma della regione. Vorrei anche ringraziare i Paesi generosi, i Paesi che ricevono i migranti: il Libano, il Libano \u00e8 stato generoso con i migranti, due milioni di siriani l\u00ec, credo&#8230; [un milione e mezzo di siriani pi\u00f9 400mila palestinesi]; la Giordania \u2013purtroppo non passeremo [con il volo] sopra la Giordania \u2013 il Re \u00e8 cos\u00ec gentile, il Re Abdullah, voleva farci un omaggio con gli aerei al nostro passaggio, lo ringrazio adesso; la Giordania \u00e8 generosissima: pi\u00f9 di un milione e mezzo di migranti. E tanti altri Paesi, per menzionarne due soltanto. Grazie a questi Paesi generosi! Grazie, grazie tante!<\/p>\n<p><b>Matteo Bruni:<\/b><\/p>\n<p>Grazie Santit\u00e0. La prossima domanda \u00e8 in italiano dalla giornalista Stefania Falasca, di Avvenire.<\/p>\n<p><b>Stefania Falasca (Avvenire):<\/b><\/p>\n<p>Lei, in tre giorni, in questo Paese, che \u00e8 un Paese chiave del Medio Oriente, ha fatto quello che i potenti della terra discutono da trent\u2019anni. Lei ha gi\u00e0 spiegato qual \u00e8 la genesi interessante dei suoi viaggi, come nascono le scelte dei suoi viaggi, ma adesso in questa contingenza, pensando anche al Medio Oriente, Lei pu\u00f2 mettere in conto anche un viaggio in Siria? Quali possono essere gli obiettivi da qui a un anno di altri luoghi in cui \u00e8 richiesta la sua presenza?<\/p>\n<p><b>Papa Francesco:<\/b><\/p>\n<p>Sul Medio Oriente la sola ipotesi, e anche la promessa, \u00e8 il Libano. Non ho pensato a un viaggio in Siria, non l\u2019ho pensato perch\u00e9 non mi \u00e8 venuta l\u2019ispirazione. Ma sono tanto vicino alla martoriata e amata Siria, come io la chiamo. Ricordo all\u2019inizio del pontificato quel pomeriggio di preghiera in Piazza San Pietro, c\u2019era l\u2019adorazione del Santissimo, si pregava il rosario&#8230; Ma quanti musulmani, quanti musulmani con il tappeto pregavano con noi per la pace in Siria, per fermare i bombardamenti, in quel momento in cui si diceva che ci sarebbe stato un bombardamento feroce. La porto nel cuore la Siria. Ma pensare un viaggio, non mi \u00e8 venuto in mente in questo momento. Grazie.<\/p>\n<p><b>Matteo Bruni:<\/b><\/p>\n<p>La prossima domanda viene da Sylwia Wysocka PAP<b>\u00a0&#8211;\u00a0<\/b>POLSKA AGENCJA PRASOWA.<\/p>\n<p><b>Sylwia Wysocka (PAP &#8211; Polska Agencja Prasowa):<\/b><\/p>\n<p>Santit\u00e0, in questi 12 mesi molto difficili anche la sua attivit\u00e0 \u00e8 stata molto limitata. Ieri ha avuto il primo contatto diretto molto vicino con la gente a Qaraqosh: che cosa ha provato? La mia prima domanda. E poi, la seconda. Secondo lei, adesso, con tutto il regime sanitario, si possono ricominciare le udienze generali con la gente, con fedeli, come erano prima?<\/p>\n<p><b>Papa Francesco:<\/b><\/p>\n<p>Io mi sento diverso quando sono lontano dalla gente nelle udienze. Vorrei ricominciare le udienze generali al pi\u00f9 presto. Speriamo che ci siano le condizioni, in questo io seguo le norme delle autorit\u00e0. Loro sono i responsabili e loro hanno la grazia di Dio per aiutarci in questo. Sono i responsabili a dare le norme. Ci piaccia o non ci piaccia, ma i responsabili sono loro e devono fare cos\u00ec. Adesso ho ricominciato in piazza l\u2019Angelus, con le distanze si pu\u00f2 fare. C\u2019\u00e8 una proposta di piccole udienze generali, ma non ho deciso finch\u00e9 non si rende chiaro lo sviluppo della situazione. Ma dopo questi mesi di prigione, perch\u00e9 davvero mi sentivo un po\u2019 imprigionato, questo \u00e8 per me rivivere. Rivivere perch\u00e9 \u00e8 toccare la Chiesa, toccare il santo popolo di Dio, toccare tutti i popoli. Un prete si fa prete per servire, al servizio del popolo di Dio, non per carrierismo, non per i soldi. Questa mattina nella Messa c\u2019era la [lettura] della guarigione di Naaman il siro, e dice che questo Naaman voleva dare dei doni dopo la guarigione, ma il profeta Eliseo rifiut\u00f2. La Bibbia continua: e l\u2019assistente del profeta Eliseo, poi, quando se n\u2019erano andati, sistem\u00f2 bene il profeta e di corsa segu\u00ec Naaman e gli chiese dei doni. E Dio disse: \u201cLa lebbra che aveva Naaman adesso sar\u00e0 con te\u201d (cfr\u00a0<i>2 Re<\/i>\u00a05,1-27). Io ho paura che noi, uomini e donne di Chiesa, soprattutto che noi sacerdoti, non abbiamo questa vicinanza gratuita al popolo di Dio, che \u00e8 quello che ci salva, e facciamo come il servo di Naaman: s\u00ec, aiutare, ma poi andare dietro&#8230; Di quella lebbra io ho paura. E l\u2019unico che ci salva dalla lebbra della cupidigia, della superbia \u00e8 il santo popolo di Dio. Quello di cui Dio disse a Davide: \u201cIo ti ho tolto dal gregge, non dimenticarti del gregge\u201d. Quello che Paolo disse a Timoteo: \u201cRicordati della tua mamma e della tua nonna che ti hanno \u2018allattato\u2019 la fede\u201d. Cio\u00e8 non perdere l\u2019appartenenza al popolo di Dio e diventare una casta privilegiata di consacrati, chierici, qualsiasi cosa. Per questo, il contatto col popolo ci salva, ci aiuta, noi diamo al popolo l\u2019Eucaristia, la predicazione, la nostra funzione. Ma loro ci danno l\u2019appartenenza. Non dimentichiamo questa appartenenza al santo popolo di Dio.<\/p>\n<p>Lei incominciava cos\u00ec: cosa ho incontrato in Iraq, a Qaraqosh\u2026 Io non immaginavo le rovine di Mosul, di Qaraqosh, non immaginavo davvero&#8230; S\u00ec, avevo visto le cose, avevo letto il libro, ma questo tocca, \u00e8 toccante. E poi, quello che pi\u00f9 mi ha toccato \u00e8 la testimonianza di una mamma a Qaraqosh. Ha dato la testimonianza un prete che davvero conosce la povert\u00e0, il servizio, la penitenza; e una donna che nei primi bombardamenti di Daesh ha perso il figlio. Lei ha detto una parola: perdono. Io sono rimasto commosso. Una mamma [che dice]: io perdono e chiedo perdono per loro. E mi \u00e8 venuto alla memoria il viaggio in Colombia, quell\u2019incontro a Villavicencio, dove tante persone, donne soprattutto, madri e spose, dicevano la loro esperienza dell\u2019assassinio dei figli e del marito e dicevano: \u201cPerdono, io perdono\u201d. Ma questa parola l\u2019abbiamo persa, sappiamo insultare alla grande, sappiamo condannare alla grande, io per primo, questo lo sappiamo bene. Ma perdonare! Perdonare i nemici: questo \u00e8 Vangelo puro. Questo \u00e8 quello che pi\u00f9 mi ha colpito a Qaraqosh.<\/p>\n<p><b>Matteo Bruni:<\/b><\/p>\n<p>L\u2019ultima \u00e8 di Catherine Laurence Marciano, AFP:<\/p>\n<p><b>Catherine Laurence Marciano (AFP):<\/b><\/p>\n<p>Santit\u00e0, volevo sapere che cosa ha provato dall\u2019elicottero vedendo la citt\u00e0 distrutta di Mosul e poi pregando nelle rovine di una chiesa. Se posso, visto che \u00e8 la festa della donna, volevo fare una piccola domanda anche sulle donne. Lei ha sostenuto le donne a Qaraqosh con parole molto belle, ma cosa pensa del fatto che una donna musulmana innamorata non pu\u00f2 sposarsi con un cristiano senza essere scartata dalla famiglia o peggio ancora? La prima domanda era su Mosul. Grazie Santit\u00e0.<\/p>\n<p><b>Papa Francesco:<\/b><\/p>\n<p>Di Mosul ho detto un po\u2019\u00a0<i>en passant<\/i>\u00a0quello che ho sentito quando mi sono fermato davanti alla chiesa distrutta, non avevo parole. Da non credere, da non credere\u2026 Non solo quella chiesa ma anche le altre chiese, anche una moschea distrutta. Si vede che non era d\u2019accordo con la gente&#8230; Da non credere la nostra crudelt\u00e0 umana. In questo momento, non voglio dire la parola, si ricomincia: guardiamo l\u2019Africa, guardiamo l\u2019Africa! E con la nostra esperienza di Mosul, queste chiese distrutte e tutto, si crea l\u2019inimicizia, la guerra, e ricomincia anche ad agire il cosiddetto Stato Islamico. Questa \u00e8 una cosa brutta, molto brutta.<\/p>\n<p>Prima di passare all\u2019altra domanda. Una domanda che mi \u00e8 venuta in mente nella chiesa era questa: ma chi vende le armi a questi distruttori? Perch\u00e9 le armi non le fanno loro a casa. S\u00ec, qualche ordigno lo faranno\u2026 Ma chi vende le armi? Chi \u00e8 il responsabile? Almeno io chiederei a questi che vendono le armi che abbiano la sincerit\u00e0 di dire: noi vendiamo le armi. Non lo dicono. \u00c8 brutto.<\/p>\n<p>Le donne. Le donne sono pi\u00f9 coraggiose degli uomini, questo \u00e8 vero, lo sento cos\u00ec. Ma la donna anche oggi \u00e8 umiliata. Andiamo a quell\u2019estremo: non so chi, una di voi mi ha fatto vedere la lista dei prezzi delle donne&#8230; Io non potevo credere: se la donna \u00e8 cos\u00ec, costa tanto, costa&#8230; per venderle. Le donne si vendono, le donne si schiavizzano. Anche nel centro di Roma. Il lavoro contro la tratta \u00e8 un lavoro di ogni giorno. Nel Giubileo [della Misericordia] sono stato a visitare una delle tante case dell\u2019Opera di Don Benzi: ragazze riscattate, una con l\u2019orecchio tagliato perch\u00e9 non aveva portato i soldi giusti, quel giorno; l\u2019altra, portata da Bratislava nel bagagliaio della macchina, schiava, rapita. Questo succede fra noi, i \u201ccolti\u201d, la tratta della gente. In questi Paesi, alcuni, soprattutto la parte dell\u2019Africa, c\u2019\u00e8 la mutilazione, c\u2019\u00e8 la mutilazione come un rito che si deve fare. Ma le donne sono schiave ancora e dobbiamo lottare, lottare, per la dignit\u00e0 delle donne. Sono coloro che portano avanti la storia, questa non \u00e8 una esagerazione: le donne portano avanti la storia. E non \u00e8 un complimento oggi, nel giorno delle donne, ma \u00e8 vero. La schiavit\u00f9 \u00e8 cos\u00ec, il rifiuto alla donna\u2026 Pensare che in un posto \u201cx\u201d \u00e8 stata fatta una discussione se il ripudio della moglie dev\u2019essere per scritto o soltanto orale. Neppure il diritto di avere l\u2019atto di ripudio! Questo succede oggi. Ma per non allontanarci, pensiamo al centro di Roma, alle ragazze che sono rapite e sono sfruttate. Credo di aver detto tutto su questo.<\/p>\n<p><b>Matteo Bruni:<\/b><\/p>\n<p>Grazie, Santo Padre.<\/p>\n<p><b>Papa Francesco:<\/b><\/p>\n<p>Vi auguro buona fine viaggio e vi chiedo di pregare per me che ne ho bisogno! Grazie!<\/p>\n<p>Al suo rientro a Roma il S. Padre, come di consueto, si \u00e8 recato a ringraziare la Madonna nella basilica di S. Maria Maggiore per il viaggio apostolico in Iraq.<\/p>\n<p>\u00a9 Copyright &#8211; Libreria Editrice Vaticana<\/p>\n","protected":false},"excerpt":{"rendered":"<p>Sull&#8217;inverno demografico in Italia: &#8220;Voi francesi siete stati pi\u00f9 furbi, siete avanti di dieci anni con la legge a sostegno della famiglia&#8221;<\/p>\n","protected":false},"author":17,"featured_media":5084,"comment_status":"closed","ping_status":"closed","sticky":false,"template":"","format":"standard","meta":{"_acf_changed":false,"_crdt_document":"","inline_featured_image":false,"footnotes":""},"categories":[67,125],"tags":[757,758,357,411,251],"class_list":["post-5131","post","type-post","status-publish","format-standard","has-post-thumbnail","hentry","category-leone-xiv","category-viaggi-papali","tag-donna","tag-famiglia","tag-iraq-it","tag-libano-it","tag-papa-francesco"],"acf":[],"yoast_head":"<!-- This site is optimized with the Yoast SEO plugin v27.4 - https:\/\/yoast.com\/product\/yoast-seo-wordpress\/ -->\n<title>Francesco promette di andare in Libano &#8211; Exaudi<\/title>\n<meta name=\"description\" content=\"Francesco promette di andare in Libano: l&#039;annuncio in risposta a una delle domande durante la conferenza stampa in aereo di ritorno dall&#039;Iraq\" \/>\n<meta name=\"robots\" content=\"index, follow, max-snippet:-1, max-image-preview:large, max-video-preview:-1\" \/>\n<link rel=\"canonical\" href=\"https:\/\/exaudi.org\/it\/returning-from-iraq-pope-affirms-lebanon-as-next-middle-east-trip-during-in-flight-press-conference\/\" \/>\n<meta property=\"og:locale\" content=\"it_IT\" \/>\n<meta property=\"og:type\" content=\"article\" \/>\n<meta property=\"og:title\" content=\"Francesco promette di andare in Libano &#8211; Exaudi\" \/>\n<meta property=\"og:description\" content=\"Francesco promette di andare in Libano: l&#039;annuncio in risposta a una delle domande durante la conferenza stampa in aereo di ritorno dall&#039;Iraq\" \/>\n<meta property=\"og:url\" content=\"https:\/\/exaudi.org\/returning-from-iraq-pope-affirms-lebanon-as-next-middle-east-trip-during-in-flight-press-conference\/\" \/>\n<meta property=\"og:site_name\" content=\"Exaudi\" \/>\n<meta property=\"article:publisher\" content=\"https:\/\/www.facebook.com\/ExaudiNews\" \/>\n<meta property=\"article:author\" content=\"https:\/\/www.facebook.com\/ExaudiNotizie\/\" \/>\n<meta property=\"article:published_time\" content=\"2021-03-08T20:02:00+00:00\" \/>\n<meta property=\"article:modified_time\" content=\"2021-03-12T07:20:07+00:00\" \/>\n<meta property=\"og:image\" content=\"https:\/\/exaudi.org\/wp-content\/uploads\/2021\/03\/Rueda-de-prensa-en-viaje-de-vuelta-de-Irak.jpeg\" \/>\n\t<meta property=\"og:image:width\" content=\"1500\" \/>\n\t<meta property=\"og:image:height\" content=\"844\" \/>\n\t<meta property=\"og:image:type\" content=\"image\/jpeg\" \/>\n<meta name=\"author\" content=\"Exaudi Redazione\" \/>\n<meta name=\"twitter:card\" content=\"summary_large_image\" \/>\n<meta name=\"twitter:creator\" content=\"@Exaudi_Notizie\" \/>\n<meta name=\"twitter:site\" content=\"@Exaudi_News\" \/>\n<meta name=\"twitter:label1\" content=\"Scritto da\" \/>\n\t<meta name=\"twitter:data1\" content=\"Exaudi Redazione\" \/>\n\t<meta name=\"twitter:label2\" content=\"Tempo di lettura stimato\" \/>\n\t<meta name=\"twitter:data2\" content=\"20 minuti\" \/>\n<script type=\"application\/ld+json\" class=\"yoast-schema-graph\">{\"@context\":\"https:\\\/\\\/schema.org\",\"@graph\":[{\"@type\":\"Article\",\"@id\":\"https:\\\/\\\/exaudi.org\\\/returning-from-iraq-pope-affirms-lebanon-as-next-middle-east-trip-during-in-flight-press-conference\\\/#article\",\"isPartOf\":{\"@id\":\"https:\\\/\\\/exaudi.org\\\/returning-from-iraq-pope-affirms-lebanon-as-next-middle-east-trip-during-in-flight-press-conference\\\/\"},\"author\":{\"name\":\"Exaudi Redazione\",\"@id\":\"https:\\\/\\\/exaudi.org\\\/#\\\/schema\\\/person\\\/e1ab6ed07c01774724dd96f925f3a5f0\"},\"headline\":\"Francesco promette di andare in Libano\",\"datePublished\":\"2021-03-08T20:02:00+00:00\",\"dateModified\":\"2021-03-12T07:20:07+00:00\",\"mainEntityOfPage\":{\"@id\":\"https:\\\/\\\/exaudi.org\\\/returning-from-iraq-pope-affirms-lebanon-as-next-middle-east-trip-during-in-flight-press-conference\\\/\"},\"wordCount\":4380,\"image\":{\"@id\":\"https:\\\/\\\/exaudi.org\\\/returning-from-iraq-pope-affirms-lebanon-as-next-middle-east-trip-during-in-flight-press-conference\\\/#primaryimage\"},\"thumbnailUrl\":\"https:\\\/\\\/exaudi.org\\\/wp-content\\\/uploads\\\/2021\\\/03\\\/Rueda-de-prensa-en-viaje-de-vuelta-de-Irak.jpeg\",\"keywords\":[\"donna\",\"famiglia\",\"iraq\",\"L\u00edbano\",\"Papa Francesco\"],\"articleSection\":[\"Leone XIV\",\"Viaggi papali\"],\"inLanguage\":\"it-IT\"},{\"@type\":\"WebPage\",\"@id\":\"https:\\\/\\\/exaudi.org\\\/returning-from-iraq-pope-affirms-lebanon-as-next-middle-east-trip-during-in-flight-press-conference\\\/\",\"url\":\"https:\\\/\\\/exaudi.org\\\/returning-from-iraq-pope-affirms-lebanon-as-next-middle-east-trip-during-in-flight-press-conference\\\/\",\"name\":\"Francesco promette di andare in Libano &#8211; Exaudi\",\"isPartOf\":{\"@id\":\"https:\\\/\\\/exaudi.org\\\/#website\"},\"primaryImageOfPage\":{\"@id\":\"https:\\\/\\\/exaudi.org\\\/returning-from-iraq-pope-affirms-lebanon-as-next-middle-east-trip-during-in-flight-press-conference\\\/#primaryimage\"},\"image\":{\"@id\":\"https:\\\/\\\/exaudi.org\\\/returning-from-iraq-pope-affirms-lebanon-as-next-middle-east-trip-during-in-flight-press-conference\\\/#primaryimage\"},\"thumbnailUrl\":\"https:\\\/\\\/exaudi.org\\\/wp-content\\\/uploads\\\/2021\\\/03\\\/Rueda-de-prensa-en-viaje-de-vuelta-de-Irak.jpeg\",\"datePublished\":\"2021-03-08T20:02:00+00:00\",\"dateModified\":\"2021-03-12T07:20:07+00:00\",\"author\":{\"@id\":\"https:\\\/\\\/exaudi.org\\\/#\\\/schema\\\/person\\\/e1ab6ed07c01774724dd96f925f3a5f0\"},\"description\":\"Francesco promette di andare in Libano: l'annuncio in risposta a una delle domande durante la conferenza stampa in aereo di ritorno dall'Iraq\",\"breadcrumb\":{\"@id\":\"https:\\\/\\\/exaudi.org\\\/returning-from-iraq-pope-affirms-lebanon-as-next-middle-east-trip-during-in-flight-press-conference\\\/#breadcrumb\"},\"inLanguage\":\"it-IT\",\"potentialAction\":[{\"@type\":\"ReadAction\",\"target\":[\"https:\\\/\\\/exaudi.org\\\/returning-from-iraq-pope-affirms-lebanon-as-next-middle-east-trip-during-in-flight-press-conference\\\/\"]}]},{\"@type\":\"ImageObject\",\"inLanguage\":\"it-IT\",\"@id\":\"https:\\\/\\\/exaudi.org\\\/returning-from-iraq-pope-affirms-lebanon-as-next-middle-east-trip-during-in-flight-press-conference\\\/#primaryimage\",\"url\":\"https:\\\/\\\/exaudi.org\\\/wp-content\\\/uploads\\\/2021\\\/03\\\/Rueda-de-prensa-en-viaje-de-vuelta-de-Irak.jpeg\",\"contentUrl\":\"https:\\\/\\\/exaudi.org\\\/wp-content\\\/uploads\\\/2021\\\/03\\\/Rueda-de-prensa-en-viaje-de-vuelta-de-Irak.jpeg\",\"width\":1500,\"height\":844,\"caption\":\"\u00a9 Vatican Media\"},{\"@type\":\"BreadcrumbList\",\"@id\":\"https:\\\/\\\/exaudi.org\\\/returning-from-iraq-pope-affirms-lebanon-as-next-middle-east-trip-during-in-flight-press-conference\\\/#breadcrumb\",\"itemListElement\":[{\"@type\":\"ListItem\",\"position\":1,\"name\":\"Portada\",\"item\":\"https:\\\/\\\/exaudi.org\\\/it\\\/\"},{\"@type\":\"ListItem\",\"position\":2,\"name\":\"Francesco promette di andare in Libano\"}]},{\"@type\":\"WebSite\",\"@id\":\"https:\\\/\\\/exaudi.org\\\/#website\",\"url\":\"https:\\\/\\\/exaudi.org\\\/\",\"name\":\"Exaudi\",\"description\":\"News\",\"potentialAction\":[{\"@type\":\"SearchAction\",\"target\":{\"@type\":\"EntryPoint\",\"urlTemplate\":\"https:\\\/\\\/exaudi.org\\\/?s={search_term_string}\"},\"query-input\":{\"@type\":\"PropertyValueSpecification\",\"valueRequired\":true,\"valueName\":\"search_term_string\"}}],\"inLanguage\":\"it-IT\"},{\"@type\":\"Person\",\"@id\":\"https:\\\/\\\/exaudi.org\\\/#\\\/schema\\\/person\\\/e1ab6ed07c01774724dd96f925f3a5f0\",\"name\":\"Exaudi Redazione\",\"image\":{\"@type\":\"ImageObject\",\"inLanguage\":\"it-IT\",\"@id\":\"https:\\\/\\\/secure.gravatar.com\\\/avatar\\\/ad6774b3ada023bf5b939d64f45c94b3adf91502dd883507d469b4308a943bb3?s=96&d=mm&r=g\",\"url\":\"https:\\\/\\\/secure.gravatar.com\\\/avatar\\\/ad6774b3ada023bf5b939d64f45c94b3adf91502dd883507d469b4308a943bb3?s=96&d=mm&r=g\",\"contentUrl\":\"https:\\\/\\\/secure.gravatar.com\\\/avatar\\\/ad6774b3ada023bf5b939d64f45c94b3adf91502dd883507d469b4308a943bb3?s=96&d=mm&r=g\",\"caption\":\"Exaudi Redazione\"},\"description\":\"Che cosa \u00e8 Exaudi News? Exaudi News \u00e8 un agenzia cattolica internazionale che informa, istruisce e trasforma quotidianamente in spagnolo, inglese e italiano. Attraverso notizie, articoli di analisi e trasmissioni in diretta degli eventi del Papa, Exaudi cerca di rafforzare l'unit\u00e0 dei cristiani e di contribuire all'evangelizzazione del mondo, sempre guidato dalla dottrina sociale della Chiesa. Lavoriamo per portare la verit\u00e0 e i valori cristiani in ogni angolo del pianeta. Aiutaci a trasformare il mondo con Exaudi! Noi di Exaudi crediamo che l'evangelizzazione e l'informazione di qualit\u00e0 possano cambiare la vita. Per continuare la nostra missione ed espandere la nostra portata, abbiamo bisogno del tuo aiuto. Stiamo anche cercando persone motivate che vogliano unirsi al nostro team. Grazie al vostro sostegno raggiungeremo pi\u00f9 persone, diffonderemo il messaggio di Cristo e rafforzeremo l'unit\u00e0 dei cristiani. Vuoi unirti alla nostra missione? Per maggiori informazioni su come contribuire, visita Exaudi.org\\\/it o contattaci direttamente: info@exaudi.org Exaudi: informa, forma e trasforma.\",\"sameAs\":[\"https:\\\/\\\/www.facebook.com\\\/ExaudiNotizie\\\/\",\"https:\\\/\\\/www.instagram.com\\\/Exaudi_notizie\\\/\",\"https:\\\/\\\/x.com\\\/Exaudi_Notizie\",\"https:\\\/\\\/www.youtube.com\\\/@exaudicatholicnews\"],\"url\":\"https:\\\/\\\/exaudi.org\\\/it\\\/author\\\/dlvedi-org\\\/\"}]}<\/script>\n<!-- \/ Yoast SEO plugin. -->","yoast_head_json":{"title":"Francesco promette di andare in Libano &#8211; Exaudi","description":"Francesco promette di andare in Libano: l'annuncio in risposta a una delle domande durante la conferenza stampa in aereo di ritorno dall'Iraq","robots":{"index":"index","follow":"follow","max-snippet":"max-snippet:-1","max-image-preview":"max-image-preview:large","max-video-preview":"max-video-preview:-1"},"canonical":"https:\/\/exaudi.org\/it\/returning-from-iraq-pope-affirms-lebanon-as-next-middle-east-trip-during-in-flight-press-conference\/","og_locale":"it_IT","og_type":"article","og_title":"Francesco promette di andare in Libano &#8211; Exaudi","og_description":"Francesco promette di andare in Libano: l'annuncio in risposta a una delle domande durante la conferenza stampa in aereo di ritorno dall'Iraq","og_url":"https:\/\/exaudi.org\/returning-from-iraq-pope-affirms-lebanon-as-next-middle-east-trip-during-in-flight-press-conference\/","og_site_name":"Exaudi","article_publisher":"https:\/\/www.facebook.com\/ExaudiNews","article_author":"https:\/\/www.facebook.com\/ExaudiNotizie\/","article_published_time":"2021-03-08T20:02:00+00:00","article_modified_time":"2021-03-12T07:20:07+00:00","og_image":[{"width":1500,"height":844,"url":"https:\/\/exaudi.org\/wp-content\/uploads\/2021\/03\/Rueda-de-prensa-en-viaje-de-vuelta-de-Irak.jpeg","type":"image\/jpeg"}],"author":"Exaudi Redazione","twitter_card":"summary_large_image","twitter_creator":"@Exaudi_Notizie","twitter_site":"@Exaudi_News","twitter_misc":{"Scritto da":"Exaudi Redazione","Tempo di lettura stimato":"20 minuti"},"schema":{"@context":"https:\/\/schema.org","@graph":[{"@type":"Article","@id":"https:\/\/exaudi.org\/returning-from-iraq-pope-affirms-lebanon-as-next-middle-east-trip-during-in-flight-press-conference\/#article","isPartOf":{"@id":"https:\/\/exaudi.org\/returning-from-iraq-pope-affirms-lebanon-as-next-middle-east-trip-during-in-flight-press-conference\/"},"author":{"name":"Exaudi Redazione","@id":"https:\/\/exaudi.org\/#\/schema\/person\/e1ab6ed07c01774724dd96f925f3a5f0"},"headline":"Francesco promette di andare in Libano","datePublished":"2021-03-08T20:02:00+00:00","dateModified":"2021-03-12T07:20:07+00:00","mainEntityOfPage":{"@id":"https:\/\/exaudi.org\/returning-from-iraq-pope-affirms-lebanon-as-next-middle-east-trip-during-in-flight-press-conference\/"},"wordCount":4380,"image":{"@id":"https:\/\/exaudi.org\/returning-from-iraq-pope-affirms-lebanon-as-next-middle-east-trip-during-in-flight-press-conference\/#primaryimage"},"thumbnailUrl":"https:\/\/exaudi.org\/wp-content\/uploads\/2021\/03\/Rueda-de-prensa-en-viaje-de-vuelta-de-Irak.jpeg","keywords":["donna","famiglia","iraq","L\u00edbano","Papa Francesco"],"articleSection":["Leone XIV","Viaggi papali"],"inLanguage":"it-IT"},{"@type":"WebPage","@id":"https:\/\/exaudi.org\/returning-from-iraq-pope-affirms-lebanon-as-next-middle-east-trip-during-in-flight-press-conference\/","url":"https:\/\/exaudi.org\/returning-from-iraq-pope-affirms-lebanon-as-next-middle-east-trip-during-in-flight-press-conference\/","name":"Francesco promette di andare in Libano &#8211; Exaudi","isPartOf":{"@id":"https:\/\/exaudi.org\/#website"},"primaryImageOfPage":{"@id":"https:\/\/exaudi.org\/returning-from-iraq-pope-affirms-lebanon-as-next-middle-east-trip-during-in-flight-press-conference\/#primaryimage"},"image":{"@id":"https:\/\/exaudi.org\/returning-from-iraq-pope-affirms-lebanon-as-next-middle-east-trip-during-in-flight-press-conference\/#primaryimage"},"thumbnailUrl":"https:\/\/exaudi.org\/wp-content\/uploads\/2021\/03\/Rueda-de-prensa-en-viaje-de-vuelta-de-Irak.jpeg","datePublished":"2021-03-08T20:02:00+00:00","dateModified":"2021-03-12T07:20:07+00:00","author":{"@id":"https:\/\/exaudi.org\/#\/schema\/person\/e1ab6ed07c01774724dd96f925f3a5f0"},"description":"Francesco promette di andare in Libano: l'annuncio in risposta a una delle domande durante la conferenza stampa in aereo di ritorno dall'Iraq","breadcrumb":{"@id":"https:\/\/exaudi.org\/returning-from-iraq-pope-affirms-lebanon-as-next-middle-east-trip-during-in-flight-press-conference\/#breadcrumb"},"inLanguage":"it-IT","potentialAction":[{"@type":"ReadAction","target":["https:\/\/exaudi.org\/returning-from-iraq-pope-affirms-lebanon-as-next-middle-east-trip-during-in-flight-press-conference\/"]}]},{"@type":"ImageObject","inLanguage":"it-IT","@id":"https:\/\/exaudi.org\/returning-from-iraq-pope-affirms-lebanon-as-next-middle-east-trip-during-in-flight-press-conference\/#primaryimage","url":"https:\/\/exaudi.org\/wp-content\/uploads\/2021\/03\/Rueda-de-prensa-en-viaje-de-vuelta-de-Irak.jpeg","contentUrl":"https:\/\/exaudi.org\/wp-content\/uploads\/2021\/03\/Rueda-de-prensa-en-viaje-de-vuelta-de-Irak.jpeg","width":1500,"height":844,"caption":"\u00a9 Vatican Media"},{"@type":"BreadcrumbList","@id":"https:\/\/exaudi.org\/returning-from-iraq-pope-affirms-lebanon-as-next-middle-east-trip-during-in-flight-press-conference\/#breadcrumb","itemListElement":[{"@type":"ListItem","position":1,"name":"Portada","item":"https:\/\/exaudi.org\/it\/"},{"@type":"ListItem","position":2,"name":"Francesco promette di andare in Libano"}]},{"@type":"WebSite","@id":"https:\/\/exaudi.org\/#website","url":"https:\/\/exaudi.org\/","name":"Exaudi","description":"News","potentialAction":[{"@type":"SearchAction","target":{"@type":"EntryPoint","urlTemplate":"https:\/\/exaudi.org\/?s={search_term_string}"},"query-input":{"@type":"PropertyValueSpecification","valueRequired":true,"valueName":"search_term_string"}}],"inLanguage":"it-IT"},{"@type":"Person","@id":"https:\/\/exaudi.org\/#\/schema\/person\/e1ab6ed07c01774724dd96f925f3a5f0","name":"Exaudi Redazione","image":{"@type":"ImageObject","inLanguage":"it-IT","@id":"https:\/\/secure.gravatar.com\/avatar\/ad6774b3ada023bf5b939d64f45c94b3adf91502dd883507d469b4308a943bb3?s=96&d=mm&r=g","url":"https:\/\/secure.gravatar.com\/avatar\/ad6774b3ada023bf5b939d64f45c94b3adf91502dd883507d469b4308a943bb3?s=96&d=mm&r=g","contentUrl":"https:\/\/secure.gravatar.com\/avatar\/ad6774b3ada023bf5b939d64f45c94b3adf91502dd883507d469b4308a943bb3?s=96&d=mm&r=g","caption":"Exaudi Redazione"},"description":"Che cosa \u00e8 Exaudi News? Exaudi News \u00e8 un agenzia cattolica internazionale che informa, istruisce e trasforma quotidianamente in spagnolo, inglese e italiano. Attraverso notizie, articoli di analisi e trasmissioni in diretta degli eventi del Papa, Exaudi cerca di rafforzare l'unit\u00e0 dei cristiani e di contribuire all'evangelizzazione del mondo, sempre guidato dalla dottrina sociale della Chiesa. Lavoriamo per portare la verit\u00e0 e i valori cristiani in ogni angolo del pianeta. Aiutaci a trasformare il mondo con Exaudi! Noi di Exaudi crediamo che l'evangelizzazione e l'informazione di qualit\u00e0 possano cambiare la vita. Per continuare la nostra missione ed espandere la nostra portata, abbiamo bisogno del tuo aiuto. Stiamo anche cercando persone motivate che vogliano unirsi al nostro team. Grazie al vostro sostegno raggiungeremo pi\u00f9 persone, diffonderemo il messaggio di Cristo e rafforzeremo l'unit\u00e0 dei cristiani. Vuoi unirti alla nostra missione? Per maggiori informazioni su come contribuire, visita Exaudi.org\/it o contattaci direttamente: info@exaudi.org Exaudi: informa, forma e trasforma.","sameAs":["https:\/\/www.facebook.com\/ExaudiNotizie\/","https:\/\/www.instagram.com\/Exaudi_notizie\/","https:\/\/x.com\/Exaudi_Notizie","https:\/\/www.youtube.com\/@exaudicatholicnews"],"url":"https:\/\/exaudi.org\/it\/author\/dlvedi-org\/"}]}},"jetpack_featured_media_url":"https:\/\/exaudi.org\/wp-content\/uploads\/2021\/03\/Rueda-de-prensa-en-viaje-de-vuelta-de-Irak.jpeg","jetpack_shortlink":"https:\/\/wp.me\/pgKjF2-1kL","_links":{"self":[{"href":"https:\/\/exaudi.org\/it\/wp-json\/wp\/v2\/posts\/5131","targetHints":{"allow":["GET"]}}],"collection":[{"href":"https:\/\/exaudi.org\/it\/wp-json\/wp\/v2\/posts"}],"about":[{"href":"https:\/\/exaudi.org\/it\/wp-json\/wp\/v2\/types\/post"}],"author":[{"embeddable":true,"href":"https:\/\/exaudi.org\/it\/wp-json\/wp\/v2\/users\/17"}],"replies":[{"embeddable":true,"href":"https:\/\/exaudi.org\/it\/wp-json\/wp\/v2\/comments?post=5131"}],"version-history":[{"count":0,"href":"https:\/\/exaudi.org\/it\/wp-json\/wp\/v2\/posts\/5131\/revisions"}],"wp:featuredmedia":[{"embeddable":true,"href":"https:\/\/exaudi.org\/it\/wp-json\/wp\/v2\/media\/5084"}],"wp:attachment":[{"href":"https:\/\/exaudi.org\/it\/wp-json\/wp\/v2\/media?parent=5131"}],"wp:term":[{"taxonomy":"category","embeddable":true,"href":"https:\/\/exaudi.org\/it\/wp-json\/wp\/v2\/categories?post=5131"},{"taxonomy":"post_tag","embeddable":true,"href":"https:\/\/exaudi.org\/it\/wp-json\/wp\/v2\/tags?post=5131"}],"curies":[{"name":"wp","href":"https:\/\/api.w.org\/{rel}","templated":true}]}}