{"id":50616,"date":"2022-01-30T13:14:37","date_gmt":"2022-01-30T12:14:37","guid":{"rendered":"https:\/\/exaudi.org\/?p=50616"},"modified":"2022-01-30T13:14:37","modified_gmt":"2022-01-30T12:14:37","slug":"servono-bagni-di-umilta-per-accogliere-la-fede","status":"publish","type":"post","link":"https:\/\/exaudi.org\/it\/servono-bagni-di-umilta-per-accogliere-la-fede\/","title":{"rendered":"Servono &#8220;bagni di umilt\u00e0&#8221; per accogliere la fede"},"content":{"rendered":"<p>Davanti alle nostre chiusure, Dio non si tira indietro, non mette freni al suo amore. Per\u00f2 serve un atteggiamento di accoglienza che si traduce in disponibilit\u00e0 e umilt\u00e0. Servono \u201ctanti salutari bagni di umilt\u00e0\u201d nella nostra realt\u00e0 quotidiana. Lo ha detto Papa Francesco all\u2019Angelus, commentando il passo del Vangelo di Luca in cui Ges\u00f9 \u00e8 respinto dai suoi compaesani. In piazza erano presenti i ragazzi dell\u2019<a href=\"https:\/\/www.acroma.it\/acr\/\">Azione Cattolica della Diocesi di Roma<\/a> che concludono, con la \u201cCarovana della Pace\u201d, il mese di gennaio, da loro tradizionalmente dedicato al tema della pace. Ecco le parole del Pontefice:<\/p>\n<p>Cari fratelli e sorelle, buongiorno! Nella Liturgia di oggi il Vangelo racconta la prima predicazione di Ges\u00f9 nel suo paese, Nazaret. L\u2019esito \u00e8 amaro: anzich\u00e9 ricevere consensi, Ges\u00f9 trova incomprensione e anche ostilit\u00e0. I suoi compaesani, pi\u00f9 che una parola di verit\u00e0, volevano miracoli, segni prodigiosi. Il Signore non ne opera e loro lo rifiutano, perch\u00e9 dicono di conoscerlo gi\u00e0 da bambino, \u00e8 il figlio di Giuseppe e cos\u00ec via. Cos\u00ec Ges\u00f9 pronuncia una frase diventata proverbiale: \u00abNessun profeta \u00e8 bene accetto nella sua patria\u00bb.<\/p>\n<h2>Dio non mette freni al suo amore<\/h2>\n<p>Queste parole rivelano che l\u2019insuccesso per Ges\u00f9 non era del tutto imprevisto. Egli conosceva i suoi, conosceva il cuore dei suoi, sapeva il rischio che correva, metteva in conto il rifiuto. Allora possiamo chiederci: ma se la cosa era cos\u00ec, se prevede un fallimento, perch\u00e9 va lo stesso al suo paese? Perch\u00e9 fare del bene a gente che non \u00e8 disposta ad accoglierti? \u00c8 una domanda che ci poniamo spesso anche noi. Ma \u00e8 una domanda che ci aiuta a capire meglio Dio. Egli, davanti alle nostre chiusure, non si tira indietro: non mette freni al suo amore. Davanti alle nostre chiusure, Lui va avanti.<\/p>\n<p>Ne vediamo un riflesso in quei genitori che sono consapevoli dell\u2019ingratitudine dei figli, ma non per questo smettono di amarli e di fare loro del bene. Dio \u00e8 cos\u00ec, ma a un livello molto pi\u00f9 alto. E oggi invita anche noi a credere nel bene, a non lasciare nulla di intentato nel fare il bene.<\/p>\n<h2>Quale accoglienza?<\/h2>\n<p>In ci\u00f2 che avviene a Nazaret troviamo per\u00f2 dell\u2019altro: l\u2019ostilit\u00e0 nei confronti di Ges\u00f9 da parte dei \u201csuoi\u201d ci provoca: loro non furono accoglienti, e noi? Per verificarlo, guardiamo ai modelli di accoglienza che Ges\u00f9 oggi propone, ai suoi compaesani e a noi. Sono due stranieri: una vedova di Sarepta di Sidone e Naam\u00e0n, il Siro. Tutti e due accolsero dei profeti: la prima Elia, il secondo Eliseo. Ma non fu un\u2019accoglienza facile, pass\u00f2 attraverso delle prove. La vedova ospit\u00f2 Elia, nonostante la carestia e bench\u00e9 il profeta fosse perseguitato, era un perseguitato politico-religioso. Naam\u00e0n, invece, pur essendo una persona di altissimo livello, accolse la richiesta del profeta Eliseo, che lo port\u00f2 a umiliarsi, a bagnarsi per sette volte in un fiume, come se fosse un bambino ignorante. La vedova e Naam\u00e0n, insomma, accolsero attraverso la disponibilit\u00e0 e l\u2019umilt\u00e0.<\/p>\n<h2>Umilt\u00e0<\/h2>\n<p>Il modo di accogliere Dio \u00e8 sempre essere disponibili, accoglierlo ed essere umili. La fede passa di qua: disponibilit\u00e0 e umilt\u00e0. La vedova e Naam\u00e0n non hanno rifiutato le vie di Dio e dei suoi profeti; sono stati docili, non rigidi e chiusi. Fratelli e sorelle, anche Ges\u00f9 percorre la via dei profeti: si presenta come non ce l\u2019aspetteremmo. Non lo trova chi cerca miracoli \u2013 se noi cerchiamo dei miracoli non troveremo Ges\u00f9 \u2013, chi cerca sensazioni nuove, esperienze intime, cose strane; chi cerca una fede fatta di potenza e segni esteriori. No, non lo trover\u00e0. Soltanto lo trova, invece, chi accetta le sue vie e le sue sfide, senza lamentele, senza sospetti, senza critiche e musi lunghi.<\/p>\n<p>Ges\u00f9, in altre parole, ti chiede di accoglierlo nella realt\u00e0 quotidiana che vivi; nella Chiesa di oggi, cos\u00ec com\u2019\u00e8; in chi hai vicino ogni giorno; nella concretezza dei bisognosi, nei problemi della tua famiglia, nei genitori, nei figli, nei nonni, accogliere Dio l\u00ec. L\u00ec c\u2019\u00e8 Lui, che ci invita a purificarci nel fiume della disponibilit\u00e0 e in tanti salutari bagni di umilt\u00e0. Ci vuole umilt\u00e0 per incontrare Dio, per lasciarci incontrare da Lui.<\/p>\n<h2>Non fare lo scemo<\/h2>\n<p>E noi, siamo accoglienti o assomigliamo ai suoi compaesani, che credevano di sapere tutto su di Lui? \u201cIo ho studiato teologia, ho fatto quel corso di catechesi\u2026 Io conosco tutto su Ges\u00f9!\u201d. S\u00ec, come uno scemo! Non fare lo scemo, tu non conosci Ges\u00f9. Magari, dopo tanti anni che siamo credenti, pensiamo di conoscere bene il Signore, con le nostre idee e i nostri giudizi, tante volte. Il rischio \u00e8 di abituarci, abituarci a Ges\u00f9. E cos\u00ec come ci abituiamo? Chiudendoci, chiudendoci alle sue novit\u00e0, al momento in cui Lui bussa alla tua porta e ti dice una cosa nuova, vuole entrare in te. Noi dobbiamo uscire da questo rimanere fissi sulle nostre posizioni.<\/p>\n<p>Il Signore chiede una mente aperta e un cuore semplice. E quando una persona ha una mente aperta, un cuore semplice, ha la capacit\u00e0 di sorprendersi, di stupirsi. Il Signore sempre ci sorprende, \u00e8 questa la bellezza dell\u2019incontro con Ges\u00f9. La Madonna, modello di umilt\u00e0 e disponibilit\u00e0, ci mostri la via per accogliere Ges\u00f9.<\/p>\n<h2>Dopo l\u2019Angelus: la giornata dei malati di lebbra<\/h2>\n<p>Cari fratelli e sorelle, oggi ricorre la Giornata Mondiale dei Malati di Lebbra. Esprimo la mia vicinanza a quanti soffrono di questa malattia e auspico che non manchino loro il sostegno spirituale e l\u2019assistenza sanitaria. \u00c8 necessario lavorare insieme alla piena integrazione di queste persone, superando ogni discriminazione associata a un morbo che, purtroppo, colpisce ancora tanti, specialmente in contesti sociali pi\u00f9 disagiati.<\/p>\n<h2>Il Capodanno lunare<\/h2>\n<p>Dopodomani, 1\u00b0 febbraio, in tutto l\u2019Estremo Oriente, nonch\u00e9 in varie parti del mondo, si celebrer\u00e0 il Capodanno Lunare. In questa circostanza, rivolgo il mio cordiale saluto ed esprimo l\u2019augurio che nel Nuovo Anno tutti possano godere la pace, la salute e una vita serena e sicura. Com\u2019\u00e8 bello quando le famiglie trovano occasioni per radunarsi e vivere insieme momenti di amore e di gioia! Molte famiglie, purtroppo, non riusciranno quest\u2019anno a riunirsi, a causa della pandemia. Spero che presto potremo superare la prova. Auspico, infine, che grazie alla buona volont\u00e0 delle singole persone e alla solidariet\u00e0 dei popoli, l\u2019intera famiglia umana possa raggiungere con rinnovato dinamismo traguardi di prosperit\u00e0 materiale e spirituale.<\/p>\n<h2>La preghiera per i salesiani<\/h2>\n<p>Alla vigilia della festa di San Giovanni Bosco, vorrei salutare i salesiani e le salesiane, che tanto bene fanno nella Chiesa. Ho seguito la Messa celebrata nel santuario di Maria Ausiliatrice [a Torino] dal Rettore maggiore \u00c1ngel Fern\u00e1ndez Artime, ho pregato con lui per tutti. Pensiamo a questo grande Santo, padre e maestro della giovent\u00f9. Non si \u00e8 chiuso in sagrestia, non si \u00e8 chiuso nelle sue cose. \u00c8 uscito sulla strada a cercare i giovani, con quella creativit\u00e0 che \u00e8 stata la sua caratteristica. Tanti auguri a tutti i salesiani e le salesiane!<\/p>\n<h2>La carovana della pace<\/h2>\n<p>Saluto tutti voi, fedeli di Roma e pellegrini di varie parti del mondo. In particolare, saluto i fedeli di Torrej\u00f3n de Ardoz, in Spagna, e gli studenti di Mur\u00e7a, in Portogallo. Con affetto saluto i ragazzi e le ragazze dell\u2019Azione Cattolica della Diocesi di Roma! Sono qui in gruppo. Cari ragazzi, anche quest\u2019anno, accompagnati dai genitori, dagli educatori e dai sacerdoti assistenti, siete venuti \u2013 un piccolo gruppo, per la pandemia \u2013 al termine della Carovana della Pace.<\/p>\n<p>Il vostro slogan \u00e8 Ricuciamo la pace. Bello slogan! \u00c8 importante! C\u2019\u00e8 tanto bisogno di \u201cricucire\u201d, partendo dai nostri rapporti personali, fino alle relazioni tra gli Stati. Vi ringrazio! Andate avanti! E adesso liberate verso il cielo i vostri palloncini come segno di speranza\u2026 Ecco! \u00c8 un segno di speranza che ci portano i ragazzi di Roma oggi, questa \u201ccarovana per la pace\u201d. Auguro a tutti una buona domenica. E per favore non dimenticatevi di pregare per me. Buon pranzo e arrivederci.<\/p>\n","protected":false},"excerpt":{"rendered":"<p>All&#8217;Angelus il Papa ricorda che Dio non mette freni al suo amore. Messaggio dell&#8217;Azione cattolica ragazzi di Roma<\/p>\n","protected":false},"author":17,"featured_media":50617,"comment_status":"closed","ping_status":"closed","sticky":false,"template":"","format":"standard","meta":{"_acf_changed":false,"_crdt_document":"","inline_featured_image":false,"footnotes":""},"categories":[67],"tags":[5704,250,2487,1209,251,5308],"class_list":["post-50616","post","type-post","status-publish","format-standard","has-post-thumbnail","hentry","category-leone-xiv","tag-acr","tag-angelus-it","tag-featured-3","tag-fede","tag-papa-francesco","tag-umilta"],"acf":[],"yoast_head":"<!-- This site is optimized with the Yoast SEO plugin v27.5 - https:\/\/yoast.com\/product\/yoast-seo-wordpress\/ -->\n<title>Servono &quot;bagni di umilt\u00e0&quot; per accogliere la fede &#8211; Exaudi<\/title>\n<meta name=\"description\" content=\"Servono \u201ctanti salutari bagni di umilt\u00e0\u201d per accogliere Dio. Lo ha detto il Papa all&#039;Angelus. Il saluto dei ragazzi dell&#039;Azione cattolica\" \/>\n<meta name=\"robots\" content=\"index, follow, max-snippet:-1, max-image-preview:large, max-video-preview:-1\" \/>\n<link rel=\"canonical\" href=\"https:\/\/exaudi.org\/it\/servono-bagni-di-umilta-per-accogliere-la-fede\/\" \/>\n<meta property=\"og:locale\" content=\"it_IT\" \/>\n<meta property=\"og:type\" content=\"article\" \/>\n<meta property=\"og:title\" content=\"Servono &quot;bagni di umilt\u00e0&quot; per accogliere la fede &#8211; Exaudi\" \/>\n<meta property=\"og:description\" content=\"Servono \u201ctanti salutari bagni di umilt\u00e0\u201d per accogliere Dio. Lo ha detto il Papa all&#039;Angelus. Il saluto dei ragazzi dell&#039;Azione cattolica\" \/>\n<meta property=\"og:url\" content=\"https:\/\/exaudi.org\/it\/servono-bagni-di-umilta-per-accogliere-la-fede\/\" \/>\n<meta property=\"og:site_name\" content=\"Exaudi\" \/>\n<meta property=\"article:publisher\" content=\"https:\/\/www.facebook.com\/ExaudiNews\" \/>\n<meta property=\"article:author\" content=\"https:\/\/www.facebook.com\/ExaudiNotizie\/\" \/>\n<meta property=\"article:published_time\" content=\"2022-01-30T12:14:37+00:00\" \/>\n<meta property=\"og:image\" content=\"https:\/\/exaudi.org\/wp-content\/uploads\/2022\/01\/angelus-1-scaled.jpg\" \/>\n\t<meta property=\"og:image:width\" content=\"2560\" \/>\n\t<meta property=\"og:image:height\" content=\"1707\" \/>\n\t<meta property=\"og:image:type\" content=\"image\/jpeg\" \/>\n<meta name=\"author\" content=\"Exaudi Redazione\" \/>\n<meta name=\"twitter:card\" content=\"summary_large_image\" \/>\n<meta name=\"twitter:creator\" content=\"@Exaudi_Notizie\" \/>\n<meta name=\"twitter:site\" content=\"@Exaudi_News\" \/>\n<meta name=\"twitter:label1\" content=\"Scritto da\" \/>\n\t<meta name=\"twitter:data1\" content=\"Exaudi Redazione\" \/>\n\t<meta name=\"twitter:label2\" content=\"Tempo di lettura stimato\" \/>\n\t<meta name=\"twitter:data2\" content=\"7 minuti\" \/>\n<script type=\"application\/ld+json\" class=\"yoast-schema-graph\">{\"@context\":\"https:\\\/\\\/schema.org\",\"@graph\":[{\"@type\":\"Article\",\"@id\":\"https:\\\/\\\/exaudi.org\\\/it\\\/servono-bagni-di-umilta-per-accogliere-la-fede\\\/#article\",\"isPartOf\":{\"@id\":\"https:\\\/\\\/exaudi.org\\\/it\\\/servono-bagni-di-umilta-per-accogliere-la-fede\\\/\"},\"author\":{\"name\":\"Exaudi Redazione\",\"@id\":\"https:\\\/\\\/exaudi.org\\\/#\\\/schema\\\/person\\\/e1ab6ed07c01774724dd96f925f3a5f0\"},\"headline\":\"Servono &#8220;bagni di umilt\u00e0&#8221; per accogliere la fede\",\"datePublished\":\"2022-01-30T12:14:37+00:00\",\"mainEntityOfPage\":{\"@id\":\"https:\\\/\\\/exaudi.org\\\/it\\\/servono-bagni-di-umilta-per-accogliere-la-fede\\\/\"},\"wordCount\":1312,\"image\":{\"@id\":\"https:\\\/\\\/exaudi.org\\\/it\\\/servono-bagni-di-umilta-per-accogliere-la-fede\\\/#primaryimage\"},\"thumbnailUrl\":\"https:\\\/\\\/exaudi.org\\\/wp-content\\\/uploads\\\/2022\\\/01\\\/angelus-1-scaled.jpg\",\"keywords\":[\"ACR\",\"\u00e1ngelus\",\"Featured\",\"fede\",\"Papa Francesco\",\"umilt\u00e0\"],\"articleSection\":[\"Leone XIV\"],\"inLanguage\":\"it-IT\"},{\"@type\":\"WebPage\",\"@id\":\"https:\\\/\\\/exaudi.org\\\/it\\\/servono-bagni-di-umilta-per-accogliere-la-fede\\\/\",\"url\":\"https:\\\/\\\/exaudi.org\\\/it\\\/servono-bagni-di-umilta-per-accogliere-la-fede\\\/\",\"name\":\"Servono \\\"bagni di umilt\u00e0\\\" per accogliere la fede &#8211; Exaudi\",\"isPartOf\":{\"@id\":\"https:\\\/\\\/exaudi.org\\\/#website\"},\"primaryImageOfPage\":{\"@id\":\"https:\\\/\\\/exaudi.org\\\/it\\\/servono-bagni-di-umilta-per-accogliere-la-fede\\\/#primaryimage\"},\"image\":{\"@id\":\"https:\\\/\\\/exaudi.org\\\/it\\\/servono-bagni-di-umilta-per-accogliere-la-fede\\\/#primaryimage\"},\"thumbnailUrl\":\"https:\\\/\\\/exaudi.org\\\/wp-content\\\/uploads\\\/2022\\\/01\\\/angelus-1-scaled.jpg\",\"datePublished\":\"2022-01-30T12:14:37+00:00\",\"author\":{\"@id\":\"https:\\\/\\\/exaudi.org\\\/#\\\/schema\\\/person\\\/e1ab6ed07c01774724dd96f925f3a5f0\"},\"description\":\"Servono \u201ctanti salutari bagni di umilt\u00e0\u201d per accogliere Dio. Lo ha detto il Papa all'Angelus. Il saluto dei ragazzi dell'Azione cattolica\",\"breadcrumb\":{\"@id\":\"https:\\\/\\\/exaudi.org\\\/it\\\/servono-bagni-di-umilta-per-accogliere-la-fede\\\/#breadcrumb\"},\"inLanguage\":\"it-IT\",\"potentialAction\":[{\"@type\":\"ReadAction\",\"target\":[\"https:\\\/\\\/exaudi.org\\\/it\\\/servono-bagni-di-umilta-per-accogliere-la-fede\\\/\"]}]},{\"@type\":\"ImageObject\",\"inLanguage\":\"it-IT\",\"@id\":\"https:\\\/\\\/exaudi.org\\\/it\\\/servono-bagni-di-umilta-per-accogliere-la-fede\\\/#primaryimage\",\"url\":\"https:\\\/\\\/exaudi.org\\\/wp-content\\\/uploads\\\/2022\\\/01\\\/angelus-1-scaled.jpg\",\"contentUrl\":\"https:\\\/\\\/exaudi.org\\\/wp-content\\\/uploads\\\/2022\\\/01\\\/angelus-1-scaled.jpg\",\"width\":2560,\"height\":1707,\"caption\":\"(C) Vatican Media\"},{\"@type\":\"BreadcrumbList\",\"@id\":\"https:\\\/\\\/exaudi.org\\\/it\\\/servono-bagni-di-umilta-per-accogliere-la-fede\\\/#breadcrumb\",\"itemListElement\":[{\"@type\":\"ListItem\",\"position\":1,\"name\":\"Portada\",\"item\":\"https:\\\/\\\/exaudi.org\\\/it\\\/\"},{\"@type\":\"ListItem\",\"position\":2,\"name\":\"Servono &#8220;bagni di umilt\u00e0&#8221; per accogliere la fede\"}]},{\"@type\":\"WebSite\",\"@id\":\"https:\\\/\\\/exaudi.org\\\/#website\",\"url\":\"https:\\\/\\\/exaudi.org\\\/\",\"name\":\"Exaudi\",\"description\":\"News\",\"potentialAction\":[{\"@type\":\"SearchAction\",\"target\":{\"@type\":\"EntryPoint\",\"urlTemplate\":\"https:\\\/\\\/exaudi.org\\\/?s={search_term_string}\"},\"query-input\":{\"@type\":\"PropertyValueSpecification\",\"valueRequired\":true,\"valueName\":\"search_term_string\"}}],\"inLanguage\":\"it-IT\"},{\"@type\":\"Person\",\"@id\":\"https:\\\/\\\/exaudi.org\\\/#\\\/schema\\\/person\\\/e1ab6ed07c01774724dd96f925f3a5f0\",\"name\":\"Exaudi Redazione\",\"image\":{\"@type\":\"ImageObject\",\"inLanguage\":\"it-IT\",\"@id\":\"https:\\\/\\\/secure.gravatar.com\\\/avatar\\\/ad6774b3ada023bf5b939d64f45c94b3adf91502dd883507d469b4308a943bb3?s=96&d=mm&r=g\",\"url\":\"https:\\\/\\\/secure.gravatar.com\\\/avatar\\\/ad6774b3ada023bf5b939d64f45c94b3adf91502dd883507d469b4308a943bb3?s=96&d=mm&r=g\",\"contentUrl\":\"https:\\\/\\\/secure.gravatar.com\\\/avatar\\\/ad6774b3ada023bf5b939d64f45c94b3adf91502dd883507d469b4308a943bb3?s=96&d=mm&r=g\",\"caption\":\"Exaudi Redazione\"},\"description\":\"Che cosa \u00e8 Exaudi News? Exaudi News \u00e8 un agenzia cattolica internazionale che informa, istruisce e trasforma quotidianamente in spagnolo, inglese e italiano. Attraverso notizie, articoli di analisi e trasmissioni in diretta degli eventi del Papa, Exaudi cerca di rafforzare l'unit\u00e0 dei cristiani e di contribuire all'evangelizzazione del mondo, sempre guidato dalla dottrina sociale della Chiesa. Lavoriamo per portare la verit\u00e0 e i valori cristiani in ogni angolo del pianeta. Aiutaci a trasformare il mondo con Exaudi! Noi di Exaudi crediamo che l'evangelizzazione e l'informazione di qualit\u00e0 possano cambiare la vita. Per continuare la nostra missione ed espandere la nostra portata, abbiamo bisogno del tuo aiuto. Stiamo anche cercando persone motivate che vogliano unirsi al nostro team. Grazie al vostro sostegno raggiungeremo pi\u00f9 persone, diffonderemo il messaggio di Cristo e rafforzeremo l'unit\u00e0 dei cristiani. Vuoi unirti alla nostra missione? Per maggiori informazioni su come contribuire, visita Exaudi.org\\\/it o contattaci direttamente: info@exaudi.org Exaudi: informa, forma e trasforma.\",\"sameAs\":[\"https:\\\/\\\/www.facebook.com\\\/ExaudiNotizie\\\/\",\"https:\\\/\\\/www.instagram.com\\\/Exaudi_notizie\\\/\",\"https:\\\/\\\/x.com\\\/Exaudi_Notizie\",\"https:\\\/\\\/www.youtube.com\\\/@exaudicatholicnews\"],\"url\":\"https:\\\/\\\/exaudi.org\\\/it\\\/author\\\/dlvedi-org\\\/\"}]}<\/script>\n<!-- \/ Yoast SEO plugin. -->","yoast_head_json":{"title":"Servono \"bagni di umilt\u00e0\" per accogliere la fede &#8211; Exaudi","description":"Servono \u201ctanti salutari bagni di umilt\u00e0\u201d per accogliere Dio. Lo ha detto il Papa all'Angelus. Il saluto dei ragazzi dell'Azione cattolica","robots":{"index":"index","follow":"follow","max-snippet":"max-snippet:-1","max-image-preview":"max-image-preview:large","max-video-preview":"max-video-preview:-1"},"canonical":"https:\/\/exaudi.org\/it\/servono-bagni-di-umilta-per-accogliere-la-fede\/","og_locale":"it_IT","og_type":"article","og_title":"Servono \"bagni di umilt\u00e0\" per accogliere la fede &#8211; Exaudi","og_description":"Servono \u201ctanti salutari bagni di umilt\u00e0\u201d per accogliere Dio. Lo ha detto il Papa all'Angelus. Il saluto dei ragazzi dell'Azione cattolica","og_url":"https:\/\/exaudi.org\/it\/servono-bagni-di-umilta-per-accogliere-la-fede\/","og_site_name":"Exaudi","article_publisher":"https:\/\/www.facebook.com\/ExaudiNews","article_author":"https:\/\/www.facebook.com\/ExaudiNotizie\/","article_published_time":"2022-01-30T12:14:37+00:00","og_image":[{"width":2560,"height":1707,"url":"https:\/\/exaudi.org\/wp-content\/uploads\/2022\/01\/angelus-1-scaled.jpg","type":"image\/jpeg"}],"author":"Exaudi Redazione","twitter_card":"summary_large_image","twitter_creator":"@Exaudi_Notizie","twitter_site":"@Exaudi_News","twitter_misc":{"Scritto da":"Exaudi Redazione","Tempo di lettura stimato":"7 minuti"},"schema":{"@context":"https:\/\/schema.org","@graph":[{"@type":"Article","@id":"https:\/\/exaudi.org\/it\/servono-bagni-di-umilta-per-accogliere-la-fede\/#article","isPartOf":{"@id":"https:\/\/exaudi.org\/it\/servono-bagni-di-umilta-per-accogliere-la-fede\/"},"author":{"name":"Exaudi Redazione","@id":"https:\/\/exaudi.org\/#\/schema\/person\/e1ab6ed07c01774724dd96f925f3a5f0"},"headline":"Servono &#8220;bagni di umilt\u00e0&#8221; per accogliere la fede","datePublished":"2022-01-30T12:14:37+00:00","mainEntityOfPage":{"@id":"https:\/\/exaudi.org\/it\/servono-bagni-di-umilta-per-accogliere-la-fede\/"},"wordCount":1312,"image":{"@id":"https:\/\/exaudi.org\/it\/servono-bagni-di-umilta-per-accogliere-la-fede\/#primaryimage"},"thumbnailUrl":"https:\/\/exaudi.org\/wp-content\/uploads\/2022\/01\/angelus-1-scaled.jpg","keywords":["ACR","\u00e1ngelus","Featured","fede","Papa Francesco","umilt\u00e0"],"articleSection":["Leone XIV"],"inLanguage":"it-IT"},{"@type":"WebPage","@id":"https:\/\/exaudi.org\/it\/servono-bagni-di-umilta-per-accogliere-la-fede\/","url":"https:\/\/exaudi.org\/it\/servono-bagni-di-umilta-per-accogliere-la-fede\/","name":"Servono \"bagni di umilt\u00e0\" per accogliere la fede &#8211; Exaudi","isPartOf":{"@id":"https:\/\/exaudi.org\/#website"},"primaryImageOfPage":{"@id":"https:\/\/exaudi.org\/it\/servono-bagni-di-umilta-per-accogliere-la-fede\/#primaryimage"},"image":{"@id":"https:\/\/exaudi.org\/it\/servono-bagni-di-umilta-per-accogliere-la-fede\/#primaryimage"},"thumbnailUrl":"https:\/\/exaudi.org\/wp-content\/uploads\/2022\/01\/angelus-1-scaled.jpg","datePublished":"2022-01-30T12:14:37+00:00","author":{"@id":"https:\/\/exaudi.org\/#\/schema\/person\/e1ab6ed07c01774724dd96f925f3a5f0"},"description":"Servono \u201ctanti salutari bagni di umilt\u00e0\u201d per accogliere Dio. Lo ha detto il Papa all'Angelus. Il saluto dei ragazzi dell'Azione cattolica","breadcrumb":{"@id":"https:\/\/exaudi.org\/it\/servono-bagni-di-umilta-per-accogliere-la-fede\/#breadcrumb"},"inLanguage":"it-IT","potentialAction":[{"@type":"ReadAction","target":["https:\/\/exaudi.org\/it\/servono-bagni-di-umilta-per-accogliere-la-fede\/"]}]},{"@type":"ImageObject","inLanguage":"it-IT","@id":"https:\/\/exaudi.org\/it\/servono-bagni-di-umilta-per-accogliere-la-fede\/#primaryimage","url":"https:\/\/exaudi.org\/wp-content\/uploads\/2022\/01\/angelus-1-scaled.jpg","contentUrl":"https:\/\/exaudi.org\/wp-content\/uploads\/2022\/01\/angelus-1-scaled.jpg","width":2560,"height":1707,"caption":"(C) Vatican Media"},{"@type":"BreadcrumbList","@id":"https:\/\/exaudi.org\/it\/servono-bagni-di-umilta-per-accogliere-la-fede\/#breadcrumb","itemListElement":[{"@type":"ListItem","position":1,"name":"Portada","item":"https:\/\/exaudi.org\/it\/"},{"@type":"ListItem","position":2,"name":"Servono &#8220;bagni di umilt\u00e0&#8221; per accogliere la fede"}]},{"@type":"WebSite","@id":"https:\/\/exaudi.org\/#website","url":"https:\/\/exaudi.org\/","name":"Exaudi","description":"News","potentialAction":[{"@type":"SearchAction","target":{"@type":"EntryPoint","urlTemplate":"https:\/\/exaudi.org\/?s={search_term_string}"},"query-input":{"@type":"PropertyValueSpecification","valueRequired":true,"valueName":"search_term_string"}}],"inLanguage":"it-IT"},{"@type":"Person","@id":"https:\/\/exaudi.org\/#\/schema\/person\/e1ab6ed07c01774724dd96f925f3a5f0","name":"Exaudi Redazione","image":{"@type":"ImageObject","inLanguage":"it-IT","@id":"https:\/\/secure.gravatar.com\/avatar\/ad6774b3ada023bf5b939d64f45c94b3adf91502dd883507d469b4308a943bb3?s=96&d=mm&r=g","url":"https:\/\/secure.gravatar.com\/avatar\/ad6774b3ada023bf5b939d64f45c94b3adf91502dd883507d469b4308a943bb3?s=96&d=mm&r=g","contentUrl":"https:\/\/secure.gravatar.com\/avatar\/ad6774b3ada023bf5b939d64f45c94b3adf91502dd883507d469b4308a943bb3?s=96&d=mm&r=g","caption":"Exaudi Redazione"},"description":"Che cosa \u00e8 Exaudi News? Exaudi News \u00e8 un agenzia cattolica internazionale che informa, istruisce e trasforma quotidianamente in spagnolo, inglese e italiano. Attraverso notizie, articoli di analisi e trasmissioni in diretta degli eventi del Papa, Exaudi cerca di rafforzare l'unit\u00e0 dei cristiani e di contribuire all'evangelizzazione del mondo, sempre guidato dalla dottrina sociale della Chiesa. Lavoriamo per portare la verit\u00e0 e i valori cristiani in ogni angolo del pianeta. Aiutaci a trasformare il mondo con Exaudi! Noi di Exaudi crediamo che l'evangelizzazione e l'informazione di qualit\u00e0 possano cambiare la vita. Per continuare la nostra missione ed espandere la nostra portata, abbiamo bisogno del tuo aiuto. Stiamo anche cercando persone motivate che vogliano unirsi al nostro team. Grazie al vostro sostegno raggiungeremo pi\u00f9 persone, diffonderemo il messaggio di Cristo e rafforzeremo l'unit\u00e0 dei cristiani. Vuoi unirti alla nostra missione? Per maggiori informazioni su come contribuire, visita Exaudi.org\/it o contattaci direttamente: info@exaudi.org Exaudi: informa, forma e trasforma.","sameAs":["https:\/\/www.facebook.com\/ExaudiNotizie\/","https:\/\/www.instagram.com\/Exaudi_notizie\/","https:\/\/x.com\/Exaudi_Notizie","https:\/\/www.youtube.com\/@exaudicatholicnews"],"url":"https:\/\/exaudi.org\/it\/author\/dlvedi-org\/"}]}},"jetpack_featured_media_url":"https:\/\/exaudi.org\/wp-content\/uploads\/2022\/01\/angelus-1-scaled.jpg","jetpack_shortlink":"https:\/\/wp.me\/pgKjF2-dao","_links":{"self":[{"href":"https:\/\/exaudi.org\/it\/wp-json\/wp\/v2\/posts\/50616","targetHints":{"allow":["GET"]}}],"collection":[{"href":"https:\/\/exaudi.org\/it\/wp-json\/wp\/v2\/posts"}],"about":[{"href":"https:\/\/exaudi.org\/it\/wp-json\/wp\/v2\/types\/post"}],"author":[{"embeddable":true,"href":"https:\/\/exaudi.org\/it\/wp-json\/wp\/v2\/users\/17"}],"replies":[{"embeddable":true,"href":"https:\/\/exaudi.org\/it\/wp-json\/wp\/v2\/comments?post=50616"}],"version-history":[{"count":0,"href":"https:\/\/exaudi.org\/it\/wp-json\/wp\/v2\/posts\/50616\/revisions"}],"wp:featuredmedia":[{"embeddable":true,"href":"https:\/\/exaudi.org\/it\/wp-json\/wp\/v2\/media\/50617"}],"wp:attachment":[{"href":"https:\/\/exaudi.org\/it\/wp-json\/wp\/v2\/media?parent=50616"}],"wp:term":[{"taxonomy":"category","embeddable":true,"href":"https:\/\/exaudi.org\/it\/wp-json\/wp\/v2\/categories?post=50616"},{"taxonomy":"post_tag","embeddable":true,"href":"https:\/\/exaudi.org\/it\/wp-json\/wp\/v2\/tags?post=50616"}],"curies":[{"name":"wp","href":"https:\/\/api.w.org\/{rel}","templated":true}]}}