{"id":50405,"date":"2022-01-27T17:58:53","date_gmt":"2022-01-27T16:58:53","guid":{"rendered":"https:\/\/exaudi.org\/?p=50405"},"modified":"2022-01-27T17:58:53","modified_gmt":"2022-01-27T16:58:53","slug":"abusi-a-monaco-il-cardinale-marx-chiede-perdono-alle-vittime","status":"publish","type":"post","link":"https:\/\/exaudi.org\/it\/abusi-a-monaco-il-cardinale-marx-chiede-perdono-alle-vittime\/","title":{"rendered":"Abusi a Monaco, il cardinale Marx chiede perdono alle vittime"},"content":{"rendered":"<p>Era molto attesa l\u2019annunciata conferenza stampa del cardinale Reinhard Marx, arcivescovo di Monaco e Frisinga, dopo la presentazione del rapporto stilato dallo studio legale Westpfahl Spilker Wastl sui casi di abusi nella diocesi tra il 1945 e il 2019. Il porporato ha chiesto scusa alle vittime, circa 500, a nome proprio e dell\u2019arcidiocesi.<\/p>\n<h2>Vittime trascurate<\/h2>\n<p>\u201cChiedo ancora una volta perdono alle vittime degli abusi ma anche ai fedeli, che ora dubitano della Chiesa, che non si fidano pi\u00f9 dei responsabili e la cui fede \u00e8 stata danneggiata. La mia colpa principale \u2013 ha ammesso il cardinale &#8211; \u00e8 stata di aver trascurato le vittime. Mi sarei dovuto impegnare di pi\u00f9. Non avevamo alcun reale interesse per la loro sofferenza. Ho una responsabilit\u00e0 morale per questo come arcivescovo\u201d.<\/p>\n<h2>La richiesta di riforma<\/h2>\n<p>Lo scorso anno, a maggio, il cardinale aveva presentato le sue dimissioni al Pontefice, che le respinse. \u201cLa Chiesa era diventata un luogo di sciagura e paura, non di consolazione\u201d ha proseguito. Marx ha sottolineato la necessit\u00e0 di una riforma importante: \u201cNon ci sar\u00e0 un futuro per il cristianesimo nel nostro Paese se non ci sar\u00e0 rinnovamento nella Chiesa\u201d. Non ha escluso nuove dimissioni: \u201cSe emergesse l&#8217;impressione che io possa rappresentare pi\u00f9 un impedimento che un aiuto, cercher\u00f2 il dialogo nei luoghi competenti\u201d.<\/p>\n<p>Il cardinale ha chiesto scusa anche alle parrocchie in cui si sono consumati gli abusi: &#8220;Non abbiamo avuto nei loro confronti attenzione sufficiente, coinvolgendole&#8221;. Marx ha fatto risposto anche a una domanda sulle dichiarazioni del Papa emerito. Benedetto XVI ha <a href=\"https:\/\/exaudi.org\/it\/abusi-benedetto-xvi-respinge-le-accuse-del-rapporto-tedesco\/\">respinto le accuse<\/a>, correggendo solo una sua dichiarazione relativa alla partecipazione a un incontro in cui si era parlato del prete predatore di Essen, senza peraltro modificare la sostanza del suo memoriale. &#8220;Io accetto che lui interpreti i fatti diversamente su questo punto, che se ne dispiaccia, e penso che lui si esprimer\u00e0 di nuovo su tutta la questione. Questa sarebbe una cosa positiva e io la vedrei positivamente&#8221; ha detto l\u2019arcivescovo.<\/p>\n","protected":false},"excerpt":{"rendered":"<p>L\u2019arcivescovo invoca un \u201crinnovamento nella Chiesa\u201d dopo il rapporto sui casi dal 1945 al 2019<\/p>\n","protected":false},"author":18,"featured_media":50406,"comment_status":"closed","ping_status":"closed","sticky":false,"template":"","format":"standard","meta":{"_acf_changed":false,"_crdt_document":"","inline_featured_image":false,"footnotes":""},"categories":[73],"tags":[1974,1722,2487,2671,251],"class_list":["post-50405","post","type-post","status-publish","format-standard","has-post-thumbnail","hentry","category-chiesa-e-mondo","tag-abusi","tag-benedetto-xvi","tag-featured-3","tag-marx","tag-papa-francesco"],"acf":[],"yoast_head":"<!-- This site is optimized with the Yoast SEO plugin v27.4 - https:\/\/yoast.com\/product\/yoast-seo-wordpress\/ -->\n<title>Abusi a Monaco, il cardinale Marx chiede perdono alle vittime &#8211; Exaudi<\/title>\n<meta name=\"description\" content=\"Il rapporto sugli abusi sessuali nella diocesi di Monaco: il cardinale Marx chiede perdono alle vittime e invoca una riforma della Chiesa\" \/>\n<meta name=\"robots\" content=\"index, follow, max-snippet:-1, max-image-preview:large, max-video-preview:-1\" \/>\n<link rel=\"canonical\" href=\"https:\/\/exaudi.org\/it\/abusi-a-monaco-il-cardinale-marx-chiede-perdono-alle-vittime\/\" \/>\n<meta property=\"og:locale\" content=\"it_IT\" \/>\n<meta property=\"og:type\" content=\"article\" \/>\n<meta property=\"og:title\" content=\"Abusi a Monaco, il cardinale Marx chiede perdono alle vittime &#8211; Exaudi\" \/>\n<meta property=\"og:description\" content=\"Il rapporto sugli abusi sessuali nella diocesi di Monaco: il cardinale Marx chiede perdono alle vittime e invoca una riforma della Chiesa\" \/>\n<meta property=\"og:url\" content=\"https:\/\/exaudi.org\/it\/abusi-a-monaco-il-cardinale-marx-chiede-perdono-alle-vittime\/\" \/>\n<meta property=\"og:site_name\" content=\"Exaudi\" \/>\n<meta property=\"article:publisher\" content=\"https:\/\/www.facebook.com\/ExaudiNews\" \/>\n<meta property=\"article:published_time\" content=\"2022-01-27T16:58:53+00:00\" \/>\n<meta property=\"og:image\" content=\"https:\/\/exaudi.org\/wp-content\/uploads\/2022\/01\/marx.jpg\" \/>\n\t<meta property=\"og:image:width\" content=\"726\" \/>\n\t<meta property=\"og:image:height\" content=\"484\" \/>\n\t<meta property=\"og:image:type\" content=\"image\/jpeg\" \/>\n<meta name=\"author\" content=\"Andrea Acali\" \/>\n<meta name=\"twitter:card\" content=\"summary_large_image\" \/>\n<meta name=\"twitter:creator\" content=\"@Exaudi_News\" \/>\n<meta name=\"twitter:site\" content=\"@Exaudi_News\" \/>\n<meta name=\"twitter:label1\" content=\"Scritto da\" \/>\n\t<meta name=\"twitter:data1\" content=\"Andrea Acali\" \/>\n\t<meta name=\"twitter:label2\" content=\"Tempo di lettura stimato\" \/>\n\t<meta name=\"twitter:data2\" content=\"2 minuti\" \/>\n<script type=\"application\/ld+json\" class=\"yoast-schema-graph\">{\"@context\":\"https:\\\/\\\/schema.org\",\"@graph\":[{\"@type\":\"Article\",\"@id\":\"https:\\\/\\\/exaudi.org\\\/it\\\/abusi-a-monaco-il-cardinale-marx-chiede-perdono-alle-vittime\\\/#article\",\"isPartOf\":{\"@id\":\"https:\\\/\\\/exaudi.org\\\/it\\\/abusi-a-monaco-il-cardinale-marx-chiede-perdono-alle-vittime\\\/\"},\"author\":{\"name\":\"Andrea Acali\",\"@id\":\"https:\\\/\\\/exaudi.org\\\/#\\\/schema\\\/person\\\/127735be832481a6d3c410c5837bb61a\"},\"headline\":\"Abusi a Monaco, il cardinale Marx chiede perdono alle vittime\",\"datePublished\":\"2022-01-27T16:58:53+00:00\",\"mainEntityOfPage\":{\"@id\":\"https:\\\/\\\/exaudi.org\\\/it\\\/abusi-a-monaco-il-cardinale-marx-chiede-perdono-alle-vittime\\\/\"},\"wordCount\":334,\"image\":{\"@id\":\"https:\\\/\\\/exaudi.org\\\/it\\\/abusi-a-monaco-il-cardinale-marx-chiede-perdono-alle-vittime\\\/#primaryimage\"},\"thumbnailUrl\":\"https:\\\/\\\/exaudi.org\\\/wp-content\\\/uploads\\\/2022\\\/01\\\/marx.jpg\",\"keywords\":[\"abusi\",\"Benedetto XVI\",\"Featured\",\"Marx\",\"Papa Francesco\"],\"articleSection\":[\"Chiesa e Mondo\"],\"inLanguage\":\"it-IT\"},{\"@type\":\"WebPage\",\"@id\":\"https:\\\/\\\/exaudi.org\\\/it\\\/abusi-a-monaco-il-cardinale-marx-chiede-perdono-alle-vittime\\\/\",\"url\":\"https:\\\/\\\/exaudi.org\\\/it\\\/abusi-a-monaco-il-cardinale-marx-chiede-perdono-alle-vittime\\\/\",\"name\":\"Abusi a Monaco, il cardinale Marx chiede perdono alle vittime &#8211; Exaudi\",\"isPartOf\":{\"@id\":\"https:\\\/\\\/exaudi.org\\\/#website\"},\"primaryImageOfPage\":{\"@id\":\"https:\\\/\\\/exaudi.org\\\/it\\\/abusi-a-monaco-il-cardinale-marx-chiede-perdono-alle-vittime\\\/#primaryimage\"},\"image\":{\"@id\":\"https:\\\/\\\/exaudi.org\\\/it\\\/abusi-a-monaco-il-cardinale-marx-chiede-perdono-alle-vittime\\\/#primaryimage\"},\"thumbnailUrl\":\"https:\\\/\\\/exaudi.org\\\/wp-content\\\/uploads\\\/2022\\\/01\\\/marx.jpg\",\"datePublished\":\"2022-01-27T16:58:53+00:00\",\"author\":{\"@id\":\"https:\\\/\\\/exaudi.org\\\/#\\\/schema\\\/person\\\/127735be832481a6d3c410c5837bb61a\"},\"description\":\"Il rapporto sugli abusi sessuali nella diocesi di Monaco: il cardinale Marx chiede perdono alle vittime e invoca una riforma della Chiesa\",\"breadcrumb\":{\"@id\":\"https:\\\/\\\/exaudi.org\\\/it\\\/abusi-a-monaco-il-cardinale-marx-chiede-perdono-alle-vittime\\\/#breadcrumb\"},\"inLanguage\":\"it-IT\",\"potentialAction\":[{\"@type\":\"ReadAction\",\"target\":[\"https:\\\/\\\/exaudi.org\\\/it\\\/abusi-a-monaco-il-cardinale-marx-chiede-perdono-alle-vittime\\\/\"]}]},{\"@type\":\"ImageObject\",\"inLanguage\":\"it-IT\",\"@id\":\"https:\\\/\\\/exaudi.org\\\/it\\\/abusi-a-monaco-il-cardinale-marx-chiede-perdono-alle-vittime\\\/#primaryimage\",\"url\":\"https:\\\/\\\/exaudi.org\\\/wp-content\\\/uploads\\\/2022\\\/01\\\/marx.jpg\",\"contentUrl\":\"https:\\\/\\\/exaudi.org\\\/wp-content\\\/uploads\\\/2022\\\/01\\\/marx.jpg\",\"width\":726,\"height\":484,\"caption\":\"La conferenza stampa del cardinale Marx (C) Arcidiocesi di Monaco e Frisinga\"},{\"@type\":\"BreadcrumbList\",\"@id\":\"https:\\\/\\\/exaudi.org\\\/it\\\/abusi-a-monaco-il-cardinale-marx-chiede-perdono-alle-vittime\\\/#breadcrumb\",\"itemListElement\":[{\"@type\":\"ListItem\",\"position\":1,\"name\":\"Portada\",\"item\":\"https:\\\/\\\/exaudi.org\\\/it\\\/\"},{\"@type\":\"ListItem\",\"position\":2,\"name\":\"Abusi a Monaco, il cardinale Marx chiede perdono alle vittime\"}]},{\"@type\":\"WebSite\",\"@id\":\"https:\\\/\\\/exaudi.org\\\/#website\",\"url\":\"https:\\\/\\\/exaudi.org\\\/\",\"name\":\"Exaudi\",\"description\":\"News\",\"potentialAction\":[{\"@type\":\"SearchAction\",\"target\":{\"@type\":\"EntryPoint\",\"urlTemplate\":\"https:\\\/\\\/exaudi.org\\\/?s={search_term_string}\"},\"query-input\":{\"@type\":\"PropertyValueSpecification\",\"valueRequired\":true,\"valueName\":\"search_term_string\"}}],\"inLanguage\":\"it-IT\"},{\"@type\":\"Person\",\"@id\":\"https:\\\/\\\/exaudi.org\\\/#\\\/schema\\\/person\\\/127735be832481a6d3c410c5837bb61a\",\"name\":\"Andrea Acali\",\"image\":{\"@type\":\"ImageObject\",\"inLanguage\":\"it-IT\",\"@id\":\"https:\\\/\\\/secure.gravatar.com\\\/avatar\\\/2abf8e528c4f8c571ab456e5ef9ac66b04b987863e3ab3fd9546150699bb9259?s=96&d=mm&r=g\",\"url\":\"https:\\\/\\\/secure.gravatar.com\\\/avatar\\\/2abf8e528c4f8c571ab456e5ef9ac66b04b987863e3ab3fd9546150699bb9259?s=96&d=mm&r=g\",\"contentUrl\":\"https:\\\/\\\/secure.gravatar.com\\\/avatar\\\/2abf8e528c4f8c571ab456e5ef9ac66b04b987863e3ab3fd9546150699bb9259?s=96&d=mm&r=g\",\"caption\":\"Andrea Acali\"},\"description\":\"Andrea Acali es un periodista y comunicador italiano con una larga trayectoria en el \u00e1mbito de la informaci\u00f3n religiosa, social y deportiva. Durante casi treinta a\u00f1os trabaj\u00f3 en el diario Il Tempo como vaticanista y jefe de secci\u00f3n, especializ\u00e1ndose en la cobertura de la actualidad del Vaticano y de la Iglesia cat\u00f3lica. Desde 2016 colabora como periodista web en RomaSette y tambi\u00e9n escribe para el peri\u00f3dico Avvenire. Desde 2019 ejerce como comunicador en la Delegazione della Generalitat de Catalunya in Italia, con sede en Roma, donde combina su experiencia period\u00edstica con la comunicaci\u00f3n institucional\",\"sameAs\":[\"https:\\\/\\\/www.linkedin.com\\\/in\\\/andrea-acali-505567125\\\/?originalSubdomain=it\"],\"url\":\"https:\\\/\\\/exaudi.org\\\/it\\\/author\\\/aacaliexaudi-org\\\/\"}]}<\/script>\n<!-- \/ Yoast SEO plugin. -->","yoast_head_json":{"title":"Abusi a Monaco, il cardinale Marx chiede perdono alle vittime &#8211; Exaudi","description":"Il rapporto sugli abusi sessuali nella diocesi di Monaco: il cardinale Marx chiede perdono alle vittime e invoca una riforma della Chiesa","robots":{"index":"index","follow":"follow","max-snippet":"max-snippet:-1","max-image-preview":"max-image-preview:large","max-video-preview":"max-video-preview:-1"},"canonical":"https:\/\/exaudi.org\/it\/abusi-a-monaco-il-cardinale-marx-chiede-perdono-alle-vittime\/","og_locale":"it_IT","og_type":"article","og_title":"Abusi a Monaco, il cardinale Marx chiede perdono alle vittime &#8211; Exaudi","og_description":"Il rapporto sugli abusi sessuali nella diocesi di Monaco: il cardinale Marx chiede perdono alle vittime e invoca una riforma della Chiesa","og_url":"https:\/\/exaudi.org\/it\/abusi-a-monaco-il-cardinale-marx-chiede-perdono-alle-vittime\/","og_site_name":"Exaudi","article_publisher":"https:\/\/www.facebook.com\/ExaudiNews","article_published_time":"2022-01-27T16:58:53+00:00","og_image":[{"width":726,"height":484,"url":"https:\/\/exaudi.org\/wp-content\/uploads\/2022\/01\/marx.jpg","type":"image\/jpeg"}],"author":"Andrea Acali","twitter_card":"summary_large_image","twitter_creator":"@Exaudi_News","twitter_site":"@Exaudi_News","twitter_misc":{"Scritto da":"Andrea Acali","Tempo di lettura stimato":"2 minuti"},"schema":{"@context":"https:\/\/schema.org","@graph":[{"@type":"Article","@id":"https:\/\/exaudi.org\/it\/abusi-a-monaco-il-cardinale-marx-chiede-perdono-alle-vittime\/#article","isPartOf":{"@id":"https:\/\/exaudi.org\/it\/abusi-a-monaco-il-cardinale-marx-chiede-perdono-alle-vittime\/"},"author":{"name":"Andrea Acali","@id":"https:\/\/exaudi.org\/#\/schema\/person\/127735be832481a6d3c410c5837bb61a"},"headline":"Abusi a Monaco, il cardinale Marx chiede perdono alle vittime","datePublished":"2022-01-27T16:58:53+00:00","mainEntityOfPage":{"@id":"https:\/\/exaudi.org\/it\/abusi-a-monaco-il-cardinale-marx-chiede-perdono-alle-vittime\/"},"wordCount":334,"image":{"@id":"https:\/\/exaudi.org\/it\/abusi-a-monaco-il-cardinale-marx-chiede-perdono-alle-vittime\/#primaryimage"},"thumbnailUrl":"https:\/\/exaudi.org\/wp-content\/uploads\/2022\/01\/marx.jpg","keywords":["abusi","Benedetto XVI","Featured","Marx","Papa Francesco"],"articleSection":["Chiesa e Mondo"],"inLanguage":"it-IT"},{"@type":"WebPage","@id":"https:\/\/exaudi.org\/it\/abusi-a-monaco-il-cardinale-marx-chiede-perdono-alle-vittime\/","url":"https:\/\/exaudi.org\/it\/abusi-a-monaco-il-cardinale-marx-chiede-perdono-alle-vittime\/","name":"Abusi a Monaco, il cardinale Marx chiede perdono alle vittime &#8211; Exaudi","isPartOf":{"@id":"https:\/\/exaudi.org\/#website"},"primaryImageOfPage":{"@id":"https:\/\/exaudi.org\/it\/abusi-a-monaco-il-cardinale-marx-chiede-perdono-alle-vittime\/#primaryimage"},"image":{"@id":"https:\/\/exaudi.org\/it\/abusi-a-monaco-il-cardinale-marx-chiede-perdono-alle-vittime\/#primaryimage"},"thumbnailUrl":"https:\/\/exaudi.org\/wp-content\/uploads\/2022\/01\/marx.jpg","datePublished":"2022-01-27T16:58:53+00:00","author":{"@id":"https:\/\/exaudi.org\/#\/schema\/person\/127735be832481a6d3c410c5837bb61a"},"description":"Il rapporto sugli abusi sessuali nella diocesi di Monaco: il cardinale Marx chiede perdono alle vittime e invoca una riforma della Chiesa","breadcrumb":{"@id":"https:\/\/exaudi.org\/it\/abusi-a-monaco-il-cardinale-marx-chiede-perdono-alle-vittime\/#breadcrumb"},"inLanguage":"it-IT","potentialAction":[{"@type":"ReadAction","target":["https:\/\/exaudi.org\/it\/abusi-a-monaco-il-cardinale-marx-chiede-perdono-alle-vittime\/"]}]},{"@type":"ImageObject","inLanguage":"it-IT","@id":"https:\/\/exaudi.org\/it\/abusi-a-monaco-il-cardinale-marx-chiede-perdono-alle-vittime\/#primaryimage","url":"https:\/\/exaudi.org\/wp-content\/uploads\/2022\/01\/marx.jpg","contentUrl":"https:\/\/exaudi.org\/wp-content\/uploads\/2022\/01\/marx.jpg","width":726,"height":484,"caption":"La conferenza stampa del cardinale Marx (C) Arcidiocesi di Monaco e Frisinga"},{"@type":"BreadcrumbList","@id":"https:\/\/exaudi.org\/it\/abusi-a-monaco-il-cardinale-marx-chiede-perdono-alle-vittime\/#breadcrumb","itemListElement":[{"@type":"ListItem","position":1,"name":"Portada","item":"https:\/\/exaudi.org\/it\/"},{"@type":"ListItem","position":2,"name":"Abusi a Monaco, il cardinale Marx chiede perdono alle vittime"}]},{"@type":"WebSite","@id":"https:\/\/exaudi.org\/#website","url":"https:\/\/exaudi.org\/","name":"Exaudi","description":"News","potentialAction":[{"@type":"SearchAction","target":{"@type":"EntryPoint","urlTemplate":"https:\/\/exaudi.org\/?s={search_term_string}"},"query-input":{"@type":"PropertyValueSpecification","valueRequired":true,"valueName":"search_term_string"}}],"inLanguage":"it-IT"},{"@type":"Person","@id":"https:\/\/exaudi.org\/#\/schema\/person\/127735be832481a6d3c410c5837bb61a","name":"Andrea Acali","image":{"@type":"ImageObject","inLanguage":"it-IT","@id":"https:\/\/secure.gravatar.com\/avatar\/2abf8e528c4f8c571ab456e5ef9ac66b04b987863e3ab3fd9546150699bb9259?s=96&d=mm&r=g","url":"https:\/\/secure.gravatar.com\/avatar\/2abf8e528c4f8c571ab456e5ef9ac66b04b987863e3ab3fd9546150699bb9259?s=96&d=mm&r=g","contentUrl":"https:\/\/secure.gravatar.com\/avatar\/2abf8e528c4f8c571ab456e5ef9ac66b04b987863e3ab3fd9546150699bb9259?s=96&d=mm&r=g","caption":"Andrea Acali"},"description":"Andrea Acali es un periodista y comunicador italiano con una larga trayectoria en el \u00e1mbito de la informaci\u00f3n religiosa, social y deportiva. Durante casi treinta a\u00f1os trabaj\u00f3 en el diario Il Tempo como vaticanista y jefe de secci\u00f3n, especializ\u00e1ndose en la cobertura de la actualidad del Vaticano y de la Iglesia cat\u00f3lica. Desde 2016 colabora como periodista web en RomaSette y tambi\u00e9n escribe para el peri\u00f3dico Avvenire. Desde 2019 ejerce como comunicador en la Delegazione della Generalitat de Catalunya in Italia, con sede en Roma, donde combina su experiencia period\u00edstica con la comunicaci\u00f3n institucional","sameAs":["https:\/\/www.linkedin.com\/in\/andrea-acali-505567125\/?originalSubdomain=it"],"url":"https:\/\/exaudi.org\/it\/author\/aacaliexaudi-org\/"}]}},"jetpack_featured_media_url":"https:\/\/exaudi.org\/wp-content\/uploads\/2022\/01\/marx.jpg","jetpack_shortlink":"https:\/\/wp.me\/pgKjF2-d6Z","_links":{"self":[{"href":"https:\/\/exaudi.org\/it\/wp-json\/wp\/v2\/posts\/50405","targetHints":{"allow":["GET"]}}],"collection":[{"href":"https:\/\/exaudi.org\/it\/wp-json\/wp\/v2\/posts"}],"about":[{"href":"https:\/\/exaudi.org\/it\/wp-json\/wp\/v2\/types\/post"}],"author":[{"embeddable":true,"href":"https:\/\/exaudi.org\/it\/wp-json\/wp\/v2\/users\/18"}],"replies":[{"embeddable":true,"href":"https:\/\/exaudi.org\/it\/wp-json\/wp\/v2\/comments?post=50405"}],"version-history":[{"count":0,"href":"https:\/\/exaudi.org\/it\/wp-json\/wp\/v2\/posts\/50405\/revisions"}],"wp:featuredmedia":[{"embeddable":true,"href":"https:\/\/exaudi.org\/it\/wp-json\/wp\/v2\/media\/50406"}],"wp:attachment":[{"href":"https:\/\/exaudi.org\/it\/wp-json\/wp\/v2\/media?parent=50405"}],"wp:term":[{"taxonomy":"category","embeddable":true,"href":"https:\/\/exaudi.org\/it\/wp-json\/wp\/v2\/categories?post=50405"},{"taxonomy":"post_tag","embeddable":true,"href":"https:\/\/exaudi.org\/it\/wp-json\/wp\/v2\/tags?post=50405"}],"curies":[{"name":"wp","href":"https:\/\/api.w.org\/{rel}","templated":true}]}}