{"id":50390,"date":"2022-01-27T16:57:54","date_gmt":"2022-01-27T15:57:54","guid":{"rendered":"https:\/\/exaudi.org\/?p=50390"},"modified":"2022-01-27T16:57:54","modified_gmt":"2022-01-27T15:57:54","slug":"giustizia-e-sinodo-quale-legame","status":"publish","type":"post","link":"https:\/\/exaudi.org\/it\/giustizia-e-sinodo-quale-legame\/","title":{"rendered":"Giustizia e sinodo, quale legame?"},"content":{"rendered":"<p>Papa Francesco ha ricevuto nella Sala Clementina i Prelati Uditori, gli Officiali, gli Avvocati e i Collaboratori del Tribunale della Rota Romana, pi\u00f9 nota come Sacra Rota, in occasione della solenne inaugurazione dell\u2019Anno Giudiziario. Il Decano del Tribunale della Rota Romana, mons. Alejandro Arellano Cedillo, ha rivolto il suo saluto al Pontefice. Il Papa ha parlato del legame tra giustizia e sinodo, della ricerca della verit\u00e0 e della necessit\u00e0 di tenere sempre presente la cura pastorale delle famiglie nelle cause di nullit\u00e0. Ecco il suo discorso:<\/p>\n<p>Eccellenza, Cari Prelati Uditori! Rivolgo a ciascuno di voi il mio cordiale saluto, a partire dal Decano, Mons. Alejandro Arellano Cedillo, che ringrazio per le sue parole. E grazie per le ultime due cose che ha chiesto al Papa: conforto e benedizione. Mi piace. \u00c8 una richiesta pastorale. Grazie. Saluto gli Officiali, gli Avvocati e gli altri collaboratori del Tribunale Apostolico della Rota Romana. A tutti formulo i migliori auguri per l\u2019Anno giudiziario che oggi inauguriamo.<\/p>\n<h2>Famiglie ferite<\/h2>\n<p>Il percorso sinodale che stiamo vivendo interpella anche questo nostro incontro, perch\u00e9 coinvolge anche l\u2019ambito giudiziario e la vostra missione al servizio delle famiglie, specialmente di quelle ferite, quelle bisognose del balsamo della misericordia. In questo anno dedicato alla famiglia come espressione della gioia dell\u2019amore, abbiamo oggi l\u2019occasione di riflettere sulla sinodalit\u00e0 nei processi di nullit\u00e0 matrimoniale. Il lavoro sinodale, infatti, anche se non ha natura strettamente processuale, tuttavia va posto in dialogo con l\u2019attivit\u00e0 giudiziale, al fine di favorire un pi\u00f9 generale ripensamento dell\u2019importanza che l\u2019esperienza del processo canonico ha per la vita dei fedeli che hanno vissuto un fallimento matrimoniale e, al tempo stesso per l\u2019armonia delle relazioni all\u2019interno della comunit\u00e0 ecclesiale.<\/p>\n<h2>Far risplendere la verit\u00e0 nella giustizia<\/h2>\n<p>Chiediamoci allora in che senso l\u2019amministrazione della giustizia necessita di uno spirito sinodale. Anzitutto, la sinodalit\u00e0 implica il camminare insieme. Superando una visione distorta delle cause matrimoniali, come se in esse si affermassero dei meri interessi soggettivi, va riscoperto che tutti i partecipanti al processo sono chiamati a concorrere al medesimo obiettivo, quello di far risplendere la verit\u00e0 su un\u2019unione concreta tra un uomo e una donna, arrivando alla conclusione sull\u2019esistenza o meno di un vero matrimonio tra di loro.<\/p>\n<p>Questa visione del camminare insieme verso un fine comune non \u00e8 nuova nella comprensione ecclesiale di questi processi. In proposito, \u00e8 celebre il discorso alla Rota Romana nel quale il Venerabile Pio XII afferm\u00f2 \u00abl\u2019unit\u00e0 dello scopo, che deve dare speciale forma all\u2019opera e alla collaborazione di tutti coloro che partecipano alla trattazione delle cause matrimoniali nei tribunali ecclesiastici di ogni grado e specie, e deve animarli e congiungerli in una medesima unit\u00e0 di intento e di azione\u00bb.<\/p>\n<p>In quest\u2019ottica egli tratteggi\u00f2 il compito di ogni partecipante al processo in ordine alla ricerca della verit\u00e0, pur mantenendo ognuno la fedelt\u00e0 al proprio ruolo. Questa verit\u00e0, se davvero amata, diventa liberatrice.<\/p>\n<h2>Favorire la riconciliazione<\/h2>\n<p>Gi\u00e0 nella fase pregiudiziale, quando i fedeli si trovano in difficolt\u00e0 e cercano un aiuto pastorale, non pu\u00f2 mancare lo sforzo per scoprire la verit\u00e0 sulla propria unione, presupposto indispensabile per poter arrivare alla guarigione delle ferite. In questa cornice si comprende quanto sia importante l\u2019impegno per favorire il perdono e la riconciliazione tra i coniugi, e anche per convalidare eventualmente il matrimonio nullo quando ci\u00f2 \u00e8 possibile e prudente.<\/p>\n<h2>La nullit\u00e0 non deve essere l\u2019unico obiettivo<\/h2>\n<p>Cos\u00ec si comprende anche che la dichiarazione di nullit\u00e0 non va presentata come se fosse l\u2019unico obiettivo da raggiungere di fronte a una crisi matrimoniale, o come se ci\u00f2 costituisse un diritto a prescindere dai fatti. Nel prospettare la possibile nullit\u00e0 \u00e8 necessario far riflettere i fedeli sui motivi che li muovono a chiedere la dichiarazione di nullit\u00e0 del consenso matrimoniale, favorendo cos\u00ec un atteggiamento di accoglienza della sentenza definitiva, anche qualora essa non corrisponda alla propria convinzione. Solo in questo modo i processi di nullit\u00e0 sono espressione di un effettivo accompagnamento pastorale dei fedeli nelle loro crisi matrimoniali, il che significa mettersi in ascolto dello Spirito Santo che parla nella storia concreta delle persone.<\/p>\n<h2>Apertura agli altri<\/h2>\n<p>Due o tre anni fa abbiamo parlato del catecumenato matrimoniale. Lo stesso obiettivo di ricerca condivisa della verit\u00e0 deve caratterizzare ogni tappa del processo giudiziario. \u00c8 vero che nel processo ha luogo, talvolta, una dialettica fra tesi contrastanti; tuttavia, il contraddittorio tra le parti dovrebbe svolgersi sempre nell\u2019adesione sincera a ci\u00f2 che per ognuno appare come vero, senza chiudersi nella propria visione, ma essendo aperti anche al contributo degli altri partecipanti al processo. La disponibilit\u00e0 ad offrire la propria versione soggettiva dei fatti diventa fruttuosa nel quadro di un\u2019adeguata comunicazione con gli altri, che sa arrivare anche all\u2019autocritica.<\/p>\n<h2>Un aneddoto esemplare<\/h2>\n<p>Perci\u00f2 non \u00e8 ammissibile una qualsiasi volontaria alterazione o manipolazione dei fatti, volta a ottenere un risultato pragmaticamente desiderato. Qui mi fermo, e mi scuso, per dire un pericolo molto grande. Quando non si supera questo, anche gli avvocati possono fare danni terribili.<\/p>\n<p>Un mese fa un vescovo \u00e8 venuto a lamentarsi, perch\u00e9 aveva un problema con un sacerdote. Un problema grave, non matrimoniale, un problema di disciplina grave che meritava di andare a giudizio. Il giudice del tribunale nazionale \u2013 non sto parlando di questo o quel paese \u2013 chiam\u00f2 il vescovo e gli disse: \u201cHo ricevuto questo. Io far\u00f2 quello che Lei mi dice. Se Lei mi dice di condannarlo, lo condanno; se Lei mi dice di assolverlo, lo assolvo\u201d. Questo pu\u00f2 succedere! Si pu\u00f2 arrivare a questo se non c\u2019\u00e8 unit\u00e0 nei processi anche con sentenze contrastanti. Andare insieme, perch\u00e9 c\u2019\u00e8 in gioco il bene della Chiesa, il bene della gente! Non \u00e8 un negoziato che si fa. Scusatemi, ma questo aneddoto mi ha illuminato tanto.<\/p>\n<h2>Giustizia e cura delle anime<\/h2>\n<p>Questo \u201candare insieme\u201d nel giudizio vale per le parti e i loro patroni, per i testi chiamati a dichiarare secondo verit\u00e0, per i periti che devono mettere al servizio del processo la loro scienza, nonch\u00e9 in modo singolare per i giudici. Infatti, l\u2019amministrazione della giustizia nella Chiesa \u00e8 una manifestazione della cura delle anime, che richiede sollecitudine pastorale per essere servitori della verit\u00e0 salvifica e della misericordia.<\/p>\n<h2>Il primo giudice \u00e8 il vescovo<\/h2>\n<p>Questo ministerium veritatis assume un peculiare rilievo nei Vescovi, quando giudicano in prima persona, soprattutto nei processi pi\u00f9 brevi, nonch\u00e9 quando esercitano la loro responsabilit\u00e0 nei confronti dei propri tribunali, mostrando anche cos\u00ec la loro sollecitudine paterna nei confronti dei fedeli. E torno su una cosa che dal primo momento ho sempre detto: il giudice originario \u00e8 il vescovo. Il decano mi ha salutato dicendo: \u201cil Papa, giudice universale di tutte\u2026\u201d. Ma questo \u00e8 perch\u00e9 sono vescovo di Roma e Roma presiede tutto, non perch\u00e9 ho un altro titolo. Grazie di questo. Se il Papa ha questa potest\u00e0 \u00e8 perch\u00e9 \u00e8 vescovo della diocesi di cui il Signore ha voluto che il vescovo fosse il Papa. Il vero e primo [giudice] \u00e8 il vescovo, non il vicario giudiziale, il vescovo.<\/p>\n<h2>Cultura dell\u2019ascolto<\/h2>\n<p>La sinodalit\u00e0 nei processi implica un esercizio costante di ascolto. Anche in quest\u2019ambito occorre imparare ad ascoltare, che non \u00e8 semplicemente sentire. Bisogna cio\u00e8 comprendere la visione e le ragioni dell\u2019altro, quasi immedesimarsi con l\u2019altro. Come in altri ambiti della pastorale, anche nell\u2019attivit\u00e0 giudiziale bisogna favorire la cultura dell\u2019ascolto, presupposto della cultura dell\u2019incontro. Perci\u00f2 sono deleterie le risposte standard ai problemi concreti delle singole persone. Ciascuna di esse, con la sua esperienza spesso segnata dal dolore, costituisce per il giudice ecclesiastico la concreta \u201cperiferia esistenziale\u201d da cui deve muoversi ogni azione pastorale giudiziale.<\/p>\n<h2>Pazienza<\/h2>\n<p>Il processo richiede anche un vigile ascolto di quanto viene argomentato e dimostrato dalle parti. Particolare importanza ha l\u2019istruttoria, volta all\u2019accertamento dei fatti, la quale esige in chi la guida di saper coniugare la giusta professionalit\u00e0 con la vicinanza e l\u2019ascolto. E questo, richiede tempo? S\u00ec, richiede tempo. Richiede pazienza? S\u00ec, richiede pazienza. Richiede paternit\u00e0 pastorale? S\u00ec, richiede paternit\u00e0 pastorale. I giudici devono essere ascoltatori per eccellenza di tutto quanto \u00e8 emerso nel processo a favore e contro la dichiarazione di nullit\u00e0. Sono tenuti a ci\u00f2 in virt\u00f9 di un dovere di giustizia, animato e sostenuto dalla carit\u00e0 pastorale. Infatti, \u00abla misericordia \u00e8 la pienezza della giustizia e la manifestazione pi\u00f9 luminosa della verit\u00e0 di Dio\u00bb.<\/p>\n<p>Inoltre, \u2013 come avviene di regola \u2013 vi \u00e8 un collegio giudicante, ogni giudice deve aprirsi alle ragioni presentate dagli altri membri per arrivare a un giudizio ponderato. In questo senso, nella vostra azione di ministri del tribunale, non deve mai mancare il cuore pastorale, lo spirito di carit\u00e0 e di comprensione verso le persone che soffrono per il fallimento dalla loro vita coniugale.<\/p>\n<h2>Pelagianesimo legale<\/h2>\n<p>Per acquisire un tale stile occorre evitare il vicolo cieco del giuridicismo \u2013 che \u00e8 una sorta di pelagianesimo legale; non \u00e8 cattolico, il giuridicismo non \u00e8 cattolico \u2013, cio\u00e8 di una visione autoreferenziale della legge. La legge e il giudizio sono sempre a servizio della verit\u00e0, della giustizia e della virt\u00f9 evangelica della carit\u00e0.<\/p>\n<h2>Discernimento<\/h2>\n<p>Un altro aspetto della sinodalit\u00e0 dei processi \u00e8 il discernimento. Perch\u00e9 il sinodo non \u00e8 soltanto chiedere opinioni, non \u00e8 un\u2019inchiesta, per cui vale lo stesso quello che ognuno dice. No. Quello che uno dice entra nel discernimento. Ci vuole la capacit\u00e0 di discernere. E non \u00e8 facile il discernimento. Si tratta di un discernimento fondato sul camminare insieme e sull\u2019ascolto, e che permette di leggere la concreta situazione matrimoniale alla luce della Parola di Dio e del magistero della Chiesa.<\/p>\n<p>La decisione dei giudici appare cos\u00ec come un calarsi nella realt\u00e0 di una vicenda vitale, per scoprire in essa l\u2019esistenza o meno di quell\u2019evento irrevocabile che \u00e8 il valido consenso sul quale si fonda il matrimonio. Solo cos\u00ec si possono applicare fruttuosamente le leggi relative alle singole forme di nullit\u00e0 matrimoniale, in quanto espressioni della dottrina e della disciplina della Chiesa sul matrimonio. Opera qui la prudenza del diritto, nel suo classico senso di recta ratio agibilium, cio\u00e8 virt\u00f9 che giudica secondo ragione, ossia con rettitudine nell\u2019ambito pratico.<\/p>\n<p>Tornando a quell\u2019esempio: \u201cCosa vuole? Lo condanno o lo libero?\u201d. L\u2019esito di questo cammino \u00e8 la sentenza, frutto di un attento discernimento che conduce a un\u2019autorevole parola di verit\u00e0 sul vissuto personale, mettendo quindi in luce i percorsi che da l\u00ec si possono aprire. La sentenza, perci\u00f2, dev\u2019essere comprensibile per le persone coinvolte: solo cos\u00ec si porr\u00e0 come momento di speciale rilevanza nel loro cammino umano e cristiano.<\/p>\n<h2>Fedeli al servizio della giustizia<\/h2>\n<p>Cari Prelati Uditori, da queste considerazioni che mi premeva porre alla vostra attenzione emerge come la dimensione di sinodalit\u00e0 consenta di mettere in risalto le caratteristiche essenziali del processo. Vi incoraggio, dunque, a proseguire con fedelt\u00e0 e operosit\u00e0 rinnovate il vostro ministero ecclesiale al servizio della giustizia, inseparabile dalla verit\u00e0 e, in definitiva, dalla salus animarum. Un lavoro che manifesta il volto misericordioso della Chiesa: volto materno che si china su ogni fedele per aiutarlo a fare verit\u00e0 su di s\u00e9, risollevandolo dalle sconfitte e dalle fatiche e invitandolo a vivere in pienezza la bellezza del Vangelo. Rinnovo a ciascuno la mia stima e la mia gratitudine.<\/p>\n<h2>Pregare<\/h2>\n<p>Chiedo allo Spirito Santo di accompagnare sempre la vostra attivit\u00e0 e di cuore vi benedico. E non dimenticate di pregare. La preghiera vi accompagni sempre. \u201cSono indaffarato, devo fare tante cose\u2026\u201d. La prima cosa che devi fare \u00e8 pregare. Pregare perch\u00e9 il Signore ti sia vicino. E anche per conoscere il cuore del Signore: lo conosciamo nella preghiera. E i giudici pregano, e devono pregare, il doppio o tre volte di pi\u00f9. Per favore, non dimenticatevi di pregare anche per me, si capisce. Grazie.<\/p>\n","protected":false},"excerpt":{"rendered":"<p>Il Papa ha inaugurato l\u2019anno giudiziario della Rota Romana<\/p>\n","protected":false},"author":17,"featured_media":50392,"comment_status":"closed","ping_status":"closed","sticky":false,"template":"","format":"standard","meta":{"_acf_changed":false,"_crdt_document":"","inline_featured_image":false,"footnotes":""},"categories":[67],"tags":[1738,251,1323,4952],"class_list":["post-50390","post","type-post","status-publish","format-standard","has-post-thumbnail","hentry","category-leone-xiv","tag-giustizia","tag-papa-francesco","tag-sacra-rota","tag-trending-it"],"acf":[],"yoast_head":"<!-- This site is optimized with the Yoast SEO plugin v27.4 - https:\/\/yoast.com\/product\/yoast-seo-wordpress\/ -->\n<title>Giustizia e sinodo, quale legame? &#8211; Exaudi<\/title>\n<meta name=\"description\" content=\"Quale legame c&#039;\u00e8 tra giustizia e sinodo? Ascolto, discernimento e ricerca della verit\u00e0: le parole del Papa alla Sacra Rota\" \/>\n<meta name=\"robots\" content=\"index, follow, max-snippet:-1, max-image-preview:large, max-video-preview:-1\" \/>\n<link rel=\"canonical\" href=\"https:\/\/exaudi.org\/it\/giustizia-e-sinodo-quale-legame\/\" \/>\n<meta property=\"og:locale\" content=\"it_IT\" \/>\n<meta property=\"og:type\" content=\"article\" \/>\n<meta property=\"og:title\" content=\"Giustizia e sinodo, quale legame? &#8211; Exaudi\" \/>\n<meta property=\"og:description\" content=\"Quale legame c&#039;\u00e8 tra giustizia e sinodo? Ascolto, discernimento e ricerca della verit\u00e0: le parole del Papa alla Sacra Rota\" \/>\n<meta property=\"og:url\" content=\"https:\/\/exaudi.org\/it\/giustizia-e-sinodo-quale-legame\/\" \/>\n<meta property=\"og:site_name\" content=\"Exaudi\" \/>\n<meta property=\"article:publisher\" content=\"https:\/\/www.facebook.com\/ExaudiNews\" \/>\n<meta property=\"article:author\" content=\"https:\/\/www.facebook.com\/ExaudiNotizie\/\" \/>\n<meta property=\"article:published_time\" content=\"2022-01-27T15:57:54+00:00\" \/>\n<meta property=\"og:image\" content=\"https:\/\/exaudi.org\/wp-content\/uploads\/2022\/01\/Rota-scaled.jpg\" \/>\n\t<meta property=\"og:image:width\" content=\"2560\" \/>\n\t<meta property=\"og:image:height\" content=\"1707\" \/>\n\t<meta property=\"og:image:type\" content=\"image\/jpeg\" \/>\n<meta name=\"author\" content=\"Exaudi Redazione\" \/>\n<meta name=\"twitter:card\" content=\"summary_large_image\" \/>\n<meta name=\"twitter:creator\" content=\"@Exaudi_Notizie\" \/>\n<meta name=\"twitter:site\" content=\"@Exaudi_News\" \/>\n<meta name=\"twitter:label1\" content=\"Scritto da\" \/>\n\t<meta name=\"twitter:data1\" content=\"Exaudi Redazione\" \/>\n\t<meta name=\"twitter:label2\" content=\"Tempo di lettura stimato\" \/>\n\t<meta name=\"twitter:data2\" content=\"11 minuti\" \/>\n<script type=\"application\/ld+json\" class=\"yoast-schema-graph\">{\"@context\":\"https:\\\/\\\/schema.org\",\"@graph\":[{\"@type\":\"Article\",\"@id\":\"https:\\\/\\\/exaudi.org\\\/it\\\/giustizia-e-sinodo-quale-legame\\\/#article\",\"isPartOf\":{\"@id\":\"https:\\\/\\\/exaudi.org\\\/it\\\/giustizia-e-sinodo-quale-legame\\\/\"},\"author\":{\"name\":\"Exaudi Redazione\",\"@id\":\"https:\\\/\\\/exaudi.org\\\/#\\\/schema\\\/person\\\/e1ab6ed07c01774724dd96f925f3a5f0\"},\"headline\":\"Giustizia e sinodo, quale legame?\",\"datePublished\":\"2022-01-27T15:57:54+00:00\",\"mainEntityOfPage\":{\"@id\":\"https:\\\/\\\/exaudi.org\\\/it\\\/giustizia-e-sinodo-quale-legame\\\/\"},\"wordCount\":1929,\"image\":{\"@id\":\"https:\\\/\\\/exaudi.org\\\/it\\\/giustizia-e-sinodo-quale-legame\\\/#primaryimage\"},\"thumbnailUrl\":\"https:\\\/\\\/exaudi.org\\\/wp-content\\\/uploads\\\/2022\\\/01\\\/Rota-scaled.jpg\",\"keywords\":[\"giustizia\",\"Papa Francesco\",\"Sacra Rota\",\"Trending\"],\"articleSection\":[\"Leone XIV\"],\"inLanguage\":\"it-IT\"},{\"@type\":\"WebPage\",\"@id\":\"https:\\\/\\\/exaudi.org\\\/it\\\/giustizia-e-sinodo-quale-legame\\\/\",\"url\":\"https:\\\/\\\/exaudi.org\\\/it\\\/giustizia-e-sinodo-quale-legame\\\/\",\"name\":\"Giustizia e sinodo, quale legame? &#8211; Exaudi\",\"isPartOf\":{\"@id\":\"https:\\\/\\\/exaudi.org\\\/#website\"},\"primaryImageOfPage\":{\"@id\":\"https:\\\/\\\/exaudi.org\\\/it\\\/giustizia-e-sinodo-quale-legame\\\/#primaryimage\"},\"image\":{\"@id\":\"https:\\\/\\\/exaudi.org\\\/it\\\/giustizia-e-sinodo-quale-legame\\\/#primaryimage\"},\"thumbnailUrl\":\"https:\\\/\\\/exaudi.org\\\/wp-content\\\/uploads\\\/2022\\\/01\\\/Rota-scaled.jpg\",\"datePublished\":\"2022-01-27T15:57:54+00:00\",\"author\":{\"@id\":\"https:\\\/\\\/exaudi.org\\\/#\\\/schema\\\/person\\\/e1ab6ed07c01774724dd96f925f3a5f0\"},\"description\":\"Quale legame c'\u00e8 tra giustizia e sinodo? Ascolto, discernimento e ricerca della verit\u00e0: le parole del Papa alla Sacra Rota\",\"breadcrumb\":{\"@id\":\"https:\\\/\\\/exaudi.org\\\/it\\\/giustizia-e-sinodo-quale-legame\\\/#breadcrumb\"},\"inLanguage\":\"it-IT\",\"potentialAction\":[{\"@type\":\"ReadAction\",\"target\":[\"https:\\\/\\\/exaudi.org\\\/it\\\/giustizia-e-sinodo-quale-legame\\\/\"]}]},{\"@type\":\"ImageObject\",\"inLanguage\":\"it-IT\",\"@id\":\"https:\\\/\\\/exaudi.org\\\/it\\\/giustizia-e-sinodo-quale-legame\\\/#primaryimage\",\"url\":\"https:\\\/\\\/exaudi.org\\\/wp-content\\\/uploads\\\/2022\\\/01\\\/Rota-scaled.jpg\",\"contentUrl\":\"https:\\\/\\\/exaudi.org\\\/wp-content\\\/uploads\\\/2022\\\/01\\\/Rota-scaled.jpg\",\"width\":2560,\"height\":1707,\"caption\":\"(C) Vatican Media\"},{\"@type\":\"BreadcrumbList\",\"@id\":\"https:\\\/\\\/exaudi.org\\\/it\\\/giustizia-e-sinodo-quale-legame\\\/#breadcrumb\",\"itemListElement\":[{\"@type\":\"ListItem\",\"position\":1,\"name\":\"Portada\",\"item\":\"https:\\\/\\\/exaudi.org\\\/it\\\/\"},{\"@type\":\"ListItem\",\"position\":2,\"name\":\"Giustizia e sinodo, quale legame?\"}]},{\"@type\":\"WebSite\",\"@id\":\"https:\\\/\\\/exaudi.org\\\/#website\",\"url\":\"https:\\\/\\\/exaudi.org\\\/\",\"name\":\"Exaudi\",\"description\":\"News\",\"potentialAction\":[{\"@type\":\"SearchAction\",\"target\":{\"@type\":\"EntryPoint\",\"urlTemplate\":\"https:\\\/\\\/exaudi.org\\\/?s={search_term_string}\"},\"query-input\":{\"@type\":\"PropertyValueSpecification\",\"valueRequired\":true,\"valueName\":\"search_term_string\"}}],\"inLanguage\":\"it-IT\"},{\"@type\":\"Person\",\"@id\":\"https:\\\/\\\/exaudi.org\\\/#\\\/schema\\\/person\\\/e1ab6ed07c01774724dd96f925f3a5f0\",\"name\":\"Exaudi Redazione\",\"image\":{\"@type\":\"ImageObject\",\"inLanguage\":\"it-IT\",\"@id\":\"https:\\\/\\\/secure.gravatar.com\\\/avatar\\\/ad6774b3ada023bf5b939d64f45c94b3adf91502dd883507d469b4308a943bb3?s=96&d=mm&r=g\",\"url\":\"https:\\\/\\\/secure.gravatar.com\\\/avatar\\\/ad6774b3ada023bf5b939d64f45c94b3adf91502dd883507d469b4308a943bb3?s=96&d=mm&r=g\",\"contentUrl\":\"https:\\\/\\\/secure.gravatar.com\\\/avatar\\\/ad6774b3ada023bf5b939d64f45c94b3adf91502dd883507d469b4308a943bb3?s=96&d=mm&r=g\",\"caption\":\"Exaudi Redazione\"},\"description\":\"Che cosa \u00e8 Exaudi News? Exaudi News \u00e8 un agenzia cattolica internazionale che informa, istruisce e trasforma quotidianamente in spagnolo, inglese e italiano. Attraverso notizie, articoli di analisi e trasmissioni in diretta degli eventi del Papa, Exaudi cerca di rafforzare l'unit\u00e0 dei cristiani e di contribuire all'evangelizzazione del mondo, sempre guidato dalla dottrina sociale della Chiesa. Lavoriamo per portare la verit\u00e0 e i valori cristiani in ogni angolo del pianeta. Aiutaci a trasformare il mondo con Exaudi! Noi di Exaudi crediamo che l'evangelizzazione e l'informazione di qualit\u00e0 possano cambiare la vita. Per continuare la nostra missione ed espandere la nostra portata, abbiamo bisogno del tuo aiuto. Stiamo anche cercando persone motivate che vogliano unirsi al nostro team. Grazie al vostro sostegno raggiungeremo pi\u00f9 persone, diffonderemo il messaggio di Cristo e rafforzeremo l'unit\u00e0 dei cristiani. Vuoi unirti alla nostra missione? Per maggiori informazioni su come contribuire, visita Exaudi.org\\\/it o contattaci direttamente: info@exaudi.org Exaudi: informa, forma e trasforma.\",\"sameAs\":[\"https:\\\/\\\/www.facebook.com\\\/ExaudiNotizie\\\/\",\"https:\\\/\\\/www.instagram.com\\\/Exaudi_notizie\\\/\",\"https:\\\/\\\/x.com\\\/Exaudi_Notizie\",\"https:\\\/\\\/www.youtube.com\\\/@exaudicatholicnews\"],\"url\":\"https:\\\/\\\/exaudi.org\\\/it\\\/author\\\/dlvedi-org\\\/\"}]}<\/script>\n<!-- \/ Yoast SEO plugin. -->","yoast_head_json":{"title":"Giustizia e sinodo, quale legame? &#8211; Exaudi","description":"Quale legame c'\u00e8 tra giustizia e sinodo? Ascolto, discernimento e ricerca della verit\u00e0: le parole del Papa alla Sacra Rota","robots":{"index":"index","follow":"follow","max-snippet":"max-snippet:-1","max-image-preview":"max-image-preview:large","max-video-preview":"max-video-preview:-1"},"canonical":"https:\/\/exaudi.org\/it\/giustizia-e-sinodo-quale-legame\/","og_locale":"it_IT","og_type":"article","og_title":"Giustizia e sinodo, quale legame? &#8211; Exaudi","og_description":"Quale legame c'\u00e8 tra giustizia e sinodo? Ascolto, discernimento e ricerca della verit\u00e0: le parole del Papa alla Sacra Rota","og_url":"https:\/\/exaudi.org\/it\/giustizia-e-sinodo-quale-legame\/","og_site_name":"Exaudi","article_publisher":"https:\/\/www.facebook.com\/ExaudiNews","article_author":"https:\/\/www.facebook.com\/ExaudiNotizie\/","article_published_time":"2022-01-27T15:57:54+00:00","og_image":[{"width":2560,"height":1707,"url":"https:\/\/exaudi.org\/wp-content\/uploads\/2022\/01\/Rota-scaled.jpg","type":"image\/jpeg"}],"author":"Exaudi Redazione","twitter_card":"summary_large_image","twitter_creator":"@Exaudi_Notizie","twitter_site":"@Exaudi_News","twitter_misc":{"Scritto da":"Exaudi Redazione","Tempo di lettura stimato":"11 minuti"},"schema":{"@context":"https:\/\/schema.org","@graph":[{"@type":"Article","@id":"https:\/\/exaudi.org\/it\/giustizia-e-sinodo-quale-legame\/#article","isPartOf":{"@id":"https:\/\/exaudi.org\/it\/giustizia-e-sinodo-quale-legame\/"},"author":{"name":"Exaudi Redazione","@id":"https:\/\/exaudi.org\/#\/schema\/person\/e1ab6ed07c01774724dd96f925f3a5f0"},"headline":"Giustizia e sinodo, quale legame?","datePublished":"2022-01-27T15:57:54+00:00","mainEntityOfPage":{"@id":"https:\/\/exaudi.org\/it\/giustizia-e-sinodo-quale-legame\/"},"wordCount":1929,"image":{"@id":"https:\/\/exaudi.org\/it\/giustizia-e-sinodo-quale-legame\/#primaryimage"},"thumbnailUrl":"https:\/\/exaudi.org\/wp-content\/uploads\/2022\/01\/Rota-scaled.jpg","keywords":["giustizia","Papa Francesco","Sacra Rota","Trending"],"articleSection":["Leone XIV"],"inLanguage":"it-IT"},{"@type":"WebPage","@id":"https:\/\/exaudi.org\/it\/giustizia-e-sinodo-quale-legame\/","url":"https:\/\/exaudi.org\/it\/giustizia-e-sinodo-quale-legame\/","name":"Giustizia e sinodo, quale legame? &#8211; Exaudi","isPartOf":{"@id":"https:\/\/exaudi.org\/#website"},"primaryImageOfPage":{"@id":"https:\/\/exaudi.org\/it\/giustizia-e-sinodo-quale-legame\/#primaryimage"},"image":{"@id":"https:\/\/exaudi.org\/it\/giustizia-e-sinodo-quale-legame\/#primaryimage"},"thumbnailUrl":"https:\/\/exaudi.org\/wp-content\/uploads\/2022\/01\/Rota-scaled.jpg","datePublished":"2022-01-27T15:57:54+00:00","author":{"@id":"https:\/\/exaudi.org\/#\/schema\/person\/e1ab6ed07c01774724dd96f925f3a5f0"},"description":"Quale legame c'\u00e8 tra giustizia e sinodo? Ascolto, discernimento e ricerca della verit\u00e0: le parole del Papa alla Sacra Rota","breadcrumb":{"@id":"https:\/\/exaudi.org\/it\/giustizia-e-sinodo-quale-legame\/#breadcrumb"},"inLanguage":"it-IT","potentialAction":[{"@type":"ReadAction","target":["https:\/\/exaudi.org\/it\/giustizia-e-sinodo-quale-legame\/"]}]},{"@type":"ImageObject","inLanguage":"it-IT","@id":"https:\/\/exaudi.org\/it\/giustizia-e-sinodo-quale-legame\/#primaryimage","url":"https:\/\/exaudi.org\/wp-content\/uploads\/2022\/01\/Rota-scaled.jpg","contentUrl":"https:\/\/exaudi.org\/wp-content\/uploads\/2022\/01\/Rota-scaled.jpg","width":2560,"height":1707,"caption":"(C) Vatican Media"},{"@type":"BreadcrumbList","@id":"https:\/\/exaudi.org\/it\/giustizia-e-sinodo-quale-legame\/#breadcrumb","itemListElement":[{"@type":"ListItem","position":1,"name":"Portada","item":"https:\/\/exaudi.org\/it\/"},{"@type":"ListItem","position":2,"name":"Giustizia e sinodo, quale legame?"}]},{"@type":"WebSite","@id":"https:\/\/exaudi.org\/#website","url":"https:\/\/exaudi.org\/","name":"Exaudi","description":"News","potentialAction":[{"@type":"SearchAction","target":{"@type":"EntryPoint","urlTemplate":"https:\/\/exaudi.org\/?s={search_term_string}"},"query-input":{"@type":"PropertyValueSpecification","valueRequired":true,"valueName":"search_term_string"}}],"inLanguage":"it-IT"},{"@type":"Person","@id":"https:\/\/exaudi.org\/#\/schema\/person\/e1ab6ed07c01774724dd96f925f3a5f0","name":"Exaudi Redazione","image":{"@type":"ImageObject","inLanguage":"it-IT","@id":"https:\/\/secure.gravatar.com\/avatar\/ad6774b3ada023bf5b939d64f45c94b3adf91502dd883507d469b4308a943bb3?s=96&d=mm&r=g","url":"https:\/\/secure.gravatar.com\/avatar\/ad6774b3ada023bf5b939d64f45c94b3adf91502dd883507d469b4308a943bb3?s=96&d=mm&r=g","contentUrl":"https:\/\/secure.gravatar.com\/avatar\/ad6774b3ada023bf5b939d64f45c94b3adf91502dd883507d469b4308a943bb3?s=96&d=mm&r=g","caption":"Exaudi Redazione"},"description":"Che cosa \u00e8 Exaudi News? Exaudi News \u00e8 un agenzia cattolica internazionale che informa, istruisce e trasforma quotidianamente in spagnolo, inglese e italiano. Attraverso notizie, articoli di analisi e trasmissioni in diretta degli eventi del Papa, Exaudi cerca di rafforzare l'unit\u00e0 dei cristiani e di contribuire all'evangelizzazione del mondo, sempre guidato dalla dottrina sociale della Chiesa. Lavoriamo per portare la verit\u00e0 e i valori cristiani in ogni angolo del pianeta. Aiutaci a trasformare il mondo con Exaudi! Noi di Exaudi crediamo che l'evangelizzazione e l'informazione di qualit\u00e0 possano cambiare la vita. Per continuare la nostra missione ed espandere la nostra portata, abbiamo bisogno del tuo aiuto. Stiamo anche cercando persone motivate che vogliano unirsi al nostro team. Grazie al vostro sostegno raggiungeremo pi\u00f9 persone, diffonderemo il messaggio di Cristo e rafforzeremo l'unit\u00e0 dei cristiani. Vuoi unirti alla nostra missione? Per maggiori informazioni su come contribuire, visita Exaudi.org\/it o contattaci direttamente: info@exaudi.org Exaudi: informa, forma e trasforma.","sameAs":["https:\/\/www.facebook.com\/ExaudiNotizie\/","https:\/\/www.instagram.com\/Exaudi_notizie\/","https:\/\/x.com\/Exaudi_Notizie","https:\/\/www.youtube.com\/@exaudicatholicnews"],"url":"https:\/\/exaudi.org\/it\/author\/dlvedi-org\/"}]}},"jetpack_featured_media_url":"https:\/\/exaudi.org\/wp-content\/uploads\/2022\/01\/Rota-scaled.jpg","jetpack_shortlink":"https:\/\/wp.me\/pgKjF2-d6K","_links":{"self":[{"href":"https:\/\/exaudi.org\/it\/wp-json\/wp\/v2\/posts\/50390","targetHints":{"allow":["GET"]}}],"collection":[{"href":"https:\/\/exaudi.org\/it\/wp-json\/wp\/v2\/posts"}],"about":[{"href":"https:\/\/exaudi.org\/it\/wp-json\/wp\/v2\/types\/post"}],"author":[{"embeddable":true,"href":"https:\/\/exaudi.org\/it\/wp-json\/wp\/v2\/users\/17"}],"replies":[{"embeddable":true,"href":"https:\/\/exaudi.org\/it\/wp-json\/wp\/v2\/comments?post=50390"}],"version-history":[{"count":0,"href":"https:\/\/exaudi.org\/it\/wp-json\/wp\/v2\/posts\/50390\/revisions"}],"wp:featuredmedia":[{"embeddable":true,"href":"https:\/\/exaudi.org\/it\/wp-json\/wp\/v2\/media\/50392"}],"wp:attachment":[{"href":"https:\/\/exaudi.org\/it\/wp-json\/wp\/v2\/media?parent=50390"}],"wp:term":[{"taxonomy":"category","embeddable":true,"href":"https:\/\/exaudi.org\/it\/wp-json\/wp\/v2\/categories?post=50390"},{"taxonomy":"post_tag","embeddable":true,"href":"https:\/\/exaudi.org\/it\/wp-json\/wp\/v2\/tags?post=50390"}],"curies":[{"name":"wp","href":"https:\/\/api.w.org\/{rel}","templated":true}]}}