{"id":49950,"date":"2022-01-24T11:18:24","date_gmt":"2022-01-24T10:18:24","guid":{"rendered":"https:\/\/exaudi.org\/?p=49950"},"modified":"2022-01-24T11:18:24","modified_gmt":"2022-01-24T10:18:24","slug":"michael-hesemann-ingiustificati-gli-attacchi-a-benedetto-xvi","status":"publish","type":"post","link":"https:\/\/exaudi.org\/it\/michael-hesemann-ingiustificati-gli-attacchi-a-benedetto-xvi\/","title":{"rendered":"Michael Hesemann: \u201cIngiustificati gli attacchi a Benedetto XVI\u201d"},"content":{"rendered":"<div>\n<p>Ingiustificati. Michael Hesemann, esperto di Chiesa tedesca, saggista e studioso, definisce cos\u00ec gli ultimi attacchi al Papa emerito Benedetto XVI dopo la pubblicazione del rapporto di uno studio legale tedesco che afferma che Ratzinger gest\u00ec non correttamente quattro casi di abusi sessuali su minori quanddo era arcivescovo di Monaco e Frisinga (1977-1982).<\/p>\n<p>Benedetto XVI ha <a href=\"https:\/\/exaudi.org\/it\/abusi-benedetto-xvi-respinge-le-accuse-del-rapporto-tedesco\/\">categoricamente negato<\/a> qualsiasi condotta scorretta.<\/p>\n<p>In questa intervista esclusiva con Exaudi, Hesemann commenta il rapporto e se le affermazioni l\u00ec contenute abbiano una qualche legittimit\u00e0; inoltre risponde su come Ratzinger, prima come Prefetto della Congregazione per la Dottrina della Fede del Vaticano e poi come Pontefice, lavor\u00f2 per affrontare la piaga degli abusi sessuali su minori da parte di chierici nella Chiesa Cattolica.<\/p>\n<p>Ecco la nostra conversazione:<\/p>\n<p><b>EXAUDI: Dr. Hesemann, il nuovo rapporto sugli abusi sessuali nell&#8217;arcidiocesi di Monaco contiene informazioni inquietanti. L&#8217;ha visto?<\/b><\/p>\n<p>HESEMANN: S\u00ec, certo, si possono trovare online tutte le 1893 pagine, purtroppo solo in tedesco. Ma essendo io tedesco, per me non \u00e8 stato un problema leggerlo.<\/p>\n<p><b>EXAUDI: Ha letto i passaggi sulla presunta cattiva condotta da parte del cardinale Ratzinger quando era arcivescovo di Monaco?<\/b><\/p>\n<p>HESEMANN: Ho letto sia le 72 pagine che si riferiscono ai 5 anni in cui il cardinale Ratzinger \u00e8 stato Arcivescovo di Monaco e Frisinga, sia le 88 pagine di sue risposte alle domande degli inquirenti.<\/p>\n<p><b>EXAUDI: Cosa affermano? Sono legittime quelle accuse?<\/b><\/p>\n<p>HESEMANN: Anzitutto c&#8217;\u00e8 un&#8217;enorme discrepanza tra il rapporto stesso da un lato e la conferenza stampa di presentazione di gioved\u00ec scorso e la sua copertura internazionale dall&#8217;altro. Questo \u00e8 importante sottolinearlo, perch\u00e9 ogni giornalista che ha riferito della conferenza stampa di Monaco ha ammesso naturalmente di non aver ancora letto il rapporto, dato che nessuno pu\u00f2 leggere 1893 pagine in un giorno! Quindi ogni titolo si basava su quanto \u00e8 stato detto alla conferenza stampa, vale a dire solo un&#8217;interpretazione di parte e malevola. In realt\u00e0, senza alcun riscontro nei fatti come il rapporto li presenta. Di conseguenza la maggior parte di quanto avete letto e sentito negli ultimi due giorni sono solo fake-news, che poggiano su una deliberata disinformazione da parte dei media.<\/p>\n<p>Come tutti sappiamo, i media si sono concentrati su Benedetto XVI, anche se non \u00e8 affatto lui il soggetto principale del rapporto. Il rapporto tratta i casi di abuso sessuale di minori dal 1945 al 2019, in 74 anni, non solo nei 5 anni di episcopato Ratzinger. Tratta 65 casi, di cui solo quattro legati a Ratzinger. E se si studiano quei casi, Ratzinger \u00e8 solo una figura secondaria, qualcuno che non ha avuto un ruolo importante in quanto successo, eppure tutti si focalizzano su di lui. Metterlo sotto i riflettori \u00e8, naturalmente, un modo facile per coprire la cattiva condotta di molti suoi successori, in particolare il cardinale Marx, che \u00e8 arcivescovo di Monaco e Frisinga dal 2008. E comunque, diamo un&#8217;occhiata a questi quattro casi e a come Ratzinger li ha trattati.<\/p>\n<p><u><\/u><b>EXAUDI: S\u00ec, potrebbe per favore approfondire i casi di cui parliamo?<\/b><\/p>\n<p>HESEMANN: Se li studiate, rimarrete molto sorpresi nel vedere che non c&#8217;era nessuna vittima in nessuno di questi quattro casi, almeno non durante il mandato di Ratzinger come arcivescovo. In nessuno dei quattro casi, un prete \u00e8 stato accusato di qualsiasi attivit\u00e0 sessuale con un minore o un adulto, un ragazzo o una ragazza durante quei 5 anni! Questo \u00e8 un fatto molto importante, dato quanto generalmente si sostiene che la Chiesa chiuda un occhio sulle vittime.<\/p>\n<p>Nel primo caso, un prete, che era stato mandato all&#8217;estero dopo una cattiva condotta sessuale in passato e condannato a una pena detentiva, fu autorizzato da Ratzinger a tornare nella sua diocesi d&#8217;origine per la pensione. Poich\u00e9 questo prete voleva solo andare in pensione, \u00e8 stato un atto di grazia umano permettergli di morire nel suo paese d&#8217;origine.<\/p>\n<p>Eppure, il rapporto lamenta che il vicario generale &#8211; non Ratzinger! &#8211; gli invi\u00f2 una lettera formale, accettandone il pensionamento e rivolgendosi a lui come &#8220;pastore&#8221; (&#8220;Pfarrer&#8221;). Gli inquirenti sostengono che &#8220;pastore&#8221; \u00e8 un titolo onorifico, concesso a lui dall&#8217;arcivescovo Ratzinger, il che \u00e8 solo una sciocchezza. E comunque non \u00e8 Ratzinger che dovrebbe essere accusato di questo, dato che fu il suo vicario generale ad accettare il pensionamento di quel sacerdote e a chiamarlo \u201cpastore\u201d.<\/p>\n<p>Nel secondo caso, un sacerdote di un&#8217;altra diocesi era stato giudicato colpevole, nella sua diocesi di provenienza di Essen, di avere molestato bambini da ubriaco, perci\u00f2 era stato inviato dal suo vescovo all&#8217;arcidiocesi di Monaco per un trattamento psichiatrico. Bench\u00e9 il rapporto non specifichi alcun nome, qui si parla chiaramente del famigerato P. Peter Hullermann il cui nome abbiamo sentito cos\u00ec spesso. Queste molestie a Essen erano avvenute tutte prima del mandato di Ratzinger come arcivescovo di Monaco.<\/p>\n<p>Ancora una volta, ripeto, egli fu riconosciuto colpevole nella sua diocesi natale di Essen! Il suo vescovo mand\u00f2 Hullerman per un trattamento psichiatrico nella diocesi di Monaco. A quel tempo, si credeva generalmente che la perversione sessuale fosse curabile. Durante il trattamento, rimase in una struttura pastorale e il pastore locale gli permise di prestare servizio l\u00ec. Dato che aveva agito sotto l&#8217;effetto dell&#8217;alcol, la domanda \u00e8 se qualcuno a Monaco era consapevole che era un pedofilo o se invece lo consideravano solo un alcolizzato con problemi psichiatrici.<\/p>\n<p>Benedetto XVI assicura che non era informato dei precedenti di quest&#8217;uomo, cio\u00e8 delle molestie ai bambini avvenute nella diocesi di Essen, e non ci sono prove del contrario! Ratzinger non era informato del motivo di questo trattamento, e quindi, ignaro, ha permesso al sacerdote di rimanere nella struttura pastorale del luogo del suo trattamento, dove il parroco locale lo impegn\u00f2 in diverse attivit\u00e0.<\/p>\n<p><b>EXAUDI: Quindi Ratzinger non sapeva che la causa del trasferimento erano le molestie sui bambini?<\/b><\/p>\n<p>HESEMANN: No. Lui ha chiaramente affermato che non sapeva, e noi non abbiamo alcuna ragione per mettere in discussione questa sua affermazione. Questo sacerdote, p. Hullerman, divenne molto popolare rapidamente, e non si macchi\u00f2 mai di alcuna cattiva condotta durante il suo servizio. Quando poi si scopr\u00ec che aveva commesso un atto di esibizionismo, fu condannato dal tribunale e rimosso dal servizio parrocchiale. Trov\u00f2 lavoro come insegnante in una scuola privata. \u00c8 importante chiarire che la scuola era una scuola privata di economia e non aveva nulla a che fare con la Chiesa.<\/p>\n<p>L&#8217;atto di esibizionismo di P. Hullerman fu essenzialmente il mostrarsi in un luogo pubblico, al di fuori della parrocchia, dove non era riconoscibile come prete e nessuno della sua parrocchia ne fu testimone. Gli permisero di continuare il suo trattamento psichiatrico, senza per\u00f2 svolgere pi\u00f9 alcuna attivit\u00e0 in parrocchia, almeno finch\u00e9 Ratzinger fu arcivescovo. Quindi qui non abbiamo nessun atto di pedofilia, nessuna molestia sessuale, nessuna vittima riconducibile a Ratzinger. Tutte le accuse si concentrano solo sulla questione del perch\u00e9 Ratzinger permise a quest\u2019uomo di sottoporsi a cure psichiatriche in Baviera ed essere presente in parrocchia.<\/p>\n<p><b>EXAUDI: Il rapporto mostra la prova che Ratzinger conosceva invece il passato di p. Hullerman?<\/b><\/p>\n<p>HESEMANN: Assolutamente no. Il rapporto non presenta nessuna simile prova. Nella sua stessa dichiarazione Benedetto XVI nega che allora conoscesse il passato di questo sacerdote, p. Hullermann, e non c&#8217;\u00e8 alcuna prova che lo abbia mai fatto. E tuttavia, \u00e8 stato questo caso che ha ottenuto l&#8217;attenzione pi\u00f9 diffusa dei media!<\/p>\n<p><b>EXAUDI: In cosa consisteva il terzo caso?<\/b><\/p>\n<p>HESEMANN: Nel terzo caso, un vescovo di un altro paese chiese al cardinale Ratzinger un permesso per un suo nipote prete di continuare i suoi studi e poi discutere la sua tesi a Monaco, cosa che Ratzinger permise. Quel che non sapeva \u00e8 che il giovane prete era gi\u00e0 stato condannato nel suo paese d&#8217;origine per cattiva condotta sessuale.<\/p>\n<p>Durante i suoi studi, quel prete prest\u00f2 servizio come cappellano nella parrocchia dell&#8217;Universit\u00e0 e fu visto nuotare nudo nel fiume locale, l&#8217;Isar. Beh, io stesso ho vissuto a Monaco per tre anni e vi posso assicurare che \u00e8 una cosa abbastanza comune l\u00ec, anche se non per un giovane prete, naturalmente! Ma, ancora una volta, nessuna vittima! Comunque, il giovane prete fu immediatamente rimosso dalla sua parrocchia e alla fine rimandato a casa. Di nuovo, Ratzinger viene incolpato di aver permesso a questo giovane di studiare a Monaco, sostenendo che &#8220;doveva sapere&#8221; del suo passato. Trovo pi\u00f9 plausibile ipotizzare che sia stato lo zio vescovo a non parlarne a Ratzinger&#8230;<\/p>\n<p><b>EXAUDI: Per questo giovane prete, il recente rapporto non mostra come reag\u00ec Ratzinger?<\/b><\/p>\n<p>HESEMANN: Assolutamente s\u00ec! Il giovane prete non aveva fatto nulla di illegale, ma qualcosa di compromettente certo s\u00ec. E subito Ratzinger reag\u00ec, lo rimosse da ogni incarico e lo mand\u00f2 a casa, solo come misura preventiva! Eppure ancora sostengono che Benedetto XVI &#8216;doveva&#8217; sapere del suo passato&#8230; Affermazione assurda e non supportata da alcuna prova.<\/p>\n<p><b>EXAUDI: Il rapporto illustra qualche passo compiuto dall&#8217;arcivescovo Ratzinger per combattere gli abusi nell&#8217;arcidiocesi?<\/b><\/p>\n<p>HESEMANN: S\u00ec. L&#8217;ultimo dei quattro casi riguarda un prete che aveva scattato foto di ragazze minorenni in costume da bagno e abiti estivi. Quando fu condannato e Ratzinger lo seppe, lo rimosse dalla sua parrocchia e lo mand\u00f2 a prestare servizio in un ospedale e in una casa di riposo, solo perch\u00e9 questo prete aveva mostrato tendenze pedofile e non avrebbe dovrebbe aver alcun contatto con i minori! Ci\u00f2 nonostante, gli investigatori accusano Ratzinger di &#8220;disinteresse&#8221; per il caso. La loro affermazione \u00e8 proprio l&#8217;opposto di ci\u00f2 che si \u00e8 appreso sul caso stesso.<\/p>\n<p>Eppure, come vedete, l&#8217;abuso sessuale non \u00e8 stato un grande problema durante i suoi cinque anni a Monaco. Non abbiamo un solo caso in cui un minore n\u00e9 un adulto sia stato sessualmente abusato. E abbiamo piuttosto un arcivescovo, Ratzinger, che prese immediatamente misure preventive.<\/p>\n<p><b>EXAUDI: Passiamo a quando Ratzinger lasci\u00f2 Monaco per Roma. Quali sono stati i suoi passi pi\u00f9 importanti contro gli abusi su minori mentre guidava la Congregazione per la Dottrina della Fede, in Vaticano?<\/b><\/p>\n<p>HESEMANN: Il rapporto incolpa Ratzinger di non aver segnalato quei quattro casi a Roma. Ma in realt\u00e0, questo non era il modus operandi durante gli anni &#8217;70. Solo quando Ratzinger divenne Prefetto della CDF nel 1982, fece includere l&#8217;Istruzione Crimen sollicitationis del 1922 come parte della riforma del Codice di Diritto Canonico (CIC) nel 1983. Tuttavia, ci \u00e8 voluto fino alla met\u00e0 degli anni &#8217;90 perch\u00e9 le diocesi seguissero effettivamente questa istruzione, perch\u00e9 Ratzinger insisteva su di essa. Prima di allora, semplicemente i vescovi locali coprivano questi casi.<\/p>\n<p>Fino al Concilio Vaticano II il principio era che il vescovo doveva curare e non punire; quelli che agivano diversamente erano considerati troppo rigidi e intolleranti. Solo quando i primi casi di abuso crearono scandalo negli Stati Uniti, i vescovi americani chiesero a Ratzinger se dovevano disciplinare internamente i preti pedofili o coinvolgere le forze dell&#8217;ordine. Quando Papa Giovanni Paolo II temeva un uso politico dei casi di abuso, fu Ratzinger a chiedere che fossero al contrario chiariti e perseguiti senza mezze misure. Infatti nel 2001 convinse il Papa a promulgare regole pi\u00f9 severe. Nella sua istruzione &#8220;De delictis gravioribus&#8221;, ordin\u00f2 il dovere di denunciare questi casi alle autorit\u00e0 di polizia secondo le leggi nazionali immediatamente, non dopo un processo canonico! Un anno dopo, Giovanni Paolo II ordin\u00f2 a 13 vescovi americani di venire a Roma per informarli della nuova &#8220;politica di tolleranza zero&#8221; della Santa Sede.<\/p>\n<p><b>EXAUDI: Nel 2010 Papa Benedetto XVI ha compiuto passi in avanti enormi per combattere la pedofilia nella Chiesa&#8230; E&#8217; vero?<\/b><\/p>\n<p>HESEMANN: Assolutamente s\u00ec. Fin dall&#8217;inizio del suo pontificato Ratzinger ha applicato questa politica della \u201ctolleranza zero&#8221;. Anche in un caso importante come quello di padre Marcial Maciel Delgado, il fondatore dei Legionari di Cristo. Nel 2010, quando si seppe che le sue istruzioni erano state ignorate da diversi vescovi, ne fece applicare altre ancora pi\u00f9 severe.<\/p>\n<p>Ha prolungato il periodo di prescrizione da 10 a 20 anni, per esempio. I casi gravi dovevano da allora in poi essere riportati al Papa stesso, che avrebbe provveduto alla dimissione dallo stato clericale. Inoltre, diede istruzioni ai seminari di selezionare i candidati al sacerdozio con maggiore attenzione, senza accettare uomini con tendenze pedofile o omosessuali. Benedetto XVI ha dichiarato qualsiasi copertura &#8220;assolutamente inaccettabile&#8221;.<\/p>\n<p><b>EXAUDI: C&#8217;era stato anche il caso famoso delle dimissioni \u2013 per pedofilia \u2013 dell&#8217;arcivescovo di Vienna Hans Hermann Groer, nel 1995, di cui Ratzinger si era occupato&#8230;<\/b><\/p>\n<p>HESEMANN: Certo, vi ebbe un grande ruolo.<\/p>\n<p><b>EXAUDI: Poi le dimissioni dallo stato clericale di molti sacerdoti, decise come papa&#8230;<\/b><\/p>\n<p>HESEMANN: S\u00ec. Per dare l&#8217;esempio e per porre fine a questa &#8220;perversione del sacerdozio&#8221;, come la chiamava lui, ha \u201cspretato\u201d quasi 400 preti pedofili.<\/p>\n<p><b>EXAUDI: Le sue famose parole sulla &#8220;sporcizia all&#8217;interno della Chiesa&#8221; durante la Via Crucis del 2005 al Colosseo, poco prima della morte di Giovanni Paolo II e di essere eletto lui papa, non saranno mai dimenticate. Quali sono stati alcuni dei modi pi\u00f9 significativi con cui ha mostrato ed espresso disgusto per questa sporcizia?<\/b><\/p>\n<p>HESEMANN: Nel 2010, diretto a Fatima, sul volo papale afferm\u00f2 che &#8220;la pi\u00f9 grande persecuzione della Chiesa non viene dai nemici fuori, ma nasce dal peccato nella Chiesa&#8221;. E in una sua lettera ad un raduno cattolico tedesco, consigli\u00f2 ai vescovi e ai fedeli di &#8220;estirpare ogni erbaccia&#8221;, specialmente &#8220;in mezzo alla Chiesa e tra i suoi servitori&#8221;. Per lo speciale &#8220;anno sacerdotale&#8221; da lui voluto, il 2010, Benedetto XVI disse al suo biografo Peter Seewald, che doveva diventare &#8220;un anno di purificazione, di rinnovamento interiore, di cambiamento e di penitenza&#8221; per il sacerdozio.<\/p>\n<p>Nessun Papa ha agito e parlato con tanta forza per combattere la &#8220;sporcizia all&#8217;interno della Chiesa&#8221;, la pestilenza della pedofilia e degli abusi sacerdotali! E non solo, \u00e8 stato lui il primo Papa che ha incontrato pi\u00f9 volte le vittime dei sacerdoti abusatori in tanti paesi che ha visitato, oltre a chiedere un adeguato risarcimento per le sofferenze loro inflitte, anche se ci\u00f2 ha causato gravi problemi finanziari in diverse diocesi.<\/p>\n<p><b>EXAUDI: Lei \u00e8 preoccupato che dopo questa intervista qualcuno possa dire che lei risponde in un certo modo perch\u00e9 \u00e8 vicino alla famiglia Ratzinger?<\/b><\/p>\n<p>HESEMANN: Non \u00e8 necessario essere vicini alla sua famiglia (e nel mio caso al suo defunto fratello Georg) per leggere con attenzione il rapporto ufficiale, riconoscerne la faziosit\u00e0 e vedere la discrepanza tra i fatti riportati e quelli conosciuti, le affermazioni degli inquirenti e quelle ancora pi\u00f9 eclatanti e &#8211; a mio avviso &#8211; assurde durante la conferenza stampa di Monaco. Questi quattro casi son davvero cos\u00ec abbastanza forti da compromettere il lavoro di una vita di Joseph Ratzinger, di uno dei papi pi\u00f9 brillanti e santi della storia della Chiesa? Sicuramente no!<\/p>\n<p>Ancora una volta: non ci sono vittime, non ci furono casi di molestia sessuale durante il suo mandato come arcivescovo di Monaco e Frisinga. Nemmeno uno. Accusarlo di non essersi schierato dalla parte delle vittime, di non essersi curato di loro, \u00e8 assurdo, perch\u00e9 vittime non ce n\u2019erano! In due soli casi, la domanda \u00e8 quanto bene fosse informato in anticipo sul passato di sacerdoti di altre diocesi, diverse dalla sua, una persino in un altro paese. Lui dice che non conosceva i dettagli in questione e non ci sono prove che lo abbia fatto. In dubio pro reo \u00e8 un principio universale e dunque si applica anche al Papa.<\/p>\n<p>Nessuno degli ultimi attacchi contro Benedetto XVI \u00e8 giustificato, perch\u00e9 non si basano su alcun fatto, ma solo su faziosit\u00e0, calunnie e distorsioni. Nel migliore dei casi, i quattro casi citati mostrano semmai che la Chiesa \u00e8 diventata pi\u00f9 sensibile nel trattare gli abusi, e questa \u00e8 una buona cosa. Ma questo, come ho gi\u00e0 detto, \u00e8 stato il lavoro di Benedetto XVI. Tanto pi\u00f9 assurdo, tanto pi\u00f9 perfido perci\u00f2 sarebbe ora collocare in un angolo lui, il responsabile del \u201cclean up\u201d, della pulizia, insieme ai responsabili del \u201ccover up\u201d, cio\u00e8 gli insabbiatori.<\/p>\n<\/div>\n<p>Io posso solo invitare chiunque a leggere il rapporto in versione originale cum grano salis, col dovuto scetticismo. Chiunque cerchi una prova, indizi o anche fatti concreti che possano condannare Papa Ratzinger per avere mentito, rimarr\u00e0 deluso molto presto. Ci sono circoli in Germania che vogliono una Chiesa diversa, una Chiesa antropocentrica, pi\u00f9 protestante, pi\u00f9 &#8220;aperta al mondo&#8221;. Per loro, Papa Benedetto XVI \u00e8 un simbolo, un simbolo della &#8220;vecchia&#8221; Chiesa teocentrica. Per questo fanno di tutto per calunniarlo, per screditare lui e tutto quello che ci ha insegnato come teologo, vescovo, cardinale, prefetto della CDF e papa. Non si tratta di quei quattro casi, ma di lui e dei suoi insegnamenti. Per loro \u00a0lui \u00e8 il capro espiatorio perfetto per i loro scandali in Germania. Possono distrarre tutta l&#8217;attenzione su di lui.<\/p>\n<p><b>EXAUDI: Grazie dottor Hesemann.<\/b><\/p>\n","protected":false},"excerpt":{"rendered":"<p>Intervista esclusiva al saggista e studioso tedesco che difende il Papa emerito dopo la pubblicazione del rapporto sugli abusi in Baviera<\/p>\n","protected":false},"author":3,"featured_media":49910,"comment_status":"closed","ping_status":"closed","sticky":false,"template":"","format":"standard","meta":{"_acf_changed":false,"_crdt_document":"","inline_featured_image":false,"footnotes":""},"categories":[107],"tags":[1974,1722,2487,1723],"class_list":["post-49950","post","type-post","status-publish","format-standard","has-post-thumbnail","hentry","category-interviste","tag-abusi","tag-benedetto-xvi","tag-featured-3","tag-papa-emerito"],"acf":[],"yoast_head":"<!-- This site is optimized with the Yoast SEO plugin v27.5 - https:\/\/yoast.com\/product\/yoast-seo-wordpress\/ -->\n<title>Michael Hesemann: \u201cIngiustificati gli attacchi a Benedetto XVI\u201d &#8211; Exaudi<\/title>\n<meta name=\"description\" content=\"Intervista esclusiva al saggista e studioso tedesco Hesemann che difende Benedetto XVI dalle accuse dopo il rapporto sugli abusi in Baviera\" \/>\n<meta name=\"robots\" content=\"index, follow, max-snippet:-1, max-image-preview:large, max-video-preview:-1\" \/>\n<link rel=\"canonical\" href=\"https:\/\/exaudi.org\/it\/michael-hesemann-ingiustificati-gli-attacchi-a-benedetto-xvi\/\" \/>\n<meta property=\"og:locale\" content=\"it_IT\" \/>\n<meta property=\"og:type\" content=\"article\" \/>\n<meta property=\"og:title\" content=\"Michael Hesemann: \u201cIngiustificati gli attacchi a Benedetto XVI\u201d &#8211; Exaudi\" \/>\n<meta property=\"og:description\" content=\"Intervista esclusiva al saggista e studioso tedesco Hesemann che difende Benedetto XVI dalle accuse dopo il rapporto sugli abusi in Baviera\" \/>\n<meta property=\"og:url\" content=\"https:\/\/exaudi.org\/it\/michael-hesemann-ingiustificati-gli-attacchi-a-benedetto-xvi\/\" \/>\n<meta property=\"og:site_name\" content=\"Exaudi\" \/>\n<meta property=\"article:publisher\" content=\"https:\/\/www.facebook.com\/ExaudiNews\" \/>\n<meta property=\"article:published_time\" content=\"2022-01-24T10:18:24+00:00\" \/>\n<meta property=\"og:image\" content=\"https:\/\/exaudi.org\/wp-content\/uploads\/2022\/01\/cq5dam.thumbnail.cropped.1500.844-1-2.jpeg\" \/>\n\t<meta property=\"og:image:width\" content=\"1500\" \/>\n\t<meta property=\"og:image:height\" content=\"844\" \/>\n\t<meta property=\"og:image:type\" content=\"image\/jpeg\" \/>\n<meta name=\"author\" content=\"Deborah Castellano Lubov\" \/>\n<meta name=\"twitter:card\" content=\"summary_large_image\" \/>\n<meta name=\"twitter:creator\" content=\"@Exaudi_News\" \/>\n<meta name=\"twitter:site\" content=\"@Exaudi_News\" \/>\n<meta name=\"twitter:label1\" content=\"Scritto da\" \/>\n\t<meta name=\"twitter:data1\" content=\"Deborah Castellano Lubov\" \/>\n\t<meta name=\"twitter:label2\" content=\"Tempo di lettura stimato\" \/>\n\t<meta name=\"twitter:data2\" content=\"15 minuti\" \/>\n<script type=\"application\/ld+json\" class=\"yoast-schema-graph\">{\"@context\":\"https:\\\/\\\/schema.org\",\"@graph\":[{\"@type\":\"Article\",\"@id\":\"https:\\\/\\\/exaudi.org\\\/it\\\/michael-hesemann-ingiustificati-gli-attacchi-a-benedetto-xvi\\\/#article\",\"isPartOf\":{\"@id\":\"https:\\\/\\\/exaudi.org\\\/it\\\/michael-hesemann-ingiustificati-gli-attacchi-a-benedetto-xvi\\\/\"},\"author\":{\"name\":\"Deborah Castellano Lubov\",\"@id\":\"https:\\\/\\\/exaudi.org\\\/#\\\/schema\\\/person\\\/ca36230f63b85cb8badafaa15f06d602\"},\"headline\":\"Michael Hesemann: \u201cIngiustificati gli attacchi a Benedetto XVI\u201d\",\"datePublished\":\"2022-01-24T10:18:24+00:00\",\"mainEntityOfPage\":{\"@id\":\"https:\\\/\\\/exaudi.org\\\/it\\\/michael-hesemann-ingiustificati-gli-attacchi-a-benedetto-xvi\\\/\"},\"wordCount\":2738,\"image\":{\"@id\":\"https:\\\/\\\/exaudi.org\\\/it\\\/michael-hesemann-ingiustificati-gli-attacchi-a-benedetto-xvi\\\/#primaryimage\"},\"thumbnailUrl\":\"https:\\\/\\\/exaudi.org\\\/wp-content\\\/uploads\\\/2022\\\/01\\\/cq5dam.thumbnail.cropped.1500.844-1-2.jpeg\",\"keywords\":[\"abusi\",\"Benedetto XVI\",\"Featured\",\"papa emerito\"],\"articleSection\":[\"Interviste\"],\"inLanguage\":\"it-IT\"},{\"@type\":\"WebPage\",\"@id\":\"https:\\\/\\\/exaudi.org\\\/it\\\/michael-hesemann-ingiustificati-gli-attacchi-a-benedetto-xvi\\\/\",\"url\":\"https:\\\/\\\/exaudi.org\\\/it\\\/michael-hesemann-ingiustificati-gli-attacchi-a-benedetto-xvi\\\/\",\"name\":\"Michael Hesemann: \u201cIngiustificati gli attacchi a Benedetto XVI\u201d &#8211; Exaudi\",\"isPartOf\":{\"@id\":\"https:\\\/\\\/exaudi.org\\\/#website\"},\"primaryImageOfPage\":{\"@id\":\"https:\\\/\\\/exaudi.org\\\/it\\\/michael-hesemann-ingiustificati-gli-attacchi-a-benedetto-xvi\\\/#primaryimage\"},\"image\":{\"@id\":\"https:\\\/\\\/exaudi.org\\\/it\\\/michael-hesemann-ingiustificati-gli-attacchi-a-benedetto-xvi\\\/#primaryimage\"},\"thumbnailUrl\":\"https:\\\/\\\/exaudi.org\\\/wp-content\\\/uploads\\\/2022\\\/01\\\/cq5dam.thumbnail.cropped.1500.844-1-2.jpeg\",\"datePublished\":\"2022-01-24T10:18:24+00:00\",\"author\":{\"@id\":\"https:\\\/\\\/exaudi.org\\\/#\\\/schema\\\/person\\\/ca36230f63b85cb8badafaa15f06d602\"},\"description\":\"Intervista esclusiva al saggista e studioso tedesco Hesemann che difende Benedetto XVI dalle accuse dopo il rapporto sugli abusi in Baviera\",\"breadcrumb\":{\"@id\":\"https:\\\/\\\/exaudi.org\\\/it\\\/michael-hesemann-ingiustificati-gli-attacchi-a-benedetto-xvi\\\/#breadcrumb\"},\"inLanguage\":\"it-IT\",\"potentialAction\":[{\"@type\":\"ReadAction\",\"target\":[\"https:\\\/\\\/exaudi.org\\\/it\\\/michael-hesemann-ingiustificati-gli-attacchi-a-benedetto-xvi\\\/\"]}]},{\"@type\":\"ImageObject\",\"inLanguage\":\"it-IT\",\"@id\":\"https:\\\/\\\/exaudi.org\\\/it\\\/michael-hesemann-ingiustificati-gli-attacchi-a-benedetto-xvi\\\/#primaryimage\",\"url\":\"https:\\\/\\\/exaudi.org\\\/wp-content\\\/uploads\\\/2022\\\/01\\\/cq5dam.thumbnail.cropped.1500.844-1-2.jpeg\",\"contentUrl\":\"https:\\\/\\\/exaudi.org\\\/wp-content\\\/uploads\\\/2022\\\/01\\\/cq5dam.thumbnail.cropped.1500.844-1-2.jpeg\",\"width\":1500,\"height\":844,\"caption\":\"Benedetto XVI \u00a9 Vatican Media\"},{\"@type\":\"BreadcrumbList\",\"@id\":\"https:\\\/\\\/exaudi.org\\\/it\\\/michael-hesemann-ingiustificati-gli-attacchi-a-benedetto-xvi\\\/#breadcrumb\",\"itemListElement\":[{\"@type\":\"ListItem\",\"position\":1,\"name\":\"Portada\",\"item\":\"https:\\\/\\\/exaudi.org\\\/it\\\/\"},{\"@type\":\"ListItem\",\"position\":2,\"name\":\"Michael Hesemann: \u201cIngiustificati gli attacchi a Benedetto XVI\u201d\"}]},{\"@type\":\"WebSite\",\"@id\":\"https:\\\/\\\/exaudi.org\\\/#website\",\"url\":\"https:\\\/\\\/exaudi.org\\\/\",\"name\":\"Exaudi\",\"description\":\"News\",\"potentialAction\":[{\"@type\":\"SearchAction\",\"target\":{\"@type\":\"EntryPoint\",\"urlTemplate\":\"https:\\\/\\\/exaudi.org\\\/?s={search_term_string}\"},\"query-input\":{\"@type\":\"PropertyValueSpecification\",\"valueRequired\":true,\"valueName\":\"search_term_string\"}}],\"inLanguage\":\"it-IT\"},{\"@type\":\"Person\",\"@id\":\"https:\\\/\\\/exaudi.org\\\/#\\\/schema\\\/person\\\/ca36230f63b85cb8badafaa15f06d602\",\"name\":\"Deborah Castellano Lubov\",\"image\":{\"@type\":\"ImageObject\",\"inLanguage\":\"it-IT\",\"@id\":\"https:\\\/\\\/secure.gravatar.com\\\/avatar\\\/1634e49afca8a60560a6701011a51b43f0e7362f22afa1fa6c37dfb70bd8d6a8?s=96&d=mm&r=g\",\"url\":\"https:\\\/\\\/secure.gravatar.com\\\/avatar\\\/1634e49afca8a60560a6701011a51b43f0e7362f22afa1fa6c37dfb70bd8d6a8?s=96&d=mm&r=g\",\"contentUrl\":\"https:\\\/\\\/secure.gravatar.com\\\/avatar\\\/1634e49afca8a60560a6701011a51b43f0e7362f22afa1fa6c37dfb70bd8d6a8?s=96&d=mm&r=g\",\"caption\":\"Deborah Castellano Lubov\"},\"description\":\"Deborah Castellano Lubov is Editorial Director &amp; Senior Vatican &amp; Rome Correspondent for EXAUDI (&amp; Prior, for ZENIT); Author of 'The Other Francis' ('L'Altro Francesco') featuring interviews with those closest to the Pope and preface by Vatican Secretary of State Cardinal Parolin (currently published in 5 languages); Deborah is also NBC &amp; MSNBC Vatican Analyst. She often covers the Pope's travels abroad, often from the Papal Flight (including for historic trips such as to Abu Dhabi and Japan &amp; Thailand), and has also asked him questions on the return-flight press conference on behalf of the English-speaking press present. Lubov has done much TV &amp; radio commentary, including for NBC, Sky, EWTN, BBC, Vatican Radio, AP, Reuters and more. She also has contributed to various books on the Pope and has written for various Catholic publications. For 'The Other Francis': http:\\\/\\\/www.gracewing.co.uk\\\/page219.html or https:\\\/\\\/www.amazon.com\\\/Other-Francis-Everything-They-about\\\/dp\\\/0852449348\\\/\",\"url\":\"https:\\\/\\\/exaudi.org\\\/it\\\/author\\\/dlubovexaudi-org\\\/\"}]}<\/script>\n<!-- \/ Yoast SEO plugin. -->","yoast_head_json":{"title":"Michael Hesemann: \u201cIngiustificati gli attacchi a Benedetto XVI\u201d &#8211; Exaudi","description":"Intervista esclusiva al saggista e studioso tedesco Hesemann che difende Benedetto XVI dalle accuse dopo il rapporto sugli abusi in Baviera","robots":{"index":"index","follow":"follow","max-snippet":"max-snippet:-1","max-image-preview":"max-image-preview:large","max-video-preview":"max-video-preview:-1"},"canonical":"https:\/\/exaudi.org\/it\/michael-hesemann-ingiustificati-gli-attacchi-a-benedetto-xvi\/","og_locale":"it_IT","og_type":"article","og_title":"Michael Hesemann: \u201cIngiustificati gli attacchi a Benedetto XVI\u201d &#8211; Exaudi","og_description":"Intervista esclusiva al saggista e studioso tedesco Hesemann che difende Benedetto XVI dalle accuse dopo il rapporto sugli abusi in Baviera","og_url":"https:\/\/exaudi.org\/it\/michael-hesemann-ingiustificati-gli-attacchi-a-benedetto-xvi\/","og_site_name":"Exaudi","article_publisher":"https:\/\/www.facebook.com\/ExaudiNews","article_published_time":"2022-01-24T10:18:24+00:00","og_image":[{"width":1500,"height":844,"url":"https:\/\/exaudi.org\/wp-content\/uploads\/2022\/01\/cq5dam.thumbnail.cropped.1500.844-1-2.jpeg","type":"image\/jpeg"}],"author":"Deborah Castellano Lubov","twitter_card":"summary_large_image","twitter_creator":"@Exaudi_News","twitter_site":"@Exaudi_News","twitter_misc":{"Scritto da":"Deborah Castellano Lubov","Tempo di lettura stimato":"15 minuti"},"schema":{"@context":"https:\/\/schema.org","@graph":[{"@type":"Article","@id":"https:\/\/exaudi.org\/it\/michael-hesemann-ingiustificati-gli-attacchi-a-benedetto-xvi\/#article","isPartOf":{"@id":"https:\/\/exaudi.org\/it\/michael-hesemann-ingiustificati-gli-attacchi-a-benedetto-xvi\/"},"author":{"name":"Deborah Castellano Lubov","@id":"https:\/\/exaudi.org\/#\/schema\/person\/ca36230f63b85cb8badafaa15f06d602"},"headline":"Michael Hesemann: \u201cIngiustificati gli attacchi a Benedetto XVI\u201d","datePublished":"2022-01-24T10:18:24+00:00","mainEntityOfPage":{"@id":"https:\/\/exaudi.org\/it\/michael-hesemann-ingiustificati-gli-attacchi-a-benedetto-xvi\/"},"wordCount":2738,"image":{"@id":"https:\/\/exaudi.org\/it\/michael-hesemann-ingiustificati-gli-attacchi-a-benedetto-xvi\/#primaryimage"},"thumbnailUrl":"https:\/\/exaudi.org\/wp-content\/uploads\/2022\/01\/cq5dam.thumbnail.cropped.1500.844-1-2.jpeg","keywords":["abusi","Benedetto XVI","Featured","papa emerito"],"articleSection":["Interviste"],"inLanguage":"it-IT"},{"@type":"WebPage","@id":"https:\/\/exaudi.org\/it\/michael-hesemann-ingiustificati-gli-attacchi-a-benedetto-xvi\/","url":"https:\/\/exaudi.org\/it\/michael-hesemann-ingiustificati-gli-attacchi-a-benedetto-xvi\/","name":"Michael Hesemann: \u201cIngiustificati gli attacchi a Benedetto XVI\u201d &#8211; Exaudi","isPartOf":{"@id":"https:\/\/exaudi.org\/#website"},"primaryImageOfPage":{"@id":"https:\/\/exaudi.org\/it\/michael-hesemann-ingiustificati-gli-attacchi-a-benedetto-xvi\/#primaryimage"},"image":{"@id":"https:\/\/exaudi.org\/it\/michael-hesemann-ingiustificati-gli-attacchi-a-benedetto-xvi\/#primaryimage"},"thumbnailUrl":"https:\/\/exaudi.org\/wp-content\/uploads\/2022\/01\/cq5dam.thumbnail.cropped.1500.844-1-2.jpeg","datePublished":"2022-01-24T10:18:24+00:00","author":{"@id":"https:\/\/exaudi.org\/#\/schema\/person\/ca36230f63b85cb8badafaa15f06d602"},"description":"Intervista esclusiva al saggista e studioso tedesco Hesemann che difende Benedetto XVI dalle accuse dopo il rapporto sugli abusi in Baviera","breadcrumb":{"@id":"https:\/\/exaudi.org\/it\/michael-hesemann-ingiustificati-gli-attacchi-a-benedetto-xvi\/#breadcrumb"},"inLanguage":"it-IT","potentialAction":[{"@type":"ReadAction","target":["https:\/\/exaudi.org\/it\/michael-hesemann-ingiustificati-gli-attacchi-a-benedetto-xvi\/"]}]},{"@type":"ImageObject","inLanguage":"it-IT","@id":"https:\/\/exaudi.org\/it\/michael-hesemann-ingiustificati-gli-attacchi-a-benedetto-xvi\/#primaryimage","url":"https:\/\/exaudi.org\/wp-content\/uploads\/2022\/01\/cq5dam.thumbnail.cropped.1500.844-1-2.jpeg","contentUrl":"https:\/\/exaudi.org\/wp-content\/uploads\/2022\/01\/cq5dam.thumbnail.cropped.1500.844-1-2.jpeg","width":1500,"height":844,"caption":"Benedetto XVI \u00a9 Vatican Media"},{"@type":"BreadcrumbList","@id":"https:\/\/exaudi.org\/it\/michael-hesemann-ingiustificati-gli-attacchi-a-benedetto-xvi\/#breadcrumb","itemListElement":[{"@type":"ListItem","position":1,"name":"Portada","item":"https:\/\/exaudi.org\/it\/"},{"@type":"ListItem","position":2,"name":"Michael Hesemann: \u201cIngiustificati gli attacchi a Benedetto XVI\u201d"}]},{"@type":"WebSite","@id":"https:\/\/exaudi.org\/#website","url":"https:\/\/exaudi.org\/","name":"Exaudi","description":"News","potentialAction":[{"@type":"SearchAction","target":{"@type":"EntryPoint","urlTemplate":"https:\/\/exaudi.org\/?s={search_term_string}"},"query-input":{"@type":"PropertyValueSpecification","valueRequired":true,"valueName":"search_term_string"}}],"inLanguage":"it-IT"},{"@type":"Person","@id":"https:\/\/exaudi.org\/#\/schema\/person\/ca36230f63b85cb8badafaa15f06d602","name":"Deborah Castellano Lubov","image":{"@type":"ImageObject","inLanguage":"it-IT","@id":"https:\/\/secure.gravatar.com\/avatar\/1634e49afca8a60560a6701011a51b43f0e7362f22afa1fa6c37dfb70bd8d6a8?s=96&d=mm&r=g","url":"https:\/\/secure.gravatar.com\/avatar\/1634e49afca8a60560a6701011a51b43f0e7362f22afa1fa6c37dfb70bd8d6a8?s=96&d=mm&r=g","contentUrl":"https:\/\/secure.gravatar.com\/avatar\/1634e49afca8a60560a6701011a51b43f0e7362f22afa1fa6c37dfb70bd8d6a8?s=96&d=mm&r=g","caption":"Deborah Castellano Lubov"},"description":"Deborah Castellano Lubov is Editorial Director &amp; Senior Vatican &amp; Rome Correspondent for EXAUDI (&amp; Prior, for ZENIT); Author of 'The Other Francis' ('L'Altro Francesco') featuring interviews with those closest to the Pope and preface by Vatican Secretary of State Cardinal Parolin (currently published in 5 languages); Deborah is also NBC &amp; MSNBC Vatican Analyst. She often covers the Pope's travels abroad, often from the Papal Flight (including for historic trips such as to Abu Dhabi and Japan &amp; Thailand), and has also asked him questions on the return-flight press conference on behalf of the English-speaking press present. Lubov has done much TV &amp; radio commentary, including for NBC, Sky, EWTN, BBC, Vatican Radio, AP, Reuters and more. She also has contributed to various books on the Pope and has written for various Catholic publications. For 'The Other Francis': http:\/\/www.gracewing.co.uk\/page219.html or https:\/\/www.amazon.com\/Other-Francis-Everything-They-about\/dp\/0852449348\/","url":"https:\/\/exaudi.org\/it\/author\/dlubovexaudi-org\/"}]}},"jetpack_featured_media_url":"https:\/\/exaudi.org\/wp-content\/uploads\/2022\/01\/cq5dam.thumbnail.cropped.1500.844-1-2.jpeg","jetpack_shortlink":"https:\/\/wp.me\/pgKjF2-cZE","_links":{"self":[{"href":"https:\/\/exaudi.org\/it\/wp-json\/wp\/v2\/posts\/49950","targetHints":{"allow":["GET"]}}],"collection":[{"href":"https:\/\/exaudi.org\/it\/wp-json\/wp\/v2\/posts"}],"about":[{"href":"https:\/\/exaudi.org\/it\/wp-json\/wp\/v2\/types\/post"}],"author":[{"embeddable":true,"href":"https:\/\/exaudi.org\/it\/wp-json\/wp\/v2\/users\/3"}],"replies":[{"embeddable":true,"href":"https:\/\/exaudi.org\/it\/wp-json\/wp\/v2\/comments?post=49950"}],"version-history":[{"count":0,"href":"https:\/\/exaudi.org\/it\/wp-json\/wp\/v2\/posts\/49950\/revisions"}],"wp:featuredmedia":[{"embeddable":true,"href":"https:\/\/exaudi.org\/it\/wp-json\/wp\/v2\/media\/49910"}],"wp:attachment":[{"href":"https:\/\/exaudi.org\/it\/wp-json\/wp\/v2\/media?parent=49950"}],"wp:term":[{"taxonomy":"category","embeddable":true,"href":"https:\/\/exaudi.org\/it\/wp-json\/wp\/v2\/categories?post=49950"},{"taxonomy":"post_tag","embeddable":true,"href":"https:\/\/exaudi.org\/it\/wp-json\/wp\/v2\/tags?post=49950"}],"curies":[{"name":"wp","href":"https:\/\/api.w.org\/{rel}","templated":true}]}}