{"id":49266,"date":"2022-01-17T15:06:27","date_gmt":"2022-01-17T14:06:27","guid":{"rendered":"https:\/\/exaudi.org\/?p=49266"},"modified":"2022-01-17T15:06:27","modified_gmt":"2022-01-17T14:06:27","slug":"pregare-per-l-unita-pregare-per-il-sinodo","status":"publish","type":"post","link":"https:\/\/exaudi.org\/it\/pregare-per-l-unita-pregare-per-il-sinodo\/","title":{"rendered":"Pregare per l&#8217;unit\u00e0, pregare per il sinodo"},"content":{"rendered":"<p>Per la Settimana di preghiera per l&#8217;unit\u00e0 dei cristiani del 2022, il cardinale Mario Grech, segretario generale del Sinodo, e il cardinale Kurt Koch, presidente del P<a href=\"http:\/\/www.christianunity.va\/content\/unitacristiani\/it.html\">ontificio consiglio per la Promozione dell\u2019Unit\u00e0 dei cristiani<\/a>, invitano tutti i cristiani a pregare per l&#8217;unit\u00e0 e a continuare a camminare insieme.<\/p>\n<h2>Una lettera congiunta<\/h2>\n<p>In una lettera congiunta inviata il 28 ottobre 2021 a tutti i vescovi responsabili dell&#8217;ecumenismo, il cardinale Koch e il cardinale Grech, hanno offerto suggerimenti volti ad attuare la dimensione ecumenica del processo sinodale nelle chiese locali. \u201cTanto la sinodalit\u00e0 quanto l\u2019ecumenismo, infatti, sono processi del camminare insieme\u201d, hanno scritto i due cardinali.<\/p>\n<p>La Settimana di preghiera per l&#8217;unit\u00e0 dei cristiani 2022 sul tema &#8220;In Oriente abbiamo visto apparire la sua stella e siamo venuti qui per onorarlo\u201d, preparata dal Consiglio delle Chiese del Medio Oriente, offre una propizia occasione per pregare con tutti i cristiani affinch\u00e9 il Sinodo proceda in uno spirito ecumenico. Riflettendo sul tema, i due cardinali affermano: &#8220;Come i <a href=\"https:\/\/exaudi.org\/it\/un-cammino-insieme-cosi-il-papa-alla-delegazione-ecumenica\/\">Magi<\/a>, anche i cristiani camminano insieme (synodos) guidati dalla stessa luce celeste e incontrano le stesse tenebre del mondo. Anch&#8217;essi sono chiamati ad adorare insieme Ges\u00f9 e ad aprire i loro tesori. Consapevoli del nostro bisogno di essere accompagnati dai nostri fratelli e sorelle in Cristo e dei loro numerosi doni, li invitiamo a camminare con noi durante questi due anni e preghiamo sinceramente che Cristo ci avvicini a Lui e, cos\u00ec, ci avvicini gli uni agli altri&#8221;.<\/p>\n<h2>Una preghiera per la Settimana<\/h2>\n<p>La Segreteria Generale del Sinodo dei Vescovi e il Pontificio Consiglio per la Promozione dell&#8217;Unit\u00e0 dei Cristiani sono quindi lieti di offrire la seguente preghiera ispirata al tema della Settimana di preghiera, che potrebbe essere aggiunta alle altre intenzioni proposte: Padre Celeste, come i Magi viaggiarono verso Betlemme guidati dalla stella, cos\u00ec, con la tua luce celeste, guida la Chiesa cattolica affinch\u00e9 cammini insieme a tutti i cristiani durante questo periodo sinodale. Come i Magi erano uniti nella loro adorazione di Cristo, avvicinaci al tuo Figlio e avvicinaci cos\u00ec gli uni agli altri, in modo da renderci un segno dell&#8217;unit\u00e0 che desideri per la tua Chiesa e per l&#8217;intera creazione. Te lo chiediamo per Cristo nostro Signore. Amen<\/p>\n","protected":false},"excerpt":{"rendered":"<p>L\u2019invito dei cardinali Grech e Koch alla vigilia della Settimana per l\u2019unit\u00e0 dei cristiani<\/p>\n","protected":false},"author":17,"featured_media":49267,"comment_status":"closed","ping_status":"closed","sticky":false,"template":"","format":"standard","meta":{"_acf_changed":false,"_crdt_document":"","inline_featured_image":false,"footnotes":""},"categories":[73],"tags":[2749,5559],"class_list":["post-49266","post","type-post","status-publish","format-standard","has-post-thumbnail","hentry","category-chiesa-e-mondo","tag-ecumenismo-it","tag-unita-dei-cristiani"],"acf":[],"yoast_head":"<!-- This site is optimized with the Yoast SEO plugin v27.5 - https:\/\/yoast.com\/product\/yoast-seo-wordpress\/ -->\n<title>Pregare per l&#039;unit\u00e0, pregare per il sinodo &#8211; Exaudi<\/title>\n<meta name=\"description\" content=\"Alla vigilia della Settimana di preghiera per l&#039;unit\u00e0 dei cristiani i cardinali Grech e Koch invitano a pregare per l&#039;unit\u00e0 e per il sinodo\" \/>\n<meta name=\"robots\" content=\"index, follow, max-snippet:-1, max-image-preview:large, max-video-preview:-1\" \/>\n<link rel=\"canonical\" href=\"https:\/\/exaudi.org\/it\/pregare-per-l-unita-pregare-per-il-sinodo\/\" \/>\n<meta property=\"og:locale\" content=\"it_IT\" \/>\n<meta property=\"og:type\" content=\"article\" \/>\n<meta property=\"og:title\" content=\"Pregare per l&#039;unit\u00e0, pregare per il sinodo &#8211; Exaudi\" \/>\n<meta property=\"og:description\" content=\"Alla vigilia della Settimana di preghiera per l&#039;unit\u00e0 dei cristiani i cardinali Grech e Koch invitano a pregare per l&#039;unit\u00e0 e per il sinodo\" \/>\n<meta property=\"og:url\" content=\"https:\/\/exaudi.org\/it\/pregare-per-l-unita-pregare-per-il-sinodo\/\" \/>\n<meta property=\"og:site_name\" content=\"Exaudi\" \/>\n<meta property=\"article:publisher\" content=\"https:\/\/www.facebook.com\/ExaudiNews\" \/>\n<meta property=\"article:author\" content=\"https:\/\/www.facebook.com\/ExaudiNotizie\/\" \/>\n<meta property=\"article:published_time\" content=\"2022-01-17T14:06:27+00:00\" \/>\n<meta property=\"og:image\" content=\"https:\/\/exaudi.org\/wp-content\/uploads\/2022\/01\/ecumenismo.jpeg\" \/>\n\t<meta property=\"og:image:width\" content=\"1000\" \/>\n\t<meta property=\"og:image:height\" content=\"563\" \/>\n\t<meta property=\"og:image:type\" content=\"image\/jpeg\" \/>\n<meta name=\"author\" content=\"Exaudi Redazione\" \/>\n<meta name=\"twitter:card\" content=\"summary_large_image\" \/>\n<meta name=\"twitter:creator\" content=\"@Exaudi_Notizie\" \/>\n<meta name=\"twitter:site\" content=\"@Exaudi_News\" \/>\n<meta name=\"twitter:label1\" content=\"Scritto da\" \/>\n\t<meta name=\"twitter:data1\" content=\"Exaudi Redazione\" \/>\n\t<meta name=\"twitter:label2\" content=\"Tempo di lettura stimato\" \/>\n\t<meta name=\"twitter:data2\" content=\"2 minuti\" \/>\n<script type=\"application\/ld+json\" class=\"yoast-schema-graph\">{\"@context\":\"https:\\\/\\\/schema.org\",\"@graph\":[{\"@type\":\"Article\",\"@id\":\"https:\\\/\\\/exaudi.org\\\/it\\\/pregare-per-l-unita-pregare-per-il-sinodo\\\/#article\",\"isPartOf\":{\"@id\":\"https:\\\/\\\/exaudi.org\\\/it\\\/pregare-per-l-unita-pregare-per-il-sinodo\\\/\"},\"author\":{\"name\":\"Exaudi Redazione\",\"@id\":\"https:\\\/\\\/exaudi.org\\\/#\\\/schema\\\/person\\\/e1ab6ed07c01774724dd96f925f3a5f0\"},\"headline\":\"Pregare per l&#8217;unit\u00e0, pregare per il sinodo\",\"datePublished\":\"2022-01-17T14:06:27+00:00\",\"mainEntityOfPage\":{\"@id\":\"https:\\\/\\\/exaudi.org\\\/it\\\/pregare-per-l-unita-pregare-per-il-sinodo\\\/\"},\"wordCount\":379,\"image\":{\"@id\":\"https:\\\/\\\/exaudi.org\\\/it\\\/pregare-per-l-unita-pregare-per-il-sinodo\\\/#primaryimage\"},\"thumbnailUrl\":\"https:\\\/\\\/exaudi.org\\\/wp-content\\\/uploads\\\/2022\\\/01\\\/ecumenismo.jpeg\",\"keywords\":[\"Ecumenismo\",\"Unit\u00e0 dei cristiani\"],\"articleSection\":[\"Chiesa e Mondo\"],\"inLanguage\":\"it-IT\"},{\"@type\":\"WebPage\",\"@id\":\"https:\\\/\\\/exaudi.org\\\/it\\\/pregare-per-l-unita-pregare-per-il-sinodo\\\/\",\"url\":\"https:\\\/\\\/exaudi.org\\\/it\\\/pregare-per-l-unita-pregare-per-il-sinodo\\\/\",\"name\":\"Pregare per l'unit\u00e0, pregare per il sinodo &#8211; Exaudi\",\"isPartOf\":{\"@id\":\"https:\\\/\\\/exaudi.org\\\/#website\"},\"primaryImageOfPage\":{\"@id\":\"https:\\\/\\\/exaudi.org\\\/it\\\/pregare-per-l-unita-pregare-per-il-sinodo\\\/#primaryimage\"},\"image\":{\"@id\":\"https:\\\/\\\/exaudi.org\\\/it\\\/pregare-per-l-unita-pregare-per-il-sinodo\\\/#primaryimage\"},\"thumbnailUrl\":\"https:\\\/\\\/exaudi.org\\\/wp-content\\\/uploads\\\/2022\\\/01\\\/ecumenismo.jpeg\",\"datePublished\":\"2022-01-17T14:06:27+00:00\",\"author\":{\"@id\":\"https:\\\/\\\/exaudi.org\\\/#\\\/schema\\\/person\\\/e1ab6ed07c01774724dd96f925f3a5f0\"},\"description\":\"Alla vigilia della Settimana di preghiera per l'unit\u00e0 dei cristiani i cardinali Grech e Koch invitano a pregare per l'unit\u00e0 e per il sinodo\",\"breadcrumb\":{\"@id\":\"https:\\\/\\\/exaudi.org\\\/it\\\/pregare-per-l-unita-pregare-per-il-sinodo\\\/#breadcrumb\"},\"inLanguage\":\"it-IT\",\"potentialAction\":[{\"@type\":\"ReadAction\",\"target\":[\"https:\\\/\\\/exaudi.org\\\/it\\\/pregare-per-l-unita-pregare-per-il-sinodo\\\/\"]}]},{\"@type\":\"ImageObject\",\"inLanguage\":\"it-IT\",\"@id\":\"https:\\\/\\\/exaudi.org\\\/it\\\/pregare-per-l-unita-pregare-per-il-sinodo\\\/#primaryimage\",\"url\":\"https:\\\/\\\/exaudi.org\\\/wp-content\\\/uploads\\\/2022\\\/01\\\/ecumenismo.jpeg\",\"contentUrl\":\"https:\\\/\\\/exaudi.org\\\/wp-content\\\/uploads\\\/2022\\\/01\\\/ecumenismo.jpeg\",\"width\":1000,\"height\":563,\"caption\":\"(C) Vatican Media\"},{\"@type\":\"BreadcrumbList\",\"@id\":\"https:\\\/\\\/exaudi.org\\\/it\\\/pregare-per-l-unita-pregare-per-il-sinodo\\\/#breadcrumb\",\"itemListElement\":[{\"@type\":\"ListItem\",\"position\":1,\"name\":\"Portada\",\"item\":\"https:\\\/\\\/exaudi.org\\\/it\\\/\"},{\"@type\":\"ListItem\",\"position\":2,\"name\":\"Pregare per l&#8217;unit\u00e0, pregare per il sinodo\"}]},{\"@type\":\"WebSite\",\"@id\":\"https:\\\/\\\/exaudi.org\\\/#website\",\"url\":\"https:\\\/\\\/exaudi.org\\\/\",\"name\":\"Exaudi\",\"description\":\"News\",\"potentialAction\":[{\"@type\":\"SearchAction\",\"target\":{\"@type\":\"EntryPoint\",\"urlTemplate\":\"https:\\\/\\\/exaudi.org\\\/?s={search_term_string}\"},\"query-input\":{\"@type\":\"PropertyValueSpecification\",\"valueRequired\":true,\"valueName\":\"search_term_string\"}}],\"inLanguage\":\"it-IT\"},{\"@type\":\"Person\",\"@id\":\"https:\\\/\\\/exaudi.org\\\/#\\\/schema\\\/person\\\/e1ab6ed07c01774724dd96f925f3a5f0\",\"name\":\"Exaudi Redazione\",\"image\":{\"@type\":\"ImageObject\",\"inLanguage\":\"it-IT\",\"@id\":\"https:\\\/\\\/secure.gravatar.com\\\/avatar\\\/ad6774b3ada023bf5b939d64f45c94b3adf91502dd883507d469b4308a943bb3?s=96&d=mm&r=g\",\"url\":\"https:\\\/\\\/secure.gravatar.com\\\/avatar\\\/ad6774b3ada023bf5b939d64f45c94b3adf91502dd883507d469b4308a943bb3?s=96&d=mm&r=g\",\"contentUrl\":\"https:\\\/\\\/secure.gravatar.com\\\/avatar\\\/ad6774b3ada023bf5b939d64f45c94b3adf91502dd883507d469b4308a943bb3?s=96&d=mm&r=g\",\"caption\":\"Exaudi Redazione\"},\"description\":\"Che cosa \u00e8 Exaudi News? Exaudi News \u00e8 un agenzia cattolica internazionale che informa, istruisce e trasforma quotidianamente in spagnolo, inglese e italiano. Attraverso notizie, articoli di analisi e trasmissioni in diretta degli eventi del Papa, Exaudi cerca di rafforzare l'unit\u00e0 dei cristiani e di contribuire all'evangelizzazione del mondo, sempre guidato dalla dottrina sociale della Chiesa. Lavoriamo per portare la verit\u00e0 e i valori cristiani in ogni angolo del pianeta. Aiutaci a trasformare il mondo con Exaudi! Noi di Exaudi crediamo che l'evangelizzazione e l'informazione di qualit\u00e0 possano cambiare la vita. Per continuare la nostra missione ed espandere la nostra portata, abbiamo bisogno del tuo aiuto. Stiamo anche cercando persone motivate che vogliano unirsi al nostro team. Grazie al vostro sostegno raggiungeremo pi\u00f9 persone, diffonderemo il messaggio di Cristo e rafforzeremo l'unit\u00e0 dei cristiani. Vuoi unirti alla nostra missione? Per maggiori informazioni su come contribuire, visita Exaudi.org\\\/it o contattaci direttamente: info@exaudi.org Exaudi: informa, forma e trasforma.\",\"sameAs\":[\"https:\\\/\\\/www.facebook.com\\\/ExaudiNotizie\\\/\",\"https:\\\/\\\/www.instagram.com\\\/Exaudi_notizie\\\/\",\"https:\\\/\\\/x.com\\\/Exaudi_Notizie\",\"https:\\\/\\\/www.youtube.com\\\/@exaudicatholicnews\"],\"url\":\"https:\\\/\\\/exaudi.org\\\/it\\\/author\\\/dlvedi-org\\\/\"}]}<\/script>\n<!-- \/ Yoast SEO plugin. -->","yoast_head_json":{"title":"Pregare per l'unit\u00e0, pregare per il sinodo &#8211; Exaudi","description":"Alla vigilia della Settimana di preghiera per l'unit\u00e0 dei cristiani i cardinali Grech e Koch invitano a pregare per l'unit\u00e0 e per il sinodo","robots":{"index":"index","follow":"follow","max-snippet":"max-snippet:-1","max-image-preview":"max-image-preview:large","max-video-preview":"max-video-preview:-1"},"canonical":"https:\/\/exaudi.org\/it\/pregare-per-l-unita-pregare-per-il-sinodo\/","og_locale":"it_IT","og_type":"article","og_title":"Pregare per l'unit\u00e0, pregare per il sinodo &#8211; Exaudi","og_description":"Alla vigilia della Settimana di preghiera per l'unit\u00e0 dei cristiani i cardinali Grech e Koch invitano a pregare per l'unit\u00e0 e per il sinodo","og_url":"https:\/\/exaudi.org\/it\/pregare-per-l-unita-pregare-per-il-sinodo\/","og_site_name":"Exaudi","article_publisher":"https:\/\/www.facebook.com\/ExaudiNews","article_author":"https:\/\/www.facebook.com\/ExaudiNotizie\/","article_published_time":"2022-01-17T14:06:27+00:00","og_image":[{"width":1000,"height":563,"url":"https:\/\/exaudi.org\/wp-content\/uploads\/2022\/01\/ecumenismo.jpeg","type":"image\/jpeg"}],"author":"Exaudi Redazione","twitter_card":"summary_large_image","twitter_creator":"@Exaudi_Notizie","twitter_site":"@Exaudi_News","twitter_misc":{"Scritto da":"Exaudi Redazione","Tempo di lettura stimato":"2 minuti"},"schema":{"@context":"https:\/\/schema.org","@graph":[{"@type":"Article","@id":"https:\/\/exaudi.org\/it\/pregare-per-l-unita-pregare-per-il-sinodo\/#article","isPartOf":{"@id":"https:\/\/exaudi.org\/it\/pregare-per-l-unita-pregare-per-il-sinodo\/"},"author":{"name":"Exaudi Redazione","@id":"https:\/\/exaudi.org\/#\/schema\/person\/e1ab6ed07c01774724dd96f925f3a5f0"},"headline":"Pregare per l&#8217;unit\u00e0, pregare per il sinodo","datePublished":"2022-01-17T14:06:27+00:00","mainEntityOfPage":{"@id":"https:\/\/exaudi.org\/it\/pregare-per-l-unita-pregare-per-il-sinodo\/"},"wordCount":379,"image":{"@id":"https:\/\/exaudi.org\/it\/pregare-per-l-unita-pregare-per-il-sinodo\/#primaryimage"},"thumbnailUrl":"https:\/\/exaudi.org\/wp-content\/uploads\/2022\/01\/ecumenismo.jpeg","keywords":["Ecumenismo","Unit\u00e0 dei cristiani"],"articleSection":["Chiesa e Mondo"],"inLanguage":"it-IT"},{"@type":"WebPage","@id":"https:\/\/exaudi.org\/it\/pregare-per-l-unita-pregare-per-il-sinodo\/","url":"https:\/\/exaudi.org\/it\/pregare-per-l-unita-pregare-per-il-sinodo\/","name":"Pregare per l'unit\u00e0, pregare per il sinodo &#8211; Exaudi","isPartOf":{"@id":"https:\/\/exaudi.org\/#website"},"primaryImageOfPage":{"@id":"https:\/\/exaudi.org\/it\/pregare-per-l-unita-pregare-per-il-sinodo\/#primaryimage"},"image":{"@id":"https:\/\/exaudi.org\/it\/pregare-per-l-unita-pregare-per-il-sinodo\/#primaryimage"},"thumbnailUrl":"https:\/\/exaudi.org\/wp-content\/uploads\/2022\/01\/ecumenismo.jpeg","datePublished":"2022-01-17T14:06:27+00:00","author":{"@id":"https:\/\/exaudi.org\/#\/schema\/person\/e1ab6ed07c01774724dd96f925f3a5f0"},"description":"Alla vigilia della Settimana di preghiera per l'unit\u00e0 dei cristiani i cardinali Grech e Koch invitano a pregare per l'unit\u00e0 e per il sinodo","breadcrumb":{"@id":"https:\/\/exaudi.org\/it\/pregare-per-l-unita-pregare-per-il-sinodo\/#breadcrumb"},"inLanguage":"it-IT","potentialAction":[{"@type":"ReadAction","target":["https:\/\/exaudi.org\/it\/pregare-per-l-unita-pregare-per-il-sinodo\/"]}]},{"@type":"ImageObject","inLanguage":"it-IT","@id":"https:\/\/exaudi.org\/it\/pregare-per-l-unita-pregare-per-il-sinodo\/#primaryimage","url":"https:\/\/exaudi.org\/wp-content\/uploads\/2022\/01\/ecumenismo.jpeg","contentUrl":"https:\/\/exaudi.org\/wp-content\/uploads\/2022\/01\/ecumenismo.jpeg","width":1000,"height":563,"caption":"(C) Vatican Media"},{"@type":"BreadcrumbList","@id":"https:\/\/exaudi.org\/it\/pregare-per-l-unita-pregare-per-il-sinodo\/#breadcrumb","itemListElement":[{"@type":"ListItem","position":1,"name":"Portada","item":"https:\/\/exaudi.org\/it\/"},{"@type":"ListItem","position":2,"name":"Pregare per l&#8217;unit\u00e0, pregare per il sinodo"}]},{"@type":"WebSite","@id":"https:\/\/exaudi.org\/#website","url":"https:\/\/exaudi.org\/","name":"Exaudi","description":"News","potentialAction":[{"@type":"SearchAction","target":{"@type":"EntryPoint","urlTemplate":"https:\/\/exaudi.org\/?s={search_term_string}"},"query-input":{"@type":"PropertyValueSpecification","valueRequired":true,"valueName":"search_term_string"}}],"inLanguage":"it-IT"},{"@type":"Person","@id":"https:\/\/exaudi.org\/#\/schema\/person\/e1ab6ed07c01774724dd96f925f3a5f0","name":"Exaudi Redazione","image":{"@type":"ImageObject","inLanguage":"it-IT","@id":"https:\/\/secure.gravatar.com\/avatar\/ad6774b3ada023bf5b939d64f45c94b3adf91502dd883507d469b4308a943bb3?s=96&d=mm&r=g","url":"https:\/\/secure.gravatar.com\/avatar\/ad6774b3ada023bf5b939d64f45c94b3adf91502dd883507d469b4308a943bb3?s=96&d=mm&r=g","contentUrl":"https:\/\/secure.gravatar.com\/avatar\/ad6774b3ada023bf5b939d64f45c94b3adf91502dd883507d469b4308a943bb3?s=96&d=mm&r=g","caption":"Exaudi Redazione"},"description":"Che cosa \u00e8 Exaudi News? Exaudi News \u00e8 un agenzia cattolica internazionale che informa, istruisce e trasforma quotidianamente in spagnolo, inglese e italiano. Attraverso notizie, articoli di analisi e trasmissioni in diretta degli eventi del Papa, Exaudi cerca di rafforzare l'unit\u00e0 dei cristiani e di contribuire all'evangelizzazione del mondo, sempre guidato dalla dottrina sociale della Chiesa. Lavoriamo per portare la verit\u00e0 e i valori cristiani in ogni angolo del pianeta. Aiutaci a trasformare il mondo con Exaudi! Noi di Exaudi crediamo che l'evangelizzazione e l'informazione di qualit\u00e0 possano cambiare la vita. Per continuare la nostra missione ed espandere la nostra portata, abbiamo bisogno del tuo aiuto. Stiamo anche cercando persone motivate che vogliano unirsi al nostro team. Grazie al vostro sostegno raggiungeremo pi\u00f9 persone, diffonderemo il messaggio di Cristo e rafforzeremo l'unit\u00e0 dei cristiani. Vuoi unirti alla nostra missione? Per maggiori informazioni su come contribuire, visita Exaudi.org\/it o contattaci direttamente: info@exaudi.org Exaudi: informa, forma e trasforma.","sameAs":["https:\/\/www.facebook.com\/ExaudiNotizie\/","https:\/\/www.instagram.com\/Exaudi_notizie\/","https:\/\/x.com\/Exaudi_Notizie","https:\/\/www.youtube.com\/@exaudicatholicnews"],"url":"https:\/\/exaudi.org\/it\/author\/dlvedi-org\/"}]}},"jetpack_featured_media_url":"https:\/\/exaudi.org\/wp-content\/uploads\/2022\/01\/ecumenismo.jpeg","jetpack_shortlink":"https:\/\/wp.me\/pgKjF2-cOC","_links":{"self":[{"href":"https:\/\/exaudi.org\/it\/wp-json\/wp\/v2\/posts\/49266","targetHints":{"allow":["GET"]}}],"collection":[{"href":"https:\/\/exaudi.org\/it\/wp-json\/wp\/v2\/posts"}],"about":[{"href":"https:\/\/exaudi.org\/it\/wp-json\/wp\/v2\/types\/post"}],"author":[{"embeddable":true,"href":"https:\/\/exaudi.org\/it\/wp-json\/wp\/v2\/users\/17"}],"replies":[{"embeddable":true,"href":"https:\/\/exaudi.org\/it\/wp-json\/wp\/v2\/comments?post=49266"}],"version-history":[{"count":0,"href":"https:\/\/exaudi.org\/it\/wp-json\/wp\/v2\/posts\/49266\/revisions"}],"wp:featuredmedia":[{"embeddable":true,"href":"https:\/\/exaudi.org\/it\/wp-json\/wp\/v2\/media\/49267"}],"wp:attachment":[{"href":"https:\/\/exaudi.org\/it\/wp-json\/wp\/v2\/media?parent=49266"}],"wp:term":[{"taxonomy":"category","embeddable":true,"href":"https:\/\/exaudi.org\/it\/wp-json\/wp\/v2\/categories?post=49266"},{"taxonomy":"post_tag","embeddable":true,"href":"https:\/\/exaudi.org\/it\/wp-json\/wp\/v2\/tags?post=49266"}],"curies":[{"name":"wp","href":"https:\/\/api.w.org\/{rel}","templated":true}]}}