{"id":49253,"date":"2022-01-17T14:36:00","date_gmt":"2022-01-17T13:36:00","guid":{"rendered":"https:\/\/exaudi.org\/?p=49253"},"modified":"2022-01-18T10:17:45","modified_gmt":"2022-01-18T09:17:45","slug":"un-cammino-insieme-cosi-il-papa-alla-delegazione-ecumenica","status":"publish","type":"post","link":"https:\/\/exaudi.org\/it\/un-cammino-insieme-cosi-il-papa-alla-delegazione-ecumenica\/","title":{"rendered":"Un \u201ccammino insieme\u201d: cos\u00ec il Papa alla delegazione ecumenica"},"content":{"rendered":"<p>\u201cLa nostra risposta\u201d alla grazia di Dio \u201cnon pu\u00f2 che essere simile a quella dei magi: un cammino fatto insieme\u201d. Lo ha detto Papa Francesco nel discorso rivolto a una delegazione ecumenica proveniente dalla Finlandia, in occasione dell\u2019annuale Pellegrinaggio a Roma, per celebrare la Festa di Sant\u2019Enrico, patrono del Paese. Ecco le parole del S. Padre:<\/p>\n<p>Do il mio benvenuto cordiale a tutti voi, membri della Delegazione ecumenica dalla Finlandia, che per la festa di Sant\u2019Enrico siete venuti in pellegrinaggio a Roma. Grazie di cuore, Vescovo Keskitalo, fratello, per il dono che mi ha offerto e per le sue parole sull\u2019umilt\u00e0, sul pentimento e sul perdono. Per qualcuno sembrano parole negative, ma sono le parole pi\u00f9 positive per andare avanti. \u00c8 con particolare gioia che accolgo e saluto i rappresentanti Sami. Che Dio vi accompagni nel cammino verso la riconciliazione e la guarigione della memoria, e renda tutti i cristiani liberi e determinati nella ricerca sincera della verit\u00e0!<\/p>\n<h2>Verso la Settimana per l\u2019unit\u00e0 dei cristiani<\/h2>\n<p>\u00c8 un piacere ricevere il Vescovo emerito Teemu Sippo, che si \u00e8 ripreso da un grave incidente e con la sua presenza ci ricorda che il coraggio vero sta nel rialzarsi e nell\u2019andare avanti. Vi chiedo anche di portare il mio fraterno saluto al Metropolita ortodosso Arseni di Kuopio e Carelia, che non ha potuto accompagnarvi. Cari fratelli e sorelle, la vostra gradita visita giunge alla vigilia della Settimana di Preghiera per l\u2019unit\u00e0 dei cristiani. Il tema di quest\u2019anno \u00e8 tratto dal Vangelo di Matteo: \u201cIn oriente abbiamo visto apparire la sua stella e siamo venuti qui per onorarlo\u201d. Si riferisce ai magi che, dopo un lungo viaggio, trovano Ges\u00f9 e lo adorano.<\/p>\n<p>I magi raggiungono la meta perch\u00e9 l\u2019hanno cercata. Ma la cercano perch\u00e9 il Signore per primo, con il segno della stella, si era messo in ricerca di loro. Trovano perch\u00e9 cercano, e cercano perch\u00e9 sono stati cercati. \u00c8 bello intendere la vita cos\u00ec, come un cammino di ricerca, che non parte da noi, ma da Colui che per primo si \u00e8 messo in cerca di noi e ci attira con la sua grazia. Tutto nasce dalla grazia di Dio che ci attira. E la nostra risposta non pu\u00f2 che essere simile a quella dei magi: un cammino fatto insieme. Camminare insieme. Chi \u00e8 stato toccato dalla grazia di Dio non pu\u00f2 chiudersi e vivere di autoconservazione, \u00e8 sempre in cammino, sempre proteso ad andare avanti. E avanti insieme: il vostro peregrinare qui \u00e8 un bell\u2019esempio di questo.<\/p>\n<p>La tradizione ecclesiale ha riconosciuto nei magi i rappresentanti di culture e popoli diversi: anche per noi, specialmente in questi tempi, la sfida \u00e8 quella di prendere per mano il fratello, con la sua storia concreta, per procedere insieme. Cari amici, siamo in cammino guidati dalla luce gentile di Dio, che dissipa le tenebre della divisione e orienta il cammino verso l\u2019unit\u00e0. Siamo in cammino da fratelli verso una comunione sempre pi\u00f9 piena. Aiutiamoci, nel nostro pellegrinaggio ecumenico, a progredire \u201csempre pi\u00f9 verso Dio\u201d, \u00abmagis ac magis in Deum\u00bb, come dice la Regola di San Benedetto. Il mondo ha bisogno della sua luce e questa luce risplende solo nell\u2019amore, nella comunione, nella fraternit\u00e0.<\/p>\n<h2>La tentazione dello scoraggiamento<\/h2>\n<p>Ci sono tappe del cammino che risultano pi\u00f9 agevoli e nelle quali siamo chiamati a procedere rapidi e solerti. Penso, ad esempio, a tanti percorsi di carit\u00e0 che, mentre ci avvicinano al Signore, presente nei poveri e nei bisognosi, ci uniscono tra di noi. A volte, per\u00f2, il cammino \u00e8 pi\u00f9 faticoso e, di fronte a traguardi che sembrano ancora lontani e difficili da raggiungere, pu\u00f2 aumentare la stanchezza e affiorare la tentazione dello scoraggiamento. In questo caso ricordiamoci che siamo in cammino non come possessori, ma come cercatori di Dio. Perci\u00f2 dobbiamo andare avanti con umile pazienza e sempre insieme, per sostenerci a vicenda, perch\u00e9 cos\u00ec desidera Cristo.<\/p>\n<h2>Due anniversari<\/h2>\n<p>Aiutiamoci quando vediamo che l\u2019altro \u00e8 nel bisogno. E nel pellegrinaggio talvolta \u00e8 necessaria una sosta per riprendere le energie e focalizzare meglio la meta. E noi, cercatori di Dio in cammino verso la comunione piena con Lui e tra di noi, abbiamo davanti due stazioni importanti. Nel 2025 celebreremo il 1700\u00b0 anniversario del Concilio di Nicea. La confessione trinitaria e cristologica di questo Concilio, che riconosce Ges\u00f9 \u201cDio vero da Dio vero\u201d, \u201cconsostanziale con il Padre\u201d, ci unisce con tutti i battezzati. In vista di questa grande ricorrenza disponiamoci con rinnovato entusiasmo a camminare insieme nella via di Cristo, nella via che \u00e8 Cristo! Perch\u00e9 \u00e8 di Lui, della sua novit\u00e0, della sua gioia impareggiabile che abbiamo bisogno. Solo stretti a Lui percorreremo fino in fondo la strada della piena unit\u00e0. Ed \u00e8 sempre Lui che, anche inconsapevolmente, cercano gli uomini di ogni tempo e dunque pure di oggi.<\/p>\n<p>La seconda stazione: nel 2030 \u2013 ci saremo? non ci saremo? non lo so \u2013 commemoreremo i 500 anni della Confessione di Augusta. In un tempo in cui i cristiani stavano per intraprendere vie diverse, quella Confessione tent\u00f2 di preservare l\u2019unit\u00e0. Sappiamo che non riusc\u00ec a impedire la divisione, ma la ricorrenza potr\u00e0 essere un\u2019occasione feconda per confermarci e rafforzarci nel cammino di comunione, per diventare pi\u00f9 docili alla volont\u00e0 di Dio e meno alle logiche umane, pi\u00f9 disposti ad anteporre alle mete terrene la rotta indicata dal Cielo.<\/p>\n<p>E riguardo a voi [si rivolge ai rappresentanti del popolo Sami], caro fratello, vorrei ringraziarti perch\u00e9 hai preso i quattro sogni che avevo con l\u2019Amazzonia, anche tu li hai presi con gli aborigeni della tua terra. Mi viene in mente che un pastore dev\u2019essere concreto con la gente concreta, con il suo popolo concreto, ma che non deve smettere di sognare. A un pastore che si stanca di sognare, manca qualche cosa. Grazie di sognare!<\/p>\n<h2>Il cammino ecumenico<\/h2>\n<p>E poi, un\u2019altra cosa sul cammino ecumenico. Quando si far\u00e0 l\u2019unit\u00e0? Si domanda, non \u00e8 vero? Un grande teologo ortodosso specialista in escatologia ha detto: \u201cL\u2019unit\u00e0 sar\u00e0 nell\u2019eschaton\u201d. Ma importante \u00e8 il cammino verso l\u2019unit\u00e0. \u00c8 molto buono che i teologi studino, discutano\u2026 Questo \u00e8 molto buono. Sono specialisti per questo. Ma \u00e8 anche buono che noi, popolo fedele di Dio, andiamo insieme nel cammino. Insieme. E facciamo l\u2019unit\u00e0 con la preghiera, con le opere di carit\u00e0, con il lavoro insieme. So che tu vai per quella strada, e ti ringrazio tanto.<\/p>\n<p>Cari amici, il ripetersi del vostro pellegrinaggio qui \u2013 a me piace tanto \u2013 \u00e8 un segno ecumenico bello e incoraggiante. Vi ringrazio per questo. Andiamo avanti insieme nella ricerca di Dio, con audacia e concretezza. Teniamo lo sguardo fisso su Ges\u00f9 e teniamoci stretti nella preghiera, gli uni per gli altri. Vi invito perci\u00f2 a pregare insieme il Padre Nostro, ciascuno nella propria lingua.<\/p>\n","protected":false},"excerpt":{"rendered":"<p>Udienza ai rappresentanti finlandesi: \u201cTeniamoci stretti nella preghiera\u201d<\/p>\n","protected":false},"author":17,"featured_media":49330,"comment_status":"closed","ping_status":"closed","sticky":false,"template":"","format":"standard","meta":{"_acf_changed":false,"_crdt_document":"","inline_featured_image":false,"footnotes":""},"categories":[67],"tags":[5558,2749,251,4952],"class_list":["post-49253","post","type-post","status-publish","format-standard","has-post-thumbnail","hentry","category-leone-xiv","tag-cammino","tag-ecumenismo-it","tag-papa-francesco","tag-trending-it"],"acf":[],"yoast_head":"<!-- This site is optimized with the Yoast SEO plugin v27.4 - https:\/\/yoast.com\/product\/yoast-seo-wordpress\/ -->\n<title>Un \u201ccammino insieme\u201d: cos\u00ec il Papa alla delegazione ecumenica &#8211; Exaudi<\/title>\n<meta name=\"description\" content=\"Il Papa a una delegazione ecumenica finlandese: \u201cRispondiamo a Dio con un cammino fatto insieme. Teniamoci stretti nella preghiera&quot;\" \/>\n<meta name=\"robots\" content=\"index, follow, max-snippet:-1, max-image-preview:large, max-video-preview:-1\" \/>\n<link rel=\"canonical\" href=\"https:\/\/exaudi.org\/it\/un-cammino-insieme-cosi-il-papa-alla-delegazione-ecumenica\/\" \/>\n<meta property=\"og:locale\" content=\"it_IT\" \/>\n<meta property=\"og:type\" content=\"article\" \/>\n<meta property=\"og:title\" content=\"Un \u201ccammino insieme\u201d: cos\u00ec il Papa alla delegazione ecumenica &#8211; Exaudi\" \/>\n<meta property=\"og:description\" content=\"Il Papa a una delegazione ecumenica finlandese: \u201cRispondiamo a Dio con un cammino fatto insieme. Teniamoci stretti nella preghiera&quot;\" \/>\n<meta property=\"og:url\" content=\"https:\/\/exaudi.org\/it\/un-cammino-insieme-cosi-il-papa-alla-delegazione-ecumenica\/\" \/>\n<meta property=\"og:site_name\" content=\"Exaudi\" \/>\n<meta property=\"article:publisher\" content=\"https:\/\/www.facebook.com\/ExaudiNews\" \/>\n<meta property=\"article:author\" content=\"https:\/\/www.facebook.com\/ExaudiNotizie\/\" \/>\n<meta property=\"article:published_time\" content=\"2022-01-17T13:36:00+00:00\" \/>\n<meta property=\"article:modified_time\" content=\"2022-01-18T09:17:45+00:00\" \/>\n<meta property=\"og:image\" content=\"https:\/\/exaudi.org\/wp-content\/uploads\/2022\/01\/SFO0149-scaled.jpg\" \/>\n\t<meta property=\"og:image:width\" content=\"2560\" \/>\n\t<meta property=\"og:image:height\" content=\"1707\" \/>\n\t<meta property=\"og:image:type\" content=\"image\/jpeg\" \/>\n<meta name=\"author\" content=\"Exaudi Redazione\" \/>\n<meta name=\"twitter:card\" content=\"summary_large_image\" \/>\n<meta name=\"twitter:creator\" content=\"@Exaudi_Notizie\" \/>\n<meta name=\"twitter:site\" content=\"@Exaudi_News\" \/>\n<meta name=\"twitter:label1\" content=\"Scritto da\" \/>\n\t<meta name=\"twitter:data1\" content=\"Exaudi Redazione\" \/>\n\t<meta name=\"twitter:label2\" content=\"Tempo di lettura stimato\" \/>\n\t<meta name=\"twitter:data2\" content=\"6 minuti\" \/>\n<script type=\"application\/ld+json\" class=\"yoast-schema-graph\">{\"@context\":\"https:\\\/\\\/schema.org\",\"@graph\":[{\"@type\":\"Article\",\"@id\":\"https:\\\/\\\/exaudi.org\\\/it\\\/un-cammino-insieme-cosi-il-papa-alla-delegazione-ecumenica\\\/#article\",\"isPartOf\":{\"@id\":\"https:\\\/\\\/exaudi.org\\\/it\\\/un-cammino-insieme-cosi-il-papa-alla-delegazione-ecumenica\\\/\"},\"author\":{\"name\":\"Exaudi Redazione\",\"@id\":\"https:\\\/\\\/exaudi.org\\\/#\\\/schema\\\/person\\\/e1ab6ed07c01774724dd96f925f3a5f0\"},\"headline\":\"Un \u201ccammino insieme\u201d: cos\u00ec il Papa alla delegazione ecumenica\",\"datePublished\":\"2022-01-17T13:36:00+00:00\",\"dateModified\":\"2022-01-18T09:17:45+00:00\",\"mainEntityOfPage\":{\"@id\":\"https:\\\/\\\/exaudi.org\\\/it\\\/un-cammino-insieme-cosi-il-papa-alla-delegazione-ecumenica\\\/\"},\"wordCount\":1119,\"image\":{\"@id\":\"https:\\\/\\\/exaudi.org\\\/it\\\/un-cammino-insieme-cosi-il-papa-alla-delegazione-ecumenica\\\/#primaryimage\"},\"thumbnailUrl\":\"https:\\\/\\\/exaudi.org\\\/wp-content\\\/uploads\\\/2022\\\/01\\\/SFO0149-scaled.jpg\",\"keywords\":[\"cammino\",\"Ecumenismo\",\"Papa Francesco\",\"Trending\"],\"articleSection\":[\"Leone XIV\"],\"inLanguage\":\"it-IT\"},{\"@type\":\"WebPage\",\"@id\":\"https:\\\/\\\/exaudi.org\\\/it\\\/un-cammino-insieme-cosi-il-papa-alla-delegazione-ecumenica\\\/\",\"url\":\"https:\\\/\\\/exaudi.org\\\/it\\\/un-cammino-insieme-cosi-il-papa-alla-delegazione-ecumenica\\\/\",\"name\":\"Un \u201ccammino insieme\u201d: cos\u00ec il Papa alla delegazione ecumenica &#8211; Exaudi\",\"isPartOf\":{\"@id\":\"https:\\\/\\\/exaudi.org\\\/#website\"},\"primaryImageOfPage\":{\"@id\":\"https:\\\/\\\/exaudi.org\\\/it\\\/un-cammino-insieme-cosi-il-papa-alla-delegazione-ecumenica\\\/#primaryimage\"},\"image\":{\"@id\":\"https:\\\/\\\/exaudi.org\\\/it\\\/un-cammino-insieme-cosi-il-papa-alla-delegazione-ecumenica\\\/#primaryimage\"},\"thumbnailUrl\":\"https:\\\/\\\/exaudi.org\\\/wp-content\\\/uploads\\\/2022\\\/01\\\/SFO0149-scaled.jpg\",\"datePublished\":\"2022-01-17T13:36:00+00:00\",\"dateModified\":\"2022-01-18T09:17:45+00:00\",\"author\":{\"@id\":\"https:\\\/\\\/exaudi.org\\\/#\\\/schema\\\/person\\\/e1ab6ed07c01774724dd96f925f3a5f0\"},\"description\":\"Il Papa a una delegazione ecumenica finlandese: \u201cRispondiamo a Dio con un cammino fatto insieme. Teniamoci stretti nella preghiera\\\"\",\"breadcrumb\":{\"@id\":\"https:\\\/\\\/exaudi.org\\\/it\\\/un-cammino-insieme-cosi-il-papa-alla-delegazione-ecumenica\\\/#breadcrumb\"},\"inLanguage\":\"it-IT\",\"potentialAction\":[{\"@type\":\"ReadAction\",\"target\":[\"https:\\\/\\\/exaudi.org\\\/it\\\/un-cammino-insieme-cosi-il-papa-alla-delegazione-ecumenica\\\/\"]}]},{\"@type\":\"ImageObject\",\"inLanguage\":\"it-IT\",\"@id\":\"https:\\\/\\\/exaudi.org\\\/it\\\/un-cammino-insieme-cosi-il-papa-alla-delegazione-ecumenica\\\/#primaryimage\",\"url\":\"https:\\\/\\\/exaudi.org\\\/wp-content\\\/uploads\\\/2022\\\/01\\\/SFO0149-scaled.jpg\",\"contentUrl\":\"https:\\\/\\\/exaudi.org\\\/wp-content\\\/uploads\\\/2022\\\/01\\\/SFO0149-scaled.jpg\",\"width\":2560,\"height\":1707,\"caption\":\"Udienza delegazione ecumenica proveniente dalla Finlandia \u00a9 Vatican Media\"},{\"@type\":\"BreadcrumbList\",\"@id\":\"https:\\\/\\\/exaudi.org\\\/it\\\/un-cammino-insieme-cosi-il-papa-alla-delegazione-ecumenica\\\/#breadcrumb\",\"itemListElement\":[{\"@type\":\"ListItem\",\"position\":1,\"name\":\"Portada\",\"item\":\"https:\\\/\\\/exaudi.org\\\/it\\\/\"},{\"@type\":\"ListItem\",\"position\":2,\"name\":\"Un \u201ccammino insieme\u201d: cos\u00ec il Papa alla delegazione ecumenica\"}]},{\"@type\":\"WebSite\",\"@id\":\"https:\\\/\\\/exaudi.org\\\/#website\",\"url\":\"https:\\\/\\\/exaudi.org\\\/\",\"name\":\"Exaudi\",\"description\":\"News\",\"potentialAction\":[{\"@type\":\"SearchAction\",\"target\":{\"@type\":\"EntryPoint\",\"urlTemplate\":\"https:\\\/\\\/exaudi.org\\\/?s={search_term_string}\"},\"query-input\":{\"@type\":\"PropertyValueSpecification\",\"valueRequired\":true,\"valueName\":\"search_term_string\"}}],\"inLanguage\":\"it-IT\"},{\"@type\":\"Person\",\"@id\":\"https:\\\/\\\/exaudi.org\\\/#\\\/schema\\\/person\\\/e1ab6ed07c01774724dd96f925f3a5f0\",\"name\":\"Exaudi Redazione\",\"image\":{\"@type\":\"ImageObject\",\"inLanguage\":\"it-IT\",\"@id\":\"https:\\\/\\\/secure.gravatar.com\\\/avatar\\\/ad6774b3ada023bf5b939d64f45c94b3adf91502dd883507d469b4308a943bb3?s=96&d=mm&r=g\",\"url\":\"https:\\\/\\\/secure.gravatar.com\\\/avatar\\\/ad6774b3ada023bf5b939d64f45c94b3adf91502dd883507d469b4308a943bb3?s=96&d=mm&r=g\",\"contentUrl\":\"https:\\\/\\\/secure.gravatar.com\\\/avatar\\\/ad6774b3ada023bf5b939d64f45c94b3adf91502dd883507d469b4308a943bb3?s=96&d=mm&r=g\",\"caption\":\"Exaudi Redazione\"},\"description\":\"Che cosa \u00e8 Exaudi News? Exaudi News \u00e8 un agenzia cattolica internazionale che informa, istruisce e trasforma quotidianamente in spagnolo, inglese e italiano. Attraverso notizie, articoli di analisi e trasmissioni in diretta degli eventi del Papa, Exaudi cerca di rafforzare l'unit\u00e0 dei cristiani e di contribuire all'evangelizzazione del mondo, sempre guidato dalla dottrina sociale della Chiesa. Lavoriamo per portare la verit\u00e0 e i valori cristiani in ogni angolo del pianeta. Aiutaci a trasformare il mondo con Exaudi! Noi di Exaudi crediamo che l'evangelizzazione e l'informazione di qualit\u00e0 possano cambiare la vita. Per continuare la nostra missione ed espandere la nostra portata, abbiamo bisogno del tuo aiuto. Stiamo anche cercando persone motivate che vogliano unirsi al nostro team. Grazie al vostro sostegno raggiungeremo pi\u00f9 persone, diffonderemo il messaggio di Cristo e rafforzeremo l'unit\u00e0 dei cristiani. Vuoi unirti alla nostra missione? Per maggiori informazioni su come contribuire, visita Exaudi.org\\\/it o contattaci direttamente: info@exaudi.org Exaudi: informa, forma e trasforma.\",\"sameAs\":[\"https:\\\/\\\/www.facebook.com\\\/ExaudiNotizie\\\/\",\"https:\\\/\\\/www.instagram.com\\\/Exaudi_notizie\\\/\",\"https:\\\/\\\/x.com\\\/Exaudi_Notizie\",\"https:\\\/\\\/www.youtube.com\\\/@exaudicatholicnews\"],\"url\":\"https:\\\/\\\/exaudi.org\\\/it\\\/author\\\/dlvedi-org\\\/\"}]}<\/script>\n<!-- \/ Yoast SEO plugin. -->","yoast_head_json":{"title":"Un \u201ccammino insieme\u201d: cos\u00ec il Papa alla delegazione ecumenica &#8211; Exaudi","description":"Il Papa a una delegazione ecumenica finlandese: \u201cRispondiamo a Dio con un cammino fatto insieme. Teniamoci stretti nella preghiera\"","robots":{"index":"index","follow":"follow","max-snippet":"max-snippet:-1","max-image-preview":"max-image-preview:large","max-video-preview":"max-video-preview:-1"},"canonical":"https:\/\/exaudi.org\/it\/un-cammino-insieme-cosi-il-papa-alla-delegazione-ecumenica\/","og_locale":"it_IT","og_type":"article","og_title":"Un \u201ccammino insieme\u201d: cos\u00ec il Papa alla delegazione ecumenica &#8211; Exaudi","og_description":"Il Papa a una delegazione ecumenica finlandese: \u201cRispondiamo a Dio con un cammino fatto insieme. Teniamoci stretti nella preghiera\"","og_url":"https:\/\/exaudi.org\/it\/un-cammino-insieme-cosi-il-papa-alla-delegazione-ecumenica\/","og_site_name":"Exaudi","article_publisher":"https:\/\/www.facebook.com\/ExaudiNews","article_author":"https:\/\/www.facebook.com\/ExaudiNotizie\/","article_published_time":"2022-01-17T13:36:00+00:00","article_modified_time":"2022-01-18T09:17:45+00:00","og_image":[{"width":2560,"height":1707,"url":"https:\/\/exaudi.org\/wp-content\/uploads\/2022\/01\/SFO0149-scaled.jpg","type":"image\/jpeg"}],"author":"Exaudi Redazione","twitter_card":"summary_large_image","twitter_creator":"@Exaudi_Notizie","twitter_site":"@Exaudi_News","twitter_misc":{"Scritto da":"Exaudi Redazione","Tempo di lettura stimato":"6 minuti"},"schema":{"@context":"https:\/\/schema.org","@graph":[{"@type":"Article","@id":"https:\/\/exaudi.org\/it\/un-cammino-insieme-cosi-il-papa-alla-delegazione-ecumenica\/#article","isPartOf":{"@id":"https:\/\/exaudi.org\/it\/un-cammino-insieme-cosi-il-papa-alla-delegazione-ecumenica\/"},"author":{"name":"Exaudi Redazione","@id":"https:\/\/exaudi.org\/#\/schema\/person\/e1ab6ed07c01774724dd96f925f3a5f0"},"headline":"Un \u201ccammino insieme\u201d: cos\u00ec il Papa alla delegazione ecumenica","datePublished":"2022-01-17T13:36:00+00:00","dateModified":"2022-01-18T09:17:45+00:00","mainEntityOfPage":{"@id":"https:\/\/exaudi.org\/it\/un-cammino-insieme-cosi-il-papa-alla-delegazione-ecumenica\/"},"wordCount":1119,"image":{"@id":"https:\/\/exaudi.org\/it\/un-cammino-insieme-cosi-il-papa-alla-delegazione-ecumenica\/#primaryimage"},"thumbnailUrl":"https:\/\/exaudi.org\/wp-content\/uploads\/2022\/01\/SFO0149-scaled.jpg","keywords":["cammino","Ecumenismo","Papa Francesco","Trending"],"articleSection":["Leone XIV"],"inLanguage":"it-IT"},{"@type":"WebPage","@id":"https:\/\/exaudi.org\/it\/un-cammino-insieme-cosi-il-papa-alla-delegazione-ecumenica\/","url":"https:\/\/exaudi.org\/it\/un-cammino-insieme-cosi-il-papa-alla-delegazione-ecumenica\/","name":"Un \u201ccammino insieme\u201d: cos\u00ec il Papa alla delegazione ecumenica &#8211; Exaudi","isPartOf":{"@id":"https:\/\/exaudi.org\/#website"},"primaryImageOfPage":{"@id":"https:\/\/exaudi.org\/it\/un-cammino-insieme-cosi-il-papa-alla-delegazione-ecumenica\/#primaryimage"},"image":{"@id":"https:\/\/exaudi.org\/it\/un-cammino-insieme-cosi-il-papa-alla-delegazione-ecumenica\/#primaryimage"},"thumbnailUrl":"https:\/\/exaudi.org\/wp-content\/uploads\/2022\/01\/SFO0149-scaled.jpg","datePublished":"2022-01-17T13:36:00+00:00","dateModified":"2022-01-18T09:17:45+00:00","author":{"@id":"https:\/\/exaudi.org\/#\/schema\/person\/e1ab6ed07c01774724dd96f925f3a5f0"},"description":"Il Papa a una delegazione ecumenica finlandese: \u201cRispondiamo a Dio con un cammino fatto insieme. Teniamoci stretti nella preghiera\"","breadcrumb":{"@id":"https:\/\/exaudi.org\/it\/un-cammino-insieme-cosi-il-papa-alla-delegazione-ecumenica\/#breadcrumb"},"inLanguage":"it-IT","potentialAction":[{"@type":"ReadAction","target":["https:\/\/exaudi.org\/it\/un-cammino-insieme-cosi-il-papa-alla-delegazione-ecumenica\/"]}]},{"@type":"ImageObject","inLanguage":"it-IT","@id":"https:\/\/exaudi.org\/it\/un-cammino-insieme-cosi-il-papa-alla-delegazione-ecumenica\/#primaryimage","url":"https:\/\/exaudi.org\/wp-content\/uploads\/2022\/01\/SFO0149-scaled.jpg","contentUrl":"https:\/\/exaudi.org\/wp-content\/uploads\/2022\/01\/SFO0149-scaled.jpg","width":2560,"height":1707,"caption":"Udienza delegazione ecumenica proveniente dalla Finlandia \u00a9 Vatican Media"},{"@type":"BreadcrumbList","@id":"https:\/\/exaudi.org\/it\/un-cammino-insieme-cosi-il-papa-alla-delegazione-ecumenica\/#breadcrumb","itemListElement":[{"@type":"ListItem","position":1,"name":"Portada","item":"https:\/\/exaudi.org\/it\/"},{"@type":"ListItem","position":2,"name":"Un \u201ccammino insieme\u201d: cos\u00ec il Papa alla delegazione ecumenica"}]},{"@type":"WebSite","@id":"https:\/\/exaudi.org\/#website","url":"https:\/\/exaudi.org\/","name":"Exaudi","description":"News","potentialAction":[{"@type":"SearchAction","target":{"@type":"EntryPoint","urlTemplate":"https:\/\/exaudi.org\/?s={search_term_string}"},"query-input":{"@type":"PropertyValueSpecification","valueRequired":true,"valueName":"search_term_string"}}],"inLanguage":"it-IT"},{"@type":"Person","@id":"https:\/\/exaudi.org\/#\/schema\/person\/e1ab6ed07c01774724dd96f925f3a5f0","name":"Exaudi Redazione","image":{"@type":"ImageObject","inLanguage":"it-IT","@id":"https:\/\/secure.gravatar.com\/avatar\/ad6774b3ada023bf5b939d64f45c94b3adf91502dd883507d469b4308a943bb3?s=96&d=mm&r=g","url":"https:\/\/secure.gravatar.com\/avatar\/ad6774b3ada023bf5b939d64f45c94b3adf91502dd883507d469b4308a943bb3?s=96&d=mm&r=g","contentUrl":"https:\/\/secure.gravatar.com\/avatar\/ad6774b3ada023bf5b939d64f45c94b3adf91502dd883507d469b4308a943bb3?s=96&d=mm&r=g","caption":"Exaudi Redazione"},"description":"Che cosa \u00e8 Exaudi News? Exaudi News \u00e8 un agenzia cattolica internazionale che informa, istruisce e trasforma quotidianamente in spagnolo, inglese e italiano. Attraverso notizie, articoli di analisi e trasmissioni in diretta degli eventi del Papa, Exaudi cerca di rafforzare l'unit\u00e0 dei cristiani e di contribuire all'evangelizzazione del mondo, sempre guidato dalla dottrina sociale della Chiesa. Lavoriamo per portare la verit\u00e0 e i valori cristiani in ogni angolo del pianeta. Aiutaci a trasformare il mondo con Exaudi! Noi di Exaudi crediamo che l'evangelizzazione e l'informazione di qualit\u00e0 possano cambiare la vita. Per continuare la nostra missione ed espandere la nostra portata, abbiamo bisogno del tuo aiuto. Stiamo anche cercando persone motivate che vogliano unirsi al nostro team. Grazie al vostro sostegno raggiungeremo pi\u00f9 persone, diffonderemo il messaggio di Cristo e rafforzeremo l'unit\u00e0 dei cristiani. Vuoi unirti alla nostra missione? Per maggiori informazioni su come contribuire, visita Exaudi.org\/it o contattaci direttamente: info@exaudi.org Exaudi: informa, forma e trasforma.","sameAs":["https:\/\/www.facebook.com\/ExaudiNotizie\/","https:\/\/www.instagram.com\/Exaudi_notizie\/","https:\/\/x.com\/Exaudi_Notizie","https:\/\/www.youtube.com\/@exaudicatholicnews"],"url":"https:\/\/exaudi.org\/it\/author\/dlvedi-org\/"}]}},"jetpack_featured_media_url":"https:\/\/exaudi.org\/wp-content\/uploads\/2022\/01\/SFO0149-scaled.jpg","jetpack_shortlink":"https:\/\/wp.me\/pgKjF2-cOp","_links":{"self":[{"href":"https:\/\/exaudi.org\/it\/wp-json\/wp\/v2\/posts\/49253","targetHints":{"allow":["GET"]}}],"collection":[{"href":"https:\/\/exaudi.org\/it\/wp-json\/wp\/v2\/posts"}],"about":[{"href":"https:\/\/exaudi.org\/it\/wp-json\/wp\/v2\/types\/post"}],"author":[{"embeddable":true,"href":"https:\/\/exaudi.org\/it\/wp-json\/wp\/v2\/users\/17"}],"replies":[{"embeddable":true,"href":"https:\/\/exaudi.org\/it\/wp-json\/wp\/v2\/comments?post=49253"}],"version-history":[{"count":0,"href":"https:\/\/exaudi.org\/it\/wp-json\/wp\/v2\/posts\/49253\/revisions"}],"wp:featuredmedia":[{"embeddable":true,"href":"https:\/\/exaudi.org\/it\/wp-json\/wp\/v2\/media\/49330"}],"wp:attachment":[{"href":"https:\/\/exaudi.org\/it\/wp-json\/wp\/v2\/media?parent=49253"}],"wp:term":[{"taxonomy":"category","embeddable":true,"href":"https:\/\/exaudi.org\/it\/wp-json\/wp\/v2\/categories?post=49253"},{"taxonomy":"post_tag","embeddable":true,"href":"https:\/\/exaudi.org\/it\/wp-json\/wp\/v2\/tags?post=49253"}],"curies":[{"name":"wp","href":"https:\/\/api.w.org\/{rel}","templated":true}]}}