{"id":48906,"date":"2022-01-12T15:43:21","date_gmt":"2022-01-12T14:43:21","guid":{"rendered":"https:\/\/exaudi.org\/?p=48906"},"modified":"2022-01-12T15:43:21","modified_gmt":"2022-01-12T14:43:21","slug":"kazakistan-appello-dei-vescovi-per-la-pace","status":"publish","type":"post","link":"https:\/\/exaudi.org\/it\/kazakistan-appello-dei-vescovi-per-la-pace\/","title":{"rendered":"Kazakistan, appello dei vescovi per la pace"},"content":{"rendered":"<p>La grave crisi che sta attraversando il Kazakistan \u00e8 al centro delle preoccupazioni dei vescovi locali, che lanciano un appello per la pace. L\u2019arcivescovo di Astana Tomasz Peta \u00e8 intervenuto con un messaggio diffuso dalla televisione in occasione della giornata nazionale di lutto proclamata luned\u00ec 10. Ha invitato i suoi concittadini a fare tutto il possibile per risolvere pacificamente l&#8217;attuale crisi del Paese.<\/p>\n<p>Nel messaggio in lingua russa, inviato alla fondazione pontificia Aiuto alla Chiesa che Soffre (ACS), il Pastore dell&#8217;arcidiocesi di Maria Santissima di Astana, sede episcopale della Chiesa cattolica che copre il territorio settentrionale del Kazakistan, ha lamentato i tragici incidenti delle ultime settimane, nel corso dei quali quasi 200 persone hanno perso la vita.<\/p>\n<h2>Messe per le vittime<\/h2>\n<p>\u00abPiangiamo le vittime\u00bb ha detto l&#8217;arcivescovo. Poi ha chiesto al clero dell&#8217;arcidiocesi di celebrare le Messe di gioved\u00ec 13, \u00abper pregare per le vittime e per la pace nel nostro amato Kazakistan\u00bb. Lo stesso arcivescovo Peta celebrer\u00e0 la Messa per questa intenzione nella Cattedrale di Nostra Signora del Perpetuo Soccorso nella capitale Nur-Sultan, gi\u00e0 nota come Astana.<\/p>\n<p>\u00abDomenica, dopo la preghiera dell&#8217;<a href=\"https:\/\/exaudi.org\/it\/la-preghiera-apre-il-cielo-come-va-il-mio-modo-di-pregare\/\">Angelus<\/a>, Papa Francesco ha parlato degli incidenti in Kazakistan. Ha affidato il Kazakistan alla protezione di Nostra Signora Regina della Pace di Oziornoje. Seguendo l&#8217;appello del Papa, anche noi vogliamo chiedere la pace per intercessione della Patrona del nostro Paese, la Regina della Pace\u00bb.<\/p>\n<h2>Il presidente dei vescovi<\/h2>\n<p>Fonti consultate da ACS riferiscono che la situazione a Nur-Sultan \u00e8 al momento abbastanza tranquilla. Invece Almaty, nel sud del Paese, dove gli scontri sono stati pi\u00f9 gravi, segnala ancora difficolt\u00e0 nelle comunicazioni via Internet e tramite dispositivi mobili. Nonostante queste difficolt\u00e0 il vescovo di Almaty e presidente della Conferenza episcopale del Kazakistan, mons. Jos\u00e9 Luis Mumbiela, si \u00e8 potuto unire all&#8217;appello alla preghiera nella giornata nazionale di lutto.<\/p>\n<p>\u00abQui ad Almaty vi ringraziamo tutti per le vostre preghiere, compassione e preoccupazioni\u00bb, ha affermato il prelato. \u00abVogliamo ricordare nelle nostre preghiere coloro che hanno sofferto di pi\u00f9 durante l&#8217;ultima settimana. Durante quei giorni e quelle notti, Almaty era nebbiosa a causa delle condizioni meteorologiche, ma c&#8217;era nebbia anche nel cuore di molte persone\u00bb, ha raccontato il Vescovo nel suo messaggio in lingua russa, inviato ad ACS.<\/p>\n<h2>&#8220;La pace dipende da noi&#8221;<\/h2>\n<p>\u00abIl popolo del Kazakistan, soprattutto ad Almaty, non meritava niente del genere\u00bb. Il Vescovo ha aggiunto che \u00abdobbiamo ricordare che la pace \u00e8 nelle nostre mani e dipende da noi. Beati gli operatori di pace. Non ci limitiamo a pregare per la pace, ma creiamo pace per gli altri con l&#8217;aiuto di Dio\u00bb. A tal fine, \u00abcerchiamo di ricostruire il Kazakistan che tutti sogniamo insieme, con tutta la gente di questo Paese e di questa citt\u00e0, un Kazakistan internazionale e interreligioso, un Kazakistan di pace e armonia\u00bb.<\/p>\n<p>Monsignor Adelio Dell&#8217;Oro, Vescovo di Karaganda, nel centro-est del Paese, ha ricordato in modo particolare le vittime della sua diocesi. \u00abTante persone hanno versato il loro sangue\u00bb ha detto, sottolineando che \u00abla violenza non condurr\u00e0 a una nuova societ\u00e0, a un nuovo mondo\u00bb. Il prelato ha concluso esortando a pregare \u00abper tutte le vittime, sperando che tutto si risolva in pace, con giustizia e per il bene di tutti\u00bb.<\/p>\n","protected":false},"excerpt":{"rendered":"<p>Domani messe in suffragio delle vittime degli scontri<\/p>\n","protected":false},"author":17,"featured_media":48909,"comment_status":"closed","ping_status":"closed","sticky":false,"template":"","format":"standard","meta":{"_acf_changed":false,"_crdt_document":"","inline_featured_image":false,"footnotes":""},"categories":[73],"tags":[5518,688,251,4952],"class_list":["post-48906","post","type-post","status-publish","format-standard","has-post-thumbnail","hentry","category-chiesa-e-mondo","tag-kazakistan","tag-pace","tag-papa-francesco","tag-trending-it"],"acf":[],"yoast_head":"<!-- This site is optimized with the Yoast SEO plugin v27.5 - https:\/\/yoast.com\/product\/yoast-seo-wordpress\/ -->\n<title>Kazakistan, appello dei vescovi per la pace &#8211; Exaudi<\/title>\n<meta name=\"description\" content=\"Nel Kazakistan sconvolto dalle violenze appello dei vescovi per la pace. Domani messe in suffragio delle vittime degli scontri\" \/>\n<meta name=\"robots\" content=\"index, follow, max-snippet:-1, max-image-preview:large, max-video-preview:-1\" \/>\n<link rel=\"canonical\" href=\"https:\/\/exaudi.org\/it\/kazakistan-appello-dei-vescovi-per-la-pace\/\" \/>\n<meta property=\"og:locale\" content=\"it_IT\" \/>\n<meta property=\"og:type\" content=\"article\" \/>\n<meta property=\"og:title\" content=\"Kazakistan, appello dei vescovi per la pace &#8211; Exaudi\" \/>\n<meta property=\"og:description\" content=\"Nel Kazakistan sconvolto dalle violenze appello dei vescovi per la pace. Domani messe in suffragio delle vittime degli scontri\" \/>\n<meta property=\"og:url\" content=\"https:\/\/exaudi.org\/it\/kazakistan-appello-dei-vescovi-per-la-pace\/\" \/>\n<meta property=\"og:site_name\" content=\"Exaudi\" \/>\n<meta property=\"article:publisher\" content=\"https:\/\/www.facebook.com\/ExaudiNews\" \/>\n<meta property=\"article:author\" content=\"https:\/\/www.facebook.com\/ExaudiNotizie\/\" \/>\n<meta property=\"article:published_time\" content=\"2022-01-12T14:43:21+00:00\" \/>\n<meta property=\"og:image\" content=\"https:\/\/exaudi.org\/wp-content\/uploads\/2022\/01\/Almaty.jpeg\" \/>\n\t<meta property=\"og:image:width\" content=\"750\" \/>\n\t<meta property=\"og:image:height\" content=\"422\" \/>\n\t<meta property=\"og:image:type\" content=\"image\/jpeg\" \/>\n<meta name=\"author\" content=\"Exaudi Redazione\" \/>\n<meta name=\"twitter:card\" content=\"summary_large_image\" \/>\n<meta name=\"twitter:creator\" content=\"@Exaudi_Notizie\" \/>\n<meta name=\"twitter:site\" content=\"@Exaudi_News\" \/>\n<meta name=\"twitter:label1\" content=\"Scritto da\" \/>\n\t<meta name=\"twitter:data1\" content=\"Exaudi Redazione\" \/>\n\t<meta name=\"twitter:label2\" content=\"Tempo di lettura stimato\" \/>\n\t<meta name=\"twitter:data2\" content=\"3 minuti\" \/>\n<script type=\"application\/ld+json\" class=\"yoast-schema-graph\">{\"@context\":\"https:\\\/\\\/schema.org\",\"@graph\":[{\"@type\":\"Article\",\"@id\":\"https:\\\/\\\/exaudi.org\\\/it\\\/kazakistan-appello-dei-vescovi-per-la-pace\\\/#article\",\"isPartOf\":{\"@id\":\"https:\\\/\\\/exaudi.org\\\/it\\\/kazakistan-appello-dei-vescovi-per-la-pace\\\/\"},\"author\":{\"name\":\"Exaudi Redazione\",\"@id\":\"https:\\\/\\\/exaudi.org\\\/#\\\/schema\\\/person\\\/e1ab6ed07c01774724dd96f925f3a5f0\"},\"headline\":\"Kazakistan, appello dei vescovi per la pace\",\"datePublished\":\"2022-01-12T14:43:21+00:00\",\"mainEntityOfPage\":{\"@id\":\"https:\\\/\\\/exaudi.org\\\/it\\\/kazakistan-appello-dei-vescovi-per-la-pace\\\/\"},\"wordCount\":538,\"image\":{\"@id\":\"https:\\\/\\\/exaudi.org\\\/it\\\/kazakistan-appello-dei-vescovi-per-la-pace\\\/#primaryimage\"},\"thumbnailUrl\":\"https:\\\/\\\/exaudi.org\\\/wp-content\\\/uploads\\\/2022\\\/01\\\/Almaty.jpeg\",\"keywords\":[\"Kazakistan\",\"pace\",\"Papa Francesco\",\"Trending\"],\"articleSection\":[\"Chiesa e Mondo\"],\"inLanguage\":\"it-IT\"},{\"@type\":\"WebPage\",\"@id\":\"https:\\\/\\\/exaudi.org\\\/it\\\/kazakistan-appello-dei-vescovi-per-la-pace\\\/\",\"url\":\"https:\\\/\\\/exaudi.org\\\/it\\\/kazakistan-appello-dei-vescovi-per-la-pace\\\/\",\"name\":\"Kazakistan, appello dei vescovi per la pace &#8211; Exaudi\",\"isPartOf\":{\"@id\":\"https:\\\/\\\/exaudi.org\\\/#website\"},\"primaryImageOfPage\":{\"@id\":\"https:\\\/\\\/exaudi.org\\\/it\\\/kazakistan-appello-dei-vescovi-per-la-pace\\\/#primaryimage\"},\"image\":{\"@id\":\"https:\\\/\\\/exaudi.org\\\/it\\\/kazakistan-appello-dei-vescovi-per-la-pace\\\/#primaryimage\"},\"thumbnailUrl\":\"https:\\\/\\\/exaudi.org\\\/wp-content\\\/uploads\\\/2022\\\/01\\\/Almaty.jpeg\",\"datePublished\":\"2022-01-12T14:43:21+00:00\",\"author\":{\"@id\":\"https:\\\/\\\/exaudi.org\\\/#\\\/schema\\\/person\\\/e1ab6ed07c01774724dd96f925f3a5f0\"},\"description\":\"Nel Kazakistan sconvolto dalle violenze appello dei vescovi per la pace. Domani messe in suffragio delle vittime degli scontri\",\"breadcrumb\":{\"@id\":\"https:\\\/\\\/exaudi.org\\\/it\\\/kazakistan-appello-dei-vescovi-per-la-pace\\\/#breadcrumb\"},\"inLanguage\":\"it-IT\",\"potentialAction\":[{\"@type\":\"ReadAction\",\"target\":[\"https:\\\/\\\/exaudi.org\\\/it\\\/kazakistan-appello-dei-vescovi-per-la-pace\\\/\"]}]},{\"@type\":\"ImageObject\",\"inLanguage\":\"it-IT\",\"@id\":\"https:\\\/\\\/exaudi.org\\\/it\\\/kazakistan-appello-dei-vescovi-per-la-pace\\\/#primaryimage\",\"url\":\"https:\\\/\\\/exaudi.org\\\/wp-content\\\/uploads\\\/2022\\\/01\\\/Almaty.jpeg\",\"contentUrl\":\"https:\\\/\\\/exaudi.org\\\/wp-content\\\/uploads\\\/2022\\\/01\\\/Almaty.jpeg\",\"width\":750,\"height\":422,\"caption\":\"Il Palazzo del Sindaco di Almaty devastato (C) Vatican Media\"},{\"@type\":\"BreadcrumbList\",\"@id\":\"https:\\\/\\\/exaudi.org\\\/it\\\/kazakistan-appello-dei-vescovi-per-la-pace\\\/#breadcrumb\",\"itemListElement\":[{\"@type\":\"ListItem\",\"position\":1,\"name\":\"Portada\",\"item\":\"https:\\\/\\\/exaudi.org\\\/it\\\/\"},{\"@type\":\"ListItem\",\"position\":2,\"name\":\"Kazakistan, appello dei vescovi per la pace\"}]},{\"@type\":\"WebSite\",\"@id\":\"https:\\\/\\\/exaudi.org\\\/#website\",\"url\":\"https:\\\/\\\/exaudi.org\\\/\",\"name\":\"Exaudi\",\"description\":\"News\",\"potentialAction\":[{\"@type\":\"SearchAction\",\"target\":{\"@type\":\"EntryPoint\",\"urlTemplate\":\"https:\\\/\\\/exaudi.org\\\/?s={search_term_string}\"},\"query-input\":{\"@type\":\"PropertyValueSpecification\",\"valueRequired\":true,\"valueName\":\"search_term_string\"}}],\"inLanguage\":\"it-IT\"},{\"@type\":\"Person\",\"@id\":\"https:\\\/\\\/exaudi.org\\\/#\\\/schema\\\/person\\\/e1ab6ed07c01774724dd96f925f3a5f0\",\"name\":\"Exaudi Redazione\",\"image\":{\"@type\":\"ImageObject\",\"inLanguage\":\"it-IT\",\"@id\":\"https:\\\/\\\/secure.gravatar.com\\\/avatar\\\/ad6774b3ada023bf5b939d64f45c94b3adf91502dd883507d469b4308a943bb3?s=96&d=mm&r=g\",\"url\":\"https:\\\/\\\/secure.gravatar.com\\\/avatar\\\/ad6774b3ada023bf5b939d64f45c94b3adf91502dd883507d469b4308a943bb3?s=96&d=mm&r=g\",\"contentUrl\":\"https:\\\/\\\/secure.gravatar.com\\\/avatar\\\/ad6774b3ada023bf5b939d64f45c94b3adf91502dd883507d469b4308a943bb3?s=96&d=mm&r=g\",\"caption\":\"Exaudi Redazione\"},\"description\":\"Che cosa \u00e8 Exaudi News? Exaudi News \u00e8 un agenzia cattolica internazionale che informa, istruisce e trasforma quotidianamente in spagnolo, inglese e italiano. Attraverso notizie, articoli di analisi e trasmissioni in diretta degli eventi del Papa, Exaudi cerca di rafforzare l'unit\u00e0 dei cristiani e di contribuire all'evangelizzazione del mondo, sempre guidato dalla dottrina sociale della Chiesa. Lavoriamo per portare la verit\u00e0 e i valori cristiani in ogni angolo del pianeta. Aiutaci a trasformare il mondo con Exaudi! Noi di Exaudi crediamo che l'evangelizzazione e l'informazione di qualit\u00e0 possano cambiare la vita. Per continuare la nostra missione ed espandere la nostra portata, abbiamo bisogno del tuo aiuto. Stiamo anche cercando persone motivate che vogliano unirsi al nostro team. Grazie al vostro sostegno raggiungeremo pi\u00f9 persone, diffonderemo il messaggio di Cristo e rafforzeremo l'unit\u00e0 dei cristiani. Vuoi unirti alla nostra missione? Per maggiori informazioni su come contribuire, visita Exaudi.org\\\/it o contattaci direttamente: info@exaudi.org Exaudi: informa, forma e trasforma.\",\"sameAs\":[\"https:\\\/\\\/www.facebook.com\\\/ExaudiNotizie\\\/\",\"https:\\\/\\\/www.instagram.com\\\/Exaudi_notizie\\\/\",\"https:\\\/\\\/x.com\\\/Exaudi_Notizie\",\"https:\\\/\\\/www.youtube.com\\\/@exaudicatholicnews\"],\"url\":\"https:\\\/\\\/exaudi.org\\\/it\\\/author\\\/dlvedi-org\\\/\"}]}<\/script>\n<!-- \/ Yoast SEO plugin. -->","yoast_head_json":{"title":"Kazakistan, appello dei vescovi per la pace &#8211; Exaudi","description":"Nel Kazakistan sconvolto dalle violenze appello dei vescovi per la pace. Domani messe in suffragio delle vittime degli scontri","robots":{"index":"index","follow":"follow","max-snippet":"max-snippet:-1","max-image-preview":"max-image-preview:large","max-video-preview":"max-video-preview:-1"},"canonical":"https:\/\/exaudi.org\/it\/kazakistan-appello-dei-vescovi-per-la-pace\/","og_locale":"it_IT","og_type":"article","og_title":"Kazakistan, appello dei vescovi per la pace &#8211; Exaudi","og_description":"Nel Kazakistan sconvolto dalle violenze appello dei vescovi per la pace. Domani messe in suffragio delle vittime degli scontri","og_url":"https:\/\/exaudi.org\/it\/kazakistan-appello-dei-vescovi-per-la-pace\/","og_site_name":"Exaudi","article_publisher":"https:\/\/www.facebook.com\/ExaudiNews","article_author":"https:\/\/www.facebook.com\/ExaudiNotizie\/","article_published_time":"2022-01-12T14:43:21+00:00","og_image":[{"width":750,"height":422,"url":"https:\/\/exaudi.org\/wp-content\/uploads\/2022\/01\/Almaty.jpeg","type":"image\/jpeg"}],"author":"Exaudi Redazione","twitter_card":"summary_large_image","twitter_creator":"@Exaudi_Notizie","twitter_site":"@Exaudi_News","twitter_misc":{"Scritto da":"Exaudi Redazione","Tempo di lettura stimato":"3 minuti"},"schema":{"@context":"https:\/\/schema.org","@graph":[{"@type":"Article","@id":"https:\/\/exaudi.org\/it\/kazakistan-appello-dei-vescovi-per-la-pace\/#article","isPartOf":{"@id":"https:\/\/exaudi.org\/it\/kazakistan-appello-dei-vescovi-per-la-pace\/"},"author":{"name":"Exaudi Redazione","@id":"https:\/\/exaudi.org\/#\/schema\/person\/e1ab6ed07c01774724dd96f925f3a5f0"},"headline":"Kazakistan, appello dei vescovi per la pace","datePublished":"2022-01-12T14:43:21+00:00","mainEntityOfPage":{"@id":"https:\/\/exaudi.org\/it\/kazakistan-appello-dei-vescovi-per-la-pace\/"},"wordCount":538,"image":{"@id":"https:\/\/exaudi.org\/it\/kazakistan-appello-dei-vescovi-per-la-pace\/#primaryimage"},"thumbnailUrl":"https:\/\/exaudi.org\/wp-content\/uploads\/2022\/01\/Almaty.jpeg","keywords":["Kazakistan","pace","Papa Francesco","Trending"],"articleSection":["Chiesa e Mondo"],"inLanguage":"it-IT"},{"@type":"WebPage","@id":"https:\/\/exaudi.org\/it\/kazakistan-appello-dei-vescovi-per-la-pace\/","url":"https:\/\/exaudi.org\/it\/kazakistan-appello-dei-vescovi-per-la-pace\/","name":"Kazakistan, appello dei vescovi per la pace &#8211; Exaudi","isPartOf":{"@id":"https:\/\/exaudi.org\/#website"},"primaryImageOfPage":{"@id":"https:\/\/exaudi.org\/it\/kazakistan-appello-dei-vescovi-per-la-pace\/#primaryimage"},"image":{"@id":"https:\/\/exaudi.org\/it\/kazakistan-appello-dei-vescovi-per-la-pace\/#primaryimage"},"thumbnailUrl":"https:\/\/exaudi.org\/wp-content\/uploads\/2022\/01\/Almaty.jpeg","datePublished":"2022-01-12T14:43:21+00:00","author":{"@id":"https:\/\/exaudi.org\/#\/schema\/person\/e1ab6ed07c01774724dd96f925f3a5f0"},"description":"Nel Kazakistan sconvolto dalle violenze appello dei vescovi per la pace. Domani messe in suffragio delle vittime degli scontri","breadcrumb":{"@id":"https:\/\/exaudi.org\/it\/kazakistan-appello-dei-vescovi-per-la-pace\/#breadcrumb"},"inLanguage":"it-IT","potentialAction":[{"@type":"ReadAction","target":["https:\/\/exaudi.org\/it\/kazakistan-appello-dei-vescovi-per-la-pace\/"]}]},{"@type":"ImageObject","inLanguage":"it-IT","@id":"https:\/\/exaudi.org\/it\/kazakistan-appello-dei-vescovi-per-la-pace\/#primaryimage","url":"https:\/\/exaudi.org\/wp-content\/uploads\/2022\/01\/Almaty.jpeg","contentUrl":"https:\/\/exaudi.org\/wp-content\/uploads\/2022\/01\/Almaty.jpeg","width":750,"height":422,"caption":"Il Palazzo del Sindaco di Almaty devastato (C) Vatican Media"},{"@type":"BreadcrumbList","@id":"https:\/\/exaudi.org\/it\/kazakistan-appello-dei-vescovi-per-la-pace\/#breadcrumb","itemListElement":[{"@type":"ListItem","position":1,"name":"Portada","item":"https:\/\/exaudi.org\/it\/"},{"@type":"ListItem","position":2,"name":"Kazakistan, appello dei vescovi per la pace"}]},{"@type":"WebSite","@id":"https:\/\/exaudi.org\/#website","url":"https:\/\/exaudi.org\/","name":"Exaudi","description":"News","potentialAction":[{"@type":"SearchAction","target":{"@type":"EntryPoint","urlTemplate":"https:\/\/exaudi.org\/?s={search_term_string}"},"query-input":{"@type":"PropertyValueSpecification","valueRequired":true,"valueName":"search_term_string"}}],"inLanguage":"it-IT"},{"@type":"Person","@id":"https:\/\/exaudi.org\/#\/schema\/person\/e1ab6ed07c01774724dd96f925f3a5f0","name":"Exaudi Redazione","image":{"@type":"ImageObject","inLanguage":"it-IT","@id":"https:\/\/secure.gravatar.com\/avatar\/ad6774b3ada023bf5b939d64f45c94b3adf91502dd883507d469b4308a943bb3?s=96&d=mm&r=g","url":"https:\/\/secure.gravatar.com\/avatar\/ad6774b3ada023bf5b939d64f45c94b3adf91502dd883507d469b4308a943bb3?s=96&d=mm&r=g","contentUrl":"https:\/\/secure.gravatar.com\/avatar\/ad6774b3ada023bf5b939d64f45c94b3adf91502dd883507d469b4308a943bb3?s=96&d=mm&r=g","caption":"Exaudi Redazione"},"description":"Che cosa \u00e8 Exaudi News? Exaudi News \u00e8 un agenzia cattolica internazionale che informa, istruisce e trasforma quotidianamente in spagnolo, inglese e italiano. Attraverso notizie, articoli di analisi e trasmissioni in diretta degli eventi del Papa, Exaudi cerca di rafforzare l'unit\u00e0 dei cristiani e di contribuire all'evangelizzazione del mondo, sempre guidato dalla dottrina sociale della Chiesa. Lavoriamo per portare la verit\u00e0 e i valori cristiani in ogni angolo del pianeta. Aiutaci a trasformare il mondo con Exaudi! Noi di Exaudi crediamo che l'evangelizzazione e l'informazione di qualit\u00e0 possano cambiare la vita. Per continuare la nostra missione ed espandere la nostra portata, abbiamo bisogno del tuo aiuto. Stiamo anche cercando persone motivate che vogliano unirsi al nostro team. Grazie al vostro sostegno raggiungeremo pi\u00f9 persone, diffonderemo il messaggio di Cristo e rafforzeremo l'unit\u00e0 dei cristiani. Vuoi unirti alla nostra missione? Per maggiori informazioni su come contribuire, visita Exaudi.org\/it o contattaci direttamente: info@exaudi.org Exaudi: informa, forma e trasforma.","sameAs":["https:\/\/www.facebook.com\/ExaudiNotizie\/","https:\/\/www.instagram.com\/Exaudi_notizie\/","https:\/\/x.com\/Exaudi_Notizie","https:\/\/www.youtube.com\/@exaudicatholicnews"],"url":"https:\/\/exaudi.org\/it\/author\/dlvedi-org\/"}]}},"jetpack_featured_media_url":"https:\/\/exaudi.org\/wp-content\/uploads\/2022\/01\/Almaty.jpeg","jetpack_shortlink":"https:\/\/wp.me\/pgKjF2-cIO","_links":{"self":[{"href":"https:\/\/exaudi.org\/it\/wp-json\/wp\/v2\/posts\/48906","targetHints":{"allow":["GET"]}}],"collection":[{"href":"https:\/\/exaudi.org\/it\/wp-json\/wp\/v2\/posts"}],"about":[{"href":"https:\/\/exaudi.org\/it\/wp-json\/wp\/v2\/types\/post"}],"author":[{"embeddable":true,"href":"https:\/\/exaudi.org\/it\/wp-json\/wp\/v2\/users\/17"}],"replies":[{"embeddable":true,"href":"https:\/\/exaudi.org\/it\/wp-json\/wp\/v2\/comments?post=48906"}],"version-history":[{"count":0,"href":"https:\/\/exaudi.org\/it\/wp-json\/wp\/v2\/posts\/48906\/revisions"}],"wp:featuredmedia":[{"embeddable":true,"href":"https:\/\/exaudi.org\/it\/wp-json\/wp\/v2\/media\/48909"}],"wp:attachment":[{"href":"https:\/\/exaudi.org\/it\/wp-json\/wp\/v2\/media?parent=48906"}],"wp:term":[{"taxonomy":"category","embeddable":true,"href":"https:\/\/exaudi.org\/it\/wp-json\/wp\/v2\/categories?post=48906"},{"taxonomy":"post_tag","embeddable":true,"href":"https:\/\/exaudi.org\/it\/wp-json\/wp\/v2\/tags?post=48906"}],"curies":[{"name":"wp","href":"https:\/\/api.w.org\/{rel}","templated":true}]}}