{"id":48758,"date":"2022-01-11T12:14:27","date_gmt":"2022-01-11T11:14:27","guid":{"rendered":"https:\/\/exaudi.org\/?p=48758"},"modified":"2022-01-11T12:14:27","modified_gmt":"2022-01-11T11:14:27","slug":"svastica-sulla-bara-la-condanna-del-vicariato","status":"publish","type":"post","link":"https:\/\/exaudi.org\/it\/svastica-sulla-bara-la-condanna-del-vicariato\/","title":{"rendered":"Svastica sulla bara, la condanna del Vicariato"},"content":{"rendered":"<p>Un funerale che ha sollevato polemiche e indignazione. E dal quale il Vicariato, dopo i sacerdoti della parrocchia che hanno celebrato le esequie, prende le distanze senza se e senza ma. Come afferma una nota, infatti, \u201cil Vicariato di Roma deplora con fermezza quanto accaduto ieri, davanti alla parrocchia di Santa Lucia, alla totale insaputa del parroco don\u00a0Alessandro Zenobbi\u00a0e di tutto il clero parrocchiale, al termine della celebrazione di un funerale, avvenuta senza alcun segno o manifestazione che facesse presagire ci\u00f2 che \u00e8 accaduto subito dopo\u201d. Il rito funebre era quello di Alessia &#8220;Tungsy&#8221; Augello, deceduta a 44 anni. La bara, all\u2019esterno della parrocchia, \u00e8 stata coperta da una bandiera con la svastica.<\/p>\n<h2>Svastica inconciliabile col cristianesimo<\/h2>\n<p>Il Vicariato ricostruisce cos\u00ec i fatti: \u201cIl giorno luned\u00ec 10 gennaio alle ore 14.30, nella parrocchia di Santa Lucia (via omonima, nei pressi di piazzale Clodio) \u00e8 stato celebrato un rito delle esequie; alla fine, all\u2019esterno della chiesa parrocchiale, un gruppo di persone ha coperto la bara con una bandiera con la svastica nazista \u2013 simbolo orrendo inconciliabile con il cristianesimo \u2013 e intonato grida e compiuto gesti riconducibili a tale ideologia estremista. La strumentalizzazione ideologica e violenta, ancor pi\u00f9 quella che segue un atto di culto e in prossimit\u00e0 di un luogo sacro, per la comunit\u00e0 ecclesiale di Roma e per tutti gli uomini di buona volont\u00e0 della nostra citt\u00e0 rimane grave, offensivo e inaccettabile\u201d.<\/p>\n<h2>La tristezza del parroco<\/h2>\n<p>Nello stesso pomeriggio di luned\u00ec \u201c\u00e8 arrivata la presa di distanza da parte della parrocchia, che il Vicariato di Roma conferma. \u00abQuanto si \u00e8 verificato all\u2019esterno della chiesa\u00a0\u2013 scrive don\u00a0Zenobbi\u00a0\u2013\u00a0\u00e8 avvenuto senza nessuna autorizzazione n\u00e9 del parroco n\u00e9 del sacerdote celebrante, entrambi all\u2019oscuro di quanto stava per accadere. A tale proposito intendiamo esprimere la nostra profonda tristezza, delusione e disappunto per quanto si \u00e8 verificato prendendo le distanze da ogni parola, gesto e simbolo utilizzati all\u2019esterno della chiesa, riconducibili a ideologie estremiste lontane dal messaggio del Vangelo di Cristo\u00bb.<\/p>\n<h2>Educare a disinnescare l\u2019odio<\/h2>\n<p>La diocesi di Roma, nelle sue tante componenti ecclesiali, lavora da tempo con dedizione per formare, educare e cos\u00ec disattivare ogni meccanismo di odio, di contrapposizione, di tentazione violenta ideologica e discriminatoria. Assicuriamo l\u2019impegno della nostra comunit\u00e0 cristiana nella preghiera per l\u2019anima della defunta e nella vicinanza ai suoi familiari, che vivono il dolore del distacco terreno.<\/p>\n","protected":false},"excerpt":{"rendered":"<p>Durissima nota per un gesto avvenuto all\u2019esterno di una parrocchia romana: &#8220;strumentalizzazione ideologica e violenta\u201d<\/p>\n","protected":false},"author":17,"featured_media":48761,"comment_status":"closed","ping_status":"closed","sticky":false,"template":"","format":"standard","meta":{"_acf_changed":false,"_crdt_document":"","inline_featured_image":false,"footnotes":""},"categories":[73],"tags":[5502,5501],"class_list":["post-48758","post","type-post","status-publish","format-standard","has-post-thumbnail","hentry","category-chiesa-e-mondo","tag-funerale","tag-vicariato"],"acf":[],"yoast_head":"<!-- This site is optimized with the Yoast SEO plugin v27.5 - https:\/\/yoast.com\/product\/yoast-seo-wordpress\/ -->\n<title>Svastica sulla bara, la condanna del Vicariato &#8211; Exaudi<\/title>\n<meta name=\"description\" content=\"La bara avvolta in una bandiera con la svastica: \u00e8 accaduto all&#039;esterno di una parrocchia romana. Durisssima condanna del Vicariato\" \/>\n<meta name=\"robots\" content=\"index, follow, max-snippet:-1, max-image-preview:large, max-video-preview:-1\" \/>\n<link rel=\"canonical\" href=\"https:\/\/exaudi.org\/it\/svastica-sulla-bara-la-condanna-del-vicariato\/\" \/>\n<meta property=\"og:locale\" content=\"it_IT\" \/>\n<meta property=\"og:type\" content=\"article\" \/>\n<meta property=\"og:title\" content=\"Svastica sulla bara, la condanna del Vicariato &#8211; Exaudi\" \/>\n<meta property=\"og:description\" content=\"La bara avvolta in una bandiera con la svastica: \u00e8 accaduto all&#039;esterno di una parrocchia romana. Durisssima condanna del Vicariato\" \/>\n<meta property=\"og:url\" content=\"https:\/\/exaudi.org\/it\/svastica-sulla-bara-la-condanna-del-vicariato\/\" \/>\n<meta property=\"og:site_name\" content=\"Exaudi\" \/>\n<meta property=\"article:publisher\" content=\"https:\/\/www.facebook.com\/ExaudiNews\" \/>\n<meta property=\"article:author\" content=\"https:\/\/www.facebook.com\/ExaudiNotizie\/\" \/>\n<meta property=\"article:published_time\" content=\"2022-01-11T11:14:27+00:00\" \/>\n<meta property=\"og:image\" content=\"https:\/\/exaudi.org\/wp-content\/uploads\/2022\/01\/vicariato.jpg\" \/>\n\t<meta property=\"og:image:width\" content=\"741\" \/>\n\t<meta property=\"og:image:height\" content=\"486\" \/>\n\t<meta property=\"og:image:type\" content=\"image\/jpeg\" \/>\n<meta name=\"author\" content=\"Exaudi Redazione\" \/>\n<meta name=\"twitter:card\" content=\"summary_large_image\" \/>\n<meta name=\"twitter:creator\" content=\"@Exaudi_Notizie\" \/>\n<meta name=\"twitter:site\" content=\"@Exaudi_News\" \/>\n<meta name=\"twitter:label1\" content=\"Scritto da\" \/>\n\t<meta name=\"twitter:data1\" content=\"Exaudi Redazione\" \/>\n\t<meta name=\"twitter:label2\" content=\"Tempo di lettura stimato\" \/>\n\t<meta name=\"twitter:data2\" content=\"3 minuti\" \/>\n<script type=\"application\/ld+json\" class=\"yoast-schema-graph\">{\"@context\":\"https:\\\/\\\/schema.org\",\"@graph\":[{\"@type\":\"Article\",\"@id\":\"https:\\\/\\\/exaudi.org\\\/it\\\/svastica-sulla-bara-la-condanna-del-vicariato\\\/#article\",\"isPartOf\":{\"@id\":\"https:\\\/\\\/exaudi.org\\\/it\\\/svastica-sulla-bara-la-condanna-del-vicariato\\\/\"},\"author\":{\"name\":\"Exaudi Redazione\",\"@id\":\"https:\\\/\\\/exaudi.org\\\/#\\\/schema\\\/person\\\/e1ab6ed07c01774724dd96f925f3a5f0\"},\"headline\":\"Svastica sulla bara, la condanna del Vicariato\",\"datePublished\":\"2022-01-11T11:14:27+00:00\",\"mainEntityOfPage\":{\"@id\":\"https:\\\/\\\/exaudi.org\\\/it\\\/svastica-sulla-bara-la-condanna-del-vicariato\\\/\"},\"wordCount\":394,\"image\":{\"@id\":\"https:\\\/\\\/exaudi.org\\\/it\\\/svastica-sulla-bara-la-condanna-del-vicariato\\\/#primaryimage\"},\"thumbnailUrl\":\"https:\\\/\\\/exaudi.org\\\/wp-content\\\/uploads\\\/2022\\\/01\\\/vicariato.jpg\",\"keywords\":[\"funerale\",\"vicariato\"],\"articleSection\":[\"Chiesa e Mondo\"],\"inLanguage\":\"it-IT\"},{\"@type\":\"WebPage\",\"@id\":\"https:\\\/\\\/exaudi.org\\\/it\\\/svastica-sulla-bara-la-condanna-del-vicariato\\\/\",\"url\":\"https:\\\/\\\/exaudi.org\\\/it\\\/svastica-sulla-bara-la-condanna-del-vicariato\\\/\",\"name\":\"Svastica sulla bara, la condanna del Vicariato &#8211; Exaudi\",\"isPartOf\":{\"@id\":\"https:\\\/\\\/exaudi.org\\\/#website\"},\"primaryImageOfPage\":{\"@id\":\"https:\\\/\\\/exaudi.org\\\/it\\\/svastica-sulla-bara-la-condanna-del-vicariato\\\/#primaryimage\"},\"image\":{\"@id\":\"https:\\\/\\\/exaudi.org\\\/it\\\/svastica-sulla-bara-la-condanna-del-vicariato\\\/#primaryimage\"},\"thumbnailUrl\":\"https:\\\/\\\/exaudi.org\\\/wp-content\\\/uploads\\\/2022\\\/01\\\/vicariato.jpg\",\"datePublished\":\"2022-01-11T11:14:27+00:00\",\"author\":{\"@id\":\"https:\\\/\\\/exaudi.org\\\/#\\\/schema\\\/person\\\/e1ab6ed07c01774724dd96f925f3a5f0\"},\"description\":\"La bara avvolta in una bandiera con la svastica: \u00e8 accaduto all'esterno di una parrocchia romana. Durisssima condanna del Vicariato\",\"breadcrumb\":{\"@id\":\"https:\\\/\\\/exaudi.org\\\/it\\\/svastica-sulla-bara-la-condanna-del-vicariato\\\/#breadcrumb\"},\"inLanguage\":\"it-IT\",\"potentialAction\":[{\"@type\":\"ReadAction\",\"target\":[\"https:\\\/\\\/exaudi.org\\\/it\\\/svastica-sulla-bara-la-condanna-del-vicariato\\\/\"]}]},{\"@type\":\"ImageObject\",\"inLanguage\":\"it-IT\",\"@id\":\"https:\\\/\\\/exaudi.org\\\/it\\\/svastica-sulla-bara-la-condanna-del-vicariato\\\/#primaryimage\",\"url\":\"https:\\\/\\\/exaudi.org\\\/wp-content\\\/uploads\\\/2022\\\/01\\\/vicariato.jpg\",\"contentUrl\":\"https:\\\/\\\/exaudi.org\\\/wp-content\\\/uploads\\\/2022\\\/01\\\/vicariato.jpg\",\"width\":741,\"height\":486,\"caption\":\"Il Vicariato di Roma (C) Diocesi di Roma\"},{\"@type\":\"BreadcrumbList\",\"@id\":\"https:\\\/\\\/exaudi.org\\\/it\\\/svastica-sulla-bara-la-condanna-del-vicariato\\\/#breadcrumb\",\"itemListElement\":[{\"@type\":\"ListItem\",\"position\":1,\"name\":\"Portada\",\"item\":\"https:\\\/\\\/exaudi.org\\\/it\\\/\"},{\"@type\":\"ListItem\",\"position\":2,\"name\":\"Svastica sulla bara, la condanna del Vicariato\"}]},{\"@type\":\"WebSite\",\"@id\":\"https:\\\/\\\/exaudi.org\\\/#website\",\"url\":\"https:\\\/\\\/exaudi.org\\\/\",\"name\":\"Exaudi\",\"description\":\"News\",\"potentialAction\":[{\"@type\":\"SearchAction\",\"target\":{\"@type\":\"EntryPoint\",\"urlTemplate\":\"https:\\\/\\\/exaudi.org\\\/?s={search_term_string}\"},\"query-input\":{\"@type\":\"PropertyValueSpecification\",\"valueRequired\":true,\"valueName\":\"search_term_string\"}}],\"inLanguage\":\"it-IT\"},{\"@type\":\"Person\",\"@id\":\"https:\\\/\\\/exaudi.org\\\/#\\\/schema\\\/person\\\/e1ab6ed07c01774724dd96f925f3a5f0\",\"name\":\"Exaudi Redazione\",\"image\":{\"@type\":\"ImageObject\",\"inLanguage\":\"it-IT\",\"@id\":\"https:\\\/\\\/secure.gravatar.com\\\/avatar\\\/ad6774b3ada023bf5b939d64f45c94b3adf91502dd883507d469b4308a943bb3?s=96&d=mm&r=g\",\"url\":\"https:\\\/\\\/secure.gravatar.com\\\/avatar\\\/ad6774b3ada023bf5b939d64f45c94b3adf91502dd883507d469b4308a943bb3?s=96&d=mm&r=g\",\"contentUrl\":\"https:\\\/\\\/secure.gravatar.com\\\/avatar\\\/ad6774b3ada023bf5b939d64f45c94b3adf91502dd883507d469b4308a943bb3?s=96&d=mm&r=g\",\"caption\":\"Exaudi Redazione\"},\"description\":\"Che cosa \u00e8 Exaudi News? Exaudi News \u00e8 un agenzia cattolica internazionale che informa, istruisce e trasforma quotidianamente in spagnolo, inglese e italiano. Attraverso notizie, articoli di analisi e trasmissioni in diretta degli eventi del Papa, Exaudi cerca di rafforzare l'unit\u00e0 dei cristiani e di contribuire all'evangelizzazione del mondo, sempre guidato dalla dottrina sociale della Chiesa. Lavoriamo per portare la verit\u00e0 e i valori cristiani in ogni angolo del pianeta. Aiutaci a trasformare il mondo con Exaudi! Noi di Exaudi crediamo che l'evangelizzazione e l'informazione di qualit\u00e0 possano cambiare la vita. Per continuare la nostra missione ed espandere la nostra portata, abbiamo bisogno del tuo aiuto. Stiamo anche cercando persone motivate che vogliano unirsi al nostro team. Grazie al vostro sostegno raggiungeremo pi\u00f9 persone, diffonderemo il messaggio di Cristo e rafforzeremo l'unit\u00e0 dei cristiani. Vuoi unirti alla nostra missione? Per maggiori informazioni su come contribuire, visita Exaudi.org\\\/it o contattaci direttamente: info@exaudi.org Exaudi: informa, forma e trasforma.\",\"sameAs\":[\"https:\\\/\\\/www.facebook.com\\\/ExaudiNotizie\\\/\",\"https:\\\/\\\/www.instagram.com\\\/Exaudi_notizie\\\/\",\"https:\\\/\\\/x.com\\\/Exaudi_Notizie\",\"https:\\\/\\\/www.youtube.com\\\/@exaudicatholicnews\"],\"url\":\"https:\\\/\\\/exaudi.org\\\/it\\\/author\\\/dlvedi-org\\\/\"}]}<\/script>\n<!-- \/ Yoast SEO plugin. -->","yoast_head_json":{"title":"Svastica sulla bara, la condanna del Vicariato &#8211; Exaudi","description":"La bara avvolta in una bandiera con la svastica: \u00e8 accaduto all'esterno di una parrocchia romana. Durisssima condanna del Vicariato","robots":{"index":"index","follow":"follow","max-snippet":"max-snippet:-1","max-image-preview":"max-image-preview:large","max-video-preview":"max-video-preview:-1"},"canonical":"https:\/\/exaudi.org\/it\/svastica-sulla-bara-la-condanna-del-vicariato\/","og_locale":"it_IT","og_type":"article","og_title":"Svastica sulla bara, la condanna del Vicariato &#8211; Exaudi","og_description":"La bara avvolta in una bandiera con la svastica: \u00e8 accaduto all'esterno di una parrocchia romana. Durisssima condanna del Vicariato","og_url":"https:\/\/exaudi.org\/it\/svastica-sulla-bara-la-condanna-del-vicariato\/","og_site_name":"Exaudi","article_publisher":"https:\/\/www.facebook.com\/ExaudiNews","article_author":"https:\/\/www.facebook.com\/ExaudiNotizie\/","article_published_time":"2022-01-11T11:14:27+00:00","og_image":[{"width":741,"height":486,"url":"https:\/\/exaudi.org\/wp-content\/uploads\/2022\/01\/vicariato.jpg","type":"image\/jpeg"}],"author":"Exaudi Redazione","twitter_card":"summary_large_image","twitter_creator":"@Exaudi_Notizie","twitter_site":"@Exaudi_News","twitter_misc":{"Scritto da":"Exaudi Redazione","Tempo di lettura stimato":"3 minuti"},"schema":{"@context":"https:\/\/schema.org","@graph":[{"@type":"Article","@id":"https:\/\/exaudi.org\/it\/svastica-sulla-bara-la-condanna-del-vicariato\/#article","isPartOf":{"@id":"https:\/\/exaudi.org\/it\/svastica-sulla-bara-la-condanna-del-vicariato\/"},"author":{"name":"Exaudi Redazione","@id":"https:\/\/exaudi.org\/#\/schema\/person\/e1ab6ed07c01774724dd96f925f3a5f0"},"headline":"Svastica sulla bara, la condanna del Vicariato","datePublished":"2022-01-11T11:14:27+00:00","mainEntityOfPage":{"@id":"https:\/\/exaudi.org\/it\/svastica-sulla-bara-la-condanna-del-vicariato\/"},"wordCount":394,"image":{"@id":"https:\/\/exaudi.org\/it\/svastica-sulla-bara-la-condanna-del-vicariato\/#primaryimage"},"thumbnailUrl":"https:\/\/exaudi.org\/wp-content\/uploads\/2022\/01\/vicariato.jpg","keywords":["funerale","vicariato"],"articleSection":["Chiesa e Mondo"],"inLanguage":"it-IT"},{"@type":"WebPage","@id":"https:\/\/exaudi.org\/it\/svastica-sulla-bara-la-condanna-del-vicariato\/","url":"https:\/\/exaudi.org\/it\/svastica-sulla-bara-la-condanna-del-vicariato\/","name":"Svastica sulla bara, la condanna del Vicariato &#8211; Exaudi","isPartOf":{"@id":"https:\/\/exaudi.org\/#website"},"primaryImageOfPage":{"@id":"https:\/\/exaudi.org\/it\/svastica-sulla-bara-la-condanna-del-vicariato\/#primaryimage"},"image":{"@id":"https:\/\/exaudi.org\/it\/svastica-sulla-bara-la-condanna-del-vicariato\/#primaryimage"},"thumbnailUrl":"https:\/\/exaudi.org\/wp-content\/uploads\/2022\/01\/vicariato.jpg","datePublished":"2022-01-11T11:14:27+00:00","author":{"@id":"https:\/\/exaudi.org\/#\/schema\/person\/e1ab6ed07c01774724dd96f925f3a5f0"},"description":"La bara avvolta in una bandiera con la svastica: \u00e8 accaduto all'esterno di una parrocchia romana. Durisssima condanna del Vicariato","breadcrumb":{"@id":"https:\/\/exaudi.org\/it\/svastica-sulla-bara-la-condanna-del-vicariato\/#breadcrumb"},"inLanguage":"it-IT","potentialAction":[{"@type":"ReadAction","target":["https:\/\/exaudi.org\/it\/svastica-sulla-bara-la-condanna-del-vicariato\/"]}]},{"@type":"ImageObject","inLanguage":"it-IT","@id":"https:\/\/exaudi.org\/it\/svastica-sulla-bara-la-condanna-del-vicariato\/#primaryimage","url":"https:\/\/exaudi.org\/wp-content\/uploads\/2022\/01\/vicariato.jpg","contentUrl":"https:\/\/exaudi.org\/wp-content\/uploads\/2022\/01\/vicariato.jpg","width":741,"height":486,"caption":"Il Vicariato di Roma (C) Diocesi di Roma"},{"@type":"BreadcrumbList","@id":"https:\/\/exaudi.org\/it\/svastica-sulla-bara-la-condanna-del-vicariato\/#breadcrumb","itemListElement":[{"@type":"ListItem","position":1,"name":"Portada","item":"https:\/\/exaudi.org\/it\/"},{"@type":"ListItem","position":2,"name":"Svastica sulla bara, la condanna del Vicariato"}]},{"@type":"WebSite","@id":"https:\/\/exaudi.org\/#website","url":"https:\/\/exaudi.org\/","name":"Exaudi","description":"News","potentialAction":[{"@type":"SearchAction","target":{"@type":"EntryPoint","urlTemplate":"https:\/\/exaudi.org\/?s={search_term_string}"},"query-input":{"@type":"PropertyValueSpecification","valueRequired":true,"valueName":"search_term_string"}}],"inLanguage":"it-IT"},{"@type":"Person","@id":"https:\/\/exaudi.org\/#\/schema\/person\/e1ab6ed07c01774724dd96f925f3a5f0","name":"Exaudi Redazione","image":{"@type":"ImageObject","inLanguage":"it-IT","@id":"https:\/\/secure.gravatar.com\/avatar\/ad6774b3ada023bf5b939d64f45c94b3adf91502dd883507d469b4308a943bb3?s=96&d=mm&r=g","url":"https:\/\/secure.gravatar.com\/avatar\/ad6774b3ada023bf5b939d64f45c94b3adf91502dd883507d469b4308a943bb3?s=96&d=mm&r=g","contentUrl":"https:\/\/secure.gravatar.com\/avatar\/ad6774b3ada023bf5b939d64f45c94b3adf91502dd883507d469b4308a943bb3?s=96&d=mm&r=g","caption":"Exaudi Redazione"},"description":"Che cosa \u00e8 Exaudi News? Exaudi News \u00e8 un agenzia cattolica internazionale che informa, istruisce e trasforma quotidianamente in spagnolo, inglese e italiano. Attraverso notizie, articoli di analisi e trasmissioni in diretta degli eventi del Papa, Exaudi cerca di rafforzare l'unit\u00e0 dei cristiani e di contribuire all'evangelizzazione del mondo, sempre guidato dalla dottrina sociale della Chiesa. Lavoriamo per portare la verit\u00e0 e i valori cristiani in ogni angolo del pianeta. Aiutaci a trasformare il mondo con Exaudi! Noi di Exaudi crediamo che l'evangelizzazione e l'informazione di qualit\u00e0 possano cambiare la vita. Per continuare la nostra missione ed espandere la nostra portata, abbiamo bisogno del tuo aiuto. Stiamo anche cercando persone motivate che vogliano unirsi al nostro team. Grazie al vostro sostegno raggiungeremo pi\u00f9 persone, diffonderemo il messaggio di Cristo e rafforzeremo l'unit\u00e0 dei cristiani. Vuoi unirti alla nostra missione? Per maggiori informazioni su come contribuire, visita Exaudi.org\/it o contattaci direttamente: info@exaudi.org Exaudi: informa, forma e trasforma.","sameAs":["https:\/\/www.facebook.com\/ExaudiNotizie\/","https:\/\/www.instagram.com\/Exaudi_notizie\/","https:\/\/x.com\/Exaudi_Notizie","https:\/\/www.youtube.com\/@exaudicatholicnews"],"url":"https:\/\/exaudi.org\/it\/author\/dlvedi-org\/"}]}},"jetpack_featured_media_url":"https:\/\/exaudi.org\/wp-content\/uploads\/2022\/01\/vicariato.jpg","jetpack_shortlink":"https:\/\/wp.me\/pgKjF2-cGq","_links":{"self":[{"href":"https:\/\/exaudi.org\/it\/wp-json\/wp\/v2\/posts\/48758","targetHints":{"allow":["GET"]}}],"collection":[{"href":"https:\/\/exaudi.org\/it\/wp-json\/wp\/v2\/posts"}],"about":[{"href":"https:\/\/exaudi.org\/it\/wp-json\/wp\/v2\/types\/post"}],"author":[{"embeddable":true,"href":"https:\/\/exaudi.org\/it\/wp-json\/wp\/v2\/users\/17"}],"replies":[{"embeddable":true,"href":"https:\/\/exaudi.org\/it\/wp-json\/wp\/v2\/comments?post=48758"}],"version-history":[{"count":0,"href":"https:\/\/exaudi.org\/it\/wp-json\/wp\/v2\/posts\/48758\/revisions"}],"wp:featuredmedia":[{"embeddable":true,"href":"https:\/\/exaudi.org\/it\/wp-json\/wp\/v2\/media\/48761"}],"wp:attachment":[{"href":"https:\/\/exaudi.org\/it\/wp-json\/wp\/v2\/media?parent=48758"}],"wp:term":[{"taxonomy":"category","embeddable":true,"href":"https:\/\/exaudi.org\/it\/wp-json\/wp\/v2\/categories?post=48758"},{"taxonomy":"post_tag","embeddable":true,"href":"https:\/\/exaudi.org\/it\/wp-json\/wp\/v2\/tags?post=48758"}],"curies":[{"name":"wp","href":"https:\/\/api.w.org\/{rel}","templated":true}]}}