{"id":48220,"date":"2022-01-06T13:03:11","date_gmt":"2022-01-06T12:03:11","guid":{"rendered":"https:\/\/exaudi.org\/?p=48220"},"modified":"2022-01-06T13:03:11","modified_gmt":"2022-01-06T12:03:11","slug":"i-re-magi-ci-offrono-un-grande-esempio-di-umilta","status":"publish","type":"post","link":"https:\/\/exaudi.org\/it\/i-re-magi-ci-offrono-un-grande-esempio-di-umilta\/","title":{"rendered":"I Re magi ci offrono un grande esempio di umilt\u00e0"},"content":{"rendered":"<p>Al termine della celebrazione nella Basilica di S. Pietro, il Papa si \u00e8 affacciato dalla finestra dello studio nel Palazzo apostolico per la recita dell\u2019Angelus nel giorno dell\u2019Epifania. Quest\u2019anno a causa della recrudescenza della pandemia, non si \u00e8 svolto il tradizionale corteo dei Re magi, che avrebbe dovuto vedere protagonista la scenografia della citt\u00e0 umbra di Foligno. Tutto rinviato al prossimo anno. E sull\u2019umilt\u00e0 dei magi, che si prostrano per adorare il Bambino, ha incentrato la sua riflessione il S. Padre. Ecco le sue parole:<\/p>\n<p>Cari fratelli e sorelle, buongiorno, buona festa! Oggi, solennit\u00e0 dell\u2019Epifania, contempliamo l\u2019episodio dei magi. Essi affrontano un viaggio lungo e faticoso per andare a adorare \u00abil re dei Giudei\u00bb. Sono guidati dal segno prodigioso di una stella, e quando finalmente arrivano alla meta, anzich\u00e9 trovare qualcosa di grandioso, vedono un bimbo con la mamma. Avrebbero potuto protestare: \u201cTanta strada, e tanti sacrifici per stare davanti a un bambino povero?\u201d. Eppure, non si scandalizzano, non rimangono delusi. Non si lamentano. Cosa fanno? Si prostrano. \u00abEntrati nella casa \u2013 dice il Vangelo \u2013, videro il bambino con Maria sua madre, si prostrarono e lo adorarono\u00bb<\/p>\n<h2>L\u2019umile gesto dei Re magi<\/h2>\n<p>Pensiamo a questi sapienti venuti da lontano, ricchi, colti, conosciuti, che si prostrano, cio\u00e8 si chinano a terra per adorare un bambino! Sembra una contraddizione. Sorprende un gesto tanto umile compiuto da uomini cos\u00ec illustri. Prostrarsi davanti a un\u2019autorit\u00e0 che si presentava con i segni della potenza e della gloria era cosa abituale al tempo. E anche oggi non sarebbe strano. Ma davanti al Bambino di Betlemme non \u00e8 semplice. Non \u00e8 facile adorare questo Dio, la cui divinit\u00e0 rimane nascosta e non appare trionfante. Vuol dire accogliere la grandezza di Dio, che si manifesta nella piccolezza: questo \u00e8 il messaggio.<\/p>\n<p>I magi si abbassano di fronte all\u2019inaudita logica di Dio, accolgono il Signore non come lo immaginavano, ma cos\u00ec com\u2019\u00e8, piccolo e povero. La loro prostrazione \u00e8 il segno di chi mette da parte le proprie idee e fa spazio a Dio. Ci vuole umilt\u00e0 per fare questo. Il Vangelo insiste su questo: non dice solo che i magi adorarono, sottolinea che si prostrarono e adorarono. Cogliamo questa indicazione: l\u2019adorazione va insieme alla prostrazione. Compiendo questo gesto, i magi dimostrano di accogliere con umilt\u00e0 Colui che si presenta nell\u2019umilt\u00e0. Ed \u00e8 cos\u00ec che si aprono all\u2019adorazione di Dio.<\/p>\n<h2>Esempio<\/h2>\n<p>Gli scrigni che aprono sono immagine del loro cuore aperto: la loro vera ricchezza non consiste nella fama, nel successo, ma nell\u2019umilt\u00e0, nel loro ritenersi bisognosi di salvezza. E cos\u00ec \u00e8 l\u2019esempio che ci danno i magi, oggi.<\/p>\n<p>Cari fratelli e sorelle, se al centro di tutto rimaniamo sempre noi con le nostre idee e presumiamo di vantare qualcosa davanti a Dio, non lo incontreremo mai fino in fondo, non arriveremo ad adorarlo. Se non cadono le nostre pretese, le vanit\u00e0, i puntigli, le corse per primeggiare, ci capiter\u00e0 di adorare pure qualcuno o qualcosa nella vita, ma non sar\u00e0 il Signore!<\/p>\n<h2>Farsi piccoli<\/h2>\n<p>Se invece abbandoniamo la nostra pretesa di autosufficienza, se ci facciamo piccoli dentro, allora riscopriremo lo stupore di adorare Ges\u00f9. Perch\u00e9 l\u2019adorazione passa attraverso l\u2019umilt\u00e0 del cuore: chi ha la smania dei sorpassi, non si accorge della presenza del Signore. Ges\u00f9 passa accanto e viene ignorato, come accadde a tanti in quel tempo, ma non ai magi.<\/p>\n<p>Fratelli e sorelle, guardando a loro, oggi ci chiediamo: come va la mia umilt\u00e0? Sono convinto che l\u2019orgoglio impedisce il mio progresso spirituale? Quell\u2019orgoglio, manifesto o nascosto, che sempre copre lo slancio verso Dio. Lavoro sulla mia docilit\u00e0, per essere disponibile a Dio e agli altri, oppure sono sempre centrato su di me, sulle mie pretese, con quell\u2019egoismo nascosto che \u00e8 la superbia? So accantonare il mio punto di vista per abbracciare quello di Dio e degli altri? E infine: prego e adoro solo quando ho bisogno di qualcosa, oppure lo faccio con costanza perch\u00e9 credo di avere sempre bisogno di Ges\u00f9?<\/p>\n<h2>Guardare la stella come i Re magi<\/h2>\n<p>I magi hanno incominciato la strada guardando una stella e trovarono Ges\u00f9. Hanno camminato tanto. Oggi possiamo prendere questo consiglio: guarda la stella e cammina. Non smettete mai di camminare, ma non tralasciate di guardare la stella. Questo \u00e8 il consiglio di oggi, forte: guarda la stella e cammina, guarda la stella e cammina. La Vergine Maria, serva del Signore, ci insegni a riscoprire il bisogno vitale dell\u2019umilt\u00e0 e il gusto vivo dell\u2019adorazione. Ci insegni a guardare la stella e a camminare.<\/p>\n<h2>Dopo l\u2019Angelus<\/h2>\n<p>Cari fratelli e sorelle, oggi il pensiero va ai fratelli e alle sorelle delle Chiese Orientali, sia cattoliche sia ortodosse, che celebrano domani il Natale del Signore. Ad essi rivolgo con affetto i migliori auguri di pace e di ogni bene: Cristo, nato dalla Vergine Maria, illumini le vostre famiglie e le vostre comunit\u00e0! Fratelli e sorelle, tanti auguri!<\/p>\n<h2>Infanzia missionaria<\/h2>\n<p>L\u2019Epifania \u00e8 in modo speciale la festa dell\u2019infanzia missionaria, cio\u00e8 di quei bambini e ragazzi \u2013 sono tanti, in vari Paesi del mondo \u2013 che si impegnano a pregare e a offrire i loro risparmi perch\u00e9 il Vangelo sia annunciato a quanti non lo conoscono. Voglio dire a loro il mio grazie: bambini e bambine, grazie!, e ricordare che la missione comincia con la testimonianza cristiana nella vita di tutti i giorni.<\/p>\n<p>A questo proposito, incoraggio le iniziative di evangelizzazione che prendono spunto dalle tradizioni dell\u2019Epifania e che, nella situazione attuale, utilizzano vari mezzi di comunicazione. Ricordo in particolare l\u2019evento \u201cCorteo dei Re Magi\u201d che si svolge in Polonia. E oggi saluto tutti voi, romani, e pellegrini venuti dall\u2019Italia e da diversi Paesi. Saluto i cresimandi di Romano di Lombardia, con i genitori e i catechisti. E a tutti auguro una buona festa. Per favore, non dimenticatevi di pregare per me. Buon pranzo e arrivederci.<\/p>\n","protected":false},"excerpt":{"rendered":"<p>Il Pontefice all\u2019Angelus dell\u2019Epifania invita a chiederci se lottiamo contro il nostro orgoglio <\/p>\n","protected":false},"author":17,"featured_media":48221,"comment_status":"closed","ping_status":"closed","sticky":false,"template":"","format":"standard","meta":{"_acf_changed":false,"_crdt_document":"","inline_featured_image":false,"footnotes":""},"categories":[69],"tags":[250,2487,251,5458],"class_list":["post-48220","post","type-post","status-publish","format-standard","has-post-thumbnail","hentry","category-angelus-it","tag-angelus-it","tag-featured-3","tag-papa-francesco","tag-re-magi"],"acf":[],"yoast_head":"<!-- This site is optimized with the Yoast SEO plugin v27.5 - https:\/\/yoast.com\/product\/yoast-seo-wordpress\/ -->\n<title>I Re magi ci offrono un grande esempio di umilt\u00e0 &#8211; Exaudi<\/title>\n<meta name=\"description\" content=\"Sull&#039;esempio umile dei Re magi il Pontefice all\u2019Angelus dell\u2019Epifania invita a chiederci se lottiamo contro il nostro orgoglio\" \/>\n<meta name=\"robots\" content=\"index, follow, max-snippet:-1, max-image-preview:large, max-video-preview:-1\" \/>\n<link rel=\"canonical\" href=\"https:\/\/exaudi.org\/it\/i-re-magi-ci-offrono-un-grande-esempio-di-umilta\/\" \/>\n<meta property=\"og:locale\" content=\"it_IT\" \/>\n<meta property=\"og:type\" content=\"article\" \/>\n<meta property=\"og:title\" content=\"I Re magi ci offrono un grande esempio di umilt\u00e0 &#8211; Exaudi\" \/>\n<meta property=\"og:description\" content=\"Sull&#039;esempio umile dei Re magi il Pontefice all\u2019Angelus dell\u2019Epifania invita a chiederci se lottiamo contro il nostro orgoglio\" \/>\n<meta property=\"og:url\" content=\"https:\/\/exaudi.org\/it\/i-re-magi-ci-offrono-un-grande-esempio-di-umilta\/\" \/>\n<meta property=\"og:site_name\" content=\"Exaudi\" \/>\n<meta property=\"article:publisher\" content=\"https:\/\/www.facebook.com\/ExaudiNews\" \/>\n<meta property=\"article:author\" content=\"https:\/\/www.facebook.com\/ExaudiNotizie\/\" \/>\n<meta property=\"article:published_time\" content=\"2022-01-06T12:03:11+00:00\" \/>\n<meta property=\"og:image\" content=\"https:\/\/exaudi.org\/wp-content\/uploads\/2022\/01\/angelus-natale-scaled.jpg\" \/>\n\t<meta property=\"og:image:width\" content=\"2560\" \/>\n\t<meta property=\"og:image:height\" content=\"1707\" \/>\n\t<meta property=\"og:image:type\" content=\"image\/jpeg\" \/>\n<meta name=\"author\" content=\"Exaudi Redazione\" \/>\n<meta name=\"twitter:card\" content=\"summary_large_image\" \/>\n<meta name=\"twitter:creator\" content=\"@Exaudi_Notizie\" \/>\n<meta name=\"twitter:site\" content=\"@Exaudi_News\" \/>\n<meta name=\"twitter:label1\" content=\"Scritto da\" \/>\n\t<meta name=\"twitter:data1\" content=\"Exaudi Redazione\" \/>\n\t<meta name=\"twitter:label2\" content=\"Tempo di lettura stimato\" \/>\n\t<meta name=\"twitter:data2\" content=\"6 minuti\" \/>\n<script type=\"application\/ld+json\" class=\"yoast-schema-graph\">{\"@context\":\"https:\\\/\\\/schema.org\",\"@graph\":[{\"@type\":\"Article\",\"@id\":\"https:\\\/\\\/exaudi.org\\\/it\\\/i-re-magi-ci-offrono-un-grande-esempio-di-umilta\\\/#article\",\"isPartOf\":{\"@id\":\"https:\\\/\\\/exaudi.org\\\/it\\\/i-re-magi-ci-offrono-un-grande-esempio-di-umilta\\\/\"},\"author\":{\"name\":\"Exaudi Redazione\",\"@id\":\"https:\\\/\\\/exaudi.org\\\/#\\\/schema\\\/person\\\/e1ab6ed07c01774724dd96f925f3a5f0\"},\"headline\":\"I Re magi ci offrono un grande esempio di umilt\u00e0\",\"datePublished\":\"2022-01-06T12:03:11+00:00\",\"mainEntityOfPage\":{\"@id\":\"https:\\\/\\\/exaudi.org\\\/it\\\/i-re-magi-ci-offrono-un-grande-esempio-di-umilta\\\/\"},\"wordCount\":985,\"image\":{\"@id\":\"https:\\\/\\\/exaudi.org\\\/it\\\/i-re-magi-ci-offrono-un-grande-esempio-di-umilta\\\/#primaryimage\"},\"thumbnailUrl\":\"https:\\\/\\\/exaudi.org\\\/wp-content\\\/uploads\\\/2022\\\/01\\\/angelus-natale-scaled.jpg\",\"keywords\":[\"\u00e1ngelus\",\"Featured\",\"Papa Francesco\",\"Re magi\"],\"articleSection\":[\"Angelus\"],\"inLanguage\":\"it-IT\"},{\"@type\":\"WebPage\",\"@id\":\"https:\\\/\\\/exaudi.org\\\/it\\\/i-re-magi-ci-offrono-un-grande-esempio-di-umilta\\\/\",\"url\":\"https:\\\/\\\/exaudi.org\\\/it\\\/i-re-magi-ci-offrono-un-grande-esempio-di-umilta\\\/\",\"name\":\"I Re magi ci offrono un grande esempio di umilt\u00e0 &#8211; Exaudi\",\"isPartOf\":{\"@id\":\"https:\\\/\\\/exaudi.org\\\/#website\"},\"primaryImageOfPage\":{\"@id\":\"https:\\\/\\\/exaudi.org\\\/it\\\/i-re-magi-ci-offrono-un-grande-esempio-di-umilta\\\/#primaryimage\"},\"image\":{\"@id\":\"https:\\\/\\\/exaudi.org\\\/it\\\/i-re-magi-ci-offrono-un-grande-esempio-di-umilta\\\/#primaryimage\"},\"thumbnailUrl\":\"https:\\\/\\\/exaudi.org\\\/wp-content\\\/uploads\\\/2022\\\/01\\\/angelus-natale-scaled.jpg\",\"datePublished\":\"2022-01-06T12:03:11+00:00\",\"author\":{\"@id\":\"https:\\\/\\\/exaudi.org\\\/#\\\/schema\\\/person\\\/e1ab6ed07c01774724dd96f925f3a5f0\"},\"description\":\"Sull'esempio umile dei Re magi il Pontefice all\u2019Angelus dell\u2019Epifania invita a chiederci se lottiamo contro il nostro orgoglio\",\"breadcrumb\":{\"@id\":\"https:\\\/\\\/exaudi.org\\\/it\\\/i-re-magi-ci-offrono-un-grande-esempio-di-umilta\\\/#breadcrumb\"},\"inLanguage\":\"it-IT\",\"potentialAction\":[{\"@type\":\"ReadAction\",\"target\":[\"https:\\\/\\\/exaudi.org\\\/it\\\/i-re-magi-ci-offrono-un-grande-esempio-di-umilta\\\/\"]}]},{\"@type\":\"ImageObject\",\"inLanguage\":\"it-IT\",\"@id\":\"https:\\\/\\\/exaudi.org\\\/it\\\/i-re-magi-ci-offrono-un-grande-esempio-di-umilta\\\/#primaryimage\",\"url\":\"https:\\\/\\\/exaudi.org\\\/wp-content\\\/uploads\\\/2022\\\/01\\\/angelus-natale-scaled.jpg\",\"contentUrl\":\"https:\\\/\\\/exaudi.org\\\/wp-content\\\/uploads\\\/2022\\\/01\\\/angelus-natale-scaled.jpg\",\"width\":2560,\"height\":1707,\"caption\":\"(C) Vatican Media\"},{\"@type\":\"BreadcrumbList\",\"@id\":\"https:\\\/\\\/exaudi.org\\\/it\\\/i-re-magi-ci-offrono-un-grande-esempio-di-umilta\\\/#breadcrumb\",\"itemListElement\":[{\"@type\":\"ListItem\",\"position\":1,\"name\":\"Portada\",\"item\":\"https:\\\/\\\/exaudi.org\\\/it\\\/\"},{\"@type\":\"ListItem\",\"position\":2,\"name\":\"I Re magi ci offrono un grande esempio di umilt\u00e0\"}]},{\"@type\":\"WebSite\",\"@id\":\"https:\\\/\\\/exaudi.org\\\/#website\",\"url\":\"https:\\\/\\\/exaudi.org\\\/\",\"name\":\"Exaudi\",\"description\":\"News\",\"potentialAction\":[{\"@type\":\"SearchAction\",\"target\":{\"@type\":\"EntryPoint\",\"urlTemplate\":\"https:\\\/\\\/exaudi.org\\\/?s={search_term_string}\"},\"query-input\":{\"@type\":\"PropertyValueSpecification\",\"valueRequired\":true,\"valueName\":\"search_term_string\"}}],\"inLanguage\":\"it-IT\"},{\"@type\":\"Person\",\"@id\":\"https:\\\/\\\/exaudi.org\\\/#\\\/schema\\\/person\\\/e1ab6ed07c01774724dd96f925f3a5f0\",\"name\":\"Exaudi Redazione\",\"image\":{\"@type\":\"ImageObject\",\"inLanguage\":\"it-IT\",\"@id\":\"https:\\\/\\\/secure.gravatar.com\\\/avatar\\\/ad6774b3ada023bf5b939d64f45c94b3adf91502dd883507d469b4308a943bb3?s=96&d=mm&r=g\",\"url\":\"https:\\\/\\\/secure.gravatar.com\\\/avatar\\\/ad6774b3ada023bf5b939d64f45c94b3adf91502dd883507d469b4308a943bb3?s=96&d=mm&r=g\",\"contentUrl\":\"https:\\\/\\\/secure.gravatar.com\\\/avatar\\\/ad6774b3ada023bf5b939d64f45c94b3adf91502dd883507d469b4308a943bb3?s=96&d=mm&r=g\",\"caption\":\"Exaudi Redazione\"},\"description\":\"Che cosa \u00e8 Exaudi News? Exaudi News \u00e8 un agenzia cattolica internazionale che informa, istruisce e trasforma quotidianamente in spagnolo, inglese e italiano. Attraverso notizie, articoli di analisi e trasmissioni in diretta degli eventi del Papa, Exaudi cerca di rafforzare l'unit\u00e0 dei cristiani e di contribuire all'evangelizzazione del mondo, sempre guidato dalla dottrina sociale della Chiesa. Lavoriamo per portare la verit\u00e0 e i valori cristiani in ogni angolo del pianeta. Aiutaci a trasformare il mondo con Exaudi! Noi di Exaudi crediamo che l'evangelizzazione e l'informazione di qualit\u00e0 possano cambiare la vita. Per continuare la nostra missione ed espandere la nostra portata, abbiamo bisogno del tuo aiuto. Stiamo anche cercando persone motivate che vogliano unirsi al nostro team. Grazie al vostro sostegno raggiungeremo pi\u00f9 persone, diffonderemo il messaggio di Cristo e rafforzeremo l'unit\u00e0 dei cristiani. Vuoi unirti alla nostra missione? Per maggiori informazioni su come contribuire, visita Exaudi.org\\\/it o contattaci direttamente: info@exaudi.org Exaudi: informa, forma e trasforma.\",\"sameAs\":[\"https:\\\/\\\/www.facebook.com\\\/ExaudiNotizie\\\/\",\"https:\\\/\\\/www.instagram.com\\\/Exaudi_notizie\\\/\",\"https:\\\/\\\/x.com\\\/Exaudi_Notizie\",\"https:\\\/\\\/www.youtube.com\\\/@exaudicatholicnews\"],\"url\":\"https:\\\/\\\/exaudi.org\\\/it\\\/author\\\/dlvedi-org\\\/\"}]}<\/script>\n<!-- \/ Yoast SEO plugin. -->","yoast_head_json":{"title":"I Re magi ci offrono un grande esempio di umilt\u00e0 &#8211; Exaudi","description":"Sull'esempio umile dei Re magi il Pontefice all\u2019Angelus dell\u2019Epifania invita a chiederci se lottiamo contro il nostro orgoglio","robots":{"index":"index","follow":"follow","max-snippet":"max-snippet:-1","max-image-preview":"max-image-preview:large","max-video-preview":"max-video-preview:-1"},"canonical":"https:\/\/exaudi.org\/it\/i-re-magi-ci-offrono-un-grande-esempio-di-umilta\/","og_locale":"it_IT","og_type":"article","og_title":"I Re magi ci offrono un grande esempio di umilt\u00e0 &#8211; Exaudi","og_description":"Sull'esempio umile dei Re magi il Pontefice all\u2019Angelus dell\u2019Epifania invita a chiederci se lottiamo contro il nostro orgoglio","og_url":"https:\/\/exaudi.org\/it\/i-re-magi-ci-offrono-un-grande-esempio-di-umilta\/","og_site_name":"Exaudi","article_publisher":"https:\/\/www.facebook.com\/ExaudiNews","article_author":"https:\/\/www.facebook.com\/ExaudiNotizie\/","article_published_time":"2022-01-06T12:03:11+00:00","og_image":[{"width":2560,"height":1707,"url":"https:\/\/exaudi.org\/wp-content\/uploads\/2022\/01\/angelus-natale-scaled.jpg","type":"image\/jpeg"}],"author":"Exaudi Redazione","twitter_card":"summary_large_image","twitter_creator":"@Exaudi_Notizie","twitter_site":"@Exaudi_News","twitter_misc":{"Scritto da":"Exaudi Redazione","Tempo di lettura stimato":"6 minuti"},"schema":{"@context":"https:\/\/schema.org","@graph":[{"@type":"Article","@id":"https:\/\/exaudi.org\/it\/i-re-magi-ci-offrono-un-grande-esempio-di-umilta\/#article","isPartOf":{"@id":"https:\/\/exaudi.org\/it\/i-re-magi-ci-offrono-un-grande-esempio-di-umilta\/"},"author":{"name":"Exaudi Redazione","@id":"https:\/\/exaudi.org\/#\/schema\/person\/e1ab6ed07c01774724dd96f925f3a5f0"},"headline":"I Re magi ci offrono un grande esempio di umilt\u00e0","datePublished":"2022-01-06T12:03:11+00:00","mainEntityOfPage":{"@id":"https:\/\/exaudi.org\/it\/i-re-magi-ci-offrono-un-grande-esempio-di-umilta\/"},"wordCount":985,"image":{"@id":"https:\/\/exaudi.org\/it\/i-re-magi-ci-offrono-un-grande-esempio-di-umilta\/#primaryimage"},"thumbnailUrl":"https:\/\/exaudi.org\/wp-content\/uploads\/2022\/01\/angelus-natale-scaled.jpg","keywords":["\u00e1ngelus","Featured","Papa Francesco","Re magi"],"articleSection":["Angelus"],"inLanguage":"it-IT"},{"@type":"WebPage","@id":"https:\/\/exaudi.org\/it\/i-re-magi-ci-offrono-un-grande-esempio-di-umilta\/","url":"https:\/\/exaudi.org\/it\/i-re-magi-ci-offrono-un-grande-esempio-di-umilta\/","name":"I Re magi ci offrono un grande esempio di umilt\u00e0 &#8211; Exaudi","isPartOf":{"@id":"https:\/\/exaudi.org\/#website"},"primaryImageOfPage":{"@id":"https:\/\/exaudi.org\/it\/i-re-magi-ci-offrono-un-grande-esempio-di-umilta\/#primaryimage"},"image":{"@id":"https:\/\/exaudi.org\/it\/i-re-magi-ci-offrono-un-grande-esempio-di-umilta\/#primaryimage"},"thumbnailUrl":"https:\/\/exaudi.org\/wp-content\/uploads\/2022\/01\/angelus-natale-scaled.jpg","datePublished":"2022-01-06T12:03:11+00:00","author":{"@id":"https:\/\/exaudi.org\/#\/schema\/person\/e1ab6ed07c01774724dd96f925f3a5f0"},"description":"Sull'esempio umile dei Re magi il Pontefice all\u2019Angelus dell\u2019Epifania invita a chiederci se lottiamo contro il nostro orgoglio","breadcrumb":{"@id":"https:\/\/exaudi.org\/it\/i-re-magi-ci-offrono-un-grande-esempio-di-umilta\/#breadcrumb"},"inLanguage":"it-IT","potentialAction":[{"@type":"ReadAction","target":["https:\/\/exaudi.org\/it\/i-re-magi-ci-offrono-un-grande-esempio-di-umilta\/"]}]},{"@type":"ImageObject","inLanguage":"it-IT","@id":"https:\/\/exaudi.org\/it\/i-re-magi-ci-offrono-un-grande-esempio-di-umilta\/#primaryimage","url":"https:\/\/exaudi.org\/wp-content\/uploads\/2022\/01\/angelus-natale-scaled.jpg","contentUrl":"https:\/\/exaudi.org\/wp-content\/uploads\/2022\/01\/angelus-natale-scaled.jpg","width":2560,"height":1707,"caption":"(C) Vatican Media"},{"@type":"BreadcrumbList","@id":"https:\/\/exaudi.org\/it\/i-re-magi-ci-offrono-un-grande-esempio-di-umilta\/#breadcrumb","itemListElement":[{"@type":"ListItem","position":1,"name":"Portada","item":"https:\/\/exaudi.org\/it\/"},{"@type":"ListItem","position":2,"name":"I Re magi ci offrono un grande esempio di umilt\u00e0"}]},{"@type":"WebSite","@id":"https:\/\/exaudi.org\/#website","url":"https:\/\/exaudi.org\/","name":"Exaudi","description":"News","potentialAction":[{"@type":"SearchAction","target":{"@type":"EntryPoint","urlTemplate":"https:\/\/exaudi.org\/?s={search_term_string}"},"query-input":{"@type":"PropertyValueSpecification","valueRequired":true,"valueName":"search_term_string"}}],"inLanguage":"it-IT"},{"@type":"Person","@id":"https:\/\/exaudi.org\/#\/schema\/person\/e1ab6ed07c01774724dd96f925f3a5f0","name":"Exaudi Redazione","image":{"@type":"ImageObject","inLanguage":"it-IT","@id":"https:\/\/secure.gravatar.com\/avatar\/ad6774b3ada023bf5b939d64f45c94b3adf91502dd883507d469b4308a943bb3?s=96&d=mm&r=g","url":"https:\/\/secure.gravatar.com\/avatar\/ad6774b3ada023bf5b939d64f45c94b3adf91502dd883507d469b4308a943bb3?s=96&d=mm&r=g","contentUrl":"https:\/\/secure.gravatar.com\/avatar\/ad6774b3ada023bf5b939d64f45c94b3adf91502dd883507d469b4308a943bb3?s=96&d=mm&r=g","caption":"Exaudi Redazione"},"description":"Che cosa \u00e8 Exaudi News? Exaudi News \u00e8 un agenzia cattolica internazionale che informa, istruisce e trasforma quotidianamente in spagnolo, inglese e italiano. Attraverso notizie, articoli di analisi e trasmissioni in diretta degli eventi del Papa, Exaudi cerca di rafforzare l'unit\u00e0 dei cristiani e di contribuire all'evangelizzazione del mondo, sempre guidato dalla dottrina sociale della Chiesa. Lavoriamo per portare la verit\u00e0 e i valori cristiani in ogni angolo del pianeta. Aiutaci a trasformare il mondo con Exaudi! Noi di Exaudi crediamo che l'evangelizzazione e l'informazione di qualit\u00e0 possano cambiare la vita. Per continuare la nostra missione ed espandere la nostra portata, abbiamo bisogno del tuo aiuto. Stiamo anche cercando persone motivate che vogliano unirsi al nostro team. Grazie al vostro sostegno raggiungeremo pi\u00f9 persone, diffonderemo il messaggio di Cristo e rafforzeremo l'unit\u00e0 dei cristiani. Vuoi unirti alla nostra missione? Per maggiori informazioni su come contribuire, visita Exaudi.org\/it o contattaci direttamente: info@exaudi.org Exaudi: informa, forma e trasforma.","sameAs":["https:\/\/www.facebook.com\/ExaudiNotizie\/","https:\/\/www.instagram.com\/Exaudi_notizie\/","https:\/\/x.com\/Exaudi_Notizie","https:\/\/www.youtube.com\/@exaudicatholicnews"],"url":"https:\/\/exaudi.org\/it\/author\/dlvedi-org\/"}]}},"jetpack_featured_media_url":"https:\/\/exaudi.org\/wp-content\/uploads\/2022\/01\/angelus-natale-scaled.jpg","jetpack_shortlink":"https:\/\/wp.me\/pgKjF2-cxK","_links":{"self":[{"href":"https:\/\/exaudi.org\/it\/wp-json\/wp\/v2\/posts\/48220","targetHints":{"allow":["GET"]}}],"collection":[{"href":"https:\/\/exaudi.org\/it\/wp-json\/wp\/v2\/posts"}],"about":[{"href":"https:\/\/exaudi.org\/it\/wp-json\/wp\/v2\/types\/post"}],"author":[{"embeddable":true,"href":"https:\/\/exaudi.org\/it\/wp-json\/wp\/v2\/users\/17"}],"replies":[{"embeddable":true,"href":"https:\/\/exaudi.org\/it\/wp-json\/wp\/v2\/comments?post=48220"}],"version-history":[{"count":0,"href":"https:\/\/exaudi.org\/it\/wp-json\/wp\/v2\/posts\/48220\/revisions"}],"wp:featuredmedia":[{"embeddable":true,"href":"https:\/\/exaudi.org\/it\/wp-json\/wp\/v2\/media\/48221"}],"wp:attachment":[{"href":"https:\/\/exaudi.org\/it\/wp-json\/wp\/v2\/media?parent=48220"}],"wp:term":[{"taxonomy":"category","embeddable":true,"href":"https:\/\/exaudi.org\/it\/wp-json\/wp\/v2\/categories?post=48220"},{"taxonomy":"post_tag","embeddable":true,"href":"https:\/\/exaudi.org\/it\/wp-json\/wp\/v2\/tags?post=48220"}],"curies":[{"name":"wp","href":"https:\/\/api.w.org\/{rel}","templated":true}]}}