{"id":47927,"date":"2022-01-04T07:30:50","date_gmt":"2022-01-04T06:30:50","guid":{"rendered":"https:\/\/exaudi.org\/?p=47927"},"modified":"2022-01-03T12:51:12","modified_gmt":"2022-01-03T11:51:12","slug":"l-assemblea-ecclesiale-esempio-per-la-chiesa-e-per-lumanita","status":"publish","type":"post","link":"https:\/\/exaudi.org\/it\/l-assemblea-ecclesiale-esempio-per-la-chiesa-e-per-lumanita\/","title":{"rendered":"L\u2019Assemblea Ecclesiale esempio per la Chiesa e per l\u2019umanit\u00e0"},"content":{"rendered":"<p>Pubblichiamo l&#8217;intervista di Enrique Soros ad Austen Ivereigh, giornalista, scrittore e commentatore. Ivereigh vive nel Regno Unito ed \u00e8 noto per i suoi libri su e con Papa Francesco, tradotti in numerose lingue, e per la sua attivit\u00e0 nei mezzi di comunicazione su temi relativi alla Chiesa cattolica. Nell\u2019intervista Ivereigh analizza la sinodalit\u00e0 vissuta <a href=\"https:\/\/exaudi.org\/it\/assemblea-dellamerica-latina-quanto-ha-influito-la-laudato-si\/\">nell&#8217;Assemblea Ecclesiale dell&#8217;America Latina<\/a> a Citt\u00e0 del Messico \u2013 dal 20 al 28 novembre 2021 -, collocandola nel contesto della Chiesa universale. Offre anche alcune riflessioni sul libro che ha scritto con Papa Francesco: \u201cSogniamo insieme\u201d.<\/p>\n<p><strong>Cos\u2019\u00e8 secondo lei l\u2019Assemblea Ecclesiale?<\/strong><\/p>\n<p>Credo che il mondo intero abbia guardato questa Assemblea ecclesiale in Messico perch\u00e9 \u00e8 un esempio di come la Chiesa pu\u00f2 essere in futuro, quando il popolo di Dio \u00e8 invitato a partecipare alle decisioni che lo riguardano e quando i suoi membri sono invitati a essere discepoli missionari per annunciare Ges\u00f9 Cristo; nello stesso tempo, annunciare che ci sono relazioni che la Chiesa rappresenta; rapporti di rispetto e di ascolto che fanno parte dell&#8217;annuncio.<\/p>\n<p><strong>Perch\u00e9 l\u2019Assemblea Ecclesiale \u00e8 un esempio per la Chiesa?<\/strong><\/p>\n<p>Per me l&#8217;Assemblea Ecclesiale non \u00e8 solo un esempio di come la Chiesa pu\u00f2 essere, ma anche una lezione per tutta l&#8217;umanit\u00e0; un&#8217;umanit\u00e0 spesso polarizzata e bloccata su divisioni e posizioni rigide. Forse la sinodalit\u00e0 offre a tutti un percorso, un modo di pensare diverso, un modo di pensare pi\u00f9 grande che ci permetta di lavorare insieme.<\/p>\n<p>Penso che la cosa importante di questa assemblea sia stato rendersi conto che le persone non erano l\u00ec a discutere la dottrina della Chiesa o a cambiare le strutture della Chiesa. Gli \u00e8 stato chiesto di ascoltare il grido del popolo di Dio, comprendere cosa sta realmente accadendo nella vita delle persone, riunirsi per riflettere su ci\u00f2 che hanno ascoltato e aiutare i vescovi a definire le priorit\u00e0 pastorali, in modo che i laici siano protagonisti di questo processo, soggetti attivi di discernimento. \u00c8 ci\u00f2 che ha reso questa assemblea unica, diversa da qualsiasi sinodo o, di fatto, da qualsiasi altro tipo di riunione della Chiesa a cui abbia partecipato.<\/p>\n<p>Si percepiva da quello che diceva la gente, che si \u00e8 sentita intensamente coinvolta nel futuro della Chiesa. Questo \u00e8 qualcosa di meraviglioso perch\u00e9, quando le persone si sentono riconosciute e ascoltate, quando si sentono veramente partecipi, allora \u00e8 quando si assumono anche la responsabilit\u00e0 di essere discepoli missionari per portare il messaggio di Ges\u00f9 Cristo al mondo.<\/p>\n<p><strong>A che punto \u00e8 la Chiesa?<\/strong><\/p>\n<p>Questa Assemblea Ecclesiale \u00e8 stata un piccolo passo, il primo passo che la Chiesa in una parte qualsiasi del mondo ha compiuto verso una Chiesa sinodale, dove il popolo di Dio partecipi attivamente alle decisioni che si prendono nella Chiesa. Quindi si pu\u00f2 dire che \u00e8 stato un processo molto limitato.<\/p>\n<p><strong>Quando c\u2019\u00e8 sinodalit\u00e0 si condividono le decisioni, che \u00e8 una cosa che poi impegna.<\/strong><\/p>\n<p>Abbiamo imparato molte lezioni in quella settimana. Non sempre le cose sono andate bene, ma una cosa che mi ha colpito molto \u00e8 che i comuni cattolici, laici, religiosi, chiunque essi siano, vogliono far parte dei processi decisionali della Chiesa, vogliono essere discernenti, se volete. Vogliono essere aperti allo Spirito Santo, vogliono aiutare la Chiesa ad essere Chiesa e questo \u00e8 molto importante perch\u00e9 credo che quando le persone si sentono coinvolte, poi si sentono impegnate, e in tal modo abbiamo una Chiesa in uscita. Abbiamo una Chiesa evangelizzatrice in cui le persone accettano veramente che l&#8217;uguaglianza dei battezzati significa che sono anche responsabili di evangelizzare la societ\u00e0 in cui viviamo.<\/p>\n<p><strong>C\u2019\u00e8 gi\u00e0 la Dottrina della Chiesa. A cosa serve la sinodalit\u00e0 se \u00e8 gi\u00e0 tutto scritto?<\/strong><\/p>\n<p>Nel Concilio Vaticano II ci viene chiesto di leggere i segni dei tempi. La Chiesa proclama sempre il suo messaggio in un contesto, sociale e culturale, e spetta ad ogni generazione guardare al tempo in cui vive, alla societ\u00e0 in cui vive e chiedersi: cosa ci chiede lo Spirito Santo? Come dobbiamo cambiare per evangelizzare queste circostanze?<\/p>\n<p>E quella domanda: che cosa ci chiede lo Spirito Santo? \u00e8 la domanda sinodale. Ogni sinodo inizia con quella domanda ed \u00e8 quello con cui abbiamo iniziato la settimana a Citt\u00e0 del Messico. \u00c8 stato affascinante, stimolante e anche molto divertente. C&#8217;era vita, vita vera e gioia perch\u00e9 le persone si sono sentite parte della Chiesa e questo \u00e8 qualcosa di grande.<\/p>\n<p><strong>Ci racconti di \u201cSogniamo insieme\u201d, il libro che ha scritto con Papa Francesco\u2026<\/strong><\/p>\n<p>Poco dopo l&#8217;inizio del lockdown, nel marzo 2020, ho scritto a Papa Francesco: &#8220;Penso che questo potrebbe essere il momento di scrivere un libro che spieghi come possiamo uscire meglio da questa crisi. Qual \u00e8 il processo? Come ci convertiamo? Come si cambia per uscire meglio da questa crisi?&#8221;<\/p>\n<p>Ha accettato il mio invito e abbiamo scritto il libro \u201cSogniamo insieme. La via per un futuro migliore\u201d. \u00c8 stato pubblicato a dicembre 2020 ed \u00e8 un libro breve. Pu\u00f2 essere letto in poco tempo, probabilmente in circa tre ore, e aiuta davvero.<\/p>\n<p>\u00c8 una guida spirituale per l&#8217;umanit\u00e0 in un momento di turbolenza e di prove che ci permette di osservare il mondo in cui viviamo, vedere con gli occhi di un discepolo missionario, scegliere le vie di Dio, capire da dove siamo tentati di allontanarci e intraprendere azioni, proporre azioni che ci aiutino a condurci verso un futuro migliore.<\/p>\n<p><strong>Cos\u2019ha di diverso questo libro rispetto ad altri?<\/strong><\/p>\n<p>Vediamo cosa sta succedendo nel mezzo della pandemia, vediamo dove agisce Dio. Ci\u00f2 che \u00e8 assolutamente unico in \u201cSogniamo insieme\u201d \u00e8 che \u00e8 la prima volta che un Papa si rivolge all&#8217;umanit\u00e0 in un momento di crisi mondiale in modo specifico su quella crisi e quello che fa \u00e8 sedersi effettivamente con il lettore per dirgli: vieni su, parliamo, parliamo di questo, vediamo cosa sta succedendo, dove agisce Dio, dov&#8217;\u00e8 il contrario, il nemico attivo di Dio.<\/p>\n<p>Come impariamo a distinguere tra quelle due cose? E cosa ci viene chiesto di fare? Qual \u00e8 l&#8217;azione da seguire dopo questo discernimento? \u00c8 quindi un manuale di orientamento spirituale, di discernimento per l&#8217;umanit\u00e0 in un momento molto difficile, che ci permette di navigare nella crisi e di uscirne migliori, aprendoci alla grazia e allo Spirito Santo.<\/p>\n<p>Il rischio pi\u00f9 grande in ogni crisi, personale o globale che sia, \u00e8 che ci rinchiudiamo in noi stessi, che cominciamo a rimpiangere il passato o che ci rifugiamo nell&#8217;astrazione.<\/p>\n<p>Quello che il Papa ci invita a fare in \u201cSogniamo insieme\u201d \u00e8 guardare il mondo concretamente, vedere cosa succede con gli occhi del discepolo missionario, con il cuore del Buon Pastore. Dov&#8217;\u00e8 la sofferenza? Dov&#8217;\u00e8 il dolore? Dove ci parla Dio attraverso tutto questo? e imparare a cercare quei segni per scegliere efficacemente le vie di Dio e costruire cos\u00ec un futuro migliore.<\/p>\n","protected":false},"excerpt":{"rendered":"<p>Intervista allo scrittore Austen Ivereigh sulla sinodalit\u00e0<\/p>\n","protected":false},"author":41,"featured_media":47932,"comment_status":"closed","ping_status":"closed","sticky":false,"template":"","format":"standard","meta":{"_acf_changed":false,"_crdt_document":"","inline_featured_image":false,"footnotes":""},"categories":[107],"tags":[2487,3064],"class_list":["post-47927","post","type-post","status-publish","format-standard","has-post-thumbnail","hentry","category-interviste","tag-featured-3","tag-sinodalita"],"acf":[],"yoast_head":"<!-- This site is optimized with the Yoast SEO plugin v27.5 - https:\/\/yoast.com\/product\/yoast-seo-wordpress\/ -->\n<title>L\u2019Assemblea Ecclesiale esempio per la Chiesa e per l\u2019umanit\u00e0 &#8211; Exaudi<\/title>\n<meta name=\"description\" content=\"Intervista allo scrittore Ivereigh sull&#039;Assemblea Ecclesiale dell&#039;America Latina e sul libro scritto col Papa &quot;Sogniamo insieme&quot;\" \/>\n<meta name=\"robots\" content=\"index, follow, max-snippet:-1, max-image-preview:large, max-video-preview:-1\" \/>\n<link rel=\"canonical\" href=\"https:\/\/exaudi.org\/it\/l-assemblea-ecclesiale-esempio-per-la-chiesa-e-per-lumanita\/\" \/>\n<meta property=\"og:locale\" content=\"it_IT\" \/>\n<meta property=\"og:type\" content=\"article\" \/>\n<meta property=\"og:title\" content=\"L\u2019Assemblea Ecclesiale esempio per la Chiesa e per l\u2019umanit\u00e0 &#8211; Exaudi\" \/>\n<meta property=\"og:description\" content=\"Intervista allo scrittore Ivereigh sull&#039;Assemblea Ecclesiale dell&#039;America Latina e sul libro scritto col Papa &quot;Sogniamo insieme&quot;\" \/>\n<meta property=\"og:url\" content=\"https:\/\/exaudi.org\/it\/l-assemblea-ecclesiale-esempio-per-la-chiesa-e-per-lumanita\/\" \/>\n<meta property=\"og:site_name\" content=\"Exaudi\" \/>\n<meta property=\"article:publisher\" content=\"https:\/\/www.facebook.com\/ExaudiNews\" \/>\n<meta property=\"article:published_time\" content=\"2022-01-04T06:30:50+00:00\" \/>\n<meta property=\"og:image\" content=\"https:\/\/exaudi.org\/wp-content\/uploads\/2022\/01\/Ivereigh.jpg\" \/>\n\t<meta property=\"og:image:width\" content=\"2184\" \/>\n\t<meta property=\"og:image:height\" content=\"1378\" \/>\n\t<meta property=\"og:image:type\" content=\"image\/jpeg\" \/>\n<meta name=\"author\" content=\"Enrique Soros\" \/>\n<meta name=\"twitter:card\" content=\"summary_large_image\" \/>\n<meta name=\"twitter:creator\" content=\"@Exaudi_News\" \/>\n<meta name=\"twitter:site\" content=\"@Exaudi_News\" \/>\n<meta name=\"twitter:label1\" content=\"Scritto da\" \/>\n\t<meta name=\"twitter:data1\" content=\"Enrique Soros\" \/>\n\t<meta name=\"twitter:label2\" content=\"Tempo di lettura stimato\" \/>\n\t<meta name=\"twitter:data2\" content=\"6 minuti\" \/>\n<script type=\"application\/ld+json\" class=\"yoast-schema-graph\">{\"@context\":\"https:\\\/\\\/schema.org\",\"@graph\":[{\"@type\":\"Article\",\"@id\":\"https:\\\/\\\/exaudi.org\\\/it\\\/l-assemblea-ecclesiale-esempio-per-la-chiesa-e-per-lumanita\\\/#article\",\"isPartOf\":{\"@id\":\"https:\\\/\\\/exaudi.org\\\/it\\\/l-assemblea-ecclesiale-esempio-per-la-chiesa-e-per-lumanita\\\/\"},\"author\":{\"name\":\"Enrique Soros\",\"@id\":\"https:\\\/\\\/exaudi.org\\\/#\\\/schema\\\/person\\\/b562feb21279ee01cdb5c8cd58ac4e33\"},\"headline\":\"L\u2019Assemblea Ecclesiale esempio per la Chiesa e per l\u2019umanit\u00e0\",\"datePublished\":\"2022-01-04T06:30:50+00:00\",\"mainEntityOfPage\":{\"@id\":\"https:\\\/\\\/exaudi.org\\\/it\\\/l-assemblea-ecclesiale-esempio-per-la-chiesa-e-per-lumanita\\\/\"},\"wordCount\":1110,\"image\":{\"@id\":\"https:\\\/\\\/exaudi.org\\\/it\\\/l-assemblea-ecclesiale-esempio-per-la-chiesa-e-per-lumanita\\\/#primaryimage\"},\"thumbnailUrl\":\"https:\\\/\\\/exaudi.org\\\/wp-content\\\/uploads\\\/2022\\\/01\\\/Ivereigh.jpg\",\"keywords\":[\"Featured\",\"sinodalit\u00e0\"],\"articleSection\":[\"Interviste\"],\"inLanguage\":\"it-IT\"},{\"@type\":\"WebPage\",\"@id\":\"https:\\\/\\\/exaudi.org\\\/it\\\/l-assemblea-ecclesiale-esempio-per-la-chiesa-e-per-lumanita\\\/\",\"url\":\"https:\\\/\\\/exaudi.org\\\/it\\\/l-assemblea-ecclesiale-esempio-per-la-chiesa-e-per-lumanita\\\/\",\"name\":\"L\u2019Assemblea Ecclesiale esempio per la Chiesa e per l\u2019umanit\u00e0 &#8211; Exaudi\",\"isPartOf\":{\"@id\":\"https:\\\/\\\/exaudi.org\\\/#website\"},\"primaryImageOfPage\":{\"@id\":\"https:\\\/\\\/exaudi.org\\\/it\\\/l-assemblea-ecclesiale-esempio-per-la-chiesa-e-per-lumanita\\\/#primaryimage\"},\"image\":{\"@id\":\"https:\\\/\\\/exaudi.org\\\/it\\\/l-assemblea-ecclesiale-esempio-per-la-chiesa-e-per-lumanita\\\/#primaryimage\"},\"thumbnailUrl\":\"https:\\\/\\\/exaudi.org\\\/wp-content\\\/uploads\\\/2022\\\/01\\\/Ivereigh.jpg\",\"datePublished\":\"2022-01-04T06:30:50+00:00\",\"author\":{\"@id\":\"https:\\\/\\\/exaudi.org\\\/#\\\/schema\\\/person\\\/b562feb21279ee01cdb5c8cd58ac4e33\"},\"description\":\"Intervista allo scrittore Ivereigh sull'Assemblea Ecclesiale dell'America Latina e sul libro scritto col Papa \\\"Sogniamo insieme\\\"\",\"breadcrumb\":{\"@id\":\"https:\\\/\\\/exaudi.org\\\/it\\\/l-assemblea-ecclesiale-esempio-per-la-chiesa-e-per-lumanita\\\/#breadcrumb\"},\"inLanguage\":\"it-IT\",\"potentialAction\":[{\"@type\":\"ReadAction\",\"target\":[\"https:\\\/\\\/exaudi.org\\\/it\\\/l-assemblea-ecclesiale-esempio-per-la-chiesa-e-per-lumanita\\\/\"]}]},{\"@type\":\"ImageObject\",\"inLanguage\":\"it-IT\",\"@id\":\"https:\\\/\\\/exaudi.org\\\/it\\\/l-assemblea-ecclesiale-esempio-per-la-chiesa-e-per-lumanita\\\/#primaryimage\",\"url\":\"https:\\\/\\\/exaudi.org\\\/wp-content\\\/uploads\\\/2022\\\/01\\\/Ivereigh.jpg\",\"contentUrl\":\"https:\\\/\\\/exaudi.org\\\/wp-content\\\/uploads\\\/2022\\\/01\\\/Ivereigh.jpg\",\"width\":2184,\"height\":1378,\"caption\":\"Austen Ivereigh\"},{\"@type\":\"BreadcrumbList\",\"@id\":\"https:\\\/\\\/exaudi.org\\\/it\\\/l-assemblea-ecclesiale-esempio-per-la-chiesa-e-per-lumanita\\\/#breadcrumb\",\"itemListElement\":[{\"@type\":\"ListItem\",\"position\":1,\"name\":\"Portada\",\"item\":\"https:\\\/\\\/exaudi.org\\\/it\\\/\"},{\"@type\":\"ListItem\",\"position\":2,\"name\":\"L\u2019Assemblea Ecclesiale esempio per la Chiesa e per l\u2019umanit\u00e0\"}]},{\"@type\":\"WebSite\",\"@id\":\"https:\\\/\\\/exaudi.org\\\/#website\",\"url\":\"https:\\\/\\\/exaudi.org\\\/\",\"name\":\"Exaudi\",\"description\":\"News\",\"potentialAction\":[{\"@type\":\"SearchAction\",\"target\":{\"@type\":\"EntryPoint\",\"urlTemplate\":\"https:\\\/\\\/exaudi.org\\\/?s={search_term_string}\"},\"query-input\":{\"@type\":\"PropertyValueSpecification\",\"valueRequired\":true,\"valueName\":\"search_term_string\"}}],\"inLanguage\":\"it-IT\"},{\"@type\":\"Person\",\"@id\":\"https:\\\/\\\/exaudi.org\\\/#\\\/schema\\\/person\\\/b562feb21279ee01cdb5c8cd58ac4e33\",\"name\":\"Enrique Soros\",\"image\":{\"@type\":\"ImageObject\",\"inLanguage\":\"it-IT\",\"@id\":\"https:\\\/\\\/secure.gravatar.com\\\/avatar\\\/909c464715f2daa91ebbef733cea12657b24a5ddb7284bf9b3bb3911d874bb9e?s=96&d=mm&r=g\",\"url\":\"https:\\\/\\\/secure.gravatar.com\\\/avatar\\\/909c464715f2daa91ebbef733cea12657b24a5ddb7284bf9b3bb3911d874bb9e?s=96&d=mm&r=g\",\"contentUrl\":\"https:\\\/\\\/secure.gravatar.com\\\/avatar\\\/909c464715f2daa91ebbef733cea12657b24a5ddb7284bf9b3bb3911d874bb9e?s=96&d=mm&r=g\",\"caption\":\"Enrique Soros\"},\"description\":\"Argentino. Reside desde hace 27 a\u00f1os en Washington, DC, Estados Unidos, con su esposa Erica, con quien tiene un hijo, Mart\u00edn, de 21 a\u00f1os. Es comunicador social, escritor, traductor p\u00fablico. Act\u00faa como agente pastoral y comunicacional en Estados Unidos, donde es vicepresidente del Consejo Nacional Cat\u00f3lico para el Ministerio Hispano -NCCHM, por sus siglas en ingl\u00e9s-, que tiene como misi\u00f3n la promoci\u00f3n y el trabajo com\u00fan de las fuerzas pastorales hispanas en el pa\u00eds. Participa en proyectos pastorales y comunicacionales en Latinoam\u00e9rica y desde 2012 colabora con el CELAM, Consejo Episcopal Latinoamericano en esfuerzos de integraci\u00f3n pastoral entre dicha instituci\u00f3n y la Iglesia en los Estados Unidos.\",\"url\":\"https:\\\/\\\/exaudi.org\\\/it\\\/author\\\/enriquesoros\\\/\"}]}<\/script>\n<!-- \/ Yoast SEO plugin. -->","yoast_head_json":{"title":"L\u2019Assemblea Ecclesiale esempio per la Chiesa e per l\u2019umanit\u00e0 &#8211; Exaudi","description":"Intervista allo scrittore Ivereigh sull'Assemblea Ecclesiale dell'America Latina e sul libro scritto col Papa \"Sogniamo insieme\"","robots":{"index":"index","follow":"follow","max-snippet":"max-snippet:-1","max-image-preview":"max-image-preview:large","max-video-preview":"max-video-preview:-1"},"canonical":"https:\/\/exaudi.org\/it\/l-assemblea-ecclesiale-esempio-per-la-chiesa-e-per-lumanita\/","og_locale":"it_IT","og_type":"article","og_title":"L\u2019Assemblea Ecclesiale esempio per la Chiesa e per l\u2019umanit\u00e0 &#8211; Exaudi","og_description":"Intervista allo scrittore Ivereigh sull'Assemblea Ecclesiale dell'America Latina e sul libro scritto col Papa \"Sogniamo insieme\"","og_url":"https:\/\/exaudi.org\/it\/l-assemblea-ecclesiale-esempio-per-la-chiesa-e-per-lumanita\/","og_site_name":"Exaudi","article_publisher":"https:\/\/www.facebook.com\/ExaudiNews","article_published_time":"2022-01-04T06:30:50+00:00","og_image":[{"width":2184,"height":1378,"url":"https:\/\/exaudi.org\/wp-content\/uploads\/2022\/01\/Ivereigh.jpg","type":"image\/jpeg"}],"author":"Enrique Soros","twitter_card":"summary_large_image","twitter_creator":"@Exaudi_News","twitter_site":"@Exaudi_News","twitter_misc":{"Scritto da":"Enrique Soros","Tempo di lettura stimato":"6 minuti"},"schema":{"@context":"https:\/\/schema.org","@graph":[{"@type":"Article","@id":"https:\/\/exaudi.org\/it\/l-assemblea-ecclesiale-esempio-per-la-chiesa-e-per-lumanita\/#article","isPartOf":{"@id":"https:\/\/exaudi.org\/it\/l-assemblea-ecclesiale-esempio-per-la-chiesa-e-per-lumanita\/"},"author":{"name":"Enrique Soros","@id":"https:\/\/exaudi.org\/#\/schema\/person\/b562feb21279ee01cdb5c8cd58ac4e33"},"headline":"L\u2019Assemblea Ecclesiale esempio per la Chiesa e per l\u2019umanit\u00e0","datePublished":"2022-01-04T06:30:50+00:00","mainEntityOfPage":{"@id":"https:\/\/exaudi.org\/it\/l-assemblea-ecclesiale-esempio-per-la-chiesa-e-per-lumanita\/"},"wordCount":1110,"image":{"@id":"https:\/\/exaudi.org\/it\/l-assemblea-ecclesiale-esempio-per-la-chiesa-e-per-lumanita\/#primaryimage"},"thumbnailUrl":"https:\/\/exaudi.org\/wp-content\/uploads\/2022\/01\/Ivereigh.jpg","keywords":["Featured","sinodalit\u00e0"],"articleSection":["Interviste"],"inLanguage":"it-IT"},{"@type":"WebPage","@id":"https:\/\/exaudi.org\/it\/l-assemblea-ecclesiale-esempio-per-la-chiesa-e-per-lumanita\/","url":"https:\/\/exaudi.org\/it\/l-assemblea-ecclesiale-esempio-per-la-chiesa-e-per-lumanita\/","name":"L\u2019Assemblea Ecclesiale esempio per la Chiesa e per l\u2019umanit\u00e0 &#8211; Exaudi","isPartOf":{"@id":"https:\/\/exaudi.org\/#website"},"primaryImageOfPage":{"@id":"https:\/\/exaudi.org\/it\/l-assemblea-ecclesiale-esempio-per-la-chiesa-e-per-lumanita\/#primaryimage"},"image":{"@id":"https:\/\/exaudi.org\/it\/l-assemblea-ecclesiale-esempio-per-la-chiesa-e-per-lumanita\/#primaryimage"},"thumbnailUrl":"https:\/\/exaudi.org\/wp-content\/uploads\/2022\/01\/Ivereigh.jpg","datePublished":"2022-01-04T06:30:50+00:00","author":{"@id":"https:\/\/exaudi.org\/#\/schema\/person\/b562feb21279ee01cdb5c8cd58ac4e33"},"description":"Intervista allo scrittore Ivereigh sull'Assemblea Ecclesiale dell'America Latina e sul libro scritto col Papa \"Sogniamo insieme\"","breadcrumb":{"@id":"https:\/\/exaudi.org\/it\/l-assemblea-ecclesiale-esempio-per-la-chiesa-e-per-lumanita\/#breadcrumb"},"inLanguage":"it-IT","potentialAction":[{"@type":"ReadAction","target":["https:\/\/exaudi.org\/it\/l-assemblea-ecclesiale-esempio-per-la-chiesa-e-per-lumanita\/"]}]},{"@type":"ImageObject","inLanguage":"it-IT","@id":"https:\/\/exaudi.org\/it\/l-assemblea-ecclesiale-esempio-per-la-chiesa-e-per-lumanita\/#primaryimage","url":"https:\/\/exaudi.org\/wp-content\/uploads\/2022\/01\/Ivereigh.jpg","contentUrl":"https:\/\/exaudi.org\/wp-content\/uploads\/2022\/01\/Ivereigh.jpg","width":2184,"height":1378,"caption":"Austen Ivereigh"},{"@type":"BreadcrumbList","@id":"https:\/\/exaudi.org\/it\/l-assemblea-ecclesiale-esempio-per-la-chiesa-e-per-lumanita\/#breadcrumb","itemListElement":[{"@type":"ListItem","position":1,"name":"Portada","item":"https:\/\/exaudi.org\/it\/"},{"@type":"ListItem","position":2,"name":"L\u2019Assemblea Ecclesiale esempio per la Chiesa e per l\u2019umanit\u00e0"}]},{"@type":"WebSite","@id":"https:\/\/exaudi.org\/#website","url":"https:\/\/exaudi.org\/","name":"Exaudi","description":"News","potentialAction":[{"@type":"SearchAction","target":{"@type":"EntryPoint","urlTemplate":"https:\/\/exaudi.org\/?s={search_term_string}"},"query-input":{"@type":"PropertyValueSpecification","valueRequired":true,"valueName":"search_term_string"}}],"inLanguage":"it-IT"},{"@type":"Person","@id":"https:\/\/exaudi.org\/#\/schema\/person\/b562feb21279ee01cdb5c8cd58ac4e33","name":"Enrique Soros","image":{"@type":"ImageObject","inLanguage":"it-IT","@id":"https:\/\/secure.gravatar.com\/avatar\/909c464715f2daa91ebbef733cea12657b24a5ddb7284bf9b3bb3911d874bb9e?s=96&d=mm&r=g","url":"https:\/\/secure.gravatar.com\/avatar\/909c464715f2daa91ebbef733cea12657b24a5ddb7284bf9b3bb3911d874bb9e?s=96&d=mm&r=g","contentUrl":"https:\/\/secure.gravatar.com\/avatar\/909c464715f2daa91ebbef733cea12657b24a5ddb7284bf9b3bb3911d874bb9e?s=96&d=mm&r=g","caption":"Enrique Soros"},"description":"Argentino. Reside desde hace 27 a\u00f1os en Washington, DC, Estados Unidos, con su esposa Erica, con quien tiene un hijo, Mart\u00edn, de 21 a\u00f1os. Es comunicador social, escritor, traductor p\u00fablico. Act\u00faa como agente pastoral y comunicacional en Estados Unidos, donde es vicepresidente del Consejo Nacional Cat\u00f3lico para el Ministerio Hispano -NCCHM, por sus siglas en ingl\u00e9s-, que tiene como misi\u00f3n la promoci\u00f3n y el trabajo com\u00fan de las fuerzas pastorales hispanas en el pa\u00eds. Participa en proyectos pastorales y comunicacionales en Latinoam\u00e9rica y desde 2012 colabora con el CELAM, Consejo Episcopal Latinoamericano en esfuerzos de integraci\u00f3n pastoral entre dicha instituci\u00f3n y la Iglesia en los Estados Unidos.","url":"https:\/\/exaudi.org\/it\/author\/enriquesoros\/"}]}},"jetpack_featured_media_url":"https:\/\/exaudi.org\/wp-content\/uploads\/2022\/01\/Ivereigh.jpg","jetpack_shortlink":"https:\/\/wp.me\/pgKjF2-ct1","_links":{"self":[{"href":"https:\/\/exaudi.org\/it\/wp-json\/wp\/v2\/posts\/47927","targetHints":{"allow":["GET"]}}],"collection":[{"href":"https:\/\/exaudi.org\/it\/wp-json\/wp\/v2\/posts"}],"about":[{"href":"https:\/\/exaudi.org\/it\/wp-json\/wp\/v2\/types\/post"}],"author":[{"embeddable":true,"href":"https:\/\/exaudi.org\/it\/wp-json\/wp\/v2\/users\/41"}],"replies":[{"embeddable":true,"href":"https:\/\/exaudi.org\/it\/wp-json\/wp\/v2\/comments?post=47927"}],"version-history":[{"count":0,"href":"https:\/\/exaudi.org\/it\/wp-json\/wp\/v2\/posts\/47927\/revisions"}],"wp:featuredmedia":[{"embeddable":true,"href":"https:\/\/exaudi.org\/it\/wp-json\/wp\/v2\/media\/47932"}],"wp:attachment":[{"href":"https:\/\/exaudi.org\/it\/wp-json\/wp\/v2\/media?parent=47927"}],"wp:term":[{"taxonomy":"category","embeddable":true,"href":"https:\/\/exaudi.org\/it\/wp-json\/wp\/v2\/categories?post=47927"},{"taxonomy":"post_tag","embeddable":true,"href":"https:\/\/exaudi.org\/it\/wp-json\/wp\/v2\/tags?post=47927"}],"curies":[{"name":"wp","href":"https:\/\/api.w.org\/{rel}","templated":true}]}}