{"id":47847,"date":"2022-01-02T14:44:26","date_gmt":"2022-01-02T13:44:26","guid":{"rendered":"https:\/\/exaudi.org\/?p=47847"},"modified":"2022-01-02T14:44:26","modified_gmt":"2022-01-02T13:44:26","slug":"angelus-dio-e-venuto-per-guarirci-non-si-spaventa-dei-nostri-peccati","status":"publish","type":"post","link":"https:\/\/exaudi.org\/it\/angelus-dio-e-venuto-per-guarirci-non-si-spaventa-dei-nostri-peccati\/","title":{"rendered":"Angelus, &#8220;Dio \u00e8 venuto per guarirci, non si spaventa dei nostri peccati&#8221;"},"content":{"rendered":"<p>&#8220;Di fronte alla nostra fragilit\u00e0, il Signore non si tira indietro&#8221;. Lo ha ricordato Papa Francesco all&#8217;Angelus odierno in Piazza San Pietro, commentando il Vangelo del Giorno: &#8220;Il Verbo si fece carne e venne ad abitare in mezzo a noi&#8221;. Eppure siamo spesso noi stessi a respingere la presenza di Dio, ad allontanarlo da aspetti della nostra vita nei quali &#8211; spiega il Pontefice &#8211; &#8220;non vogliamo mettere Dio in mezzo&#8221;. L&#8217;invito \u00e8 a superare queste resistenze senza paura, perch\u00e9 &#8220;Dio ama abitare nella nostra stalla&#8221;.<\/p>\n<p>&nbsp;<\/p>\n<p><em><strong><a href=\"https:\/\/www.vatican.va\/content\/francesco\/it\/angelus\/2022\/documents\/20220102-angelus.html\" target=\"_blank\" rel=\"noopener\">Ecco le parole di Papa Francesco:<\/a><\/strong><\/em><\/p>\n<p>Cari fratelli e sorelle, buongiorno!<\/p>\n<p>Il Vangelo della Liturgia odierna ci offre una frase bellissima, che preghiamo sempre all\u2019<i>Angelus<\/i>\u00a0e che da sola ci rivela il senso del Natale: \u00abIl Verbo si fece carne e venne ad abitare in mezzo a noi\u00bb (<i>Gv<\/i>\u00a01,14). Queste parole, se ci pensiamo, contengono un paradosso. Mettono insieme due realt\u00e0 opposte: il\u00a0<i>Verbo<\/i>\u00a0e la\u00a0<i>carne<\/i>. \u201cVerbo\u201d indica che Ges\u00f9 \u00e8 la Parola eterna del Padre, Parola infinita, che esiste da sempre, prima di tutte le cose create; \u201ccarne\u201d indica invece proprio la nostra realt\u00e0, realt\u00e0 creata, fragile, limitata, mortale. Prima di Ges\u00f9 erano due mondi separati: il Cielo opposto alla terra, l\u2019infinito opposto al finito, lo spirito opposto alla materia. E c\u2019\u00e8 un\u2019altra opposizione nel Prologo del Vangelo di Giovanni, un altro binomio:\u00a0<i>luce<\/i>\u00a0e\u00a0<i>tenebre\u00a0<\/i>(cfr v. 5). Ges\u00f9 \u00e8 la luce di Dio entrata nelle tenebre del mondo. Luce e tenebre. Dio \u00e8 luce: in Lui non c\u2019\u00e8 opacit\u00e0; in noi, invece, ci sono molte oscurit\u00e0. Ora, con Ges\u00f9, si incontrano Luce e tenebre: santit\u00e0 e colpa, grazia e peccato. Ges\u00f9, l\u2019incarnazione di Ges\u00f9 \u00e8 proprio il luogo dell\u2019incontro, dell\u2019incontro tra Dio e gli uomini, l\u2019incontro tra la grazia e il peccato.<\/p>\n<h2>Il Signore non si stanca di cercarci<\/h2>\n<p>Che cosa vuole annunciare il Vangelo con queste polarit\u00e0? Una cosa splendida: il modo di agire di Dio. Di fronte alla nostra fragilit\u00e0, il Signore non si tira indietro. Non rimane nella sua eternit\u00e0 beata e nella sua luce infinita, ma si fa vicino, si fa carne, si cala nelle tenebre, abita terre a Lui estranee. E perch\u00e9 fa questo Dio? Perch\u00e9 scende da noi? Lo fa perch\u00e9 non si rassegna al fatto che noi possiamo smarrirci andando lontani da Lui, lontani dall\u2019eternit\u00e0, lontani dalla luce. Ecco l\u2019opera di Dio:\u00a0<i>venire in mezzo a noi<\/i>. Se noi ci riteniamo indegni, questo non lo ferma, Lui viene. Se lo rifiutiamo, non si stanca di cercarci. Se non siamo pronti e ben disposti ad accoglierlo, preferisce comunque venire. E se noi gli chiudiamo la porta in faccia, Lui aspetta. \u00c8 proprio il Buon Pastore. E l\u2019immagine pi\u00f9 bella del Buon Pastore? Il Verbo che si fa carne per condividere la nostra vita. Ges\u00f9 \u00e8 il Buon Pastore che viene a cercarci l\u00ec dove noi siamo: nei nostri problemi, nella nostra miseria. L\u00ec viene Lui. Cari fratelli e sorelle, spesso ci teniamo a distanza da Dio perch\u00e9 pensiamo di non essere degni di Lui per altri motivi. Ed \u00e8 vero. Ma il Natale ci invita a vedere le cose\u00a0<i>dal suo punto di vista<\/i>. Dio desidera incarnarsi. Se il tuo cuore ti sembra troppo inquinato dal male, ti sembra disordinato, per favore, non chiuderti, non avere paura: Lui viene. Pensa alla stalla di Betlemme. Ges\u00f9 \u00e8 nato l\u00ec, in quella povert\u00e0, per dirti che non teme certo di visitare il tuo cuore, di abitare una vita trasandata. \u00c8 questa la parola:\u00a0<i>abitare<\/i>.\u00a0<i>Abitare\u00a0<\/i>\u00e8 il verbo che usa oggi il Vangelo per significare questa realt\u00e0: esprime una condivisione totale, una grande intimit\u00e0. E questo Dio vuole: vuole abitare\u00a0<i>con<\/i>\u00a0noi, vuole abitare\u00a0<i>in<\/i>\u00a0noi, non rimanere lontano.<\/p>\n<h2>Siamo coraggiosi con Dio<\/h2>\n<p>E mi domando, a me, a voi e a tutti: noi, vogliamo fargli spazio? A parole s\u00ec; nessuno dir\u00e0: \u201cIo no\u201d; s\u00ec. Ma concretamente? Magari ci sono degli aspetti della vita che teniamo per noi, esclusivi, o dei luoghi interiori nei quali abbiamo paura che il Vangelo entri, dove non vogliamo mettere Dio in mezzo. Oggi vi invito alla concretezza. Quali sono le cose interiori che io credo che a Dio non piacciano? Qual \u00e8 lo spazio che tengo soltanto per me e non voglio che l\u00ec Dio venga? Ognuno di noi sia concreto e rispondiamo a questo. \u201cS\u00ec, s\u00ec, io vorrei che Ges\u00f9 venisse, ma questo che non lo tocchi; e questo no, e questo\u2026\u201d. Ognuno ha il proprio peccato \u2013 chiamiamolo per nome \u2013 e Lui non si spaventa dei nostri peccati: \u00e8 venuto per guarirci. Almeno facciamoglielo vedere, che Lui veda il peccato. Siamo coraggiosi, diciamo: \u201cSignore, io sono in questa situazione, non voglio cambiare. Ma tu, per favore, non allontanarti troppo\u201d. Bella preghiera, questa. Siamo sinceri oggi.<\/p>\n<p>In questi giorni natalizi ci far\u00e0 bene accogliere il Signore proprio l\u00ec. Come? Ad esempio sostando davanti al presepe, perch\u00e9 esso mostra Ges\u00f9 che viene ad abitare tutta la nostra vita concreta, ordinaria, dove non va tutto bene, ci sono tanti problemi \u2013 alcuni per colpa nostra, altri per colpa degli altri \u2013 e Ges\u00f9 viene. Vediamo l\u00ec i pastori che lavorano duramente, Erode che minaccia gli innocenti, una grande povert\u00e0\u2026 Ma in mezzo a tutto questo, in mezzo a tanti problemi \u2013 e anche in mezzo ai nostri problemi \u2013 c\u2019\u00e8 Dio, c\u2019\u00e8 Dio che vuole abitare con noi. E attende che gli presentiamo le nostre situazioni, quello che viviamo. Allora, davanti al presepe, parliamo a Ges\u00f9 delle nostre vicende concrete. <i>Invitiamolo ufficialmente<\/i>\u00a0nella nostra vita, soprattutto nelle zone oscure: \u201cGuarda, Signore, che l\u00ec non c\u2019\u00e8 luce, l\u00ec l\u2019elettricit\u00e0 non arriva, ma per favore non toccare, perch\u00e9 non me la sento di lasciare questa situazione\u201d. Parlare con chiarezza, concretezza. Le zone oscure, le nostre \u201cstalle interiori\u201d: ognuno di noi ne ha. E raccontiamogli senza paura anche i problemi sociali, i problemi ecclesiali del nostro tempo; i problemi personali, anche i pi\u00f9 brutti: Dio ama abitare nella nostra stalla.<\/p>\n<p>La Madre di Dio, nella quale il Verbo si \u00e8 fatto carne, ci aiuti a coltivare un\u2019intimit\u00e0 maggiore con il Signore.<\/p>\n","protected":false},"excerpt":{"rendered":"<p>&#8220;Di fronte alla nostra fragilit\u00e0, il Signore non si tira indietro&#8221;. Lo ha ricordato Papa Francesco all&#8217;Angelus odierno in Piazza San Pietro, commentando il Vangelo del Giorno: &#8220;Il Verbo si fece carne e venne ad abitare in mezzo a noi&#8221;. Eppure siamo spesso noi stessi a respingere la presenza di Dio, ad allontanarlo da aspetti [&hellip;]<\/p>\n","protected":false},"author":92,"featured_media":47854,"comment_status":"closed","ping_status":"closed","sticky":false,"template":"","format":"standard","meta":{"_acf_changed":false,"_crdt_document":"","inline_featured_image":false,"footnotes":""},"categories":[67],"tags":[250,2487,251],"class_list":["post-47847","post","type-post","status-publish","format-standard","has-post-thumbnail","hentry","category-leone-xiv","tag-angelus-it","tag-featured-3","tag-papa-francesco"],"acf":[],"yoast_head":"<!-- This site is optimized with the Yoast SEO plugin v27.5 - https:\/\/yoast.com\/product\/yoast-seo-wordpress\/ -->\n<title>Angelus, &quot;Dio \u00e8 venuto per guarirci, non si spaventa dei nostri peccati&quot; &#8211; Exaudi<\/title>\n<meta name=\"description\" content=\"Papa Francesco all&#039;Angelus ha commentato le parole del Vangelo: &quot;Il Verbo si fece carne e venne ad abitare in mezzo a noi&quot;.\" \/>\n<meta name=\"robots\" content=\"index, follow, max-snippet:-1, max-image-preview:large, max-video-preview:-1\" \/>\n<link rel=\"canonical\" href=\"https:\/\/exaudi.org\/it\/angelus-dio-e-venuto-per-guarirci-non-si-spaventa-dei-nostri-peccati\/\" \/>\n<meta property=\"og:locale\" content=\"it_IT\" \/>\n<meta property=\"og:type\" content=\"article\" \/>\n<meta property=\"og:title\" content=\"Angelus, &quot;Dio \u00e8 venuto per guarirci, non si spaventa dei nostri peccati&quot; &#8211; Exaudi\" \/>\n<meta property=\"og:description\" content=\"Papa Francesco all&#039;Angelus ha commentato le parole del Vangelo: &quot;Il Verbo si fece carne e venne ad abitare in mezzo a noi&quot;.\" \/>\n<meta property=\"og:url\" content=\"https:\/\/exaudi.org\/it\/angelus-dio-e-venuto-per-guarirci-non-si-spaventa-dei-nostri-peccati\/\" \/>\n<meta property=\"og:site_name\" content=\"Exaudi\" \/>\n<meta property=\"article:publisher\" content=\"https:\/\/www.facebook.com\/ExaudiNews\" \/>\n<meta property=\"article:published_time\" content=\"2022-01-02T13:44:26+00:00\" \/>\n<meta property=\"og:image\" content=\"https:\/\/exaudi.org\/wp-content\/uploads\/2022\/01\/cq5dam.thumbnail.cropped.750.422.jpeg\" \/>\n\t<meta property=\"og:image:width\" content=\"750\" \/>\n\t<meta property=\"og:image:height\" content=\"422\" \/>\n\t<meta property=\"og:image:type\" content=\"image\/jpeg\" \/>\n<meta name=\"author\" content=\"Federico Cenci\" \/>\n<meta name=\"twitter:card\" content=\"summary_large_image\" \/>\n<meta name=\"twitter:creator\" content=\"@Exaudi_News\" \/>\n<meta name=\"twitter:site\" content=\"@Exaudi_News\" \/>\n<meta name=\"twitter:label1\" content=\"Scritto da\" \/>\n\t<meta name=\"twitter:data1\" content=\"Federico Cenci\" \/>\n\t<meta name=\"twitter:label2\" content=\"Tempo di lettura stimato\" \/>\n\t<meta name=\"twitter:data2\" content=\"5 minuti\" \/>\n<script type=\"application\/ld+json\" class=\"yoast-schema-graph\">{\"@context\":\"https:\\\/\\\/schema.org\",\"@graph\":[{\"@type\":\"Article\",\"@id\":\"https:\\\/\\\/exaudi.org\\\/it\\\/angelus-dio-e-venuto-per-guarirci-non-si-spaventa-dei-nostri-peccati\\\/#article\",\"isPartOf\":{\"@id\":\"https:\\\/\\\/exaudi.org\\\/it\\\/angelus-dio-e-venuto-per-guarirci-non-si-spaventa-dei-nostri-peccati\\\/\"},\"author\":{\"name\":\"Federico Cenci\",\"@id\":\"https:\\\/\\\/exaudi.org\\\/#\\\/schema\\\/person\\\/9dff50a782978e4538a59610667e2b74\"},\"headline\":\"Angelus, &#8220;Dio \u00e8 venuto per guarirci, non si spaventa dei nostri peccati&#8221;\",\"datePublished\":\"2022-01-02T13:44:26+00:00\",\"mainEntityOfPage\":{\"@id\":\"https:\\\/\\\/exaudi.org\\\/it\\\/angelus-dio-e-venuto-per-guarirci-non-si-spaventa-dei-nostri-peccati\\\/\"},\"wordCount\":1013,\"image\":{\"@id\":\"https:\\\/\\\/exaudi.org\\\/it\\\/angelus-dio-e-venuto-per-guarirci-non-si-spaventa-dei-nostri-peccati\\\/#primaryimage\"},\"thumbnailUrl\":\"https:\\\/\\\/exaudi.org\\\/wp-content\\\/uploads\\\/2022\\\/01\\\/cq5dam.thumbnail.cropped.750.422.jpeg\",\"keywords\":[\"\u00e1ngelus\",\"Featured\",\"Papa Francesco\"],\"articleSection\":[\"Leone XIV\"],\"inLanguage\":\"it-IT\"},{\"@type\":\"WebPage\",\"@id\":\"https:\\\/\\\/exaudi.org\\\/it\\\/angelus-dio-e-venuto-per-guarirci-non-si-spaventa-dei-nostri-peccati\\\/\",\"url\":\"https:\\\/\\\/exaudi.org\\\/it\\\/angelus-dio-e-venuto-per-guarirci-non-si-spaventa-dei-nostri-peccati\\\/\",\"name\":\"Angelus, \\\"Dio \u00e8 venuto per guarirci, non si spaventa dei nostri peccati\\\" &#8211; Exaudi\",\"isPartOf\":{\"@id\":\"https:\\\/\\\/exaudi.org\\\/#website\"},\"primaryImageOfPage\":{\"@id\":\"https:\\\/\\\/exaudi.org\\\/it\\\/angelus-dio-e-venuto-per-guarirci-non-si-spaventa-dei-nostri-peccati\\\/#primaryimage\"},\"image\":{\"@id\":\"https:\\\/\\\/exaudi.org\\\/it\\\/angelus-dio-e-venuto-per-guarirci-non-si-spaventa-dei-nostri-peccati\\\/#primaryimage\"},\"thumbnailUrl\":\"https:\\\/\\\/exaudi.org\\\/wp-content\\\/uploads\\\/2022\\\/01\\\/cq5dam.thumbnail.cropped.750.422.jpeg\",\"datePublished\":\"2022-01-02T13:44:26+00:00\",\"author\":{\"@id\":\"https:\\\/\\\/exaudi.org\\\/#\\\/schema\\\/person\\\/9dff50a782978e4538a59610667e2b74\"},\"description\":\"Papa Francesco all'Angelus ha commentato le parole del Vangelo: \\\"Il Verbo si fece carne e venne ad abitare in mezzo a noi\\\".\",\"breadcrumb\":{\"@id\":\"https:\\\/\\\/exaudi.org\\\/it\\\/angelus-dio-e-venuto-per-guarirci-non-si-spaventa-dei-nostri-peccati\\\/#breadcrumb\"},\"inLanguage\":\"it-IT\",\"potentialAction\":[{\"@type\":\"ReadAction\",\"target\":[\"https:\\\/\\\/exaudi.org\\\/it\\\/angelus-dio-e-venuto-per-guarirci-non-si-spaventa-dei-nostri-peccati\\\/\"]}]},{\"@type\":\"ImageObject\",\"inLanguage\":\"it-IT\",\"@id\":\"https:\\\/\\\/exaudi.org\\\/it\\\/angelus-dio-e-venuto-per-guarirci-non-si-spaventa-dei-nostri-peccati\\\/#primaryimage\",\"url\":\"https:\\\/\\\/exaudi.org\\\/wp-content\\\/uploads\\\/2022\\\/01\\\/cq5dam.thumbnail.cropped.750.422.jpeg\",\"contentUrl\":\"https:\\\/\\\/exaudi.org\\\/wp-content\\\/uploads\\\/2022\\\/01\\\/cq5dam.thumbnail.cropped.750.422.jpeg\",\"width\":750,\"height\":422,\"caption\":\"Angelus 2 gennaio 2022 \u00a9 Vatican Media\"},{\"@type\":\"BreadcrumbList\",\"@id\":\"https:\\\/\\\/exaudi.org\\\/it\\\/angelus-dio-e-venuto-per-guarirci-non-si-spaventa-dei-nostri-peccati\\\/#breadcrumb\",\"itemListElement\":[{\"@type\":\"ListItem\",\"position\":1,\"name\":\"Portada\",\"item\":\"https:\\\/\\\/exaudi.org\\\/it\\\/\"},{\"@type\":\"ListItem\",\"position\":2,\"name\":\"Angelus, &#8220;Dio \u00e8 venuto per guarirci, non si spaventa dei nostri peccati&#8221;\"}]},{\"@type\":\"WebSite\",\"@id\":\"https:\\\/\\\/exaudi.org\\\/#website\",\"url\":\"https:\\\/\\\/exaudi.org\\\/\",\"name\":\"Exaudi\",\"description\":\"News\",\"potentialAction\":[{\"@type\":\"SearchAction\",\"target\":{\"@type\":\"EntryPoint\",\"urlTemplate\":\"https:\\\/\\\/exaudi.org\\\/?s={search_term_string}\"},\"query-input\":{\"@type\":\"PropertyValueSpecification\",\"valueRequired\":true,\"valueName\":\"search_term_string\"}}],\"inLanguage\":\"it-IT\"},{\"@type\":\"Person\",\"@id\":\"https:\\\/\\\/exaudi.org\\\/#\\\/schema\\\/person\\\/9dff50a782978e4538a59610667e2b74\",\"name\":\"Federico Cenci\",\"image\":{\"@type\":\"ImageObject\",\"inLanguage\":\"it-IT\",\"@id\":\"https:\\\/\\\/secure.gravatar.com\\\/avatar\\\/535f77b8447d05f39d4ca941654f7a7b7d712f3d72f0b4b185747785f5a8e745?s=96&d=mm&r=g\",\"url\":\"https:\\\/\\\/secure.gravatar.com\\\/avatar\\\/535f77b8447d05f39d4ca941654f7a7b7d712f3d72f0b4b185747785f5a8e745?s=96&d=mm&r=g\",\"contentUrl\":\"https:\\\/\\\/secure.gravatar.com\\\/avatar\\\/535f77b8447d05f39d4ca941654f7a7b7d712f3d72f0b4b185747785f5a8e745?s=96&d=mm&r=g\",\"caption\":\"Federico Cenci\"},\"url\":\"https:\\\/\\\/exaudi.org\\\/it\\\/author\\\/fcenci\\\/\"}]}<\/script>\n<!-- \/ Yoast SEO plugin. -->","yoast_head_json":{"title":"Angelus, \"Dio \u00e8 venuto per guarirci, non si spaventa dei nostri peccati\" &#8211; Exaudi","description":"Papa Francesco all'Angelus ha commentato le parole del Vangelo: \"Il Verbo si fece carne e venne ad abitare in mezzo a noi\".","robots":{"index":"index","follow":"follow","max-snippet":"max-snippet:-1","max-image-preview":"max-image-preview:large","max-video-preview":"max-video-preview:-1"},"canonical":"https:\/\/exaudi.org\/it\/angelus-dio-e-venuto-per-guarirci-non-si-spaventa-dei-nostri-peccati\/","og_locale":"it_IT","og_type":"article","og_title":"Angelus, \"Dio \u00e8 venuto per guarirci, non si spaventa dei nostri peccati\" &#8211; Exaudi","og_description":"Papa Francesco all'Angelus ha commentato le parole del Vangelo: \"Il Verbo si fece carne e venne ad abitare in mezzo a noi\".","og_url":"https:\/\/exaudi.org\/it\/angelus-dio-e-venuto-per-guarirci-non-si-spaventa-dei-nostri-peccati\/","og_site_name":"Exaudi","article_publisher":"https:\/\/www.facebook.com\/ExaudiNews","article_published_time":"2022-01-02T13:44:26+00:00","og_image":[{"width":750,"height":422,"url":"https:\/\/exaudi.org\/wp-content\/uploads\/2022\/01\/cq5dam.thumbnail.cropped.750.422.jpeg","type":"image\/jpeg"}],"author":"Federico Cenci","twitter_card":"summary_large_image","twitter_creator":"@Exaudi_News","twitter_site":"@Exaudi_News","twitter_misc":{"Scritto da":"Federico Cenci","Tempo di lettura stimato":"5 minuti"},"schema":{"@context":"https:\/\/schema.org","@graph":[{"@type":"Article","@id":"https:\/\/exaudi.org\/it\/angelus-dio-e-venuto-per-guarirci-non-si-spaventa-dei-nostri-peccati\/#article","isPartOf":{"@id":"https:\/\/exaudi.org\/it\/angelus-dio-e-venuto-per-guarirci-non-si-spaventa-dei-nostri-peccati\/"},"author":{"name":"Federico Cenci","@id":"https:\/\/exaudi.org\/#\/schema\/person\/9dff50a782978e4538a59610667e2b74"},"headline":"Angelus, &#8220;Dio \u00e8 venuto per guarirci, non si spaventa dei nostri peccati&#8221;","datePublished":"2022-01-02T13:44:26+00:00","mainEntityOfPage":{"@id":"https:\/\/exaudi.org\/it\/angelus-dio-e-venuto-per-guarirci-non-si-spaventa-dei-nostri-peccati\/"},"wordCount":1013,"image":{"@id":"https:\/\/exaudi.org\/it\/angelus-dio-e-venuto-per-guarirci-non-si-spaventa-dei-nostri-peccati\/#primaryimage"},"thumbnailUrl":"https:\/\/exaudi.org\/wp-content\/uploads\/2022\/01\/cq5dam.thumbnail.cropped.750.422.jpeg","keywords":["\u00e1ngelus","Featured","Papa Francesco"],"articleSection":["Leone XIV"],"inLanguage":"it-IT"},{"@type":"WebPage","@id":"https:\/\/exaudi.org\/it\/angelus-dio-e-venuto-per-guarirci-non-si-spaventa-dei-nostri-peccati\/","url":"https:\/\/exaudi.org\/it\/angelus-dio-e-venuto-per-guarirci-non-si-spaventa-dei-nostri-peccati\/","name":"Angelus, \"Dio \u00e8 venuto per guarirci, non si spaventa dei nostri peccati\" &#8211; Exaudi","isPartOf":{"@id":"https:\/\/exaudi.org\/#website"},"primaryImageOfPage":{"@id":"https:\/\/exaudi.org\/it\/angelus-dio-e-venuto-per-guarirci-non-si-spaventa-dei-nostri-peccati\/#primaryimage"},"image":{"@id":"https:\/\/exaudi.org\/it\/angelus-dio-e-venuto-per-guarirci-non-si-spaventa-dei-nostri-peccati\/#primaryimage"},"thumbnailUrl":"https:\/\/exaudi.org\/wp-content\/uploads\/2022\/01\/cq5dam.thumbnail.cropped.750.422.jpeg","datePublished":"2022-01-02T13:44:26+00:00","author":{"@id":"https:\/\/exaudi.org\/#\/schema\/person\/9dff50a782978e4538a59610667e2b74"},"description":"Papa Francesco all'Angelus ha commentato le parole del Vangelo: \"Il Verbo si fece carne e venne ad abitare in mezzo a noi\".","breadcrumb":{"@id":"https:\/\/exaudi.org\/it\/angelus-dio-e-venuto-per-guarirci-non-si-spaventa-dei-nostri-peccati\/#breadcrumb"},"inLanguage":"it-IT","potentialAction":[{"@type":"ReadAction","target":["https:\/\/exaudi.org\/it\/angelus-dio-e-venuto-per-guarirci-non-si-spaventa-dei-nostri-peccati\/"]}]},{"@type":"ImageObject","inLanguage":"it-IT","@id":"https:\/\/exaudi.org\/it\/angelus-dio-e-venuto-per-guarirci-non-si-spaventa-dei-nostri-peccati\/#primaryimage","url":"https:\/\/exaudi.org\/wp-content\/uploads\/2022\/01\/cq5dam.thumbnail.cropped.750.422.jpeg","contentUrl":"https:\/\/exaudi.org\/wp-content\/uploads\/2022\/01\/cq5dam.thumbnail.cropped.750.422.jpeg","width":750,"height":422,"caption":"Angelus 2 gennaio 2022 \u00a9 Vatican Media"},{"@type":"BreadcrumbList","@id":"https:\/\/exaudi.org\/it\/angelus-dio-e-venuto-per-guarirci-non-si-spaventa-dei-nostri-peccati\/#breadcrumb","itemListElement":[{"@type":"ListItem","position":1,"name":"Portada","item":"https:\/\/exaudi.org\/it\/"},{"@type":"ListItem","position":2,"name":"Angelus, &#8220;Dio \u00e8 venuto per guarirci, non si spaventa dei nostri peccati&#8221;"}]},{"@type":"WebSite","@id":"https:\/\/exaudi.org\/#website","url":"https:\/\/exaudi.org\/","name":"Exaudi","description":"News","potentialAction":[{"@type":"SearchAction","target":{"@type":"EntryPoint","urlTemplate":"https:\/\/exaudi.org\/?s={search_term_string}"},"query-input":{"@type":"PropertyValueSpecification","valueRequired":true,"valueName":"search_term_string"}}],"inLanguage":"it-IT"},{"@type":"Person","@id":"https:\/\/exaudi.org\/#\/schema\/person\/9dff50a782978e4538a59610667e2b74","name":"Federico Cenci","image":{"@type":"ImageObject","inLanguage":"it-IT","@id":"https:\/\/secure.gravatar.com\/avatar\/535f77b8447d05f39d4ca941654f7a7b7d712f3d72f0b4b185747785f5a8e745?s=96&d=mm&r=g","url":"https:\/\/secure.gravatar.com\/avatar\/535f77b8447d05f39d4ca941654f7a7b7d712f3d72f0b4b185747785f5a8e745?s=96&d=mm&r=g","contentUrl":"https:\/\/secure.gravatar.com\/avatar\/535f77b8447d05f39d4ca941654f7a7b7d712f3d72f0b4b185747785f5a8e745?s=96&d=mm&r=g","caption":"Federico Cenci"},"url":"https:\/\/exaudi.org\/it\/author\/fcenci\/"}]}},"jetpack_featured_media_url":"https:\/\/exaudi.org\/wp-content\/uploads\/2022\/01\/cq5dam.thumbnail.cropped.750.422.jpeg","jetpack_shortlink":"https:\/\/wp.me\/pgKjF2-crJ","_links":{"self":[{"href":"https:\/\/exaudi.org\/it\/wp-json\/wp\/v2\/posts\/47847","targetHints":{"allow":["GET"]}}],"collection":[{"href":"https:\/\/exaudi.org\/it\/wp-json\/wp\/v2\/posts"}],"about":[{"href":"https:\/\/exaudi.org\/it\/wp-json\/wp\/v2\/types\/post"}],"author":[{"embeddable":true,"href":"https:\/\/exaudi.org\/it\/wp-json\/wp\/v2\/users\/92"}],"replies":[{"embeddable":true,"href":"https:\/\/exaudi.org\/it\/wp-json\/wp\/v2\/comments?post=47847"}],"version-history":[{"count":0,"href":"https:\/\/exaudi.org\/it\/wp-json\/wp\/v2\/posts\/47847\/revisions"}],"wp:featuredmedia":[{"embeddable":true,"href":"https:\/\/exaudi.org\/it\/wp-json\/wp\/v2\/media\/47854"}],"wp:attachment":[{"href":"https:\/\/exaudi.org\/it\/wp-json\/wp\/v2\/media?parent=47847"}],"wp:term":[{"taxonomy":"category","embeddable":true,"href":"https:\/\/exaudi.org\/it\/wp-json\/wp\/v2\/categories?post=47847"},{"taxonomy":"post_tag","embeddable":true,"href":"https:\/\/exaudi.org\/it\/wp-json\/wp\/v2\/tags?post=47847"}],"curies":[{"name":"wp","href":"https:\/\/api.w.org\/{rel}","templated":true}]}}