{"id":47656,"date":"2021-12-30T17:06:01","date_gmt":"2021-12-30T16:06:01","guid":{"rendered":"https:\/\/exaudi.org\/?p=47656"},"modified":"2021-12-30T17:08:28","modified_gmt":"2021-12-30T16:08:28","slug":"annullata-la-visita-del-papa-al-presepe-di-piazza-san-pietro","status":"publish","type":"post","link":"https:\/\/exaudi.org\/it\/annullata-la-visita-del-papa-al-presepe-di-piazza-san-pietro\/","title":{"rendered":"Annullata la visita del Papa al presepe di Piazza San Pietro"},"content":{"rendered":"<p>La recrudescenza dei casi di Covid-19 impone scelte di prudenza. Per evitare assembramenti e il conseguente rischio di contagi, \u00e8 stato annullato il tradizionale appuntamento della visita di Papa Francesco al presepe di Piazza San Pietro. Il Pontefice domani, dalle 17, presieder\u00e0 i Primi Vespri e il Te Deum nella Basilica vaticana.<\/p>\n<h2>Presepe andino<\/h2>\n<p>L&#8217;inaugurazione dell&#8217;Illuminazione dell&#8217;Albero e del Presepe di Piazza San Pietro \u00e8 avvenuta il 10 dicembre scorso. Il presepe giunge dalle Ande, dal villaggio di Chopcca, una comunit\u00e0 nel dipartimento di Huancavelica in Per\u00f9. La nativit\u00e0 sar\u00e0 composta da pi\u00f9 di 30 pezzi e realizzata da cinque famosi artisti di Huancavelica. Il presepio peruviano vuole ricordare i duecento anni dell\u2019indipendenza del Paese, riprodurre uno spaccato della vita dei popoli delle Ande e simboleggiare la chiamata universale alla salvezza, in quanto il Figlio di Dio si \u00e8 incarnato per salvare ogni uomo e donna della terra, a qualunque lingua, popolo, cultura e nazione essi appartengano.<\/p>\n","protected":false},"excerpt":{"rendered":"<p>La recrudescenza dei casi di Covid-19 impone scelte di prudenza. Per evitare assembramenti e il conseguente rischio di contagi, \u00e8 stato annullato il tradizionale appuntamento della visita di Papa Francesco al presepe di Piazza San Pietro. Il Pontefice domani, dalle 17, presieder\u00e0 i Primi Vespri e il Te Deum nella Basilica vaticana. Presepe andino L&#8217;inaugurazione [&hellip;]<\/p>\n","protected":false},"author":92,"featured_media":47657,"comment_status":"closed","ping_status":"closed","sticky":false,"template":"","format":"standard","meta":{"_acf_changed":false,"_crdt_document":"","inline_featured_image":false,"footnotes":""},"categories":[67],"tags":[251,5392,4695,4952],"class_list":["post-47656","post","type-post","status-publish","format-standard","has-post-thumbnail","hentry","category-leone-xiv","tag-papa-francesco","tag-piazza-san-pietro","tag-presepe","tag-trending-it"],"acf":[],"yoast_head":"<!-- This site is optimized with the Yoast SEO plugin v27.4 - https:\/\/yoast.com\/product\/yoast-seo-wordpress\/ -->\n<title>Annullata la visita del Papa al presepe di Piazza San Pietro &#8211; Exaudi<\/title>\n<meta name=\"description\" content=\"Per evitare il rischio assembramenti e contagi da Covid, Papa Francesco non visiter\u00e0 domani il presepe di Piazza San Pietro.\" \/>\n<meta name=\"robots\" content=\"index, follow, max-snippet:-1, max-image-preview:large, max-video-preview:-1\" \/>\n<link rel=\"canonical\" href=\"https:\/\/exaudi.org\/it\/annullata-la-visita-del-papa-al-presepe-di-piazza-san-pietro\/\" \/>\n<meta property=\"og:locale\" content=\"it_IT\" \/>\n<meta property=\"og:type\" content=\"article\" \/>\n<meta property=\"og:title\" content=\"Annullata la visita del Papa al presepe di Piazza San Pietro &#8211; Exaudi\" \/>\n<meta property=\"og:description\" content=\"Per evitare il rischio assembramenti e contagi da Covid, Papa Francesco non visiter\u00e0 domani il presepe di Piazza San Pietro.\" \/>\n<meta property=\"og:url\" content=\"https:\/\/exaudi.org\/it\/annullata-la-visita-del-papa-al-presepe-di-piazza-san-pietro\/\" \/>\n<meta property=\"og:site_name\" content=\"Exaudi\" \/>\n<meta property=\"article:publisher\" content=\"https:\/\/www.facebook.com\/ExaudiNews\" \/>\n<meta property=\"article:published_time\" content=\"2021-12-30T16:06:01+00:00\" \/>\n<meta property=\"article:modified_time\" content=\"2021-12-30T16:08:28+00:00\" \/>\n<meta property=\"og:image\" content=\"https:\/\/exaudi.org\/wp-content\/uploads\/2021\/12\/cq5dam.thumbnail.cropped.1000.563-16.jpeg\" \/>\n\t<meta property=\"og:image:width\" content=\"1000\" \/>\n\t<meta property=\"og:image:height\" content=\"563\" \/>\n\t<meta property=\"og:image:type\" content=\"image\/jpeg\" \/>\n<meta name=\"author\" content=\"Federico Cenci\" \/>\n<meta name=\"twitter:card\" content=\"summary_large_image\" \/>\n<meta name=\"twitter:creator\" content=\"@Exaudi_News\" \/>\n<meta name=\"twitter:site\" content=\"@Exaudi_News\" \/>\n<meta name=\"twitter:label1\" content=\"Scritto da\" \/>\n\t<meta name=\"twitter:data1\" content=\"Federico Cenci\" \/>\n\t<meta name=\"twitter:label2\" content=\"Tempo di lettura stimato\" \/>\n\t<meta name=\"twitter:data2\" content=\"1 minuto\" \/>\n<script type=\"application\/ld+json\" class=\"yoast-schema-graph\">{\"@context\":\"https:\\\/\\\/schema.org\",\"@graph\":[{\"@type\":\"Article\",\"@id\":\"https:\\\/\\\/exaudi.org\\\/it\\\/annullata-la-visita-del-papa-al-presepe-di-piazza-san-pietro\\\/#article\",\"isPartOf\":{\"@id\":\"https:\\\/\\\/exaudi.org\\\/it\\\/annullata-la-visita-del-papa-al-presepe-di-piazza-san-pietro\\\/\"},\"author\":{\"name\":\"Federico Cenci\",\"@id\":\"https:\\\/\\\/exaudi.org\\\/#\\\/schema\\\/person\\\/9dff50a782978e4538a59610667e2b74\"},\"headline\":\"Annullata la visita del Papa al presepe di Piazza San Pietro\",\"datePublished\":\"2021-12-30T16:06:01+00:00\",\"dateModified\":\"2021-12-30T16:08:28+00:00\",\"mainEntityOfPage\":{\"@id\":\"https:\\\/\\\/exaudi.org\\\/it\\\/annullata-la-visita-del-papa-al-presepe-di-piazza-san-pietro\\\/\"},\"wordCount\":166,\"image\":{\"@id\":\"https:\\\/\\\/exaudi.org\\\/it\\\/annullata-la-visita-del-papa-al-presepe-di-piazza-san-pietro\\\/#primaryimage\"},\"thumbnailUrl\":\"https:\\\/\\\/exaudi.org\\\/wp-content\\\/uploads\\\/2021\\\/12\\\/cq5dam.thumbnail.cropped.1000.563-16.jpeg\",\"keywords\":[\"Papa Francesco\",\"piazza San Pietro\",\"presepe\",\"Trending\"],\"articleSection\":[\"Leone XIV\"],\"inLanguage\":\"it-IT\"},{\"@type\":\"WebPage\",\"@id\":\"https:\\\/\\\/exaudi.org\\\/it\\\/annullata-la-visita-del-papa-al-presepe-di-piazza-san-pietro\\\/\",\"url\":\"https:\\\/\\\/exaudi.org\\\/it\\\/annullata-la-visita-del-papa-al-presepe-di-piazza-san-pietro\\\/\",\"name\":\"Annullata la visita del Papa al presepe di Piazza San Pietro &#8211; Exaudi\",\"isPartOf\":{\"@id\":\"https:\\\/\\\/exaudi.org\\\/#website\"},\"primaryImageOfPage\":{\"@id\":\"https:\\\/\\\/exaudi.org\\\/it\\\/annullata-la-visita-del-papa-al-presepe-di-piazza-san-pietro\\\/#primaryimage\"},\"image\":{\"@id\":\"https:\\\/\\\/exaudi.org\\\/it\\\/annullata-la-visita-del-papa-al-presepe-di-piazza-san-pietro\\\/#primaryimage\"},\"thumbnailUrl\":\"https:\\\/\\\/exaudi.org\\\/wp-content\\\/uploads\\\/2021\\\/12\\\/cq5dam.thumbnail.cropped.1000.563-16.jpeg\",\"datePublished\":\"2021-12-30T16:06:01+00:00\",\"dateModified\":\"2021-12-30T16:08:28+00:00\",\"author\":{\"@id\":\"https:\\\/\\\/exaudi.org\\\/#\\\/schema\\\/person\\\/9dff50a782978e4538a59610667e2b74\"},\"description\":\"Per evitare il rischio assembramenti e contagi da Covid, Papa Francesco non visiter\u00e0 domani il presepe di Piazza San Pietro.\",\"breadcrumb\":{\"@id\":\"https:\\\/\\\/exaudi.org\\\/it\\\/annullata-la-visita-del-papa-al-presepe-di-piazza-san-pietro\\\/#breadcrumb\"},\"inLanguage\":\"it-IT\",\"potentialAction\":[{\"@type\":\"ReadAction\",\"target\":[\"https:\\\/\\\/exaudi.org\\\/it\\\/annullata-la-visita-del-papa-al-presepe-di-piazza-san-pietro\\\/\"]}]},{\"@type\":\"ImageObject\",\"inLanguage\":\"it-IT\",\"@id\":\"https:\\\/\\\/exaudi.org\\\/it\\\/annullata-la-visita-del-papa-al-presepe-di-piazza-san-pietro\\\/#primaryimage\",\"url\":\"https:\\\/\\\/exaudi.org\\\/wp-content\\\/uploads\\\/2021\\\/12\\\/cq5dam.thumbnail.cropped.1000.563-16.jpeg\",\"contentUrl\":\"https:\\\/\\\/exaudi.org\\\/wp-content\\\/uploads\\\/2021\\\/12\\\/cq5dam.thumbnail.cropped.1000.563-16.jpeg\",\"width\":1000,\"height\":563,\"caption\":\"Presepe andino in piazza San Pietro, Natale 2021 \u00a9 Vatican Media\"},{\"@type\":\"BreadcrumbList\",\"@id\":\"https:\\\/\\\/exaudi.org\\\/it\\\/annullata-la-visita-del-papa-al-presepe-di-piazza-san-pietro\\\/#breadcrumb\",\"itemListElement\":[{\"@type\":\"ListItem\",\"position\":1,\"name\":\"Portada\",\"item\":\"https:\\\/\\\/exaudi.org\\\/it\\\/\"},{\"@type\":\"ListItem\",\"position\":2,\"name\":\"Annullata la visita del Papa al presepe di Piazza San Pietro\"}]},{\"@type\":\"WebSite\",\"@id\":\"https:\\\/\\\/exaudi.org\\\/#website\",\"url\":\"https:\\\/\\\/exaudi.org\\\/\",\"name\":\"Exaudi\",\"description\":\"News\",\"potentialAction\":[{\"@type\":\"SearchAction\",\"target\":{\"@type\":\"EntryPoint\",\"urlTemplate\":\"https:\\\/\\\/exaudi.org\\\/?s={search_term_string}\"},\"query-input\":{\"@type\":\"PropertyValueSpecification\",\"valueRequired\":true,\"valueName\":\"search_term_string\"}}],\"inLanguage\":\"it-IT\"},{\"@type\":\"Person\",\"@id\":\"https:\\\/\\\/exaudi.org\\\/#\\\/schema\\\/person\\\/9dff50a782978e4538a59610667e2b74\",\"name\":\"Federico Cenci\",\"image\":{\"@type\":\"ImageObject\",\"inLanguage\":\"it-IT\",\"@id\":\"https:\\\/\\\/secure.gravatar.com\\\/avatar\\\/535f77b8447d05f39d4ca941654f7a7b7d712f3d72f0b4b185747785f5a8e745?s=96&d=mm&r=g\",\"url\":\"https:\\\/\\\/secure.gravatar.com\\\/avatar\\\/535f77b8447d05f39d4ca941654f7a7b7d712f3d72f0b4b185747785f5a8e745?s=96&d=mm&r=g\",\"contentUrl\":\"https:\\\/\\\/secure.gravatar.com\\\/avatar\\\/535f77b8447d05f39d4ca941654f7a7b7d712f3d72f0b4b185747785f5a8e745?s=96&d=mm&r=g\",\"caption\":\"Federico Cenci\"},\"url\":\"https:\\\/\\\/exaudi.org\\\/it\\\/author\\\/fcenci\\\/\"}]}<\/script>\n<!-- \/ Yoast SEO plugin. -->","yoast_head_json":{"title":"Annullata la visita del Papa al presepe di Piazza San Pietro &#8211; Exaudi","description":"Per evitare il rischio assembramenti e contagi da Covid, Papa Francesco non visiter\u00e0 domani il presepe di Piazza San Pietro.","robots":{"index":"index","follow":"follow","max-snippet":"max-snippet:-1","max-image-preview":"max-image-preview:large","max-video-preview":"max-video-preview:-1"},"canonical":"https:\/\/exaudi.org\/it\/annullata-la-visita-del-papa-al-presepe-di-piazza-san-pietro\/","og_locale":"it_IT","og_type":"article","og_title":"Annullata la visita del Papa al presepe di Piazza San Pietro &#8211; Exaudi","og_description":"Per evitare il rischio assembramenti e contagi da Covid, Papa Francesco non visiter\u00e0 domani il presepe di Piazza San Pietro.","og_url":"https:\/\/exaudi.org\/it\/annullata-la-visita-del-papa-al-presepe-di-piazza-san-pietro\/","og_site_name":"Exaudi","article_publisher":"https:\/\/www.facebook.com\/ExaudiNews","article_published_time":"2021-12-30T16:06:01+00:00","article_modified_time":"2021-12-30T16:08:28+00:00","og_image":[{"width":1000,"height":563,"url":"https:\/\/exaudi.org\/wp-content\/uploads\/2021\/12\/cq5dam.thumbnail.cropped.1000.563-16.jpeg","type":"image\/jpeg"}],"author":"Federico Cenci","twitter_card":"summary_large_image","twitter_creator":"@Exaudi_News","twitter_site":"@Exaudi_News","twitter_misc":{"Scritto da":"Federico Cenci","Tempo di lettura stimato":"1 minuto"},"schema":{"@context":"https:\/\/schema.org","@graph":[{"@type":"Article","@id":"https:\/\/exaudi.org\/it\/annullata-la-visita-del-papa-al-presepe-di-piazza-san-pietro\/#article","isPartOf":{"@id":"https:\/\/exaudi.org\/it\/annullata-la-visita-del-papa-al-presepe-di-piazza-san-pietro\/"},"author":{"name":"Federico Cenci","@id":"https:\/\/exaudi.org\/#\/schema\/person\/9dff50a782978e4538a59610667e2b74"},"headline":"Annullata la visita del Papa al presepe di Piazza San Pietro","datePublished":"2021-12-30T16:06:01+00:00","dateModified":"2021-12-30T16:08:28+00:00","mainEntityOfPage":{"@id":"https:\/\/exaudi.org\/it\/annullata-la-visita-del-papa-al-presepe-di-piazza-san-pietro\/"},"wordCount":166,"image":{"@id":"https:\/\/exaudi.org\/it\/annullata-la-visita-del-papa-al-presepe-di-piazza-san-pietro\/#primaryimage"},"thumbnailUrl":"https:\/\/exaudi.org\/wp-content\/uploads\/2021\/12\/cq5dam.thumbnail.cropped.1000.563-16.jpeg","keywords":["Papa Francesco","piazza San Pietro","presepe","Trending"],"articleSection":["Leone XIV"],"inLanguage":"it-IT"},{"@type":"WebPage","@id":"https:\/\/exaudi.org\/it\/annullata-la-visita-del-papa-al-presepe-di-piazza-san-pietro\/","url":"https:\/\/exaudi.org\/it\/annullata-la-visita-del-papa-al-presepe-di-piazza-san-pietro\/","name":"Annullata la visita del Papa al presepe di Piazza San Pietro &#8211; Exaudi","isPartOf":{"@id":"https:\/\/exaudi.org\/#website"},"primaryImageOfPage":{"@id":"https:\/\/exaudi.org\/it\/annullata-la-visita-del-papa-al-presepe-di-piazza-san-pietro\/#primaryimage"},"image":{"@id":"https:\/\/exaudi.org\/it\/annullata-la-visita-del-papa-al-presepe-di-piazza-san-pietro\/#primaryimage"},"thumbnailUrl":"https:\/\/exaudi.org\/wp-content\/uploads\/2021\/12\/cq5dam.thumbnail.cropped.1000.563-16.jpeg","datePublished":"2021-12-30T16:06:01+00:00","dateModified":"2021-12-30T16:08:28+00:00","author":{"@id":"https:\/\/exaudi.org\/#\/schema\/person\/9dff50a782978e4538a59610667e2b74"},"description":"Per evitare il rischio assembramenti e contagi da Covid, Papa Francesco non visiter\u00e0 domani il presepe di Piazza San Pietro.","breadcrumb":{"@id":"https:\/\/exaudi.org\/it\/annullata-la-visita-del-papa-al-presepe-di-piazza-san-pietro\/#breadcrumb"},"inLanguage":"it-IT","potentialAction":[{"@type":"ReadAction","target":["https:\/\/exaudi.org\/it\/annullata-la-visita-del-papa-al-presepe-di-piazza-san-pietro\/"]}]},{"@type":"ImageObject","inLanguage":"it-IT","@id":"https:\/\/exaudi.org\/it\/annullata-la-visita-del-papa-al-presepe-di-piazza-san-pietro\/#primaryimage","url":"https:\/\/exaudi.org\/wp-content\/uploads\/2021\/12\/cq5dam.thumbnail.cropped.1000.563-16.jpeg","contentUrl":"https:\/\/exaudi.org\/wp-content\/uploads\/2021\/12\/cq5dam.thumbnail.cropped.1000.563-16.jpeg","width":1000,"height":563,"caption":"Presepe andino in piazza San Pietro, Natale 2021 \u00a9 Vatican Media"},{"@type":"BreadcrumbList","@id":"https:\/\/exaudi.org\/it\/annullata-la-visita-del-papa-al-presepe-di-piazza-san-pietro\/#breadcrumb","itemListElement":[{"@type":"ListItem","position":1,"name":"Portada","item":"https:\/\/exaudi.org\/it\/"},{"@type":"ListItem","position":2,"name":"Annullata la visita del Papa al presepe di Piazza San Pietro"}]},{"@type":"WebSite","@id":"https:\/\/exaudi.org\/#website","url":"https:\/\/exaudi.org\/","name":"Exaudi","description":"News","potentialAction":[{"@type":"SearchAction","target":{"@type":"EntryPoint","urlTemplate":"https:\/\/exaudi.org\/?s={search_term_string}"},"query-input":{"@type":"PropertyValueSpecification","valueRequired":true,"valueName":"search_term_string"}}],"inLanguage":"it-IT"},{"@type":"Person","@id":"https:\/\/exaudi.org\/#\/schema\/person\/9dff50a782978e4538a59610667e2b74","name":"Federico Cenci","image":{"@type":"ImageObject","inLanguage":"it-IT","@id":"https:\/\/secure.gravatar.com\/avatar\/535f77b8447d05f39d4ca941654f7a7b7d712f3d72f0b4b185747785f5a8e745?s=96&d=mm&r=g","url":"https:\/\/secure.gravatar.com\/avatar\/535f77b8447d05f39d4ca941654f7a7b7d712f3d72f0b4b185747785f5a8e745?s=96&d=mm&r=g","contentUrl":"https:\/\/secure.gravatar.com\/avatar\/535f77b8447d05f39d4ca941654f7a7b7d712f3d72f0b4b185747785f5a8e745?s=96&d=mm&r=g","caption":"Federico Cenci"},"url":"https:\/\/exaudi.org\/it\/author\/fcenci\/"}]}},"jetpack_featured_media_url":"https:\/\/exaudi.org\/wp-content\/uploads\/2021\/12\/cq5dam.thumbnail.cropped.1000.563-16.jpeg","jetpack_shortlink":"https:\/\/wp.me\/pgKjF2-coE","_links":{"self":[{"href":"https:\/\/exaudi.org\/it\/wp-json\/wp\/v2\/posts\/47656","targetHints":{"allow":["GET"]}}],"collection":[{"href":"https:\/\/exaudi.org\/it\/wp-json\/wp\/v2\/posts"}],"about":[{"href":"https:\/\/exaudi.org\/it\/wp-json\/wp\/v2\/types\/post"}],"author":[{"embeddable":true,"href":"https:\/\/exaudi.org\/it\/wp-json\/wp\/v2\/users\/92"}],"replies":[{"embeddable":true,"href":"https:\/\/exaudi.org\/it\/wp-json\/wp\/v2\/comments?post=47656"}],"version-history":[{"count":0,"href":"https:\/\/exaudi.org\/it\/wp-json\/wp\/v2\/posts\/47656\/revisions"}],"wp:featuredmedia":[{"embeddable":true,"href":"https:\/\/exaudi.org\/it\/wp-json\/wp\/v2\/media\/47657"}],"wp:attachment":[{"href":"https:\/\/exaudi.org\/it\/wp-json\/wp\/v2\/media?parent=47656"}],"wp:term":[{"taxonomy":"category","embeddable":true,"href":"https:\/\/exaudi.org\/it\/wp-json\/wp\/v2\/categories?post=47656"},{"taxonomy":"post_tag","embeddable":true,"href":"https:\/\/exaudi.org\/it\/wp-json\/wp\/v2\/tags?post=47656"}],"curies":[{"name":"wp","href":"https:\/\/api.w.org\/{rel}","templated":true}]}}