{"id":47441,"date":"2021-12-27T17:43:17","date_gmt":"2021-12-27T16:43:17","guid":{"rendered":"https:\/\/exaudi.org\/?p=47441"},"modified":"2021-12-27T17:43:17","modified_gmt":"2021-12-27T16:43:17","slug":"crisi-demografica-padre-vianelli-cei-manca-la-capacita-di-sognare","status":"publish","type":"post","link":"https:\/\/exaudi.org\/it\/crisi-demografica-padre-vianelli-cei-manca-la-capacita-di-sognare\/","title":{"rendered":"Crisi demografica, padre Vianelli (Cei): &#8220;Manca la capacit\u00e0 di sognare&#8221;"},"content":{"rendered":"<p>Domenica scorsa, al termine dell&#8217;Angelus nella Festa della Santa Famiglia di Nazareth, Papa Francesco <a href=\"https:\/\/exaudi.org\/it\/papa-linverno-demografico-va-contro-la-patria-e-il-futuro\/\" target=\"_blank\" rel=\"noopener\">ha lanciato un duro monito<\/a>: \u201cParlando della famiglia mi\u00a0 viene una preoccupazione vera, almeno qui in Italia: l\u2019inverno\u00a0 demografico, sembra che tanti hanno perso l\u2019illusione di andare avanti con figli, tante coppie preferiscono rimanere senza o con uno figlio\u00a0 soltanto. \u00c8 una tragedia\u201d, ha detto il Pontefice. \u201cFacciamo tutto il possibile per riprendere una coscienza, per vincere questo inverno demografico che \u2013 ha sottolineato Francesco \u2013 va contro le nostre famiglie, la nostra patria e il nostro futuro\u201d<\/p>\n<h2>Pi\u00f9 paura che speranza<\/h2>\n<p>Ebbene, le parole del Pontefice, sono \u201cassolutamente da sottoscrivere&#8221;, <a href=\"https:\/\/www.agensir.it\/quotidiano\/2021\/12\/27\/denatalita-vianelli-cei-lappello-del-papa-e-assolutamente-da-sottoscrivere\/\" target=\"_blank\" rel=\"noopener\">commenta all&#8217;AgenSir<\/a> padre Marco Vianelli, direttore dell\u2019ufficio Cei per la Pastorale della famiglia. &#8220;Il Papa &#8211; prosegue -, anche avendo partecipato agli Stati generali della natalit\u00e0, ha molto a cuore questo tema e spesso ha parlato di questo problema\u201d. Per il sacerdote italiano \u00e8 \u201cun problema che racconta la societ\u00e0: c\u2019\u00e8 una dimensione oggettiva che \u00e8 la mancanza di figli che parla di una nazione che sembra avere pi\u00f9 paura che speranza&#8221;. Padre Vianelli rileva che &#8220;il numero di figli in meno che abbiamo avuto quest\u2019anno \u00e8 pi\u00f9 basso del numero di figli che sono nati nel 1918, con un\u2019Italia che aveva una popolazione decimata a causa della guerra e viveva in una condizione costate di paura per il futuro sociale ed economico del Paese. Tuttavia, quell\u2019Italia l\u00ec \u00e8 riuscita a scommettere di pi\u00f9 sul futuro rispetto a quella attuale\u201d.<\/p>\n<h2>Una trasformazione in atto<\/h2>\n<p>Questo \u00e8, prosegue il direttore dell&#8217;ufficio Cei, \u201csintomo di un tempo di relazioni spaventate. In questo senso, Il Papa fa bene a porre l\u2019accento su questo aspetto, senza accusare nessuno, perch\u00e9 lui consegna le sue preoccupazioni senza additare qualcuno come cattivo, ma semplicemente evidenziando che ci stiamo raccontando un\u2019Italia diversa da come la conosciamo: intraprendente, capace di sognare lo sviluppo economico che passa attraverso la creativit\u00e0 e le piccole imprese. Ma &#8211; aggiunge &#8211; se non ci sono figli manca la capacit\u00e0 di sognare, e questa assenza di figli \u00e8 sintomo di una trasformazione in atto. Si deve lavorare non solo sul fare figli, ma sui motivi per cui farli, come la stabilit\u00e0 dei legami, la sicurezza lavorativa, con particolare attenzione alle donne\u201d. Per il direttore, infatti, \u00e8 inconcepibile che oggi una donna si debba trovare ancora a scegliere tra essere madre o \u201cfare carriera\u201d. \u201cCos\u00ec perdiamo tutti \u2013 ha concluso \u2013 perch\u00e9 in ogni caso dovremmo rinunciare a una professionista e una forza lavoro valida o a una mamma\u201d.<\/p>\n","protected":false},"excerpt":{"rendered":"<p>Domenica scorsa, al termine dell&#8217;Angelus nella Festa della Santa Famiglia di Nazareth, Papa Francesco ha lanciato un duro monito: \u201cParlando della famiglia mi\u00a0 viene una preoccupazione vera, almeno qui in Italia: l\u2019inverno\u00a0 demografico, sembra che tanti hanno perso l\u2019illusione di andare avanti con figli, tante coppie preferiscono rimanere senza o con uno figlio\u00a0 soltanto. \u00c8 [&hellip;]<\/p>\n","protected":false},"author":92,"featured_media":16107,"comment_status":"closed","ping_status":"closed","sticky":false,"template":"","format":"standard","meta":{"_acf_changed":false,"_crdt_document":"","inline_featured_image":false,"footnotes":""},"categories":[73],"tags":[5352,2195,2308],"class_list":["post-47441","post","type-post","status-publish","format-standard","has-post-thumbnail","hentry","category-chiesa-e-mondo","tag-crisi-demografica","tag-denatalita","tag-figli"],"acf":[],"yoast_head":"<!-- This site is optimized with the Yoast SEO plugin v27.4 - https:\/\/yoast.com\/product\/yoast-seo-wordpress\/ -->\n<title>Crisi demografica, padre Vianelli (Cei): &quot;Manca la capacit\u00e0 di sognare&quot; &#8211; Exaudi<\/title>\n<meta name=\"description\" content=\"Padre Vianelli, direttore dell&#039;ufficio per la pastorale familiare sottoscrive l&#039;appello del Papa contro la crisi demografica italiana\" \/>\n<meta name=\"robots\" content=\"index, follow, max-snippet:-1, max-image-preview:large, max-video-preview:-1\" \/>\n<link rel=\"canonical\" href=\"https:\/\/exaudi.org\/it\/crisi-demografica-padre-vianelli-cei-manca-la-capacita-di-sognare\/\" \/>\n<meta property=\"og:locale\" content=\"it_IT\" \/>\n<meta property=\"og:type\" content=\"article\" \/>\n<meta property=\"og:title\" content=\"Crisi demografica, padre Vianelli (Cei): &quot;Manca la capacit\u00e0 di sognare&quot; &#8211; Exaudi\" \/>\n<meta property=\"og:description\" content=\"Padre Vianelli, direttore dell&#039;ufficio per la pastorale familiare sottoscrive l&#039;appello del Papa contro la crisi demografica italiana\" \/>\n<meta property=\"og:url\" content=\"https:\/\/exaudi.org\/it\/crisi-demografica-padre-vianelli-cei-manca-la-capacita-di-sognare\/\" \/>\n<meta property=\"og:site_name\" content=\"Exaudi\" \/>\n<meta property=\"article:publisher\" content=\"https:\/\/www.facebook.com\/ExaudiNews\" \/>\n<meta property=\"article:published_time\" content=\"2021-12-27T16:43:17+00:00\" \/>\n<meta property=\"og:image\" content=\"https:\/\/exaudi.org\/wp-content\/uploads\/2021\/05\/23ksjsd-768x511-1.jpg\" \/>\n\t<meta property=\"og:image:width\" content=\"768\" \/>\n\t<meta property=\"og:image:height\" content=\"511\" \/>\n\t<meta property=\"og:image:type\" content=\"image\/jpeg\" \/>\n<meta name=\"author\" content=\"Federico Cenci\" \/>\n<meta name=\"twitter:card\" content=\"summary_large_image\" \/>\n<meta name=\"twitter:creator\" content=\"@Exaudi_News\" \/>\n<meta name=\"twitter:site\" content=\"@Exaudi_News\" \/>\n<meta name=\"twitter:label1\" content=\"Scritto da\" \/>\n\t<meta name=\"twitter:data1\" content=\"Federico Cenci\" \/>\n\t<meta name=\"twitter:label2\" content=\"Tempo di lettura stimato\" \/>\n\t<meta name=\"twitter:data2\" content=\"2 minuti\" \/>\n<script type=\"application\/ld+json\" class=\"yoast-schema-graph\">{\"@context\":\"https:\\\/\\\/schema.org\",\"@graph\":[{\"@type\":\"Article\",\"@id\":\"https:\\\/\\\/exaudi.org\\\/it\\\/crisi-demografica-padre-vianelli-cei-manca-la-capacita-di-sognare\\\/#article\",\"isPartOf\":{\"@id\":\"https:\\\/\\\/exaudi.org\\\/it\\\/crisi-demografica-padre-vianelli-cei-manca-la-capacita-di-sognare\\\/\"},\"author\":{\"name\":\"Federico Cenci\",\"@id\":\"https:\\\/\\\/exaudi.org\\\/#\\\/schema\\\/person\\\/9dff50a782978e4538a59610667e2b74\"},\"headline\":\"Crisi demografica, padre Vianelli (Cei): &#8220;Manca la capacit\u00e0 di sognare&#8221;\",\"datePublished\":\"2021-12-27T16:43:17+00:00\",\"mainEntityOfPage\":{\"@id\":\"https:\\\/\\\/exaudi.org\\\/it\\\/crisi-demografica-padre-vianelli-cei-manca-la-capacita-di-sognare\\\/\"},\"wordCount\":427,\"image\":{\"@id\":\"https:\\\/\\\/exaudi.org\\\/it\\\/crisi-demografica-padre-vianelli-cei-manca-la-capacita-di-sognare\\\/#primaryimage\"},\"thumbnailUrl\":\"https:\\\/\\\/exaudi.org\\\/wp-content\\\/uploads\\\/2021\\\/05\\\/23ksjsd-768x511-1.jpg\",\"keywords\":[\"crisi demografica\",\"denatalit\u00e0\",\"figli\"],\"articleSection\":[\"Chiesa e Mondo\"],\"inLanguage\":\"it-IT\"},{\"@type\":\"WebPage\",\"@id\":\"https:\\\/\\\/exaudi.org\\\/it\\\/crisi-demografica-padre-vianelli-cei-manca-la-capacita-di-sognare\\\/\",\"url\":\"https:\\\/\\\/exaudi.org\\\/it\\\/crisi-demografica-padre-vianelli-cei-manca-la-capacita-di-sognare\\\/\",\"name\":\"Crisi demografica, padre Vianelli (Cei): \\\"Manca la capacit\u00e0 di sognare\\\" &#8211; Exaudi\",\"isPartOf\":{\"@id\":\"https:\\\/\\\/exaudi.org\\\/#website\"},\"primaryImageOfPage\":{\"@id\":\"https:\\\/\\\/exaudi.org\\\/it\\\/crisi-demografica-padre-vianelli-cei-manca-la-capacita-di-sognare\\\/#primaryimage\"},\"image\":{\"@id\":\"https:\\\/\\\/exaudi.org\\\/it\\\/crisi-demografica-padre-vianelli-cei-manca-la-capacita-di-sognare\\\/#primaryimage\"},\"thumbnailUrl\":\"https:\\\/\\\/exaudi.org\\\/wp-content\\\/uploads\\\/2021\\\/05\\\/23ksjsd-768x511-1.jpg\",\"datePublished\":\"2021-12-27T16:43:17+00:00\",\"author\":{\"@id\":\"https:\\\/\\\/exaudi.org\\\/#\\\/schema\\\/person\\\/9dff50a782978e4538a59610667e2b74\"},\"description\":\"Padre Vianelli, direttore dell'ufficio per la pastorale familiare sottoscrive l'appello del Papa contro la crisi demografica italiana\",\"breadcrumb\":{\"@id\":\"https:\\\/\\\/exaudi.org\\\/it\\\/crisi-demografica-padre-vianelli-cei-manca-la-capacita-di-sognare\\\/#breadcrumb\"},\"inLanguage\":\"it-IT\",\"potentialAction\":[{\"@type\":\"ReadAction\",\"target\":[\"https:\\\/\\\/exaudi.org\\\/it\\\/crisi-demografica-padre-vianelli-cei-manca-la-capacita-di-sognare\\\/\"]}]},{\"@type\":\"ImageObject\",\"inLanguage\":\"it-IT\",\"@id\":\"https:\\\/\\\/exaudi.org\\\/it\\\/crisi-demografica-padre-vianelli-cei-manca-la-capacita-di-sognare\\\/#primaryimage\",\"url\":\"https:\\\/\\\/exaudi.org\\\/wp-content\\\/uploads\\\/2021\\\/05\\\/23ksjsd-768x511-1.jpg\",\"contentUrl\":\"https:\\\/\\\/exaudi.org\\\/wp-content\\\/uploads\\\/2021\\\/05\\\/23ksjsd-768x511-1.jpg\",\"width\":768,\"height\":511,\"caption\":\"Mother holding her baby's hand \u00a9 Cathopic\"},{\"@type\":\"BreadcrumbList\",\"@id\":\"https:\\\/\\\/exaudi.org\\\/it\\\/crisi-demografica-padre-vianelli-cei-manca-la-capacita-di-sognare\\\/#breadcrumb\",\"itemListElement\":[{\"@type\":\"ListItem\",\"position\":1,\"name\":\"Portada\",\"item\":\"https:\\\/\\\/exaudi.org\\\/it\\\/\"},{\"@type\":\"ListItem\",\"position\":2,\"name\":\"Crisi demografica, padre Vianelli (Cei): &#8220;Manca la capacit\u00e0 di sognare&#8221;\"}]},{\"@type\":\"WebSite\",\"@id\":\"https:\\\/\\\/exaudi.org\\\/#website\",\"url\":\"https:\\\/\\\/exaudi.org\\\/\",\"name\":\"Exaudi\",\"description\":\"News\",\"potentialAction\":[{\"@type\":\"SearchAction\",\"target\":{\"@type\":\"EntryPoint\",\"urlTemplate\":\"https:\\\/\\\/exaudi.org\\\/?s={search_term_string}\"},\"query-input\":{\"@type\":\"PropertyValueSpecification\",\"valueRequired\":true,\"valueName\":\"search_term_string\"}}],\"inLanguage\":\"it-IT\"},{\"@type\":\"Person\",\"@id\":\"https:\\\/\\\/exaudi.org\\\/#\\\/schema\\\/person\\\/9dff50a782978e4538a59610667e2b74\",\"name\":\"Federico Cenci\",\"image\":{\"@type\":\"ImageObject\",\"inLanguage\":\"it-IT\",\"@id\":\"https:\\\/\\\/secure.gravatar.com\\\/avatar\\\/535f77b8447d05f39d4ca941654f7a7b7d712f3d72f0b4b185747785f5a8e745?s=96&d=mm&r=g\",\"url\":\"https:\\\/\\\/secure.gravatar.com\\\/avatar\\\/535f77b8447d05f39d4ca941654f7a7b7d712f3d72f0b4b185747785f5a8e745?s=96&d=mm&r=g\",\"contentUrl\":\"https:\\\/\\\/secure.gravatar.com\\\/avatar\\\/535f77b8447d05f39d4ca941654f7a7b7d712f3d72f0b4b185747785f5a8e745?s=96&d=mm&r=g\",\"caption\":\"Federico Cenci\"},\"url\":\"https:\\\/\\\/exaudi.org\\\/it\\\/author\\\/fcenci\\\/\"}]}<\/script>\n<!-- \/ Yoast SEO plugin. -->","yoast_head_json":{"title":"Crisi demografica, padre Vianelli (Cei): \"Manca la capacit\u00e0 di sognare\" &#8211; Exaudi","description":"Padre Vianelli, direttore dell'ufficio per la pastorale familiare sottoscrive l'appello del Papa contro la crisi demografica italiana","robots":{"index":"index","follow":"follow","max-snippet":"max-snippet:-1","max-image-preview":"max-image-preview:large","max-video-preview":"max-video-preview:-1"},"canonical":"https:\/\/exaudi.org\/it\/crisi-demografica-padre-vianelli-cei-manca-la-capacita-di-sognare\/","og_locale":"it_IT","og_type":"article","og_title":"Crisi demografica, padre Vianelli (Cei): \"Manca la capacit\u00e0 di sognare\" &#8211; Exaudi","og_description":"Padre Vianelli, direttore dell'ufficio per la pastorale familiare sottoscrive l'appello del Papa contro la crisi demografica italiana","og_url":"https:\/\/exaudi.org\/it\/crisi-demografica-padre-vianelli-cei-manca-la-capacita-di-sognare\/","og_site_name":"Exaudi","article_publisher":"https:\/\/www.facebook.com\/ExaudiNews","article_published_time":"2021-12-27T16:43:17+00:00","og_image":[{"width":768,"height":511,"url":"https:\/\/exaudi.org\/wp-content\/uploads\/2021\/05\/23ksjsd-768x511-1.jpg","type":"image\/jpeg"}],"author":"Federico Cenci","twitter_card":"summary_large_image","twitter_creator":"@Exaudi_News","twitter_site":"@Exaudi_News","twitter_misc":{"Scritto da":"Federico Cenci","Tempo di lettura stimato":"2 minuti"},"schema":{"@context":"https:\/\/schema.org","@graph":[{"@type":"Article","@id":"https:\/\/exaudi.org\/it\/crisi-demografica-padre-vianelli-cei-manca-la-capacita-di-sognare\/#article","isPartOf":{"@id":"https:\/\/exaudi.org\/it\/crisi-demografica-padre-vianelli-cei-manca-la-capacita-di-sognare\/"},"author":{"name":"Federico Cenci","@id":"https:\/\/exaudi.org\/#\/schema\/person\/9dff50a782978e4538a59610667e2b74"},"headline":"Crisi demografica, padre Vianelli (Cei): &#8220;Manca la capacit\u00e0 di sognare&#8221;","datePublished":"2021-12-27T16:43:17+00:00","mainEntityOfPage":{"@id":"https:\/\/exaudi.org\/it\/crisi-demografica-padre-vianelli-cei-manca-la-capacita-di-sognare\/"},"wordCount":427,"image":{"@id":"https:\/\/exaudi.org\/it\/crisi-demografica-padre-vianelli-cei-manca-la-capacita-di-sognare\/#primaryimage"},"thumbnailUrl":"https:\/\/exaudi.org\/wp-content\/uploads\/2021\/05\/23ksjsd-768x511-1.jpg","keywords":["crisi demografica","denatalit\u00e0","figli"],"articleSection":["Chiesa e Mondo"],"inLanguage":"it-IT"},{"@type":"WebPage","@id":"https:\/\/exaudi.org\/it\/crisi-demografica-padre-vianelli-cei-manca-la-capacita-di-sognare\/","url":"https:\/\/exaudi.org\/it\/crisi-demografica-padre-vianelli-cei-manca-la-capacita-di-sognare\/","name":"Crisi demografica, padre Vianelli (Cei): \"Manca la capacit\u00e0 di sognare\" &#8211; Exaudi","isPartOf":{"@id":"https:\/\/exaudi.org\/#website"},"primaryImageOfPage":{"@id":"https:\/\/exaudi.org\/it\/crisi-demografica-padre-vianelli-cei-manca-la-capacita-di-sognare\/#primaryimage"},"image":{"@id":"https:\/\/exaudi.org\/it\/crisi-demografica-padre-vianelli-cei-manca-la-capacita-di-sognare\/#primaryimage"},"thumbnailUrl":"https:\/\/exaudi.org\/wp-content\/uploads\/2021\/05\/23ksjsd-768x511-1.jpg","datePublished":"2021-12-27T16:43:17+00:00","author":{"@id":"https:\/\/exaudi.org\/#\/schema\/person\/9dff50a782978e4538a59610667e2b74"},"description":"Padre Vianelli, direttore dell'ufficio per la pastorale familiare sottoscrive l'appello del Papa contro la crisi demografica italiana","breadcrumb":{"@id":"https:\/\/exaudi.org\/it\/crisi-demografica-padre-vianelli-cei-manca-la-capacita-di-sognare\/#breadcrumb"},"inLanguage":"it-IT","potentialAction":[{"@type":"ReadAction","target":["https:\/\/exaudi.org\/it\/crisi-demografica-padre-vianelli-cei-manca-la-capacita-di-sognare\/"]}]},{"@type":"ImageObject","inLanguage":"it-IT","@id":"https:\/\/exaudi.org\/it\/crisi-demografica-padre-vianelli-cei-manca-la-capacita-di-sognare\/#primaryimage","url":"https:\/\/exaudi.org\/wp-content\/uploads\/2021\/05\/23ksjsd-768x511-1.jpg","contentUrl":"https:\/\/exaudi.org\/wp-content\/uploads\/2021\/05\/23ksjsd-768x511-1.jpg","width":768,"height":511,"caption":"Mother holding her baby's hand \u00a9 Cathopic"},{"@type":"BreadcrumbList","@id":"https:\/\/exaudi.org\/it\/crisi-demografica-padre-vianelli-cei-manca-la-capacita-di-sognare\/#breadcrumb","itemListElement":[{"@type":"ListItem","position":1,"name":"Portada","item":"https:\/\/exaudi.org\/it\/"},{"@type":"ListItem","position":2,"name":"Crisi demografica, padre Vianelli (Cei): &#8220;Manca la capacit\u00e0 di sognare&#8221;"}]},{"@type":"WebSite","@id":"https:\/\/exaudi.org\/#website","url":"https:\/\/exaudi.org\/","name":"Exaudi","description":"News","potentialAction":[{"@type":"SearchAction","target":{"@type":"EntryPoint","urlTemplate":"https:\/\/exaudi.org\/?s={search_term_string}"},"query-input":{"@type":"PropertyValueSpecification","valueRequired":true,"valueName":"search_term_string"}}],"inLanguage":"it-IT"},{"@type":"Person","@id":"https:\/\/exaudi.org\/#\/schema\/person\/9dff50a782978e4538a59610667e2b74","name":"Federico Cenci","image":{"@type":"ImageObject","inLanguage":"it-IT","@id":"https:\/\/secure.gravatar.com\/avatar\/535f77b8447d05f39d4ca941654f7a7b7d712f3d72f0b4b185747785f5a8e745?s=96&d=mm&r=g","url":"https:\/\/secure.gravatar.com\/avatar\/535f77b8447d05f39d4ca941654f7a7b7d712f3d72f0b4b185747785f5a8e745?s=96&d=mm&r=g","contentUrl":"https:\/\/secure.gravatar.com\/avatar\/535f77b8447d05f39d4ca941654f7a7b7d712f3d72f0b4b185747785f5a8e745?s=96&d=mm&r=g","caption":"Federico Cenci"},"url":"https:\/\/exaudi.org\/it\/author\/fcenci\/"}]}},"jetpack_featured_media_url":"https:\/\/exaudi.org\/wp-content\/uploads\/2021\/05\/23ksjsd-768x511-1.jpg","jetpack_shortlink":"https:\/\/wp.me\/pgKjF2-clb","_links":{"self":[{"href":"https:\/\/exaudi.org\/it\/wp-json\/wp\/v2\/posts\/47441","targetHints":{"allow":["GET"]}}],"collection":[{"href":"https:\/\/exaudi.org\/it\/wp-json\/wp\/v2\/posts"}],"about":[{"href":"https:\/\/exaudi.org\/it\/wp-json\/wp\/v2\/types\/post"}],"author":[{"embeddable":true,"href":"https:\/\/exaudi.org\/it\/wp-json\/wp\/v2\/users\/92"}],"replies":[{"embeddable":true,"href":"https:\/\/exaudi.org\/it\/wp-json\/wp\/v2\/comments?post=47441"}],"version-history":[{"count":0,"href":"https:\/\/exaudi.org\/it\/wp-json\/wp\/v2\/posts\/47441\/revisions"}],"wp:featuredmedia":[{"embeddable":true,"href":"https:\/\/exaudi.org\/it\/wp-json\/wp\/v2\/media\/16107"}],"wp:attachment":[{"href":"https:\/\/exaudi.org\/it\/wp-json\/wp\/v2\/media?parent=47441"}],"wp:term":[{"taxonomy":"category","embeddable":true,"href":"https:\/\/exaudi.org\/it\/wp-json\/wp\/v2\/categories?post=47441"},{"taxonomy":"post_tag","embeddable":true,"href":"https:\/\/exaudi.org\/it\/wp-json\/wp\/v2\/tags?post=47441"}],"curies":[{"name":"wp","href":"https:\/\/api.w.org\/{rel}","templated":true}]}}