{"id":47360,"date":"2021-12-26T18:23:10","date_gmt":"2021-12-26T17:23:10","guid":{"rendered":"https:\/\/exaudi.org\/?p=47360"},"modified":"2021-12-26T18:23:10","modified_gmt":"2021-12-26T17:23:10","slug":"morto-larcivescovo-desmond-tutu-cordoglio-del-papa","status":"publish","type":"post","link":"https:\/\/exaudi.org\/it\/morto-larcivescovo-desmond-tutu-cordoglio-del-papa\/","title":{"rendered":"Morto l&#8217;arcivescovo Desmond Tutu: cordoglio del Papa"},"content":{"rendered":"<p>Era uno dei simboli della lotta all&#8217;<em>apartheid<\/em> in Sudafrica. Desmond Tutu, arcivescovo anglicano, premio Nobel per la Pace nel 1984 come simbolo della lotta non violenta contro il regime razzista, \u00e8 deceduto oggi all&#8217;et\u00e0 di 90 anni.<\/p>\n<p>Desmond Tutu era \u201cal servizio del Vangelo, attraverso la promozione della uguaglianza razziale e della riconciliazione nel suo Sudafrica\u201d. Lo scrive Papa Francesco in un telegramma di cordoglio inviato al nunzio apostolico nel Paese africano, monsignor Peter B.Wells, a firma del cardinale segretario di\u00a0 Stato vaticano, Pietro Parolin. Il vescovo di Roma esprime le sue condoglianze alla famiglia e ai cari di Tutu, \u201caffidandone l\u2019anima alla amorevole misericordia di Dio, invocando le benedizioni divine di pace e di consolazione nel Signore Ges\u00f9 su tutti coloro che piangono la sua scomparsa nella sicura e certa speranza della resurrezione\u201d.<\/p>\n<p><span>In un messaggio pubblicato <a href=\"https:\/\/sacbc.org.za\/rest-in-peace-archbishop-emeritus-desmond-tutu\/\" target=\"_blank\" rel=\"noopener\">sul proprio sito web<\/a>, la Conferenza episcopale dell&#8217;Africa australe ha espresso le proprie condoglianze a \u201cMs.\u00a0Leah Tutu, la famiglia e la Chiesa anglicana per la morte del defunto arcivescovo emerito di Cape Town, Desmond Mpilo Tutu\u201d. <\/span><span>L&#8217;Arcivescovo, si legge nel messaggio, \u201csar\u00e0 ricordato per il suo immenso contributo spirituale alla liberazione e alla democrazia del Sudafrica, motivo per cui \u00e8 stato co-vincitore del Premio Nobel per la pace.\u00a0La sua ricerca di giustizia \u00e8 continuata quando \u00e8 stato presidente della Commissione per la Verit\u00e0 e la Riconciliazione e oltre\u201d.<\/span><\/p>\n<p>Dopo la fine dell&#8217;<em>apartheid<\/em>, una volta che Nelson Mandela fu eletto presidente del Sudafrica, Tutu ide\u00f2 e presiedette la Commissione per la Verit\u00e0 e la Riconciliazione (Trc), creata nel 1995 con lo scopo di raccogliere testimonianze dei crimini commessi da entrambe le parti durante il regime e di richiedere perdono. Papa Francesco aveva ricordato Tutu nell&#8217;enciclica <em>Fratelli tutti <\/em>tra \u201ci fratelli non cattolici\u201d che lo avevano motivato \u201cnella riflessione sulla fraternit\u00e0 universale\u201d. La morte di Tutu \u00e8 stata annunciata dal presidente sudafricano Cyril Ramaphosa, che ha espresso &#8220;a nome di tutti i sudafricani, profonda tristezza per la morte, avvenuta domenica, di una figura essenziale della storia&#8221; del Paese.<\/p>\n","protected":false},"excerpt":{"rendered":"<p>Era uno dei simboli della lotta all&#8217;apartheid in Sudafrica. Desmond Tutu, arcivescovo anglicano, premio Nobel per la Pace nel 1984 come simbolo della lotta non violenta contro il regime razzista, \u00e8 deceduto oggi all&#8217;et\u00e0 di 90 anni. Desmond Tutu era \u201cal servizio del Vangelo, attraverso la promozione della uguaglianza razziale e della riconciliazione nel suo [&hellip;]<\/p>\n","protected":false},"author":92,"featured_media":47361,"comment_status":"closed","ping_status":"closed","sticky":false,"template":"","format":"standard","meta":{"_acf_changed":false,"_crdt_document":"","inline_featured_image":false,"footnotes":""},"categories":[67],"tags":[5342,251,5343],"class_list":["post-47360","post","type-post","status-publish","format-standard","has-post-thumbnail","hentry","category-leone-xiv","tag-desmond-tutu","tag-papa-francesco","tag-sudafrica-it"],"acf":[],"yoast_head":"<!-- This site is optimized with the Yoast SEO plugin v27.5 - https:\/\/yoast.com\/product\/yoast-seo-wordpress\/ -->\n<title>Morto l&#039;arcivescovo Desmond Tutu: cordoglio del Papa &#8211; Exaudi<\/title>\n<meta name=\"description\" content=\"Francesco definisce il presule sudafricano Desmond Tutu, simbolo della lotta all&#039;apartheid, come un uomo &quot;al servizio del Vangelo&quot;\" \/>\n<meta name=\"robots\" content=\"index, follow, max-snippet:-1, max-image-preview:large, max-video-preview:-1\" \/>\n<link rel=\"canonical\" href=\"https:\/\/exaudi.org\/it\/morto-larcivescovo-desmond-tutu-cordoglio-del-papa\/\" \/>\n<meta property=\"og:locale\" content=\"it_IT\" \/>\n<meta property=\"og:type\" content=\"article\" \/>\n<meta property=\"og:title\" content=\"Morto l&#039;arcivescovo Desmond Tutu: cordoglio del Papa &#8211; Exaudi\" \/>\n<meta property=\"og:description\" content=\"Francesco definisce il presule sudafricano Desmond Tutu, simbolo della lotta all&#039;apartheid, come un uomo &quot;al servizio del Vangelo&quot;\" \/>\n<meta property=\"og:url\" content=\"https:\/\/exaudi.org\/it\/morto-larcivescovo-desmond-tutu-cordoglio-del-papa\/\" \/>\n<meta property=\"og:site_name\" content=\"Exaudi\" \/>\n<meta property=\"article:publisher\" content=\"https:\/\/www.facebook.com\/ExaudiNews\" \/>\n<meta property=\"article:published_time\" content=\"2021-12-26T17:23:10+00:00\" \/>\n<meta property=\"og:image\" content=\"https:\/\/exaudi.org\/wp-content\/uploads\/2021\/12\/Flickr.jpg\" \/>\n\t<meta property=\"og:image:width\" content=\"500\" \/>\n\t<meta property=\"og:image:height\" content=\"333\" \/>\n\t<meta property=\"og:image:type\" content=\"image\/jpeg\" \/>\n<meta name=\"author\" content=\"Federico Cenci\" \/>\n<meta name=\"twitter:card\" content=\"summary_large_image\" \/>\n<meta name=\"twitter:creator\" content=\"@Exaudi_News\" \/>\n<meta name=\"twitter:site\" content=\"@Exaudi_News\" \/>\n<meta name=\"twitter:label1\" content=\"Scritto da\" \/>\n\t<meta name=\"twitter:data1\" content=\"Federico Cenci\" \/>\n\t<meta name=\"twitter:label2\" content=\"Tempo di lettura stimato\" \/>\n\t<meta name=\"twitter:data2\" content=\"2 minuti\" \/>\n<script type=\"application\/ld+json\" class=\"yoast-schema-graph\">{\"@context\":\"https:\\\/\\\/schema.org\",\"@graph\":[{\"@type\":\"Article\",\"@id\":\"https:\\\/\\\/exaudi.org\\\/it\\\/morto-larcivescovo-desmond-tutu-cordoglio-del-papa\\\/#article\",\"isPartOf\":{\"@id\":\"https:\\\/\\\/exaudi.org\\\/it\\\/morto-larcivescovo-desmond-tutu-cordoglio-del-papa\\\/\"},\"author\":{\"name\":\"Federico Cenci\",\"@id\":\"https:\\\/\\\/exaudi.org\\\/#\\\/schema\\\/person\\\/9dff50a782978e4538a59610667e2b74\"},\"headline\":\"Morto l&#8217;arcivescovo Desmond Tutu: cordoglio del Papa\",\"datePublished\":\"2021-12-26T17:23:10+00:00\",\"mainEntityOfPage\":{\"@id\":\"https:\\\/\\\/exaudi.org\\\/it\\\/morto-larcivescovo-desmond-tutu-cordoglio-del-papa\\\/\"},\"wordCount\":344,\"image\":{\"@id\":\"https:\\\/\\\/exaudi.org\\\/it\\\/morto-larcivescovo-desmond-tutu-cordoglio-del-papa\\\/#primaryimage\"},\"thumbnailUrl\":\"https:\\\/\\\/exaudi.org\\\/wp-content\\\/uploads\\\/2021\\\/12\\\/Flickr.jpg\",\"keywords\":[\"Desmond Tutu\",\"Papa Francesco\",\"Sud\u00e1frica\"],\"articleSection\":[\"Leone XIV\"],\"inLanguage\":\"it-IT\"},{\"@type\":\"WebPage\",\"@id\":\"https:\\\/\\\/exaudi.org\\\/it\\\/morto-larcivescovo-desmond-tutu-cordoglio-del-papa\\\/\",\"url\":\"https:\\\/\\\/exaudi.org\\\/it\\\/morto-larcivescovo-desmond-tutu-cordoglio-del-papa\\\/\",\"name\":\"Morto l'arcivescovo Desmond Tutu: cordoglio del Papa &#8211; Exaudi\",\"isPartOf\":{\"@id\":\"https:\\\/\\\/exaudi.org\\\/#website\"},\"primaryImageOfPage\":{\"@id\":\"https:\\\/\\\/exaudi.org\\\/it\\\/morto-larcivescovo-desmond-tutu-cordoglio-del-papa\\\/#primaryimage\"},\"image\":{\"@id\":\"https:\\\/\\\/exaudi.org\\\/it\\\/morto-larcivescovo-desmond-tutu-cordoglio-del-papa\\\/#primaryimage\"},\"thumbnailUrl\":\"https:\\\/\\\/exaudi.org\\\/wp-content\\\/uploads\\\/2021\\\/12\\\/Flickr.jpg\",\"datePublished\":\"2021-12-26T17:23:10+00:00\",\"author\":{\"@id\":\"https:\\\/\\\/exaudi.org\\\/#\\\/schema\\\/person\\\/9dff50a782978e4538a59610667e2b74\"},\"description\":\"Francesco definisce il presule sudafricano Desmond Tutu, simbolo della lotta all'apartheid, come un uomo \\\"al servizio del Vangelo\\\"\",\"breadcrumb\":{\"@id\":\"https:\\\/\\\/exaudi.org\\\/it\\\/morto-larcivescovo-desmond-tutu-cordoglio-del-papa\\\/#breadcrumb\"},\"inLanguage\":\"it-IT\",\"potentialAction\":[{\"@type\":\"ReadAction\",\"target\":[\"https:\\\/\\\/exaudi.org\\\/it\\\/morto-larcivescovo-desmond-tutu-cordoglio-del-papa\\\/\"]}]},{\"@type\":\"ImageObject\",\"inLanguage\":\"it-IT\",\"@id\":\"https:\\\/\\\/exaudi.org\\\/it\\\/morto-larcivescovo-desmond-tutu-cordoglio-del-papa\\\/#primaryimage\",\"url\":\"https:\\\/\\\/exaudi.org\\\/wp-content\\\/uploads\\\/2021\\\/12\\\/Flickr.jpg\",\"contentUrl\":\"https:\\\/\\\/exaudi.org\\\/wp-content\\\/uploads\\\/2021\\\/12\\\/Flickr.jpg\",\"width\":500,\"height\":333,\"caption\":\"Archbishop Desmond Tutu - Image from Flickr\"},{\"@type\":\"BreadcrumbList\",\"@id\":\"https:\\\/\\\/exaudi.org\\\/it\\\/morto-larcivescovo-desmond-tutu-cordoglio-del-papa\\\/#breadcrumb\",\"itemListElement\":[{\"@type\":\"ListItem\",\"position\":1,\"name\":\"Portada\",\"item\":\"https:\\\/\\\/exaudi.org\\\/it\\\/\"},{\"@type\":\"ListItem\",\"position\":2,\"name\":\"Morto l&#8217;arcivescovo Desmond Tutu: cordoglio del Papa\"}]},{\"@type\":\"WebSite\",\"@id\":\"https:\\\/\\\/exaudi.org\\\/#website\",\"url\":\"https:\\\/\\\/exaudi.org\\\/\",\"name\":\"Exaudi\",\"description\":\"News\",\"potentialAction\":[{\"@type\":\"SearchAction\",\"target\":{\"@type\":\"EntryPoint\",\"urlTemplate\":\"https:\\\/\\\/exaudi.org\\\/?s={search_term_string}\"},\"query-input\":{\"@type\":\"PropertyValueSpecification\",\"valueRequired\":true,\"valueName\":\"search_term_string\"}}],\"inLanguage\":\"it-IT\"},{\"@type\":\"Person\",\"@id\":\"https:\\\/\\\/exaudi.org\\\/#\\\/schema\\\/person\\\/9dff50a782978e4538a59610667e2b74\",\"name\":\"Federico Cenci\",\"image\":{\"@type\":\"ImageObject\",\"inLanguage\":\"it-IT\",\"@id\":\"https:\\\/\\\/secure.gravatar.com\\\/avatar\\\/535f77b8447d05f39d4ca941654f7a7b7d712f3d72f0b4b185747785f5a8e745?s=96&d=mm&r=g\",\"url\":\"https:\\\/\\\/secure.gravatar.com\\\/avatar\\\/535f77b8447d05f39d4ca941654f7a7b7d712f3d72f0b4b185747785f5a8e745?s=96&d=mm&r=g\",\"contentUrl\":\"https:\\\/\\\/secure.gravatar.com\\\/avatar\\\/535f77b8447d05f39d4ca941654f7a7b7d712f3d72f0b4b185747785f5a8e745?s=96&d=mm&r=g\",\"caption\":\"Federico Cenci\"},\"url\":\"https:\\\/\\\/exaudi.org\\\/it\\\/author\\\/fcenci\\\/\"}]}<\/script>\n<!-- \/ Yoast SEO plugin. -->","yoast_head_json":{"title":"Morto l'arcivescovo Desmond Tutu: cordoglio del Papa &#8211; Exaudi","description":"Francesco definisce il presule sudafricano Desmond Tutu, simbolo della lotta all'apartheid, come un uomo \"al servizio del Vangelo\"","robots":{"index":"index","follow":"follow","max-snippet":"max-snippet:-1","max-image-preview":"max-image-preview:large","max-video-preview":"max-video-preview:-1"},"canonical":"https:\/\/exaudi.org\/it\/morto-larcivescovo-desmond-tutu-cordoglio-del-papa\/","og_locale":"it_IT","og_type":"article","og_title":"Morto l'arcivescovo Desmond Tutu: cordoglio del Papa &#8211; Exaudi","og_description":"Francesco definisce il presule sudafricano Desmond Tutu, simbolo della lotta all'apartheid, come un uomo \"al servizio del Vangelo\"","og_url":"https:\/\/exaudi.org\/it\/morto-larcivescovo-desmond-tutu-cordoglio-del-papa\/","og_site_name":"Exaudi","article_publisher":"https:\/\/www.facebook.com\/ExaudiNews","article_published_time":"2021-12-26T17:23:10+00:00","og_image":[{"width":500,"height":333,"url":"https:\/\/exaudi.org\/wp-content\/uploads\/2021\/12\/Flickr.jpg","type":"image\/jpeg"}],"author":"Federico Cenci","twitter_card":"summary_large_image","twitter_creator":"@Exaudi_News","twitter_site":"@Exaudi_News","twitter_misc":{"Scritto da":"Federico Cenci","Tempo di lettura stimato":"2 minuti"},"schema":{"@context":"https:\/\/schema.org","@graph":[{"@type":"Article","@id":"https:\/\/exaudi.org\/it\/morto-larcivescovo-desmond-tutu-cordoglio-del-papa\/#article","isPartOf":{"@id":"https:\/\/exaudi.org\/it\/morto-larcivescovo-desmond-tutu-cordoglio-del-papa\/"},"author":{"name":"Federico Cenci","@id":"https:\/\/exaudi.org\/#\/schema\/person\/9dff50a782978e4538a59610667e2b74"},"headline":"Morto l&#8217;arcivescovo Desmond Tutu: cordoglio del Papa","datePublished":"2021-12-26T17:23:10+00:00","mainEntityOfPage":{"@id":"https:\/\/exaudi.org\/it\/morto-larcivescovo-desmond-tutu-cordoglio-del-papa\/"},"wordCount":344,"image":{"@id":"https:\/\/exaudi.org\/it\/morto-larcivescovo-desmond-tutu-cordoglio-del-papa\/#primaryimage"},"thumbnailUrl":"https:\/\/exaudi.org\/wp-content\/uploads\/2021\/12\/Flickr.jpg","keywords":["Desmond Tutu","Papa Francesco","Sud\u00e1frica"],"articleSection":["Leone XIV"],"inLanguage":"it-IT"},{"@type":"WebPage","@id":"https:\/\/exaudi.org\/it\/morto-larcivescovo-desmond-tutu-cordoglio-del-papa\/","url":"https:\/\/exaudi.org\/it\/morto-larcivescovo-desmond-tutu-cordoglio-del-papa\/","name":"Morto l'arcivescovo Desmond Tutu: cordoglio del Papa &#8211; Exaudi","isPartOf":{"@id":"https:\/\/exaudi.org\/#website"},"primaryImageOfPage":{"@id":"https:\/\/exaudi.org\/it\/morto-larcivescovo-desmond-tutu-cordoglio-del-papa\/#primaryimage"},"image":{"@id":"https:\/\/exaudi.org\/it\/morto-larcivescovo-desmond-tutu-cordoglio-del-papa\/#primaryimage"},"thumbnailUrl":"https:\/\/exaudi.org\/wp-content\/uploads\/2021\/12\/Flickr.jpg","datePublished":"2021-12-26T17:23:10+00:00","author":{"@id":"https:\/\/exaudi.org\/#\/schema\/person\/9dff50a782978e4538a59610667e2b74"},"description":"Francesco definisce il presule sudafricano Desmond Tutu, simbolo della lotta all'apartheid, come un uomo \"al servizio del Vangelo\"","breadcrumb":{"@id":"https:\/\/exaudi.org\/it\/morto-larcivescovo-desmond-tutu-cordoglio-del-papa\/#breadcrumb"},"inLanguage":"it-IT","potentialAction":[{"@type":"ReadAction","target":["https:\/\/exaudi.org\/it\/morto-larcivescovo-desmond-tutu-cordoglio-del-papa\/"]}]},{"@type":"ImageObject","inLanguage":"it-IT","@id":"https:\/\/exaudi.org\/it\/morto-larcivescovo-desmond-tutu-cordoglio-del-papa\/#primaryimage","url":"https:\/\/exaudi.org\/wp-content\/uploads\/2021\/12\/Flickr.jpg","contentUrl":"https:\/\/exaudi.org\/wp-content\/uploads\/2021\/12\/Flickr.jpg","width":500,"height":333,"caption":"Archbishop Desmond Tutu - Image from Flickr"},{"@type":"BreadcrumbList","@id":"https:\/\/exaudi.org\/it\/morto-larcivescovo-desmond-tutu-cordoglio-del-papa\/#breadcrumb","itemListElement":[{"@type":"ListItem","position":1,"name":"Portada","item":"https:\/\/exaudi.org\/it\/"},{"@type":"ListItem","position":2,"name":"Morto l&#8217;arcivescovo Desmond Tutu: cordoglio del Papa"}]},{"@type":"WebSite","@id":"https:\/\/exaudi.org\/#website","url":"https:\/\/exaudi.org\/","name":"Exaudi","description":"News","potentialAction":[{"@type":"SearchAction","target":{"@type":"EntryPoint","urlTemplate":"https:\/\/exaudi.org\/?s={search_term_string}"},"query-input":{"@type":"PropertyValueSpecification","valueRequired":true,"valueName":"search_term_string"}}],"inLanguage":"it-IT"},{"@type":"Person","@id":"https:\/\/exaudi.org\/#\/schema\/person\/9dff50a782978e4538a59610667e2b74","name":"Federico Cenci","image":{"@type":"ImageObject","inLanguage":"it-IT","@id":"https:\/\/secure.gravatar.com\/avatar\/535f77b8447d05f39d4ca941654f7a7b7d712f3d72f0b4b185747785f5a8e745?s=96&d=mm&r=g","url":"https:\/\/secure.gravatar.com\/avatar\/535f77b8447d05f39d4ca941654f7a7b7d712f3d72f0b4b185747785f5a8e745?s=96&d=mm&r=g","contentUrl":"https:\/\/secure.gravatar.com\/avatar\/535f77b8447d05f39d4ca941654f7a7b7d712f3d72f0b4b185747785f5a8e745?s=96&d=mm&r=g","caption":"Federico Cenci"},"url":"https:\/\/exaudi.org\/it\/author\/fcenci\/"}]}},"jetpack_featured_media_url":"https:\/\/exaudi.org\/wp-content\/uploads\/2021\/12\/Flickr.jpg","jetpack_shortlink":"https:\/\/wp.me\/pgKjF2-cjS","_links":{"self":[{"href":"https:\/\/exaudi.org\/it\/wp-json\/wp\/v2\/posts\/47360","targetHints":{"allow":["GET"]}}],"collection":[{"href":"https:\/\/exaudi.org\/it\/wp-json\/wp\/v2\/posts"}],"about":[{"href":"https:\/\/exaudi.org\/it\/wp-json\/wp\/v2\/types\/post"}],"author":[{"embeddable":true,"href":"https:\/\/exaudi.org\/it\/wp-json\/wp\/v2\/users\/92"}],"replies":[{"embeddable":true,"href":"https:\/\/exaudi.org\/it\/wp-json\/wp\/v2\/comments?post=47360"}],"version-history":[{"count":0,"href":"https:\/\/exaudi.org\/it\/wp-json\/wp\/v2\/posts\/47360\/revisions"}],"wp:featuredmedia":[{"embeddable":true,"href":"https:\/\/exaudi.org\/it\/wp-json\/wp\/v2\/media\/47361"}],"wp:attachment":[{"href":"https:\/\/exaudi.org\/it\/wp-json\/wp\/v2\/media?parent=47360"}],"wp:term":[{"taxonomy":"category","embeddable":true,"href":"https:\/\/exaudi.org\/it\/wp-json\/wp\/v2\/categories?post=47360"},{"taxonomy":"post_tag","embeddable":true,"href":"https:\/\/exaudi.org\/it\/wp-json\/wp\/v2\/tags?post=47360"}],"curies":[{"name":"wp","href":"https:\/\/api.w.org\/{rel}","templated":true}]}}