{"id":47285,"date":"2021-12-25T12:54:25","date_gmt":"2021-12-25T11:54:25","guid":{"rendered":"https:\/\/exaudi.org\/?p=47285"},"modified":"2021-12-25T12:54:25","modified_gmt":"2021-12-25T11:54:25","slug":"urbi-et-orbi-tante-le-difficolta-ma-piu-forte-e-la-speranza","status":"publish","type":"post","link":"https:\/\/exaudi.org\/it\/urbi-et-orbi-tante-le-difficolta-ma-piu-forte-e-la-speranza\/","title":{"rendered":"Urbi et Orbi: &#8220;Tante le difficolt\u00e0, ma pi\u00f9 forte \u00e8 la speranza&#8221;"},"content":{"rendered":"<p>Conflitti, crisi e contraddizioni sferzano il mondo contemporaneo. L&#8217;allarme del Papa, lanciato prima di impartire la Benedizione &#8220;Urbi et Orbi&#8221; in occasione del Natale, \u00e8 sull&#8217;assuefazione che rischiamo di maturare dinnanzi a simili sciagure. &#8220;Ci siamo abituati a tal punto che immense tragedie passano ormai sotto silenzio&#8221;, ha detto dalla Loggia Centrale della Basilica Vaticana, &#8220;rischiamo di non sentire il grido di dolore e di disperazione di tanti nostri fratelli e sorelle&#8221;. Ecco le parole di Papa Francesco.<\/p>\n<div>Cari fratelli e sorelle, buon Natale!<br \/>\nLa Parola di Dio, che ha creato il mondo e d\u00e0 senso alla storia e al cammino dell\u2019uomo, si \u00e8 fatta carne ed \u00e8 venuta ad abitare in mezzo a noi. \u00c8 apparsa come un sussurro, come il mormorio di una brezza leggera, per colmare di stupore il cuore di ogni uomo e donna che si apre al mistero.\u00a0 Il Verbo si \u00e8 fatto carne per dialogare con noi. Dio non vuole fare un monologo, ma un dialogo. Perch\u00e9 Dio stesso, Padre e Figlio e Spirito Santo, \u00e8 dialogo, eterna e infinita comunione d\u2019amore e di vita. Venendo nel mondo, nella Persona del Verbo incarnato, Dio ci ha mostrato la via dell\u2019incontro e del dialogo. Anzi, Lui stesso ha incarnato in s\u00e9 stesso questa Via, perch\u00e9 noi possiamo conoscerla e percorrerla con fiducia e speranza. Sorelle, fratelli, \u00abche cosa sarebbe il mondo senza il dialogo paziente di tante persone generose che hanno tenuto unite famiglie e comunit\u00e0?\u00bb (Enc. Fratelli tutti, 198). In questo tempo di pandemia ce ne rendiamo conto ancora di pi\u00f9. La nostra capacit\u00e0 di relazioni sociali \u00e8 messa a dura prova; si rafforza la tendenza a chiudersi, a fare da s\u00e9, a rinunciare ad uscire, a incontrarsi, a fare le cose insieme. E anche a livello internazionale c\u2019\u00e8 il rischio di non voler dialogare, il rischio che la crisi complessa induca a scegliere scorciatoie piuttosto che le strade pi\u00f9 lunghe del dialogo; ma queste sole, in realt\u00e0, conducono alla soluzione dei conflitti e a benefici condivisi e duraturi.<\/div>\n<h2>Tragedie che passano sotto silenzio<\/h2>\n<p>In effetti, mentre risuona intorno a noi e nel mondo intero l\u2019annuncio della nascita del Salvatore, sorgente della vera pace, vediamo ancora tanti conflitti, crisi e contraddizioni. Sembrano non finire mai e quasi non ce ne accorgiamo pi\u00f9. Ci siamo abituati a tal punto che immense tragedie passano ormai sotto silenzio; rischiamo di non sentire il grido di dolore e di disperazione di tanti nostri fratelli e sorelle. Pensiamo al popolo siriano, che vive da oltre un decennio una guerra che ha provocato molte vittime e un numero incalcolabile di profughi. Guardiamo all\u2019Iraq, che fatica ancora a rialzarsi dopo un lungo conflitto. Ascoltiamo il grido dei bambini che si leva dallo Yemen, dove un\u2019immane tragedia, dimenticata da tutti, da anni si sta consumando in silenzio, provocando morti ogni giorno. Ricordiamo le continue tensioni tra israeliani e palestinesi, che si trascinano senza soluzione, con sempre maggiori conseguenze sociali e politiche. Non dimentichiamoci di Betlemme, il luogo in cui Ges\u00f9 ha visto la luce e che vive tempi difficili anche per i disagi economici dovuti alla pandemia, che impedisce ai pellegrini di raggiungere la Terra Santa, con effetti negativi sulla vita della popolazione. Pensiamo al Libano, che soffre una crisi senza precedenti con condizioni economiche e sociali molto preoccupanti.<\/p>\n<h2>In Ges\u00f9 la forza di aprirci al dialogo<\/h2>\n<p>Ma ecco, nel cuore della notte, il segno di speranza! Oggi, \u00abl\u2019amor che move il sole e l\u2019altre stelle\u00bb (Par., XXXIII, 145), come dice Dante, si \u00e8 fatto carne. \u00c8 venuto in forma umana, ha condiviso i nostri drammi e ha rotto il muro della nostra indifferenza. Nel freddo della notte protende le sue piccole braccia verso di noi: ha bisogno di tutto ma viene a donarci tutto. A Lui chiediamo la forza di aprirci al dialogo. In questo giorno di festa lo imploriamo di suscitare nei cuori di tutti aneliti di riconciliazione e di fraternit\u00e0. A Lui rivolgiamo la nostra supplica.<br \/>\nBambino Ges\u00f9, dona pace e concordia al Medio Oriente e al mondo intero. Sostieni quanti sono impegnati a dare assistenza umanitaria alle popolazioni costrette a fuggire dalla loro patria; conforta il popolo afgano, che da oltre quarant\u2019anni \u00e8 messo a dura prova da conflitti che hanno spinto molti a lasciare il Paese. Re delle genti, aiuta le autorit\u00e0 politiche a pacificare le societ\u00e0 sconvolte da tensioni e contrasti. Sostieni il popolo del Myanmar, dove intolleranza e violenza colpiscono non di rado anche la comunit\u00e0 cristiana e i luoghi di culto, e oscurano il volto pacifico di quella popolazione. Sii luce e sostegno per chi crede e opera, andando anche controcorrente, in favore dell\u2019incontro e del dialogo, e non permettere che dilaghino in Ucraina le metastasi di un conflitto incancrenito. Principe della Pace, assisti l\u2019Etiopia nel ritrovare la via della riconciliazione e della pace attraverso un confronto sincero che metta al primo posto le esigenze della popolazione. Ascolta il grido delle popolazioni della regione del Sahel, che sperimentano la violenza del terrorismo internazionale. Volgi lo sguardo ai popoli dei Paesi del Nord Africa che sono afflitti dalle divisioni, dalla disoccupazione e dalla disparit\u00e0 economica; e allevia le sofferenze dei tanti fratelli e sorelle che soffrono per i conflitti interni in Sudan e Sud Sudan. Fa\u2019 che prevalgano nei cuori dei popoli del continente americano i valori della solidariet\u00e0, della riconciliazione e della pacifica convivenza, attraverso il dialogo, il rispetto reciproco e il riconoscimento dei diritti e dei valori culturali di tutti gli esseri umani. Figlio di Dio, conforta le vittime della violenza nei confronti delle donne che dilaga in questo tempo di pandemia. Offri speranza ai bambini e agli adolescenti fatti oggetto di bullismo e di abusi. Da\u2019 consolazione e affetto agli anziani, soprattutto a quelli pi\u00f9 soli. Dona serenit\u00e0 e unit\u00e0 alle famiglie, luogo primario dell\u2019educazione e base del tessuto sociale.<\/p>\n<h2>Il pensiero alla crisi sanitaria<\/h2>\n<p>Dio-con-noi, concedi salute ai malati e ispira tutte le persone di buona volont\u00e0 a trovare le soluzioni pi\u00f9 idonee per superare la crisi sanitaria e le sue conseguenze. Rendi i cuori generosi, per far giungere le cure necessarie, specialmente i vaccini, alle popolazioni pi\u00f9 bisognose. Ricompensa tutti coloro che mostrano attenzione e dedizione nel prendersi cura dei familiari, degli ammalati e dei pi\u00f9 deboli. Bambino di Betlemme, consenti di fare presto ritorno a casa ai tanti prigionieri di guerra, civili e militari, dei recenti conflitti, e a quanti sono incarcerati per ragioni politiche. Non ci lasciare indifferenti di fronte al dramma dei migranti, dei profughi e dei rifugiati. I loro occhi ci chiedono di non girarci dall\u2019altra parte, di non rinnegare l\u2019umanit\u00e0 che ci accomuna, di fare nostre le loro storie e di non dimenticare i loro drammi. Verbo eterno che ti sei fatto carne, rendici premurosi verso la nostra casa comune, anch\u2019essa sofferente per l\u2019incuria con cui spesso la trattiamo, e sprona le autorit\u00e0 politiche a trovare accordi efficaci perch\u00e9 le prossime generazioni possano vivere in un ambiente rispettoso della vita.<br \/>\nCari fratelli e sorelle, tante sono le difficolt\u00e0 del nostro tempo, ma pi\u00f9 forte \u00e8 la speranza, perch\u00e9 \u00abun bambino \u00e8 nato per noi\u00bb (Is 9,5). Lui \u00e8 la Parola di Dio e si \u00e8 fatto in-fante, capace solo di vagire e bisognoso di tutto. Ha voluto imparare a parlare, come ogni bambino, perch\u00e9 noi imparassimo ad ascoltare Dio, nostro Padre, ad ascoltarci tra noi e a dialogare come fratelli e sorelle. O Cristo, nato per noi, insegnaci a camminare con Te sui sentieri della pace.<br \/>\nBuon Natale a tutti!<\/p>\n","protected":false},"excerpt":{"rendered":"<p>Conflitti, crisi e contraddizioni sferzano il mondo contemporaneo. L&#8217;allarme del Papa, lanciato prima di impartire la Benedizione &#8220;Urbi et Orbi&#8221; in occasione del Natale, \u00e8 sull&#8217;assuefazione che rischiamo di maturare dinnanzi a simili sciagure. &#8220;Ci siamo abituati a tal punto che immense tragedie passano ormai sotto silenzio&#8221;, ha detto dalla Loggia Centrale della Basilica Vaticana, [&hellip;]<\/p>\n","protected":false},"author":92,"featured_media":47286,"comment_status":"closed","ping_status":"closed","sticky":false,"template":"","format":"standard","meta":{"_acf_changed":false,"_crdt_document":"","inline_featured_image":false,"footnotes":""},"categories":[67],"tags":[2487,785,4696,251,1268],"class_list":["post-47285","post","type-post","status-publish","format-standard","has-post-thumbnail","hentry","category-leone-xiv","tag-featured-3","tag-guerra","tag-natale","tag-papa-francesco","tag-urbi-et-orbi-it"],"acf":[],"yoast_head":"<!-- This site is optimized with the Yoast SEO plugin v27.5 - https:\/\/yoast.com\/product\/yoast-seo-wordpress\/ -->\n<title>Urbi et Orbi: &quot;Tante le difficolt\u00e0, ma pi\u00f9 forte \u00e8 la speranza&quot; &#8211; Exaudi<\/title>\n<meta name=\"description\" content=\"L&#039;allarme del Papa durante la Benedizione &quot;Urbi et Orbi&quot; in occasione del Natale. &quot;Immense tragedie passano ormai sotto silenzio&quot;\" \/>\n<meta name=\"robots\" content=\"index, follow, max-snippet:-1, max-image-preview:large, max-video-preview:-1\" \/>\n<link rel=\"canonical\" href=\"https:\/\/exaudi.org\/it\/urbi-et-orbi-tante-le-difficolta-ma-piu-forte-e-la-speranza\/\" \/>\n<meta property=\"og:locale\" content=\"it_IT\" \/>\n<meta property=\"og:type\" content=\"article\" \/>\n<meta property=\"og:title\" content=\"Urbi et Orbi: &quot;Tante le difficolt\u00e0, ma pi\u00f9 forte \u00e8 la speranza&quot; &#8211; Exaudi\" \/>\n<meta property=\"og:description\" content=\"L&#039;allarme del Papa durante la Benedizione &quot;Urbi et Orbi&quot; in occasione del Natale. &quot;Immense tragedie passano ormai sotto silenzio&quot;\" \/>\n<meta property=\"og:url\" content=\"https:\/\/exaudi.org\/it\/urbi-et-orbi-tante-le-difficolta-ma-piu-forte-e-la-speranza\/\" \/>\n<meta property=\"og:site_name\" content=\"Exaudi\" \/>\n<meta property=\"article:publisher\" content=\"https:\/\/www.facebook.com\/ExaudiNews\" \/>\n<meta property=\"article:published_time\" content=\"2021-12-25T11:54:25+00:00\" \/>\n<meta property=\"og:image\" content=\"https:\/\/exaudi.org\/wp-content\/uploads\/2021\/12\/cq5dam.thumbnail.cropped.1000.563-14.jpeg\" \/>\n\t<meta property=\"og:image:width\" content=\"1000\" \/>\n\t<meta property=\"og:image:height\" content=\"563\" \/>\n\t<meta property=\"og:image:type\" content=\"image\/jpeg\" \/>\n<meta name=\"author\" content=\"Federico Cenci\" \/>\n<meta name=\"twitter:card\" content=\"summary_large_image\" \/>\n<meta name=\"twitter:creator\" content=\"@Exaudi_News\" \/>\n<meta name=\"twitter:site\" content=\"@Exaudi_News\" \/>\n<meta name=\"twitter:label1\" content=\"Scritto da\" \/>\n\t<meta name=\"twitter:data1\" content=\"Federico Cenci\" \/>\n\t<meta name=\"twitter:label2\" content=\"Tempo di lettura stimato\" \/>\n\t<meta name=\"twitter:data2\" content=\"6 minuti\" \/>\n<script type=\"application\/ld+json\" class=\"yoast-schema-graph\">{\"@context\":\"https:\\\/\\\/schema.org\",\"@graph\":[{\"@type\":\"Article\",\"@id\":\"https:\\\/\\\/exaudi.org\\\/it\\\/urbi-et-orbi-tante-le-difficolta-ma-piu-forte-e-la-speranza\\\/#article\",\"isPartOf\":{\"@id\":\"https:\\\/\\\/exaudi.org\\\/it\\\/urbi-et-orbi-tante-le-difficolta-ma-piu-forte-e-la-speranza\\\/\"},\"author\":{\"name\":\"Federico Cenci\",\"@id\":\"https:\\\/\\\/exaudi.org\\\/#\\\/schema\\\/person\\\/9dff50a782978e4538a59610667e2b74\"},\"headline\":\"Urbi et Orbi: &#8220;Tante le difficolt\u00e0, ma pi\u00f9 forte \u00e8 la speranza&#8221;\",\"datePublished\":\"2021-12-25T11:54:25+00:00\",\"mainEntityOfPage\":{\"@id\":\"https:\\\/\\\/exaudi.org\\\/it\\\/urbi-et-orbi-tante-le-difficolta-ma-piu-forte-e-la-speranza\\\/\"},\"wordCount\":1257,\"image\":{\"@id\":\"https:\\\/\\\/exaudi.org\\\/it\\\/urbi-et-orbi-tante-le-difficolta-ma-piu-forte-e-la-speranza\\\/#primaryimage\"},\"thumbnailUrl\":\"https:\\\/\\\/exaudi.org\\\/wp-content\\\/uploads\\\/2021\\\/12\\\/cq5dam.thumbnail.cropped.1000.563-14.jpeg\",\"keywords\":[\"Featured\",\"guerra\",\"natale\",\"Papa Francesco\",\"urbi et orbi\"],\"articleSection\":[\"Leone XIV\"],\"inLanguage\":\"it-IT\"},{\"@type\":\"WebPage\",\"@id\":\"https:\\\/\\\/exaudi.org\\\/it\\\/urbi-et-orbi-tante-le-difficolta-ma-piu-forte-e-la-speranza\\\/\",\"url\":\"https:\\\/\\\/exaudi.org\\\/it\\\/urbi-et-orbi-tante-le-difficolta-ma-piu-forte-e-la-speranza\\\/\",\"name\":\"Urbi et Orbi: \\\"Tante le difficolt\u00e0, ma pi\u00f9 forte \u00e8 la speranza\\\" &#8211; Exaudi\",\"isPartOf\":{\"@id\":\"https:\\\/\\\/exaudi.org\\\/#website\"},\"primaryImageOfPage\":{\"@id\":\"https:\\\/\\\/exaudi.org\\\/it\\\/urbi-et-orbi-tante-le-difficolta-ma-piu-forte-e-la-speranza\\\/#primaryimage\"},\"image\":{\"@id\":\"https:\\\/\\\/exaudi.org\\\/it\\\/urbi-et-orbi-tante-le-difficolta-ma-piu-forte-e-la-speranza\\\/#primaryimage\"},\"thumbnailUrl\":\"https:\\\/\\\/exaudi.org\\\/wp-content\\\/uploads\\\/2021\\\/12\\\/cq5dam.thumbnail.cropped.1000.563-14.jpeg\",\"datePublished\":\"2021-12-25T11:54:25+00:00\",\"author\":{\"@id\":\"https:\\\/\\\/exaudi.org\\\/#\\\/schema\\\/person\\\/9dff50a782978e4538a59610667e2b74\"},\"description\":\"L'allarme del Papa durante la Benedizione \\\"Urbi et Orbi\\\" in occasione del Natale. \\\"Immense tragedie passano ormai sotto silenzio\\\"\",\"breadcrumb\":{\"@id\":\"https:\\\/\\\/exaudi.org\\\/it\\\/urbi-et-orbi-tante-le-difficolta-ma-piu-forte-e-la-speranza\\\/#breadcrumb\"},\"inLanguage\":\"it-IT\",\"potentialAction\":[{\"@type\":\"ReadAction\",\"target\":[\"https:\\\/\\\/exaudi.org\\\/it\\\/urbi-et-orbi-tante-le-difficolta-ma-piu-forte-e-la-speranza\\\/\"]}]},{\"@type\":\"ImageObject\",\"inLanguage\":\"it-IT\",\"@id\":\"https:\\\/\\\/exaudi.org\\\/it\\\/urbi-et-orbi-tante-le-difficolta-ma-piu-forte-e-la-speranza\\\/#primaryimage\",\"url\":\"https:\\\/\\\/exaudi.org\\\/wp-content\\\/uploads\\\/2021\\\/12\\\/cq5dam.thumbnail.cropped.1000.563-14.jpeg\",\"contentUrl\":\"https:\\\/\\\/exaudi.org\\\/wp-content\\\/uploads\\\/2021\\\/12\\\/cq5dam.thumbnail.cropped.1000.563-14.jpeg\",\"width\":1000,\"height\":563,\"caption\":\"\u00a9 Vatican Media\"},{\"@type\":\"BreadcrumbList\",\"@id\":\"https:\\\/\\\/exaudi.org\\\/it\\\/urbi-et-orbi-tante-le-difficolta-ma-piu-forte-e-la-speranza\\\/#breadcrumb\",\"itemListElement\":[{\"@type\":\"ListItem\",\"position\":1,\"name\":\"Portada\",\"item\":\"https:\\\/\\\/exaudi.org\\\/it\\\/\"},{\"@type\":\"ListItem\",\"position\":2,\"name\":\"Urbi et Orbi: &#8220;Tante le difficolt\u00e0, ma pi\u00f9 forte \u00e8 la speranza&#8221;\"}]},{\"@type\":\"WebSite\",\"@id\":\"https:\\\/\\\/exaudi.org\\\/#website\",\"url\":\"https:\\\/\\\/exaudi.org\\\/\",\"name\":\"Exaudi\",\"description\":\"News\",\"potentialAction\":[{\"@type\":\"SearchAction\",\"target\":{\"@type\":\"EntryPoint\",\"urlTemplate\":\"https:\\\/\\\/exaudi.org\\\/?s={search_term_string}\"},\"query-input\":{\"@type\":\"PropertyValueSpecification\",\"valueRequired\":true,\"valueName\":\"search_term_string\"}}],\"inLanguage\":\"it-IT\"},{\"@type\":\"Person\",\"@id\":\"https:\\\/\\\/exaudi.org\\\/#\\\/schema\\\/person\\\/9dff50a782978e4538a59610667e2b74\",\"name\":\"Federico Cenci\",\"image\":{\"@type\":\"ImageObject\",\"inLanguage\":\"it-IT\",\"@id\":\"https:\\\/\\\/secure.gravatar.com\\\/avatar\\\/535f77b8447d05f39d4ca941654f7a7b7d712f3d72f0b4b185747785f5a8e745?s=96&d=mm&r=g\",\"url\":\"https:\\\/\\\/secure.gravatar.com\\\/avatar\\\/535f77b8447d05f39d4ca941654f7a7b7d712f3d72f0b4b185747785f5a8e745?s=96&d=mm&r=g\",\"contentUrl\":\"https:\\\/\\\/secure.gravatar.com\\\/avatar\\\/535f77b8447d05f39d4ca941654f7a7b7d712f3d72f0b4b185747785f5a8e745?s=96&d=mm&r=g\",\"caption\":\"Federico Cenci\"},\"url\":\"https:\\\/\\\/exaudi.org\\\/it\\\/author\\\/fcenci\\\/\"}]}<\/script>\n<!-- \/ Yoast SEO plugin. -->","yoast_head_json":{"title":"Urbi et Orbi: \"Tante le difficolt\u00e0, ma pi\u00f9 forte \u00e8 la speranza\" &#8211; Exaudi","description":"L'allarme del Papa durante la Benedizione \"Urbi et Orbi\" in occasione del Natale. \"Immense tragedie passano ormai sotto silenzio\"","robots":{"index":"index","follow":"follow","max-snippet":"max-snippet:-1","max-image-preview":"max-image-preview:large","max-video-preview":"max-video-preview:-1"},"canonical":"https:\/\/exaudi.org\/it\/urbi-et-orbi-tante-le-difficolta-ma-piu-forte-e-la-speranza\/","og_locale":"it_IT","og_type":"article","og_title":"Urbi et Orbi: \"Tante le difficolt\u00e0, ma pi\u00f9 forte \u00e8 la speranza\" &#8211; Exaudi","og_description":"L'allarme del Papa durante la Benedizione \"Urbi et Orbi\" in occasione del Natale. \"Immense tragedie passano ormai sotto silenzio\"","og_url":"https:\/\/exaudi.org\/it\/urbi-et-orbi-tante-le-difficolta-ma-piu-forte-e-la-speranza\/","og_site_name":"Exaudi","article_publisher":"https:\/\/www.facebook.com\/ExaudiNews","article_published_time":"2021-12-25T11:54:25+00:00","og_image":[{"width":1000,"height":563,"url":"https:\/\/exaudi.org\/wp-content\/uploads\/2021\/12\/cq5dam.thumbnail.cropped.1000.563-14.jpeg","type":"image\/jpeg"}],"author":"Federico Cenci","twitter_card":"summary_large_image","twitter_creator":"@Exaudi_News","twitter_site":"@Exaudi_News","twitter_misc":{"Scritto da":"Federico Cenci","Tempo di lettura stimato":"6 minuti"},"schema":{"@context":"https:\/\/schema.org","@graph":[{"@type":"Article","@id":"https:\/\/exaudi.org\/it\/urbi-et-orbi-tante-le-difficolta-ma-piu-forte-e-la-speranza\/#article","isPartOf":{"@id":"https:\/\/exaudi.org\/it\/urbi-et-orbi-tante-le-difficolta-ma-piu-forte-e-la-speranza\/"},"author":{"name":"Federico Cenci","@id":"https:\/\/exaudi.org\/#\/schema\/person\/9dff50a782978e4538a59610667e2b74"},"headline":"Urbi et Orbi: &#8220;Tante le difficolt\u00e0, ma pi\u00f9 forte \u00e8 la speranza&#8221;","datePublished":"2021-12-25T11:54:25+00:00","mainEntityOfPage":{"@id":"https:\/\/exaudi.org\/it\/urbi-et-orbi-tante-le-difficolta-ma-piu-forte-e-la-speranza\/"},"wordCount":1257,"image":{"@id":"https:\/\/exaudi.org\/it\/urbi-et-orbi-tante-le-difficolta-ma-piu-forte-e-la-speranza\/#primaryimage"},"thumbnailUrl":"https:\/\/exaudi.org\/wp-content\/uploads\/2021\/12\/cq5dam.thumbnail.cropped.1000.563-14.jpeg","keywords":["Featured","guerra","natale","Papa Francesco","urbi et orbi"],"articleSection":["Leone XIV"],"inLanguage":"it-IT"},{"@type":"WebPage","@id":"https:\/\/exaudi.org\/it\/urbi-et-orbi-tante-le-difficolta-ma-piu-forte-e-la-speranza\/","url":"https:\/\/exaudi.org\/it\/urbi-et-orbi-tante-le-difficolta-ma-piu-forte-e-la-speranza\/","name":"Urbi et Orbi: \"Tante le difficolt\u00e0, ma pi\u00f9 forte \u00e8 la speranza\" &#8211; Exaudi","isPartOf":{"@id":"https:\/\/exaudi.org\/#website"},"primaryImageOfPage":{"@id":"https:\/\/exaudi.org\/it\/urbi-et-orbi-tante-le-difficolta-ma-piu-forte-e-la-speranza\/#primaryimage"},"image":{"@id":"https:\/\/exaudi.org\/it\/urbi-et-orbi-tante-le-difficolta-ma-piu-forte-e-la-speranza\/#primaryimage"},"thumbnailUrl":"https:\/\/exaudi.org\/wp-content\/uploads\/2021\/12\/cq5dam.thumbnail.cropped.1000.563-14.jpeg","datePublished":"2021-12-25T11:54:25+00:00","author":{"@id":"https:\/\/exaudi.org\/#\/schema\/person\/9dff50a782978e4538a59610667e2b74"},"description":"L'allarme del Papa durante la Benedizione \"Urbi et Orbi\" in occasione del Natale. \"Immense tragedie passano ormai sotto silenzio\"","breadcrumb":{"@id":"https:\/\/exaudi.org\/it\/urbi-et-orbi-tante-le-difficolta-ma-piu-forte-e-la-speranza\/#breadcrumb"},"inLanguage":"it-IT","potentialAction":[{"@type":"ReadAction","target":["https:\/\/exaudi.org\/it\/urbi-et-orbi-tante-le-difficolta-ma-piu-forte-e-la-speranza\/"]}]},{"@type":"ImageObject","inLanguage":"it-IT","@id":"https:\/\/exaudi.org\/it\/urbi-et-orbi-tante-le-difficolta-ma-piu-forte-e-la-speranza\/#primaryimage","url":"https:\/\/exaudi.org\/wp-content\/uploads\/2021\/12\/cq5dam.thumbnail.cropped.1000.563-14.jpeg","contentUrl":"https:\/\/exaudi.org\/wp-content\/uploads\/2021\/12\/cq5dam.thumbnail.cropped.1000.563-14.jpeg","width":1000,"height":563,"caption":"\u00a9 Vatican Media"},{"@type":"BreadcrumbList","@id":"https:\/\/exaudi.org\/it\/urbi-et-orbi-tante-le-difficolta-ma-piu-forte-e-la-speranza\/#breadcrumb","itemListElement":[{"@type":"ListItem","position":1,"name":"Portada","item":"https:\/\/exaudi.org\/it\/"},{"@type":"ListItem","position":2,"name":"Urbi et Orbi: &#8220;Tante le difficolt\u00e0, ma pi\u00f9 forte \u00e8 la speranza&#8221;"}]},{"@type":"WebSite","@id":"https:\/\/exaudi.org\/#website","url":"https:\/\/exaudi.org\/","name":"Exaudi","description":"News","potentialAction":[{"@type":"SearchAction","target":{"@type":"EntryPoint","urlTemplate":"https:\/\/exaudi.org\/?s={search_term_string}"},"query-input":{"@type":"PropertyValueSpecification","valueRequired":true,"valueName":"search_term_string"}}],"inLanguage":"it-IT"},{"@type":"Person","@id":"https:\/\/exaudi.org\/#\/schema\/person\/9dff50a782978e4538a59610667e2b74","name":"Federico Cenci","image":{"@type":"ImageObject","inLanguage":"it-IT","@id":"https:\/\/secure.gravatar.com\/avatar\/535f77b8447d05f39d4ca941654f7a7b7d712f3d72f0b4b185747785f5a8e745?s=96&d=mm&r=g","url":"https:\/\/secure.gravatar.com\/avatar\/535f77b8447d05f39d4ca941654f7a7b7d712f3d72f0b4b185747785f5a8e745?s=96&d=mm&r=g","contentUrl":"https:\/\/secure.gravatar.com\/avatar\/535f77b8447d05f39d4ca941654f7a7b7d712f3d72f0b4b185747785f5a8e745?s=96&d=mm&r=g","caption":"Federico Cenci"},"url":"https:\/\/exaudi.org\/it\/author\/fcenci\/"}]}},"jetpack_featured_media_url":"https:\/\/exaudi.org\/wp-content\/uploads\/2021\/12\/cq5dam.thumbnail.cropped.1000.563-14.jpeg","jetpack_shortlink":"https:\/\/wp.me\/pgKjF2-ciF","_links":{"self":[{"href":"https:\/\/exaudi.org\/it\/wp-json\/wp\/v2\/posts\/47285","targetHints":{"allow":["GET"]}}],"collection":[{"href":"https:\/\/exaudi.org\/it\/wp-json\/wp\/v2\/posts"}],"about":[{"href":"https:\/\/exaudi.org\/it\/wp-json\/wp\/v2\/types\/post"}],"author":[{"embeddable":true,"href":"https:\/\/exaudi.org\/it\/wp-json\/wp\/v2\/users\/92"}],"replies":[{"embeddable":true,"href":"https:\/\/exaudi.org\/it\/wp-json\/wp\/v2\/comments?post=47285"}],"version-history":[{"count":0,"href":"https:\/\/exaudi.org\/it\/wp-json\/wp\/v2\/posts\/47285\/revisions"}],"wp:featuredmedia":[{"embeddable":true,"href":"https:\/\/exaudi.org\/it\/wp-json\/wp\/v2\/media\/47286"}],"wp:attachment":[{"href":"https:\/\/exaudi.org\/it\/wp-json\/wp\/v2\/media?parent=47285"}],"wp:term":[{"taxonomy":"category","embeddable":true,"href":"https:\/\/exaudi.org\/it\/wp-json\/wp\/v2\/categories?post=47285"},{"taxonomy":"post_tag","embeddable":true,"href":"https:\/\/exaudi.org\/it\/wp-json\/wp\/v2\/tags?post=47285"}],"curies":[{"name":"wp","href":"https:\/\/api.w.org\/{rel}","templated":true}]}}