{"id":47260,"date":"2021-12-24T17:57:03","date_gmt":"2021-12-24T16:57:03","guid":{"rendered":"https:\/\/exaudi.org\/?p=47260"},"modified":"2021-12-24T18:16:28","modified_gmt":"2021-12-24T17:16:28","slug":"il-papa-ai-giovani-della-terra-santa-siate-fedeli-alle-vostre-radici","status":"publish","type":"post","link":"https:\/\/exaudi.org\/it\/il-papa-ai-giovani-della-terra-santa-siate-fedeli-alle-vostre-radici\/","title":{"rendered":"Il Papa ai giovani della Terra Santa: Siate fedeli alle vostre radici"},"content":{"rendered":"<p>In un messaggio esclusivo, registrato durante la sua recente visita a <a href=\"https:\/\/exaudi.org\/it\/pazienza-e-fraternita-il-primo-messaggio-del-papa-a-cipro\/\">Cipro<\/a>, Papa Francesco ha esortato i giovani di Betlemme e della <a href=\"https:\/\/www.custodia.org\/it\">Terra Santa<\/a> a restare fedeli alle proprie radici nella terra in cui \u00e8 nato Ges\u00f9. Ecco il messaggio del Papa.<\/p>\n<p>Cari giovani, desidero salutarvi da Cipro. Vi sono vicino, sull\u2019altra sponda. Vi penso molto, voi che siete in Terra Santa\u2026 luogo di pellegrinaggio che, purtroppo, a causa della pandemia di Coronavirus, ha sofferto in modo particolare. A volte non sapete cosa fare, a volte pensate che l\u00ec non ci sia futuro e per questo meditate di emigrare altrove&#8230; Per favore, non lasciatevi prendere da questi pensieri negativi. Guardate avanti, guardate l&#8217;orizzonte! C&#8217;\u00e8 sempre un orizzonte nella vita. Possiamo fare due cose: abbassare lo sguardo o guardare l\u2019orizzonte. Provate a guardare l&#8217;orizzonte!<\/p>\n<h2>La speranza non delude<\/h2>\n<p>C\u2019\u00e8 sempre promessa al di l\u00e0, e quando la promessa \u00e8 garantita dalla parola di Dio, non delude mai. La speranza non delude, Dio non delude. Invece: impegnatevi con la vostra terra, impegnatevi con la vostra patria, impegnatevi con la vostra storia. E portate avanti quella vocazione umana che Dio vi ha donato! Non rinunciate, guardate sempre avanti, non abbandonate il sogno di costruire, di far progredire il vostro popolo, di far crescere le vostre radici, la vostra ricchezza culturale, la vostra ricchezza religiosa. Formare una famiglia \u00e8 difficile nella situazione attuale, ma non perdete la speranza: la speranza non delude!<\/p>\n<p>In questa vigilia di Natale, chi avrebbe mai pensato che quel bambino fosse il figlio di Dio!? I Magi lo avevano intuito e sono stati pronti a rischiare. Per questo vi dico: in mezzo alla povert\u00e0, in un tempo di guerre, di limitazioni, di barriere, di mancanza di libert\u00e0, pensate al presepe di Ges\u00f9. E proprio come Lui ha fatto quello che ha fatto da una mangiatoia, anche voi in situazioni di contraddizione potete fare cose grandi! Scommette sul futuro, osate! E vedrete come Dio vi benedir\u00e0. Buon Natale, santo Natale. E per favore, non dimenticatevi di pregare per me. Grazie mille.<\/p>\n","protected":false},"excerpt":{"rendered":"<p>Messaggio d&#8217;auguri del Santo Padre registrato durante la sua recente visita a Cipro<\/p>\n","protected":false},"author":17,"featured_media":10328,"comment_status":"closed","ping_status":"closed","sticky":false,"template":"","format":"standard","meta":{"_acf_changed":false,"_crdt_document":"","inline_featured_image":false,"footnotes":""},"categories":[67],"tags":[1141,251,819,4952],"class_list":["post-47260","post","type-post","status-publish","format-standard","has-post-thumbnail","hentry","category-leone-xiv","tag-giovani","tag-papa-francesco","tag-terra-santa","tag-trending-it"],"acf":[],"yoast_head":"<!-- This site is optimized with the Yoast SEO plugin v27.5 - https:\/\/yoast.com\/product\/yoast-seo-wordpress\/ -->\n<title>Il Papa ai giovani della Terra Santa: Siate fedeli alle vostre radici &#8211; Exaudi<\/title>\n<meta name=\"description\" content=\"Messaggio d&#039;auguri del Santo Padre ai giovani della Terra Santa registrato durante la sua recente visita a Cipro\" \/>\n<meta name=\"robots\" content=\"index, follow, max-snippet:-1, max-image-preview:large, max-video-preview:-1\" \/>\n<link rel=\"canonical\" href=\"https:\/\/exaudi.org\/it\/il-papa-ai-giovani-della-terra-santa-siate-fedeli-alle-vostre-radici\/\" \/>\n<meta property=\"og:locale\" content=\"it_IT\" \/>\n<meta property=\"og:type\" content=\"article\" \/>\n<meta property=\"og:title\" content=\"Il Papa ai giovani della Terra Santa: Siate fedeli alle vostre radici &#8211; Exaudi\" \/>\n<meta property=\"og:description\" content=\"Messaggio d&#039;auguri del Santo Padre ai giovani della Terra Santa registrato durante la sua recente visita a Cipro\" \/>\n<meta property=\"og:url\" content=\"https:\/\/exaudi.org\/it\/il-papa-ai-giovani-della-terra-santa-siate-fedeli-alle-vostre-radici\/\" \/>\n<meta property=\"og:site_name\" content=\"Exaudi\" \/>\n<meta property=\"article:publisher\" content=\"https:\/\/www.facebook.com\/ExaudiNews\" \/>\n<meta property=\"article:author\" content=\"https:\/\/www.facebook.com\/ExaudiNotizie\/\" \/>\n<meta property=\"article:published_time\" content=\"2021-12-24T16:57:03+00:00\" \/>\n<meta property=\"article:modified_time\" content=\"2021-12-24T17:16:28+00:00\" \/>\n<meta property=\"og:image\" content=\"https:\/\/exaudi.org\/wp-content\/uploads\/2021\/04\/Tierra-Santa.jpeg\" \/>\n\t<meta property=\"og:image:width\" content=\"1500\" \/>\n\t<meta property=\"og:image:height\" content=\"844\" \/>\n\t<meta property=\"og:image:type\" content=\"image\/jpeg\" \/>\n<meta name=\"author\" content=\"Exaudi Redazione\" \/>\n<meta name=\"twitter:card\" content=\"summary_large_image\" \/>\n<meta name=\"twitter:creator\" content=\"@Exaudi_Notizie\" \/>\n<meta name=\"twitter:site\" content=\"@Exaudi_News\" \/>\n<meta name=\"twitter:label1\" content=\"Scritto da\" \/>\n\t<meta name=\"twitter:data1\" content=\"Exaudi Redazione\" \/>\n\t<meta name=\"twitter:label2\" content=\"Tempo di lettura stimato\" \/>\n\t<meta name=\"twitter:data2\" content=\"2 minuti\" \/>\n<script type=\"application\/ld+json\" class=\"yoast-schema-graph\">{\"@context\":\"https:\\\/\\\/schema.org\",\"@graph\":[{\"@type\":\"Article\",\"@id\":\"https:\\\/\\\/exaudi.org\\\/it\\\/il-papa-ai-giovani-della-terra-santa-siate-fedeli-alle-vostre-radici\\\/#article\",\"isPartOf\":{\"@id\":\"https:\\\/\\\/exaudi.org\\\/it\\\/il-papa-ai-giovani-della-terra-santa-siate-fedeli-alle-vostre-radici\\\/\"},\"author\":{\"name\":\"Exaudi Redazione\",\"@id\":\"https:\\\/\\\/exaudi.org\\\/#\\\/schema\\\/person\\\/e1ab6ed07c01774724dd96f925f3a5f0\"},\"headline\":\"Il Papa ai giovani della Terra Santa: Siate fedeli alle vostre radici\",\"datePublished\":\"2021-12-24T16:57:03+00:00\",\"dateModified\":\"2021-12-24T17:16:28+00:00\",\"mainEntityOfPage\":{\"@id\":\"https:\\\/\\\/exaudi.org\\\/it\\\/il-papa-ai-giovani-della-terra-santa-siate-fedeli-alle-vostre-radici\\\/\"},\"wordCount\":353,\"image\":{\"@id\":\"https:\\\/\\\/exaudi.org\\\/it\\\/il-papa-ai-giovani-della-terra-santa-siate-fedeli-alle-vostre-radici\\\/#primaryimage\"},\"thumbnailUrl\":\"https:\\\/\\\/exaudi.org\\\/wp-content\\\/uploads\\\/2021\\\/04\\\/Tierra-Santa.jpeg\",\"keywords\":[\"giovani\",\"Papa Francesco\",\"Terra Santa\",\"Trending\"],\"articleSection\":[\"Leone XIV\"],\"inLanguage\":\"it-IT\"},{\"@type\":\"WebPage\",\"@id\":\"https:\\\/\\\/exaudi.org\\\/it\\\/il-papa-ai-giovani-della-terra-santa-siate-fedeli-alle-vostre-radici\\\/\",\"url\":\"https:\\\/\\\/exaudi.org\\\/it\\\/il-papa-ai-giovani-della-terra-santa-siate-fedeli-alle-vostre-radici\\\/\",\"name\":\"Il Papa ai giovani della Terra Santa: Siate fedeli alle vostre radici &#8211; Exaudi\",\"isPartOf\":{\"@id\":\"https:\\\/\\\/exaudi.org\\\/#website\"},\"primaryImageOfPage\":{\"@id\":\"https:\\\/\\\/exaudi.org\\\/it\\\/il-papa-ai-giovani-della-terra-santa-siate-fedeli-alle-vostre-radici\\\/#primaryimage\"},\"image\":{\"@id\":\"https:\\\/\\\/exaudi.org\\\/it\\\/il-papa-ai-giovani-della-terra-santa-siate-fedeli-alle-vostre-radici\\\/#primaryimage\"},\"thumbnailUrl\":\"https:\\\/\\\/exaudi.org\\\/wp-content\\\/uploads\\\/2021\\\/04\\\/Tierra-Santa.jpeg\",\"datePublished\":\"2021-12-24T16:57:03+00:00\",\"dateModified\":\"2021-12-24T17:16:28+00:00\",\"author\":{\"@id\":\"https:\\\/\\\/exaudi.org\\\/#\\\/schema\\\/person\\\/e1ab6ed07c01774724dd96f925f3a5f0\"},\"description\":\"Messaggio d'auguri del Santo Padre ai giovani della Terra Santa registrato durante la sua recente visita a Cipro\",\"breadcrumb\":{\"@id\":\"https:\\\/\\\/exaudi.org\\\/it\\\/il-papa-ai-giovani-della-terra-santa-siate-fedeli-alle-vostre-radici\\\/#breadcrumb\"},\"inLanguage\":\"it-IT\",\"potentialAction\":[{\"@type\":\"ReadAction\",\"target\":[\"https:\\\/\\\/exaudi.org\\\/it\\\/il-papa-ai-giovani-della-terra-santa-siate-fedeli-alle-vostre-radici\\\/\"]}]},{\"@type\":\"ImageObject\",\"inLanguage\":\"it-IT\",\"@id\":\"https:\\\/\\\/exaudi.org\\\/it\\\/il-papa-ai-giovani-della-terra-santa-siate-fedeli-alle-vostre-radici\\\/#primaryimage\",\"url\":\"https:\\\/\\\/exaudi.org\\\/wp-content\\\/uploads\\\/2021\\\/04\\\/Tierra-Santa.jpeg\",\"contentUrl\":\"https:\\\/\\\/exaudi.org\\\/wp-content\\\/uploads\\\/2021\\\/04\\\/Tierra-Santa.jpeg\",\"width\":1500,\"height\":844,\"caption\":\"Tierra Santa \u00a9 Vatican Media\"},{\"@type\":\"BreadcrumbList\",\"@id\":\"https:\\\/\\\/exaudi.org\\\/it\\\/il-papa-ai-giovani-della-terra-santa-siate-fedeli-alle-vostre-radici\\\/#breadcrumb\",\"itemListElement\":[{\"@type\":\"ListItem\",\"position\":1,\"name\":\"Portada\",\"item\":\"https:\\\/\\\/exaudi.org\\\/it\\\/\"},{\"@type\":\"ListItem\",\"position\":2,\"name\":\"Il Papa ai giovani della Terra Santa: Siate fedeli alle vostre radici\"}]},{\"@type\":\"WebSite\",\"@id\":\"https:\\\/\\\/exaudi.org\\\/#website\",\"url\":\"https:\\\/\\\/exaudi.org\\\/\",\"name\":\"Exaudi\",\"description\":\"News\",\"potentialAction\":[{\"@type\":\"SearchAction\",\"target\":{\"@type\":\"EntryPoint\",\"urlTemplate\":\"https:\\\/\\\/exaudi.org\\\/?s={search_term_string}\"},\"query-input\":{\"@type\":\"PropertyValueSpecification\",\"valueRequired\":true,\"valueName\":\"search_term_string\"}}],\"inLanguage\":\"it-IT\"},{\"@type\":\"Person\",\"@id\":\"https:\\\/\\\/exaudi.org\\\/#\\\/schema\\\/person\\\/e1ab6ed07c01774724dd96f925f3a5f0\",\"name\":\"Exaudi Redazione\",\"image\":{\"@type\":\"ImageObject\",\"inLanguage\":\"it-IT\",\"@id\":\"https:\\\/\\\/secure.gravatar.com\\\/avatar\\\/ad6774b3ada023bf5b939d64f45c94b3adf91502dd883507d469b4308a943bb3?s=96&d=mm&r=g\",\"url\":\"https:\\\/\\\/secure.gravatar.com\\\/avatar\\\/ad6774b3ada023bf5b939d64f45c94b3adf91502dd883507d469b4308a943bb3?s=96&d=mm&r=g\",\"contentUrl\":\"https:\\\/\\\/secure.gravatar.com\\\/avatar\\\/ad6774b3ada023bf5b939d64f45c94b3adf91502dd883507d469b4308a943bb3?s=96&d=mm&r=g\",\"caption\":\"Exaudi Redazione\"},\"description\":\"Che cosa \u00e8 Exaudi News? Exaudi News \u00e8 un agenzia cattolica internazionale che informa, istruisce e trasforma quotidianamente in spagnolo, inglese e italiano. Attraverso notizie, articoli di analisi e trasmissioni in diretta degli eventi del Papa, Exaudi cerca di rafforzare l'unit\u00e0 dei cristiani e di contribuire all'evangelizzazione del mondo, sempre guidato dalla dottrina sociale della Chiesa. Lavoriamo per portare la verit\u00e0 e i valori cristiani in ogni angolo del pianeta. Aiutaci a trasformare il mondo con Exaudi! Noi di Exaudi crediamo che l'evangelizzazione e l'informazione di qualit\u00e0 possano cambiare la vita. Per continuare la nostra missione ed espandere la nostra portata, abbiamo bisogno del tuo aiuto. Stiamo anche cercando persone motivate che vogliano unirsi al nostro team. Grazie al vostro sostegno raggiungeremo pi\u00f9 persone, diffonderemo il messaggio di Cristo e rafforzeremo l'unit\u00e0 dei cristiani. Vuoi unirti alla nostra missione? Per maggiori informazioni su come contribuire, visita Exaudi.org\\\/it o contattaci direttamente: info@exaudi.org Exaudi: informa, forma e trasforma.\",\"sameAs\":[\"https:\\\/\\\/www.facebook.com\\\/ExaudiNotizie\\\/\",\"https:\\\/\\\/www.instagram.com\\\/Exaudi_notizie\\\/\",\"https:\\\/\\\/x.com\\\/Exaudi_Notizie\",\"https:\\\/\\\/www.youtube.com\\\/@exaudicatholicnews\"],\"url\":\"https:\\\/\\\/exaudi.org\\\/it\\\/author\\\/dlvedi-org\\\/\"}]}<\/script>\n<!-- \/ Yoast SEO plugin. -->","yoast_head_json":{"title":"Il Papa ai giovani della Terra Santa: Siate fedeli alle vostre radici &#8211; Exaudi","description":"Messaggio d'auguri del Santo Padre ai giovani della Terra Santa registrato durante la sua recente visita a Cipro","robots":{"index":"index","follow":"follow","max-snippet":"max-snippet:-1","max-image-preview":"max-image-preview:large","max-video-preview":"max-video-preview:-1"},"canonical":"https:\/\/exaudi.org\/it\/il-papa-ai-giovani-della-terra-santa-siate-fedeli-alle-vostre-radici\/","og_locale":"it_IT","og_type":"article","og_title":"Il Papa ai giovani della Terra Santa: Siate fedeli alle vostre radici &#8211; Exaudi","og_description":"Messaggio d'auguri del Santo Padre ai giovani della Terra Santa registrato durante la sua recente visita a Cipro","og_url":"https:\/\/exaudi.org\/it\/il-papa-ai-giovani-della-terra-santa-siate-fedeli-alle-vostre-radici\/","og_site_name":"Exaudi","article_publisher":"https:\/\/www.facebook.com\/ExaudiNews","article_author":"https:\/\/www.facebook.com\/ExaudiNotizie\/","article_published_time":"2021-12-24T16:57:03+00:00","article_modified_time":"2021-12-24T17:16:28+00:00","og_image":[{"width":1500,"height":844,"url":"https:\/\/exaudi.org\/wp-content\/uploads\/2021\/04\/Tierra-Santa.jpeg","type":"image\/jpeg"}],"author":"Exaudi Redazione","twitter_card":"summary_large_image","twitter_creator":"@Exaudi_Notizie","twitter_site":"@Exaudi_News","twitter_misc":{"Scritto da":"Exaudi Redazione","Tempo di lettura stimato":"2 minuti"},"schema":{"@context":"https:\/\/schema.org","@graph":[{"@type":"Article","@id":"https:\/\/exaudi.org\/it\/il-papa-ai-giovani-della-terra-santa-siate-fedeli-alle-vostre-radici\/#article","isPartOf":{"@id":"https:\/\/exaudi.org\/it\/il-papa-ai-giovani-della-terra-santa-siate-fedeli-alle-vostre-radici\/"},"author":{"name":"Exaudi Redazione","@id":"https:\/\/exaudi.org\/#\/schema\/person\/e1ab6ed07c01774724dd96f925f3a5f0"},"headline":"Il Papa ai giovani della Terra Santa: Siate fedeli alle vostre radici","datePublished":"2021-12-24T16:57:03+00:00","dateModified":"2021-12-24T17:16:28+00:00","mainEntityOfPage":{"@id":"https:\/\/exaudi.org\/it\/il-papa-ai-giovani-della-terra-santa-siate-fedeli-alle-vostre-radici\/"},"wordCount":353,"image":{"@id":"https:\/\/exaudi.org\/it\/il-papa-ai-giovani-della-terra-santa-siate-fedeli-alle-vostre-radici\/#primaryimage"},"thumbnailUrl":"https:\/\/exaudi.org\/wp-content\/uploads\/2021\/04\/Tierra-Santa.jpeg","keywords":["giovani","Papa Francesco","Terra Santa","Trending"],"articleSection":["Leone XIV"],"inLanguage":"it-IT"},{"@type":"WebPage","@id":"https:\/\/exaudi.org\/it\/il-papa-ai-giovani-della-terra-santa-siate-fedeli-alle-vostre-radici\/","url":"https:\/\/exaudi.org\/it\/il-papa-ai-giovani-della-terra-santa-siate-fedeli-alle-vostre-radici\/","name":"Il Papa ai giovani della Terra Santa: Siate fedeli alle vostre radici &#8211; Exaudi","isPartOf":{"@id":"https:\/\/exaudi.org\/#website"},"primaryImageOfPage":{"@id":"https:\/\/exaudi.org\/it\/il-papa-ai-giovani-della-terra-santa-siate-fedeli-alle-vostre-radici\/#primaryimage"},"image":{"@id":"https:\/\/exaudi.org\/it\/il-papa-ai-giovani-della-terra-santa-siate-fedeli-alle-vostre-radici\/#primaryimage"},"thumbnailUrl":"https:\/\/exaudi.org\/wp-content\/uploads\/2021\/04\/Tierra-Santa.jpeg","datePublished":"2021-12-24T16:57:03+00:00","dateModified":"2021-12-24T17:16:28+00:00","author":{"@id":"https:\/\/exaudi.org\/#\/schema\/person\/e1ab6ed07c01774724dd96f925f3a5f0"},"description":"Messaggio d'auguri del Santo Padre ai giovani della Terra Santa registrato durante la sua recente visita a Cipro","breadcrumb":{"@id":"https:\/\/exaudi.org\/it\/il-papa-ai-giovani-della-terra-santa-siate-fedeli-alle-vostre-radici\/#breadcrumb"},"inLanguage":"it-IT","potentialAction":[{"@type":"ReadAction","target":["https:\/\/exaudi.org\/it\/il-papa-ai-giovani-della-terra-santa-siate-fedeli-alle-vostre-radici\/"]}]},{"@type":"ImageObject","inLanguage":"it-IT","@id":"https:\/\/exaudi.org\/it\/il-papa-ai-giovani-della-terra-santa-siate-fedeli-alle-vostre-radici\/#primaryimage","url":"https:\/\/exaudi.org\/wp-content\/uploads\/2021\/04\/Tierra-Santa.jpeg","contentUrl":"https:\/\/exaudi.org\/wp-content\/uploads\/2021\/04\/Tierra-Santa.jpeg","width":1500,"height":844,"caption":"Tierra Santa \u00a9 Vatican Media"},{"@type":"BreadcrumbList","@id":"https:\/\/exaudi.org\/it\/il-papa-ai-giovani-della-terra-santa-siate-fedeli-alle-vostre-radici\/#breadcrumb","itemListElement":[{"@type":"ListItem","position":1,"name":"Portada","item":"https:\/\/exaudi.org\/it\/"},{"@type":"ListItem","position":2,"name":"Il Papa ai giovani della Terra Santa: Siate fedeli alle vostre radici"}]},{"@type":"WebSite","@id":"https:\/\/exaudi.org\/#website","url":"https:\/\/exaudi.org\/","name":"Exaudi","description":"News","potentialAction":[{"@type":"SearchAction","target":{"@type":"EntryPoint","urlTemplate":"https:\/\/exaudi.org\/?s={search_term_string}"},"query-input":{"@type":"PropertyValueSpecification","valueRequired":true,"valueName":"search_term_string"}}],"inLanguage":"it-IT"},{"@type":"Person","@id":"https:\/\/exaudi.org\/#\/schema\/person\/e1ab6ed07c01774724dd96f925f3a5f0","name":"Exaudi Redazione","image":{"@type":"ImageObject","inLanguage":"it-IT","@id":"https:\/\/secure.gravatar.com\/avatar\/ad6774b3ada023bf5b939d64f45c94b3adf91502dd883507d469b4308a943bb3?s=96&d=mm&r=g","url":"https:\/\/secure.gravatar.com\/avatar\/ad6774b3ada023bf5b939d64f45c94b3adf91502dd883507d469b4308a943bb3?s=96&d=mm&r=g","contentUrl":"https:\/\/secure.gravatar.com\/avatar\/ad6774b3ada023bf5b939d64f45c94b3adf91502dd883507d469b4308a943bb3?s=96&d=mm&r=g","caption":"Exaudi Redazione"},"description":"Che cosa \u00e8 Exaudi News? Exaudi News \u00e8 un agenzia cattolica internazionale che informa, istruisce e trasforma quotidianamente in spagnolo, inglese e italiano. Attraverso notizie, articoli di analisi e trasmissioni in diretta degli eventi del Papa, Exaudi cerca di rafforzare l'unit\u00e0 dei cristiani e di contribuire all'evangelizzazione del mondo, sempre guidato dalla dottrina sociale della Chiesa. Lavoriamo per portare la verit\u00e0 e i valori cristiani in ogni angolo del pianeta. Aiutaci a trasformare il mondo con Exaudi! Noi di Exaudi crediamo che l'evangelizzazione e l'informazione di qualit\u00e0 possano cambiare la vita. Per continuare la nostra missione ed espandere la nostra portata, abbiamo bisogno del tuo aiuto. Stiamo anche cercando persone motivate che vogliano unirsi al nostro team. Grazie al vostro sostegno raggiungeremo pi\u00f9 persone, diffonderemo il messaggio di Cristo e rafforzeremo l'unit\u00e0 dei cristiani. Vuoi unirti alla nostra missione? Per maggiori informazioni su come contribuire, visita Exaudi.org\/it o contattaci direttamente: info@exaudi.org Exaudi: informa, forma e trasforma.","sameAs":["https:\/\/www.facebook.com\/ExaudiNotizie\/","https:\/\/www.instagram.com\/Exaudi_notizie\/","https:\/\/x.com\/Exaudi_Notizie","https:\/\/www.youtube.com\/@exaudicatholicnews"],"url":"https:\/\/exaudi.org\/it\/author\/dlvedi-org\/"}]}},"jetpack_featured_media_url":"https:\/\/exaudi.org\/wp-content\/uploads\/2021\/04\/Tierra-Santa.jpeg","jetpack_shortlink":"https:\/\/wp.me\/pgKjF2-cig","_links":{"self":[{"href":"https:\/\/exaudi.org\/it\/wp-json\/wp\/v2\/posts\/47260","targetHints":{"allow":["GET"]}}],"collection":[{"href":"https:\/\/exaudi.org\/it\/wp-json\/wp\/v2\/posts"}],"about":[{"href":"https:\/\/exaudi.org\/it\/wp-json\/wp\/v2\/types\/post"}],"author":[{"embeddable":true,"href":"https:\/\/exaudi.org\/it\/wp-json\/wp\/v2\/users\/17"}],"replies":[{"embeddable":true,"href":"https:\/\/exaudi.org\/it\/wp-json\/wp\/v2\/comments?post=47260"}],"version-history":[{"count":0,"href":"https:\/\/exaudi.org\/it\/wp-json\/wp\/v2\/posts\/47260\/revisions"}],"wp:featuredmedia":[{"embeddable":true,"href":"https:\/\/exaudi.org\/it\/wp-json\/wp\/v2\/media\/10328"}],"wp:attachment":[{"href":"https:\/\/exaudi.org\/it\/wp-json\/wp\/v2\/media?parent=47260"}],"wp:term":[{"taxonomy":"category","embeddable":true,"href":"https:\/\/exaudi.org\/it\/wp-json\/wp\/v2\/categories?post=47260"},{"taxonomy":"post_tag","embeddable":true,"href":"https:\/\/exaudi.org\/it\/wp-json\/wp\/v2\/tags?post=47260"}],"curies":[{"name":"wp","href":"https:\/\/api.w.org\/{rel}","templated":true}]}}