{"id":46561,"date":"2021-12-21T07:30:18","date_gmt":"2021-12-21T06:30:18","guid":{"rendered":"https:\/\/exaudi.org\/?p=46561"},"modified":"2021-12-21T11:28:00","modified_gmt":"2021-12-21T10:28:00","slug":"un-presepe-differente-nella-cattedrale-di-san-dionigi-ad-atene","status":"publish","type":"post","link":"https:\/\/exaudi.org\/it\/un-presepe-differente-nella-cattedrale-di-san-dionigi-ad-atene\/","title":{"rendered":"Un \u201cpresepe differente\u201d nella cattedrale di San Dionigi ad Atene"},"content":{"rendered":"<p>\u201cUn presepe differente\u201d nella cattedrale di San Dionigi ad Atene. Condividiamo questo articolo con la testimonianza di Ivette Valle Konstantopoulou, architetto responsabile del disegno del presepe nella cattedrale cattolica della capitale greca dove recentemente, Papa Francesco, nel suo viaggio apostolico, ha <a href=\"https:\/\/exaudi.org\/it\/fiducia-e-accoglienza-per-la-evangelizzazione\/\">incontrato vescovi, sacerdoti, religiosi, seminaristi e catechisti.<\/a><\/p>\n<p>***<\/p>\n<figure id=\"attachment_46574\" aria-describedby=\"caption-attachment-46574\" style=\"width: 223px\" class=\"wp-caption alignleft\"><img loading=\"lazy\" decoding=\"async\" class=\"size-medium wp-image-46574\" src=\"https:\/\/exaudi.org\/wp-content\/uploads\/2021\/12\/ivette-223x300.jpg\" alt=\"presepe\" width=\"223\" height=\"300\" srcset=\"https:\/\/exaudi.org\/wp-content\/uploads\/2021\/12\/ivette-223x300.jpg 223w, https:\/\/exaudi.org\/wp-content\/uploads\/2021\/12\/ivette-760x1024.jpg 760w, https:\/\/exaudi.org\/wp-content\/uploads\/2021\/12\/ivette-770x1037.jpg 770w, https:\/\/exaudi.org\/wp-content\/uploads\/2021\/12\/ivette-1140x1536.jpg 1140w, https:\/\/exaudi.org\/wp-content\/uploads\/2021\/12\/ivette-1520x2048.jpg 1520w, https:\/\/exaudi.org\/wp-content\/uploads\/2021\/12\/ivette-500x673.jpg 500w, https:\/\/exaudi.org\/wp-content\/uploads\/2021\/12\/ivette-293x395.jpg 293w, https:\/\/exaudi.org\/wp-content\/uploads\/2021\/12\/ivette-1400x1886.jpg 1400w, https:\/\/exaudi.org\/wp-content\/uploads\/2021\/12\/ivette-390x525.jpg 390w, https:\/\/exaudi.org\/wp-content\/uploads\/2021\/12\/ivette-scaled.jpg 1901w\" sizes=\"auto, (max-width: 223px) 100vw, 223px\" \/><figcaption id=\"caption-attachment-46574\" class=\"wp-caption-text\">\u00a9 Ivette V. Konstantopoulou<\/figcaption><\/figure>\n<p>Ho avuto l\u2019opportunit\u00e0 di lavorare con padre Giorgos Dagas quando era parroco della chiesa di S. Andrea a Patrasso. Realizzammo un presepe che era un modello di 8&#215;2 metri, con edifici caratteristici della citt\u00e0 in scala. L\u2019idea centrale era accogliere il messaggio della Nativit\u00e0 nel nostro cuore, le persone di oggi nei nostri luoghi. Siccome Patrasso \u00e8 una citt\u00e0 portuale, nella prima edizione del presepe la Sacra Famiglia arrivava su una barca e gli abitanti andavano a riceverli.<\/p>\n<p>Poi si \u00e8 introdotto il concetto del ponte del tempo attraverso cui gli apostoli portarono il messaggio del cristianesimo in queste terre, con particolare riferimento a S. Andrea, patrono della citt\u00e0, che a sua volta arrivava in barca. Il terzo anno fu inserito il presepe tradizionale per farlo risaltare e indicare che da l\u00ec partiva il messaggio del Natale fino a giungere ai nostri giorni, alla citt\u00e0 attuale in cui la S. Famiglia si \u201cconfondeva\u201d in mezzo a noi. Nei tre anni (2017-19) in cui abbiamo mantenuto questa installazione artistica, il progetto si \u00e8 sviluppato ricevendo buone critiche. Sia dalla comunit\u00e0 locale che da molti altri che l\u2019hanno visitato.<\/p>\n<figure id=\"attachment_46570\" aria-describedby=\"caption-attachment-46570\" style=\"width: 300px\" class=\"wp-caption alignright\"><img loading=\"lazy\" decoding=\"async\" class=\"size-medium wp-image-46570\" src=\"https:\/\/exaudi.org\/wp-content\/uploads\/2021\/12\/presepe-3-300x128.jpg\" alt=\"\" width=\"300\" height=\"128\" srcset=\"https:\/\/exaudi.org\/wp-content\/uploads\/2021\/12\/presepe-3-300x128.jpg 300w, https:\/\/exaudi.org\/wp-content\/uploads\/2021\/12\/presepe-3-1024x436.jpg 1024w, https:\/\/exaudi.org\/wp-content\/uploads\/2021\/12\/presepe-3-770x328.jpg 770w, https:\/\/exaudi.org\/wp-content\/uploads\/2021\/12\/presepe-3-500x213.jpg 500w, https:\/\/exaudi.org\/wp-content\/uploads\/2021\/12\/presepe-3-293x125.jpg 293w, https:\/\/exaudi.org\/wp-content\/uploads\/2021\/12\/presepe-3-1400x596.jpg 1400w, https:\/\/exaudi.org\/wp-content\/uploads\/2021\/12\/presepe-3-390x166.jpg 390w, https:\/\/exaudi.org\/wp-content\/uploads\/2021\/12\/presepe-3.jpg 1422w\" sizes=\"auto, (max-width: 300px) 100vw, 300px\" \/><figcaption id=\"caption-attachment-46570\" class=\"wp-caption-text\">Da sinistra: Alex Osana, Ivette V. Konstantopoulou, Jesusa Stanislao e Michail Provelengios<\/figcaption><\/figure>\n<p>Nel 2020 padre Jorge divenne parroco della cattedrale di S. Dionigi ad Atene e molte cose cambiarono. Con la pandemia abbiamo potuto vedere la Messa di Natale del 2020 solo attraverso i canali YouTube delle parrocchie. Alcune candele messe nei posti dei fedeli ci hanno un po\u2019 consolato.<\/p>\n<h2>Un&#8217;idea innovativa<\/h2>\n<figure id=\"attachment_46643\" aria-describedby=\"caption-attachment-46643\" style=\"width: 300px\" class=\"wp-caption alignleft\"><img loading=\"lazy\" decoding=\"async\" class=\"size-medium wp-image-46643\" src=\"https:\/\/exaudi.org\/wp-content\/uploads\/2021\/12\/padre-Giorgo-papa-Francisco-Vatican-Media-300x200.jpeg\" alt=\"\" width=\"300\" height=\"200\" srcset=\"https:\/\/exaudi.org\/wp-content\/uploads\/2021\/12\/padre-Giorgo-papa-Francisco-Vatican-Media-300x200.jpeg 300w, https:\/\/exaudi.org\/wp-content\/uploads\/2021\/12\/padre-Giorgo-papa-Francisco-Vatican-Media-770x513.jpeg 770w, https:\/\/exaudi.org\/wp-content\/uploads\/2021\/12\/padre-Giorgo-papa-Francisco-Vatican-Media-360x240.jpeg?crop=1 360w, https:\/\/exaudi.org\/wp-content\/uploads\/2021\/12\/padre-Giorgo-papa-Francisco-Vatican-Media-500x333.jpeg 500w, https:\/\/exaudi.org\/wp-content\/uploads\/2021\/12\/padre-Giorgo-papa-Francisco-Vatican-Media-370x247.jpeg 370w, https:\/\/exaudi.org\/wp-content\/uploads\/2021\/12\/padre-Giorgo-papa-Francisco-Vatican-Media-293x195.jpeg 293w, https:\/\/exaudi.org\/wp-content\/uploads\/2021\/12\/padre-Giorgo-papa-Francisco-Vatican-Media-120x80.jpeg 120w, https:\/\/exaudi.org\/wp-content\/uploads\/2021\/12\/padre-Giorgo-papa-Francisco-Vatican-Media-240x160.jpeg 240w, https:\/\/exaudi.org\/wp-content\/uploads\/2021\/12\/padre-Giorgo-papa-Francisco-Vatican-Media-390x260.jpeg 390w, https:\/\/exaudi.org\/wp-content\/uploads\/2021\/12\/padre-Giorgo-papa-Francisco-Vatican-Media.jpeg 800w\" sizes=\"auto, (max-width: 300px) 100vw, 300px\" \/><figcaption id=\"caption-attachment-46643\" class=\"wp-caption-text\">P. Giorgos con Papa Francesco \u00a9 Vatican Media<\/figcaption><\/figure>\n<p>Un giorno, padre Giorgos mi chiam\u00f2 per chiedermi la scala degli edifici del presepe di Patrasso perch\u00e9 voleva farne uno uguale ad Atene per il Natale 2021. Siccome si avvicinava il tempo di Natale del 2020, gli preparai una cartolina, come negli anni precedenti, con un&#8217;idea legata al presepe, che gli \u00e8 piaciuta molto. Poi mi ha chiesto di suggerire alcuni edifici per il presepe, e siccome avevo vissuto ad Atene anni prima, e avevo anche partecipato ad un concorso di architettura e urbanistica per il miglioramento della citt\u00e0, ho abbracciato l&#8217;idea visto che gli edifici che ho proposte erano si trovano nell&#8217;area del concorso, nel centro della citt\u00e0. Ho preparato la mia proposta sotto forma di uno schizzo disegnato a mano e una presentazione Powerpoint.<\/p>\n<p>Aveva contattato uno studio di architettura e anche l&#8217;architetto Michail Provelengios di quello studio ha accettato la mia proposta. Abbiamo avuto alcuni incontri per discutere i dettagli del progetto. Il suo ufficio si \u00e8 occupato della progettazione e della produzione dei modelli e in uno spirito di buona collaborazione \u00e8 stata sviluppata questa installazione artistica, che un gruppo di volontari si \u00e8 impegnato a realizzare.<\/p>\n<h2>L&#8217;ambientazione<\/h2>\n<p><img loading=\"lazy\" decoding=\"async\" class=\"size-medium wp-image-46609 alignright\" src=\"https:\/\/exaudi.org\/wp-content\/uploads\/2021\/12\/Alexandros-Osana-1-224x300.jpg\" alt=\"\" width=\"224\" height=\"300\" srcset=\"https:\/\/exaudi.org\/wp-content\/uploads\/2021\/12\/Alexandros-Osana-1-224x300.jpg 224w, https:\/\/exaudi.org\/wp-content\/uploads\/2021\/12\/Alexandros-Osana-1-766x1024.jpg 766w, https:\/\/exaudi.org\/wp-content\/uploads\/2021\/12\/Alexandros-Osana-1-770x1029.jpg 770w, https:\/\/exaudi.org\/wp-content\/uploads\/2021\/12\/Alexandros-Osana-1-500x668.jpg 500w, https:\/\/exaudi.org\/wp-content\/uploads\/2021\/12\/Alexandros-Osana-1-293x392.jpg 293w, https:\/\/exaudi.org\/wp-content\/uploads\/2021\/12\/Alexandros-Osana-1-390x521.jpg 390w, https:\/\/exaudi.org\/wp-content\/uploads\/2021\/12\/Alexandros-Osana-1.jpg 868w\" sizes=\"auto, (max-width: 224px) 100vw, 224px\" \/>Abbiamo mantenuto il presepe tradizionale degli anni antecedenti l&#8217;inizio del progetto, apportando un solo cambiamento alle montagne del paesaggio che sono state sostituite da un&#8217;immagine reale delle montagne di Betlemme, che poi si evolvono nell&#8217;imponente collina del Licabetto al centro di Atene. I pannelli con le immagini di queste montagne sono stati volutamente dimensionati in modo tale che oltre a inserirsi armonicamente nell&#8217;insieme, lascino vedere nella parte superiore le stazioni della Via Crucis, a ricordare il motivo per cui Ges\u00f9 volle venire a nascere in mezzo a noi.<\/p>\n<p>L&#8217;asse del progetto \u00e8 via Panepistimiou. Il luogo della Grotta corrisponde al sito di Piazza Omonia, o piazza dell\u2019Unit\u00e0, una bella \u201ccoincidenza\u201d, piena di simbolismo. Troviamo poi alcuni edifici storici lungo la strada: l&#8217;Universit\u00e0, l&#8217;Accademia, la Cattedrale cattolica di San Dionigi. Termina con la svolta della strada verso la piazza centrale Syntagma che si trova di fronte al palazzo del Parlamento.<\/p>\n<p>Si crea cos\u00ec la sensazione che la strada \u201cabbracci\u201d gli elementi che si trovano al livello inferiore, dove sul \u201cponte del tempo\u201d gli apostoli portano il messaggio dell&#8217;Incarnazione del Verbo fino a raggiungere il colle dell\u2019Areopago nei pressi del Acropoli. Sulla collina l&#8217;apostolo san Paolo predica l&#8217;unico Dio e san Dionigi che lo ascolta diventa il primo convertito. La Metropolia Ortodossa \u00e8 situata sullo stesso asse della Chiesa cattolica e le linee immaginarie tra Betlemme, Piazza Syntagma ei due templi formano il segno della Croce. L&#8217;Acropoli domina dalla roccia come simbolo storico caratteristico sia della citt\u00e0 che del paese.<\/p>\n<figure id=\"attachment_46564\" aria-describedby=\"caption-attachment-46564\" style=\"width: 300px\" class=\"wp-caption alignleft\"><img loading=\"lazy\" decoding=\"async\" class=\"size-medium wp-image-46564\" src=\"https:\/\/exaudi.org\/wp-content\/uploads\/2021\/12\/presepe-1-300x225.jpeg\" alt=\"presepe\" width=\"300\" height=\"225\" srcset=\"https:\/\/exaudi.org\/wp-content\/uploads\/2021\/12\/presepe-1-300x225.jpeg 300w, https:\/\/exaudi.org\/wp-content\/uploads\/2021\/12\/presepe-1-1024x768.jpeg 1024w, https:\/\/exaudi.org\/wp-content\/uploads\/2021\/12\/presepe-1-770x578.jpeg 770w, https:\/\/exaudi.org\/wp-content\/uploads\/2021\/12\/presepe-1-500x375.jpeg 500w, https:\/\/exaudi.org\/wp-content\/uploads\/2021\/12\/presepe-1-293x220.jpeg 293w, https:\/\/exaudi.org\/wp-content\/uploads\/2021\/12\/presepe-1-390x293.jpeg 390w, https:\/\/exaudi.org\/wp-content\/uploads\/2021\/12\/presepe-1.jpeg 1280w\" sizes=\"auto, (max-width: 300px) 100vw, 300px\" \/><figcaption id=\"caption-attachment-46564\" class=\"wp-caption-text\">\u00a9 Ivette V. Konstantopoulou<\/figcaption><\/figure>\n<p>Queste immagini diventano un forte aiuto visivo per ogni pellegrino che visiti la cattedrale e che, con spirito di raccoglimento, si soffermi a contemplare questi elementi che insieme costituiscono un moderno presepe. Quello che ci preme sottolineare \u00e8 che il Natale non \u00e8 un evento che ricordiamo con nostalgia e rimane nel passato.<\/p>\n<h2>Le figure<\/h2>\n<p>La Sacra Famiglia in figure di grandi dimensioni, illuminate con colori caldi e la luce della stella di Betlemme ci invitano nel portale ad andare ad adorare il Bambino e poi all&#8217;altra estremit\u00e0, nella piazza dove si trova l&#8217;albero di Natale, una Sacra Famiglia di legno, di dimensioni maggiori rispetto alle comuni figure, realizzata da artigiani di Betlemme, ci fa sentire la sua presenza in mezzo a noi.<\/p>\n<p>Abbiamo curato che le figure siano orientate verso il luogo dove viene proclamato il messaggio della buona novella, cercando di dare un po&#8217; di carattere alle figure in quanto troviamo all&#8217;ingresso della cattedrale un sacerdote cattolico (padre Giorgos), un ortodosso uno nella rispettiva cattedrale ortodossa, una banda e persino un venditore di castagne.<\/p>\n<figure id=\"attachment_46633\" aria-describedby=\"caption-attachment-46633\" style=\"width: 300px\" class=\"wp-caption alignright\"><img loading=\"lazy\" decoding=\"async\" class=\"size-medium wp-image-46633\" src=\"https:\/\/exaudi.org\/wp-content\/uploads\/2021\/12\/detalle-en-perspectiva-Nefeli-1-300x135.jpg\" alt=\"\" width=\"300\" height=\"135\" srcset=\"https:\/\/exaudi.org\/wp-content\/uploads\/2021\/12\/detalle-en-perspectiva-Nefeli-1-300x135.jpg 300w, https:\/\/exaudi.org\/wp-content\/uploads\/2021\/12\/detalle-en-perspectiva-Nefeli-1-1024x461.jpg 1024w, https:\/\/exaudi.org\/wp-content\/uploads\/2021\/12\/detalle-en-perspectiva-Nefeli-1-770x347.jpg 770w, https:\/\/exaudi.org\/wp-content\/uploads\/2021\/12\/detalle-en-perspectiva-Nefeli-1-500x225.jpg 500w, https:\/\/exaudi.org\/wp-content\/uploads\/2021\/12\/detalle-en-perspectiva-Nefeli-1-1155x522.jpg 1155w, https:\/\/exaudi.org\/wp-content\/uploads\/2021\/12\/detalle-en-perspectiva-Nefeli-1-293x132.jpg 293w, https:\/\/exaudi.org\/wp-content\/uploads\/2021\/12\/detalle-en-perspectiva-Nefeli-1-390x176.jpg 390w, https:\/\/exaudi.org\/wp-content\/uploads\/2021\/12\/detalle-en-perspectiva-Nefeli-1.jpg 1160w\" sizes=\"auto, (max-width: 300px) 100vw, 300px\" \/><figcaption id=\"caption-attachment-46633\" class=\"wp-caption-text\">\u00a9 Nefeli Roussou<\/figcaption><\/figure>\n<p>Gli edifici che rappresentano le nostre attivit\u00e0 lavorative hanno le porte aperte in segno di benvenuto al messaggio del Natale. Un poster con le immagini degli edifici del presepe di Patrasso costituisce la mia firma in questo progetto. Del resto, ogni visitatore trover\u00e0 nel suo cuore ci\u00f2 che Ges\u00f9 ha da dirgli. Da Atene viene trasmesso un messaggio forte in un anno benedetto in cui \u00e8 stata visitata da Papa Francesco (4-6 dicembre 2021).<\/p>\n<p>Di seguito, la traduzione del volantino che i visitatori possono portare via con la descrizione del progetto.<\/p>\n<h2>Il presepe della Cattedrale di San Dionigi<\/h2>\n<figure id=\"attachment_46624\" aria-describedby=\"caption-attachment-46624\" style=\"width: 300px\" class=\"wp-caption alignleft\"><img loading=\"lazy\" decoding=\"async\" class=\"size-medium wp-image-46624\" src=\"https:\/\/exaudi.org\/wp-content\/uploads\/2021\/12\/Alex5-1-300x224.jpg\" alt=\"\" width=\"300\" height=\"224\" srcset=\"https:\/\/exaudi.org\/wp-content\/uploads\/2021\/12\/Alex5-1-300x224.jpg 300w, https:\/\/exaudi.org\/wp-content\/uploads\/2021\/12\/Alex5-1-1024x766.jpg 1024w, https:\/\/exaudi.org\/wp-content\/uploads\/2021\/12\/Alex5-1-770x576.jpg 770w, https:\/\/exaudi.org\/wp-content\/uploads\/2021\/12\/Alex5-1-500x374.jpg 500w, https:\/\/exaudi.org\/wp-content\/uploads\/2021\/12\/Alex5-1-293x219.jpg 293w, https:\/\/exaudi.org\/wp-content\/uploads\/2021\/12\/Alex5-1-390x292.jpg 390w, https:\/\/exaudi.org\/wp-content\/uploads\/2021\/12\/Alex5-1.jpg 1160w\" sizes=\"auto, (max-width: 300px) 100vw, 300px\" \/><figcaption id=\"caption-attachment-46624\" class=\"wp-caption-text\">\u00a9 Alex Osana<\/figcaption><\/figure>\n<p>Il nostro presepe quest&#8217;anno rappresenta la diffusione del messaggio del cristianesimo nel tempo. Ges\u00f9 nasce a Betlemme, ma i suoi apostoli e seguaci portano il messaggio della sua Incarnazione fino ai confini della terra. Dalla Terra Santa parte il ponte del tempo che simboleggia il passaggio di 2000 anni e raggiunge la citt\u00e0 contemporanea di Atene! Il ponte \u00e8 realizzato con materiali tipici dell&#8217;epoca di Ges\u00f9 e anche di epoche successive. Fino a raggiungere infine l\u2019Areopago, ai piedi dell&#8217;Acropoli, dove l&#8217;apostolo Paolo incontr\u00f2 Dionigi l&#8217;Areopagita.<\/p>\n<p>Nella moderna rappresentazione della citt\u00e0, anche gli ateniesi vengono ad accogliere il grande Apostolo, lasciando che il messaggio natalizio dell&#8217;Incarnazione gli riempia il cuore.<\/p>\n<p>In verit\u00e0, che senso ha celebrare la nascita di Ges\u00f9 a Betlemme avvenuta duemila anni fa, se noi, gente del nostro tempo, non permettiamo al messaggio del Natale di entrare nei nostri cuori? Come ricorderete, Giuseppe cercava disperatamente di trovare una stanza in una locanda, perch\u00e9 sua moglie, Maria, avrebbe partorito da un momento all&#8217;altro. Da nessuna parte c&#8217;era un posto per far nascere Ges\u00f9, perch\u00e9 tutti i posti erano pieni. Quella notte a Betlemme solo la povera mangiatoia ha detto &#8220;s\u00ec&#8221;, mentre tutti gli altri luoghi hanno detto &#8220;no&#8221;. E Cristo, che \u00e8 umile, non disprezz\u00f2 la mangiatoia, ma vi entr\u00f2 per nascere.<\/p>\n<figure id=\"attachment_46618\" aria-describedby=\"caption-attachment-46618\" style=\"width: 300px\" class=\"wp-caption alignright\"><img loading=\"lazy\" decoding=\"async\" class=\"size-medium wp-image-46618\" src=\"https:\/\/exaudi.org\/wp-content\/uploads\/2021\/12\/Alex-Osana-1-Syntagma-1-300x224.jpg\" alt=\"\" width=\"300\" height=\"224\" srcset=\"https:\/\/exaudi.org\/wp-content\/uploads\/2021\/12\/Alex-Osana-1-Syntagma-1-300x224.jpg 300w, https:\/\/exaudi.org\/wp-content\/uploads\/2021\/12\/Alex-Osana-1-Syntagma-1-1024x766.jpg 1024w, https:\/\/exaudi.org\/wp-content\/uploads\/2021\/12\/Alex-Osana-1-Syntagma-1-770x576.jpg 770w, https:\/\/exaudi.org\/wp-content\/uploads\/2021\/12\/Alex-Osana-1-Syntagma-1-500x374.jpg 500w, https:\/\/exaudi.org\/wp-content\/uploads\/2021\/12\/Alex-Osana-1-Syntagma-1-293x219.jpg 293w, https:\/\/exaudi.org\/wp-content\/uploads\/2021\/12\/Alex-Osana-1-Syntagma-1-390x292.jpg 390w, https:\/\/exaudi.org\/wp-content\/uploads\/2021\/12\/Alex-Osana-1-Syntagma-1.jpg 1160w\" sizes=\"auto, (max-width: 300px) 100vw, 300px\" \/><figcaption id=\"caption-attachment-46618\" class=\"wp-caption-text\">\u00a9 Alex Osana<\/figcaption><\/figure>\n<p>Oggi Ges\u00f9 ci rivolge la stessa domanda: \u201cHai un po\u2019 di posto per farmi entrare nel tuo cuore?\u201d. Molto spesso vorremmo dire s\u00ec, ma gli obblighi della vita (professionale, familiare e non solo) ci hanno fatto in modo che corriamo cos\u00ec tanto che purtroppo ci siamo dimenticati di lasciare un po&#8217; di spazio nei nostri cuori, per regalare un po&#8217; di tempo della nostra vita a Ges\u00f9. Quindi quando viene e bussa alla nostra porta, ci trova occupati e lo cacciamo via, proprio come accadde quella notte.<\/p>\n<p>Il presepe di quest&#8217;anno mostra quindi la svolta dell&#8217;uomo moderno contro questa tendenza. Forse ti puoi riconoscere nelle figure della scena. Forse \u00e8 ora che finalmente facciamo entrare Ges\u00f9 nel nostro cuore, che facciamo questo passo che da tempo volevamo fare ma abbiamo sempre rimandato. \u00c8 giunto il momento!<\/p>\n","protected":false},"excerpt":{"rendered":"<p>Francesco ha visitato la chiesa durante il suo recente viaggio in Grecia<\/p>\n","protected":false},"author":86,"featured_media":46649,"comment_status":"closed","ping_status":"closed","sticky":false,"template":"","format":"standard","meta":{"_acf_changed":false,"_crdt_document":"","inline_featured_image":false,"footnotes":""},"categories":[73,97],"tags":[2487,251,4695],"class_list":["post-46561","post","type-post","status-publish","format-standard","has-post-thumbnail","hentry","category-chiesa-e-mondo","category-testimoni","tag-featured-3","tag-papa-francesco","tag-presepe"],"acf":[],"yoast_head":"<!-- This site is optimized with the Yoast SEO plugin v27.5 - https:\/\/yoast.com\/product\/yoast-seo-wordpress\/ -->\n<title>Un \u201cpresepe differente\u201d nella cattedrale di San Dionigi ad Atene &#8211; Exaudi<\/title>\n<meta name=\"description\" content=\"La testimonianza dell&#039;architetto che ha collaborato alla realizzazione del presepe della cattedrale di Atene visitata da Papa Francesco\" \/>\n<meta name=\"robots\" content=\"index, follow, max-snippet:-1, max-image-preview:large, max-video-preview:-1\" \/>\n<link rel=\"canonical\" href=\"https:\/\/exaudi.org\/it\/un-presepe-differente-nella-cattedrale-di-san-dionigi-ad-atene\/\" \/>\n<meta property=\"og:locale\" content=\"it_IT\" \/>\n<meta property=\"og:type\" content=\"article\" \/>\n<meta property=\"og:title\" content=\"Un \u201cpresepe differente\u201d nella cattedrale di San Dionigi ad Atene &#8211; Exaudi\" \/>\n<meta property=\"og:description\" content=\"La testimonianza dell&#039;architetto che ha collaborato alla realizzazione del presepe della cattedrale di Atene visitata da Papa Francesco\" \/>\n<meta property=\"og:url\" content=\"https:\/\/exaudi.org\/it\/un-presepe-differente-nella-cattedrale-di-san-dionigi-ad-atene\/\" \/>\n<meta property=\"og:site_name\" content=\"Exaudi\" \/>\n<meta property=\"article:publisher\" content=\"https:\/\/www.facebook.com\/ExaudiNews\" \/>\n<meta property=\"article:published_time\" content=\"2021-12-21T06:30:18+00:00\" \/>\n<meta property=\"article:modified_time\" content=\"2021-12-21T10:28:00+00:00\" \/>\n<meta property=\"og:image\" content=\"https:\/\/exaudi.org\/wp-content\/uploads\/2021\/12\/FOTO-PRINCIPAL-ARTICULO-NACIMIENTO-2.jpg\" \/>\n\t<meta property=\"og:image:width\" content=\"1160\" \/>\n\t<meta property=\"og:image:height\" content=\"522\" \/>\n\t<meta property=\"og:image:type\" content=\"image\/jpeg\" \/>\n<meta name=\"author\" content=\"Ivette V. Konstantopoulou\" \/>\n<meta name=\"twitter:card\" content=\"summary_large_image\" \/>\n<meta name=\"twitter:creator\" content=\"@Exaudi_News\" \/>\n<meta name=\"twitter:site\" content=\"@Exaudi_News\" \/>\n<meta name=\"twitter:label1\" content=\"Scritto da\" \/>\n\t<meta name=\"twitter:data1\" content=\"Ivette V. Konstantopoulou\" \/>\n\t<meta name=\"twitter:label2\" content=\"Tempo di lettura stimato\" \/>\n\t<meta name=\"twitter:data2\" content=\"8 minuti\" \/>\n<script type=\"application\/ld+json\" class=\"yoast-schema-graph\">{\"@context\":\"https:\\\/\\\/schema.org\",\"@graph\":[{\"@type\":\"Article\",\"@id\":\"https:\\\/\\\/exaudi.org\\\/it\\\/un-presepe-differente-nella-cattedrale-di-san-dionigi-ad-atene\\\/#article\",\"isPartOf\":{\"@id\":\"https:\\\/\\\/exaudi.org\\\/it\\\/un-presepe-differente-nella-cattedrale-di-san-dionigi-ad-atene\\\/\"},\"author\":{\"name\":\"Ivette V. Konstantopoulou\",\"@id\":\"https:\\\/\\\/exaudi.org\\\/#\\\/schema\\\/person\\\/75e7139b5b1bb88c79bf3b4e96428a5c\"},\"headline\":\"Un \u201cpresepe differente\u201d nella cattedrale di San Dionigi ad Atene\",\"datePublished\":\"2021-12-21T06:30:18+00:00\",\"dateModified\":\"2021-12-21T10:28:00+00:00\",\"mainEntityOfPage\":{\"@id\":\"https:\\\/\\\/exaudi.org\\\/it\\\/un-presepe-differente-nella-cattedrale-di-san-dionigi-ad-atene\\\/\"},\"wordCount\":1452,\"image\":{\"@id\":\"https:\\\/\\\/exaudi.org\\\/it\\\/un-presepe-differente-nella-cattedrale-di-san-dionigi-ad-atene\\\/#primaryimage\"},\"thumbnailUrl\":\"https:\\\/\\\/exaudi.org\\\/wp-content\\\/uploads\\\/2021\\\/12\\\/FOTO-PRINCIPAL-ARTICULO-NACIMIENTO-2.jpg\",\"keywords\":[\"Featured\",\"Papa Francesco\",\"presepe\"],\"articleSection\":[\"Chiesa e Mondo\",\"Testimoni\"],\"inLanguage\":\"it-IT\"},{\"@type\":\"WebPage\",\"@id\":\"https:\\\/\\\/exaudi.org\\\/it\\\/un-presepe-differente-nella-cattedrale-di-san-dionigi-ad-atene\\\/\",\"url\":\"https:\\\/\\\/exaudi.org\\\/it\\\/un-presepe-differente-nella-cattedrale-di-san-dionigi-ad-atene\\\/\",\"name\":\"Un \u201cpresepe differente\u201d nella cattedrale di San Dionigi ad Atene &#8211; Exaudi\",\"isPartOf\":{\"@id\":\"https:\\\/\\\/exaudi.org\\\/#website\"},\"primaryImageOfPage\":{\"@id\":\"https:\\\/\\\/exaudi.org\\\/it\\\/un-presepe-differente-nella-cattedrale-di-san-dionigi-ad-atene\\\/#primaryimage\"},\"image\":{\"@id\":\"https:\\\/\\\/exaudi.org\\\/it\\\/un-presepe-differente-nella-cattedrale-di-san-dionigi-ad-atene\\\/#primaryimage\"},\"thumbnailUrl\":\"https:\\\/\\\/exaudi.org\\\/wp-content\\\/uploads\\\/2021\\\/12\\\/FOTO-PRINCIPAL-ARTICULO-NACIMIENTO-2.jpg\",\"datePublished\":\"2021-12-21T06:30:18+00:00\",\"dateModified\":\"2021-12-21T10:28:00+00:00\",\"author\":{\"@id\":\"https:\\\/\\\/exaudi.org\\\/#\\\/schema\\\/person\\\/75e7139b5b1bb88c79bf3b4e96428a5c\"},\"description\":\"La testimonianza dell'architetto che ha collaborato alla realizzazione del presepe della cattedrale di Atene visitata da Papa Francesco\",\"breadcrumb\":{\"@id\":\"https:\\\/\\\/exaudi.org\\\/it\\\/un-presepe-differente-nella-cattedrale-di-san-dionigi-ad-atene\\\/#breadcrumb\"},\"inLanguage\":\"it-IT\",\"potentialAction\":[{\"@type\":\"ReadAction\",\"target\":[\"https:\\\/\\\/exaudi.org\\\/it\\\/un-presepe-differente-nella-cattedrale-di-san-dionigi-ad-atene\\\/\"]}]},{\"@type\":\"ImageObject\",\"inLanguage\":\"it-IT\",\"@id\":\"https:\\\/\\\/exaudi.org\\\/it\\\/un-presepe-differente-nella-cattedrale-di-san-dionigi-ad-atene\\\/#primaryimage\",\"url\":\"https:\\\/\\\/exaudi.org\\\/wp-content\\\/uploads\\\/2021\\\/12\\\/FOTO-PRINCIPAL-ARTICULO-NACIMIENTO-2.jpg\",\"contentUrl\":\"https:\\\/\\\/exaudi.org\\\/wp-content\\\/uploads\\\/2021\\\/12\\\/FOTO-PRINCIPAL-ARTICULO-NACIMIENTO-2.jpg\",\"width\":1160,\"height\":522,\"caption\":\"\u00a9 Nefeli Roussou\"},{\"@type\":\"BreadcrumbList\",\"@id\":\"https:\\\/\\\/exaudi.org\\\/it\\\/un-presepe-differente-nella-cattedrale-di-san-dionigi-ad-atene\\\/#breadcrumb\",\"itemListElement\":[{\"@type\":\"ListItem\",\"position\":1,\"name\":\"Portada\",\"item\":\"https:\\\/\\\/exaudi.org\\\/it\\\/\"},{\"@type\":\"ListItem\",\"position\":2,\"name\":\"Un \u201cpresepe differente\u201d nella cattedrale di San Dionigi ad Atene\"}]},{\"@type\":\"WebSite\",\"@id\":\"https:\\\/\\\/exaudi.org\\\/#website\",\"url\":\"https:\\\/\\\/exaudi.org\\\/\",\"name\":\"Exaudi\",\"description\":\"News\",\"potentialAction\":[{\"@type\":\"SearchAction\",\"target\":{\"@type\":\"EntryPoint\",\"urlTemplate\":\"https:\\\/\\\/exaudi.org\\\/?s={search_term_string}\"},\"query-input\":{\"@type\":\"PropertyValueSpecification\",\"valueRequired\":true,\"valueName\":\"search_term_string\"}}],\"inLanguage\":\"it-IT\"},{\"@type\":\"Person\",\"@id\":\"https:\\\/\\\/exaudi.org\\\/#\\\/schema\\\/person\\\/75e7139b5b1bb88c79bf3b4e96428a5c\",\"name\":\"Ivette V. Konstantopoulou\",\"image\":{\"@type\":\"ImageObject\",\"inLanguage\":\"it-IT\",\"@id\":\"https:\\\/\\\/secure.gravatar.com\\\/avatar\\\/4859825c64061a3eab8db0a889fbb4b7b24e0e7d38266ea89c06b73860c00c0a?s=96&d=mm&r=g\",\"url\":\"https:\\\/\\\/secure.gravatar.com\\\/avatar\\\/4859825c64061a3eab8db0a889fbb4b7b24e0e7d38266ea89c06b73860c00c0a?s=96&d=mm&r=g\",\"contentUrl\":\"https:\\\/\\\/secure.gravatar.com\\\/avatar\\\/4859825c64061a3eab8db0a889fbb4b7b24e0e7d38266ea89c06b73860c00c0a?s=96&d=mm&r=g\",\"caption\":\"Ivette V. Konstantopoulou\"},\"url\":\"https:\\\/\\\/exaudi.org\\\/it\\\/author\\\/ivettekonstantopoulou\\\/\"}]}<\/script>\n<!-- \/ Yoast SEO plugin. -->","yoast_head_json":{"title":"Un \u201cpresepe differente\u201d nella cattedrale di San Dionigi ad Atene &#8211; Exaudi","description":"La testimonianza dell'architetto che ha collaborato alla realizzazione del presepe della cattedrale di Atene visitata da Papa Francesco","robots":{"index":"index","follow":"follow","max-snippet":"max-snippet:-1","max-image-preview":"max-image-preview:large","max-video-preview":"max-video-preview:-1"},"canonical":"https:\/\/exaudi.org\/it\/un-presepe-differente-nella-cattedrale-di-san-dionigi-ad-atene\/","og_locale":"it_IT","og_type":"article","og_title":"Un \u201cpresepe differente\u201d nella cattedrale di San Dionigi ad Atene &#8211; Exaudi","og_description":"La testimonianza dell'architetto che ha collaborato alla realizzazione del presepe della cattedrale di Atene visitata da Papa Francesco","og_url":"https:\/\/exaudi.org\/it\/un-presepe-differente-nella-cattedrale-di-san-dionigi-ad-atene\/","og_site_name":"Exaudi","article_publisher":"https:\/\/www.facebook.com\/ExaudiNews","article_published_time":"2021-12-21T06:30:18+00:00","article_modified_time":"2021-12-21T10:28:00+00:00","og_image":[{"width":1160,"height":522,"url":"https:\/\/exaudi.org\/wp-content\/uploads\/2021\/12\/FOTO-PRINCIPAL-ARTICULO-NACIMIENTO-2.jpg","type":"image\/jpeg"}],"author":"Ivette V. Konstantopoulou","twitter_card":"summary_large_image","twitter_creator":"@Exaudi_News","twitter_site":"@Exaudi_News","twitter_misc":{"Scritto da":"Ivette V. Konstantopoulou","Tempo di lettura stimato":"8 minuti"},"schema":{"@context":"https:\/\/schema.org","@graph":[{"@type":"Article","@id":"https:\/\/exaudi.org\/it\/un-presepe-differente-nella-cattedrale-di-san-dionigi-ad-atene\/#article","isPartOf":{"@id":"https:\/\/exaudi.org\/it\/un-presepe-differente-nella-cattedrale-di-san-dionigi-ad-atene\/"},"author":{"name":"Ivette V. Konstantopoulou","@id":"https:\/\/exaudi.org\/#\/schema\/person\/75e7139b5b1bb88c79bf3b4e96428a5c"},"headline":"Un \u201cpresepe differente\u201d nella cattedrale di San Dionigi ad Atene","datePublished":"2021-12-21T06:30:18+00:00","dateModified":"2021-12-21T10:28:00+00:00","mainEntityOfPage":{"@id":"https:\/\/exaudi.org\/it\/un-presepe-differente-nella-cattedrale-di-san-dionigi-ad-atene\/"},"wordCount":1452,"image":{"@id":"https:\/\/exaudi.org\/it\/un-presepe-differente-nella-cattedrale-di-san-dionigi-ad-atene\/#primaryimage"},"thumbnailUrl":"https:\/\/exaudi.org\/wp-content\/uploads\/2021\/12\/FOTO-PRINCIPAL-ARTICULO-NACIMIENTO-2.jpg","keywords":["Featured","Papa Francesco","presepe"],"articleSection":["Chiesa e Mondo","Testimoni"],"inLanguage":"it-IT"},{"@type":"WebPage","@id":"https:\/\/exaudi.org\/it\/un-presepe-differente-nella-cattedrale-di-san-dionigi-ad-atene\/","url":"https:\/\/exaudi.org\/it\/un-presepe-differente-nella-cattedrale-di-san-dionigi-ad-atene\/","name":"Un \u201cpresepe differente\u201d nella cattedrale di San Dionigi ad Atene &#8211; Exaudi","isPartOf":{"@id":"https:\/\/exaudi.org\/#website"},"primaryImageOfPage":{"@id":"https:\/\/exaudi.org\/it\/un-presepe-differente-nella-cattedrale-di-san-dionigi-ad-atene\/#primaryimage"},"image":{"@id":"https:\/\/exaudi.org\/it\/un-presepe-differente-nella-cattedrale-di-san-dionigi-ad-atene\/#primaryimage"},"thumbnailUrl":"https:\/\/exaudi.org\/wp-content\/uploads\/2021\/12\/FOTO-PRINCIPAL-ARTICULO-NACIMIENTO-2.jpg","datePublished":"2021-12-21T06:30:18+00:00","dateModified":"2021-12-21T10:28:00+00:00","author":{"@id":"https:\/\/exaudi.org\/#\/schema\/person\/75e7139b5b1bb88c79bf3b4e96428a5c"},"description":"La testimonianza dell'architetto che ha collaborato alla realizzazione del presepe della cattedrale di Atene visitata da Papa Francesco","breadcrumb":{"@id":"https:\/\/exaudi.org\/it\/un-presepe-differente-nella-cattedrale-di-san-dionigi-ad-atene\/#breadcrumb"},"inLanguage":"it-IT","potentialAction":[{"@type":"ReadAction","target":["https:\/\/exaudi.org\/it\/un-presepe-differente-nella-cattedrale-di-san-dionigi-ad-atene\/"]}]},{"@type":"ImageObject","inLanguage":"it-IT","@id":"https:\/\/exaudi.org\/it\/un-presepe-differente-nella-cattedrale-di-san-dionigi-ad-atene\/#primaryimage","url":"https:\/\/exaudi.org\/wp-content\/uploads\/2021\/12\/FOTO-PRINCIPAL-ARTICULO-NACIMIENTO-2.jpg","contentUrl":"https:\/\/exaudi.org\/wp-content\/uploads\/2021\/12\/FOTO-PRINCIPAL-ARTICULO-NACIMIENTO-2.jpg","width":1160,"height":522,"caption":"\u00a9 Nefeli Roussou"},{"@type":"BreadcrumbList","@id":"https:\/\/exaudi.org\/it\/un-presepe-differente-nella-cattedrale-di-san-dionigi-ad-atene\/#breadcrumb","itemListElement":[{"@type":"ListItem","position":1,"name":"Portada","item":"https:\/\/exaudi.org\/it\/"},{"@type":"ListItem","position":2,"name":"Un \u201cpresepe differente\u201d nella cattedrale di San Dionigi ad Atene"}]},{"@type":"WebSite","@id":"https:\/\/exaudi.org\/#website","url":"https:\/\/exaudi.org\/","name":"Exaudi","description":"News","potentialAction":[{"@type":"SearchAction","target":{"@type":"EntryPoint","urlTemplate":"https:\/\/exaudi.org\/?s={search_term_string}"},"query-input":{"@type":"PropertyValueSpecification","valueRequired":true,"valueName":"search_term_string"}}],"inLanguage":"it-IT"},{"@type":"Person","@id":"https:\/\/exaudi.org\/#\/schema\/person\/75e7139b5b1bb88c79bf3b4e96428a5c","name":"Ivette V. Konstantopoulou","image":{"@type":"ImageObject","inLanguage":"it-IT","@id":"https:\/\/secure.gravatar.com\/avatar\/4859825c64061a3eab8db0a889fbb4b7b24e0e7d38266ea89c06b73860c00c0a?s=96&d=mm&r=g","url":"https:\/\/secure.gravatar.com\/avatar\/4859825c64061a3eab8db0a889fbb4b7b24e0e7d38266ea89c06b73860c00c0a?s=96&d=mm&r=g","contentUrl":"https:\/\/secure.gravatar.com\/avatar\/4859825c64061a3eab8db0a889fbb4b7b24e0e7d38266ea89c06b73860c00c0a?s=96&d=mm&r=g","caption":"Ivette V. Konstantopoulou"},"url":"https:\/\/exaudi.org\/it\/author\/ivettekonstantopoulou\/"}]}},"jetpack_featured_media_url":"https:\/\/exaudi.org\/wp-content\/uploads\/2021\/12\/FOTO-PRINCIPAL-ARTICULO-NACIMIENTO-2.jpg","jetpack_shortlink":"https:\/\/wp.me\/pgKjF2-c6Z","_links":{"self":[{"href":"https:\/\/exaudi.org\/it\/wp-json\/wp\/v2\/posts\/46561","targetHints":{"allow":["GET"]}}],"collection":[{"href":"https:\/\/exaudi.org\/it\/wp-json\/wp\/v2\/posts"}],"about":[{"href":"https:\/\/exaudi.org\/it\/wp-json\/wp\/v2\/types\/post"}],"author":[{"embeddable":true,"href":"https:\/\/exaudi.org\/it\/wp-json\/wp\/v2\/users\/86"}],"replies":[{"embeddable":true,"href":"https:\/\/exaudi.org\/it\/wp-json\/wp\/v2\/comments?post=46561"}],"version-history":[{"count":0,"href":"https:\/\/exaudi.org\/it\/wp-json\/wp\/v2\/posts\/46561\/revisions"}],"wp:featuredmedia":[{"embeddable":true,"href":"https:\/\/exaudi.org\/it\/wp-json\/wp\/v2\/media\/46649"}],"wp:attachment":[{"href":"https:\/\/exaudi.org\/it\/wp-json\/wp\/v2\/media?parent=46561"}],"wp:term":[{"taxonomy":"category","embeddable":true,"href":"https:\/\/exaudi.org\/it\/wp-json\/wp\/v2\/categories?post=46561"},{"taxonomy":"post_tag","embeddable":true,"href":"https:\/\/exaudi.org\/it\/wp-json\/wp\/v2\/tags?post=46561"}],"curies":[{"name":"wp","href":"https:\/\/api.w.org\/{rel}","templated":true}]}}