{"id":46431,"date":"2021-12-19T13:17:50","date_gmt":"2021-12-19T12:17:50","guid":{"rendered":"https:\/\/exaudi.org\/?p=46431"},"modified":"2021-12-19T13:24:38","modified_gmt":"2021-12-19T12:24:38","slug":"pensare-a-chi-posso-dare-aiuto-e-portare-la-gioia","status":"publish","type":"post","link":"https:\/\/exaudi.org\/it\/pensare-a-chi-posso-dare-aiuto-e-portare-la-gioia\/","title":{"rendered":"\u201cPensare a chi posso dare aiuto e portare la gioia\u201d"},"content":{"rendered":"<p>Alzarsi e camminare in fretta, sull\u2019esempio della Madonna. \u00c8 l\u2019invito del Papa all\u2019Angelus per questo scorcio conclusivo dell\u2019Avvento che ci condurr\u00e0 tra pochi giorni al Natale. Due verbi che, per il S. Padre, si traducono concretamente nel pensare agli altri, a chi \u00e8 nel bisogno, \u201ca chi posso dare aiuto\u201d. E nel non lasciarsi abbattere dai problemi, dalla tristezza ma nel portare agli altri il sorriso e la gioia. Ecco le parole del Papa, che dopo la preghiera mariana ha rivolto un appello per le Filippine, colpite da un tifone devastante:<\/p>\n<p>Cari fratelli e sorelle, buongiorno! Il Vangelo della Liturgia di oggi, quarta Domenica di Avvento, narra la visita di Maria a Elisabetta. Ricevuto l\u2019annuncio dell\u2019angelo, la Vergine non rimane in casa, a ripensare all\u2019accaduto e considerare i problemi e gli imprevisti, che certo non mancavano: Perch\u00e9, poveretta, non sapeva cosa fare con questa notizia, con la cultura di quell\u2019epoca\u2026 Non capiva\u2026 Al contrario, per prima cosa pensa a chi ha bisogno. Invece di essere ripiegata sui suoi problemi, pensa a chi ha bisogno, pensa a Elisabetta sua parente, che \u00e8 avanti negli anni e incinta: una cosa strana, miracolosa.<\/p>\n<h2>Si alz\u00f2 e and\u00f2<\/h2>\n<p>Maria si mette in viaggio con generosit\u00e0, senza lasciarsi intimorire dai disagi del tragitto, rispondendo a un impulso interiore che la chiama a farsi vicina e a dare aiuto. Una lunga strada, chilometri e chilometri, e non c\u2019era un bus che andava: \u00e8 dovuta andare a piedi. Lei esce per dare aiuto, condividendo la sua gioia. Maria dona a Elisabetta la gioia di Ges\u00f9, la gioia che portava nel cuore e nel grembo. Va da lei e proclama i suoi sentimenti, e questa proclamazione dei sentimenti poi \u00e8 diventata una preghiera, il Magnificat, che tutti noi conosciamo. E dice il testo che la Madonna \u00absi alz\u00f2 e and\u00f2 in fretta\u00bb. Si alz\u00f2 e and\u00f2.<\/p>\n<p>Nell\u2019ultimo tratto del cammino di Avvento lasciamoci guidare da questi due verbi. Alzarsi e camminare in fretta: sono i due movimenti che Maria ha fatto e che invita anche noi a fare in vista del Natale. Anzitutto, alzarsi. Dopo l\u2019annuncio dell\u2019angelo, per la Vergine si profilava un periodo difficile: la sua gravidanza inattesa la esponeva a incomprensioni e anche a pene severe, anche alla lapidazione, nella cultura di quel tempo. Immaginiamo quanti pensieri e turbamenti aveva! Tuttavia, non si scoraggia, non si abbatte, ma si alza. Non volge lo sguardo in basso, verso i problemi, ma in alto, verso Dio. E non pensa a chi chiedere aiuto, ma a chi portare aiuto.<\/p>\n<h2>Pensare agli altri<\/h2>\n<p>Sempre pensa agli altri: cos\u00ec \u00e8 Maria, pensando sempre ai bisogni degli altri. Lo stesso far\u00e0 dopo, alle nozze di Cana, quando si accorge che manca il vino. \u00c8 un problema di altra gente, ma lei pensa a questo e cerca di trovare una soluzione. Sempre Maria pensa agli altri. Pensa anche a noi. Impariamo dalla Madonna questo modo di reagire: alzarci, soprattutto quando le difficolt\u00e0 rischiano di schiacciarci.<\/p>\n<h2>Non sprofondare nell\u2019autocommiserazione<\/h2>\n<p>Alzarci, per non rimanere impantanati nei problemi, sprofondando nell\u2019autocommiserazione o cadendo in una tristezza che ci paralizza. Ma perch\u00e9 alzarci? Perch\u00e9 Dio \u00e8 grande ed \u00e8 pronto a rialzarci se noi gli tendiamo la mano. Allora gettiamo in Lui i pensieri negativi, le paure che bloccano ogni slancio e che impediscono di andare avanti.<\/p>\n<h2>Chi posso aiutare?<\/h2>\n<p>E poi facciamo come Maria: guardiamoci attorno e cerchiamo qualche persona a cui possiamo essere di aiuto! C\u2019\u00e8 qualche anziano che conosco a cui posso fare un po\u2019 di aiuto, di compagnia? Ognuno ci pensi. O fare un servizio a una persona, una gentilezza, una telefonata? Ma a chi posso dare aiuto? Mi alzo e do aiuto. Aiutando gli altri, aiuteremo noi stessi a rialzarci dalle difficolt\u00e0.<\/p>\n<h2>Le lamentele<\/h2>\n<p>Il secondo movimento \u00e8 camminare in fretta. Non vuol dire procedere con agitazione, in modo affannato, no, non vuol dire questo. Si tratta invece di condurre le nostre giornate con passo lieto, guardando avanti con fiducia, senza trascinarci di malavoglia, schiavi delle lamentele \u2013 queste lamentele rovinano tante vite, perch\u00e9 uno si mette a lamentarsi e lamentarsi e la vita va gi\u00f9. Le lamentele ti portano a cercare sempre qualcuno da incolpare.<\/p>\n<h2>La grazia del sano umorismo<\/h2>\n<p>Andando verso la casa di Elisabetta, Maria procede con il passo svelto di chi ha il cuore e la vita pieni di Dio, pieni della sua gioia. Allora chiediamoci noi, per il nostro profitto: com\u2019\u00e8 il mio \u201cpasso\u201d? Sono propositivo oppure mi attardo nella malinconia, nella tristezza? Vado avanti con speranza o mi fermo per piangermi addosso? Se procediamo con il passo stanco dei brontolii e delle chiacchiere, non porteremo Dio a nessuno, soltanto porteremo amarezza, cose oscure. Fa tanto bene, invece, coltivare un sano umorismo, come facevano, ad esempio, San Tommaso Moro o San Filippo Neri. Possiamo chiedere anche questa grazia, la grazia del sano umorismo: fa tanto bene.<\/p>\n<p>Non dimentichiamo che il primo atto di carit\u00e0 che possiamo fare al prossimo \u00e8 offrirgli un volto sereno e sorridente. \u00c8 portargli la gioia di Ges\u00f9, come ha fatto Maria con Elisabetta. La Madre di Dio ci prenda per mano, ci aiuti ad alzarci e a camminare in fretta verso il Natale!<\/p>\n<h2>Dopo l\u2019Angelus<\/h2>\n<p>Cari fratelli e sorelle, esprimo la mia vicinanza alle popolazioni delle Filippine colpite da un forte tifone, che ha distrutto tante abitazioni. Che il Santo Ni\u00f1o porti consolazione e speranza alle famiglie pi\u00f9 in difficolt\u00e0; e a tutti noi ispiri aiuti concreti! Il primo aiuto concreto \u00e8 la preghiera, e gli altri aiuti.<\/p>\n<figure id=\"attachment_46437\" aria-describedby=\"caption-attachment-46437\" style=\"width: 300px\" class=\"wp-caption alignleft\"><img loading=\"lazy\" decoding=\"async\" class=\"size-medium wp-image-46437\" src=\"https:\/\/exaudi.org\/wp-content\/uploads\/2021\/12\/banda-300x200.jpg\" alt=\"\" width=\"300\" height=\"200\" srcset=\"https:\/\/exaudi.org\/wp-content\/uploads\/2021\/12\/banda-300x200.jpg 300w, https:\/\/exaudi.org\/wp-content\/uploads\/2021\/12\/banda-1024x683.jpg 1024w, https:\/\/exaudi.org\/wp-content\/uploads\/2021\/12\/banda-770x513.jpg 770w, https:\/\/exaudi.org\/wp-content\/uploads\/2021\/12\/banda-1536x1024.jpg 1536w, https:\/\/exaudi.org\/wp-content\/uploads\/2021\/12\/banda-2048x1365.jpg 2048w, https:\/\/exaudi.org\/wp-content\/uploads\/2021\/12\/banda-360x240.jpg?crop=1 360w, https:\/\/exaudi.org\/wp-content\/uploads\/2021\/12\/banda-500x333.jpg 500w, https:\/\/exaudi.org\/wp-content\/uploads\/2021\/12\/banda-1155x770.jpg 1155w, https:\/\/exaudi.org\/wp-content\/uploads\/2021\/12\/banda-370x247.jpg 370w, https:\/\/exaudi.org\/wp-content\/uploads\/2021\/12\/banda-293x195.jpg 293w, https:\/\/exaudi.org\/wp-content\/uploads\/2021\/12\/banda-1400x933.jpg 1400w, https:\/\/exaudi.org\/wp-content\/uploads\/2021\/12\/banda-120x80.jpg 120w, https:\/\/exaudi.org\/wp-content\/uploads\/2021\/12\/banda-240x160.jpg 240w, https:\/\/exaudi.org\/wp-content\/uploads\/2021\/12\/banda-390x260.jpg 390w\" sizes=\"auto, (max-width: 300px) 100vw, 300px\" \/><figcaption id=\"caption-attachment-46437\" class=\"wp-caption-text\">La banda di Soriano nel Cimino ha intonato &#8220;Tanti auguri&#8221; al S. Padre (C) Vatican Media<\/figcaption><\/figure>\n<p>Saluto tutti voi, pellegrini venuti dall\u2019Italia e da diversi Paesi. In particolare, saluto la comunit\u00e0 peruviana di Roma e il suo gruppo folkloristico qui convenuti in occasione della celebrazione in onore del \u201cNi\u00f1o Jes\u00fas Andino\u201d di Choqcca, luogo di provenienza del <a href=\"https:\/\/exaudi.org\/it\/a-natale-dio-viene-a-stare-con-noi\/\">Presepe allestito in questa Piazza<\/a>. Grazie! Saluto la Banda musicale di Soriano nel Cimino. Vorrei ascoltarli dopo\u2026 [la banda intona \u201cTanti auguri a te\u201d] Suonano bene, questi!<\/p>\n<p>Saluto i fedeli di Terni, gli scout di Marigliano e i ragazzi di Cingoli (Macerata). E a tutti auguro una buona domenica e un buon cammino in questo ultimo tratto dell\u2019Avvento che ci prepara alla nascita di Ges\u00f9. Sia per tutti noi tempo di attesa e collaborazione: speranza, sperare e pregare, in compagnia della Vergine Maria, donna dell\u2019attesa. E per favore, non dimenticatevi di pregare per me. Buon pranzo e arrivederci. E adesso la banda, che suoni una cosa bella!<\/p>\n<h2>Con i bambini del dispensario<\/h2>\n<p>Prima dell&#8217;Angelus, il Papa ha incontrato nell\u2019Aula Paolo VI i bambini assistiti dal Dispensario Pediatrico \u201cSanta Marta\u201d in Vaticano, con i familiari e i volontari. I bambini hanno eseguito alcuni canti e presentato al Papa una breve recita. Quindi il Santo Padre ha rivolto ai presenti alcune parole di saluto e prima di congedarsi ha ricevuto in dono una torta di compleanno.<\/p>\n","protected":false},"excerpt":{"rendered":"<p>Il suggerimento del S. Padre per gli ultimi giorni di Avvento<\/p>\n","protected":false},"author":17,"featured_media":46432,"comment_status":"closed","ping_status":"closed","sticky":false,"template":"","format":"standard","meta":{"_acf_changed":false,"_crdt_document":"","inline_featured_image":false,"footnotes":""},"categories":[69],"tags":[250,2487,4696,251],"class_list":["post-46431","post","type-post","status-publish","format-standard","has-post-thumbnail","hentry","category-angelus-it","tag-angelus-it","tag-featured-3","tag-natale","tag-papa-francesco"],"acf":[],"yoast_head":"<!-- This site is optimized with the Yoast SEO plugin v27.5 - https:\/\/yoast.com\/product\/yoast-seo-wordpress\/ -->\n<title>\u201cPensare a chi posso dare aiuto e portare la gioia\u201d &#8211; Exaudi<\/title>\n<meta name=\"description\" content=\"All&#039;Angelus il Papa ha invitato a chiederci a chi posso dare aiuto e portare gioia e un sorriso in questi ultimi giorni di Avvento\" \/>\n<meta name=\"robots\" content=\"index, follow, max-snippet:-1, max-image-preview:large, max-video-preview:-1\" \/>\n<link rel=\"canonical\" href=\"https:\/\/exaudi.org\/it\/pensare-a-chi-posso-dare-aiuto-e-portare-la-gioia\/\" \/>\n<meta property=\"og:locale\" content=\"it_IT\" \/>\n<meta property=\"og:type\" content=\"article\" \/>\n<meta property=\"og:title\" content=\"\u201cPensare a chi posso dare aiuto e portare la gioia\u201d &#8211; Exaudi\" \/>\n<meta property=\"og:description\" content=\"All&#039;Angelus il Papa ha invitato a chiederci a chi posso dare aiuto e portare gioia e un sorriso in questi ultimi giorni di Avvento\" \/>\n<meta property=\"og:url\" content=\"https:\/\/exaudi.org\/it\/pensare-a-chi-posso-dare-aiuto-e-portare-la-gioia\/\" \/>\n<meta property=\"og:site_name\" content=\"Exaudi\" \/>\n<meta property=\"article:publisher\" content=\"https:\/\/www.facebook.com\/ExaudiNews\" \/>\n<meta property=\"article:author\" content=\"https:\/\/www.facebook.com\/ExaudiNotizie\/\" \/>\n<meta property=\"article:published_time\" content=\"2021-12-19T12:17:50+00:00\" \/>\n<meta property=\"article:modified_time\" content=\"2021-12-19T12:24:38+00:00\" \/>\n<meta property=\"og:image\" content=\"https:\/\/exaudi.org\/wp-content\/uploads\/2021\/12\/angelus-scaled.jpg\" \/>\n\t<meta property=\"og:image:width\" content=\"2560\" \/>\n\t<meta property=\"og:image:height\" content=\"1707\" \/>\n\t<meta property=\"og:image:type\" content=\"image\/jpeg\" \/>\n<meta name=\"author\" content=\"Exaudi Redazione\" \/>\n<meta name=\"twitter:card\" content=\"summary_large_image\" \/>\n<meta name=\"twitter:creator\" content=\"@Exaudi_Notizie\" \/>\n<meta name=\"twitter:site\" content=\"@Exaudi_News\" \/>\n<meta name=\"twitter:label1\" content=\"Scritto da\" \/>\n\t<meta name=\"twitter:data1\" content=\"Exaudi Redazione\" \/>\n\t<meta name=\"twitter:label2\" content=\"Tempo di lettura stimato\" \/>\n\t<meta name=\"twitter:data2\" content=\"6 minuti\" \/>\n<script type=\"application\/ld+json\" class=\"yoast-schema-graph\">{\"@context\":\"https:\\\/\\\/schema.org\",\"@graph\":[{\"@type\":\"Article\",\"@id\":\"https:\\\/\\\/exaudi.org\\\/it\\\/pensare-a-chi-posso-dare-aiuto-e-portare-la-gioia\\\/#article\",\"isPartOf\":{\"@id\":\"https:\\\/\\\/exaudi.org\\\/it\\\/pensare-a-chi-posso-dare-aiuto-e-portare-la-gioia\\\/\"},\"author\":{\"name\":\"Exaudi Redazione\",\"@id\":\"https:\\\/\\\/exaudi.org\\\/#\\\/schema\\\/person\\\/e1ab6ed07c01774724dd96f925f3a5f0\"},\"headline\":\"\u201cPensare a chi posso dare aiuto e portare la gioia\u201d\",\"datePublished\":\"2021-12-19T12:17:50+00:00\",\"dateModified\":\"2021-12-19T12:24:38+00:00\",\"mainEntityOfPage\":{\"@id\":\"https:\\\/\\\/exaudi.org\\\/it\\\/pensare-a-chi-posso-dare-aiuto-e-portare-la-gioia\\\/\"},\"wordCount\":1172,\"image\":{\"@id\":\"https:\\\/\\\/exaudi.org\\\/it\\\/pensare-a-chi-posso-dare-aiuto-e-portare-la-gioia\\\/#primaryimage\"},\"thumbnailUrl\":\"https:\\\/\\\/exaudi.org\\\/wp-content\\\/uploads\\\/2021\\\/12\\\/angelus-scaled.jpg\",\"keywords\":[\"\u00e1ngelus\",\"Featured\",\"natale\",\"Papa Francesco\"],\"articleSection\":[\"Angelus\"],\"inLanguage\":\"it-IT\"},{\"@type\":\"WebPage\",\"@id\":\"https:\\\/\\\/exaudi.org\\\/it\\\/pensare-a-chi-posso-dare-aiuto-e-portare-la-gioia\\\/\",\"url\":\"https:\\\/\\\/exaudi.org\\\/it\\\/pensare-a-chi-posso-dare-aiuto-e-portare-la-gioia\\\/\",\"name\":\"\u201cPensare a chi posso dare aiuto e portare la gioia\u201d &#8211; Exaudi\",\"isPartOf\":{\"@id\":\"https:\\\/\\\/exaudi.org\\\/#website\"},\"primaryImageOfPage\":{\"@id\":\"https:\\\/\\\/exaudi.org\\\/it\\\/pensare-a-chi-posso-dare-aiuto-e-portare-la-gioia\\\/#primaryimage\"},\"image\":{\"@id\":\"https:\\\/\\\/exaudi.org\\\/it\\\/pensare-a-chi-posso-dare-aiuto-e-portare-la-gioia\\\/#primaryimage\"},\"thumbnailUrl\":\"https:\\\/\\\/exaudi.org\\\/wp-content\\\/uploads\\\/2021\\\/12\\\/angelus-scaled.jpg\",\"datePublished\":\"2021-12-19T12:17:50+00:00\",\"dateModified\":\"2021-12-19T12:24:38+00:00\",\"author\":{\"@id\":\"https:\\\/\\\/exaudi.org\\\/#\\\/schema\\\/person\\\/e1ab6ed07c01774724dd96f925f3a5f0\"},\"description\":\"All'Angelus il Papa ha invitato a chiederci a chi posso dare aiuto e portare gioia e un sorriso in questi ultimi giorni di Avvento\",\"breadcrumb\":{\"@id\":\"https:\\\/\\\/exaudi.org\\\/it\\\/pensare-a-chi-posso-dare-aiuto-e-portare-la-gioia\\\/#breadcrumb\"},\"inLanguage\":\"it-IT\",\"potentialAction\":[{\"@type\":\"ReadAction\",\"target\":[\"https:\\\/\\\/exaudi.org\\\/it\\\/pensare-a-chi-posso-dare-aiuto-e-portare-la-gioia\\\/\"]}]},{\"@type\":\"ImageObject\",\"inLanguage\":\"it-IT\",\"@id\":\"https:\\\/\\\/exaudi.org\\\/it\\\/pensare-a-chi-posso-dare-aiuto-e-portare-la-gioia\\\/#primaryimage\",\"url\":\"https:\\\/\\\/exaudi.org\\\/wp-content\\\/uploads\\\/2021\\\/12\\\/angelus-scaled.jpg\",\"contentUrl\":\"https:\\\/\\\/exaudi.org\\\/wp-content\\\/uploads\\\/2021\\\/12\\\/angelus-scaled.jpg\",\"width\":2560,\"height\":1707,\"caption\":\"(C) Vatican Media\"},{\"@type\":\"BreadcrumbList\",\"@id\":\"https:\\\/\\\/exaudi.org\\\/it\\\/pensare-a-chi-posso-dare-aiuto-e-portare-la-gioia\\\/#breadcrumb\",\"itemListElement\":[{\"@type\":\"ListItem\",\"position\":1,\"name\":\"Portada\",\"item\":\"https:\\\/\\\/exaudi.org\\\/it\\\/\"},{\"@type\":\"ListItem\",\"position\":2,\"name\":\"\u201cPensare a chi posso dare aiuto e portare la gioia\u201d\"}]},{\"@type\":\"WebSite\",\"@id\":\"https:\\\/\\\/exaudi.org\\\/#website\",\"url\":\"https:\\\/\\\/exaudi.org\\\/\",\"name\":\"Exaudi\",\"description\":\"News\",\"potentialAction\":[{\"@type\":\"SearchAction\",\"target\":{\"@type\":\"EntryPoint\",\"urlTemplate\":\"https:\\\/\\\/exaudi.org\\\/?s={search_term_string}\"},\"query-input\":{\"@type\":\"PropertyValueSpecification\",\"valueRequired\":true,\"valueName\":\"search_term_string\"}}],\"inLanguage\":\"it-IT\"},{\"@type\":\"Person\",\"@id\":\"https:\\\/\\\/exaudi.org\\\/#\\\/schema\\\/person\\\/e1ab6ed07c01774724dd96f925f3a5f0\",\"name\":\"Exaudi Redazione\",\"image\":{\"@type\":\"ImageObject\",\"inLanguage\":\"it-IT\",\"@id\":\"https:\\\/\\\/secure.gravatar.com\\\/avatar\\\/ad6774b3ada023bf5b939d64f45c94b3adf91502dd883507d469b4308a943bb3?s=96&d=mm&r=g\",\"url\":\"https:\\\/\\\/secure.gravatar.com\\\/avatar\\\/ad6774b3ada023bf5b939d64f45c94b3adf91502dd883507d469b4308a943bb3?s=96&d=mm&r=g\",\"contentUrl\":\"https:\\\/\\\/secure.gravatar.com\\\/avatar\\\/ad6774b3ada023bf5b939d64f45c94b3adf91502dd883507d469b4308a943bb3?s=96&d=mm&r=g\",\"caption\":\"Exaudi Redazione\"},\"description\":\"Che cosa \u00e8 Exaudi News? Exaudi News \u00e8 un agenzia cattolica internazionale che informa, istruisce e trasforma quotidianamente in spagnolo, inglese e italiano. Attraverso notizie, articoli di analisi e trasmissioni in diretta degli eventi del Papa, Exaudi cerca di rafforzare l'unit\u00e0 dei cristiani e di contribuire all'evangelizzazione del mondo, sempre guidato dalla dottrina sociale della Chiesa. Lavoriamo per portare la verit\u00e0 e i valori cristiani in ogni angolo del pianeta. Aiutaci a trasformare il mondo con Exaudi! Noi di Exaudi crediamo che l'evangelizzazione e l'informazione di qualit\u00e0 possano cambiare la vita. Per continuare la nostra missione ed espandere la nostra portata, abbiamo bisogno del tuo aiuto. Stiamo anche cercando persone motivate che vogliano unirsi al nostro team. Grazie al vostro sostegno raggiungeremo pi\u00f9 persone, diffonderemo il messaggio di Cristo e rafforzeremo l'unit\u00e0 dei cristiani. Vuoi unirti alla nostra missione? Per maggiori informazioni su come contribuire, visita Exaudi.org\\\/it o contattaci direttamente: info@exaudi.org Exaudi: informa, forma e trasforma.\",\"sameAs\":[\"https:\\\/\\\/www.facebook.com\\\/ExaudiNotizie\\\/\",\"https:\\\/\\\/www.instagram.com\\\/Exaudi_notizie\\\/\",\"https:\\\/\\\/x.com\\\/Exaudi_Notizie\",\"https:\\\/\\\/www.youtube.com\\\/@exaudicatholicnews\"],\"url\":\"https:\\\/\\\/exaudi.org\\\/it\\\/author\\\/dlvedi-org\\\/\"}]}<\/script>\n<!-- \/ Yoast SEO plugin. -->","yoast_head_json":{"title":"\u201cPensare a chi posso dare aiuto e portare la gioia\u201d &#8211; Exaudi","description":"All'Angelus il Papa ha invitato a chiederci a chi posso dare aiuto e portare gioia e un sorriso in questi ultimi giorni di Avvento","robots":{"index":"index","follow":"follow","max-snippet":"max-snippet:-1","max-image-preview":"max-image-preview:large","max-video-preview":"max-video-preview:-1"},"canonical":"https:\/\/exaudi.org\/it\/pensare-a-chi-posso-dare-aiuto-e-portare-la-gioia\/","og_locale":"it_IT","og_type":"article","og_title":"\u201cPensare a chi posso dare aiuto e portare la gioia\u201d &#8211; Exaudi","og_description":"All'Angelus il Papa ha invitato a chiederci a chi posso dare aiuto e portare gioia e un sorriso in questi ultimi giorni di Avvento","og_url":"https:\/\/exaudi.org\/it\/pensare-a-chi-posso-dare-aiuto-e-portare-la-gioia\/","og_site_name":"Exaudi","article_publisher":"https:\/\/www.facebook.com\/ExaudiNews","article_author":"https:\/\/www.facebook.com\/ExaudiNotizie\/","article_published_time":"2021-12-19T12:17:50+00:00","article_modified_time":"2021-12-19T12:24:38+00:00","og_image":[{"width":2560,"height":1707,"url":"https:\/\/exaudi.org\/wp-content\/uploads\/2021\/12\/angelus-scaled.jpg","type":"image\/jpeg"}],"author":"Exaudi Redazione","twitter_card":"summary_large_image","twitter_creator":"@Exaudi_Notizie","twitter_site":"@Exaudi_News","twitter_misc":{"Scritto da":"Exaudi Redazione","Tempo di lettura stimato":"6 minuti"},"schema":{"@context":"https:\/\/schema.org","@graph":[{"@type":"Article","@id":"https:\/\/exaudi.org\/it\/pensare-a-chi-posso-dare-aiuto-e-portare-la-gioia\/#article","isPartOf":{"@id":"https:\/\/exaudi.org\/it\/pensare-a-chi-posso-dare-aiuto-e-portare-la-gioia\/"},"author":{"name":"Exaudi Redazione","@id":"https:\/\/exaudi.org\/#\/schema\/person\/e1ab6ed07c01774724dd96f925f3a5f0"},"headline":"\u201cPensare a chi posso dare aiuto e portare la gioia\u201d","datePublished":"2021-12-19T12:17:50+00:00","dateModified":"2021-12-19T12:24:38+00:00","mainEntityOfPage":{"@id":"https:\/\/exaudi.org\/it\/pensare-a-chi-posso-dare-aiuto-e-portare-la-gioia\/"},"wordCount":1172,"image":{"@id":"https:\/\/exaudi.org\/it\/pensare-a-chi-posso-dare-aiuto-e-portare-la-gioia\/#primaryimage"},"thumbnailUrl":"https:\/\/exaudi.org\/wp-content\/uploads\/2021\/12\/angelus-scaled.jpg","keywords":["\u00e1ngelus","Featured","natale","Papa Francesco"],"articleSection":["Angelus"],"inLanguage":"it-IT"},{"@type":"WebPage","@id":"https:\/\/exaudi.org\/it\/pensare-a-chi-posso-dare-aiuto-e-portare-la-gioia\/","url":"https:\/\/exaudi.org\/it\/pensare-a-chi-posso-dare-aiuto-e-portare-la-gioia\/","name":"\u201cPensare a chi posso dare aiuto e portare la gioia\u201d &#8211; Exaudi","isPartOf":{"@id":"https:\/\/exaudi.org\/#website"},"primaryImageOfPage":{"@id":"https:\/\/exaudi.org\/it\/pensare-a-chi-posso-dare-aiuto-e-portare-la-gioia\/#primaryimage"},"image":{"@id":"https:\/\/exaudi.org\/it\/pensare-a-chi-posso-dare-aiuto-e-portare-la-gioia\/#primaryimage"},"thumbnailUrl":"https:\/\/exaudi.org\/wp-content\/uploads\/2021\/12\/angelus-scaled.jpg","datePublished":"2021-12-19T12:17:50+00:00","dateModified":"2021-12-19T12:24:38+00:00","author":{"@id":"https:\/\/exaudi.org\/#\/schema\/person\/e1ab6ed07c01774724dd96f925f3a5f0"},"description":"All'Angelus il Papa ha invitato a chiederci a chi posso dare aiuto e portare gioia e un sorriso in questi ultimi giorni di Avvento","breadcrumb":{"@id":"https:\/\/exaudi.org\/it\/pensare-a-chi-posso-dare-aiuto-e-portare-la-gioia\/#breadcrumb"},"inLanguage":"it-IT","potentialAction":[{"@type":"ReadAction","target":["https:\/\/exaudi.org\/it\/pensare-a-chi-posso-dare-aiuto-e-portare-la-gioia\/"]}]},{"@type":"ImageObject","inLanguage":"it-IT","@id":"https:\/\/exaudi.org\/it\/pensare-a-chi-posso-dare-aiuto-e-portare-la-gioia\/#primaryimage","url":"https:\/\/exaudi.org\/wp-content\/uploads\/2021\/12\/angelus-scaled.jpg","contentUrl":"https:\/\/exaudi.org\/wp-content\/uploads\/2021\/12\/angelus-scaled.jpg","width":2560,"height":1707,"caption":"(C) Vatican Media"},{"@type":"BreadcrumbList","@id":"https:\/\/exaudi.org\/it\/pensare-a-chi-posso-dare-aiuto-e-portare-la-gioia\/#breadcrumb","itemListElement":[{"@type":"ListItem","position":1,"name":"Portada","item":"https:\/\/exaudi.org\/it\/"},{"@type":"ListItem","position":2,"name":"\u201cPensare a chi posso dare aiuto e portare la gioia\u201d"}]},{"@type":"WebSite","@id":"https:\/\/exaudi.org\/#website","url":"https:\/\/exaudi.org\/","name":"Exaudi","description":"News","potentialAction":[{"@type":"SearchAction","target":{"@type":"EntryPoint","urlTemplate":"https:\/\/exaudi.org\/?s={search_term_string}"},"query-input":{"@type":"PropertyValueSpecification","valueRequired":true,"valueName":"search_term_string"}}],"inLanguage":"it-IT"},{"@type":"Person","@id":"https:\/\/exaudi.org\/#\/schema\/person\/e1ab6ed07c01774724dd96f925f3a5f0","name":"Exaudi Redazione","image":{"@type":"ImageObject","inLanguage":"it-IT","@id":"https:\/\/secure.gravatar.com\/avatar\/ad6774b3ada023bf5b939d64f45c94b3adf91502dd883507d469b4308a943bb3?s=96&d=mm&r=g","url":"https:\/\/secure.gravatar.com\/avatar\/ad6774b3ada023bf5b939d64f45c94b3adf91502dd883507d469b4308a943bb3?s=96&d=mm&r=g","contentUrl":"https:\/\/secure.gravatar.com\/avatar\/ad6774b3ada023bf5b939d64f45c94b3adf91502dd883507d469b4308a943bb3?s=96&d=mm&r=g","caption":"Exaudi Redazione"},"description":"Che cosa \u00e8 Exaudi News? Exaudi News \u00e8 un agenzia cattolica internazionale che informa, istruisce e trasforma quotidianamente in spagnolo, inglese e italiano. Attraverso notizie, articoli di analisi e trasmissioni in diretta degli eventi del Papa, Exaudi cerca di rafforzare l'unit\u00e0 dei cristiani e di contribuire all'evangelizzazione del mondo, sempre guidato dalla dottrina sociale della Chiesa. Lavoriamo per portare la verit\u00e0 e i valori cristiani in ogni angolo del pianeta. Aiutaci a trasformare il mondo con Exaudi! Noi di Exaudi crediamo che l'evangelizzazione e l'informazione di qualit\u00e0 possano cambiare la vita. Per continuare la nostra missione ed espandere la nostra portata, abbiamo bisogno del tuo aiuto. Stiamo anche cercando persone motivate che vogliano unirsi al nostro team. Grazie al vostro sostegno raggiungeremo pi\u00f9 persone, diffonderemo il messaggio di Cristo e rafforzeremo l'unit\u00e0 dei cristiani. Vuoi unirti alla nostra missione? Per maggiori informazioni su come contribuire, visita Exaudi.org\/it o contattaci direttamente: info@exaudi.org Exaudi: informa, forma e trasforma.","sameAs":["https:\/\/www.facebook.com\/ExaudiNotizie\/","https:\/\/www.instagram.com\/Exaudi_notizie\/","https:\/\/x.com\/Exaudi_Notizie","https:\/\/www.youtube.com\/@exaudicatholicnews"],"url":"https:\/\/exaudi.org\/it\/author\/dlvedi-org\/"}]}},"jetpack_featured_media_url":"https:\/\/exaudi.org\/wp-content\/uploads\/2021\/12\/angelus-scaled.jpg","jetpack_shortlink":"https:\/\/wp.me\/pgKjF2-c4T","_links":{"self":[{"href":"https:\/\/exaudi.org\/it\/wp-json\/wp\/v2\/posts\/46431","targetHints":{"allow":["GET"]}}],"collection":[{"href":"https:\/\/exaudi.org\/it\/wp-json\/wp\/v2\/posts"}],"about":[{"href":"https:\/\/exaudi.org\/it\/wp-json\/wp\/v2\/types\/post"}],"author":[{"embeddable":true,"href":"https:\/\/exaudi.org\/it\/wp-json\/wp\/v2\/users\/17"}],"replies":[{"embeddable":true,"href":"https:\/\/exaudi.org\/it\/wp-json\/wp\/v2\/comments?post=46431"}],"version-history":[{"count":0,"href":"https:\/\/exaudi.org\/it\/wp-json\/wp\/v2\/posts\/46431\/revisions"}],"wp:featuredmedia":[{"embeddable":true,"href":"https:\/\/exaudi.org\/it\/wp-json\/wp\/v2\/media\/46432"}],"wp:attachment":[{"href":"https:\/\/exaudi.org\/it\/wp-json\/wp\/v2\/media?parent=46431"}],"wp:term":[{"taxonomy":"category","embeddable":true,"href":"https:\/\/exaudi.org\/it\/wp-json\/wp\/v2\/categories?post=46431"},{"taxonomy":"post_tag","embeddable":true,"href":"https:\/\/exaudi.org\/it\/wp-json\/wp\/v2\/tags?post=46431"}],"curies":[{"name":"wp","href":"https:\/\/api.w.org\/{rel}","templated":true}]}}